{"id":10582,"date":"2021-04-25T14:00:24","date_gmt":"2021-04-25T14:00:24","guid":{"rendered":"https:\/\/www.africa-press.net\/burkina-faso\/?p=10582"},"modified":"2021-04-25T14:33:24","modified_gmt":"2021-04-25T14:33:24","slug":"burkina-faso-le-president-du-faso-a-lecoute-du-monde-rural-a-manga","status":"publish","type":"post","link":"https:\/\/www.africa-press.net\/burkina-faso\/politique\/burkina-faso-le-president-du-faso-a-lecoute-du-monde-rural-a-manga","title":{"rendered":"Le Pr\u00e9sident du Faso \u00e0 l\u2019\u00e9coute du monde rural \u00e0 Manga"},"content":{"rendered":"<p><span style=\"color: #ff6600\"><strong><a href=\"https:\/\/www.africa-press.net\/\">Africa-Press<\/a> &#8211; <a href=\"https:\/\/www.africa-press.net\/burkina-faso\">Burkina Faso<\/a>. <\/strong><\/span><b>A l\u2019occasion de la 22e \u00e9dition de la Journ\u00e9e Nationale du Paysan (JNP) tenue ce samedi 24 avril 2021 \u00e0 Manga, chef-lieu de la r\u00e9gion du Centre-sud, les acteurs du monde rural ont \u00e9chang\u00e9 avec le Pr\u00e9sident du Faso, Roch Kabor\u00e9.<\/b><\/p>\n<p>Tour \u00e0 tour, les repr\u00e9sentants des acteurs du monde rural des r\u00e9gions ont \u00e9grain\u00e9 un chapelet de dol\u00e9ances face au Pr\u00e9sident du Faso. Ainsi, chaque r\u00e9gion dans sa particularit\u00e9 a exhum\u00e9 les difficult\u00e9s rencontr\u00e9es et proposer des solutions pour le d\u00e9veloppement du monde rural.<\/p>\n<p>On peut retenir, entre autres, la s\u00e9curisation fonci\u00e8re, le besoin des \u00e9quipements pour la transformation des produits, d\u2019\u00e9coulement et le financement des activit\u00e9s des producteurs.<\/p>\n<p>En outre, le pr\u00e9sident du Faso, Roch Kabor\u00e9, a \u00e9cout\u00e9 les acteurs du monde rural avant de proposer des pistes de solutions. \u00ab Nous sommes conscients des difficult\u00e9s que vous avez pos\u00e9es \u00bb, a-t-il indiqu\u00e9.<\/p>\n<p>Concernant le financement des activit\u00e9s des acteurs du monde rural, le Pr\u00e9sident du Faso a fait savoir que le gouvernement continue de travailler avec des partenaires pour trouver des ressources afin de baisser le taux d\u2019int\u00e9r\u00eat au niveau de la banque agricole.<\/p>\n<p>En plus, il a soulign\u00e9 que le Burkina Faso travaille \u00e0 \u00e9lever les paysans en agro business men. Cependant, il propose de changer la d\u00e9nomination de la Journ\u00e9e Nationale du Paysan en journ\u00e9e nationale du producteur.<\/p>\n<p>\u00ab J\u2019aimerai qu\u2019au niveau du monde rural nous ayons une plus grande ambition. L\u2019ambition de montrer que le monde rural doit \u00eatre un domaine de rentabilit\u00e9 et de richesse pour les producteurs afin de contribuer au d\u00e9veloppement du pays. Si nous restons \u00e0 l\u2019esprit de petites op\u00e9rations agricoles, nous serons toujours au stade de la conception d\u2019un monde rural faible \u00bb, a d\u00e9clar\u00e9 Roch Kabor\u00e9.<\/p>\n<p>Egalement, il a annonc\u00e9 des projets de construction de route et de mise en place des magasins de stockages pour les diff\u00e9rentes productions des acteurs du monde rural.<\/p>\n<p>\u00ab Nous ferons tout ce qui est \u00e0 notre moyen pour poursuivre l\u2019accompagnement n\u00e9cessaire au d\u00e9veloppement de l\u2019agriculture, de l\u2019\u00e9levage et tous les autres secteurs du monde rural comme il se doit \u00bb, a-t-il laiss\u00e9 entendre. Par ailleurs, concernant l\u2019ouverture des fronti\u00e8res, le Pr\u00e9sident du Faso a expliqu\u00e9 qu\u2019un travail est en cours avec la commission de l\u2019UEMOA.<\/p>\n<p>En rappel, ka 22e \u00e9dition de la Journ\u00e9e Nationale du Paysan (JNP) s\u2019est tenue sous le th\u00e8me \u00ab Impact socio-\u00e9conomique des crises s\u00e9curitaire et sanitaire sur les secteurs productifs du monde rural : Quelles strat\u00e9gies de r\u00e9silience ? \u00bb.<\/p>\n<p><b>Jules C\u00e9sar KABORE<\/b><\/p>\n","protected":false},"excerpt":{"rendered":"<p>Africa-Press &#8211; Burkina Faso. A l\u2019occasion de la 22e \u00e9dition de la Journ\u00e9e Nationale du Paysan (JNP) tenue ce samedi 24 avril 2021 \u00e0 Manga, chef-lieu de la r\u00e9gion du Centre-sud, les acteurs du monde rural ont \u00e9chang\u00e9 avec le Pr\u00e9sident du Faso, Roch Kabor\u00e9. Tour \u00e0 tour, les repr\u00e9sentants des acteurs du monde rural [&hellip;]<\/p>\n","protected":false},"author":82,"featured_media":10581,"comment_status":"open","ping_status":"closed","sticky":false,"template":"","format":"standard","meta":{"footnotes":""},"categories":[11,2,10],"tags":[111,725,29],"class_list":["post-10582","post","type-post","status-publish","format-standard","has-post-thumbnail","hentry","category-homepage-french","category-politique","category-toutes-les-actualites","tag-africa-press","tag-africa-press-burkina-faso","tag-burkina-faso"],"yoast_head":"<!-- This site is optimized with the Yoast SEO Premium plugin v26.1 (Yoast SEO v27.0) - https:\/\/yoast.com\/product\/yoast-seo-premium-wordpress\/ -->\n<title>Le Pr\u00e9sident du Faso \u00e0 l\u2019\u00e9coute du monde rural \u00e0 Manga - Burkina Faso<\/title>\n<meta name=\"description\" content=\"A l\u2019occasion de la 22e \u00e9dition de la Journ\u00e9e Nationale du Paysan (JNP) tenue ce samedi 24 avril 2021 \u00e0 Manga, chef-li ...\" \/>\n<meta name=\"robots\" content=\"index, follow, max-snippet:-1, max-image-preview:large, max-video-preview:-1\" \/>\n<link rel=\"canonical\" href=\"https:\/\/www.africa-press.net\/burkina-faso\/politique\/burkina-faso-le-president-du-faso-a-lecoute-du-monde-rural-a-manga\" \/>\n<meta property=\"og:locale\" content=\"fr_FR\" \/>\n<meta property=\"og:type\" content=\"article\" \/>\n<meta property=\"og:title\" content=\"Le Pr\u00e9sident du Faso \u00e0 l\u2019\u00e9coute du monde rural \u00e0 Manga\" \/>\n<meta property=\"og:description\" content=\"A l\u2019occasion de la 22e \u00e9dition de la Journ\u00e9e Nationale du Paysan (JNP) tenue ce samedi 24 avril 2021 \u00e0 Manga, chef-li ...\" \/>\n<meta property=\"og:url\" content=\"https:\/\/www.africa-press.net\/burkina-faso\/politique\/burkina-faso-le-president-du-faso-a-lecoute-du-monde-rural-a-manga\" \/>\n<meta property=\"og:site_name\" content=\"Burkina Faso\" \/>\n<meta property=\"article:published_time\" content=\"2021-04-25T14:00:24+00:00\" \/>\n<meta property=\"article:modified_time\" content=\"2021-04-25T14:33:24+00:00\" \/>\n<meta property=\"og:image\" content=\"https:\/\/static.africa-press.net\/burkina\/sites\/42\/2021\/04\/img-6085688aeb399.jpg\" \/>\n\t<meta property=\"og:image:width\" content=\"720\" \/>\n\t<meta property=\"og:image:height\" content=\"480\" \/>\n\t<meta property=\"og:image:type\" content=\"image\/jpeg\" \/>\n<meta name=\"author\" content=\"cfeditorfr\" \/>\n<meta name=\"twitter:card\" content=\"summary_large_image\" \/>\n<meta name=\"twitter:label1\" content=\"\u00c9crit par\" \/>\n\t<meta name=\"twitter:data1\" content=\"cfeditorfr\" \/>\n\t<meta name=\"twitter:label2\" content=\"Dur\u00e9e de lecture estim\u00e9e\" \/>\n\t<meta name=\"twitter:data2\" content=\"2 minutes\" \/>\n<script type=\"application\/ld+json\" class=\"yoast-schema-graph\">{\"@context\":\"https:\/\/schema.org\",\"@graph\":[{\"@type\":\"Article\",\"@id\":\"https:\/\/www.africa-press.net\/burkina-faso\/politique\/burkina-faso-le-president-du-faso-a-lecoute-du-monde-rural-a-manga#article\",\"isPartOf\":{\"@id\":\"https:\/\/www.africa-press.net\/burkina-faso\/politique\/burkina-faso-le-president-du-faso-a-lecoute-du-monde-rural-a-manga\"},\"author\":{\"name\":\"cfeditorfr\",\"@id\":\"https:\/\/www.africa-press.net\/burkina-faso\/#\/schema\/person\/2b1cf3cd81a31e3cd26889ca66d677f1\"},\"headline\":\"Le Pr\u00e9sident du Faso \u00e0 l\u2019\u00e9coute du monde rural \u00e0 Manga\",\"datePublished\":\"2021-04-25T14:00:24+00:00\",\"dateModified\":\"2021-04-25T14:33:24+00:00\",\"mainEntityOfPage\":{\"@id\":\"https:\/\/www.africa-press.net\/burkina-faso\/politique\/burkina-faso-le-president-du-faso-a-lecoute-du-monde-rural-a-manga\"},\"wordCount\":468,\"commentCount\":0,\"image\":{\"@id\":\"https:\/\/www.africa-press.net\/burkina-faso\/politique\/burkina-faso-le-president-du-faso-a-lecoute-du-monde-rural-a-manga#primaryimage\"},\"thumbnailUrl\":\"https:\/\/static.africa-press.net\/burkina\/sites\/42\/2021\/04\/img-6085688aeb399.jpg\",\"keywords\":[\"Africa Press\",\"Africa Press-Burkina Faso\",\"Burkina Faso\"],\"articleSection\":[\"homepage-french\",\"Politique\",\"Toutes les actualit\u00e9s\"],\"inLanguage\":\"fr-FR\",\"potentialAction\":[{\"@type\":\"CommentAction\",\"name\":\"Comment\",\"target\":[\"https:\/\/www.africa-press.net\/burkina-faso\/politique\/burkina-faso-le-president-du-faso-a-lecoute-du-monde-rural-a-manga#respond\"]}]},{\"@type\":\"WebPage\",\"@id\":\"https:\/\/www.africa-press.net\/burkina-faso\/politique\/burkina-faso-le-president-du-faso-a-lecoute-du-monde-rural-a-manga\",\"url\":\"https:\/\/www.africa-press.net\/burkina-faso\/politique\/burkina-faso-le-president-du-faso-a-lecoute-du-monde-rural-a-manga\",\"name\":\"Le Pr\u00e9sident du Faso \u00e0 l\u2019\u00e9coute du monde rural \u00e0 Manga - Burkina Faso\",\"isPartOf\":{\"@id\":\"https:\/\/www.africa-press.net\/burkina-faso\/#website\"},\"primaryImageOfPage\":{\"@id\":\"https:\/\/www.africa-press.net\/burkina-faso\/politique\/burkina-faso-le-president-du-faso-a-lecoute-du-monde-rural-a-manga#primaryimage\"},\"image\":{\"@id\":\"https:\/\/www.africa-press.net\/burkina-faso\/politique\/burkina-faso-le-president-du-faso-a-lecoute-du-monde-rural-a-manga#primaryimage\"},\"thumbnailUrl\":\"https:\/\/static.africa-press.net\/burkina\/sites\/42\/2021\/04\/img-6085688aeb399.jpg\",\"datePublished\":\"2021-04-25T14:00:24+00:00\",\"dateModified\":\"2021-04-25T14:33:24+00:00\",\"author\":{\"@id\":\"https:\/\/www.africa-press.net\/burkina-faso\/#\/schema\/person\/2b1cf3cd81a31e3cd26889ca66d677f1\"},\"description\":\"A l\u2019occasion de la 22e \u00e9dition de la Journ\u00e9e Nationale du Paysan (JNP) tenue ce samedi 24 avril 2021 \u00e0 Manga, chef-li ...\",\"breadcrumb\":{\"@id\":\"https:\/\/www.africa-press.net\/burkina-faso\/politique\/burkina-faso-le-president-du-faso-a-lecoute-du-monde-rural-a-manga#breadcrumb\"},\"inLanguage\":\"fr-FR\",\"potentialAction\":[{\"@type\":\"ReadAction\",\"target\":[\"https:\/\/www.africa-press.net\/burkina-faso\/politique\/burkina-faso-le-president-du-faso-a-lecoute-du-monde-rural-a-manga\"]}]},{\"@type\":\"ImageObject\",\"inLanguage\":\"fr-FR\",\"@id\":\"https:\/\/www.africa-press.net\/burkina-faso\/politique\/burkina-faso-le-president-du-faso-a-lecoute-du-monde-rural-a-manga#primaryimage\",\"url\":\"https:\/\/static.africa-press.net\/burkina\/sites\/42\/2021\/04\/img-6085688aeb399.jpg\",\"contentUrl\":\"https:\/\/static.africa-press.net\/burkina\/sites\/42\/2021\/04\/img-6085688aeb399.jpg\",\"width\":720,\"height\":480,\"caption\":\"Burkina Faso\u00a0: Le Pr\u00e9sident du Faso \u00e0 l\u2019\u00e9coute du monde rural \u00e0 Manga\"},{\"@type\":\"BreadcrumbList\",\"@id\":\"https:\/\/www.africa-press.net\/burkina-faso\/politique\/burkina-faso-le-president-du-faso-a-lecoute-du-monde-rural-a-manga#breadcrumb\",\"itemListElement\":[{\"@type\":\"ListItem\",\"position\":1,\"name\":\"Accueil\",\"item\":\"https:\/\/www.africa-press.net\/burkina-faso\/\"},{\"@type\":\"ListItem\",\"position\":2,\"name\":\"Le Pr\u00e9sident du Faso \u00e0 l\u2019\u00e9coute du monde rural \u00e0 Manga\"}]},{\"@type\":\"WebSite\",\"@id\":\"https:\/\/www.africa-press.net\/burkina-faso\/#website\",\"url\":\"https:\/\/www.africa-press.net\/burkina-faso\/\",\"name\":\"Burkina Faso\",\"description\":\"Just another Africa News Agency Sites site\",\"potentialAction\":[{\"@type\":\"SearchAction\",\"target\":{\"@type\":\"EntryPoint\",\"urlTemplate\":\"https:\/\/www.africa-press.net\/burkina-faso\/?s={search_term_string}\"},\"query-input\":{\"@type\":\"PropertyValueSpecification\",\"valueRequired\":true,\"valueName\":\"search_term_string\"}}],\"inLanguage\":\"fr-FR\"},{\"@type\":\"Person\",\"@id\":\"https:\/\/www.africa-press.net\/burkina-faso\/#\/schema\/person\/2b1cf3cd81a31e3cd26889ca66d677f1\",\"name\":\"cfeditorfr\"}]}<\/script>\n<!-- \/ Yoast SEO Premium plugin. -->","yoast_head_json":{"title":"Le Pr\u00e9sident du Faso \u00e0 l\u2019\u00e9coute du monde rural \u00e0 Manga - Burkina Faso","description":"A l\u2019occasion de la 22e \u00e9dition de la Journ\u00e9e Nationale du Paysan (JNP) tenue ce samedi 24 avril 2021 \u00e0 Manga, chef-li ...","robots":{"index":"index","follow":"follow","max-snippet":"max-snippet:-1","max-image-preview":"max-image-preview:large","max-video-preview":"max-video-preview:-1"},"canonical":"https:\/\/www.africa-press.net\/burkina-faso\/politique\/burkina-faso-le-president-du-faso-a-lecoute-du-monde-rural-a-manga","og_locale":"fr_FR","og_type":"article","og_title":"Le Pr\u00e9sident du Faso \u00e0 l\u2019\u00e9coute du monde rural \u00e0 Manga","og_description":"A l\u2019occasion de la 22e \u00e9dition de la Journ\u00e9e Nationale du Paysan (JNP) tenue ce samedi 24 avril 2021 \u00e0 Manga, chef-li ...","og_url":"https:\/\/www.africa-press.net\/burkina-faso\/politique\/burkina-faso-le-president-du-faso-a-lecoute-du-monde-rural-a-manga","og_site_name":"Burkina Faso","article_published_time":"2021-04-25T14:00:24+00:00","article_modified_time":"2021-04-25T14:33:24+00:00","og_image":[{"width":720,"height":480,"url":"https:\/\/static.africa-press.net\/burkina\/sites\/42\/2021\/04\/img-6085688aeb399.jpg","type":"image\/jpeg"}],"author":"cfeditorfr","twitter_card":"summary_large_image","twitter_misc":{"\u00c9crit par":"cfeditorfr","Dur\u00e9e de lecture estim\u00e9e":"2 minutes"},"schema":{"@context":"https:\/\/schema.org","@graph":[{"@type":"Article","@id":"https:\/\/www.africa-press.net\/burkina-faso\/politique\/burkina-faso-le-president-du-faso-a-lecoute-du-monde-rural-a-manga#article","isPartOf":{"@id":"https:\/\/www.africa-press.net\/burkina-faso\/politique\/burkina-faso-le-president-du-faso-a-lecoute-du-monde-rural-a-manga"},"author":{"name":"cfeditorfr","@id":"https:\/\/www.africa-press.net\/burkina-faso\/#\/schema\/person\/2b1cf3cd81a31e3cd26889ca66d677f1"},"headline":"Le Pr\u00e9sident du Faso \u00e0 l\u2019\u00e9coute du monde rural \u00e0 Manga","datePublished":"2021-04-25T14:00:24+00:00","dateModified":"2021-04-25T14:33:24+00:00","mainEntityOfPage":{"@id":"https:\/\/www.africa-press.net\/burkina-faso\/politique\/burkina-faso-le-president-du-faso-a-lecoute-du-monde-rural-a-manga"},"wordCount":468,"commentCount":0,"image":{"@id":"https:\/\/www.africa-press.net\/burkina-faso\/politique\/burkina-faso-le-president-du-faso-a-lecoute-du-monde-rural-a-manga#primaryimage"},"thumbnailUrl":"https:\/\/static.africa-press.net\/burkina\/sites\/42\/2021\/04\/img-6085688aeb399.jpg","keywords":["Africa Press","Africa Press-Burkina Faso","Burkina Faso"],"articleSection":["homepage-french","Politique","Toutes les actualit\u00e9s"],"inLanguage":"fr-FR","potentialAction":[{"@type":"CommentAction","name":"Comment","target":["https:\/\/www.africa-press.net\/burkina-faso\/politique\/burkina-faso-le-president-du-faso-a-lecoute-du-monde-rural-a-manga#respond"]}]},{"@type":"WebPage","@id":"https:\/\/www.africa-press.net\/burkina-faso\/politique\/burkina-faso-le-president-du-faso-a-lecoute-du-monde-rural-a-manga","url":"https:\/\/www.africa-press.net\/burkina-faso\/politique\/burkina-faso-le-president-du-faso-a-lecoute-du-monde-rural-a-manga","name":"Le Pr\u00e9sident du Faso \u00e0 l\u2019\u00e9coute du monde rural \u00e0 Manga - Burkina Faso","isPartOf":{"@id":"https:\/\/www.africa-press.net\/burkina-faso\/#website"},"primaryImageOfPage":{"@id":"https:\/\/www.africa-press.net\/burkina-faso\/politique\/burkina-faso-le-president-du-faso-a-lecoute-du-monde-rural-a-manga#primaryimage"},"image":{"@id":"https:\/\/www.africa-press.net\/burkina-faso\/politique\/burkina-faso-le-president-du-faso-a-lecoute-du-monde-rural-a-manga#primaryimage"},"thumbnailUrl":"https:\/\/static.africa-press.net\/burkina\/sites\/42\/2021\/04\/img-6085688aeb399.jpg","datePublished":"2021-04-25T14:00:24+00:00","dateModified":"2021-04-25T14:33:24+00:00","author":{"@id":"https:\/\/www.africa-press.net\/burkina-faso\/#\/schema\/person\/2b1cf3cd81a31e3cd26889ca66d677f1"},"description":"A l\u2019occasion de la 22e \u00e9dition de la Journ\u00e9e Nationale du Paysan (JNP) tenue ce samedi 24 avril 2021 \u00e0 Manga, chef-li ...","breadcrumb":{"@id":"https:\/\/www.africa-press.net\/burkina-faso\/politique\/burkina-faso-le-president-du-faso-a-lecoute-du-monde-rural-a-manga#breadcrumb"},"inLanguage":"fr-FR","potentialAction":[{"@type":"ReadAction","target":["https:\/\/www.africa-press.net\/burkina-faso\/politique\/burkina-faso-le-president-du-faso-a-lecoute-du-monde-rural-a-manga"]}]},{"@type":"ImageObject","inLanguage":"fr-FR","@id":"https:\/\/www.africa-press.net\/burkina-faso\/politique\/burkina-faso-le-president-du-faso-a-lecoute-du-monde-rural-a-manga#primaryimage","url":"https:\/\/static.africa-press.net\/burkina\/sites\/42\/2021\/04\/img-6085688aeb399.jpg","contentUrl":"https:\/\/static.africa-press.net\/burkina\/sites\/42\/2021\/04\/img-6085688aeb399.jpg","width":720,"height":480,"caption":"Burkina Faso\u00a0: Le Pr\u00e9sident du Faso \u00e0 l\u2019\u00e9coute du monde rural \u00e0 Manga"},{"@type":"BreadcrumbList","@id":"https:\/\/www.africa-press.net\/burkina-faso\/politique\/burkina-faso-le-president-du-faso-a-lecoute-du-monde-rural-a-manga#breadcrumb","itemListElement":[{"@type":"ListItem","position":1,"name":"Accueil","item":"https:\/\/www.africa-press.net\/burkina-faso\/"},{"@type":"ListItem","position":2,"name":"Le Pr\u00e9sident du Faso \u00e0 l\u2019\u00e9coute du monde rural \u00e0 Manga"}]},{"@type":"WebSite","@id":"https:\/\/www.africa-press.net\/burkina-faso\/#website","url":"https:\/\/www.africa-press.net\/burkina-faso\/","name":"Burkina Faso","description":"Just another Africa News Agency Sites site","potentialAction":[{"@type":"SearchAction","target":{"@type":"EntryPoint","urlTemplate":"https:\/\/www.africa-press.net\/burkina-faso\/?s={search_term_string}"},"query-input":{"@type":"PropertyValueSpecification","valueRequired":true,"valueName":"search_term_string"}}],"inLanguage":"fr-FR"},{"@type":"Person","@id":"https:\/\/www.africa-press.net\/burkina-faso\/#\/schema\/person\/2b1cf3cd81a31e3cd26889ca66d677f1","name":"cfeditorfr"}]}},"_links":{"self":[{"href":"https:\/\/www.africa-press.net\/burkina-faso\/wp-json\/wp\/v2\/posts\/10582","targetHints":{"allow":["GET"]}}],"collection":[{"href":"https:\/\/www.africa-press.net\/burkina-faso\/wp-json\/wp\/v2\/posts"}],"about":[{"href":"https:\/\/www.africa-press.net\/burkina-faso\/wp-json\/wp\/v2\/types\/post"}],"author":[{"embeddable":true,"href":"https:\/\/www.africa-press.net\/burkina-faso\/wp-json\/wp\/v2\/users\/82"}],"replies":[{"embeddable":true,"href":"https:\/\/www.africa-press.net\/burkina-faso\/wp-json\/wp\/v2\/comments?post=10582"}],"version-history":[{"count":0,"href":"https:\/\/www.africa-press.net\/burkina-faso\/wp-json\/wp\/v2\/posts\/10582\/revisions"}],"wp:featuredmedia":[{"embeddable":true,"href":"https:\/\/www.africa-press.net\/burkina-faso\/wp-json\/wp\/v2\/media\/10581"}],"wp:attachment":[{"href":"https:\/\/www.africa-press.net\/burkina-faso\/wp-json\/wp\/v2\/media?parent=10582"}],"wp:term":[{"taxonomy":"category","embeddable":true,"href":"https:\/\/www.africa-press.net\/burkina-faso\/wp-json\/wp\/v2\/categories?post=10582"},{"taxonomy":"post_tag","embeddable":true,"href":"https:\/\/www.africa-press.net\/burkina-faso\/wp-json\/wp\/v2\/tags?post=10582"}],"curies":[{"name":"wp","href":"https:\/\/api.w.org\/{rel}","templated":true}]}}