{"id":10585,"date":"2021-04-25T14:10:16","date_gmt":"2021-04-25T14:10:16","guid":{"rendered":"https:\/\/www.africa-press.net\/burkina-faso\/?p=10585"},"modified":"2021-04-25T14:33:15","modified_gmt":"2021-04-25T14:33:15","slug":"burkina-faso-les-petites-et-moyennes-entreprises-du-btp-en-assemblee-generale-ordinaire","status":"publish","type":"post","link":"https:\/\/www.africa-press.net\/burkina-faso\/economie\/burkina-faso-les-petites-et-moyennes-entreprises-du-btp-en-assemblee-generale-ordinaire","title":{"rendered":"Les petites et moyennes entreprises du BTP en assembl\u00e9e g\u00e9n\u00e9rale ordinaire"},"content":{"rendered":"<p><span style=\"color: #ff6600\"><strong><a href=\"https:\/\/www.africa-press.net\/\">Africa-Press<\/a> &#8211; <a href=\"https:\/\/www.africa-press.net\/burkina-faso\">Burkina Faso<\/a>. <\/strong><\/span>Ce samedi 24 avril 2021 \u00e0 Ouagadougou, a eu lieu l\u2019assembl\u00e9e g\u00e9n\u00e9rale ordinaire de l\u2019association des petites et moyennes entreprises du b\u00e2timent et des travaux publics. Il s\u2019est agi essentiellement de faire le bilan du bureau sortant.<\/p>\n<p>Selon le pr\u00e9sident de l\u2019association des petites et moyennes entreprises du b\u00e2timent et des travaux publics, Ahmed Tour\u00e9, cette assembl\u00e9e g\u00e9n\u00e9rale doit leur permettre de faire le bilan de leur mandat.<\/p>\n<p>\u00ab C\u2019est une assembl\u00e9e g\u00e9n\u00e9rale ordinaire. Il faut convoquer les membres pour faire le bilan moral et financier. Il faut proc\u00e9der au renouvellement des membres du bureau et voir les perspectives. On fait d\u2019abord le point du mandat. Et on voit ensemble les perspectives avec le nouveau bureau \u00bb, a-t-il expliqu\u00e9.<\/p>\n<p>En ce qui concerne le bilan, le pr\u00e9sident a confi\u00e9 que leur bureau s\u2019est \u00e9vertu\u00e9 \u00e0 accroitre leur nombre, \u00e0 participer \u00e0 des commissions, \u00e0 effectuer des formations et des voyages d\u2019\u00e9tudes. \u00ab Nous \u00e9tions 80 quand nous prenions les r\u00eanes du syndicat. Aujourd\u2019hui nous sommes 204 membres. Nous avons particip\u00e9 \u00e0 beaucoup de commissions. Nous avons fait des formations, et aussi fait des voyages d\u2019\u00e9tudes. La commission principale, l\u2019une des commissions phares, c\u2019est celle que nous avions mise en place avec d\u2019autres structures par l\u2019accompagnement de la chambre de commerce, une faiti\u00e8re du b\u00e2timent et des travaux publics (BTP) \u00bb, a-t-il dit.<\/p>\n<p>Au cours de cette assembl\u00e9e g\u00e9n\u00e9rale, il y avait des repr\u00e9sentants de petites et moyennes entreprises du b\u00e2timent et des travaux publics, des chefs coutumiers, le repr\u00e9sentant du pr\u00e9sident du patronat et le repr\u00e9sentant du pr\u00e9sident de la chambre de commerce.<\/p>\n<p>Le repr\u00e9sentant du patronat burkinab\u00e8, Dramane Nignan, secr\u00e9taire en charge de la s\u00e9curit\u00e9, a salu\u00e9 cette assembl\u00e9e g\u00e9n\u00e9rale qu\u2019il qualifie de \u00ab courageuse \u00bb.<\/p>\n<p>Parce que, pour lui, le v\u00e9ritable probl\u00e8me qui emp\u00eache les bureaux de faire des bilans et des assembl\u00e9es g\u00e9n\u00e9rales pour passer la main, c\u2019est \u00ab la bonne gestion des finances \u00bb. A ce titre, il f\u00e9licite le bureau sortant pour avoir pu faire le point de leur gestion.<\/p>\n<p>Le repr\u00e9sentant du pr\u00e9sidant de la chambre de commerce a abond\u00e9 dans le m\u00eame sens en f\u00e9licitant le bureau sortant. Il a exhort\u00e9 les entreprises du BTP \u00e0 s\u2019unir pour faciliter l\u2019effectivit\u00e9 de la faiti\u00e8re du BTP. Car pour lui, \u00ab si le b\u00e2timent va (bien), tout va (bien)\u00bb. Hamadou DIALLO (stagiaire) Burkina24<\/p>\n","protected":false},"excerpt":{"rendered":"<p>Africa-Press &#8211; Burkina Faso. Ce samedi 24 avril 2021 \u00e0 Ouagadougou, a eu lieu l\u2019assembl\u00e9e g\u00e9n\u00e9rale ordinaire de l\u2019association des petites et moyennes entreprises du b\u00e2timent et des travaux publics. Il s\u2019est agi essentiellement de faire le bilan du bureau sortant. Selon le pr\u00e9sident de l\u2019association des petites et moyennes entreprises du b\u00e2timent et des [&hellip;]<\/p>\n","protected":false},"author":82,"featured_media":10584,"comment_status":"open","ping_status":"closed","sticky":false,"template":"","format":"standard","meta":{"footnotes":""},"categories":[3,11,10],"tags":[111,725,29],"class_list":["post-10585","post","type-post","status-publish","format-standard","has-post-thumbnail","hentry","category-economie","category-homepage-french","category-toutes-les-actualites","tag-africa-press","tag-africa-press-burkina-faso","tag-burkina-faso"],"yoast_head":"<!-- This site is optimized with the Yoast SEO Premium plugin v26.1 (Yoast SEO v27.0) - https:\/\/yoast.com\/product\/yoast-seo-premium-wordpress\/ -->\n<title>Les petites et moyennes entreprises du BTP en assembl\u00e9e g\u00e9n\u00e9rale ordinaire - Burkina Faso<\/title>\n<meta name=\"description\" content=\"Ce samedi 24 avril 2021 \u00e0 Ouagadougou, a eu lieu l\u2019assembl\u00e9e g\u00e9n\u00e9rale ordinaire de l\u2019association des petites et moyennes ...\" \/>\n<meta name=\"robots\" content=\"index, follow, max-snippet:-1, max-image-preview:large, max-video-preview:-1\" \/>\n<link rel=\"canonical\" href=\"https:\/\/www.africa-press.net\/burkina-faso\/economie\/burkina-faso-les-petites-et-moyennes-entreprises-du-btp-en-assemblee-generale-ordinaire\" \/>\n<meta property=\"og:locale\" content=\"fr_FR\" \/>\n<meta property=\"og:type\" content=\"article\" \/>\n<meta property=\"og:title\" content=\"Les petites et moyennes entreprises du BTP en assembl\u00e9e g\u00e9n\u00e9rale ordinaire\" \/>\n<meta property=\"og:description\" content=\"Ce samedi 24 avril 2021 \u00e0 Ouagadougou, a eu lieu l\u2019assembl\u00e9e g\u00e9n\u00e9rale ordinaire de l\u2019association des petites et moyennes ...\" \/>\n<meta property=\"og:url\" content=\"https:\/\/www.africa-press.net\/burkina-faso\/economie\/burkina-faso-les-petites-et-moyennes-entreprises-du-btp-en-assemblee-generale-ordinaire\" \/>\n<meta property=\"og:site_name\" content=\"Burkina Faso\" \/>\n<meta property=\"article:published_time\" content=\"2021-04-25T14:10:16+00:00\" \/>\n<meta property=\"article:modified_time\" content=\"2021-04-25T14:33:15+00:00\" \/>\n<meta property=\"og:image\" content=\"https:\/\/static.africa-press.net\/burkina\/sites\/42\/2021\/04\/img-608568be90496.jpg\" \/>\n\t<meta property=\"og:image:width\" content=\"720\" \/>\n\t<meta property=\"og:image:height\" content=\"509\" \/>\n\t<meta property=\"og:image:type\" content=\"image\/jpeg\" \/>\n<meta name=\"author\" content=\"cfeditorfr\" \/>\n<meta name=\"twitter:card\" content=\"summary_large_image\" \/>\n<meta name=\"twitter:label1\" content=\"\u00c9crit par\" \/>\n\t<meta name=\"twitter:data1\" content=\"cfeditorfr\" \/>\n\t<meta name=\"twitter:label2\" content=\"Dur\u00e9e de lecture estim\u00e9e\" \/>\n\t<meta name=\"twitter:data2\" content=\"2 minutes\" \/>\n<script type=\"application\/ld+json\" class=\"yoast-schema-graph\">{\"@context\":\"https:\/\/schema.org\",\"@graph\":[{\"@type\":\"Article\",\"@id\":\"https:\/\/www.africa-press.net\/burkina-faso\/economie\/burkina-faso-les-petites-et-moyennes-entreprises-du-btp-en-assemblee-generale-ordinaire#article\",\"isPartOf\":{\"@id\":\"https:\/\/www.africa-press.net\/burkina-faso\/economie\/burkina-faso-les-petites-et-moyennes-entreprises-du-btp-en-assemblee-generale-ordinaire\"},\"author\":{\"name\":\"cfeditorfr\",\"@id\":\"https:\/\/www.africa-press.net\/burkina-faso\/#\/schema\/person\/2b1cf3cd81a31e3cd26889ca66d677f1\"},\"headline\":\"Les petites et moyennes entreprises du BTP en assembl\u00e9e g\u00e9n\u00e9rale ordinaire\",\"datePublished\":\"2021-04-25T14:10:16+00:00\",\"dateModified\":\"2021-04-25T14:33:15+00:00\",\"mainEntityOfPage\":{\"@id\":\"https:\/\/www.africa-press.net\/burkina-faso\/economie\/burkina-faso-les-petites-et-moyennes-entreprises-du-btp-en-assemblee-generale-ordinaire\"},\"wordCount\":449,\"commentCount\":0,\"image\":{\"@id\":\"https:\/\/www.africa-press.net\/burkina-faso\/economie\/burkina-faso-les-petites-et-moyennes-entreprises-du-btp-en-assemblee-generale-ordinaire#primaryimage\"},\"thumbnailUrl\":\"https:\/\/static.africa-press.net\/burkina\/sites\/42\/2021\/04\/img-608568be90496.jpg\",\"keywords\":[\"Africa Press\",\"Africa Press-Burkina Faso\",\"Burkina Faso\"],\"articleSection\":[\"\u00c9conomie\",\"homepage-french\",\"Toutes les actualit\u00e9s\"],\"inLanguage\":\"fr-FR\",\"potentialAction\":[{\"@type\":\"CommentAction\",\"name\":\"Comment\",\"target\":[\"https:\/\/www.africa-press.net\/burkina-faso\/economie\/burkina-faso-les-petites-et-moyennes-entreprises-du-btp-en-assemblee-generale-ordinaire#respond\"]}]},{\"@type\":\"WebPage\",\"@id\":\"https:\/\/www.africa-press.net\/burkina-faso\/economie\/burkina-faso-les-petites-et-moyennes-entreprises-du-btp-en-assemblee-generale-ordinaire\",\"url\":\"https:\/\/www.africa-press.net\/burkina-faso\/economie\/burkina-faso-les-petites-et-moyennes-entreprises-du-btp-en-assemblee-generale-ordinaire\",\"name\":\"Les petites et moyennes entreprises du BTP en assembl\u00e9e g\u00e9n\u00e9rale ordinaire - Burkina Faso\",\"isPartOf\":{\"@id\":\"https:\/\/www.africa-press.net\/burkina-faso\/#website\"},\"primaryImageOfPage\":{\"@id\":\"https:\/\/www.africa-press.net\/burkina-faso\/economie\/burkina-faso-les-petites-et-moyennes-entreprises-du-btp-en-assemblee-generale-ordinaire#primaryimage\"},\"image\":{\"@id\":\"https:\/\/www.africa-press.net\/burkina-faso\/economie\/burkina-faso-les-petites-et-moyennes-entreprises-du-btp-en-assemblee-generale-ordinaire#primaryimage\"},\"thumbnailUrl\":\"https:\/\/static.africa-press.net\/burkina\/sites\/42\/2021\/04\/img-608568be90496.jpg\",\"datePublished\":\"2021-04-25T14:10:16+00:00\",\"dateModified\":\"2021-04-25T14:33:15+00:00\",\"author\":{\"@id\":\"https:\/\/www.africa-press.net\/burkina-faso\/#\/schema\/person\/2b1cf3cd81a31e3cd26889ca66d677f1\"},\"description\":\"Ce samedi 24 avril 2021 \u00e0 Ouagadougou, a eu lieu l\u2019assembl\u00e9e g\u00e9n\u00e9rale ordinaire de l\u2019association des petites et moyennes ...\",\"breadcrumb\":{\"@id\":\"https:\/\/www.africa-press.net\/burkina-faso\/economie\/burkina-faso-les-petites-et-moyennes-entreprises-du-btp-en-assemblee-generale-ordinaire#breadcrumb\"},\"inLanguage\":\"fr-FR\",\"potentialAction\":[{\"@type\":\"ReadAction\",\"target\":[\"https:\/\/www.africa-press.net\/burkina-faso\/economie\/burkina-faso-les-petites-et-moyennes-entreprises-du-btp-en-assemblee-generale-ordinaire\"]}]},{\"@type\":\"ImageObject\",\"inLanguage\":\"fr-FR\",\"@id\":\"https:\/\/www.africa-press.net\/burkina-faso\/economie\/burkina-faso-les-petites-et-moyennes-entreprises-du-btp-en-assemblee-generale-ordinaire#primaryimage\",\"url\":\"https:\/\/static.africa-press.net\/burkina\/sites\/42\/2021\/04\/img-608568be90496.jpg\",\"contentUrl\":\"https:\/\/static.africa-press.net\/burkina\/sites\/42\/2021\/04\/img-608568be90496.jpg\",\"width\":720,\"height\":509,\"caption\":\"Burkina Faso : Les petites et moyennes entreprises du BTP en assembl\u00e9e g\u00e9n\u00e9rale ordinaire\"},{\"@type\":\"BreadcrumbList\",\"@id\":\"https:\/\/www.africa-press.net\/burkina-faso\/economie\/burkina-faso-les-petites-et-moyennes-entreprises-du-btp-en-assemblee-generale-ordinaire#breadcrumb\",\"itemListElement\":[{\"@type\":\"ListItem\",\"position\":1,\"name\":\"Accueil\",\"item\":\"https:\/\/www.africa-press.net\/burkina-faso\/\"},{\"@type\":\"ListItem\",\"position\":2,\"name\":\"Les petites et moyennes entreprises du BTP en assembl\u00e9e g\u00e9n\u00e9rale ordinaire\"}]},{\"@type\":\"WebSite\",\"@id\":\"https:\/\/www.africa-press.net\/burkina-faso\/#website\",\"url\":\"https:\/\/www.africa-press.net\/burkina-faso\/\",\"name\":\"Burkina Faso\",\"description\":\"Just another Africa News Agency Sites site\",\"potentialAction\":[{\"@type\":\"SearchAction\",\"target\":{\"@type\":\"EntryPoint\",\"urlTemplate\":\"https:\/\/www.africa-press.net\/burkina-faso\/?s={search_term_string}\"},\"query-input\":{\"@type\":\"PropertyValueSpecification\",\"valueRequired\":true,\"valueName\":\"search_term_string\"}}],\"inLanguage\":\"fr-FR\"},{\"@type\":\"Person\",\"@id\":\"https:\/\/www.africa-press.net\/burkina-faso\/#\/schema\/person\/2b1cf3cd81a31e3cd26889ca66d677f1\",\"name\":\"cfeditorfr\"}]}<\/script>\n<!-- \/ Yoast SEO Premium plugin. -->","yoast_head_json":{"title":"Les petites et moyennes entreprises du BTP en assembl\u00e9e g\u00e9n\u00e9rale ordinaire - Burkina Faso","description":"Ce samedi 24 avril 2021 \u00e0 Ouagadougou, a eu lieu l\u2019assembl\u00e9e g\u00e9n\u00e9rale ordinaire de l\u2019association des petites et moyennes ...","robots":{"index":"index","follow":"follow","max-snippet":"max-snippet:-1","max-image-preview":"max-image-preview:large","max-video-preview":"max-video-preview:-1"},"canonical":"https:\/\/www.africa-press.net\/burkina-faso\/economie\/burkina-faso-les-petites-et-moyennes-entreprises-du-btp-en-assemblee-generale-ordinaire","og_locale":"fr_FR","og_type":"article","og_title":"Les petites et moyennes entreprises du BTP en assembl\u00e9e g\u00e9n\u00e9rale ordinaire","og_description":"Ce samedi 24 avril 2021 \u00e0 Ouagadougou, a eu lieu l\u2019assembl\u00e9e g\u00e9n\u00e9rale ordinaire de l\u2019association des petites et moyennes ...","og_url":"https:\/\/www.africa-press.net\/burkina-faso\/economie\/burkina-faso-les-petites-et-moyennes-entreprises-du-btp-en-assemblee-generale-ordinaire","og_site_name":"Burkina Faso","article_published_time":"2021-04-25T14:10:16+00:00","article_modified_time":"2021-04-25T14:33:15+00:00","og_image":[{"width":720,"height":509,"url":"https:\/\/static.africa-press.net\/burkina\/sites\/42\/2021\/04\/img-608568be90496.jpg","type":"image\/jpeg"}],"author":"cfeditorfr","twitter_card":"summary_large_image","twitter_misc":{"\u00c9crit par":"cfeditorfr","Dur\u00e9e de lecture estim\u00e9e":"2 minutes"},"schema":{"@context":"https:\/\/schema.org","@graph":[{"@type":"Article","@id":"https:\/\/www.africa-press.net\/burkina-faso\/economie\/burkina-faso-les-petites-et-moyennes-entreprises-du-btp-en-assemblee-generale-ordinaire#article","isPartOf":{"@id":"https:\/\/www.africa-press.net\/burkina-faso\/economie\/burkina-faso-les-petites-et-moyennes-entreprises-du-btp-en-assemblee-generale-ordinaire"},"author":{"name":"cfeditorfr","@id":"https:\/\/www.africa-press.net\/burkina-faso\/#\/schema\/person\/2b1cf3cd81a31e3cd26889ca66d677f1"},"headline":"Les petites et moyennes entreprises du BTP en assembl\u00e9e g\u00e9n\u00e9rale ordinaire","datePublished":"2021-04-25T14:10:16+00:00","dateModified":"2021-04-25T14:33:15+00:00","mainEntityOfPage":{"@id":"https:\/\/www.africa-press.net\/burkina-faso\/economie\/burkina-faso-les-petites-et-moyennes-entreprises-du-btp-en-assemblee-generale-ordinaire"},"wordCount":449,"commentCount":0,"image":{"@id":"https:\/\/www.africa-press.net\/burkina-faso\/economie\/burkina-faso-les-petites-et-moyennes-entreprises-du-btp-en-assemblee-generale-ordinaire#primaryimage"},"thumbnailUrl":"https:\/\/static.africa-press.net\/burkina\/sites\/42\/2021\/04\/img-608568be90496.jpg","keywords":["Africa Press","Africa Press-Burkina Faso","Burkina Faso"],"articleSection":["\u00c9conomie","homepage-french","Toutes les actualit\u00e9s"],"inLanguage":"fr-FR","potentialAction":[{"@type":"CommentAction","name":"Comment","target":["https:\/\/www.africa-press.net\/burkina-faso\/economie\/burkina-faso-les-petites-et-moyennes-entreprises-du-btp-en-assemblee-generale-ordinaire#respond"]}]},{"@type":"WebPage","@id":"https:\/\/www.africa-press.net\/burkina-faso\/economie\/burkina-faso-les-petites-et-moyennes-entreprises-du-btp-en-assemblee-generale-ordinaire","url":"https:\/\/www.africa-press.net\/burkina-faso\/economie\/burkina-faso-les-petites-et-moyennes-entreprises-du-btp-en-assemblee-generale-ordinaire","name":"Les petites et moyennes entreprises du BTP en assembl\u00e9e g\u00e9n\u00e9rale ordinaire - Burkina Faso","isPartOf":{"@id":"https:\/\/www.africa-press.net\/burkina-faso\/#website"},"primaryImageOfPage":{"@id":"https:\/\/www.africa-press.net\/burkina-faso\/economie\/burkina-faso-les-petites-et-moyennes-entreprises-du-btp-en-assemblee-generale-ordinaire#primaryimage"},"image":{"@id":"https:\/\/www.africa-press.net\/burkina-faso\/economie\/burkina-faso-les-petites-et-moyennes-entreprises-du-btp-en-assemblee-generale-ordinaire#primaryimage"},"thumbnailUrl":"https:\/\/static.africa-press.net\/burkina\/sites\/42\/2021\/04\/img-608568be90496.jpg","datePublished":"2021-04-25T14:10:16+00:00","dateModified":"2021-04-25T14:33:15+00:00","author":{"@id":"https:\/\/www.africa-press.net\/burkina-faso\/#\/schema\/person\/2b1cf3cd81a31e3cd26889ca66d677f1"},"description":"Ce samedi 24 avril 2021 \u00e0 Ouagadougou, a eu lieu l\u2019assembl\u00e9e g\u00e9n\u00e9rale ordinaire de l\u2019association des petites et moyennes ...","breadcrumb":{"@id":"https:\/\/www.africa-press.net\/burkina-faso\/economie\/burkina-faso-les-petites-et-moyennes-entreprises-du-btp-en-assemblee-generale-ordinaire#breadcrumb"},"inLanguage":"fr-FR","potentialAction":[{"@type":"ReadAction","target":["https:\/\/www.africa-press.net\/burkina-faso\/economie\/burkina-faso-les-petites-et-moyennes-entreprises-du-btp-en-assemblee-generale-ordinaire"]}]},{"@type":"ImageObject","inLanguage":"fr-FR","@id":"https:\/\/www.africa-press.net\/burkina-faso\/economie\/burkina-faso-les-petites-et-moyennes-entreprises-du-btp-en-assemblee-generale-ordinaire#primaryimage","url":"https:\/\/static.africa-press.net\/burkina\/sites\/42\/2021\/04\/img-608568be90496.jpg","contentUrl":"https:\/\/static.africa-press.net\/burkina\/sites\/42\/2021\/04\/img-608568be90496.jpg","width":720,"height":509,"caption":"Burkina Faso : Les petites et moyennes entreprises du BTP en assembl\u00e9e g\u00e9n\u00e9rale ordinaire"},{"@type":"BreadcrumbList","@id":"https:\/\/www.africa-press.net\/burkina-faso\/economie\/burkina-faso-les-petites-et-moyennes-entreprises-du-btp-en-assemblee-generale-ordinaire#breadcrumb","itemListElement":[{"@type":"ListItem","position":1,"name":"Accueil","item":"https:\/\/www.africa-press.net\/burkina-faso\/"},{"@type":"ListItem","position":2,"name":"Les petites et moyennes entreprises du BTP en assembl\u00e9e g\u00e9n\u00e9rale ordinaire"}]},{"@type":"WebSite","@id":"https:\/\/www.africa-press.net\/burkina-faso\/#website","url":"https:\/\/www.africa-press.net\/burkina-faso\/","name":"Burkina Faso","description":"Just another Africa News Agency Sites site","potentialAction":[{"@type":"SearchAction","target":{"@type":"EntryPoint","urlTemplate":"https:\/\/www.africa-press.net\/burkina-faso\/?s={search_term_string}"},"query-input":{"@type":"PropertyValueSpecification","valueRequired":true,"valueName":"search_term_string"}}],"inLanguage":"fr-FR"},{"@type":"Person","@id":"https:\/\/www.africa-press.net\/burkina-faso\/#\/schema\/person\/2b1cf3cd81a31e3cd26889ca66d677f1","name":"cfeditorfr"}]}},"_links":{"self":[{"href":"https:\/\/www.africa-press.net\/burkina-faso\/wp-json\/wp\/v2\/posts\/10585","targetHints":{"allow":["GET"]}}],"collection":[{"href":"https:\/\/www.africa-press.net\/burkina-faso\/wp-json\/wp\/v2\/posts"}],"about":[{"href":"https:\/\/www.africa-press.net\/burkina-faso\/wp-json\/wp\/v2\/types\/post"}],"author":[{"embeddable":true,"href":"https:\/\/www.africa-press.net\/burkina-faso\/wp-json\/wp\/v2\/users\/82"}],"replies":[{"embeddable":true,"href":"https:\/\/www.africa-press.net\/burkina-faso\/wp-json\/wp\/v2\/comments?post=10585"}],"version-history":[{"count":0,"href":"https:\/\/www.africa-press.net\/burkina-faso\/wp-json\/wp\/v2\/posts\/10585\/revisions"}],"wp:featuredmedia":[{"embeddable":true,"href":"https:\/\/www.africa-press.net\/burkina-faso\/wp-json\/wp\/v2\/media\/10584"}],"wp:attachment":[{"href":"https:\/\/www.africa-press.net\/burkina-faso\/wp-json\/wp\/v2\/media?parent=10585"}],"wp:term":[{"taxonomy":"category","embeddable":true,"href":"https:\/\/www.africa-press.net\/burkina-faso\/wp-json\/wp\/v2\/categories?post=10585"},{"taxonomy":"post_tag","embeddable":true,"href":"https:\/\/www.africa-press.net\/burkina-faso\/wp-json\/wp\/v2\/tags?post=10585"}],"curies":[{"name":"wp","href":"https:\/\/api.w.org\/{rel}","templated":true}]}}