{"id":10588,"date":"2021-04-25T14:18:07","date_gmt":"2021-04-25T14:18:07","guid":{"rendered":"https:\/\/www.africa-press.net\/burkina-faso\/?p=10588"},"modified":"2021-04-25T14:33:05","modified_gmt":"2021-04-25T14:33:05","slug":"paludisme-au-burkina-faso-le-vaccin-r21-presente-des-resultats-tres-prometteurs-ministre","status":"publish","type":"post","link":"https:\/\/www.africa-press.net\/burkina-faso\/toutes-les-actualites\/paludisme-au-burkina-faso-le-vaccin-r21-presente-des-resultats-tres-prometteurs-ministre","title":{"rendered":"Paludisme au Burkina Faso : Le vaccin R21 pr\u00e9sente des \u201cr\u00e9sultats tr\u00e8s prometteurs\u201d (ministre)"},"content":{"rendered":"<p><span style=\"color: #ff6600\"><strong><a href=\"https:\/\/www.africa-press.net\/\">Africa-Press<\/a> &#8211; <a href=\"https:\/\/www.africa-press.net\/burkina-faso\">Burkina Faso<\/a>. <\/strong><\/span>Au moment o\u00f9 le monde comm\u00e9more, ce 25 avril, la journ\u00e9e mondiale de lutte contre le paludisme, de bonnes nouvelles sont annonc\u00e9es du c\u00f4t\u00e9 de la recherche scientifique burkinab\u00e8 sur un vaccin contre la maladie.<\/p>\n<p>Les regards sont tourn\u00e9es vers les chercheurs burkinab\u00e8. Des scientifiques de l\u2019Unit\u00e9 de Recherche Clinique de Nanoro, relevant de l\u2019Institut de Recherche en Sciences de la Sant\u00e9, travaillant avec l\u2019Universit\u00e9 d\u2019Oxford au Royaume Uni, ont en effet publi\u00e9 de r\u00e9cents \u201cr\u00e9sultats tr\u00e8s prometteurs\u201d sur un vaccin candidat contre le paludisme, selon le ministre de la sant\u00e9 Pr Charlemagne Ou\u00e9draogo.<\/p>\n<p>Le R21, le nom du vaccin, pourrait \u00eatre le rem\u00e8de pr\u00e9ventif contre cette maladie mortelle au Burkina Faso. \u201cCes r\u00e9sultats indiquent que ce vaccin a une efficacit\u00e9 de plus de 77% sur une ann\u00e9e avec un bon profil de s\u00e9curit\u00e9 chez les enfants de 5 \u00e0 17 mois. L\u2019objectif de l\u2019OMS de proposer aux populations des zones d\u2019end\u00e9mie palustre un vaccin qui puisse les prot\u00e9ger \u00e0 plus de 75% \u00e0 l\u2019horizon 2030 vient d\u2019\u00eatre atteint pour la premi\u00e8re fois\u201c, indique en effet le ministre de la sant\u00e9.<\/p>\n<p>Le vaccin est actuellement en phase d\u2019essai clinique \u00e0 Nanoro. \u201cLa poursuite des essais cliniques en phase 3 de ce vaccin est attendue tr\u00e8s prochainement dans les semaines \u00e0 venir \u00e0 Nanoro et Dand\u00e9 ainsi que dans trois autres pays africains que sont le Mali, le Kenya et la Tanzanie\u201d, pr\u00e9cise Pr Charlemagne Ou\u00e9draogo.<\/p>\n<p>Le ministre fonde du reste l\u2019espoir que le vaccin contre le paludisme viendra du Burkina pour sauver le reste du monde de cette maladie, qui a fait pour la seule ann\u00e9e 2020, pr\u00e8s 4 000 morts au Burkina Faso. \u201cNous restons convaincus que la solution contre le paludisme viendra du Burkina Faso pour sauver le monde des effets n\u00e9fastes du paludisme\u201d, a-t-il \u00e9crit.<\/p>\n<p>En attendant de trouver le vaccin, le ministre de la sant\u00e9 a exhort\u00e9 les populations \u00e0 continuer \u00e0 dormir sous des moustiquaires impr\u00e9gn\u00e9es pour se prot\u00e9ger des moustiques.<\/p>\n","protected":false},"excerpt":{"rendered":"<p>Africa-Press &#8211; Burkina Faso. Au moment o\u00f9 le monde comm\u00e9more, ce 25 avril, la journ\u00e9e mondiale de lutte contre le paludisme, de bonnes nouvelles sont annonc\u00e9es du c\u00f4t\u00e9 de la recherche scientifique burkinab\u00e8 sur un vaccin contre la maladie. Les regards sont tourn\u00e9es vers les chercheurs burkinab\u00e8. Des scientifiques de l\u2019Unit\u00e9 de Recherche Clinique de [&hellip;]<\/p>\n","protected":false},"author":82,"featured_media":10587,"comment_status":"open","ping_status":"closed","sticky":false,"template":"","format":"standard","meta":{"footnotes":""},"categories":[21,11,10],"tags":[111,725,29],"class_list":["post-10588","post","type-post","status-publish","format-standard","has-post-thumbnail","hentry","category-communaute","category-homepage-french","category-toutes-les-actualites","tag-africa-press","tag-africa-press-burkina-faso","tag-burkina-faso"],"yoast_head":"<!-- This site is optimized with the Yoast SEO Premium plugin v26.1 (Yoast SEO v27.0) - https:\/\/yoast.com\/product\/yoast-seo-premium-wordpress\/ -->\n<title>Paludisme au Burkina Faso : Le vaccin R21 pr\u00e9sente des \u201cr\u00e9sultats tr\u00e8s prometteurs\u201d (ministre) - Burkina Faso<\/title>\n<meta name=\"description\" content=\"Au moment o\u00f9 le monde comm\u00e9more, ce 25 avril, la journ\u00e9e mondiale de lutte contre le paludisme, de bonnes nouvelles sont ...\" \/>\n<meta name=\"robots\" content=\"index, follow, max-snippet:-1, max-image-preview:large, max-video-preview:-1\" \/>\n<link rel=\"canonical\" href=\"https:\/\/www.africa-press.net\/burkina-faso\/toutes-les-actualites\/paludisme-au-burkina-faso-le-vaccin-r21-presente-des-resultats-tres-prometteurs-ministre\" \/>\n<meta property=\"og:locale\" content=\"fr_FR\" \/>\n<meta property=\"og:type\" content=\"article\" \/>\n<meta property=\"og:title\" content=\"Paludisme au Burkina Faso : Le vaccin R21 pr\u00e9sente des \u201cr\u00e9sultats tr\u00e8s prometteurs\u201d (ministre)\" \/>\n<meta property=\"og:description\" content=\"Au moment o\u00f9 le monde comm\u00e9more, ce 25 avril, la journ\u00e9e mondiale de lutte contre le paludisme, de bonnes nouvelles sont ...\" \/>\n<meta property=\"og:url\" content=\"https:\/\/www.africa-press.net\/burkina-faso\/toutes-les-actualites\/paludisme-au-burkina-faso-le-vaccin-r21-presente-des-resultats-tres-prometteurs-ministre\" \/>\n<meta property=\"og:site_name\" content=\"Burkina Faso\" \/>\n<meta property=\"article:published_time\" content=\"2021-04-25T14:18:07+00:00\" \/>\n<meta property=\"article:modified_time\" content=\"2021-04-25T14:33:05+00:00\" \/>\n<meta property=\"og:image\" content=\"https:\/\/static.africa-press.net\/burkina\/sites\/42\/2021\/04\/img-608568f0c96b3.jpg\" \/>\n\t<meta property=\"og:image:width\" content=\"1024\" \/>\n\t<meta property=\"og:image:height\" content=\"697\" \/>\n\t<meta property=\"og:image:type\" content=\"image\/jpeg\" \/>\n<meta name=\"author\" content=\"cfeditorfr\" \/>\n<meta name=\"twitter:card\" content=\"summary_large_image\" \/>\n<meta name=\"twitter:label1\" content=\"\u00c9crit par\" \/>\n\t<meta name=\"twitter:data1\" content=\"cfeditorfr\" \/>\n\t<meta name=\"twitter:label2\" content=\"Dur\u00e9e de lecture estim\u00e9e\" \/>\n\t<meta name=\"twitter:data2\" content=\"2 minutes\" \/>\n<script type=\"application\/ld+json\" class=\"yoast-schema-graph\">{\"@context\":\"https:\/\/schema.org\",\"@graph\":[{\"@type\":\"Article\",\"@id\":\"https:\/\/www.africa-press.net\/burkina-faso\/toutes-les-actualites\/paludisme-au-burkina-faso-le-vaccin-r21-presente-des-resultats-tres-prometteurs-ministre#article\",\"isPartOf\":{\"@id\":\"https:\/\/www.africa-press.net\/burkina-faso\/toutes-les-actualites\/paludisme-au-burkina-faso-le-vaccin-r21-presente-des-resultats-tres-prometteurs-ministre\"},\"author\":{\"name\":\"cfeditorfr\",\"@id\":\"https:\/\/www.africa-press.net\/burkina-faso\/#\/schema\/person\/2b1cf3cd81a31e3cd26889ca66d677f1\"},\"headline\":\"Paludisme au Burkina Faso : Le vaccin R21 pr\u00e9sente des \u201cr\u00e9sultats tr\u00e8s prometteurs\u201d (ministre)\",\"datePublished\":\"2021-04-25T14:18:07+00:00\",\"dateModified\":\"2021-04-25T14:33:05+00:00\",\"mainEntityOfPage\":{\"@id\":\"https:\/\/www.africa-press.net\/burkina-faso\/toutes-les-actualites\/paludisme-au-burkina-faso-le-vaccin-r21-presente-des-resultats-tres-prometteurs-ministre\"},\"wordCount\":365,\"commentCount\":0,\"image\":{\"@id\":\"https:\/\/www.africa-press.net\/burkina-faso\/toutes-les-actualites\/paludisme-au-burkina-faso-le-vaccin-r21-presente-des-resultats-tres-prometteurs-ministre#primaryimage\"},\"thumbnailUrl\":\"https:\/\/static.africa-press.net\/burkina\/sites\/42\/2021\/04\/img-608568f0c96b3.jpg\",\"keywords\":[\"Africa Press\",\"Africa Press-Burkina Faso\",\"Burkina Faso\"],\"articleSection\":[\"Communaut\u00e9\",\"homepage-french\",\"Toutes les actualit\u00e9s\"],\"inLanguage\":\"fr-FR\",\"potentialAction\":[{\"@type\":\"CommentAction\",\"name\":\"Comment\",\"target\":[\"https:\/\/www.africa-press.net\/burkina-faso\/toutes-les-actualites\/paludisme-au-burkina-faso-le-vaccin-r21-presente-des-resultats-tres-prometteurs-ministre#respond\"]}]},{\"@type\":\"WebPage\",\"@id\":\"https:\/\/www.africa-press.net\/burkina-faso\/toutes-les-actualites\/paludisme-au-burkina-faso-le-vaccin-r21-presente-des-resultats-tres-prometteurs-ministre\",\"url\":\"https:\/\/www.africa-press.net\/burkina-faso\/toutes-les-actualites\/paludisme-au-burkina-faso-le-vaccin-r21-presente-des-resultats-tres-prometteurs-ministre\",\"name\":\"Paludisme au Burkina Faso : Le vaccin R21 pr\u00e9sente des \u201cr\u00e9sultats tr\u00e8s prometteurs\u201d (ministre) - Burkina Faso\",\"isPartOf\":{\"@id\":\"https:\/\/www.africa-press.net\/burkina-faso\/#website\"},\"primaryImageOfPage\":{\"@id\":\"https:\/\/www.africa-press.net\/burkina-faso\/toutes-les-actualites\/paludisme-au-burkina-faso-le-vaccin-r21-presente-des-resultats-tres-prometteurs-ministre#primaryimage\"},\"image\":{\"@id\":\"https:\/\/www.africa-press.net\/burkina-faso\/toutes-les-actualites\/paludisme-au-burkina-faso-le-vaccin-r21-presente-des-resultats-tres-prometteurs-ministre#primaryimage\"},\"thumbnailUrl\":\"https:\/\/static.africa-press.net\/burkina\/sites\/42\/2021\/04\/img-608568f0c96b3.jpg\",\"datePublished\":\"2021-04-25T14:18:07+00:00\",\"dateModified\":\"2021-04-25T14:33:05+00:00\",\"author\":{\"@id\":\"https:\/\/www.africa-press.net\/burkina-faso\/#\/schema\/person\/2b1cf3cd81a31e3cd26889ca66d677f1\"},\"description\":\"Au moment o\u00f9 le monde comm\u00e9more, ce 25 avril, la journ\u00e9e mondiale de lutte contre le paludisme, de bonnes nouvelles sont ...\",\"breadcrumb\":{\"@id\":\"https:\/\/www.africa-press.net\/burkina-faso\/toutes-les-actualites\/paludisme-au-burkina-faso-le-vaccin-r21-presente-des-resultats-tres-prometteurs-ministre#breadcrumb\"},\"inLanguage\":\"fr-FR\",\"potentialAction\":[{\"@type\":\"ReadAction\",\"target\":[\"https:\/\/www.africa-press.net\/burkina-faso\/toutes-les-actualites\/paludisme-au-burkina-faso-le-vaccin-r21-presente-des-resultats-tres-prometteurs-ministre\"]}]},{\"@type\":\"ImageObject\",\"inLanguage\":\"fr-FR\",\"@id\":\"https:\/\/www.africa-press.net\/burkina-faso\/toutes-les-actualites\/paludisme-au-burkina-faso-le-vaccin-r21-presente-des-resultats-tres-prometteurs-ministre#primaryimage\",\"url\":\"https:\/\/static.africa-press.net\/burkina\/sites\/42\/2021\/04\/img-608568f0c96b3.jpg\",\"contentUrl\":\"https:\/\/static.africa-press.net\/burkina\/sites\/42\/2021\/04\/img-608568f0c96b3.jpg\",\"width\":1024,\"height\":697,\"caption\":\"Paludisme au Burkina Faso : Le vaccin R21 pr\u00e9sente des \u201cr\u00e9sultats tr\u00e8s prometteurs\u201d (ministre)\"},{\"@type\":\"BreadcrumbList\",\"@id\":\"https:\/\/www.africa-press.net\/burkina-faso\/toutes-les-actualites\/paludisme-au-burkina-faso-le-vaccin-r21-presente-des-resultats-tres-prometteurs-ministre#breadcrumb\",\"itemListElement\":[{\"@type\":\"ListItem\",\"position\":1,\"name\":\"Accueil\",\"item\":\"https:\/\/www.africa-press.net\/burkina-faso\/\"},{\"@type\":\"ListItem\",\"position\":2,\"name\":\"Paludisme au Burkina Faso : Le vaccin R21 pr\u00e9sente des \u201cr\u00e9sultats tr\u00e8s prometteurs\u201d (ministre)\"}]},{\"@type\":\"WebSite\",\"@id\":\"https:\/\/www.africa-press.net\/burkina-faso\/#website\",\"url\":\"https:\/\/www.africa-press.net\/burkina-faso\/\",\"name\":\"Burkina Faso\",\"description\":\"Just another Africa News Agency Sites site\",\"potentialAction\":[{\"@type\":\"SearchAction\",\"target\":{\"@type\":\"EntryPoint\",\"urlTemplate\":\"https:\/\/www.africa-press.net\/burkina-faso\/?s={search_term_string}\"},\"query-input\":{\"@type\":\"PropertyValueSpecification\",\"valueRequired\":true,\"valueName\":\"search_term_string\"}}],\"inLanguage\":\"fr-FR\"},{\"@type\":\"Person\",\"@id\":\"https:\/\/www.africa-press.net\/burkina-faso\/#\/schema\/person\/2b1cf3cd81a31e3cd26889ca66d677f1\",\"name\":\"cfeditorfr\"}]}<\/script>\n<!-- \/ Yoast SEO Premium plugin. -->","yoast_head_json":{"title":"Paludisme au Burkina Faso : Le vaccin R21 pr\u00e9sente des \u201cr\u00e9sultats tr\u00e8s prometteurs\u201d (ministre) - Burkina Faso","description":"Au moment o\u00f9 le monde comm\u00e9more, ce 25 avril, la journ\u00e9e mondiale de lutte contre le paludisme, de bonnes nouvelles sont ...","robots":{"index":"index","follow":"follow","max-snippet":"max-snippet:-1","max-image-preview":"max-image-preview:large","max-video-preview":"max-video-preview:-1"},"canonical":"https:\/\/www.africa-press.net\/burkina-faso\/toutes-les-actualites\/paludisme-au-burkina-faso-le-vaccin-r21-presente-des-resultats-tres-prometteurs-ministre","og_locale":"fr_FR","og_type":"article","og_title":"Paludisme au Burkina Faso : Le vaccin R21 pr\u00e9sente des \u201cr\u00e9sultats tr\u00e8s prometteurs\u201d (ministre)","og_description":"Au moment o\u00f9 le monde comm\u00e9more, ce 25 avril, la journ\u00e9e mondiale de lutte contre le paludisme, de bonnes nouvelles sont ...","og_url":"https:\/\/www.africa-press.net\/burkina-faso\/toutes-les-actualites\/paludisme-au-burkina-faso-le-vaccin-r21-presente-des-resultats-tres-prometteurs-ministre","og_site_name":"Burkina Faso","article_published_time":"2021-04-25T14:18:07+00:00","article_modified_time":"2021-04-25T14:33:05+00:00","og_image":[{"width":1024,"height":697,"url":"https:\/\/static.africa-press.net\/burkina\/sites\/42\/2021\/04\/img-608568f0c96b3.jpg","type":"image\/jpeg"}],"author":"cfeditorfr","twitter_card":"summary_large_image","twitter_misc":{"\u00c9crit par":"cfeditorfr","Dur\u00e9e de lecture estim\u00e9e":"2 minutes"},"schema":{"@context":"https:\/\/schema.org","@graph":[{"@type":"Article","@id":"https:\/\/www.africa-press.net\/burkina-faso\/toutes-les-actualites\/paludisme-au-burkina-faso-le-vaccin-r21-presente-des-resultats-tres-prometteurs-ministre#article","isPartOf":{"@id":"https:\/\/www.africa-press.net\/burkina-faso\/toutes-les-actualites\/paludisme-au-burkina-faso-le-vaccin-r21-presente-des-resultats-tres-prometteurs-ministre"},"author":{"name":"cfeditorfr","@id":"https:\/\/www.africa-press.net\/burkina-faso\/#\/schema\/person\/2b1cf3cd81a31e3cd26889ca66d677f1"},"headline":"Paludisme au Burkina Faso : Le vaccin R21 pr\u00e9sente des \u201cr\u00e9sultats tr\u00e8s prometteurs\u201d (ministre)","datePublished":"2021-04-25T14:18:07+00:00","dateModified":"2021-04-25T14:33:05+00:00","mainEntityOfPage":{"@id":"https:\/\/www.africa-press.net\/burkina-faso\/toutes-les-actualites\/paludisme-au-burkina-faso-le-vaccin-r21-presente-des-resultats-tres-prometteurs-ministre"},"wordCount":365,"commentCount":0,"image":{"@id":"https:\/\/www.africa-press.net\/burkina-faso\/toutes-les-actualites\/paludisme-au-burkina-faso-le-vaccin-r21-presente-des-resultats-tres-prometteurs-ministre#primaryimage"},"thumbnailUrl":"https:\/\/static.africa-press.net\/burkina\/sites\/42\/2021\/04\/img-608568f0c96b3.jpg","keywords":["Africa Press","Africa Press-Burkina Faso","Burkina Faso"],"articleSection":["Communaut\u00e9","homepage-french","Toutes les actualit\u00e9s"],"inLanguage":"fr-FR","potentialAction":[{"@type":"CommentAction","name":"Comment","target":["https:\/\/www.africa-press.net\/burkina-faso\/toutes-les-actualites\/paludisme-au-burkina-faso-le-vaccin-r21-presente-des-resultats-tres-prometteurs-ministre#respond"]}]},{"@type":"WebPage","@id":"https:\/\/www.africa-press.net\/burkina-faso\/toutes-les-actualites\/paludisme-au-burkina-faso-le-vaccin-r21-presente-des-resultats-tres-prometteurs-ministre","url":"https:\/\/www.africa-press.net\/burkina-faso\/toutes-les-actualites\/paludisme-au-burkina-faso-le-vaccin-r21-presente-des-resultats-tres-prometteurs-ministre","name":"Paludisme au Burkina Faso : Le vaccin R21 pr\u00e9sente des \u201cr\u00e9sultats tr\u00e8s prometteurs\u201d (ministre) - Burkina Faso","isPartOf":{"@id":"https:\/\/www.africa-press.net\/burkina-faso\/#website"},"primaryImageOfPage":{"@id":"https:\/\/www.africa-press.net\/burkina-faso\/toutes-les-actualites\/paludisme-au-burkina-faso-le-vaccin-r21-presente-des-resultats-tres-prometteurs-ministre#primaryimage"},"image":{"@id":"https:\/\/www.africa-press.net\/burkina-faso\/toutes-les-actualites\/paludisme-au-burkina-faso-le-vaccin-r21-presente-des-resultats-tres-prometteurs-ministre#primaryimage"},"thumbnailUrl":"https:\/\/static.africa-press.net\/burkina\/sites\/42\/2021\/04\/img-608568f0c96b3.jpg","datePublished":"2021-04-25T14:18:07+00:00","dateModified":"2021-04-25T14:33:05+00:00","author":{"@id":"https:\/\/www.africa-press.net\/burkina-faso\/#\/schema\/person\/2b1cf3cd81a31e3cd26889ca66d677f1"},"description":"Au moment o\u00f9 le monde comm\u00e9more, ce 25 avril, la journ\u00e9e mondiale de lutte contre le paludisme, de bonnes nouvelles sont ...","breadcrumb":{"@id":"https:\/\/www.africa-press.net\/burkina-faso\/toutes-les-actualites\/paludisme-au-burkina-faso-le-vaccin-r21-presente-des-resultats-tres-prometteurs-ministre#breadcrumb"},"inLanguage":"fr-FR","potentialAction":[{"@type":"ReadAction","target":["https:\/\/www.africa-press.net\/burkina-faso\/toutes-les-actualites\/paludisme-au-burkina-faso-le-vaccin-r21-presente-des-resultats-tres-prometteurs-ministre"]}]},{"@type":"ImageObject","inLanguage":"fr-FR","@id":"https:\/\/www.africa-press.net\/burkina-faso\/toutes-les-actualites\/paludisme-au-burkina-faso-le-vaccin-r21-presente-des-resultats-tres-prometteurs-ministre#primaryimage","url":"https:\/\/static.africa-press.net\/burkina\/sites\/42\/2021\/04\/img-608568f0c96b3.jpg","contentUrl":"https:\/\/static.africa-press.net\/burkina\/sites\/42\/2021\/04\/img-608568f0c96b3.jpg","width":1024,"height":697,"caption":"Paludisme au Burkina Faso : Le vaccin R21 pr\u00e9sente des \u201cr\u00e9sultats tr\u00e8s prometteurs\u201d (ministre)"},{"@type":"BreadcrumbList","@id":"https:\/\/www.africa-press.net\/burkina-faso\/toutes-les-actualites\/paludisme-au-burkina-faso-le-vaccin-r21-presente-des-resultats-tres-prometteurs-ministre#breadcrumb","itemListElement":[{"@type":"ListItem","position":1,"name":"Accueil","item":"https:\/\/www.africa-press.net\/burkina-faso\/"},{"@type":"ListItem","position":2,"name":"Paludisme au Burkina Faso : Le vaccin R21 pr\u00e9sente des \u201cr\u00e9sultats tr\u00e8s prometteurs\u201d (ministre)"}]},{"@type":"WebSite","@id":"https:\/\/www.africa-press.net\/burkina-faso\/#website","url":"https:\/\/www.africa-press.net\/burkina-faso\/","name":"Burkina Faso","description":"Just another Africa News Agency Sites site","potentialAction":[{"@type":"SearchAction","target":{"@type":"EntryPoint","urlTemplate":"https:\/\/www.africa-press.net\/burkina-faso\/?s={search_term_string}"},"query-input":{"@type":"PropertyValueSpecification","valueRequired":true,"valueName":"search_term_string"}}],"inLanguage":"fr-FR"},{"@type":"Person","@id":"https:\/\/www.africa-press.net\/burkina-faso\/#\/schema\/person\/2b1cf3cd81a31e3cd26889ca66d677f1","name":"cfeditorfr"}]}},"_links":{"self":[{"href":"https:\/\/www.africa-press.net\/burkina-faso\/wp-json\/wp\/v2\/posts\/10588","targetHints":{"allow":["GET"]}}],"collection":[{"href":"https:\/\/www.africa-press.net\/burkina-faso\/wp-json\/wp\/v2\/posts"}],"about":[{"href":"https:\/\/www.africa-press.net\/burkina-faso\/wp-json\/wp\/v2\/types\/post"}],"author":[{"embeddable":true,"href":"https:\/\/www.africa-press.net\/burkina-faso\/wp-json\/wp\/v2\/users\/82"}],"replies":[{"embeddable":true,"href":"https:\/\/www.africa-press.net\/burkina-faso\/wp-json\/wp\/v2\/comments?post=10588"}],"version-history":[{"count":0,"href":"https:\/\/www.africa-press.net\/burkina-faso\/wp-json\/wp\/v2\/posts\/10588\/revisions"}],"wp:featuredmedia":[{"embeddable":true,"href":"https:\/\/www.africa-press.net\/burkina-faso\/wp-json\/wp\/v2\/media\/10587"}],"wp:attachment":[{"href":"https:\/\/www.africa-press.net\/burkina-faso\/wp-json\/wp\/v2\/media?parent=10588"}],"wp:term":[{"taxonomy":"category","embeddable":true,"href":"https:\/\/www.africa-press.net\/burkina-faso\/wp-json\/wp\/v2\/categories?post=10588"},{"taxonomy":"post_tag","embeddable":true,"href":"https:\/\/www.africa-press.net\/burkina-faso\/wp-json\/wp\/v2\/tags?post=10588"}],"curies":[{"name":"wp","href":"https:\/\/api.w.org\/{rel}","templated":true}]}}