{"id":105947,"date":"2025-02-13T18:22:43","date_gmt":"2025-02-13T18:22:43","guid":{"rendered":"https:\/\/www.africa-press.net\/burkina-faso\/politique\/plus-de-63-millions-mobilises-par-des-burkinabe-de-lexterieur-au-profit-du-fonds-de-soutien-patriotique"},"modified":"2025-02-13T18:22:43","modified_gmt":"2025-02-13T18:22:43","slug":"plus-de-63-millions-mobilises-par-des-burkinabe-de-lexterieur-au-profit-du-fonds-de-soutien-patriotique","status":"publish","type":"post","link":"https:\/\/www.africa-press.net\/burkina-faso\/toutes-les-actualites\/plus-de-63-millions-mobilises-par-des-burkinabe-de-lexterieur-au-profit-du-fonds-de-soutien-patriotique","title":{"rendered":"plus de 63 millions mobilis\u00e9s par des Burkinab\u00e8 de l\u2019ext\u00e9rieur au profit du Fonds de soutien patriotique"},"content":{"rendered":"<p><span style=\"color: #ff6600\"><strong>Africa-Press &#8211; Burkina Faso. <\/strong><\/span>Le chef de la diplomatie burkinabe\u0300, Karamoko Jean Marie Traore a pre\u0301side\u0301 dans la soire\u0301e du 11 fe\u0301vrier 2025, une ce\u0301re\u0301monie de remise de don au profit du Fonds de soutien patriotique d&rsquo;une valeur de 63 319 600 FCFA.<\/p>\n<p>Ce geste e\u0301mane de la diaspora burkinabe\u0300 en la Chine avec 15 106 600 FCFA, de la diaspora burkinabe\u0300 au Togo avec 44 128 000 FCFA, et la diaspora burkinabe\u0300 a\u0300 New Jersey (USA) avec des vivres au profit des personnes de\u0301place\u0301es internes d\u2019une valeur de 4 0 85 000 FCFA. Les responsables des trois de\u0301le\u0301gations de la diaspora, disent tous e\u0302tre admiratifs du courage et de l\u2019engagement du chef de l\u2019Etat et de son gouvernement a\u0300 offrir aux Burkinabe\u0300 et au Burkina Faso une inde\u0301pendance re\u0301elle.<\/p>\n<p>Au-dela\u0300 du geste du jour, ils ont promis de continuer cet e\u0301lan de solidarite\u0301 aux co\u0302te\u0301s des autorite\u0301s pour restaurer l\u2019inte\u0301gralite\u0301 du territoire burkinabe\u0300. Le ministre en charge des Burkinabe\u0300 de l\u2019exte\u0301rieur, remerciant les donateurs au nom de du capitaine Ibrahim Traore et des membres du gouvernement, a salue\u0301 l\u2019engagement et le soutien re\u0301gulier de la diaspora.<\/p>\n<p>Il a demande\u0301 aux de\u0301le\u0301gations de transmettre la gratitude des plus hautes autorite\u0301s burkinabe\u0300 aux compatriotes qui ont consenti cet effort, et leur passer l\u2019information selon laquelle gra\u0302ce a\u0300 leurs efforts multiples, la lutte contre le terrorisme produit des re\u0301sultats re\u0301confortants sur le terrain.<\/p>\n<p>Karamoko Jean Marie Traore a aussi rassure\u0301 les compatriotes que le Gouvernement est non seulement engage\u0301 sur le terrain du combat contre l&rsquo;ennemi mais aussi sur d&rsquo;autres chantiers de de\u0301veloppement notamment l&rsquo;agriculture, les infrastructures et l&rsquo;industrialisation.<\/p>\n<p><strong>Pour plus d&rsquo;informations et d&rsquo;analyses sur la <span style=\"color: #ff6600\">Burkina Faso<\/span>, suivez <span style=\"color: #ff6600\">Africa-Press<span style=\"color: #ff6600\"><\/span><\/strong><\/p>\n","protected":false},"excerpt":{"rendered":"<p>Africa-Press &#8211; Burkina Faso. Le chef de la diplomatie burkinabe\u0300, Karamoko Jean Marie Traore a pre\u0301side\u0301 dans la soire\u0301e du 11 fe\u0301vrier 2025, une ce\u0301re\u0301monie de remise de don au profit du Fonds de soutien patriotique d&rsquo;une valeur de 63 319 600 FCFA. Ce geste e\u0301mane de la diaspora burkinabe\u0300 en la Chine avec 15 [&hellip;]<\/p>\n","protected":false},"author":82,"featured_media":105946,"comment_status":"open","ping_status":"closed","sticky":false,"template":"","format":"standard","meta":{"footnotes":""},"categories":[21,10],"tags":[29],"class_list":["post-105947","post","type-post","status-publish","format-standard","has-post-thumbnail","hentry","category-communaute","category-toutes-les-actualites","tag-burkina-faso"],"yoast_head":"<!-- This site is optimized with the Yoast SEO Premium plugin v26.1 (Yoast SEO v27.0) - https:\/\/yoast.com\/product\/yoast-seo-premium-wordpress\/ -->\n<title>plus de 63 millions mobilis\u00e9s par des Burkinab\u00e8 de l\u2019ext\u00e9rieur au profit du Fonds de soutien patriotique - Burkina Faso<\/title>\n<meta name=\"robots\" content=\"index, follow, max-snippet:-1, max-image-preview:large, max-video-preview:-1\" \/>\n<link rel=\"canonical\" href=\"https:\/\/www.africa-press.net\/burkina-faso\/politique\/plus-de-63-millions-mobilises-par-des-burkinabe-de-lexterieur-au-profit-du-fonds-de-soutien-patriotique\" \/>\n<meta property=\"og:locale\" content=\"fr_FR\" \/>\n<meta property=\"og:type\" content=\"article\" \/>\n<meta property=\"og:title\" content=\"plus de 63 millions mobilis\u00e9s par des Burkinab\u00e8 de l\u2019ext\u00e9rieur au profit du Fonds de soutien patriotique\" \/>\n<meta property=\"og:description\" content=\"Africa-Press &#8211; Burkina Faso. Le chef de la diplomatie burkinabe\u0300, Karamoko Jean Marie Traore a pre\u0301side\u0301 dans la soire\u0301e du 11 fe\u0301vrier 2025, une ce\u0301re\u0301monie de remise de don au profit du Fonds de soutien patriotique d&rsquo;une valeur de 63 319 600 FCFA. Ce geste e\u0301mane de la diaspora burkinabe\u0300 en la Chine avec 15 [&hellip;]\" \/>\n<meta property=\"og:url\" content=\"https:\/\/www.africa-press.net\/burkina-faso\/politique\/plus-de-63-millions-mobilises-par-des-burkinabe-de-lexterieur-au-profit-du-fonds-de-soutien-patriotique\" \/>\n<meta property=\"og:site_name\" content=\"Burkina Faso\" \/>\n<meta property=\"article:published_time\" content=\"2025-02-13T18:22:43+00:00\" \/>\n<meta name=\"author\" content=\"cfeditorfr\" \/>\n<meta name=\"twitter:card\" content=\"summary_large_image\" \/>\n<meta name=\"twitter:label1\" content=\"\u00c9crit par\" \/>\n\t<meta name=\"twitter:data1\" content=\"cfeditorfr\" \/>\n\t<meta name=\"twitter:label2\" content=\"Dur\u00e9e de lecture estim\u00e9e\" \/>\n\t<meta name=\"twitter:data2\" content=\"1 minute\" \/>\n<script type=\"application\/ld+json\" class=\"yoast-schema-graph\">{\"@context\":\"https:\/\/schema.org\",\"@graph\":[{\"@type\":\"Article\",\"@id\":\"https:\/\/www.africa-press.net\/burkina-faso\/politique\/plus-de-63-millions-mobilises-par-des-burkinabe-de-lexterieur-au-profit-du-fonds-de-soutien-patriotique#article\",\"isPartOf\":{\"@id\":\"https:\/\/www.africa-press.net\/burkina-faso\/politique\/plus-de-63-millions-mobilises-par-des-burkinabe-de-lexterieur-au-profit-du-fonds-de-soutien-patriotique\"},\"author\":{\"name\":\"cfeditorfr\",\"@id\":\"https:\/\/www.africa-press.net\/burkina-faso\/#\/schema\/person\/2b1cf3cd81a31e3cd26889ca66d677f1\"},\"headline\":\"plus de 63 millions mobilis\u00e9s par des Burkinab\u00e8 de l\u2019ext\u00e9rieur au profit du Fonds de soutien patriotique\",\"datePublished\":\"2025-02-13T18:22:43+00:00\",\"mainEntityOfPage\":{\"@id\":\"https:\/\/www.africa-press.net\/burkina-faso\/politique\/plus-de-63-millions-mobilises-par-des-burkinabe-de-lexterieur-au-profit-du-fonds-de-soutien-patriotique\"},\"wordCount\":323,\"commentCount\":0,\"image\":{\"@id\":\"https:\/\/www.africa-press.net\/burkina-faso\/politique\/plus-de-63-millions-mobilises-par-des-burkinabe-de-lexterieur-au-profit-du-fonds-de-soutien-patriotique#primaryimage\"},\"thumbnailUrl\":\"https:\/\/static.africa-press.net\/burkina\/sites\/42\/2025\/02\/sm_1739459490.004055.jpg\",\"keywords\":[\"Burkina Faso\"],\"articleSection\":[\"Communaut\u00e9\",\"Toutes les actualit\u00e9s\"],\"inLanguage\":\"fr-FR\",\"potentialAction\":[{\"@type\":\"CommentAction\",\"name\":\"Comment\",\"target\":[\"https:\/\/www.africa-press.net\/burkina-faso\/politique\/plus-de-63-millions-mobilises-par-des-burkinabe-de-lexterieur-au-profit-du-fonds-de-soutien-patriotique#respond\"]}]},{\"@type\":\"WebPage\",\"@id\":\"https:\/\/www.africa-press.net\/burkina-faso\/politique\/plus-de-63-millions-mobilises-par-des-burkinabe-de-lexterieur-au-profit-du-fonds-de-soutien-patriotique\",\"url\":\"https:\/\/www.africa-press.net\/burkina-faso\/politique\/plus-de-63-millions-mobilises-par-des-burkinabe-de-lexterieur-au-profit-du-fonds-de-soutien-patriotique\",\"name\":\"plus de 63 millions mobilis\u00e9s par des Burkinab\u00e8 de l\u2019ext\u00e9rieur au profit du Fonds de soutien patriotique - Burkina Faso\",\"isPartOf\":{\"@id\":\"https:\/\/www.africa-press.net\/burkina-faso\/#website\"},\"primaryImageOfPage\":{\"@id\":\"https:\/\/www.africa-press.net\/burkina-faso\/politique\/plus-de-63-millions-mobilises-par-des-burkinabe-de-lexterieur-au-profit-du-fonds-de-soutien-patriotique#primaryimage\"},\"image\":{\"@id\":\"https:\/\/www.africa-press.net\/burkina-faso\/politique\/plus-de-63-millions-mobilises-par-des-burkinabe-de-lexterieur-au-profit-du-fonds-de-soutien-patriotique#primaryimage\"},\"thumbnailUrl\":\"https:\/\/static.africa-press.net\/burkina\/sites\/42\/2025\/02\/sm_1739459490.004055.jpg\",\"datePublished\":\"2025-02-13T18:22:43+00:00\",\"author\":{\"@id\":\"https:\/\/www.africa-press.net\/burkina-faso\/#\/schema\/person\/2b1cf3cd81a31e3cd26889ca66d677f1\"},\"breadcrumb\":{\"@id\":\"https:\/\/www.africa-press.net\/burkina-faso\/politique\/plus-de-63-millions-mobilises-par-des-burkinabe-de-lexterieur-au-profit-du-fonds-de-soutien-patriotique#breadcrumb\"},\"inLanguage\":\"fr-FR\",\"potentialAction\":[{\"@type\":\"ReadAction\",\"target\":[\"https:\/\/www.africa-press.net\/burkina-faso\/politique\/plus-de-63-millions-mobilises-par-des-burkinabe-de-lexterieur-au-profit-du-fonds-de-soutien-patriotique\"]}]},{\"@type\":\"ImageObject\",\"inLanguage\":\"fr-FR\",\"@id\":\"https:\/\/www.africa-press.net\/burkina-faso\/politique\/plus-de-63-millions-mobilises-par-des-burkinabe-de-lexterieur-au-profit-du-fonds-de-soutien-patriotique#primaryimage\",\"url\":\"https:\/\/static.africa-press.net\/burkina\/sites\/42\/2025\/02\/sm_1739459490.004055.jpg\",\"contentUrl\":\"https:\/\/static.africa-press.net\/burkina\/sites\/42\/2025\/02\/sm_1739459490.004055.jpg\",\"width\":1728,\"height\":1179,\"caption\":\"plus de 63 millions mobilis\u00e9s par des Burkinab\u00e8 de l\u2019ext\u00e9rieur au profit du Fonds de soutien patriotique\"},{\"@type\":\"BreadcrumbList\",\"@id\":\"https:\/\/www.africa-press.net\/burkina-faso\/politique\/plus-de-63-millions-mobilises-par-des-burkinabe-de-lexterieur-au-profit-du-fonds-de-soutien-patriotique#breadcrumb\",\"itemListElement\":[{\"@type\":\"ListItem\",\"position\":1,\"name\":\"Accueil\",\"item\":\"https:\/\/www.africa-press.net\/burkina-faso\/\"},{\"@type\":\"ListItem\",\"position\":2,\"name\":\"plus de 63 millions mobilis\u00e9s par des Burkinab\u00e8 de l\u2019ext\u00e9rieur au profit du Fonds de soutien patriotique\"}]},{\"@type\":\"WebSite\",\"@id\":\"https:\/\/www.africa-press.net\/burkina-faso\/#website\",\"url\":\"https:\/\/www.africa-press.net\/burkina-faso\/\",\"name\":\"Burkina Faso\",\"description\":\"Just another Africa News Agency Sites site\",\"potentialAction\":[{\"@type\":\"SearchAction\",\"target\":{\"@type\":\"EntryPoint\",\"urlTemplate\":\"https:\/\/www.africa-press.net\/burkina-faso\/?s={search_term_string}\"},\"query-input\":{\"@type\":\"PropertyValueSpecification\",\"valueRequired\":true,\"valueName\":\"search_term_string\"}}],\"inLanguage\":\"fr-FR\"},{\"@type\":\"Person\",\"@id\":\"https:\/\/www.africa-press.net\/burkina-faso\/#\/schema\/person\/2b1cf3cd81a31e3cd26889ca66d677f1\",\"name\":\"cfeditorfr\"}]}<\/script>\n<!-- \/ Yoast SEO Premium plugin. -->","yoast_head_json":{"title":"plus de 63 millions mobilis\u00e9s par des Burkinab\u00e8 de l\u2019ext\u00e9rieur au profit du Fonds de soutien patriotique - Burkina Faso","robots":{"index":"index","follow":"follow","max-snippet":"max-snippet:-1","max-image-preview":"max-image-preview:large","max-video-preview":"max-video-preview:-1"},"canonical":"https:\/\/www.africa-press.net\/burkina-faso\/politique\/plus-de-63-millions-mobilises-par-des-burkinabe-de-lexterieur-au-profit-du-fonds-de-soutien-patriotique","og_locale":"fr_FR","og_type":"article","og_title":"plus de 63 millions mobilis\u00e9s par des Burkinab\u00e8 de l\u2019ext\u00e9rieur au profit du Fonds de soutien patriotique","og_description":"Africa-Press &#8211; Burkina Faso. Le chef de la diplomatie burkinabe\u0300, Karamoko Jean Marie Traore a pre\u0301side\u0301 dans la soire\u0301e du 11 fe\u0301vrier 2025, une ce\u0301re\u0301monie de remise de don au profit du Fonds de soutien patriotique d&rsquo;une valeur de 63 319 600 FCFA. Ce geste e\u0301mane de la diaspora burkinabe\u0300 en la Chine avec 15 [&hellip;]","og_url":"https:\/\/www.africa-press.net\/burkina-faso\/politique\/plus-de-63-millions-mobilises-par-des-burkinabe-de-lexterieur-au-profit-du-fonds-de-soutien-patriotique","og_site_name":"Burkina Faso","article_published_time":"2025-02-13T18:22:43+00:00","author":"cfeditorfr","twitter_card":"summary_large_image","twitter_misc":{"\u00c9crit par":"cfeditorfr","Dur\u00e9e de lecture estim\u00e9e":"1 minute"},"schema":{"@context":"https:\/\/schema.org","@graph":[{"@type":"Article","@id":"https:\/\/www.africa-press.net\/burkina-faso\/politique\/plus-de-63-millions-mobilises-par-des-burkinabe-de-lexterieur-au-profit-du-fonds-de-soutien-patriotique#article","isPartOf":{"@id":"https:\/\/www.africa-press.net\/burkina-faso\/politique\/plus-de-63-millions-mobilises-par-des-burkinabe-de-lexterieur-au-profit-du-fonds-de-soutien-patriotique"},"author":{"name":"cfeditorfr","@id":"https:\/\/www.africa-press.net\/burkina-faso\/#\/schema\/person\/2b1cf3cd81a31e3cd26889ca66d677f1"},"headline":"plus de 63 millions mobilis\u00e9s par des Burkinab\u00e8 de l\u2019ext\u00e9rieur au profit du Fonds de soutien patriotique","datePublished":"2025-02-13T18:22:43+00:00","mainEntityOfPage":{"@id":"https:\/\/www.africa-press.net\/burkina-faso\/politique\/plus-de-63-millions-mobilises-par-des-burkinabe-de-lexterieur-au-profit-du-fonds-de-soutien-patriotique"},"wordCount":323,"commentCount":0,"image":{"@id":"https:\/\/www.africa-press.net\/burkina-faso\/politique\/plus-de-63-millions-mobilises-par-des-burkinabe-de-lexterieur-au-profit-du-fonds-de-soutien-patriotique#primaryimage"},"thumbnailUrl":"https:\/\/static.africa-press.net\/burkina\/sites\/42\/2025\/02\/sm_1739459490.004055.jpg","keywords":["Burkina Faso"],"articleSection":["Communaut\u00e9","Toutes les actualit\u00e9s"],"inLanguage":"fr-FR","potentialAction":[{"@type":"CommentAction","name":"Comment","target":["https:\/\/www.africa-press.net\/burkina-faso\/politique\/plus-de-63-millions-mobilises-par-des-burkinabe-de-lexterieur-au-profit-du-fonds-de-soutien-patriotique#respond"]}]},{"@type":"WebPage","@id":"https:\/\/www.africa-press.net\/burkina-faso\/politique\/plus-de-63-millions-mobilises-par-des-burkinabe-de-lexterieur-au-profit-du-fonds-de-soutien-patriotique","url":"https:\/\/www.africa-press.net\/burkina-faso\/politique\/plus-de-63-millions-mobilises-par-des-burkinabe-de-lexterieur-au-profit-du-fonds-de-soutien-patriotique","name":"plus de 63 millions mobilis\u00e9s par des Burkinab\u00e8 de l\u2019ext\u00e9rieur au profit du Fonds de soutien patriotique - Burkina Faso","isPartOf":{"@id":"https:\/\/www.africa-press.net\/burkina-faso\/#website"},"primaryImageOfPage":{"@id":"https:\/\/www.africa-press.net\/burkina-faso\/politique\/plus-de-63-millions-mobilises-par-des-burkinabe-de-lexterieur-au-profit-du-fonds-de-soutien-patriotique#primaryimage"},"image":{"@id":"https:\/\/www.africa-press.net\/burkina-faso\/politique\/plus-de-63-millions-mobilises-par-des-burkinabe-de-lexterieur-au-profit-du-fonds-de-soutien-patriotique#primaryimage"},"thumbnailUrl":"https:\/\/static.africa-press.net\/burkina\/sites\/42\/2025\/02\/sm_1739459490.004055.jpg","datePublished":"2025-02-13T18:22:43+00:00","author":{"@id":"https:\/\/www.africa-press.net\/burkina-faso\/#\/schema\/person\/2b1cf3cd81a31e3cd26889ca66d677f1"},"breadcrumb":{"@id":"https:\/\/www.africa-press.net\/burkina-faso\/politique\/plus-de-63-millions-mobilises-par-des-burkinabe-de-lexterieur-au-profit-du-fonds-de-soutien-patriotique#breadcrumb"},"inLanguage":"fr-FR","potentialAction":[{"@type":"ReadAction","target":["https:\/\/www.africa-press.net\/burkina-faso\/politique\/plus-de-63-millions-mobilises-par-des-burkinabe-de-lexterieur-au-profit-du-fonds-de-soutien-patriotique"]}]},{"@type":"ImageObject","inLanguage":"fr-FR","@id":"https:\/\/www.africa-press.net\/burkina-faso\/politique\/plus-de-63-millions-mobilises-par-des-burkinabe-de-lexterieur-au-profit-du-fonds-de-soutien-patriotique#primaryimage","url":"https:\/\/static.africa-press.net\/burkina\/sites\/42\/2025\/02\/sm_1739459490.004055.jpg","contentUrl":"https:\/\/static.africa-press.net\/burkina\/sites\/42\/2025\/02\/sm_1739459490.004055.jpg","width":1728,"height":1179,"caption":"plus de 63 millions mobilis\u00e9s par des Burkinab\u00e8 de l\u2019ext\u00e9rieur au profit du Fonds de soutien patriotique"},{"@type":"BreadcrumbList","@id":"https:\/\/www.africa-press.net\/burkina-faso\/politique\/plus-de-63-millions-mobilises-par-des-burkinabe-de-lexterieur-au-profit-du-fonds-de-soutien-patriotique#breadcrumb","itemListElement":[{"@type":"ListItem","position":1,"name":"Accueil","item":"https:\/\/www.africa-press.net\/burkina-faso\/"},{"@type":"ListItem","position":2,"name":"plus de 63 millions mobilis\u00e9s par des Burkinab\u00e8 de l\u2019ext\u00e9rieur au profit du Fonds de soutien patriotique"}]},{"@type":"WebSite","@id":"https:\/\/www.africa-press.net\/burkina-faso\/#website","url":"https:\/\/www.africa-press.net\/burkina-faso\/","name":"Burkina Faso","description":"Just another Africa News Agency Sites site","potentialAction":[{"@type":"SearchAction","target":{"@type":"EntryPoint","urlTemplate":"https:\/\/www.africa-press.net\/burkina-faso\/?s={search_term_string}"},"query-input":{"@type":"PropertyValueSpecification","valueRequired":true,"valueName":"search_term_string"}}],"inLanguage":"fr-FR"},{"@type":"Person","@id":"https:\/\/www.africa-press.net\/burkina-faso\/#\/schema\/person\/2b1cf3cd81a31e3cd26889ca66d677f1","name":"cfeditorfr"}]}},"_links":{"self":[{"href":"https:\/\/www.africa-press.net\/burkina-faso\/wp-json\/wp\/v2\/posts\/105947","targetHints":{"allow":["GET"]}}],"collection":[{"href":"https:\/\/www.africa-press.net\/burkina-faso\/wp-json\/wp\/v2\/posts"}],"about":[{"href":"https:\/\/www.africa-press.net\/burkina-faso\/wp-json\/wp\/v2\/types\/post"}],"author":[{"embeddable":true,"href":"https:\/\/www.africa-press.net\/burkina-faso\/wp-json\/wp\/v2\/users\/82"}],"replies":[{"embeddable":true,"href":"https:\/\/www.africa-press.net\/burkina-faso\/wp-json\/wp\/v2\/comments?post=105947"}],"version-history":[{"count":0,"href":"https:\/\/www.africa-press.net\/burkina-faso\/wp-json\/wp\/v2\/posts\/105947\/revisions"}],"wp:featuredmedia":[{"embeddable":true,"href":"https:\/\/www.africa-press.net\/burkina-faso\/wp-json\/wp\/v2\/media\/105946"}],"wp:attachment":[{"href":"https:\/\/www.africa-press.net\/burkina-faso\/wp-json\/wp\/v2\/media?parent=105947"}],"wp:term":[{"taxonomy":"category","embeddable":true,"href":"https:\/\/www.africa-press.net\/burkina-faso\/wp-json\/wp\/v2\/categories?post=105947"},{"taxonomy":"post_tag","embeddable":true,"href":"https:\/\/www.africa-press.net\/burkina-faso\/wp-json\/wp\/v2\/tags?post=105947"}],"curies":[{"name":"wp","href":"https:\/\/api.w.org\/{rel}","templated":true}]}}