{"id":10623,"date":"2021-04-26T14:28:59","date_gmt":"2021-04-26T14:28:59","guid":{"rendered":"https:\/\/www.africa-press.net\/burkina-faso\/?p=10623"},"modified":"2021-04-26T15:12:58","modified_gmt":"2021-04-26T15:12:58","slug":"burkina-le-mouvement-u-gulmu-fi-sonne-la-mobilisation-des-populations-pour-faire-bouger-les-lignes-dans-la-region-de-lest-2","status":"publish","type":"post","link":"https:\/\/www.africa-press.net\/burkina-faso\/toutes-les-actualites\/burkina-le-mouvement-u-gulmu-fi-sonne-la-mobilisation-des-populations-pour-faire-bouger-les-lignes-dans-la-region-de-lest-2","title":{"rendered":"Le Mouvement \u00ab U Gulmu fi \u00bb sonne la mobilisation des populations pour faire bouger les lignes dans la r\u00e9gion de l\u2019Est"},"content":{"rendered":"<p><span style=\"color: #ff6600\"><strong><a href=\"https:\/\/www.africa-press.net\/\">Africa-Press<\/a> &#8211; <a href=\"https:\/\/www.africa-press.net\/burkina-faso\">Burkina Faso<\/a>. <\/strong><\/span>Annonc\u00e9e pour se tenir ce samedi 24 avril 2021, la marche du mouvement \u00ab U Gulmu Fi \u00bb a eu bel et bien lieu \u00e0 Fada N\u2019Gourma, chef-lieu de la r\u00e9gion de l\u2019Est. Il s\u2019est agi de monter au cr\u00e9neau pour faire bouger les lignes, en ce qui concerne le d\u00e9veloppement de cette r\u00e9gion.<\/p>\n<p>Samedi 24 avril 2021. C\u2019est un soleil nouveau qui s\u2019est lev\u00e9 sur la ville de Fada N\u2019Gourma ; un soleil de revendication pour le d\u00e9veloppement. Ils \u00e9taient nombreux, plusieurs organisations de la soci\u00e9t\u00e9 civile et des ressortissants de la r\u00e9gion \u00e0 r\u00e9pondre \u00e0 l\u2019appel du Mouvement \u00ab U Gulmu fi \u00bb, qui signifie \u00ab le Gulmu s\u2019est r\u00e9veill\u00e9 \u00bb ou \u00ab le Gulmu s\u2019est lev\u00e9 \u00bb.<\/p>\n<p>Les ressortissants de la r\u00e9gion de l\u2019Est appel\u00e9e aussi \u00ab Gulmu \u00bb se sont effectivement r\u00e9veill\u00e9s pour le d\u00e9veloppement de leur r\u00e9gion. Leurs pr\u00e9occupations sont entre autres les questions s\u00e9curitaire, infrastructures routi\u00e8res et sanitaire, les mines (gisement de phosphate), qui selon les organisateurs, ne b\u00e9n\u00e9ficient pas d\u2019une attention particuli\u00e8re. Ils se r\u00e9veillent donc pour faire bouger les lignes.<\/p>\n<p>Pour cette cause, le mouvement a enregistr\u00e9 le soutien de plusieurs autres organisations telles que \u00ab Le Balai citoyen \u00bb et l\u2019Association Taaba bua yaaba (B\u00e9nin, Togo, Niger et Burkina Faso). Selon le charg\u00e9 \u00e0 l\u2019organisation de la Coordination nationale du Balai citoyen, Rasman\u00e9 Zinaba, c\u2019est une \u00ab mobilisation gigantesque qui rentre dans l\u2019histoire \u00bb. Venu de Ouagadougou (environ 220 kilom\u00e8tres de Fada N\u2019Gourma) avec une d\u00e9l\u00e9gation pour appuyer leur section locale pour la marche, le Balai citoyen ne cache pas sa satisfaction. \u00ab Nous avons vu des patriotes et des citoyens mobilis\u00e9s pour faire valoir leurs revendications \u00bb, a affirm\u00e9 Rasman\u00e9 Zinaba.<\/p>\n<p>Il faut noter que deux jours plus t\u00f4t, une d\u00e9l\u00e9gation du Mouvement U Gulmu Fi a \u00e9t\u00e9 re\u00e7ue par le pr\u00e9sident du Faso. Au cours de l\u2019audience, le coordonnateur du Mouvement, Emmanuel Ouoba, a indiqu\u00e9 avoir pr\u00e9sent\u00e9 l\u2019enti\u00e8ret\u00e9 de leur plateforme revendicative et le chef de l\u2019Etat a pris des engagements.<\/p>\n<p>Les organisateurs de cette marche disent rester prudents et mobilis\u00e9s pour la r\u00e9alisation de ces engagements sur le terrain. \u00ab Il faudra rester vigilant, pers\u00e9v\u00e9rant pour que les revendications aboutissent dans la dur\u00e9e. C\u2019est \u00e0 cela que le mouvement Balai citoyen invite les citoyens et citoyennes et membres du mouvement U GULMU FI \u00bb, a confi\u00e9 Rasman\u00e9 Zinaba.<\/p>\n<p><b>Cryspin Laoundiki<br \/>\n<\/b><\/p>\n","protected":false},"excerpt":{"rendered":"<p>Africa-Press &#8211; Burkina Faso. Annonc\u00e9e pour se tenir ce samedi 24 avril 2021, la marche du mouvement \u00ab U Gulmu Fi \u00bb a eu bel et bien lieu \u00e0 Fada N\u2019Gourma, chef-lieu de la r\u00e9gion de l\u2019Est. Il s\u2019est agi de monter au cr\u00e9neau pour faire bouger les lignes, en ce qui concerne le d\u00e9veloppement [&hellip;]<\/p>\n","protected":false},"author":82,"featured_media":10622,"comment_status":"open","ping_status":"closed","sticky":false,"template":"","format":"standard","meta":{"footnotes":""},"categories":[21,11,10],"tags":[111,725,29],"class_list":["post-10623","post","type-post","status-publish","format-standard","has-post-thumbnail","hentry","category-communaute","category-homepage-french","category-toutes-les-actualites","tag-africa-press","tag-africa-press-burkina-faso","tag-burkina-faso"],"yoast_head":"<!-- This site is optimized with the Yoast SEO Premium plugin v26.1 (Yoast SEO v27.0) - https:\/\/yoast.com\/product\/yoast-seo-premium-wordpress\/ -->\n<title>Le Mouvement \u00ab U Gulmu fi \u00bb sonne la mobilisation des populations pour faire bouger les lignes dans la r\u00e9gion de l\u2019Est - Burkina Faso<\/title>\n<meta name=\"description\" content=\"Annonc\u00e9e pour se tenir ce samedi 24 avril 2021, la marche du mouvement \u00ab U Gulmu Fi \u00bb a eu bel et bien lieu \u00e0 Fada N\u2019Gou ...\" \/>\n<meta name=\"robots\" content=\"index, follow, max-snippet:-1, max-image-preview:large, max-video-preview:-1\" \/>\n<link rel=\"canonical\" href=\"https:\/\/www.africa-press.net\/burkina-faso\/toutes-les-actualites\/burkina-le-mouvement-u-gulmu-fi-sonne-la-mobilisation-des-populations-pour-faire-bouger-les-lignes-dans-la-region-de-lest-2\" \/>\n<meta property=\"og:locale\" content=\"fr_FR\" \/>\n<meta property=\"og:type\" content=\"article\" \/>\n<meta property=\"og:title\" content=\"Le Mouvement \u00ab U Gulmu fi \u00bb sonne la mobilisation des populations pour faire bouger les lignes dans la r\u00e9gion de l\u2019Est\" \/>\n<meta property=\"og:description\" content=\"Annonc\u00e9e pour se tenir ce samedi 24 avril 2021, la marche du mouvement \u00ab U Gulmu Fi \u00bb a eu bel et bien lieu \u00e0 Fada N\u2019Gou ...\" \/>\n<meta property=\"og:url\" content=\"https:\/\/www.africa-press.net\/burkina-faso\/toutes-les-actualites\/burkina-le-mouvement-u-gulmu-fi-sonne-la-mobilisation-des-populations-pour-faire-bouger-les-lignes-dans-la-region-de-lest-2\" \/>\n<meta property=\"og:site_name\" content=\"Burkina Faso\" \/>\n<meta property=\"article:published_time\" content=\"2021-04-26T14:28:59+00:00\" \/>\n<meta property=\"article:modified_time\" content=\"2021-04-26T15:12:58+00:00\" \/>\n<meta property=\"og:image\" content=\"https:\/\/static.africa-press.net\/burkina\/sites\/42\/2021\/04\/img-6086cc3ae883a.jpg\" \/>\n\t<meta property=\"og:image:width\" content=\"720\" \/>\n\t<meta property=\"og:image:height\" content=\"360\" \/>\n\t<meta property=\"og:image:type\" content=\"image\/jpeg\" \/>\n<meta name=\"author\" content=\"cfeditorfr\" \/>\n<meta name=\"twitter:card\" content=\"summary_large_image\" \/>\n<meta name=\"twitter:label1\" content=\"\u00c9crit par\" \/>\n\t<meta name=\"twitter:data1\" content=\"cfeditorfr\" \/>\n\t<meta name=\"twitter:label2\" content=\"Dur\u00e9e de lecture estim\u00e9e\" \/>\n\t<meta name=\"twitter:data2\" content=\"2 minutes\" \/>\n<script type=\"application\/ld+json\" class=\"yoast-schema-graph\">{\"@context\":\"https:\/\/schema.org\",\"@graph\":[{\"@type\":\"Article\",\"@id\":\"https:\/\/www.africa-press.net\/burkina-faso\/toutes-les-actualites\/burkina-le-mouvement-u-gulmu-fi-sonne-la-mobilisation-des-populations-pour-faire-bouger-les-lignes-dans-la-region-de-lest-2#article\",\"isPartOf\":{\"@id\":\"https:\/\/www.africa-press.net\/burkina-faso\/toutes-les-actualites\/burkina-le-mouvement-u-gulmu-fi-sonne-la-mobilisation-des-populations-pour-faire-bouger-les-lignes-dans-la-region-de-lest-2\"},\"author\":{\"name\":\"cfeditorfr\",\"@id\":\"https:\/\/www.africa-press.net\/burkina-faso\/#\/schema\/person\/2b1cf3cd81a31e3cd26889ca66d677f1\"},\"headline\":\"Le Mouvement \u00ab U Gulmu fi \u00bb sonne la mobilisation des populations pour faire bouger les lignes dans la r\u00e9gion de l\u2019Est\",\"datePublished\":\"2021-04-26T14:28:59+00:00\",\"dateModified\":\"2021-04-26T15:12:58+00:00\",\"mainEntityOfPage\":{\"@id\":\"https:\/\/www.africa-press.net\/burkina-faso\/toutes-les-actualites\/burkina-le-mouvement-u-gulmu-fi-sonne-la-mobilisation-des-populations-pour-faire-bouger-les-lignes-dans-la-region-de-lest-2\"},\"wordCount\":449,\"commentCount\":0,\"image\":{\"@id\":\"https:\/\/www.africa-press.net\/burkina-faso\/toutes-les-actualites\/burkina-le-mouvement-u-gulmu-fi-sonne-la-mobilisation-des-populations-pour-faire-bouger-les-lignes-dans-la-region-de-lest-2#primaryimage\"},\"thumbnailUrl\":\"https:\/\/static.africa-press.net\/burkina\/sites\/42\/2021\/04\/img-6086cc3ae883a.jpg\",\"keywords\":[\"Africa Press\",\"Africa Press-Burkina Faso\",\"Burkina Faso\"],\"articleSection\":[\"Communaut\u00e9\",\"homepage-french\",\"Toutes les actualit\u00e9s\"],\"inLanguage\":\"fr-FR\",\"potentialAction\":[{\"@type\":\"CommentAction\",\"name\":\"Comment\",\"target\":[\"https:\/\/www.africa-press.net\/burkina-faso\/toutes-les-actualites\/burkina-le-mouvement-u-gulmu-fi-sonne-la-mobilisation-des-populations-pour-faire-bouger-les-lignes-dans-la-region-de-lest-2#respond\"]}]},{\"@type\":\"WebPage\",\"@id\":\"https:\/\/www.africa-press.net\/burkina-faso\/toutes-les-actualites\/burkina-le-mouvement-u-gulmu-fi-sonne-la-mobilisation-des-populations-pour-faire-bouger-les-lignes-dans-la-region-de-lest-2\",\"url\":\"https:\/\/www.africa-press.net\/burkina-faso\/toutes-les-actualites\/burkina-le-mouvement-u-gulmu-fi-sonne-la-mobilisation-des-populations-pour-faire-bouger-les-lignes-dans-la-region-de-lest-2\",\"name\":\"Le Mouvement \u00ab U Gulmu fi \u00bb sonne la mobilisation des populations pour faire bouger les lignes dans la r\u00e9gion de l\u2019Est - Burkina Faso\",\"isPartOf\":{\"@id\":\"https:\/\/www.africa-press.net\/burkina-faso\/#website\"},\"primaryImageOfPage\":{\"@id\":\"https:\/\/www.africa-press.net\/burkina-faso\/toutes-les-actualites\/burkina-le-mouvement-u-gulmu-fi-sonne-la-mobilisation-des-populations-pour-faire-bouger-les-lignes-dans-la-region-de-lest-2#primaryimage\"},\"image\":{\"@id\":\"https:\/\/www.africa-press.net\/burkina-faso\/toutes-les-actualites\/burkina-le-mouvement-u-gulmu-fi-sonne-la-mobilisation-des-populations-pour-faire-bouger-les-lignes-dans-la-region-de-lest-2#primaryimage\"},\"thumbnailUrl\":\"https:\/\/static.africa-press.net\/burkina\/sites\/42\/2021\/04\/img-6086cc3ae883a.jpg\",\"datePublished\":\"2021-04-26T14:28:59+00:00\",\"dateModified\":\"2021-04-26T15:12:58+00:00\",\"author\":{\"@id\":\"https:\/\/www.africa-press.net\/burkina-faso\/#\/schema\/person\/2b1cf3cd81a31e3cd26889ca66d677f1\"},\"description\":\"Annonc\u00e9e pour se tenir ce samedi 24 avril 2021, la marche du mouvement \u00ab U Gulmu Fi \u00bb a eu bel et bien lieu \u00e0 Fada N\u2019Gou ...\",\"breadcrumb\":{\"@id\":\"https:\/\/www.africa-press.net\/burkina-faso\/toutes-les-actualites\/burkina-le-mouvement-u-gulmu-fi-sonne-la-mobilisation-des-populations-pour-faire-bouger-les-lignes-dans-la-region-de-lest-2#breadcrumb\"},\"inLanguage\":\"fr-FR\",\"potentialAction\":[{\"@type\":\"ReadAction\",\"target\":[\"https:\/\/www.africa-press.net\/burkina-faso\/toutes-les-actualites\/burkina-le-mouvement-u-gulmu-fi-sonne-la-mobilisation-des-populations-pour-faire-bouger-les-lignes-dans-la-region-de-lest-2\"]}]},{\"@type\":\"ImageObject\",\"inLanguage\":\"fr-FR\",\"@id\":\"https:\/\/www.africa-press.net\/burkina-faso\/toutes-les-actualites\/burkina-le-mouvement-u-gulmu-fi-sonne-la-mobilisation-des-populations-pour-faire-bouger-les-lignes-dans-la-region-de-lest-2#primaryimage\",\"url\":\"https:\/\/static.africa-press.net\/burkina\/sites\/42\/2021\/04\/img-6086cc3ae883a.jpg\",\"contentUrl\":\"https:\/\/static.africa-press.net\/burkina\/sites\/42\/2021\/04\/img-6086cc3ae883a.jpg\",\"width\":720,\"height\":360,\"caption\":\"Burkina : Le Mouvement \u00ab U Gulmu fi \u00bb sonne la mobilisation des populations pour faire bouger les lignes dans la r\u00e9gion de l\u2019Est\"},{\"@type\":\"BreadcrumbList\",\"@id\":\"https:\/\/www.africa-press.net\/burkina-faso\/toutes-les-actualites\/burkina-le-mouvement-u-gulmu-fi-sonne-la-mobilisation-des-populations-pour-faire-bouger-les-lignes-dans-la-region-de-lest-2#breadcrumb\",\"itemListElement\":[{\"@type\":\"ListItem\",\"position\":1,\"name\":\"Accueil\",\"item\":\"https:\/\/www.africa-press.net\/burkina-faso\/\"},{\"@type\":\"ListItem\",\"position\":2,\"name\":\"Le Mouvement \u00ab U Gulmu fi \u00bb sonne la mobilisation des populations pour faire bouger les lignes dans la r\u00e9gion de l\u2019Est\"}]},{\"@type\":\"WebSite\",\"@id\":\"https:\/\/www.africa-press.net\/burkina-faso\/#website\",\"url\":\"https:\/\/www.africa-press.net\/burkina-faso\/\",\"name\":\"Burkina Faso\",\"description\":\"Just another Africa News Agency Sites site\",\"potentialAction\":[{\"@type\":\"SearchAction\",\"target\":{\"@type\":\"EntryPoint\",\"urlTemplate\":\"https:\/\/www.africa-press.net\/burkina-faso\/?s={search_term_string}\"},\"query-input\":{\"@type\":\"PropertyValueSpecification\",\"valueRequired\":true,\"valueName\":\"search_term_string\"}}],\"inLanguage\":\"fr-FR\"},{\"@type\":\"Person\",\"@id\":\"https:\/\/www.africa-press.net\/burkina-faso\/#\/schema\/person\/2b1cf3cd81a31e3cd26889ca66d677f1\",\"name\":\"cfeditorfr\"}]}<\/script>\n<!-- \/ Yoast SEO Premium plugin. -->","yoast_head_json":{"title":"Le Mouvement \u00ab U Gulmu fi \u00bb sonne la mobilisation des populations pour faire bouger les lignes dans la r\u00e9gion de l\u2019Est - Burkina Faso","description":"Annonc\u00e9e pour se tenir ce samedi 24 avril 2021, la marche du mouvement \u00ab U Gulmu Fi \u00bb a eu bel et bien lieu \u00e0 Fada N\u2019Gou ...","robots":{"index":"index","follow":"follow","max-snippet":"max-snippet:-1","max-image-preview":"max-image-preview:large","max-video-preview":"max-video-preview:-1"},"canonical":"https:\/\/www.africa-press.net\/burkina-faso\/toutes-les-actualites\/burkina-le-mouvement-u-gulmu-fi-sonne-la-mobilisation-des-populations-pour-faire-bouger-les-lignes-dans-la-region-de-lest-2","og_locale":"fr_FR","og_type":"article","og_title":"Le Mouvement \u00ab U Gulmu fi \u00bb sonne la mobilisation des populations pour faire bouger les lignes dans la r\u00e9gion de l\u2019Est","og_description":"Annonc\u00e9e pour se tenir ce samedi 24 avril 2021, la marche du mouvement \u00ab U Gulmu Fi \u00bb a eu bel et bien lieu \u00e0 Fada N\u2019Gou ...","og_url":"https:\/\/www.africa-press.net\/burkina-faso\/toutes-les-actualites\/burkina-le-mouvement-u-gulmu-fi-sonne-la-mobilisation-des-populations-pour-faire-bouger-les-lignes-dans-la-region-de-lest-2","og_site_name":"Burkina Faso","article_published_time":"2021-04-26T14:28:59+00:00","article_modified_time":"2021-04-26T15:12:58+00:00","og_image":[{"width":720,"height":360,"url":"https:\/\/static.africa-press.net\/burkina\/sites\/42\/2021\/04\/img-6086cc3ae883a.jpg","type":"image\/jpeg"}],"author":"cfeditorfr","twitter_card":"summary_large_image","twitter_misc":{"\u00c9crit par":"cfeditorfr","Dur\u00e9e de lecture estim\u00e9e":"2 minutes"},"schema":{"@context":"https:\/\/schema.org","@graph":[{"@type":"Article","@id":"https:\/\/www.africa-press.net\/burkina-faso\/toutes-les-actualites\/burkina-le-mouvement-u-gulmu-fi-sonne-la-mobilisation-des-populations-pour-faire-bouger-les-lignes-dans-la-region-de-lest-2#article","isPartOf":{"@id":"https:\/\/www.africa-press.net\/burkina-faso\/toutes-les-actualites\/burkina-le-mouvement-u-gulmu-fi-sonne-la-mobilisation-des-populations-pour-faire-bouger-les-lignes-dans-la-region-de-lest-2"},"author":{"name":"cfeditorfr","@id":"https:\/\/www.africa-press.net\/burkina-faso\/#\/schema\/person\/2b1cf3cd81a31e3cd26889ca66d677f1"},"headline":"Le Mouvement \u00ab U Gulmu fi \u00bb sonne la mobilisation des populations pour faire bouger les lignes dans la r\u00e9gion de l\u2019Est","datePublished":"2021-04-26T14:28:59+00:00","dateModified":"2021-04-26T15:12:58+00:00","mainEntityOfPage":{"@id":"https:\/\/www.africa-press.net\/burkina-faso\/toutes-les-actualites\/burkina-le-mouvement-u-gulmu-fi-sonne-la-mobilisation-des-populations-pour-faire-bouger-les-lignes-dans-la-region-de-lest-2"},"wordCount":449,"commentCount":0,"image":{"@id":"https:\/\/www.africa-press.net\/burkina-faso\/toutes-les-actualites\/burkina-le-mouvement-u-gulmu-fi-sonne-la-mobilisation-des-populations-pour-faire-bouger-les-lignes-dans-la-region-de-lest-2#primaryimage"},"thumbnailUrl":"https:\/\/static.africa-press.net\/burkina\/sites\/42\/2021\/04\/img-6086cc3ae883a.jpg","keywords":["Africa Press","Africa Press-Burkina Faso","Burkina Faso"],"articleSection":["Communaut\u00e9","homepage-french","Toutes les actualit\u00e9s"],"inLanguage":"fr-FR","potentialAction":[{"@type":"CommentAction","name":"Comment","target":["https:\/\/www.africa-press.net\/burkina-faso\/toutes-les-actualites\/burkina-le-mouvement-u-gulmu-fi-sonne-la-mobilisation-des-populations-pour-faire-bouger-les-lignes-dans-la-region-de-lest-2#respond"]}]},{"@type":"WebPage","@id":"https:\/\/www.africa-press.net\/burkina-faso\/toutes-les-actualites\/burkina-le-mouvement-u-gulmu-fi-sonne-la-mobilisation-des-populations-pour-faire-bouger-les-lignes-dans-la-region-de-lest-2","url":"https:\/\/www.africa-press.net\/burkina-faso\/toutes-les-actualites\/burkina-le-mouvement-u-gulmu-fi-sonne-la-mobilisation-des-populations-pour-faire-bouger-les-lignes-dans-la-region-de-lest-2","name":"Le Mouvement \u00ab U Gulmu fi \u00bb sonne la mobilisation des populations pour faire bouger les lignes dans la r\u00e9gion de l\u2019Est - Burkina Faso","isPartOf":{"@id":"https:\/\/www.africa-press.net\/burkina-faso\/#website"},"primaryImageOfPage":{"@id":"https:\/\/www.africa-press.net\/burkina-faso\/toutes-les-actualites\/burkina-le-mouvement-u-gulmu-fi-sonne-la-mobilisation-des-populations-pour-faire-bouger-les-lignes-dans-la-region-de-lest-2#primaryimage"},"image":{"@id":"https:\/\/www.africa-press.net\/burkina-faso\/toutes-les-actualites\/burkina-le-mouvement-u-gulmu-fi-sonne-la-mobilisation-des-populations-pour-faire-bouger-les-lignes-dans-la-region-de-lest-2#primaryimage"},"thumbnailUrl":"https:\/\/static.africa-press.net\/burkina\/sites\/42\/2021\/04\/img-6086cc3ae883a.jpg","datePublished":"2021-04-26T14:28:59+00:00","dateModified":"2021-04-26T15:12:58+00:00","author":{"@id":"https:\/\/www.africa-press.net\/burkina-faso\/#\/schema\/person\/2b1cf3cd81a31e3cd26889ca66d677f1"},"description":"Annonc\u00e9e pour se tenir ce samedi 24 avril 2021, la marche du mouvement \u00ab U Gulmu Fi \u00bb a eu bel et bien lieu \u00e0 Fada N\u2019Gou ...","breadcrumb":{"@id":"https:\/\/www.africa-press.net\/burkina-faso\/toutes-les-actualites\/burkina-le-mouvement-u-gulmu-fi-sonne-la-mobilisation-des-populations-pour-faire-bouger-les-lignes-dans-la-region-de-lest-2#breadcrumb"},"inLanguage":"fr-FR","potentialAction":[{"@type":"ReadAction","target":["https:\/\/www.africa-press.net\/burkina-faso\/toutes-les-actualites\/burkina-le-mouvement-u-gulmu-fi-sonne-la-mobilisation-des-populations-pour-faire-bouger-les-lignes-dans-la-region-de-lest-2"]}]},{"@type":"ImageObject","inLanguage":"fr-FR","@id":"https:\/\/www.africa-press.net\/burkina-faso\/toutes-les-actualites\/burkina-le-mouvement-u-gulmu-fi-sonne-la-mobilisation-des-populations-pour-faire-bouger-les-lignes-dans-la-region-de-lest-2#primaryimage","url":"https:\/\/static.africa-press.net\/burkina\/sites\/42\/2021\/04\/img-6086cc3ae883a.jpg","contentUrl":"https:\/\/static.africa-press.net\/burkina\/sites\/42\/2021\/04\/img-6086cc3ae883a.jpg","width":720,"height":360,"caption":"Burkina : Le Mouvement \u00ab U Gulmu fi \u00bb sonne la mobilisation des populations pour faire bouger les lignes dans la r\u00e9gion de l\u2019Est"},{"@type":"BreadcrumbList","@id":"https:\/\/www.africa-press.net\/burkina-faso\/toutes-les-actualites\/burkina-le-mouvement-u-gulmu-fi-sonne-la-mobilisation-des-populations-pour-faire-bouger-les-lignes-dans-la-region-de-lest-2#breadcrumb","itemListElement":[{"@type":"ListItem","position":1,"name":"Accueil","item":"https:\/\/www.africa-press.net\/burkina-faso\/"},{"@type":"ListItem","position":2,"name":"Le Mouvement \u00ab U Gulmu fi \u00bb sonne la mobilisation des populations pour faire bouger les lignes dans la r\u00e9gion de l\u2019Est"}]},{"@type":"WebSite","@id":"https:\/\/www.africa-press.net\/burkina-faso\/#website","url":"https:\/\/www.africa-press.net\/burkina-faso\/","name":"Burkina Faso","description":"Just another Africa News Agency Sites site","potentialAction":[{"@type":"SearchAction","target":{"@type":"EntryPoint","urlTemplate":"https:\/\/www.africa-press.net\/burkina-faso\/?s={search_term_string}"},"query-input":{"@type":"PropertyValueSpecification","valueRequired":true,"valueName":"search_term_string"}}],"inLanguage":"fr-FR"},{"@type":"Person","@id":"https:\/\/www.africa-press.net\/burkina-faso\/#\/schema\/person\/2b1cf3cd81a31e3cd26889ca66d677f1","name":"cfeditorfr"}]}},"_links":{"self":[{"href":"https:\/\/www.africa-press.net\/burkina-faso\/wp-json\/wp\/v2\/posts\/10623","targetHints":{"allow":["GET"]}}],"collection":[{"href":"https:\/\/www.africa-press.net\/burkina-faso\/wp-json\/wp\/v2\/posts"}],"about":[{"href":"https:\/\/www.africa-press.net\/burkina-faso\/wp-json\/wp\/v2\/types\/post"}],"author":[{"embeddable":true,"href":"https:\/\/www.africa-press.net\/burkina-faso\/wp-json\/wp\/v2\/users\/82"}],"replies":[{"embeddable":true,"href":"https:\/\/www.africa-press.net\/burkina-faso\/wp-json\/wp\/v2\/comments?post=10623"}],"version-history":[{"count":0,"href":"https:\/\/www.africa-press.net\/burkina-faso\/wp-json\/wp\/v2\/posts\/10623\/revisions"}],"wp:featuredmedia":[{"embeddable":true,"href":"https:\/\/www.africa-press.net\/burkina-faso\/wp-json\/wp\/v2\/media\/10622"}],"wp:attachment":[{"href":"https:\/\/www.africa-press.net\/burkina-faso\/wp-json\/wp\/v2\/media?parent=10623"}],"wp:term":[{"taxonomy":"category","embeddable":true,"href":"https:\/\/www.africa-press.net\/burkina-faso\/wp-json\/wp\/v2\/categories?post=10623"},{"taxonomy":"post_tag","embeddable":true,"href":"https:\/\/www.africa-press.net\/burkina-faso\/wp-json\/wp\/v2\/tags?post=10623"}],"curies":[{"name":"wp","href":"https:\/\/api.w.org\/{rel}","templated":true}]}}