{"id":106276,"date":"2025-02-19T14:08:25","date_gmt":"2025-02-19T14:08:25","guid":{"rendered":"https:\/\/www.africa-press.net\/burkina-faso\/politique\/soutenance-de-these-de-doctorat-adama-1ere-jumelle-segda-analyse-le-marche-de-lart-contemporain-au-burkina-faso"},"modified":"2025-04-13T14:45:44","modified_gmt":"2025-04-13T14:45:44","slug":"soutenance-de-these-de-doctorat-adama-1ere-jumelle-segda-analyse-le-marche-de-lart-contemporain-au-burkina-faso","status":"publish","type":"post","link":"https:\/\/www.africa-press.net\/burkina-faso\/culture-et-art\/soutenance-de-these-de-doctorat-adama-1ere-jumelle-segda-analyse-le-marche-de-lart-contemporain-au-burkina-faso","title":{"rendered":"Soutenance de th\u00e8se de doctorat : Adama 1\u00e8re Jumelle SEGDA analyse le \u00abMarch\u00e9 de l\u2019art contemporain au Burkina Faso \u00bb"},"content":{"rendered":"<p><span style=\"color: #ff6600\"><strong>Africa-Press &#8211; Burkina Faso. <\/strong><\/span>Adama 1e\u0300re Jumelle SEGDA, pre\u0301ce\u0301demment Secre\u0301taire Ge\u0301ne\u0301rale Adjointe du Ministe\u0300re de la Communication, de la Culture, des Arts et du Tourisme a soutenu le 15 fe\u0301vrier 2025 sa the\u0300se de doctorat en Culture tourisme et de\u0301veloppement de l\u2019Institut re\u0301gional d\u2019enseignement supe\u0301rieur et de recherche en de\u0301veloppement culturel (IRES-RDEC) de Lome\u0301 au Togo.<\/p>\n<p>Mme SEGDA Adama 1e\u0300re Jumelle de\u0301sormais docteure apporte une solution a\u0300 la me\u0301vente des \u0153uvres d\u2019art a\u0300 travers sa the\u0300se intitule\u0301 \u00ab Marche\u0301 de l\u2019art contemporain au Burkina Faso \u00bb.<\/p>\n<p>Le sujet de par sa pertinence et son actualite\u0301 interpelle les pouvoirs publics, les artistes, les acteurs du marche\u0301 de l\u2019art et le public a\u0300 s\u2019engager pour jouer chacun sa partition en vue de de\u0301velopper les maillons de la chaine des arts plastiques afin de structurer le marche\u0301 interne pour cueillir les fruits ge\u0301ne\u0301reux issus de la vente des \u0153uvres d\u2019art contemporain.<\/p>\n<p>La de\u0301sormais Docteure SEGDA a tisse\u0301 un plaidoyer passionne\u0301 pour une de\u0301mocratisation et de\u0301mystification de l\u2019\u0153uvre d\u2019art, qui ne doit plus e\u0302tre confine\u0301e a\u0300 un simple objet de luxe et re\u0301serve\u0301e a\u0300 une e\u0301lite. En effet, elle doit e\u0301galement e\u0302tre reconnue, accessible et consomme\u0301e pour sa valeur identitaire et e\u0301ducative, mais aussi financie\u0300re.<\/p>\n<p>Apre\u0300s deux heures d\u2019e\u0301changes enrichissants et stimulants avec un jury pre\u0301side\u0301 par le Professeur KADANGA Kodjona du Togo et compose\u0301 des Professeurs KIBORA Ouhonyioue\u0301 Ludovic (Directeur de the\u0300se) et DAKOUO Yves du Burkina Faso ainsi que du Professeur HOUENOUDE Didier Marcel du Be\u0301nin, bien captive\u0301 et impressionne\u0301 par la profondeur et la rigueur de ses recherches, Mme SEGDA a e\u0301te\u0301 honore\u0301e de la mention tre\u0300s honorable pour sa the\u0300se remarquable.<\/p>\n<p>Avec une e\u0301motion palpable, elle a tenu a\u0300 exprimer sa gratitude envers toutes les a\u0302mes bienveillantes qui, de pre\u0300s ou de loin, de quelque manie\u0300re que ce soit, ont contribue\u0301 et e\u0301claire\u0301 son chemin vers cette re\u0301ussite. DCRP\/MCCAT<\/p>\n<p><strong>Pour plus d&rsquo;informations et d&rsquo;analyses sur la <span style=\"color: #ff6600\">Burkina Faso<\/span>, suivez <span style=\"color: #ff6600\">Africa-Press<\/span><\/strong><\/p>\n","protected":false},"excerpt":{"rendered":"<p>Africa-Press &#8211; Burkina Faso. Adama 1e\u0300re Jumelle SEGDA, pre\u0301ce\u0301demment Secre\u0301taire Ge\u0301ne\u0301rale Adjointe du Ministe\u0300re de la Communication, de la Culture, des Arts et du Tourisme a soutenu le 15 fe\u0301vrier 2025 sa the\u0300se de doctorat en Culture tourisme et de\u0301veloppement de l\u2019Institut re\u0301gional d\u2019enseignement supe\u0301rieur et de recherche en de\u0301veloppement culturel (IRES-RDEC) de Lome\u0301 au [&hellip;]<\/p>\n","protected":false},"author":82,"featured_media":106275,"comment_status":"open","ping_status":"closed","sticky":false,"template":"","format":"standard","meta":{"footnotes":""},"categories":[5,10],"tags":[29,159,6302,6303],"class_list":["post-106276","post","type-post","status-publish","format-standard","has-post-thumbnail","hentry","category-culture-et-art","category-toutes-les-actualites","tag-burkina-faso","tag-doctorat","tag-jumelle-segda","tag-marche-de-lart"],"yoast_head":"<!-- This site is optimized with the Yoast SEO Premium plugin v26.1 (Yoast SEO v27.0) - https:\/\/yoast.com\/product\/yoast-seo-premium-wordpress\/ -->\n<title>Soutenance de th\u00e8se de doctorat : Adama 1\u00e8re Jumelle SEGDA analyse le \u00abMarch\u00e9 de l\u2019art contemporain au Burkina Faso \u00bb - Burkina Faso<\/title>\n<meta name=\"description\" content=\"Adama 1e\u0300re Jumelle SEGDA, pre\u0301ce\u0301demment Secre\u0301taire Ge\u0301ne\u0301rale Adjointe du Ministe\u0300re de la Communication, de la Cultu ...\" \/>\n<meta name=\"robots\" content=\"index, follow, max-snippet:-1, max-image-preview:large, max-video-preview:-1\" \/>\n<link rel=\"canonical\" href=\"https:\/\/www.africa-press.net\/burkina-faso\/culture-et-art\/soutenance-de-these-de-doctorat-adama-1ere-jumelle-segda-analyse-le-marche-de-lart-contemporain-au-burkina-faso\" \/>\n<meta property=\"og:locale\" content=\"fr_FR\" \/>\n<meta property=\"og:type\" content=\"article\" \/>\n<meta property=\"og:title\" content=\"Soutenance de th\u00e8se de doctorat : Adama 1\u00e8re Jumelle SEGDA analyse le \u00abMarch\u00e9 de l\u2019art contemporain au Burkina Faso \u00bb\" \/>\n<meta property=\"og:description\" content=\"Adama 1e\u0300re Jumelle SEGDA, pre\u0301ce\u0301demment Secre\u0301taire Ge\u0301ne\u0301rale Adjointe du Ministe\u0300re de la Communication, de la Cultu ...\" \/>\n<meta property=\"og:url\" content=\"https:\/\/www.africa-press.net\/burkina-faso\/culture-et-art\/soutenance-de-these-de-doctorat-adama-1ere-jumelle-segda-analyse-le-marche-de-lart-contemporain-au-burkina-faso\" \/>\n<meta property=\"og:site_name\" content=\"Burkina Faso\" \/>\n<meta property=\"article:published_time\" content=\"2025-02-19T14:08:25+00:00\" \/>\n<meta property=\"article:modified_time\" content=\"2025-04-13T14:45:44+00:00\" \/>\n<meta property=\"og:image\" content=\"https:\/\/static.africa-press.net\/burkina\/sites\/42\/2025\/02\/sm_1739962303.809221.jpg\" \/>\n\t<meta property=\"og:image:width\" content=\"1556\" \/>\n\t<meta property=\"og:image:height\" content=\"1081\" \/>\n\t<meta property=\"og:image:type\" content=\"image\/jpeg\" \/>\n<meta name=\"author\" content=\"cfeditorfr\" \/>\n<meta name=\"twitter:card\" content=\"summary_large_image\" \/>\n<meta name=\"twitter:label1\" content=\"\u00c9crit par\" \/>\n\t<meta name=\"twitter:data1\" content=\"cfeditorfr\" \/>\n\t<meta name=\"twitter:label2\" content=\"Dur\u00e9e de lecture estim\u00e9e\" \/>\n\t<meta name=\"twitter:data2\" content=\"2 minutes\" \/>\n<script type=\"application\/ld+json\" class=\"yoast-schema-graph\">{\"@context\":\"https:\/\/schema.org\",\"@graph\":[{\"@type\":\"Article\",\"@id\":\"https:\/\/www.africa-press.net\/burkina-faso\/culture-et-art\/soutenance-de-these-de-doctorat-adama-1ere-jumelle-segda-analyse-le-marche-de-lart-contemporain-au-burkina-faso#article\",\"isPartOf\":{\"@id\":\"https:\/\/www.africa-press.net\/burkina-faso\/culture-et-art\/soutenance-de-these-de-doctorat-adama-1ere-jumelle-segda-analyse-le-marche-de-lart-contemporain-au-burkina-faso\"},\"author\":{\"name\":\"cfeditorfr\",\"@id\":\"https:\/\/www.africa-press.net\/burkina-faso\/#\/schema\/person\/2b1cf3cd81a31e3cd26889ca66d677f1\"},\"headline\":\"Soutenance de th\u00e8se de doctorat : Adama 1\u00e8re Jumelle SEGDA analyse le \u00abMarch\u00e9 de l\u2019art contemporain au Burkina Faso \u00bb\",\"datePublished\":\"2025-02-19T14:08:25+00:00\",\"dateModified\":\"2025-04-13T14:45:44+00:00\",\"mainEntityOfPage\":{\"@id\":\"https:\/\/www.africa-press.net\/burkina-faso\/culture-et-art\/soutenance-de-these-de-doctorat-adama-1ere-jumelle-segda-analyse-le-marche-de-lart-contemporain-au-burkina-faso\"},\"wordCount\":397,\"commentCount\":0,\"image\":{\"@id\":\"https:\/\/www.africa-press.net\/burkina-faso\/culture-et-art\/soutenance-de-these-de-doctorat-adama-1ere-jumelle-segda-analyse-le-marche-de-lart-contemporain-au-burkina-faso#primaryimage\"},\"thumbnailUrl\":\"https:\/\/static.africa-press.net\/burkina\/sites\/42\/2025\/02\/sm_1739962303.809221.jpg\",\"keywords\":[\"Burkina Faso\",\"doctorat\",\"Jumelle SEGDA\",\"March\u00e9 de l\u2019art\"],\"articleSection\":[\"Culture et Art\",\"Toutes les actualit\u00e9s\"],\"inLanguage\":\"fr-FR\",\"potentialAction\":[{\"@type\":\"CommentAction\",\"name\":\"Comment\",\"target\":[\"https:\/\/www.africa-press.net\/burkina-faso\/culture-et-art\/soutenance-de-these-de-doctorat-adama-1ere-jumelle-segda-analyse-le-marche-de-lart-contemporain-au-burkina-faso#respond\"]}]},{\"@type\":\"WebPage\",\"@id\":\"https:\/\/www.africa-press.net\/burkina-faso\/culture-et-art\/soutenance-de-these-de-doctorat-adama-1ere-jumelle-segda-analyse-le-marche-de-lart-contemporain-au-burkina-faso\",\"url\":\"https:\/\/www.africa-press.net\/burkina-faso\/culture-et-art\/soutenance-de-these-de-doctorat-adama-1ere-jumelle-segda-analyse-le-marche-de-lart-contemporain-au-burkina-faso\",\"name\":\"Soutenance de th\u00e8se de doctorat : Adama 1\u00e8re Jumelle SEGDA analyse le \u00abMarch\u00e9 de l\u2019art contemporain au Burkina Faso \u00bb - Burkina Faso\",\"isPartOf\":{\"@id\":\"https:\/\/www.africa-press.net\/burkina-faso\/#website\"},\"primaryImageOfPage\":{\"@id\":\"https:\/\/www.africa-press.net\/burkina-faso\/culture-et-art\/soutenance-de-these-de-doctorat-adama-1ere-jumelle-segda-analyse-le-marche-de-lart-contemporain-au-burkina-faso#primaryimage\"},\"image\":{\"@id\":\"https:\/\/www.africa-press.net\/burkina-faso\/culture-et-art\/soutenance-de-these-de-doctorat-adama-1ere-jumelle-segda-analyse-le-marche-de-lart-contemporain-au-burkina-faso#primaryimage\"},\"thumbnailUrl\":\"https:\/\/static.africa-press.net\/burkina\/sites\/42\/2025\/02\/sm_1739962303.809221.jpg\",\"datePublished\":\"2025-02-19T14:08:25+00:00\",\"dateModified\":\"2025-04-13T14:45:44+00:00\",\"author\":{\"@id\":\"https:\/\/www.africa-press.net\/burkina-faso\/#\/schema\/person\/2b1cf3cd81a31e3cd26889ca66d677f1\"},\"description\":\"Adama 1e\u0300re Jumelle SEGDA, pre\u0301ce\u0301demment Secre\u0301taire Ge\u0301ne\u0301rale Adjointe du Ministe\u0300re de la Communication, de la Cultu ...\",\"breadcrumb\":{\"@id\":\"https:\/\/www.africa-press.net\/burkina-faso\/culture-et-art\/soutenance-de-these-de-doctorat-adama-1ere-jumelle-segda-analyse-le-marche-de-lart-contemporain-au-burkina-faso#breadcrumb\"},\"inLanguage\":\"fr-FR\",\"potentialAction\":[{\"@type\":\"ReadAction\",\"target\":[\"https:\/\/www.africa-press.net\/burkina-faso\/culture-et-art\/soutenance-de-these-de-doctorat-adama-1ere-jumelle-segda-analyse-le-marche-de-lart-contemporain-au-burkina-faso\"]}]},{\"@type\":\"ImageObject\",\"inLanguage\":\"fr-FR\",\"@id\":\"https:\/\/www.africa-press.net\/burkina-faso\/culture-et-art\/soutenance-de-these-de-doctorat-adama-1ere-jumelle-segda-analyse-le-marche-de-lart-contemporain-au-burkina-faso#primaryimage\",\"url\":\"https:\/\/static.africa-press.net\/burkina\/sites\/42\/2025\/02\/sm_1739962303.809221.jpg\",\"contentUrl\":\"https:\/\/static.africa-press.net\/burkina\/sites\/42\/2025\/02\/sm_1739962303.809221.jpg\",\"width\":1556,\"height\":1081,\"caption\":\"Soutenance de th\u00e8se de doctorat : Adama 1\u00e8re Jumelle SEGDA analyse le \u00abMarch\u00e9 de l\u2019art contemporain au Burkina Faso \u00bb\"},{\"@type\":\"BreadcrumbList\",\"@id\":\"https:\/\/www.africa-press.net\/burkina-faso\/culture-et-art\/soutenance-de-these-de-doctorat-adama-1ere-jumelle-segda-analyse-le-marche-de-lart-contemporain-au-burkina-faso#breadcrumb\",\"itemListElement\":[{\"@type\":\"ListItem\",\"position\":1,\"name\":\"Accueil\",\"item\":\"https:\/\/www.africa-press.net\/burkina-faso\/\"},{\"@type\":\"ListItem\",\"position\":2,\"name\":\"Soutenance de th\u00e8se de doctorat : Adama 1\u00e8re Jumelle SEGDA analyse le \u00abMarch\u00e9 de l\u2019art contemporain au Burkina Faso \u00bb\"}]},{\"@type\":\"WebSite\",\"@id\":\"https:\/\/www.africa-press.net\/burkina-faso\/#website\",\"url\":\"https:\/\/www.africa-press.net\/burkina-faso\/\",\"name\":\"Burkina Faso\",\"description\":\"Just another Africa News Agency Sites site\",\"potentialAction\":[{\"@type\":\"SearchAction\",\"target\":{\"@type\":\"EntryPoint\",\"urlTemplate\":\"https:\/\/www.africa-press.net\/burkina-faso\/?s={search_term_string}\"},\"query-input\":{\"@type\":\"PropertyValueSpecification\",\"valueRequired\":true,\"valueName\":\"search_term_string\"}}],\"inLanguage\":\"fr-FR\"},{\"@type\":\"Person\",\"@id\":\"https:\/\/www.africa-press.net\/burkina-faso\/#\/schema\/person\/2b1cf3cd81a31e3cd26889ca66d677f1\",\"name\":\"cfeditorfr\"}]}<\/script>\n<!-- \/ Yoast SEO Premium plugin. -->","yoast_head_json":{"title":"Soutenance de th\u00e8se de doctorat : Adama 1\u00e8re Jumelle SEGDA analyse le \u00abMarch\u00e9 de l\u2019art contemporain au Burkina Faso \u00bb - Burkina Faso","description":"Adama 1e\u0300re Jumelle SEGDA, pre\u0301ce\u0301demment Secre\u0301taire Ge\u0301ne\u0301rale Adjointe du Ministe\u0300re de la Communication, de la Cultu ...","robots":{"index":"index","follow":"follow","max-snippet":"max-snippet:-1","max-image-preview":"max-image-preview:large","max-video-preview":"max-video-preview:-1"},"canonical":"https:\/\/www.africa-press.net\/burkina-faso\/culture-et-art\/soutenance-de-these-de-doctorat-adama-1ere-jumelle-segda-analyse-le-marche-de-lart-contemporain-au-burkina-faso","og_locale":"fr_FR","og_type":"article","og_title":"Soutenance de th\u00e8se de doctorat : Adama 1\u00e8re Jumelle SEGDA analyse le \u00abMarch\u00e9 de l\u2019art contemporain au Burkina Faso \u00bb","og_description":"Adama 1e\u0300re Jumelle SEGDA, pre\u0301ce\u0301demment Secre\u0301taire Ge\u0301ne\u0301rale Adjointe du Ministe\u0300re de la Communication, de la Cultu ...","og_url":"https:\/\/www.africa-press.net\/burkina-faso\/culture-et-art\/soutenance-de-these-de-doctorat-adama-1ere-jumelle-segda-analyse-le-marche-de-lart-contemporain-au-burkina-faso","og_site_name":"Burkina Faso","article_published_time":"2025-02-19T14:08:25+00:00","article_modified_time":"2025-04-13T14:45:44+00:00","og_image":[{"width":1556,"height":1081,"url":"https:\/\/static.africa-press.net\/burkina\/sites\/42\/2025\/02\/sm_1739962303.809221.jpg","type":"image\/jpeg"}],"author":"cfeditorfr","twitter_card":"summary_large_image","twitter_misc":{"\u00c9crit par":"cfeditorfr","Dur\u00e9e de lecture estim\u00e9e":"2 minutes"},"schema":{"@context":"https:\/\/schema.org","@graph":[{"@type":"Article","@id":"https:\/\/www.africa-press.net\/burkina-faso\/culture-et-art\/soutenance-de-these-de-doctorat-adama-1ere-jumelle-segda-analyse-le-marche-de-lart-contemporain-au-burkina-faso#article","isPartOf":{"@id":"https:\/\/www.africa-press.net\/burkina-faso\/culture-et-art\/soutenance-de-these-de-doctorat-adama-1ere-jumelle-segda-analyse-le-marche-de-lart-contemporain-au-burkina-faso"},"author":{"name":"cfeditorfr","@id":"https:\/\/www.africa-press.net\/burkina-faso\/#\/schema\/person\/2b1cf3cd81a31e3cd26889ca66d677f1"},"headline":"Soutenance de th\u00e8se de doctorat : Adama 1\u00e8re Jumelle SEGDA analyse le \u00abMarch\u00e9 de l\u2019art contemporain au Burkina Faso \u00bb","datePublished":"2025-02-19T14:08:25+00:00","dateModified":"2025-04-13T14:45:44+00:00","mainEntityOfPage":{"@id":"https:\/\/www.africa-press.net\/burkina-faso\/culture-et-art\/soutenance-de-these-de-doctorat-adama-1ere-jumelle-segda-analyse-le-marche-de-lart-contemporain-au-burkina-faso"},"wordCount":397,"commentCount":0,"image":{"@id":"https:\/\/www.africa-press.net\/burkina-faso\/culture-et-art\/soutenance-de-these-de-doctorat-adama-1ere-jumelle-segda-analyse-le-marche-de-lart-contemporain-au-burkina-faso#primaryimage"},"thumbnailUrl":"https:\/\/static.africa-press.net\/burkina\/sites\/42\/2025\/02\/sm_1739962303.809221.jpg","keywords":["Burkina Faso","doctorat","Jumelle SEGDA","March\u00e9 de l\u2019art"],"articleSection":["Culture et Art","Toutes les actualit\u00e9s"],"inLanguage":"fr-FR","potentialAction":[{"@type":"CommentAction","name":"Comment","target":["https:\/\/www.africa-press.net\/burkina-faso\/culture-et-art\/soutenance-de-these-de-doctorat-adama-1ere-jumelle-segda-analyse-le-marche-de-lart-contemporain-au-burkina-faso#respond"]}]},{"@type":"WebPage","@id":"https:\/\/www.africa-press.net\/burkina-faso\/culture-et-art\/soutenance-de-these-de-doctorat-adama-1ere-jumelle-segda-analyse-le-marche-de-lart-contemporain-au-burkina-faso","url":"https:\/\/www.africa-press.net\/burkina-faso\/culture-et-art\/soutenance-de-these-de-doctorat-adama-1ere-jumelle-segda-analyse-le-marche-de-lart-contemporain-au-burkina-faso","name":"Soutenance de th\u00e8se de doctorat : Adama 1\u00e8re Jumelle SEGDA analyse le \u00abMarch\u00e9 de l\u2019art contemporain au Burkina Faso \u00bb - Burkina Faso","isPartOf":{"@id":"https:\/\/www.africa-press.net\/burkina-faso\/#website"},"primaryImageOfPage":{"@id":"https:\/\/www.africa-press.net\/burkina-faso\/culture-et-art\/soutenance-de-these-de-doctorat-adama-1ere-jumelle-segda-analyse-le-marche-de-lart-contemporain-au-burkina-faso#primaryimage"},"image":{"@id":"https:\/\/www.africa-press.net\/burkina-faso\/culture-et-art\/soutenance-de-these-de-doctorat-adama-1ere-jumelle-segda-analyse-le-marche-de-lart-contemporain-au-burkina-faso#primaryimage"},"thumbnailUrl":"https:\/\/static.africa-press.net\/burkina\/sites\/42\/2025\/02\/sm_1739962303.809221.jpg","datePublished":"2025-02-19T14:08:25+00:00","dateModified":"2025-04-13T14:45:44+00:00","author":{"@id":"https:\/\/www.africa-press.net\/burkina-faso\/#\/schema\/person\/2b1cf3cd81a31e3cd26889ca66d677f1"},"description":"Adama 1e\u0300re Jumelle SEGDA, pre\u0301ce\u0301demment Secre\u0301taire Ge\u0301ne\u0301rale Adjointe du Ministe\u0300re de la Communication, de la Cultu ...","breadcrumb":{"@id":"https:\/\/www.africa-press.net\/burkina-faso\/culture-et-art\/soutenance-de-these-de-doctorat-adama-1ere-jumelle-segda-analyse-le-marche-de-lart-contemporain-au-burkina-faso#breadcrumb"},"inLanguage":"fr-FR","potentialAction":[{"@type":"ReadAction","target":["https:\/\/www.africa-press.net\/burkina-faso\/culture-et-art\/soutenance-de-these-de-doctorat-adama-1ere-jumelle-segda-analyse-le-marche-de-lart-contemporain-au-burkina-faso"]}]},{"@type":"ImageObject","inLanguage":"fr-FR","@id":"https:\/\/www.africa-press.net\/burkina-faso\/culture-et-art\/soutenance-de-these-de-doctorat-adama-1ere-jumelle-segda-analyse-le-marche-de-lart-contemporain-au-burkina-faso#primaryimage","url":"https:\/\/static.africa-press.net\/burkina\/sites\/42\/2025\/02\/sm_1739962303.809221.jpg","contentUrl":"https:\/\/static.africa-press.net\/burkina\/sites\/42\/2025\/02\/sm_1739962303.809221.jpg","width":1556,"height":1081,"caption":"Soutenance de th\u00e8se de doctorat : Adama 1\u00e8re Jumelle SEGDA analyse le \u00abMarch\u00e9 de l\u2019art contemporain au Burkina Faso \u00bb"},{"@type":"BreadcrumbList","@id":"https:\/\/www.africa-press.net\/burkina-faso\/culture-et-art\/soutenance-de-these-de-doctorat-adama-1ere-jumelle-segda-analyse-le-marche-de-lart-contemporain-au-burkina-faso#breadcrumb","itemListElement":[{"@type":"ListItem","position":1,"name":"Accueil","item":"https:\/\/www.africa-press.net\/burkina-faso\/"},{"@type":"ListItem","position":2,"name":"Soutenance de th\u00e8se de doctorat : Adama 1\u00e8re Jumelle SEGDA analyse le \u00abMarch\u00e9 de l\u2019art contemporain au Burkina Faso \u00bb"}]},{"@type":"WebSite","@id":"https:\/\/www.africa-press.net\/burkina-faso\/#website","url":"https:\/\/www.africa-press.net\/burkina-faso\/","name":"Burkina Faso","description":"Just another Africa News Agency Sites site","potentialAction":[{"@type":"SearchAction","target":{"@type":"EntryPoint","urlTemplate":"https:\/\/www.africa-press.net\/burkina-faso\/?s={search_term_string}"},"query-input":{"@type":"PropertyValueSpecification","valueRequired":true,"valueName":"search_term_string"}}],"inLanguage":"fr-FR"},{"@type":"Person","@id":"https:\/\/www.africa-press.net\/burkina-faso\/#\/schema\/person\/2b1cf3cd81a31e3cd26889ca66d677f1","name":"cfeditorfr"}]}},"_links":{"self":[{"href":"https:\/\/www.africa-press.net\/burkina-faso\/wp-json\/wp\/v2\/posts\/106276","targetHints":{"allow":["GET"]}}],"collection":[{"href":"https:\/\/www.africa-press.net\/burkina-faso\/wp-json\/wp\/v2\/posts"}],"about":[{"href":"https:\/\/www.africa-press.net\/burkina-faso\/wp-json\/wp\/v2\/types\/post"}],"author":[{"embeddable":true,"href":"https:\/\/www.africa-press.net\/burkina-faso\/wp-json\/wp\/v2\/users\/82"}],"replies":[{"embeddable":true,"href":"https:\/\/www.africa-press.net\/burkina-faso\/wp-json\/wp\/v2\/comments?post=106276"}],"version-history":[{"count":0,"href":"https:\/\/www.africa-press.net\/burkina-faso\/wp-json\/wp\/v2\/posts\/106276\/revisions"}],"wp:featuredmedia":[{"embeddable":true,"href":"https:\/\/www.africa-press.net\/burkina-faso\/wp-json\/wp\/v2\/media\/106275"}],"wp:attachment":[{"href":"https:\/\/www.africa-press.net\/burkina-faso\/wp-json\/wp\/v2\/media?parent=106276"}],"wp:term":[{"taxonomy":"category","embeddable":true,"href":"https:\/\/www.africa-press.net\/burkina-faso\/wp-json\/wp\/v2\/categories?post=106276"},{"taxonomy":"post_tag","embeddable":true,"href":"https:\/\/www.africa-press.net\/burkina-faso\/wp-json\/wp\/v2\/tags?post=106276"}],"curies":[{"name":"wp","href":"https:\/\/api.w.org\/{rel}","templated":true}]}}