{"id":106378,"date":"2025-02-21T16:33:12","date_gmt":"2025-02-21T16:33:12","guid":{"rendered":"https:\/\/www.africa-press.net\/burkina-faso\/politique\/transformation-du-ble-le-president-du-faso-inaugure-la-minoterie-moulin-double-star"},"modified":"2025-04-13T15:47:35","modified_gmt":"2025-04-13T15:47:35","slug":"transformation-du-ble-le-president-du-faso-inaugure-la-minoterie-moulin-double-star","status":"publish","type":"post","link":"https:\/\/www.africa-press.net\/burkina-faso\/economie\/transformation-du-ble-le-president-du-faso-inaugure-la-minoterie-moulin-double-star","title":{"rendered":"Transformation du bl\u00e9 : le Pr\u00e9sident du Faso inaugure la minoterie Moulin Double Star"},"content":{"rendered":"<p><span style=\"color: #ff6600\"><strong>Africa-Press &#8211; Burkina Faso. <\/strong><\/span><b>Le Pre\u0301sident du Faso, Ibrahim Traore\u0301, a inaugure\u0301, le jeudi 20 fe\u0301vrier 2025, l\u2019usine Moulin Double Star (M2S). D\u2019un cou\u0302t total de 15 milliards F CFA, cette usine spe\u0301cialise\u0301e dans la transformation de la farine de ble\u0301 est situe\u0301e a\u0300 Gampe\u0300la, dans la commune rurale de Saaba.<\/b><\/p>\n<p>Un ope\u0301rateur e\u0301cono- mique re\u0301pond a\u0300 l\u2019appel du Pre\u0301sident du Faso incitant les investisseurs nationaux a\u0300 investir dans leur pays, le Burkina Faso. En effet, le Pre\u0301sident du conseil d\u2019administration (PCA) du Group Zidnaba, El hadj Souleymane Zidnaba, a re\u0301alise\u0301 la premie\u0300re usine de transformation et de commercialisation de la farine de ble\u0301 et ses de\u0301rive\u0301s au Burkina Faso de\u0301nomme\u0301e: Moulin Double Star (M2S). D\u2019un cou\u0302t de 15 milliards F CFA, cette industrie s\u2019e\u0301tale sur une superficie de 5 hectares avec un ba\u0302timent R+5. Elle abrite des e\u0301quipements industriels, des magasins de stockage, d\u2019un laboratoire et d\u2019un ba\u0302timent administratif. Ce joyau industriel a une capacite\u0301 de production journalie\u0300re de 220 tonnes de farine de ble\u0301 et 80 tonnes de son. Cette minoterie va e\u0301galement contribuer a\u0300 cre\u0301er 300 emplois directs, 10000 emplois saisonniers et des milliers d\u2019emplois indirects. Le Pre\u0301sident du Faso, Ibrahim Traore\u0301, a inaugure\u0301, jeudi 20 fe\u0301vrier 2025, cette usine situe\u0301e a\u0300 Gampe\u0300la dans la commune rurale de Saaba. A cette occasion, le promoteur, El hadj Souleymane Zidnaba, a confie\u0301 que la re\u0301alisation de ce complexe industriel a be\u0301ne\u0301ficie\u0301 du soutien de Coris Bank, a\u0300 travers sa branche Coris Baraka.<\/p>\n<p>\u00ab Notre unite\u0301 dote\u0301e d\u2019e\u0301quipements multifonctionnels a\u0300 la pointe de la technologie mettra sur le marche\u0301 4 gammes de farine boulange\u0300re et pa\u0302tissie\u0300re que sont Lanaya, Baraka, Naaba et Yennenga. Cette farine que nous proposons est soumise a\u0300 des contro\u0302les re\u0301guliers tout au long de la production afin de garantir la conformite\u0301 aux normes de qualite\u0301 et satisfaire les exigences de nos clients \u00bb, a rassure\u0301 le promoteur Zidnaba. Il a aussi pre\u0301cise\u0301 que son projet s\u2019inscrit dans la vision du pre\u0301sident du Faso qui est le de\u0301veloppement endoge\u0300ne et la transformation des produits locaux. \u00ab Votre pre\u0301sence te\u0301moigne de l\u2019importance que vous apportez au secteur prive\u0301 et a\u0300 la cre\u0301ation d\u2019emplois. Votre engagement pour le de\u0301veloppement e\u0301conomique du Burkina est une source d\u2019inspiration pour les acteurs e\u0301conomiques que nous sommes \u00bb, a-t-il dit. A l\u2019e\u0301couter, la transformation des matie\u0300res premie\u0300res va permettre de re\u0301duire la de\u0301pendance du pays vis-a\u0300-vis de l\u2019exte\u0301rieur.<\/p>\n<p>En perspectives, M. Zidnaba compte e\u0301tendre l\u2019actuelle minoterie par l\u2019installation d\u2019une chai\u0302ne de production de la farine de mai\u0308s et une usine de fabrication de pa\u0302tes alimentaires et de biscuits a\u0300 base de ble\u0301. En plus, a-t-il poursuivi, nous entendons implanter une usine dans la ville de Bobo-Dioulasso. \u00ab Pour permettre a\u0300 ces unite\u0301s de tourner a\u0300 plein temps, nous comptons les approvisionner a\u0300 travers la culture du ble\u0301 a\u0300 Bagre\u0301, Samande\u0301ni et au Bam \u00bb, a souligne\u0301 le promoteur Zidnaba. Le Pre\u0301sident du Faso, le capitaine Ibrahim Traore\u0301, par la voie du ministre de l\u2019Industrie, du Commerce et de l\u2019Artisanat, Serge Poda, a remercie\u0301 et fe\u0301licite\u0301 le promoteur de la socie\u0301te\u0301 M2S qui, apre\u0300s s\u2019e\u0302tre investi dans le domaine de la fabrication de fer a\u0300 be\u0301ton, diversifie aujourd\u2019hui ses activite\u0301s par la mise en place de cette minoterie de re\u0301fe\u0301rence dans le pays. A l\u2019entendre, cette re\u0301alisation est une de\u0301marche de plus vers l\u2019affirmation du de\u0301veloppement industriel, un des piliers essentiels de sa vision pour un Burkina souverain et prospe\u0300re.<\/p>\n<p>\u00ab Entie\u0300rement finance\u0301 par les capitaux nationaux, ce projet est une re\u0301ponse a\u0300 notre appel a\u0300 tous les Burkinabe\u0300, d\u2019investir dans notre pays. Cet acte du promoteur nous rappelle qu\u2019en croyant en notre potentiel local, nous pouvons ba\u0302tir un Burkina e\u0301conomiquement souverain \u00bb, a-t-il soutenu. Il a par ailleurs salue\u0301 la de\u0301termination et le professionnalisme des forces combattantes qui \u0153uvrent chaque jour pour la de\u0301fense de la Patrie, dans le but de restaurer l\u2019inte\u0301grite\u0301 du territoire, la se\u0301curite\u0301 du peuple. \u00ab Gra\u0302ce a\u0300 leur engagement et sacrifice supre\u0302me dont ils font montre, nos populations retrouvent de plus en plus la quie\u0301tude dans leurs occupations quotidiennes \u00bb, a-t-il mentionne\u0301. Il a profite\u0301 de l\u2019instant pour lancer a\u0300 nouveau un appel a\u0300 tous les ope\u0301rateurs e\u0301conomiques pour qu\u2019ils s\u2019inscrivent dans la me\u0302me dynamique afin de contribuer a\u0300 ba\u0302tir les fondements d\u2019un avenir radieux pour les ge\u0301ne\u0301rations futures. \u00ab Le gouvernement, pour sa part, continuera a\u0300 jouer son ro\u0302le d\u2019accompagnement a\u0300 travers les divers instruments incitatifs a\u0300 l\u2019investissement dans le secteur industriel \u00bb, a-t-il promis.<\/p>\n\r\n                <style type=\"text\/css\">\r\n                    \r\n                    #td_uid_1_69f544a7b62d8  .td-doubleSlider-2 .td-item1 {\r\n                        background: url(https:\/\/static.africa-press.net\/burkina\/sites\/42\/2025\/02\/sm_1740144317.125872-80x60.jpg) 0 0 no-repeat;\r\n                    }\r\n                    #td_uid_1_69f544a7b62d8  .td-doubleSlider-2 .td-item2 {\r\n                        background: url(https:\/\/static.africa-press.net\/burkina\/sites\/42\/2025\/02\/sm_1740144320.844086-80x60.jpg) 0 0 no-repeat;\r\n                    }\r\n                <\/style>\r\n\r\n                <div id=\"td_uid_1_69f544a7b62d8\" class=\"td-gallery td-slide-on-2-columns\">\r\n                    <div class=\"post_td_gallery\">\r\n                        <div class=\"td-gallery-slide-top\">\r\n                           <div class=\"td-gallery-title\"><\/div>\r\n\r\n                            <div class=\"td-gallery-controls-wrapper\">\r\n                                <div class=\"td-gallery-slide-count\"><span class=\"td-gallery-slide-item-focus\">1<\/span> de 2<\/div>\r\n                                <div class=\"td-gallery-slide-prev-next-but\">\r\n                                    <i class = \"td-icon-left doubleSliderPrevButton\"><\/i>\r\n                                    <i class = \"td-icon-right doubleSliderNextButton\"><\/i>\r\n                                <\/div>\r\n                            <\/div>\r\n                        <\/div>\r\n\r\n                        <div class = \"td-doubleSlider-1 \">\r\n                            <div class = \"td-slider\">\r\n                                \r\n                    <div class = \"td-slide-item td-item1\">\r\n                        <figure class=\"td-slide-galery-figure td-slide-popup-gallery\">\r\n                            <a class=\"slide-gallery-image-link\" href=\"https:\/\/static.africa-press.net\/burkina\/sites\/42\/2025\/02\/sm_1740144317.125872.jpg\" title=\"sm_1740144317.125872\"  data-caption=\"\"  data-description=\"\">\r\n                                <img decoding=\"async\" src=\"https:\/\/static.africa-press.net\/burkina\/sites\/42\/2025\/02\/sm_1740144317.125872.jpg\" srcset=\"https:\/\/static.africa-press.net\/burkina\/sites\/42\/2025\/02\/sm_1740144317.125872.jpg 787w, https:\/\/static.africa-press.net\/burkina\/sites\/42\/2025\/02\/sm_1740144317.125872-300x210.jpg 300w, https:\/\/static.africa-press.net\/burkina\/sites\/42\/2025\/02\/sm_1740144317.125872-768x537.jpg 768w, https:\/\/static.africa-press.net\/burkina\/sites\/42\/2025\/02\/sm_1740144317.125872-100x70.jpg 100w\" sizes=\"(max-width: 787px) 100vw, 787px\" alt=\"\">\r\n                            <\/a>\r\n                            \r\n                        <\/figure>\r\n                    <\/div>\r\n                    <div class = \"td-slide-item td-item2\">\r\n                        <figure class=\"td-slide-galery-figure td-slide-popup-gallery\">\r\n                            <a class=\"slide-gallery-image-link\" href=\"https:\/\/static.africa-press.net\/burkina\/sites\/42\/2025\/02\/sm_1740144320.844086.jpg\" title=\"sm_1740144320.844086\"  data-caption=\"\"  data-description=\"\">\r\n                                <img decoding=\"async\" src=\"https:\/\/static.africa-press.net\/burkina\/sites\/42\/2025\/02\/sm_1740144320.844086.jpg\" srcset=\"https:\/\/static.africa-press.net\/burkina\/sites\/42\/2025\/02\/sm_1740144320.844086.jpg 787w, https:\/\/static.africa-press.net\/burkina\/sites\/42\/2025\/02\/sm_1740144320.844086-300x200.jpg 300w, https:\/\/static.africa-press.net\/burkina\/sites\/42\/2025\/02\/sm_1740144320.844086-768x512.jpg 768w\" sizes=\"(max-width: 787px) 100vw, 787px\" alt=\"\">\r\n                            <\/a>\r\n                            \r\n                        <\/figure>\r\n                    <\/div>\r\n                            <\/div>\r\n                        <\/div>\r\n\r\n                        <div class = \"td-doubleSlider-2\">\r\n                            <div class = \"td-slider\">\r\n                                \r\n                    <div class = \"td-button td-item1\">\r\n                        <div class = \"td-border\"><\/div>\r\n                    <\/div>\r\n                    <div class = \"td-button td-item2\">\r\n                        <div class = \"td-border\"><\/div>\r\n                    <\/div>\r\n                            <\/div>\r\n                        <\/div>\r\n\r\n                    <\/div>\r\n\r\n                <\/div>\r\n                \n<p><strong>Pour plus d&rsquo;informations et d&rsquo;analyses sur la <span style=\"color: #ff6600\">Burkina Faso<\/span>, suivez <span style=\"color: #ff6600\">Africa-Press<\/span><\/strong><\/p>\n","protected":false},"excerpt":{"rendered":"<p>Africa-Press &#8211; Burkina Faso. Le Pre\u0301sident du Faso, Ibrahim Traore\u0301, a inaugure\u0301, le jeudi 20 fe\u0301vrier 2025, l\u2019usine Moulin Double Star (M2S). D\u2019un cou\u0302t total de 15 milliards F CFA, cette usine spe\u0301cialise\u0301e dans la transformation de la farine de ble\u0301 est situe\u0301e a\u0300 Gampe\u0300la, dans la commune rurale de Saaba. Un ope\u0301rateur e\u0301cono- mique [&hellip;]<\/p>\n","protected":false},"author":82,"featured_media":106377,"comment_status":"open","ping_status":"closed","sticky":false,"template":"","format":"standard","meta":{"footnotes":""},"categories":[3,8,10],"tags":[29],"class_list":["post-106378","post","type-post","status-publish","format-standard","has-post-thumbnail","hentry","category-economie","category-photo","category-toutes-les-actualites","tag-burkina-faso"],"yoast_head":"<!-- This site is optimized with the Yoast SEO Premium plugin v26.1 (Yoast SEO v27.0) - https:\/\/yoast.com\/product\/yoast-seo-premium-wordpress\/ -->\n<title>Transformation du bl\u00e9 : le Pr\u00e9sident du Faso inaugure la minoterie Moulin Double Star - Burkina Faso<\/title>\n<meta name=\"description\" content=\"Le Pre\u0301sident du Faso, Ibrahim Traore\u0301, a inaugure\u0301, le jeudi 20 fe\u0301vrier 2025, l\u2019usine Moulin Double Star (M2S). D\u2019u ...\" \/>\n<meta name=\"robots\" content=\"index, follow, max-snippet:-1, max-image-preview:large, max-video-preview:-1\" \/>\n<link rel=\"canonical\" href=\"https:\/\/www.africa-press.net\/burkina-faso\/economie\/transformation-du-ble-le-president-du-faso-inaugure-la-minoterie-moulin-double-star\" \/>\n<meta property=\"og:locale\" content=\"fr_FR\" \/>\n<meta property=\"og:type\" content=\"article\" \/>\n<meta property=\"og:title\" content=\"Transformation du bl\u00e9 : le Pr\u00e9sident du Faso inaugure la minoterie Moulin Double Star\" \/>\n<meta property=\"og:description\" content=\"Le Pre\u0301sident du Faso, Ibrahim Traore\u0301, a inaugure\u0301, le jeudi 20 fe\u0301vrier 2025, l\u2019usine Moulin Double Star (M2S). D\u2019u ...\" \/>\n<meta property=\"og:url\" content=\"https:\/\/www.africa-press.net\/burkina-faso\/economie\/transformation-du-ble-le-president-du-faso-inaugure-la-minoterie-moulin-double-star\" \/>\n<meta property=\"og:site_name\" content=\"Burkina Faso\" \/>\n<meta property=\"article:published_time\" content=\"2025-02-21T16:33:12+00:00\" \/>\n<meta property=\"article:modified_time\" content=\"2025-04-13T15:47:35+00:00\" \/>\n<meta property=\"og:image\" content=\"https:\/\/static.africa-press.net\/burkina\/sites\/42\/2025\/02\/sm_1740144324.495965.jpg\" \/>\n\t<meta property=\"og:image:width\" content=\"787\" \/>\n\t<meta property=\"og:image:height\" content=\"525\" \/>\n\t<meta property=\"og:image:type\" content=\"image\/jpeg\" \/>\n<meta name=\"author\" content=\"cfeditorfr\" \/>\n<meta name=\"twitter:card\" content=\"summary_large_image\" \/>\n<meta name=\"twitter:label1\" content=\"\u00c9crit par\" \/>\n\t<meta name=\"twitter:data1\" content=\"cfeditorfr\" \/>\n\t<meta name=\"twitter:label2\" content=\"Dur\u00e9e de lecture estim\u00e9e\" \/>\n\t<meta name=\"twitter:data2\" content=\"4 minutes\" \/>\n<script type=\"application\/ld+json\" class=\"yoast-schema-graph\">{\"@context\":\"https:\/\/schema.org\",\"@graph\":[{\"@type\":\"Article\",\"@id\":\"https:\/\/www.africa-press.net\/burkina-faso\/economie\/transformation-du-ble-le-president-du-faso-inaugure-la-minoterie-moulin-double-star#article\",\"isPartOf\":{\"@id\":\"https:\/\/www.africa-press.net\/burkina-faso\/economie\/transformation-du-ble-le-president-du-faso-inaugure-la-minoterie-moulin-double-star\"},\"author\":{\"name\":\"cfeditorfr\",\"@id\":\"https:\/\/www.africa-press.net\/burkina-faso\/#\/schema\/person\/2b1cf3cd81a31e3cd26889ca66d677f1\"},\"headline\":\"Transformation du bl\u00e9 : le Pr\u00e9sident du Faso inaugure la minoterie Moulin Double Star\",\"datePublished\":\"2025-02-21T16:33:12+00:00\",\"dateModified\":\"2025-04-13T15:47:35+00:00\",\"mainEntityOfPage\":{\"@id\":\"https:\/\/www.africa-press.net\/burkina-faso\/economie\/transformation-du-ble-le-president-du-faso-inaugure-la-minoterie-moulin-double-star\"},\"wordCount\":882,\"commentCount\":0,\"image\":{\"@id\":\"https:\/\/www.africa-press.net\/burkina-faso\/economie\/transformation-du-ble-le-president-du-faso-inaugure-la-minoterie-moulin-double-star#primaryimage\"},\"thumbnailUrl\":\"https:\/\/static.africa-press.net\/burkina\/sites\/42\/2025\/02\/sm_1740144324.495965.jpg\",\"keywords\":[\"Burkina Faso\"],\"articleSection\":[\"\u00c9conomie\",\"Photo\",\"Toutes les actualit\u00e9s\"],\"inLanguage\":\"fr-FR\",\"potentialAction\":[{\"@type\":\"CommentAction\",\"name\":\"Comment\",\"target\":[\"https:\/\/www.africa-press.net\/burkina-faso\/economie\/transformation-du-ble-le-president-du-faso-inaugure-la-minoterie-moulin-double-star#respond\"]}]},{\"@type\":\"WebPage\",\"@id\":\"https:\/\/www.africa-press.net\/burkina-faso\/economie\/transformation-du-ble-le-president-du-faso-inaugure-la-minoterie-moulin-double-star\",\"url\":\"https:\/\/www.africa-press.net\/burkina-faso\/economie\/transformation-du-ble-le-president-du-faso-inaugure-la-minoterie-moulin-double-star\",\"name\":\"Transformation du bl\u00e9 : le Pr\u00e9sident du Faso inaugure la minoterie Moulin Double Star - Burkina Faso\",\"isPartOf\":{\"@id\":\"https:\/\/www.africa-press.net\/burkina-faso\/#website\"},\"primaryImageOfPage\":{\"@id\":\"https:\/\/www.africa-press.net\/burkina-faso\/economie\/transformation-du-ble-le-president-du-faso-inaugure-la-minoterie-moulin-double-star#primaryimage\"},\"image\":{\"@id\":\"https:\/\/www.africa-press.net\/burkina-faso\/economie\/transformation-du-ble-le-president-du-faso-inaugure-la-minoterie-moulin-double-star#primaryimage\"},\"thumbnailUrl\":\"https:\/\/static.africa-press.net\/burkina\/sites\/42\/2025\/02\/sm_1740144324.495965.jpg\",\"datePublished\":\"2025-02-21T16:33:12+00:00\",\"dateModified\":\"2025-04-13T15:47:35+00:00\",\"author\":{\"@id\":\"https:\/\/www.africa-press.net\/burkina-faso\/#\/schema\/person\/2b1cf3cd81a31e3cd26889ca66d677f1\"},\"description\":\"Le Pre\u0301sident du Faso, Ibrahim Traore\u0301, a inaugure\u0301, le jeudi 20 fe\u0301vrier 2025, l\u2019usine Moulin Double Star (M2S). D\u2019u ...\",\"breadcrumb\":{\"@id\":\"https:\/\/www.africa-press.net\/burkina-faso\/economie\/transformation-du-ble-le-president-du-faso-inaugure-la-minoterie-moulin-double-star#breadcrumb\"},\"inLanguage\":\"fr-FR\",\"potentialAction\":[{\"@type\":\"ReadAction\",\"target\":[\"https:\/\/www.africa-press.net\/burkina-faso\/economie\/transformation-du-ble-le-president-du-faso-inaugure-la-minoterie-moulin-double-star\"]}]},{\"@type\":\"ImageObject\",\"inLanguage\":\"fr-FR\",\"@id\":\"https:\/\/www.africa-press.net\/burkina-faso\/economie\/transformation-du-ble-le-president-du-faso-inaugure-la-minoterie-moulin-double-star#primaryimage\",\"url\":\"https:\/\/static.africa-press.net\/burkina\/sites\/42\/2025\/02\/sm_1740144324.495965.jpg\",\"contentUrl\":\"https:\/\/static.africa-press.net\/burkina\/sites\/42\/2025\/02\/sm_1740144324.495965.jpg\",\"width\":787,\"height\":525,\"caption\":\"Transformation du bl\u00e9 : le Pr\u00e9sident du Faso inaugure la minoterie Moulin Double Star\"},{\"@type\":\"BreadcrumbList\",\"@id\":\"https:\/\/www.africa-press.net\/burkina-faso\/economie\/transformation-du-ble-le-president-du-faso-inaugure-la-minoterie-moulin-double-star#breadcrumb\",\"itemListElement\":[{\"@type\":\"ListItem\",\"position\":1,\"name\":\"Accueil\",\"item\":\"https:\/\/www.africa-press.net\/burkina-faso\/\"},{\"@type\":\"ListItem\",\"position\":2,\"name\":\"Transformation du bl\u00e9 : le Pr\u00e9sident du Faso inaugure la minoterie Moulin Double Star\"}]},{\"@type\":\"WebSite\",\"@id\":\"https:\/\/www.africa-press.net\/burkina-faso\/#website\",\"url\":\"https:\/\/www.africa-press.net\/burkina-faso\/\",\"name\":\"Burkina Faso\",\"description\":\"Just another Africa News Agency Sites site\",\"potentialAction\":[{\"@type\":\"SearchAction\",\"target\":{\"@type\":\"EntryPoint\",\"urlTemplate\":\"https:\/\/www.africa-press.net\/burkina-faso\/?s={search_term_string}\"},\"query-input\":{\"@type\":\"PropertyValueSpecification\",\"valueRequired\":true,\"valueName\":\"search_term_string\"}}],\"inLanguage\":\"fr-FR\"},{\"@type\":\"Person\",\"@id\":\"https:\/\/www.africa-press.net\/burkina-faso\/#\/schema\/person\/2b1cf3cd81a31e3cd26889ca66d677f1\",\"name\":\"cfeditorfr\"}]}<\/script>\n<!-- \/ Yoast SEO Premium plugin. -->","yoast_head_json":{"title":"Transformation du bl\u00e9 : le Pr\u00e9sident du Faso inaugure la minoterie Moulin Double Star - Burkina Faso","description":"Le Pre\u0301sident du Faso, Ibrahim Traore\u0301, a inaugure\u0301, le jeudi 20 fe\u0301vrier 2025, l\u2019usine Moulin Double Star (M2S). D\u2019u ...","robots":{"index":"index","follow":"follow","max-snippet":"max-snippet:-1","max-image-preview":"max-image-preview:large","max-video-preview":"max-video-preview:-1"},"canonical":"https:\/\/www.africa-press.net\/burkina-faso\/economie\/transformation-du-ble-le-president-du-faso-inaugure-la-minoterie-moulin-double-star","og_locale":"fr_FR","og_type":"article","og_title":"Transformation du bl\u00e9 : le Pr\u00e9sident du Faso inaugure la minoterie Moulin Double Star","og_description":"Le Pre\u0301sident du Faso, Ibrahim Traore\u0301, a inaugure\u0301, le jeudi 20 fe\u0301vrier 2025, l\u2019usine Moulin Double Star (M2S). D\u2019u ...","og_url":"https:\/\/www.africa-press.net\/burkina-faso\/economie\/transformation-du-ble-le-president-du-faso-inaugure-la-minoterie-moulin-double-star","og_site_name":"Burkina Faso","article_published_time":"2025-02-21T16:33:12+00:00","article_modified_time":"2025-04-13T15:47:35+00:00","og_image":[{"width":787,"height":525,"url":"https:\/\/static.africa-press.net\/burkina\/sites\/42\/2025\/02\/sm_1740144324.495965.jpg","type":"image\/jpeg"}],"author":"cfeditorfr","twitter_card":"summary_large_image","twitter_misc":{"\u00c9crit par":"cfeditorfr","Dur\u00e9e de lecture estim\u00e9e":"4 minutes"},"schema":{"@context":"https:\/\/schema.org","@graph":[{"@type":"Article","@id":"https:\/\/www.africa-press.net\/burkina-faso\/economie\/transformation-du-ble-le-president-du-faso-inaugure-la-minoterie-moulin-double-star#article","isPartOf":{"@id":"https:\/\/www.africa-press.net\/burkina-faso\/economie\/transformation-du-ble-le-president-du-faso-inaugure-la-minoterie-moulin-double-star"},"author":{"name":"cfeditorfr","@id":"https:\/\/www.africa-press.net\/burkina-faso\/#\/schema\/person\/2b1cf3cd81a31e3cd26889ca66d677f1"},"headline":"Transformation du bl\u00e9 : le Pr\u00e9sident du Faso inaugure la minoterie Moulin Double Star","datePublished":"2025-02-21T16:33:12+00:00","dateModified":"2025-04-13T15:47:35+00:00","mainEntityOfPage":{"@id":"https:\/\/www.africa-press.net\/burkina-faso\/economie\/transformation-du-ble-le-president-du-faso-inaugure-la-minoterie-moulin-double-star"},"wordCount":882,"commentCount":0,"image":{"@id":"https:\/\/www.africa-press.net\/burkina-faso\/economie\/transformation-du-ble-le-president-du-faso-inaugure-la-minoterie-moulin-double-star#primaryimage"},"thumbnailUrl":"https:\/\/static.africa-press.net\/burkina\/sites\/42\/2025\/02\/sm_1740144324.495965.jpg","keywords":["Burkina Faso"],"articleSection":["\u00c9conomie","Photo","Toutes les actualit\u00e9s"],"inLanguage":"fr-FR","potentialAction":[{"@type":"CommentAction","name":"Comment","target":["https:\/\/www.africa-press.net\/burkina-faso\/economie\/transformation-du-ble-le-president-du-faso-inaugure-la-minoterie-moulin-double-star#respond"]}]},{"@type":"WebPage","@id":"https:\/\/www.africa-press.net\/burkina-faso\/economie\/transformation-du-ble-le-president-du-faso-inaugure-la-minoterie-moulin-double-star","url":"https:\/\/www.africa-press.net\/burkina-faso\/economie\/transformation-du-ble-le-president-du-faso-inaugure-la-minoterie-moulin-double-star","name":"Transformation du bl\u00e9 : le Pr\u00e9sident du Faso inaugure la minoterie Moulin Double Star - Burkina Faso","isPartOf":{"@id":"https:\/\/www.africa-press.net\/burkina-faso\/#website"},"primaryImageOfPage":{"@id":"https:\/\/www.africa-press.net\/burkina-faso\/economie\/transformation-du-ble-le-president-du-faso-inaugure-la-minoterie-moulin-double-star#primaryimage"},"image":{"@id":"https:\/\/www.africa-press.net\/burkina-faso\/economie\/transformation-du-ble-le-president-du-faso-inaugure-la-minoterie-moulin-double-star#primaryimage"},"thumbnailUrl":"https:\/\/static.africa-press.net\/burkina\/sites\/42\/2025\/02\/sm_1740144324.495965.jpg","datePublished":"2025-02-21T16:33:12+00:00","dateModified":"2025-04-13T15:47:35+00:00","author":{"@id":"https:\/\/www.africa-press.net\/burkina-faso\/#\/schema\/person\/2b1cf3cd81a31e3cd26889ca66d677f1"},"description":"Le Pre\u0301sident du Faso, Ibrahim Traore\u0301, a inaugure\u0301, le jeudi 20 fe\u0301vrier 2025, l\u2019usine Moulin Double Star (M2S). D\u2019u ...","breadcrumb":{"@id":"https:\/\/www.africa-press.net\/burkina-faso\/economie\/transformation-du-ble-le-president-du-faso-inaugure-la-minoterie-moulin-double-star#breadcrumb"},"inLanguage":"fr-FR","potentialAction":[{"@type":"ReadAction","target":["https:\/\/www.africa-press.net\/burkina-faso\/economie\/transformation-du-ble-le-president-du-faso-inaugure-la-minoterie-moulin-double-star"]}]},{"@type":"ImageObject","inLanguage":"fr-FR","@id":"https:\/\/www.africa-press.net\/burkina-faso\/economie\/transformation-du-ble-le-president-du-faso-inaugure-la-minoterie-moulin-double-star#primaryimage","url":"https:\/\/static.africa-press.net\/burkina\/sites\/42\/2025\/02\/sm_1740144324.495965.jpg","contentUrl":"https:\/\/static.africa-press.net\/burkina\/sites\/42\/2025\/02\/sm_1740144324.495965.jpg","width":787,"height":525,"caption":"Transformation du bl\u00e9 : le Pr\u00e9sident du Faso inaugure la minoterie Moulin Double Star"},{"@type":"BreadcrumbList","@id":"https:\/\/www.africa-press.net\/burkina-faso\/economie\/transformation-du-ble-le-president-du-faso-inaugure-la-minoterie-moulin-double-star#breadcrumb","itemListElement":[{"@type":"ListItem","position":1,"name":"Accueil","item":"https:\/\/www.africa-press.net\/burkina-faso\/"},{"@type":"ListItem","position":2,"name":"Transformation du bl\u00e9 : le Pr\u00e9sident du Faso inaugure la minoterie Moulin Double Star"}]},{"@type":"WebSite","@id":"https:\/\/www.africa-press.net\/burkina-faso\/#website","url":"https:\/\/www.africa-press.net\/burkina-faso\/","name":"Burkina Faso","description":"Just another Africa News Agency Sites site","potentialAction":[{"@type":"SearchAction","target":{"@type":"EntryPoint","urlTemplate":"https:\/\/www.africa-press.net\/burkina-faso\/?s={search_term_string}"},"query-input":{"@type":"PropertyValueSpecification","valueRequired":true,"valueName":"search_term_string"}}],"inLanguage":"fr-FR"},{"@type":"Person","@id":"https:\/\/www.africa-press.net\/burkina-faso\/#\/schema\/person\/2b1cf3cd81a31e3cd26889ca66d677f1","name":"cfeditorfr"}]}},"_links":{"self":[{"href":"https:\/\/www.africa-press.net\/burkina-faso\/wp-json\/wp\/v2\/posts\/106378","targetHints":{"allow":["GET"]}}],"collection":[{"href":"https:\/\/www.africa-press.net\/burkina-faso\/wp-json\/wp\/v2\/posts"}],"about":[{"href":"https:\/\/www.africa-press.net\/burkina-faso\/wp-json\/wp\/v2\/types\/post"}],"author":[{"embeddable":true,"href":"https:\/\/www.africa-press.net\/burkina-faso\/wp-json\/wp\/v2\/users\/82"}],"replies":[{"embeddable":true,"href":"https:\/\/www.africa-press.net\/burkina-faso\/wp-json\/wp\/v2\/comments?post=106378"}],"version-history":[{"count":0,"href":"https:\/\/www.africa-press.net\/burkina-faso\/wp-json\/wp\/v2\/posts\/106378\/revisions"}],"wp:featuredmedia":[{"embeddable":true,"href":"https:\/\/www.africa-press.net\/burkina-faso\/wp-json\/wp\/v2\/media\/106377"}],"wp:attachment":[{"href":"https:\/\/www.africa-press.net\/burkina-faso\/wp-json\/wp\/v2\/media?parent=106378"}],"wp:term":[{"taxonomy":"category","embeddable":true,"href":"https:\/\/www.africa-press.net\/burkina-faso\/wp-json\/wp\/v2\/categories?post=106378"},{"taxonomy":"post_tag","embeddable":true,"href":"https:\/\/www.africa-press.net\/burkina-faso\/wp-json\/wp\/v2\/tags?post=106378"}],"curies":[{"name":"wp","href":"https:\/\/api.w.org\/{rel}","templated":true}]}}