{"id":10641,"date":"2021-04-26T15:20:47","date_gmt":"2021-04-26T15:20:47","guid":{"rendered":"https:\/\/www.africa-press.net\/burkina-faso\/?p=10641"},"modified":"2021-04-26T15:14:40","modified_gmt":"2021-04-26T15:14:40","slug":"22e-jnp-le-monde-rural-a-la-recherche-de-strategies-de-resilience-face-aux-crises-securitaire-et-sanitaire-2","status":"publish","type":"post","link":"https:\/\/www.africa-press.net\/burkina-faso\/economie\/22e-jnp-le-monde-rural-a-la-recherche-de-strategies-de-resilience-face-aux-crises-securitaire-et-sanitaire-2","title":{"rendered":"22e JNP : Le monde rural \u00e0 la recherche de strat\u00e9gies de r\u00e9silience face aux crises s\u00e9curitaire et sanitaire"},"content":{"rendered":"<p><span style=\"color: #ff6600\"><strong><a href=\"https:\/\/www.africa-press.net\/\">Africa-Press<\/a> &#8211; <a href=\"https:\/\/www.africa-press.net\/burkina-faso\">Burkina Faso<\/a>. <\/strong><\/span><b>Les acteurs du monde rural \u00e9taient r\u00e9unis \u00e0 Manga ce samedi 24 avril 2021 \u00e0 l\u2019occasion de la 22e Journ\u00e9e nationale du paysan (JNP). Au regard de la situation actuelle, les r\u00e9flexions ont \u00e9t\u00e9 ax\u00e9es autour du th\u00e8me : \u00ab\u00a0Impacts socio-\u00e9conomiques des crises s\u00e9curitaire et sanitaire dans les secteurs productifs du monde rural : quelles strat\u00e9gies de r\u00e9silience ? \u00ab\u00a0. Les 400 producteurs pr\u00e9sents ont \u00e9galement eu un face-\u00e0-face avec le chef de l\u2019\u00c9tat, Roch Kabor\u00e9, afin de poser leurs pr\u00e9occupations et faire des recommandations pour un meilleur rayonnement du secteur agricole. 87 d\u2019entre eux ont vu leurs efforts r\u00e9compens\u00e9s, \u00e0 travers des d\u00e9corations.<\/b><\/p>\n<p>La Journ\u00e9e nationale du paysan (JNP) constitue une tribune d\u2019expression du monde rural, en ce sens qu\u2019elle offre aux producteurs l\u2019occasion de poser leurs pr\u00e9occupations aux d\u00e9cideurs afin que celles-ci soient prises en compte dans la planification du d\u00e9veloppement. En 22 \u00e9ditions, la JNP a permis d\u2019engager des r\u00e9formes strat\u00e9giques au profit du monde rural. Il s\u2019agit notamment de la mise en place d\u2019un Fonds de d\u00e9veloppement de l\u2019\u00e9levage (FODEL), de l\u2019op\u00e9rationnalisation du Fonds d\u2019Intervention pour l\u2019Environnement (FIE), de l\u2019op\u00e9rationnalisation de l\u2019assurance agricole, de la cr\u00e9ation de la centrale d\u2019approvisionnement en instants et mat\u00e9riels agricoles, de l\u2019instauration de la carte professionnelle agricole, etc.<\/p>\n<p>Pour la 22e \u00e9dition de la JNP, les acteurs du monde rural ont r\u00e9fl\u00e9chi autour du th\u00e8me : \u00ab\u00a0Impacts socio-\u00e9conomiques des crises s\u00e9curitaire et sanitaire dans les secteurs productifs du monde rural : quelles strat\u00e9gies de r\u00e9silience ?\u00a0\u00bb. Le choix d\u2019une telle th\u00e9matique s\u2019explique selon le ministre de l\u2019Agriculture, des Am\u00e9nagements hydro-agricoles et de la M\u00e9canisation, Salifou Ou\u00e9draogo, par le fait qu\u2019en plus des changements climatiques, les producteurs sont d\u00e9sormais confront\u00e9s \u00e0 un environnement marqu\u00e9 par des attaques terroristes qui engendrent des d\u00e9placements massifs de population. \u00ab\u00a0Cette situation se traduit par la limitation de l\u2019acc\u00e8s aux march\u00e9s int\u00e9rieurs et internationaux et de l\u2019accessibilit\u00e9 des m\u00e9nages aux produits alimentaires\u00a0\u00bb, a-t-il pr\u00e9cis\u00e9.<\/p>\n<p>Lassina Traor\u00e9 est un producteur-\u00e9leveur de la r\u00e9gion de l\u2019Est, une zone \u00e0 fort d\u00e9fi s\u00e9curitaire. Pr\u00e9sent \u00e0 cette 22e \u00e9dition de la JNP, il affirme que les crises s\u00e9curitaire et sanitaire impactent n\u00e9gativement ses activit\u00e9s agricoles et pastorales. \u00ab\u00a0Nous avons des difficult\u00e9s pour trouver de quoi nourrir nos animaux puisque c\u2019est en brousse que nous allions chercher le fourage. Et \u00e0 cause de l\u2019ins\u00e9curit\u00e9, nous avons peur d\u2019y aller puisque les terroristes se cachent dans les for\u00eats. Aussi, avec le coronavirus qui a conduit \u00e0 la fermeture des fronti\u00e8res, nous ne pouvons plus exporter nos animaux ou nos productions\u00a0\u00bb, a-t-il d\u00e9crit leur calvaire. Lassina Traor\u00e9 nourrit ainsi de grands espoirs en cette JNP et esp\u00e8re que des solutions idoines en sortiront.<\/p>\n<p><b>Les recommandations des acteurs du monde rural pour une meilleure r\u00e9silience du secteur<\/b><\/p>\n<p>Au cours du face-\u00e0-face avec le pr\u00e9sident du Faso, Roch Kabor\u00e9, les producteurs ont eu l\u2019occasion de poser leurs pr\u00e9occupations. Celles-ci portent sur la d\u00e9gradation du couvert v\u00e9g\u00e9tal et des terres agricoles du fait de l\u2019exploitation mini\u00e8re, le dysfonctionnement des services fonciers ruraux, la commercialisation des pesticides non homologu\u00e9s et leurs cons\u00e9quences sur la sant\u00e9, les recommandations issues des fora r\u00e9gionaux et sectoriels pr\u00e9sent\u00e9es.<\/p>\n<p>Pour am\u00e9liorer cette situation, les producteurs ont formul\u00e9 entre autres recommandations, l\u2019allocation d\u2019au moins 30 milliards de FCFA d\u2019ici 2023 au Fonds de d\u00e9veloppement agricole, la reconnaissance de la Centrale d\u2019Achat des Intrants et Mat\u00e9riels Agricoles (CAIMA) comme Association d\u2019utilit\u00e9 publique et lui accorder des garanties pour un cr\u00e9dit documentaire d\u2019au moins 50 milliards de FCFA.<\/p>\n<p>Autres recommandations, il s\u2019agit de s\u00e9curiser les infrastructures strat\u00e9giques de mobilisation et de distribution d\u2019eau existantes et en cours de r\u00e9alisation et assurer la protection des cours et retenues d\u2019eau contre la pollution, l\u2019ensablement et les pratiques n\u00e9fastes. Les producteurs et productrices ont aussi pr\u00e9conis\u00e9 l\u2019am\u00e9lioration de la s\u00e9curit\u00e9 dans les zones de production et espaces de conservation, les zones pastorales et aires class\u00e9es, la r\u00e9alisation des unit\u00e9s de transformation, de comptoirs d\u2019achat des fruits et l\u00e9gumes dans les zones qui en manquent, une meilleure r\u00e9partition des projets et programmes dans le secteur agro-sylvo-pastoral, la disponibilisation des intrants et \u00e0 co\u00fbts r\u00e9duits, la mise en place d\u2019espaces de conservation.<\/p>\n<p>A l\u2019issue des diff\u00e9rents \u00e9changes, le chef de l\u2019\u00c9tat a instruit les ministres en charge du d\u00e9veloppement rural de prendre les dispositions n\u00e9cessaires pour une mise en \u0153uvre effective des diff\u00e9rentes recommandations. Apr\u00e8s Manga 2021, rendez-vous est pris pour 2023 pour la 23e \u00e9dition de la Journ\u00e9e nationale du paysan.<\/p>\n<p><b>Armelle Ouedraogo<br \/>\n<\/b><\/p>\n","protected":false},"excerpt":{"rendered":"<p>Africa-Press &#8211; Burkina Faso. Les acteurs du monde rural \u00e9taient r\u00e9unis \u00e0 Manga ce samedi 24 avril 2021 \u00e0 l\u2019occasion de la 22e Journ\u00e9e nationale du paysan (JNP). Au regard de la situation actuelle, les r\u00e9flexions ont \u00e9t\u00e9 ax\u00e9es autour du th\u00e8me : \u00ab\u00a0Impacts socio-\u00e9conomiques des crises s\u00e9curitaire et sanitaire dans les secteurs productifs du [&hellip;]<\/p>\n","protected":false},"author":82,"featured_media":10640,"comment_status":"open","ping_status":"closed","sticky":false,"template":"","format":"standard","meta":{"footnotes":""},"categories":[3,11,10],"tags":[111,725,29],"class_list":["post-10641","post","type-post","status-publish","format-standard","has-post-thumbnail","hentry","category-economie","category-homepage-french","category-toutes-les-actualites","tag-africa-press","tag-africa-press-burkina-faso","tag-burkina-faso"],"yoast_head":"<!-- This site is optimized with the Yoast SEO Premium plugin v26.1 (Yoast SEO v27.0) - https:\/\/yoast.com\/product\/yoast-seo-premium-wordpress\/ -->\n<title>22e JNP : Le monde rural \u00e0 la recherche de strat\u00e9gies de r\u00e9silience face aux crises s\u00e9curitaire et sanitaire - Burkina Faso<\/title>\n<meta name=\"description\" content=\"Les acteurs du monde rural \u00e9taient r\u00e9unis \u00e0 Manga ce samedi 24 avril 2021 \u00e0 l\u2019occasion de la 22e Journ\u00e9e nationale du ...\" \/>\n<meta name=\"robots\" content=\"index, follow, max-snippet:-1, max-image-preview:large, max-video-preview:-1\" \/>\n<link rel=\"canonical\" href=\"https:\/\/www.africa-press.net\/burkina-faso\/economie\/22e-jnp-le-monde-rural-a-la-recherche-de-strategies-de-resilience-face-aux-crises-securitaire-et-sanitaire-2\" \/>\n<meta property=\"og:locale\" content=\"fr_FR\" \/>\n<meta property=\"og:type\" content=\"article\" \/>\n<meta property=\"og:title\" content=\"22e JNP : Le monde rural \u00e0 la recherche de strat\u00e9gies de r\u00e9silience face aux crises s\u00e9curitaire et sanitaire\" \/>\n<meta property=\"og:description\" content=\"Les acteurs du monde rural \u00e9taient r\u00e9unis \u00e0 Manga ce samedi 24 avril 2021 \u00e0 l\u2019occasion de la 22e Journ\u00e9e nationale du ...\" \/>\n<meta property=\"og:url\" content=\"https:\/\/www.africa-press.net\/burkina-faso\/economie\/22e-jnp-le-monde-rural-a-la-recherche-de-strategies-de-resilience-face-aux-crises-securitaire-et-sanitaire-2\" \/>\n<meta property=\"og:site_name\" content=\"Burkina Faso\" \/>\n<meta property=\"article:published_time\" content=\"2021-04-26T15:20:47+00:00\" \/>\n<meta property=\"og:image\" content=\"https:\/\/static.africa-press.net\/burkina\/sites\/42\/2021\/04\/img-6086cd96c43bb.jpg\" \/>\n\t<meta property=\"og:image:width\" content=\"720\" \/>\n\t<meta property=\"og:image:height\" content=\"413\" \/>\n\t<meta property=\"og:image:type\" content=\"image\/jpeg\" \/>\n<meta name=\"author\" content=\"cfeditorfr\" \/>\n<meta name=\"twitter:card\" content=\"summary_large_image\" \/>\n<meta name=\"twitter:label1\" content=\"\u00c9crit par\" \/>\n\t<meta name=\"twitter:data1\" content=\"cfeditorfr\" \/>\n\t<meta name=\"twitter:label2\" content=\"Dur\u00e9e de lecture estim\u00e9e\" \/>\n\t<meta name=\"twitter:data2\" content=\"4 minutes\" \/>\n<script type=\"application\/ld+json\" class=\"yoast-schema-graph\">{\"@context\":\"https:\/\/schema.org\",\"@graph\":[{\"@type\":\"Article\",\"@id\":\"https:\/\/www.africa-press.net\/burkina-faso\/economie\/22e-jnp-le-monde-rural-a-la-recherche-de-strategies-de-resilience-face-aux-crises-securitaire-et-sanitaire-2#article\",\"isPartOf\":{\"@id\":\"https:\/\/www.africa-press.net\/burkina-faso\/economie\/22e-jnp-le-monde-rural-a-la-recherche-de-strategies-de-resilience-face-aux-crises-securitaire-et-sanitaire-2\"},\"author\":{\"name\":\"cfeditorfr\",\"@id\":\"https:\/\/www.africa-press.net\/burkina-faso\/#\/schema\/person\/2b1cf3cd81a31e3cd26889ca66d677f1\"},\"headline\":\"22e JNP : Le monde rural \u00e0 la recherche de strat\u00e9gies de r\u00e9silience face aux crises s\u00e9curitaire et sanitaire\",\"datePublished\":\"2021-04-26T15:20:47+00:00\",\"mainEntityOfPage\":{\"@id\":\"https:\/\/www.africa-press.net\/burkina-faso\/economie\/22e-jnp-le-monde-rural-a-la-recherche-de-strategies-de-resilience-face-aux-crises-securitaire-et-sanitaire-2\"},\"wordCount\":871,\"commentCount\":0,\"image\":{\"@id\":\"https:\/\/www.africa-press.net\/burkina-faso\/economie\/22e-jnp-le-monde-rural-a-la-recherche-de-strategies-de-resilience-face-aux-crises-securitaire-et-sanitaire-2#primaryimage\"},\"thumbnailUrl\":\"https:\/\/static.africa-press.net\/burkina\/sites\/42\/2021\/04\/img-6086cd96c43bb.jpg\",\"keywords\":[\"Africa Press\",\"Africa Press-Burkina Faso\",\"Burkina Faso\"],\"articleSection\":[\"\u00c9conomie\",\"homepage-french\",\"Toutes les actualit\u00e9s\"],\"inLanguage\":\"fr-FR\",\"potentialAction\":[{\"@type\":\"CommentAction\",\"name\":\"Comment\",\"target\":[\"https:\/\/www.africa-press.net\/burkina-faso\/economie\/22e-jnp-le-monde-rural-a-la-recherche-de-strategies-de-resilience-face-aux-crises-securitaire-et-sanitaire-2#respond\"]}]},{\"@type\":\"WebPage\",\"@id\":\"https:\/\/www.africa-press.net\/burkina-faso\/economie\/22e-jnp-le-monde-rural-a-la-recherche-de-strategies-de-resilience-face-aux-crises-securitaire-et-sanitaire-2\",\"url\":\"https:\/\/www.africa-press.net\/burkina-faso\/economie\/22e-jnp-le-monde-rural-a-la-recherche-de-strategies-de-resilience-face-aux-crises-securitaire-et-sanitaire-2\",\"name\":\"22e JNP : Le monde rural \u00e0 la recherche de strat\u00e9gies de r\u00e9silience face aux crises s\u00e9curitaire et sanitaire - Burkina Faso\",\"isPartOf\":{\"@id\":\"https:\/\/www.africa-press.net\/burkina-faso\/#website\"},\"primaryImageOfPage\":{\"@id\":\"https:\/\/www.africa-press.net\/burkina-faso\/economie\/22e-jnp-le-monde-rural-a-la-recherche-de-strategies-de-resilience-face-aux-crises-securitaire-et-sanitaire-2#primaryimage\"},\"image\":{\"@id\":\"https:\/\/www.africa-press.net\/burkina-faso\/economie\/22e-jnp-le-monde-rural-a-la-recherche-de-strategies-de-resilience-face-aux-crises-securitaire-et-sanitaire-2#primaryimage\"},\"thumbnailUrl\":\"https:\/\/static.africa-press.net\/burkina\/sites\/42\/2021\/04\/img-6086cd96c43bb.jpg\",\"datePublished\":\"2021-04-26T15:20:47+00:00\",\"author\":{\"@id\":\"https:\/\/www.africa-press.net\/burkina-faso\/#\/schema\/person\/2b1cf3cd81a31e3cd26889ca66d677f1\"},\"description\":\"Les acteurs du monde rural \u00e9taient r\u00e9unis \u00e0 Manga ce samedi 24 avril 2021 \u00e0 l\u2019occasion de la 22e Journ\u00e9e nationale du ...\",\"breadcrumb\":{\"@id\":\"https:\/\/www.africa-press.net\/burkina-faso\/economie\/22e-jnp-le-monde-rural-a-la-recherche-de-strategies-de-resilience-face-aux-crises-securitaire-et-sanitaire-2#breadcrumb\"},\"inLanguage\":\"fr-FR\",\"potentialAction\":[{\"@type\":\"ReadAction\",\"target\":[\"https:\/\/www.africa-press.net\/burkina-faso\/economie\/22e-jnp-le-monde-rural-a-la-recherche-de-strategies-de-resilience-face-aux-crises-securitaire-et-sanitaire-2\"]}]},{\"@type\":\"ImageObject\",\"inLanguage\":\"fr-FR\",\"@id\":\"https:\/\/www.africa-press.net\/burkina-faso\/economie\/22e-jnp-le-monde-rural-a-la-recherche-de-strategies-de-resilience-face-aux-crises-securitaire-et-sanitaire-2#primaryimage\",\"url\":\"https:\/\/static.africa-press.net\/burkina\/sites\/42\/2021\/04\/img-6086cd96c43bb.jpg\",\"contentUrl\":\"https:\/\/static.africa-press.net\/burkina\/sites\/42\/2021\/04\/img-6086cd96c43bb.jpg\",\"width\":720,\"height\":413,\"caption\":\"22e JNP : Le monde rural \u00e0 la recherche de strat\u00e9gies de r\u00e9silience face aux crises s\u00e9curitaire et sanitaire\"},{\"@type\":\"BreadcrumbList\",\"@id\":\"https:\/\/www.africa-press.net\/burkina-faso\/economie\/22e-jnp-le-monde-rural-a-la-recherche-de-strategies-de-resilience-face-aux-crises-securitaire-et-sanitaire-2#breadcrumb\",\"itemListElement\":[{\"@type\":\"ListItem\",\"position\":1,\"name\":\"Accueil\",\"item\":\"https:\/\/www.africa-press.net\/burkina-faso\/\"},{\"@type\":\"ListItem\",\"position\":2,\"name\":\"22e JNP : Le monde rural \u00e0 la recherche de strat\u00e9gies de r\u00e9silience face aux crises s\u00e9curitaire et sanitaire\"}]},{\"@type\":\"WebSite\",\"@id\":\"https:\/\/www.africa-press.net\/burkina-faso\/#website\",\"url\":\"https:\/\/www.africa-press.net\/burkina-faso\/\",\"name\":\"Burkina Faso\",\"description\":\"Just another Africa News Agency Sites site\",\"potentialAction\":[{\"@type\":\"SearchAction\",\"target\":{\"@type\":\"EntryPoint\",\"urlTemplate\":\"https:\/\/www.africa-press.net\/burkina-faso\/?s={search_term_string}\"},\"query-input\":{\"@type\":\"PropertyValueSpecification\",\"valueRequired\":true,\"valueName\":\"search_term_string\"}}],\"inLanguage\":\"fr-FR\"},{\"@type\":\"Person\",\"@id\":\"https:\/\/www.africa-press.net\/burkina-faso\/#\/schema\/person\/2b1cf3cd81a31e3cd26889ca66d677f1\",\"name\":\"cfeditorfr\"}]}<\/script>\n<!-- \/ Yoast SEO Premium plugin. -->","yoast_head_json":{"title":"22e JNP : Le monde rural \u00e0 la recherche de strat\u00e9gies de r\u00e9silience face aux crises s\u00e9curitaire et sanitaire - Burkina Faso","description":"Les acteurs du monde rural \u00e9taient r\u00e9unis \u00e0 Manga ce samedi 24 avril 2021 \u00e0 l\u2019occasion de la 22e Journ\u00e9e nationale du ...","robots":{"index":"index","follow":"follow","max-snippet":"max-snippet:-1","max-image-preview":"max-image-preview:large","max-video-preview":"max-video-preview:-1"},"canonical":"https:\/\/www.africa-press.net\/burkina-faso\/economie\/22e-jnp-le-monde-rural-a-la-recherche-de-strategies-de-resilience-face-aux-crises-securitaire-et-sanitaire-2","og_locale":"fr_FR","og_type":"article","og_title":"22e JNP : Le monde rural \u00e0 la recherche de strat\u00e9gies de r\u00e9silience face aux crises s\u00e9curitaire et sanitaire","og_description":"Les acteurs du monde rural \u00e9taient r\u00e9unis \u00e0 Manga ce samedi 24 avril 2021 \u00e0 l\u2019occasion de la 22e Journ\u00e9e nationale du ...","og_url":"https:\/\/www.africa-press.net\/burkina-faso\/economie\/22e-jnp-le-monde-rural-a-la-recherche-de-strategies-de-resilience-face-aux-crises-securitaire-et-sanitaire-2","og_site_name":"Burkina Faso","article_published_time":"2021-04-26T15:20:47+00:00","og_image":[{"width":720,"height":413,"url":"https:\/\/static.africa-press.net\/burkina\/sites\/42\/2021\/04\/img-6086cd96c43bb.jpg","type":"image\/jpeg"}],"author":"cfeditorfr","twitter_card":"summary_large_image","twitter_misc":{"\u00c9crit par":"cfeditorfr","Dur\u00e9e de lecture estim\u00e9e":"4 minutes"},"schema":{"@context":"https:\/\/schema.org","@graph":[{"@type":"Article","@id":"https:\/\/www.africa-press.net\/burkina-faso\/economie\/22e-jnp-le-monde-rural-a-la-recherche-de-strategies-de-resilience-face-aux-crises-securitaire-et-sanitaire-2#article","isPartOf":{"@id":"https:\/\/www.africa-press.net\/burkina-faso\/economie\/22e-jnp-le-monde-rural-a-la-recherche-de-strategies-de-resilience-face-aux-crises-securitaire-et-sanitaire-2"},"author":{"name":"cfeditorfr","@id":"https:\/\/www.africa-press.net\/burkina-faso\/#\/schema\/person\/2b1cf3cd81a31e3cd26889ca66d677f1"},"headline":"22e JNP : Le monde rural \u00e0 la recherche de strat\u00e9gies de r\u00e9silience face aux crises s\u00e9curitaire et sanitaire","datePublished":"2021-04-26T15:20:47+00:00","mainEntityOfPage":{"@id":"https:\/\/www.africa-press.net\/burkina-faso\/economie\/22e-jnp-le-monde-rural-a-la-recherche-de-strategies-de-resilience-face-aux-crises-securitaire-et-sanitaire-2"},"wordCount":871,"commentCount":0,"image":{"@id":"https:\/\/www.africa-press.net\/burkina-faso\/economie\/22e-jnp-le-monde-rural-a-la-recherche-de-strategies-de-resilience-face-aux-crises-securitaire-et-sanitaire-2#primaryimage"},"thumbnailUrl":"https:\/\/static.africa-press.net\/burkina\/sites\/42\/2021\/04\/img-6086cd96c43bb.jpg","keywords":["Africa Press","Africa Press-Burkina Faso","Burkina Faso"],"articleSection":["\u00c9conomie","homepage-french","Toutes les actualit\u00e9s"],"inLanguage":"fr-FR","potentialAction":[{"@type":"CommentAction","name":"Comment","target":["https:\/\/www.africa-press.net\/burkina-faso\/economie\/22e-jnp-le-monde-rural-a-la-recherche-de-strategies-de-resilience-face-aux-crises-securitaire-et-sanitaire-2#respond"]}]},{"@type":"WebPage","@id":"https:\/\/www.africa-press.net\/burkina-faso\/economie\/22e-jnp-le-monde-rural-a-la-recherche-de-strategies-de-resilience-face-aux-crises-securitaire-et-sanitaire-2","url":"https:\/\/www.africa-press.net\/burkina-faso\/economie\/22e-jnp-le-monde-rural-a-la-recherche-de-strategies-de-resilience-face-aux-crises-securitaire-et-sanitaire-2","name":"22e JNP : Le monde rural \u00e0 la recherche de strat\u00e9gies de r\u00e9silience face aux crises s\u00e9curitaire et sanitaire - Burkina Faso","isPartOf":{"@id":"https:\/\/www.africa-press.net\/burkina-faso\/#website"},"primaryImageOfPage":{"@id":"https:\/\/www.africa-press.net\/burkina-faso\/economie\/22e-jnp-le-monde-rural-a-la-recherche-de-strategies-de-resilience-face-aux-crises-securitaire-et-sanitaire-2#primaryimage"},"image":{"@id":"https:\/\/www.africa-press.net\/burkina-faso\/economie\/22e-jnp-le-monde-rural-a-la-recherche-de-strategies-de-resilience-face-aux-crises-securitaire-et-sanitaire-2#primaryimage"},"thumbnailUrl":"https:\/\/static.africa-press.net\/burkina\/sites\/42\/2021\/04\/img-6086cd96c43bb.jpg","datePublished":"2021-04-26T15:20:47+00:00","author":{"@id":"https:\/\/www.africa-press.net\/burkina-faso\/#\/schema\/person\/2b1cf3cd81a31e3cd26889ca66d677f1"},"description":"Les acteurs du monde rural \u00e9taient r\u00e9unis \u00e0 Manga ce samedi 24 avril 2021 \u00e0 l\u2019occasion de la 22e Journ\u00e9e nationale du ...","breadcrumb":{"@id":"https:\/\/www.africa-press.net\/burkina-faso\/economie\/22e-jnp-le-monde-rural-a-la-recherche-de-strategies-de-resilience-face-aux-crises-securitaire-et-sanitaire-2#breadcrumb"},"inLanguage":"fr-FR","potentialAction":[{"@type":"ReadAction","target":["https:\/\/www.africa-press.net\/burkina-faso\/economie\/22e-jnp-le-monde-rural-a-la-recherche-de-strategies-de-resilience-face-aux-crises-securitaire-et-sanitaire-2"]}]},{"@type":"ImageObject","inLanguage":"fr-FR","@id":"https:\/\/www.africa-press.net\/burkina-faso\/economie\/22e-jnp-le-monde-rural-a-la-recherche-de-strategies-de-resilience-face-aux-crises-securitaire-et-sanitaire-2#primaryimage","url":"https:\/\/static.africa-press.net\/burkina\/sites\/42\/2021\/04\/img-6086cd96c43bb.jpg","contentUrl":"https:\/\/static.africa-press.net\/burkina\/sites\/42\/2021\/04\/img-6086cd96c43bb.jpg","width":720,"height":413,"caption":"22e JNP : Le monde rural \u00e0 la recherche de strat\u00e9gies de r\u00e9silience face aux crises s\u00e9curitaire et sanitaire"},{"@type":"BreadcrumbList","@id":"https:\/\/www.africa-press.net\/burkina-faso\/economie\/22e-jnp-le-monde-rural-a-la-recherche-de-strategies-de-resilience-face-aux-crises-securitaire-et-sanitaire-2#breadcrumb","itemListElement":[{"@type":"ListItem","position":1,"name":"Accueil","item":"https:\/\/www.africa-press.net\/burkina-faso\/"},{"@type":"ListItem","position":2,"name":"22e JNP : Le monde rural \u00e0 la recherche de strat\u00e9gies de r\u00e9silience face aux crises s\u00e9curitaire et sanitaire"}]},{"@type":"WebSite","@id":"https:\/\/www.africa-press.net\/burkina-faso\/#website","url":"https:\/\/www.africa-press.net\/burkina-faso\/","name":"Burkina Faso","description":"Just another Africa News Agency Sites site","potentialAction":[{"@type":"SearchAction","target":{"@type":"EntryPoint","urlTemplate":"https:\/\/www.africa-press.net\/burkina-faso\/?s={search_term_string}"},"query-input":{"@type":"PropertyValueSpecification","valueRequired":true,"valueName":"search_term_string"}}],"inLanguage":"fr-FR"},{"@type":"Person","@id":"https:\/\/www.africa-press.net\/burkina-faso\/#\/schema\/person\/2b1cf3cd81a31e3cd26889ca66d677f1","name":"cfeditorfr"}]}},"_links":{"self":[{"href":"https:\/\/www.africa-press.net\/burkina-faso\/wp-json\/wp\/v2\/posts\/10641","targetHints":{"allow":["GET"]}}],"collection":[{"href":"https:\/\/www.africa-press.net\/burkina-faso\/wp-json\/wp\/v2\/posts"}],"about":[{"href":"https:\/\/www.africa-press.net\/burkina-faso\/wp-json\/wp\/v2\/types\/post"}],"author":[{"embeddable":true,"href":"https:\/\/www.africa-press.net\/burkina-faso\/wp-json\/wp\/v2\/users\/82"}],"replies":[{"embeddable":true,"href":"https:\/\/www.africa-press.net\/burkina-faso\/wp-json\/wp\/v2\/comments?post=10641"}],"version-history":[{"count":0,"href":"https:\/\/www.africa-press.net\/burkina-faso\/wp-json\/wp\/v2\/posts\/10641\/revisions"}],"wp:featuredmedia":[{"embeddable":true,"href":"https:\/\/www.africa-press.net\/burkina-faso\/wp-json\/wp\/v2\/media\/10640"}],"wp:attachment":[{"href":"https:\/\/www.africa-press.net\/burkina-faso\/wp-json\/wp\/v2\/media?parent=10641"}],"wp:term":[{"taxonomy":"category","embeddable":true,"href":"https:\/\/www.africa-press.net\/burkina-faso\/wp-json\/wp\/v2\/categories?post=10641"},{"taxonomy":"post_tag","embeddable":true,"href":"https:\/\/www.africa-press.net\/burkina-faso\/wp-json\/wp\/v2\/tags?post=10641"}],"curies":[{"name":"wp","href":"https:\/\/api.w.org\/{rel}","templated":true}]}}