{"id":10644,"date":"2021-04-26T15:28:35","date_gmt":"2021-04-26T15:28:35","guid":{"rendered":"https:\/\/www.africa-press.net\/burkina-faso\/?p=10644"},"modified":"2021-04-26T15:14:46","modified_gmt":"2021-04-26T15:14:46","slug":"reformes-du-systeme-educatif-18-associations-deleves-prevoient-une-manifestation-de-72h-a-compter-du-29-avril-2021","status":"publish","type":"post","link":"https:\/\/www.africa-press.net\/burkina-faso\/culture-et-art\/reformes-du-systeme-educatif-18-associations-deleves-prevoient-une-manifestation-de-72h-a-compter-du-29-avril-2021","title":{"rendered":"R\u00e9formes du syst\u00e8me \u00e9ducatif : 18 associations d\u2019\u00e9l\u00e8ves pr\u00e9voient une manifestation de 72h \u00e0 compter du 29 avril 2021"},"content":{"rendered":"<p><span style=\"color: #ff6600\"><strong><a href=\"https:\/\/www.africa-press.net\/\">Africa-Press<\/a> &#8211; <a href=\"https:\/\/www.africa-press.net\/burkina-faso\">Burkina Faso<\/a>. <\/strong><\/span><b>La crise dans le syst\u00e8me \u00e9ducatif burkinab\u00e8, suscit\u00e9e par les nouvelles r\u00e9formes entreprises par le gouvernement, n\u2019a pas fini de faire de gorges chaudes.<\/b><\/p>\n<p>En effet, 18 associations d\u2019\u00e9l\u00e8ves r\u00e9unies en coalition, dans une note adress\u00e9e au ministre en charge de l\u2019Education nationale, pr\u00e9voient une manifestation du jeudi 29 avril au samedi 1er mai 2021.<\/p>\n<p>Ces 72 h de contestation pourraient \u00eatre reconduites selon Madi Ou\u00e9draogo et ses camarades, si rien n\u2019est fait, peut-on lire dans la note conjointe. Cette manifestation de 72h r\u00e9pond, selon les \u00e9l\u00e8ves, aux \u00ab\u00a0multiples interpellations et manifestations\u00a0\u00bb contre ce qu\u2019ils qualifient de \u00ab\u00a0forfaiture faite au syst\u00e8me \u00e9ducatif\u00a0\u00bb.<\/p>\n","protected":false},"excerpt":{"rendered":"<p>Africa-Press &#8211; Burkina Faso. La crise dans le syst\u00e8me \u00e9ducatif burkinab\u00e8, suscit\u00e9e par les nouvelles r\u00e9formes entreprises par le gouvernement, n\u2019a pas fini de faire de gorges chaudes. En effet, 18 associations d\u2019\u00e9l\u00e8ves r\u00e9unies en coalition, dans une note adress\u00e9e au ministre en charge de l\u2019Education nationale, pr\u00e9voient une manifestation du jeudi 29 avril au [&hellip;]<\/p>\n","protected":false},"author":82,"featured_media":10643,"comment_status":"open","ping_status":"closed","sticky":false,"template":"","format":"standard","meta":{"footnotes":""},"categories":[5,11,20,10],"tags":[111,725,29],"class_list":["post-10644","post","type-post","status-publish","format-standard","has-post-thumbnail","hentry","category-culture-et-art","category-homepage-french","category-top-nouvelles","category-toutes-les-actualites","tag-africa-press","tag-africa-press-burkina-faso","tag-burkina-faso"],"yoast_head":"<!-- This site is optimized with the Yoast SEO Premium plugin v26.1 (Yoast SEO v27.0) - https:\/\/yoast.com\/product\/yoast-seo-premium-wordpress\/ -->\n<title>R\u00e9formes du syst\u00e8me \u00e9ducatif : 18 associations d\u2019\u00e9l\u00e8ves pr\u00e9voient une manifestation de 72h \u00e0 compter du 29 avril 2021 - Burkina Faso<\/title>\n<meta name=\"description\" content=\"La crise dans le syst\u00e8me \u00e9ducatif burkinab\u00e8, suscit\u00e9e par les nouvelles r\u00e9formes entreprises par le gouvernement, n\u2019a ...\" \/>\n<meta name=\"robots\" content=\"index, follow, max-snippet:-1, max-image-preview:large, max-video-preview:-1\" \/>\n<link rel=\"canonical\" href=\"https:\/\/www.africa-press.net\/burkina-faso\/culture-et-art\/reformes-du-systeme-educatif-18-associations-deleves-prevoient-une-manifestation-de-72h-a-compter-du-29-avril-2021\" \/>\n<meta property=\"og:locale\" content=\"fr_FR\" \/>\n<meta property=\"og:type\" content=\"article\" \/>\n<meta property=\"og:title\" content=\"R\u00e9formes du syst\u00e8me \u00e9ducatif : 18 associations d\u2019\u00e9l\u00e8ves pr\u00e9voient une manifestation de 72h \u00e0 compter du 29 avril 2021\" \/>\n<meta property=\"og:description\" content=\"La crise dans le syst\u00e8me \u00e9ducatif burkinab\u00e8, suscit\u00e9e par les nouvelles r\u00e9formes entreprises par le gouvernement, n\u2019a ...\" \/>\n<meta property=\"og:url\" content=\"https:\/\/www.africa-press.net\/burkina-faso\/culture-et-art\/reformes-du-systeme-educatif-18-associations-deleves-prevoient-une-manifestation-de-72h-a-compter-du-29-avril-2021\" \/>\n<meta property=\"og:site_name\" content=\"Burkina Faso\" \/>\n<meta property=\"article:published_time\" content=\"2021-04-26T15:28:35+00:00\" \/>\n<meta property=\"og:image\" content=\"https:\/\/static.africa-press.net\/burkina\/sites\/42\/2021\/04\/img-6086cdc7cc613.jpg\" \/>\n\t<meta property=\"og:image:width\" content=\"720\" \/>\n\t<meta property=\"og:image:height\" content=\"404\" \/>\n\t<meta property=\"og:image:type\" content=\"image\/jpeg\" \/>\n<meta name=\"author\" content=\"cfeditorfr\" \/>\n<meta name=\"twitter:card\" content=\"summary_large_image\" \/>\n<meta name=\"twitter:label1\" content=\"\u00c9crit par\" \/>\n\t<meta name=\"twitter:data1\" content=\"cfeditorfr\" \/>\n\t<meta name=\"twitter:label2\" content=\"Dur\u00e9e de lecture estim\u00e9e\" \/>\n\t<meta name=\"twitter:data2\" content=\"1 minute\" \/>\n<script type=\"application\/ld+json\" class=\"yoast-schema-graph\">{\"@context\":\"https:\/\/schema.org\",\"@graph\":[{\"@type\":\"Article\",\"@id\":\"https:\/\/www.africa-press.net\/burkina-faso\/culture-et-art\/reformes-du-systeme-educatif-18-associations-deleves-prevoient-une-manifestation-de-72h-a-compter-du-29-avril-2021#article\",\"isPartOf\":{\"@id\":\"https:\/\/www.africa-press.net\/burkina-faso\/culture-et-art\/reformes-du-systeme-educatif-18-associations-deleves-prevoient-une-manifestation-de-72h-a-compter-du-29-avril-2021\"},\"author\":{\"name\":\"cfeditorfr\",\"@id\":\"https:\/\/www.africa-press.net\/burkina-faso\/#\/schema\/person\/2b1cf3cd81a31e3cd26889ca66d677f1\"},\"headline\":\"R\u00e9formes du syst\u00e8me \u00e9ducatif : 18 associations d\u2019\u00e9l\u00e8ves pr\u00e9voient une manifestation de 72h \u00e0 compter du 29 avril 2021\",\"datePublished\":\"2021-04-26T15:28:35+00:00\",\"mainEntityOfPage\":{\"@id\":\"https:\/\/www.africa-press.net\/burkina-faso\/culture-et-art\/reformes-du-systeme-educatif-18-associations-deleves-prevoient-une-manifestation-de-72h-a-compter-du-29-avril-2021\"},\"wordCount\":137,\"commentCount\":0,\"image\":{\"@id\":\"https:\/\/www.africa-press.net\/burkina-faso\/culture-et-art\/reformes-du-systeme-educatif-18-associations-deleves-prevoient-une-manifestation-de-72h-a-compter-du-29-avril-2021#primaryimage\"},\"thumbnailUrl\":\"https:\/\/static.africa-press.net\/burkina\/sites\/42\/2021\/04\/img-6086cdc7cc613.jpg\",\"keywords\":[\"Africa Press\",\"Africa Press-Burkina Faso\",\"Burkina Faso\"],\"articleSection\":[\"Culture et Art\",\"homepage-french\",\"Top Nouvelles\",\"Toutes les actualit\u00e9s\"],\"inLanguage\":\"fr-FR\",\"potentialAction\":[{\"@type\":\"CommentAction\",\"name\":\"Comment\",\"target\":[\"https:\/\/www.africa-press.net\/burkina-faso\/culture-et-art\/reformes-du-systeme-educatif-18-associations-deleves-prevoient-une-manifestation-de-72h-a-compter-du-29-avril-2021#respond\"]}]},{\"@type\":\"WebPage\",\"@id\":\"https:\/\/www.africa-press.net\/burkina-faso\/culture-et-art\/reformes-du-systeme-educatif-18-associations-deleves-prevoient-une-manifestation-de-72h-a-compter-du-29-avril-2021\",\"url\":\"https:\/\/www.africa-press.net\/burkina-faso\/culture-et-art\/reformes-du-systeme-educatif-18-associations-deleves-prevoient-une-manifestation-de-72h-a-compter-du-29-avril-2021\",\"name\":\"R\u00e9formes du syst\u00e8me \u00e9ducatif : 18 associations d\u2019\u00e9l\u00e8ves pr\u00e9voient une manifestation de 72h \u00e0 compter du 29 avril 2021 - Burkina Faso\",\"isPartOf\":{\"@id\":\"https:\/\/www.africa-press.net\/burkina-faso\/#website\"},\"primaryImageOfPage\":{\"@id\":\"https:\/\/www.africa-press.net\/burkina-faso\/culture-et-art\/reformes-du-systeme-educatif-18-associations-deleves-prevoient-une-manifestation-de-72h-a-compter-du-29-avril-2021#primaryimage\"},\"image\":{\"@id\":\"https:\/\/www.africa-press.net\/burkina-faso\/culture-et-art\/reformes-du-systeme-educatif-18-associations-deleves-prevoient-une-manifestation-de-72h-a-compter-du-29-avril-2021#primaryimage\"},\"thumbnailUrl\":\"https:\/\/static.africa-press.net\/burkina\/sites\/42\/2021\/04\/img-6086cdc7cc613.jpg\",\"datePublished\":\"2021-04-26T15:28:35+00:00\",\"author\":{\"@id\":\"https:\/\/www.africa-press.net\/burkina-faso\/#\/schema\/person\/2b1cf3cd81a31e3cd26889ca66d677f1\"},\"description\":\"La crise dans le syst\u00e8me \u00e9ducatif burkinab\u00e8, suscit\u00e9e par les nouvelles r\u00e9formes entreprises par le gouvernement, n\u2019a ...\",\"breadcrumb\":{\"@id\":\"https:\/\/www.africa-press.net\/burkina-faso\/culture-et-art\/reformes-du-systeme-educatif-18-associations-deleves-prevoient-une-manifestation-de-72h-a-compter-du-29-avril-2021#breadcrumb\"},\"inLanguage\":\"fr-FR\",\"potentialAction\":[{\"@type\":\"ReadAction\",\"target\":[\"https:\/\/www.africa-press.net\/burkina-faso\/culture-et-art\/reformes-du-systeme-educatif-18-associations-deleves-prevoient-une-manifestation-de-72h-a-compter-du-29-avril-2021\"]}]},{\"@type\":\"ImageObject\",\"inLanguage\":\"fr-FR\",\"@id\":\"https:\/\/www.africa-press.net\/burkina-faso\/culture-et-art\/reformes-du-systeme-educatif-18-associations-deleves-prevoient-une-manifestation-de-72h-a-compter-du-29-avril-2021#primaryimage\",\"url\":\"https:\/\/static.africa-press.net\/burkina\/sites\/42\/2021\/04\/img-6086cdc7cc613.jpg\",\"contentUrl\":\"https:\/\/static.africa-press.net\/burkina\/sites\/42\/2021\/04\/img-6086cdc7cc613.jpg\",\"width\":720,\"height\":404,\"caption\":\"R\u00e9formes du syst\u00e8me \u00e9ducatif : 18 associations d\u2019\u00e9l\u00e8ves pr\u00e9voient une manifestation de 72h \u00e0 compter du 29 avril 2021\"},{\"@type\":\"BreadcrumbList\",\"@id\":\"https:\/\/www.africa-press.net\/burkina-faso\/culture-et-art\/reformes-du-systeme-educatif-18-associations-deleves-prevoient-une-manifestation-de-72h-a-compter-du-29-avril-2021#breadcrumb\",\"itemListElement\":[{\"@type\":\"ListItem\",\"position\":1,\"name\":\"Accueil\",\"item\":\"https:\/\/www.africa-press.net\/burkina-faso\/\"},{\"@type\":\"ListItem\",\"position\":2,\"name\":\"R\u00e9formes du syst\u00e8me \u00e9ducatif : 18 associations d\u2019\u00e9l\u00e8ves pr\u00e9voient une manifestation de 72h \u00e0 compter du 29 avril 2021\"}]},{\"@type\":\"WebSite\",\"@id\":\"https:\/\/www.africa-press.net\/burkina-faso\/#website\",\"url\":\"https:\/\/www.africa-press.net\/burkina-faso\/\",\"name\":\"Burkina Faso\",\"description\":\"Just another Africa News Agency Sites site\",\"potentialAction\":[{\"@type\":\"SearchAction\",\"target\":{\"@type\":\"EntryPoint\",\"urlTemplate\":\"https:\/\/www.africa-press.net\/burkina-faso\/?s={search_term_string}\"},\"query-input\":{\"@type\":\"PropertyValueSpecification\",\"valueRequired\":true,\"valueName\":\"search_term_string\"}}],\"inLanguage\":\"fr-FR\"},{\"@type\":\"Person\",\"@id\":\"https:\/\/www.africa-press.net\/burkina-faso\/#\/schema\/person\/2b1cf3cd81a31e3cd26889ca66d677f1\",\"name\":\"cfeditorfr\"}]}<\/script>\n<!-- \/ Yoast SEO Premium plugin. -->","yoast_head_json":{"title":"R\u00e9formes du syst\u00e8me \u00e9ducatif : 18 associations d\u2019\u00e9l\u00e8ves pr\u00e9voient une manifestation de 72h \u00e0 compter du 29 avril 2021 - Burkina Faso","description":"La crise dans le syst\u00e8me \u00e9ducatif burkinab\u00e8, suscit\u00e9e par les nouvelles r\u00e9formes entreprises par le gouvernement, n\u2019a ...","robots":{"index":"index","follow":"follow","max-snippet":"max-snippet:-1","max-image-preview":"max-image-preview:large","max-video-preview":"max-video-preview:-1"},"canonical":"https:\/\/www.africa-press.net\/burkina-faso\/culture-et-art\/reformes-du-systeme-educatif-18-associations-deleves-prevoient-une-manifestation-de-72h-a-compter-du-29-avril-2021","og_locale":"fr_FR","og_type":"article","og_title":"R\u00e9formes du syst\u00e8me \u00e9ducatif : 18 associations d\u2019\u00e9l\u00e8ves pr\u00e9voient une manifestation de 72h \u00e0 compter du 29 avril 2021","og_description":"La crise dans le syst\u00e8me \u00e9ducatif burkinab\u00e8, suscit\u00e9e par les nouvelles r\u00e9formes entreprises par le gouvernement, n\u2019a ...","og_url":"https:\/\/www.africa-press.net\/burkina-faso\/culture-et-art\/reformes-du-systeme-educatif-18-associations-deleves-prevoient-une-manifestation-de-72h-a-compter-du-29-avril-2021","og_site_name":"Burkina Faso","article_published_time":"2021-04-26T15:28:35+00:00","og_image":[{"width":720,"height":404,"url":"https:\/\/static.africa-press.net\/burkina\/sites\/42\/2021\/04\/img-6086cdc7cc613.jpg","type":"image\/jpeg"}],"author":"cfeditorfr","twitter_card":"summary_large_image","twitter_misc":{"\u00c9crit par":"cfeditorfr","Dur\u00e9e de lecture estim\u00e9e":"1 minute"},"schema":{"@context":"https:\/\/schema.org","@graph":[{"@type":"Article","@id":"https:\/\/www.africa-press.net\/burkina-faso\/culture-et-art\/reformes-du-systeme-educatif-18-associations-deleves-prevoient-une-manifestation-de-72h-a-compter-du-29-avril-2021#article","isPartOf":{"@id":"https:\/\/www.africa-press.net\/burkina-faso\/culture-et-art\/reformes-du-systeme-educatif-18-associations-deleves-prevoient-une-manifestation-de-72h-a-compter-du-29-avril-2021"},"author":{"name":"cfeditorfr","@id":"https:\/\/www.africa-press.net\/burkina-faso\/#\/schema\/person\/2b1cf3cd81a31e3cd26889ca66d677f1"},"headline":"R\u00e9formes du syst\u00e8me \u00e9ducatif : 18 associations d\u2019\u00e9l\u00e8ves pr\u00e9voient une manifestation de 72h \u00e0 compter du 29 avril 2021","datePublished":"2021-04-26T15:28:35+00:00","mainEntityOfPage":{"@id":"https:\/\/www.africa-press.net\/burkina-faso\/culture-et-art\/reformes-du-systeme-educatif-18-associations-deleves-prevoient-une-manifestation-de-72h-a-compter-du-29-avril-2021"},"wordCount":137,"commentCount":0,"image":{"@id":"https:\/\/www.africa-press.net\/burkina-faso\/culture-et-art\/reformes-du-systeme-educatif-18-associations-deleves-prevoient-une-manifestation-de-72h-a-compter-du-29-avril-2021#primaryimage"},"thumbnailUrl":"https:\/\/static.africa-press.net\/burkina\/sites\/42\/2021\/04\/img-6086cdc7cc613.jpg","keywords":["Africa Press","Africa Press-Burkina Faso","Burkina Faso"],"articleSection":["Culture et Art","homepage-french","Top Nouvelles","Toutes les actualit\u00e9s"],"inLanguage":"fr-FR","potentialAction":[{"@type":"CommentAction","name":"Comment","target":["https:\/\/www.africa-press.net\/burkina-faso\/culture-et-art\/reformes-du-systeme-educatif-18-associations-deleves-prevoient-une-manifestation-de-72h-a-compter-du-29-avril-2021#respond"]}]},{"@type":"WebPage","@id":"https:\/\/www.africa-press.net\/burkina-faso\/culture-et-art\/reformes-du-systeme-educatif-18-associations-deleves-prevoient-une-manifestation-de-72h-a-compter-du-29-avril-2021","url":"https:\/\/www.africa-press.net\/burkina-faso\/culture-et-art\/reformes-du-systeme-educatif-18-associations-deleves-prevoient-une-manifestation-de-72h-a-compter-du-29-avril-2021","name":"R\u00e9formes du syst\u00e8me \u00e9ducatif : 18 associations d\u2019\u00e9l\u00e8ves pr\u00e9voient une manifestation de 72h \u00e0 compter du 29 avril 2021 - Burkina Faso","isPartOf":{"@id":"https:\/\/www.africa-press.net\/burkina-faso\/#website"},"primaryImageOfPage":{"@id":"https:\/\/www.africa-press.net\/burkina-faso\/culture-et-art\/reformes-du-systeme-educatif-18-associations-deleves-prevoient-une-manifestation-de-72h-a-compter-du-29-avril-2021#primaryimage"},"image":{"@id":"https:\/\/www.africa-press.net\/burkina-faso\/culture-et-art\/reformes-du-systeme-educatif-18-associations-deleves-prevoient-une-manifestation-de-72h-a-compter-du-29-avril-2021#primaryimage"},"thumbnailUrl":"https:\/\/static.africa-press.net\/burkina\/sites\/42\/2021\/04\/img-6086cdc7cc613.jpg","datePublished":"2021-04-26T15:28:35+00:00","author":{"@id":"https:\/\/www.africa-press.net\/burkina-faso\/#\/schema\/person\/2b1cf3cd81a31e3cd26889ca66d677f1"},"description":"La crise dans le syst\u00e8me \u00e9ducatif burkinab\u00e8, suscit\u00e9e par les nouvelles r\u00e9formes entreprises par le gouvernement, n\u2019a ...","breadcrumb":{"@id":"https:\/\/www.africa-press.net\/burkina-faso\/culture-et-art\/reformes-du-systeme-educatif-18-associations-deleves-prevoient-une-manifestation-de-72h-a-compter-du-29-avril-2021#breadcrumb"},"inLanguage":"fr-FR","potentialAction":[{"@type":"ReadAction","target":["https:\/\/www.africa-press.net\/burkina-faso\/culture-et-art\/reformes-du-systeme-educatif-18-associations-deleves-prevoient-une-manifestation-de-72h-a-compter-du-29-avril-2021"]}]},{"@type":"ImageObject","inLanguage":"fr-FR","@id":"https:\/\/www.africa-press.net\/burkina-faso\/culture-et-art\/reformes-du-systeme-educatif-18-associations-deleves-prevoient-une-manifestation-de-72h-a-compter-du-29-avril-2021#primaryimage","url":"https:\/\/static.africa-press.net\/burkina\/sites\/42\/2021\/04\/img-6086cdc7cc613.jpg","contentUrl":"https:\/\/static.africa-press.net\/burkina\/sites\/42\/2021\/04\/img-6086cdc7cc613.jpg","width":720,"height":404,"caption":"R\u00e9formes du syst\u00e8me \u00e9ducatif : 18 associations d\u2019\u00e9l\u00e8ves pr\u00e9voient une manifestation de 72h \u00e0 compter du 29 avril 2021"},{"@type":"BreadcrumbList","@id":"https:\/\/www.africa-press.net\/burkina-faso\/culture-et-art\/reformes-du-systeme-educatif-18-associations-deleves-prevoient-une-manifestation-de-72h-a-compter-du-29-avril-2021#breadcrumb","itemListElement":[{"@type":"ListItem","position":1,"name":"Accueil","item":"https:\/\/www.africa-press.net\/burkina-faso\/"},{"@type":"ListItem","position":2,"name":"R\u00e9formes du syst\u00e8me \u00e9ducatif : 18 associations d\u2019\u00e9l\u00e8ves pr\u00e9voient une manifestation de 72h \u00e0 compter du 29 avril 2021"}]},{"@type":"WebSite","@id":"https:\/\/www.africa-press.net\/burkina-faso\/#website","url":"https:\/\/www.africa-press.net\/burkina-faso\/","name":"Burkina Faso","description":"Just another Africa News Agency Sites site","potentialAction":[{"@type":"SearchAction","target":{"@type":"EntryPoint","urlTemplate":"https:\/\/www.africa-press.net\/burkina-faso\/?s={search_term_string}"},"query-input":{"@type":"PropertyValueSpecification","valueRequired":true,"valueName":"search_term_string"}}],"inLanguage":"fr-FR"},{"@type":"Person","@id":"https:\/\/www.africa-press.net\/burkina-faso\/#\/schema\/person\/2b1cf3cd81a31e3cd26889ca66d677f1","name":"cfeditorfr"}]}},"_links":{"self":[{"href":"https:\/\/www.africa-press.net\/burkina-faso\/wp-json\/wp\/v2\/posts\/10644","targetHints":{"allow":["GET"]}}],"collection":[{"href":"https:\/\/www.africa-press.net\/burkina-faso\/wp-json\/wp\/v2\/posts"}],"about":[{"href":"https:\/\/www.africa-press.net\/burkina-faso\/wp-json\/wp\/v2\/types\/post"}],"author":[{"embeddable":true,"href":"https:\/\/www.africa-press.net\/burkina-faso\/wp-json\/wp\/v2\/users\/82"}],"replies":[{"embeddable":true,"href":"https:\/\/www.africa-press.net\/burkina-faso\/wp-json\/wp\/v2\/comments?post=10644"}],"version-history":[{"count":0,"href":"https:\/\/www.africa-press.net\/burkina-faso\/wp-json\/wp\/v2\/posts\/10644\/revisions"}],"wp:featuredmedia":[{"embeddable":true,"href":"https:\/\/www.africa-press.net\/burkina-faso\/wp-json\/wp\/v2\/media\/10643"}],"wp:attachment":[{"href":"https:\/\/www.africa-press.net\/burkina-faso\/wp-json\/wp\/v2\/media?parent=10644"}],"wp:term":[{"taxonomy":"category","embeddable":true,"href":"https:\/\/www.africa-press.net\/burkina-faso\/wp-json\/wp\/v2\/categories?post=10644"},{"taxonomy":"post_tag","embeddable":true,"href":"https:\/\/www.africa-press.net\/burkina-faso\/wp-json\/wp\/v2\/tags?post=10644"}],"curies":[{"name":"wp","href":"https:\/\/api.w.org\/{rel}","templated":true}]}}