{"id":10647,"date":"2021-04-26T15:35:20","date_gmt":"2021-04-26T15:35:20","guid":{"rendered":"https:\/\/www.africa-press.net\/burkina-faso\/?p=10647"},"modified":"2021-04-26T15:14:57","modified_gmt":"2021-04-26T15:14:57","slug":"assassinat-de-thomas-sankara-si-la-france-etait-impliquee-le-denouement-aurait-ete-plus-intelligent-estime-mousbila-sankara","status":"publish","type":"post","link":"https:\/\/www.africa-press.net\/burkina-faso\/politique\/assassinat-de-thomas-sankara-si-la-france-etait-impliquee-le-denouement-aurait-ete-plus-intelligent-estime-mousbila-sankara","title":{"rendered":"Assassinat de Thomas Sankara : \u00ab Si la France \u00e9tait impliqu\u00e9e, le d\u00e9nouement aurait \u00e9t\u00e9 plus intelligent \u00bb, estime Mousbila Sankara"},"content":{"rendered":"<p><span style=\"color: #ff6600\"><strong><a href=\"https:\/\/www.africa-press.net\/\">Africa-Press<\/a> &#8211; <a href=\"https:\/\/www.africa-press.net\/burkina-faso\">Burkina Faso<\/a>. <\/strong><\/span><b>Depuis la r\u00e9\u00e9lection du pr\u00e9sident Roch Kabor\u00e9, la qu\u00eate de r\u00e9conciliation nationale a pris une allure importante et au m\u00eame moment le dossier Thomas Sankara, qui divise les Burkinab\u00e8, vient de conna\u00eetre un \u00e9pisode d\u00e9terminant avec la mise en accusation de quatorze personnes, dont l\u2019ancien pr\u00e9sident Blaise Compaor\u00e9. D\u00e8s lors, l\u2019on se demande comment les Burkinab\u00e8 parviendront-ils \u00e0 am\u00e9nager les deux \u00e9l\u00e9ments cruciaux. Sur la pr\u00e9occupation, nous avons tendu le dictaphone \u00e0 un des avertis de ces quatre derni\u00e8res d\u00e9cennies politiques au Burkina, Mousbila Sankara. Dans cet entretien, l\u2019ex-ambassadeur du Burkina en Libye sous la R\u00e9volution donne \u00e9galement son point de vue sur les suspicions qui p\u00e8sent sur la France au sujet du drame 15 octobre 1987.<\/b><\/p>\n<p><b> : La mise en accusation, le 13 avril 2021, dans l\u2019affaire Sankara\u2026 ; un programme ou une co\u00efncidence avec le forum sur la r\u00e9conciliation nationale qui se pointe \u00e0 l\u2019horizon ?<\/b><\/p>\n<p>Mousbila Sankara : Tous les deux sont possibles. Mais, personnellement, je crois plus \u00e0 la co\u00efncidence qu\u2019\u00e0 un programme. La r\u00e9conciliation a toujours \u00e9t\u00e9 une n\u00e9cessit\u00e9, depuis un certain temps. Donc, quel que soit le pouvoir, il aurait eu \u00e0 faire \u00e0 la question de la r\u00e9conciliation, de la coh\u00e9sion sociale. Des ind\u00e9pendances \u00e0 apr\u00e8s, il y a eu des comportements qui ont entra\u00een\u00e9 la fissure \u00e0 un certain moment.<\/p>\n<p>Nous \u00e9tions m\u00eame arriv\u00e9s au stade o\u00f9, quand on va parler de Bobo, vous ne verrez que Nazi Boni, Ali Barro, des leaders politiques r\u00e9gionalis\u00e9s, pour ne pas dire ethnicis\u00e9s. Quand tu viens \u00e0 Ouagadougou, ce sont Joseph Ou\u00e9draogo, Joseph Conombo, bref, les gens s\u2019\u00e9taient appropri\u00e9s, g\u00e9ographiquement, voire ethniquement, des composantes du peuple et cela enlevait \u00e0 certains intellectuels, la possibilit\u00e9 de penser autrement : on pense Mossi, on pense B\u00f4b\u00f4, Gourounsi, Mossi de telle ou telle localit\u00e9, etc. Et m\u00eame qu\u2019au niveau de chaque ethnie, on pense \u00e0 des sous-cat\u00e9gories (Gourounsi de R\u00e9o, Gourounsi de L\u00e9o, B\u00f4b\u00f4 de telle ou telle localit\u00e9, Mossi de telle ou telle autre contr\u00e9e, etc.). Donc, le probl\u00e8me de r\u00e9conciliation nationale \u00e9tait-l\u00e0.<\/p>\n<p>La question \u00e9tait de savoir celui qui allait avoir le courage de l\u2019aborder et dans quel cadre. Sinon, c\u2019est une question qui est, de tout temps, d\u2019actualit\u00e9. D\u00e8s lors, tout autre probl\u00e8me viendra le trouver et cela va forc\u00e9ment cr\u00e9er une co\u00efncidence. C\u2019est la situation actuellement, je ne pense donc pas que ce soit programm\u00e9. C\u2019est une co\u00efncidence et \u00e7a rend plus compliqu\u00e9 la r\u00e9conciliation. Ce sont des affaires p\u00e9nales, pour la plupart, et \u00e0 ce titre, dans la structuration du droit au Burkina, le Procureur est cens\u00e9 poursuivre qui que ce soit, s\u2019il pense que l\u2019int\u00e9r\u00eat du peuple a \u00e9t\u00e9 l\u00e9s\u00e9 (le Procureur \u00e9tant le garant de l\u2019ordre public).<\/p>\n<p>Sur ce dossier Sankara, on peut reconna\u00eetre le m\u00e9rite des juges d\u2019avoir pos\u00e9 leur acte, il y a des gens qui ne l\u2019ont pas fait. On n\u2019a pas dit d\u2019accuser quelqu\u2019un, mais au moins, se poser la question de qu\u2019est-ce qui s\u2019est pass\u00e9 ; la plainte contre X. Donc, il faut qu\u2019on apprenne \u00e0 appr\u00e9cier chaque chose \u00e0 sa juste valeur. On peut dire que politiquement, ceux qui sont l\u00e0 n\u2019ont rien \u00e0 se reprocher par rapport au dossier. Un autre \u00e9l\u00e9ment qui peut justifier ce mouvement du dossier, c\u2019est qu\u2019il y a une pression qui est venue de l\u2019ext\u00e9rieur. Tous ces \u00e9l\u00e9ments mis ensemble ont permis de faire bouger les lignes. Maintenant, esp\u00e9rons que les moyens suivent pour permettre \u00e0 la justice de faire et terminer son travail.<\/p>\n<p><b>Ne craignez-vous pas que des pressions viennent \u00e9galement de l\u2019ext\u00e9rieur pour freiner l\u2019\u00e9lan\u2026, si une puissance \u00e9trang\u00e8re venait \u00e0 \u00eatre \u00e9pingl\u00e9e ?<\/b><\/p>\n<p>Effectivement, il y a les puissances \u00e9trang\u00e8res, et il y a aussi le fait que Blaise Compaor\u00e9 est seulement \u00e0 un jet de pierre du Burkina. Si nous ne voulons pas une intervention ext\u00e9rieure, nous ne pouvons pas l\u2019extrader ici (parlant de Blaise Compaor\u00e9, ndlr). D\u00e8s lors, nous sommes oblig\u00e9s de nous appuyer sur les conventions entre pays pour aider \u00e0 son extradition. Forc\u00e9ment, il faut que l\u2019ext\u00e9rieur mette du sien, ne serait-ce que par l\u2019application des conventions qui lient le Burkina \u00e0 certains pays dont l\u2019intervention s\u2019av\u00e9rerait n\u00e9cessaire dans le processus.<\/p>\n<p><b>On suspecte l\u2019implication de la France. Votre analyse ou v\u00e9cu vous conduit \u00e9galement \u00e0 cette piste ?<\/b><\/p>\n<p>Si la France \u00e9tait impliqu\u00e9e, \u00e7a n\u2019allait pas se passer comme cela. Nous nous connaissons quand m\u00eame assez pour essayer de voir la marque de chacun.<\/p>\n<p><b>Pensez-vous que si la France \u00e9tait impliqu\u00e9e le d\u00e9nouement aurait \u00e9t\u00e9 autrement ?<\/b><\/p>\n<p>Le d\u00e9nouement aurait \u00e9t\u00e9 plus intelligent. Jusqu\u2019\u00e0 pr\u00e9sent, je ne vois pas quelque chose d\u2019extraordinaire qui s\u2019est pass\u00e9 le 15 octobre (1987). Quelqu\u2019un qui voudrait tuer son ami n\u2019aura pas besoin d\u2019apport d\u2019une tierce personne (puisqu\u2019il jouit de sa confiance). La France s\u2019en serait m\u00eal\u00e9e qu\u2019elle aurait quand m\u00eame port\u00e9 des gants ; elle ne laisserait pas faire une b\u00eatise pareille. Thomas Sankara est mort et enterr\u00e9 avec les autres, quel que soit le r\u00e9sultat du tribunal, on ne pourra jamais retrouver physiquement l\u2019int\u00e9ress\u00e9. Pourquoi poursuit-on ? C\u2019est pour essayer de laver un peu sa m\u00e9moire ; on lui impute l\u2019intention d\u2019avoir voulu intenter un coup d\u2019Etat, cette intention a eu pour cons\u00e9quence, sa liquidation. Cela fait 30 ans qu\u2019on est pr\u00eat \u00e0 supporter qu\u2019on ait tir\u00e9 sur quelqu\u2019un \u00e0 qui on a pr\u00eat\u00e9 des intentions et on laisse circuler celui qui l\u2019a fait. La poursuite vise donc \u00e0 r\u00e9tablir une situation r\u00e9publicaine, qui est que la loi doit s\u2019appliquer \u00e0 tous.<\/p>\n<p><b>Pensez-vous que la justice a aujourd\u2019hui agi de fa\u00e7on ind\u00e9pendante ?<\/b><\/p>\n<p>Oui, parce que beaucoup d\u2019acteurs du 15 octobre sont encore l\u00e0, ils auraient pu l\u2019emp\u00eacher. Ceux qui ont organis\u00e9 le coup d\u2019Etat, ceux qui ont mis en ex\u00e9cution, ceux qui ont aid\u00e9 apr\u00e8s \u00e0 g\u00e9rer dans le sens du pouvoir, etc., beaucoup sont l\u00e0 et auraient pu emp\u00eacher le tribunal d\u2019avancer. Je pense que le tribunal a simplement d\u00e9cid\u00e9 de jouer son ind\u00e9pendance.<\/p>\n<p>Vous dites qu\u2019on lui a pr\u00eat\u00e9 une intention de faire un coup d\u2019Etat pour pouvoir le liquider. A contrario, une certaine opinion dit aussi que tous les deux camps avaient l\u2019intention et que c\u2019est le premier \u00e0 d\u00e9gainer qui a pris le dessus !<\/p>\n<p>Effectivement, sauf qu\u2019aucun de ceux qui tiennent cette d\u00e9claration n\u2019a apport\u00e9 un \u00e9l\u00e9ment pour appuyer ce qu\u2019ils disent. Or, nous sommes en justice, les sentiments et ressentiments ne sont pas des \u00e9l\u00e9ments de preuve.<\/p>\n<p><b>Vous qui \u00e9tiez du sillage, cette tension \u00e0 en d\u00e9coudre \u00e9tait-elle palpable entre les deux camps ?<\/b><\/p>\n<p>Je n\u2019avais pas cette impression, mais je savais que \u00e7a pouvait arriver ; parce qu\u2019avant que Hyacinthe Kafando et autres ne tirent sur Thomas (Sankara) pour le compte de Blaise Compaor\u00e9, le fusil du miliaire burkinab\u00e8 avait d\u00e9j\u00e0 tir\u00e9 sur d\u2019autres Burkinab\u00e8, corps habill\u00e9s. Et les tirs ne se sont pas arr\u00eat\u00e9s \u00e0 Thomas (Sankara) et compagnie (dont on dit politiquement qu\u2019il pr\u00e9parait un coup), il y a eu Lingani et Henri, le chef d\u2019Etat-major et ministre de l\u2019Economie, qui ont aussi \u00e9t\u00e9 zigouill\u00e9s sans proc\u00e8s. C\u2019est pourquoi il faut faire le jugement pour ne pas banaliser la mort.<\/p>\n<p>Aussi, il ne faut pas oublier que ce soit Thomas, Henri ou bien d\u2019autres situations, il y a un lien, Diend\u00e9r\u00e9, qui est la manivelle. Il a toujours \u00e9t\u00e9 \u00e0 la base de beaucoup de coups. Ceux qui ont \u00e9t\u00e9 sur les lieux disent m\u00eame qu\u2019il aurait but\u00e9 Blaise (Compaor\u00e9), n\u2019e\u00fbt \u00e9t\u00e9 l\u2019attitude de \u2018\u2019 le Lion\u2019\u2019 (Boukary Kabor\u00e9). Sinon Blaise devait partir aussi comme Thomas. C\u2019est la r\u00e9action de Boukary (Kabor\u00e9) qui l\u2019a sauv\u00e9. Donc, Diend\u00e9r\u00e9 r\u00eavait toujours du pouvoir, jusqu\u2019\u00e0 ce que le putsch du 16 septembre 2015 vienne mettre fin \u00e0 son r\u00eave.<\/p>\n<p><b>Voulez-vous dire qu\u2019il avait l\u2019intention de liquider les leaders ?<\/b><\/p>\n<p>Oui, il allait le faire et Blaise Compaor\u00e9 allait subir le m\u00eame sort que Thomas. Ce sont les circonstances qui ne lui ont pas permis. A la tuerie du 15 octobre, \u2018\u2019Blaise \u00e9tait l\u00e0, mais il dormait\u2019\u2019. Par contre, pour Lingani et Henri, il n\u2019\u00e9tait m\u00eame pas sur place au Burkina. Apr\u00e8s, il y a eu le cas des Otice et compagnie, Diend\u00e9r\u00e9 voulait les liquider, mais Hyacinthe connaissant Diend\u00e9r\u00e9, il a fui avec certainement la complicit\u00e9 de Blaise. Le 16 septembre 2015, il n\u2019a pas r\u00e9ussi parce qu\u2019il n\u2019\u00e9tait plus en mesure de pouvoir entrer facilement en contact avec les chefs d\u2019Etat.<\/p>\n<p><b>A la remise du dernier lot des archives, l\u2019ambassadeur de France au Burkina a, et comme pour r\u00e9pondre \u00e0 ceux qui suspectent la France d\u2019\u00eatre impliqu\u00e9e\u2026, d\u00e9clar\u00e9 : \u00ab La qualit\u00e9 de la justice burkinab\u00e8 est telle que les \u00e9l\u00e9ments contenus dans ces dossiers d\u2019archives fran\u00e7aises et port\u00e9s au dossier d\u2019instruction par le juge burkinab\u00e8 ne doivent pas nous faire oublier que cette m\u00eame justice a des moyens d\u2019investigations propres \u00bb. Qu\u2019est-ce que ces propos vous inspirent comme commentaire ?<\/b><\/p>\n<p>Certes, la France redoutait que la R\u00e9volution burkinab\u00e8 fasse des \u00e9mules, \u00e7a les g\u00eanait, mais je ne pense pas que la France y soit pour quelque chose, comme le penserait. Sous la R\u00e9volution, que n\u2019a-t-on pas dit de mal sur Houphou\u00ebt-Boigny ? Quand on parlait de \u00ab hiboux aux yeux gluants \u00bb, des \u00ab vieux crocodiles \u00bb \u2026, c\u2019\u00e9tait pour indexer les personnalit\u00e9s comme F\u00e9lix Houphou\u00ebt-Boigny. Et c\u2019est l\u00e0-bas (C\u00f4te d\u2019Ivoire) tu vas courir pour aller te cacher (parlant de Blaise Compaor\u00e9) ?<\/p>\n<p>Non, ce n\u2019est pas la mentalit\u00e9 du Burkinab\u00e8. La situation que nous vivons avec la France est due simplement au fait que le d\u00e9nouement du 15 octobre (1987) est un \u00ab ouf ! \u00bb aussi pour la France, tout comme pour bien d\u2019autres puissances. Nous les g\u00eanions, c\u2019est vrai, mais tout ce qui s\u2019est pass\u00e9, c\u2019est ici, entre nous Burkinab\u00e8. Maintenant, apr\u00e8s, pour avoir l\u2019appui de certains pays, nous sommes all\u00e9s jusqu\u2019\u00e0 faire la guerre \u00e0 leur place. Nous aimons rejeter la faute sur les autres, on refuse de s\u2019assumer.<\/p>\n<p><b>Vous souligniez que les acteurs du 15 octobre sont toujours nombreux \u00e0 \u00eatre l\u00e0. Partant de l\u00e0, et prenant une entit\u00e9 comme l\u2019Arm\u00e9e (au regard de la nature du drame), n\u2019est-il pas n\u00e9cessaire de pr\u00e9parer le terrain \u00e0 ce niveau avant un quelconque jugement \u2026 ?<\/b><\/p>\n<p>C\u2019est vrai, mais ce que vous dites, c\u2019est pour des gens avis\u00e9s. Or, nous sommes en face de pouvoir qui g\u00e8re au cas par cas : on est arriv\u00e9 au pouvoir, toi tu fais ceci, celui-l\u00e0 fait tel autre, etc. Sinon, si vous regardez la liste de ceux qui sont accus\u00e9s, il y a un \u00e9l\u00e9ment, Ou\u00e9draogo Tibo Momunini (le colonel). Amener celui-l\u00e0 \u00e0 la MACA (Maison d\u2019arr\u00eat et de correction des arm\u00e9es), l\u2019enfermer avec Diend\u00e9r\u00e9 (Gilbert), je ne suis pas s\u00fbr que \u00e7a se passe bien. J\u2019\u00e9tais en prison avec lui, j\u2019ai vu comment Diend\u00e9r\u00e9 lui a encha\u00een\u00e9 les pieds et les mains, au point qu\u2019il demandait permanemment de l\u2019assistance. Moi, je lui disais toujours : si j\u2019\u00e9tais fort pour renverser Blaise, c\u2019est par toi que j\u2019allais commencer, et c\u2019est toi, on t\u2019am\u00e8ne ici pour enfermer. Il me disait qu\u2019il ne me r\u00e9pond pas parce qu\u2019il sait que je sais pourquoi il est-l\u00e0.<\/p>\n<p><b>Ou\u00e9draogo Tibo Momunini \u00e9tait donc un bras droit de Blaise Compaor\u00e9 ?<\/b><\/p>\n<p>Oui, c\u2019est ce qu\u2019on se disait. Mais la lutte pour voir qui va \u00eatre la premi\u00e8re \u2018\u2019femme\u2019\u2019 de Blaise Compaor\u00e9 les a amen\u00e9s \u00e0 se neutraliser. Sinon, pour le 15 octobre, il a eu ses missions, mais apparemment \u00e7a ne s\u2019est pas pass\u00e9 comme les gens le racontent. Donc, si effectivement on va \u00e0 ce jugement l\u00e0 sans am\u00e9nagement, \u00e7a peut d\u00e9truire m\u00eame notre Arm\u00e9e. C\u2019est bien donc qu\u2019on d\u00e9masque les criminels du 15 octobre, mais si on r\u00e9fl\u00e9chit aussi, ce serait mieux. Ce d\u2019autant que nos cadres et autres n\u2019ont pas de couilles, si fait que leurs comportements risquent de tuer l\u2019Arm\u00e9e.<\/p>\n<p>Ils vont chaque fois livrer les porte-lampes (les subalternes, ndlr), alors qu\u2019on n\u2019a jamais fait un coup d\u2019Etat pour donner \u00e0 un soldat. Donc, s\u2019il y a un jugement, qu\u2019on juge aussi moralement cette Arm\u00e9e-l\u00e0. Quel a \u00e9t\u00e9 l\u2019apport de la force qui \u00e9tait charg\u00e9e d\u2019assurer la s\u00e9curit\u00e9 de Thomas Sankara pour qu\u2019on le tue comme cela ? On te confie la garde de quelqu\u2019un, on le tue et toi tu gagnes des grades ! Quel est l\u2019esprit derri\u00e8re ? C\u2019est cette irresponsabilit\u00e9 qui fait qu\u2019on n\u2019arrive pas \u00e0 s\u2019en sortir sur le terrain de combat. Il y a des comptes \u00e0 liquider, que ce soit c\u00f4t\u00e9 militaire comme civil. On est intellectuellement malhonn\u00eate. \u00c7a a des cons\u00e9quences sur la vie du pays.<\/p>\n<p><b>La liste des accus\u00e9s dress\u00e9e est-elle objective ?<\/b><\/p>\n<p>Elle est objective parce que ce sont des acteurs et t\u00e9moins qui l\u2019ont donn\u00e9e. Personnellement, je ne connais pas quelqu\u2019un qui aurait pu \u00eatre l\u00e0 et qui n\u2019y est pas l\u00e0 (c\u2019est pourquoi je me tais). Mais j\u2019aurais voulu qu\u2019on demand\u00e2t au responsable de la s\u00e9curit\u00e9 (du pr\u00e9sident) \u00e0 l\u2019\u00e9poque comment \u00e7a s\u2019est pass\u00e9. Jusque-l\u00e0, je n\u2019ai jamais vu une sanction parce que quelqu\u2019un a failli. C\u2019est pourquoi cette fois-ci, il faut aller jusqu\u2019au bout, nettoyer moralement.<\/p>\n<p><b>Comment peut-on am\u00e9nager cette affaire avec le processus de r\u00e9conciliation nationale ?<\/b><\/p>\n<p>\u00c7a d\u00e9pend pour le moment du juge, parce que le tribunal a ses r\u00e8gles. Mais, en tant que juge, rien ne m\u2019emp\u00eache de chercher \u00e0 voir qui \u00e9tait charg\u00e9 de la s\u00e9curit\u00e9 du pr\u00e9sident (Sankara) ; que pense-t-il de ce qui s\u2019est pass\u00e9 ? Apr\u00e8s, je vais entendre le ministre de d\u00e9fense de l\u2019\u00e9poque et d\u2019apr\u00e8s. Au lieu d\u2019aller chercher les documents en France, il fallait d\u2019abord miser ici (et je pense qu\u2019ils l\u2019ont fait). Je ne sais pas ce que la France a comme documents secrets, outre le rapport de son ambassadeur ici \u00e0 l\u2019\u00e9poque. La responsabilit\u00e9 est d\u2019abord burkinab\u00e8, et ce n\u2019est pas de Blaise seulement, c\u2019est ce qui m\u2019\u00e9nerve.<\/p>\n<p>On veut centrer \u00e7a sur lui, alors qu\u2019il y a eu des civils qui ont anim\u00e9 des conf\u00e9rences, qui ont \u00e9crit, qui ont r\u00e9dig\u00e9 des rapports pour montrer qu\u2019il y a des d\u00e9viations. Ils ont cr\u00e9\u00e9, anim\u00e9 et nourri la situation avant et apr\u00e8s le 15 octobre. Il n\u2019y a qu\u2019\u00e0 lire les journaux du moment. Mais de tous ceux-ci, qui a \u00e9t\u00e9 appel\u00e9 ? Tous ceux-l\u00e0 sont l\u00e0, ils sont cach\u00e9s, ils ne veulent m\u00eame pas qu\u2019on se rappelle d\u2019eux ou qu\u2019on parle d\u2019eux. On ne s\u2019assume pas et cela a un impact n\u00e9gatif sur le pays. Sinon pour le cas Sankara, ceux qui ont tir\u00e9 sont des Burkinab\u00e8, des armes sont d\u00e9tenues par des Burkinab\u00e8. On manque simplement de s\u2019assumer, c\u2019est tout !<\/p>\n<p><b>Pensez-vous que Roch Kabor\u00e9 a \u00e0 gagner \u00e0 ce que le dossier Sankara connaisse un d\u00e9nouement sous son pouvoir ?<\/b><\/p>\n<p>Oui, il gagnerait, parce que m\u00eame moralement Roch (Kabor\u00e9) a besoin que tout soit clair. Certainement qu\u2019il n\u2019a rien \u00e0 se reprocher dans le dossier. En tant que pr\u00e9sident, il a besoin que ce dossier aboutisse. Mais il y a des gens dans son sillage qui doivent certainement venir r\u00e9pondre de ce dossier. Le fait d\u2019avoir consacr\u00e9 la s\u00e9paration de la justice de l\u2019ex\u00e9cutif est une bonne chose et le fait aussi d\u2019avoir accept\u00e9 avec Rawlings (Jerry) d\u2019\u00e9riger sa m\u00e9moire (le m\u00e9morial Thomas Sankara, ndlr) me fonde \u00e0 croire qu\u2019il est sinc\u00e8re, parce que rien ne l\u2019obligeait \u00e0 le faire.<br \/>\nOui, mais est-ce que l\u2019opinion aussi n\u2019y est pas pour quelque chose (les organisations de la soci\u00e9t\u00e9 civile, \u00e0 l\u2019interne comme \u00e0 l\u2019\u00e9tranger), et quand on sait que politiquement aussi, c\u2019est plus b\u00e9n\u00e9fique d\u2019adh\u00e9rer \u00e0 un tel projet que d\u2019en \u00eatre indiff\u00e9rent !<\/p>\n<p>Oui, vous avez raison, mais on peut aussi dire que l\u2019opinion \u00e9tait l\u00e0 sous Blaise et m\u00eame qu\u2019elle \u00e9tait plus virulente. Donc, son apport (parlant de Roch Kabor\u00e9, ndlr) \u00e0 la situation est appr\u00e9ciable. Il avait quelque chose \u00e0 apporter, il l\u2019a fait. Cela a \u00e9t\u00e9 certainement rendu facile par son rapport avec le dossier (il ne se sent pas m\u00eal\u00e9). Il a int\u00e9r\u00eat \u00e0 donner des moyens suffisants pour son d\u00e9nouement, s\u2019il veut sortir par la grande porte.<\/p>\n<p><b>Entretien r\u00e9alis\u00e9 par O.L<br \/>\n<\/b><\/p>\n","protected":false},"excerpt":{"rendered":"<p>Africa-Press &#8211; Burkina Faso. Depuis la r\u00e9\u00e9lection du pr\u00e9sident Roch Kabor\u00e9, la qu\u00eate de r\u00e9conciliation nationale a pris une allure importante et au m\u00eame moment le dossier Thomas Sankara, qui divise les Burkinab\u00e8, vient de conna\u00eetre un \u00e9pisode d\u00e9terminant avec la mise en accusation de quatorze personnes, dont l\u2019ancien pr\u00e9sident Blaise Compaor\u00e9. D\u00e8s lors, l\u2019on [&hellip;]<\/p>\n","protected":false},"author":82,"featured_media":10646,"comment_status":"open","ping_status":"closed","sticky":false,"template":"","format":"standard","meta":{"footnotes":""},"categories":[11,2,20,10],"tags":[111,725,29],"class_list":["post-10647","post","type-post","status-publish","format-standard","has-post-thumbnail","hentry","category-homepage-french","category-politique","category-top-nouvelles","category-toutes-les-actualites","tag-africa-press","tag-africa-press-burkina-faso","tag-burkina-faso"],"yoast_head":"<!-- This site is optimized with the Yoast SEO Premium plugin v26.1 (Yoast SEO v27.0) - https:\/\/yoast.com\/product\/yoast-seo-premium-wordpress\/ -->\n<title>Assassinat de Thomas Sankara : \u00ab Si la France \u00e9tait impliqu\u00e9e, le d\u00e9nouement aurait \u00e9t\u00e9 plus intelligent \u00bb, estime Mousbila Sankara - Burkina Faso<\/title>\n<meta name=\"description\" content=\"Depuis la r\u00e9\u00e9lection du pr\u00e9sident Roch Kabor\u00e9, la qu\u00eate de r\u00e9conciliation nationale a pris une allure importante et a ...\" \/>\n<meta name=\"robots\" content=\"index, follow, max-snippet:-1, max-image-preview:large, max-video-preview:-1\" \/>\n<link rel=\"canonical\" href=\"https:\/\/www.africa-press.net\/burkina-faso\/politique\/assassinat-de-thomas-sankara-si-la-france-etait-impliquee-le-denouement-aurait-ete-plus-intelligent-estime-mousbila-sankara\" \/>\n<meta property=\"og:locale\" content=\"fr_FR\" \/>\n<meta property=\"og:type\" content=\"article\" \/>\n<meta property=\"og:title\" content=\"Assassinat de Thomas Sankara : \u00ab Si la France \u00e9tait impliqu\u00e9e, le d\u00e9nouement aurait \u00e9t\u00e9 plus intelligent \u00bb, estime Mousbila Sankara\" \/>\n<meta property=\"og:description\" content=\"Depuis la r\u00e9\u00e9lection du pr\u00e9sident Roch Kabor\u00e9, la qu\u00eate de r\u00e9conciliation nationale a pris une allure importante et a ...\" \/>\n<meta property=\"og:url\" content=\"https:\/\/www.africa-press.net\/burkina-faso\/politique\/assassinat-de-thomas-sankara-si-la-france-etait-impliquee-le-denouement-aurait-ete-plus-intelligent-estime-mousbila-sankara\" \/>\n<meta property=\"og:site_name\" content=\"Burkina Faso\" \/>\n<meta property=\"article:published_time\" content=\"2021-04-26T15:35:20+00:00\" \/>\n<meta property=\"og:image\" content=\"https:\/\/static.africa-press.net\/burkina\/sites\/42\/2021\/04\/img-6086cdf526345.jpg\" \/>\n\t<meta property=\"og:image:width\" content=\"720\" \/>\n\t<meta property=\"og:image:height\" content=\"418\" \/>\n\t<meta property=\"og:image:type\" content=\"image\/jpeg\" \/>\n<meta name=\"author\" content=\"cfeditorfr\" \/>\n<meta name=\"twitter:card\" content=\"summary_large_image\" \/>\n<meta name=\"twitter:label1\" content=\"\u00c9crit par\" \/>\n\t<meta name=\"twitter:data1\" content=\"cfeditorfr\" \/>\n\t<meta name=\"twitter:label2\" content=\"Dur\u00e9e de lecture estim\u00e9e\" \/>\n\t<meta name=\"twitter:data2\" content=\"15 minutes\" \/>\n<script type=\"application\/ld+json\" class=\"yoast-schema-graph\">{\"@context\":\"https:\/\/schema.org\",\"@graph\":[{\"@type\":\"Article\",\"@id\":\"https:\/\/www.africa-press.net\/burkina-faso\/politique\/assassinat-de-thomas-sankara-si-la-france-etait-impliquee-le-denouement-aurait-ete-plus-intelligent-estime-mousbila-sankara#article\",\"isPartOf\":{\"@id\":\"https:\/\/www.africa-press.net\/burkina-faso\/politique\/assassinat-de-thomas-sankara-si-la-france-etait-impliquee-le-denouement-aurait-ete-plus-intelligent-estime-mousbila-sankara\"},\"author\":{\"name\":\"cfeditorfr\",\"@id\":\"https:\/\/www.africa-press.net\/burkina-faso\/#\/schema\/person\/2b1cf3cd81a31e3cd26889ca66d677f1\"},\"headline\":\"Assassinat de Thomas Sankara : \u00ab Si la France \u00e9tait impliqu\u00e9e, le d\u00e9nouement aurait \u00e9t\u00e9 plus intelligent \u00bb, estime Mousbila Sankara\",\"datePublished\":\"2021-04-26T15:35:20+00:00\",\"mainEntityOfPage\":{\"@id\":\"https:\/\/www.africa-press.net\/burkina-faso\/politique\/assassinat-de-thomas-sankara-si-la-france-etait-impliquee-le-denouement-aurait-ete-plus-intelligent-estime-mousbila-sankara\"},\"wordCount\":2981,\"commentCount\":0,\"image\":{\"@id\":\"https:\/\/www.africa-press.net\/burkina-faso\/politique\/assassinat-de-thomas-sankara-si-la-france-etait-impliquee-le-denouement-aurait-ete-plus-intelligent-estime-mousbila-sankara#primaryimage\"},\"thumbnailUrl\":\"https:\/\/static.africa-press.net\/burkina\/sites\/42\/2021\/04\/img-6086cdf526345.jpg\",\"keywords\":[\"Africa Press\",\"Africa Press-Burkina Faso\",\"Burkina Faso\"],\"articleSection\":[\"homepage-french\",\"Politique\",\"Top Nouvelles\",\"Toutes les actualit\u00e9s\"],\"inLanguage\":\"fr-FR\",\"potentialAction\":[{\"@type\":\"CommentAction\",\"name\":\"Comment\",\"target\":[\"https:\/\/www.africa-press.net\/burkina-faso\/politique\/assassinat-de-thomas-sankara-si-la-france-etait-impliquee-le-denouement-aurait-ete-plus-intelligent-estime-mousbila-sankara#respond\"]}]},{\"@type\":\"WebPage\",\"@id\":\"https:\/\/www.africa-press.net\/burkina-faso\/politique\/assassinat-de-thomas-sankara-si-la-france-etait-impliquee-le-denouement-aurait-ete-plus-intelligent-estime-mousbila-sankara\",\"url\":\"https:\/\/www.africa-press.net\/burkina-faso\/politique\/assassinat-de-thomas-sankara-si-la-france-etait-impliquee-le-denouement-aurait-ete-plus-intelligent-estime-mousbila-sankara\",\"name\":\"Assassinat de Thomas Sankara : \u00ab Si la France \u00e9tait impliqu\u00e9e, le d\u00e9nouement aurait \u00e9t\u00e9 plus intelligent \u00bb, estime Mousbila Sankara - Burkina Faso\",\"isPartOf\":{\"@id\":\"https:\/\/www.africa-press.net\/burkina-faso\/#website\"},\"primaryImageOfPage\":{\"@id\":\"https:\/\/www.africa-press.net\/burkina-faso\/politique\/assassinat-de-thomas-sankara-si-la-france-etait-impliquee-le-denouement-aurait-ete-plus-intelligent-estime-mousbila-sankara#primaryimage\"},\"image\":{\"@id\":\"https:\/\/www.africa-press.net\/burkina-faso\/politique\/assassinat-de-thomas-sankara-si-la-france-etait-impliquee-le-denouement-aurait-ete-plus-intelligent-estime-mousbila-sankara#primaryimage\"},\"thumbnailUrl\":\"https:\/\/static.africa-press.net\/burkina\/sites\/42\/2021\/04\/img-6086cdf526345.jpg\",\"datePublished\":\"2021-04-26T15:35:20+00:00\",\"author\":{\"@id\":\"https:\/\/www.africa-press.net\/burkina-faso\/#\/schema\/person\/2b1cf3cd81a31e3cd26889ca66d677f1\"},\"description\":\"Depuis la r\u00e9\u00e9lection du pr\u00e9sident Roch Kabor\u00e9, la qu\u00eate de r\u00e9conciliation nationale a pris une allure importante et a ...\",\"breadcrumb\":{\"@id\":\"https:\/\/www.africa-press.net\/burkina-faso\/politique\/assassinat-de-thomas-sankara-si-la-france-etait-impliquee-le-denouement-aurait-ete-plus-intelligent-estime-mousbila-sankara#breadcrumb\"},\"inLanguage\":\"fr-FR\",\"potentialAction\":[{\"@type\":\"ReadAction\",\"target\":[\"https:\/\/www.africa-press.net\/burkina-faso\/politique\/assassinat-de-thomas-sankara-si-la-france-etait-impliquee-le-denouement-aurait-ete-plus-intelligent-estime-mousbila-sankara\"]}]},{\"@type\":\"ImageObject\",\"inLanguage\":\"fr-FR\",\"@id\":\"https:\/\/www.africa-press.net\/burkina-faso\/politique\/assassinat-de-thomas-sankara-si-la-france-etait-impliquee-le-denouement-aurait-ete-plus-intelligent-estime-mousbila-sankara#primaryimage\",\"url\":\"https:\/\/static.africa-press.net\/burkina\/sites\/42\/2021\/04\/img-6086cdf526345.jpg\",\"contentUrl\":\"https:\/\/static.africa-press.net\/burkina\/sites\/42\/2021\/04\/img-6086cdf526345.jpg\",\"width\":720,\"height\":418,\"caption\":\"Assassinat de Thomas Sankara : \u00ab Si la France \u00e9tait impliqu\u00e9e, le d\u00e9nouement aurait \u00e9t\u00e9 plus intelligent \u00bb, estime Mousbila Sankara\"},{\"@type\":\"BreadcrumbList\",\"@id\":\"https:\/\/www.africa-press.net\/burkina-faso\/politique\/assassinat-de-thomas-sankara-si-la-france-etait-impliquee-le-denouement-aurait-ete-plus-intelligent-estime-mousbila-sankara#breadcrumb\",\"itemListElement\":[{\"@type\":\"ListItem\",\"position\":1,\"name\":\"Accueil\",\"item\":\"https:\/\/www.africa-press.net\/burkina-faso\/\"},{\"@type\":\"ListItem\",\"position\":2,\"name\":\"Assassinat de Thomas Sankara : \u00ab Si la France \u00e9tait impliqu\u00e9e, le d\u00e9nouement aurait \u00e9t\u00e9 plus intelligent \u00bb, estime Mousbila Sankara\"}]},{\"@type\":\"WebSite\",\"@id\":\"https:\/\/www.africa-press.net\/burkina-faso\/#website\",\"url\":\"https:\/\/www.africa-press.net\/burkina-faso\/\",\"name\":\"Burkina Faso\",\"description\":\"Just another Africa News Agency Sites site\",\"potentialAction\":[{\"@type\":\"SearchAction\",\"target\":{\"@type\":\"EntryPoint\",\"urlTemplate\":\"https:\/\/www.africa-press.net\/burkina-faso\/?s={search_term_string}\"},\"query-input\":{\"@type\":\"PropertyValueSpecification\",\"valueRequired\":true,\"valueName\":\"search_term_string\"}}],\"inLanguage\":\"fr-FR\"},{\"@type\":\"Person\",\"@id\":\"https:\/\/www.africa-press.net\/burkina-faso\/#\/schema\/person\/2b1cf3cd81a31e3cd26889ca66d677f1\",\"name\":\"cfeditorfr\"}]}<\/script>\n<!-- \/ Yoast SEO Premium plugin. -->","yoast_head_json":{"title":"Assassinat de Thomas Sankara : \u00ab Si la France \u00e9tait impliqu\u00e9e, le d\u00e9nouement aurait \u00e9t\u00e9 plus intelligent \u00bb, estime Mousbila Sankara - Burkina Faso","description":"Depuis la r\u00e9\u00e9lection du pr\u00e9sident Roch Kabor\u00e9, la qu\u00eate de r\u00e9conciliation nationale a pris une allure importante et a ...","robots":{"index":"index","follow":"follow","max-snippet":"max-snippet:-1","max-image-preview":"max-image-preview:large","max-video-preview":"max-video-preview:-1"},"canonical":"https:\/\/www.africa-press.net\/burkina-faso\/politique\/assassinat-de-thomas-sankara-si-la-france-etait-impliquee-le-denouement-aurait-ete-plus-intelligent-estime-mousbila-sankara","og_locale":"fr_FR","og_type":"article","og_title":"Assassinat de Thomas Sankara : \u00ab Si la France \u00e9tait impliqu\u00e9e, le d\u00e9nouement aurait \u00e9t\u00e9 plus intelligent \u00bb, estime Mousbila Sankara","og_description":"Depuis la r\u00e9\u00e9lection du pr\u00e9sident Roch Kabor\u00e9, la qu\u00eate de r\u00e9conciliation nationale a pris une allure importante et a ...","og_url":"https:\/\/www.africa-press.net\/burkina-faso\/politique\/assassinat-de-thomas-sankara-si-la-france-etait-impliquee-le-denouement-aurait-ete-plus-intelligent-estime-mousbila-sankara","og_site_name":"Burkina Faso","article_published_time":"2021-04-26T15:35:20+00:00","og_image":[{"width":720,"height":418,"url":"https:\/\/static.africa-press.net\/burkina\/sites\/42\/2021\/04\/img-6086cdf526345.jpg","type":"image\/jpeg"}],"author":"cfeditorfr","twitter_card":"summary_large_image","twitter_misc":{"\u00c9crit par":"cfeditorfr","Dur\u00e9e de lecture estim\u00e9e":"15 minutes"},"schema":{"@context":"https:\/\/schema.org","@graph":[{"@type":"Article","@id":"https:\/\/www.africa-press.net\/burkina-faso\/politique\/assassinat-de-thomas-sankara-si-la-france-etait-impliquee-le-denouement-aurait-ete-plus-intelligent-estime-mousbila-sankara#article","isPartOf":{"@id":"https:\/\/www.africa-press.net\/burkina-faso\/politique\/assassinat-de-thomas-sankara-si-la-france-etait-impliquee-le-denouement-aurait-ete-plus-intelligent-estime-mousbila-sankara"},"author":{"name":"cfeditorfr","@id":"https:\/\/www.africa-press.net\/burkina-faso\/#\/schema\/person\/2b1cf3cd81a31e3cd26889ca66d677f1"},"headline":"Assassinat de Thomas Sankara : \u00ab Si la France \u00e9tait impliqu\u00e9e, le d\u00e9nouement aurait \u00e9t\u00e9 plus intelligent \u00bb, estime Mousbila Sankara","datePublished":"2021-04-26T15:35:20+00:00","mainEntityOfPage":{"@id":"https:\/\/www.africa-press.net\/burkina-faso\/politique\/assassinat-de-thomas-sankara-si-la-france-etait-impliquee-le-denouement-aurait-ete-plus-intelligent-estime-mousbila-sankara"},"wordCount":2981,"commentCount":0,"image":{"@id":"https:\/\/www.africa-press.net\/burkina-faso\/politique\/assassinat-de-thomas-sankara-si-la-france-etait-impliquee-le-denouement-aurait-ete-plus-intelligent-estime-mousbila-sankara#primaryimage"},"thumbnailUrl":"https:\/\/static.africa-press.net\/burkina\/sites\/42\/2021\/04\/img-6086cdf526345.jpg","keywords":["Africa Press","Africa Press-Burkina Faso","Burkina Faso"],"articleSection":["homepage-french","Politique","Top Nouvelles","Toutes les actualit\u00e9s"],"inLanguage":"fr-FR","potentialAction":[{"@type":"CommentAction","name":"Comment","target":["https:\/\/www.africa-press.net\/burkina-faso\/politique\/assassinat-de-thomas-sankara-si-la-france-etait-impliquee-le-denouement-aurait-ete-plus-intelligent-estime-mousbila-sankara#respond"]}]},{"@type":"WebPage","@id":"https:\/\/www.africa-press.net\/burkina-faso\/politique\/assassinat-de-thomas-sankara-si-la-france-etait-impliquee-le-denouement-aurait-ete-plus-intelligent-estime-mousbila-sankara","url":"https:\/\/www.africa-press.net\/burkina-faso\/politique\/assassinat-de-thomas-sankara-si-la-france-etait-impliquee-le-denouement-aurait-ete-plus-intelligent-estime-mousbila-sankara","name":"Assassinat de Thomas Sankara : \u00ab Si la France \u00e9tait impliqu\u00e9e, le d\u00e9nouement aurait \u00e9t\u00e9 plus intelligent \u00bb, estime Mousbila Sankara - Burkina Faso","isPartOf":{"@id":"https:\/\/www.africa-press.net\/burkina-faso\/#website"},"primaryImageOfPage":{"@id":"https:\/\/www.africa-press.net\/burkina-faso\/politique\/assassinat-de-thomas-sankara-si-la-france-etait-impliquee-le-denouement-aurait-ete-plus-intelligent-estime-mousbila-sankara#primaryimage"},"image":{"@id":"https:\/\/www.africa-press.net\/burkina-faso\/politique\/assassinat-de-thomas-sankara-si-la-france-etait-impliquee-le-denouement-aurait-ete-plus-intelligent-estime-mousbila-sankara#primaryimage"},"thumbnailUrl":"https:\/\/static.africa-press.net\/burkina\/sites\/42\/2021\/04\/img-6086cdf526345.jpg","datePublished":"2021-04-26T15:35:20+00:00","author":{"@id":"https:\/\/www.africa-press.net\/burkina-faso\/#\/schema\/person\/2b1cf3cd81a31e3cd26889ca66d677f1"},"description":"Depuis la r\u00e9\u00e9lection du pr\u00e9sident Roch Kabor\u00e9, la qu\u00eate de r\u00e9conciliation nationale a pris une allure importante et a ...","breadcrumb":{"@id":"https:\/\/www.africa-press.net\/burkina-faso\/politique\/assassinat-de-thomas-sankara-si-la-france-etait-impliquee-le-denouement-aurait-ete-plus-intelligent-estime-mousbila-sankara#breadcrumb"},"inLanguage":"fr-FR","potentialAction":[{"@type":"ReadAction","target":["https:\/\/www.africa-press.net\/burkina-faso\/politique\/assassinat-de-thomas-sankara-si-la-france-etait-impliquee-le-denouement-aurait-ete-plus-intelligent-estime-mousbila-sankara"]}]},{"@type":"ImageObject","inLanguage":"fr-FR","@id":"https:\/\/www.africa-press.net\/burkina-faso\/politique\/assassinat-de-thomas-sankara-si-la-france-etait-impliquee-le-denouement-aurait-ete-plus-intelligent-estime-mousbila-sankara#primaryimage","url":"https:\/\/static.africa-press.net\/burkina\/sites\/42\/2021\/04\/img-6086cdf526345.jpg","contentUrl":"https:\/\/static.africa-press.net\/burkina\/sites\/42\/2021\/04\/img-6086cdf526345.jpg","width":720,"height":418,"caption":"Assassinat de Thomas Sankara : \u00ab Si la France \u00e9tait impliqu\u00e9e, le d\u00e9nouement aurait \u00e9t\u00e9 plus intelligent \u00bb, estime Mousbila Sankara"},{"@type":"BreadcrumbList","@id":"https:\/\/www.africa-press.net\/burkina-faso\/politique\/assassinat-de-thomas-sankara-si-la-france-etait-impliquee-le-denouement-aurait-ete-plus-intelligent-estime-mousbila-sankara#breadcrumb","itemListElement":[{"@type":"ListItem","position":1,"name":"Accueil","item":"https:\/\/www.africa-press.net\/burkina-faso\/"},{"@type":"ListItem","position":2,"name":"Assassinat de Thomas Sankara : \u00ab Si la France \u00e9tait impliqu\u00e9e, le d\u00e9nouement aurait \u00e9t\u00e9 plus intelligent \u00bb, estime Mousbila Sankara"}]},{"@type":"WebSite","@id":"https:\/\/www.africa-press.net\/burkina-faso\/#website","url":"https:\/\/www.africa-press.net\/burkina-faso\/","name":"Burkina Faso","description":"Just another Africa News Agency Sites site","potentialAction":[{"@type":"SearchAction","target":{"@type":"EntryPoint","urlTemplate":"https:\/\/www.africa-press.net\/burkina-faso\/?s={search_term_string}"},"query-input":{"@type":"PropertyValueSpecification","valueRequired":true,"valueName":"search_term_string"}}],"inLanguage":"fr-FR"},{"@type":"Person","@id":"https:\/\/www.africa-press.net\/burkina-faso\/#\/schema\/person\/2b1cf3cd81a31e3cd26889ca66d677f1","name":"cfeditorfr"}]}},"_links":{"self":[{"href":"https:\/\/www.africa-press.net\/burkina-faso\/wp-json\/wp\/v2\/posts\/10647","targetHints":{"allow":["GET"]}}],"collection":[{"href":"https:\/\/www.africa-press.net\/burkina-faso\/wp-json\/wp\/v2\/posts"}],"about":[{"href":"https:\/\/www.africa-press.net\/burkina-faso\/wp-json\/wp\/v2\/types\/post"}],"author":[{"embeddable":true,"href":"https:\/\/www.africa-press.net\/burkina-faso\/wp-json\/wp\/v2\/users\/82"}],"replies":[{"embeddable":true,"href":"https:\/\/www.africa-press.net\/burkina-faso\/wp-json\/wp\/v2\/comments?post=10647"}],"version-history":[{"count":0,"href":"https:\/\/www.africa-press.net\/burkina-faso\/wp-json\/wp\/v2\/posts\/10647\/revisions"}],"wp:featuredmedia":[{"embeddable":true,"href":"https:\/\/www.africa-press.net\/burkina-faso\/wp-json\/wp\/v2\/media\/10646"}],"wp:attachment":[{"href":"https:\/\/www.africa-press.net\/burkina-faso\/wp-json\/wp\/v2\/media?parent=10647"}],"wp:term":[{"taxonomy":"category","embeddable":true,"href":"https:\/\/www.africa-press.net\/burkina-faso\/wp-json\/wp\/v2\/categories?post=10647"},{"taxonomy":"post_tag","embeddable":true,"href":"https:\/\/www.africa-press.net\/burkina-faso\/wp-json\/wp\/v2\/tags?post=10647"}],"curies":[{"name":"wp","href":"https:\/\/api.w.org\/{rel}","templated":true}]}}