{"id":10669,"date":"2021-04-27T13:42:54","date_gmt":"2021-04-27T13:42:54","guid":{"rendered":"https:\/\/www.africa-press.net\/burkina-faso\/?p=10669"},"modified":"2021-04-27T13:57:37","modified_gmt":"2021-04-27T13:57:37","slug":"attaque-au-burkina-crainte-que-trois-europeens-disparus-naient-ete-tues-par-les-terroristes","status":"publish","type":"post","link":"https:\/\/www.africa-press.net\/burkina-faso\/politique\/attaque-au-burkina-crainte-que-trois-europeens-disparus-naient-ete-tues-par-les-terroristes","title":{"rendered":"Attaque au Burkina: crainte que trois Europ\u00e9ens disparus \u00ab\u00a0n&rsquo;aient \u00e9t\u00e9 tu\u00e9s par les terroristes\u00a0\u00bb"},"content":{"rendered":"<p><span style=\"color: #ff6600\"><strong><a href=\"https:\/\/www.africa-press.net\/\">Africa-Press<\/a> &#8211; <a href=\"https:\/\/www.africa-press.net\/burkina-faso\">Burkina Faso<\/a>. <\/strong><\/span>Il faut \u00ab\u00a0craindre\u00a0\u00bb que les trois Europ\u00e9ens disparus apr\u00e8s une attaque lundi dans l&rsquo;est du Burkina Faso &#8211; deux Espagnols et un Irlandais &#8211; \u00ab\u00a0n&rsquo;aient \u00e9t\u00e9 tu\u00e9s par les terroristes\u00a0\u00bb, a affirm\u00e9 mardi \u00e0 l&rsquo;AFP une source s\u00e9curitaire de haut rang.<\/p>\n<p>\u00ab\u00a0Au moins deux des trois Occidentaux ont \u00e9t\u00e9 bless\u00e9s selon des t\u00e9moignages, ce qui fait craindre qu&rsquo;ils n&rsquo;aient \u00e9t\u00e9 (&#8230;) tu\u00e9s par les terroristes\u00a0\u00bb, a affirm\u00e9 cette source burkinab\u00e8.<\/p>\n<p>\u00ab\u00a0Il est pr\u00e9matur\u00e9 de tirer des conclusions, mais les chances\u00a0\u00bb de les retrouver vivants \u00ab\u00a0diminuent au fil des heures qui passent\u00a0\u00bb, a-t-elle ajout\u00e9.<\/p>\n<p>Cette source a pr\u00e9cis\u00e9 que \u00ab\u00a0les recherches de grande ampleur men\u00e9es (&#8230;) sont toujours infructueuses\u00a0\u00bb.<\/p>\n<p>Concernant des images de cadavres de trois hommes blancs circulant sur les r\u00e9seaux sociaux, elle a affirm\u00e9 ne pas pouvoir \u00ab\u00a0les authentifier, car je n&rsquo;ai pas vu ces Occidentaux auparavant\u00a0\u00bb.<\/p>\n<p>L&rsquo;Espagne a confirm\u00e9 mardi la disparition de deux de ses ressortissants apr\u00e8s l&rsquo;attaque lundi dans la journ\u00e9e d&rsquo;une patrouille anti-braconnage compos\u00e9e de militaires et de gardes-forestiers burkinab\u00e8, accompagn\u00e9e de formateurs et journalistes occidentaux, sur l&rsquo;axe Fada N&rsquo;Gourma-Pama dans l&rsquo;est du Burkina Faso.<\/p>\n<p>Selon des sources locales et s\u00e9curitaires du Burkina, un Irlandais et un Burkinab\u00e9 ont aussi disparu apr\u00e8s cette attaque qui a \u00e9galement fait trois bless\u00e9s.<\/p>\n<p>Les deux Espagnols et l&rsquo;Irlandais port\u00e9s disparus sont \u00ab\u00a0des journalistes-formateurs travaillant pour le compte d&rsquo;une ONG qui oeuvre pour la protection de l&rsquo;environnement\u00a0\u00bb, selon une source s\u00e9curitaire burkinab\u00e8.<\/p>\n<p>L&rsquo;attaque a \u00e9t\u00e9 men\u00e9e par des hommes arm\u00e9s circulant \u00e0 bord de deux v\u00e9hicules pick-up et d&rsquo;une dizaine de motos, selon les sources s\u00e9curitaires, qui ont pr\u00e9cis\u00e9 que des armes et du mat\u00e9riel, des motos, deux pick-up et un drone, avaient \u00e9t\u00e9 emport\u00e9s par les assaillants.<\/p>\n<p>&nbsp;<\/p>\n","protected":false},"excerpt":{"rendered":"<p>Africa-Press &#8211; Burkina Faso. Il faut \u00ab\u00a0craindre\u00a0\u00bb que les trois Europ\u00e9ens disparus apr\u00e8s une attaque lundi dans l&rsquo;est du Burkina Faso &#8211; deux Espagnols et un Irlandais &#8211; \u00ab\u00a0n&rsquo;aient \u00e9t\u00e9 tu\u00e9s par les terroristes\u00a0\u00bb, a affirm\u00e9 mardi \u00e0 l&rsquo;AFP une source s\u00e9curitaire de haut rang. \u00ab\u00a0Au moins deux des trois Occidentaux ont \u00e9t\u00e9 bless\u00e9s selon [&hellip;]<\/p>\n","protected":false},"author":82,"featured_media":10668,"comment_status":"open","ping_status":"closed","sticky":false,"template":"","format":"standard","meta":{"footnotes":""},"categories":[11,2,20,10],"tags":[111,725,29,738],"class_list":["post-10669","post","type-post","status-publish","format-standard","has-post-thumbnail","hentry","category-homepage-french","category-politique","category-top-nouvelles","category-toutes-les-actualites","tag-africa-press","tag-africa-press-burkina-faso","tag-burkina-faso","tag-internationales"],"yoast_head":"<!-- This site is optimized with the Yoast SEO Premium plugin v26.1 (Yoast SEO v27.0) - https:\/\/yoast.com\/product\/yoast-seo-premium-wordpress\/ -->\n<title>Attaque au Burkina: crainte que trois Europ\u00e9ens disparus &quot;n&#039;aient \u00e9t\u00e9 tu\u00e9s par les terroristes&quot; - Burkina Faso<\/title>\n<meta name=\"description\" content=\"Il faut &quot;craindre&quot; que les trois Europ\u00e9ens disparus apr\u00e8s une attaque lundi dans l&#039;est du Burkina Faso - deux Espagnols ...\" \/>\n<meta name=\"robots\" content=\"index, follow, max-snippet:-1, max-image-preview:large, max-video-preview:-1\" \/>\n<link rel=\"canonical\" href=\"https:\/\/www.africa-press.net\/burkina-faso\/politique\/attaque-au-burkina-crainte-que-trois-europeens-disparus-naient-ete-tues-par-les-terroristes\" \/>\n<meta property=\"og:locale\" content=\"fr_FR\" \/>\n<meta property=\"og:type\" content=\"article\" \/>\n<meta property=\"og:title\" content=\"Attaque au Burkina: crainte que trois Europ\u00e9ens disparus &quot;n&#039;aient \u00e9t\u00e9 tu\u00e9s par les terroristes&quot;\" \/>\n<meta property=\"og:description\" content=\"Il faut &quot;craindre&quot; que les trois Europ\u00e9ens disparus apr\u00e8s une attaque lundi dans l&#039;est du Burkina Faso - deux Espagnols ...\" \/>\n<meta property=\"og:url\" content=\"https:\/\/www.africa-press.net\/burkina-faso\/politique\/attaque-au-burkina-crainte-que-trois-europeens-disparus-naient-ete-tues-par-les-terroristes\" \/>\n<meta property=\"og:site_name\" content=\"Burkina Faso\" \/>\n<meta property=\"article:published_time\" content=\"2021-04-27T13:42:54+00:00\" \/>\n<meta property=\"article:modified_time\" content=\"2021-04-27T13:57:37+00:00\" \/>\n<meta property=\"og:image\" content=\"https:\/\/static.africa-press.net\/burkina\/sites\/42\/2021\/04\/img-608812ed69837.jpg\" \/>\n\t<meta property=\"og:image:width\" content=\"720\" \/>\n\t<meta property=\"og:image:height\" content=\"376\" \/>\n\t<meta property=\"og:image:type\" content=\"image\/jpeg\" \/>\n<meta name=\"author\" content=\"cfeditorfr\" \/>\n<meta name=\"twitter:card\" content=\"summary_large_image\" \/>\n<meta name=\"twitter:label1\" content=\"\u00c9crit par\" \/>\n\t<meta name=\"twitter:data1\" content=\"cfeditorfr\" \/>\n\t<meta name=\"twitter:label2\" content=\"Dur\u00e9e de lecture estim\u00e9e\" \/>\n\t<meta name=\"twitter:data2\" content=\"2 minutes\" \/>\n<script type=\"application\/ld+json\" class=\"yoast-schema-graph\">{\"@context\":\"https:\/\/schema.org\",\"@graph\":[{\"@type\":\"Article\",\"@id\":\"https:\/\/www.africa-press.net\/burkina-faso\/politique\/attaque-au-burkina-crainte-que-trois-europeens-disparus-naient-ete-tues-par-les-terroristes#article\",\"isPartOf\":{\"@id\":\"https:\/\/www.africa-press.net\/burkina-faso\/politique\/attaque-au-burkina-crainte-que-trois-europeens-disparus-naient-ete-tues-par-les-terroristes\"},\"author\":{\"name\":\"cfeditorfr\",\"@id\":\"https:\/\/www.africa-press.net\/burkina-faso\/#\/schema\/person\/2b1cf3cd81a31e3cd26889ca66d677f1\"},\"headline\":\"Attaque au Burkina: crainte que trois Europ\u00e9ens disparus \u00ab\u00a0n&rsquo;aient \u00e9t\u00e9 tu\u00e9s par les terroristes\u00a0\u00bb\",\"datePublished\":\"2021-04-27T13:42:54+00:00\",\"dateModified\":\"2021-04-27T13:57:37+00:00\",\"mainEntityOfPage\":{\"@id\":\"https:\/\/www.africa-press.net\/burkina-faso\/politique\/attaque-au-burkina-crainte-que-trois-europeens-disparus-naient-ete-tues-par-les-terroristes\"},\"wordCount\":341,\"commentCount\":0,\"image\":{\"@id\":\"https:\/\/www.africa-press.net\/burkina-faso\/politique\/attaque-au-burkina-crainte-que-trois-europeens-disparus-naient-ete-tues-par-les-terroristes#primaryimage\"},\"thumbnailUrl\":\"https:\/\/static.africa-press.net\/burkina\/sites\/42\/2021\/04\/img-608812ed69837.jpg\",\"keywords\":[\"Africa Press\",\"Africa Press-Burkina Faso\",\"Burkina Faso\",\"Internationales\"],\"articleSection\":[\"homepage-french\",\"Politique\",\"Top Nouvelles\",\"Toutes les actualit\u00e9s\"],\"inLanguage\":\"fr-FR\",\"potentialAction\":[{\"@type\":\"CommentAction\",\"name\":\"Comment\",\"target\":[\"https:\/\/www.africa-press.net\/burkina-faso\/politique\/attaque-au-burkina-crainte-que-trois-europeens-disparus-naient-ete-tues-par-les-terroristes#respond\"]}]},{\"@type\":\"WebPage\",\"@id\":\"https:\/\/www.africa-press.net\/burkina-faso\/politique\/attaque-au-burkina-crainte-que-trois-europeens-disparus-naient-ete-tues-par-les-terroristes\",\"url\":\"https:\/\/www.africa-press.net\/burkina-faso\/politique\/attaque-au-burkina-crainte-que-trois-europeens-disparus-naient-ete-tues-par-les-terroristes\",\"name\":\"Attaque au Burkina: crainte que trois Europ\u00e9ens disparus \\\"n'aient \u00e9t\u00e9 tu\u00e9s par les terroristes\\\" - Burkina Faso\",\"isPartOf\":{\"@id\":\"https:\/\/www.africa-press.net\/burkina-faso\/#website\"},\"primaryImageOfPage\":{\"@id\":\"https:\/\/www.africa-press.net\/burkina-faso\/politique\/attaque-au-burkina-crainte-que-trois-europeens-disparus-naient-ete-tues-par-les-terroristes#primaryimage\"},\"image\":{\"@id\":\"https:\/\/www.africa-press.net\/burkina-faso\/politique\/attaque-au-burkina-crainte-que-trois-europeens-disparus-naient-ete-tues-par-les-terroristes#primaryimage\"},\"thumbnailUrl\":\"https:\/\/static.africa-press.net\/burkina\/sites\/42\/2021\/04\/img-608812ed69837.jpg\",\"datePublished\":\"2021-04-27T13:42:54+00:00\",\"dateModified\":\"2021-04-27T13:57:37+00:00\",\"author\":{\"@id\":\"https:\/\/www.africa-press.net\/burkina-faso\/#\/schema\/person\/2b1cf3cd81a31e3cd26889ca66d677f1\"},\"description\":\"Il faut \\\"craindre\\\" que les trois Europ\u00e9ens disparus apr\u00e8s une attaque lundi dans l'est du Burkina Faso - deux Espagnols ...\",\"breadcrumb\":{\"@id\":\"https:\/\/www.africa-press.net\/burkina-faso\/politique\/attaque-au-burkina-crainte-que-trois-europeens-disparus-naient-ete-tues-par-les-terroristes#breadcrumb\"},\"inLanguage\":\"fr-FR\",\"potentialAction\":[{\"@type\":\"ReadAction\",\"target\":[\"https:\/\/www.africa-press.net\/burkina-faso\/politique\/attaque-au-burkina-crainte-que-trois-europeens-disparus-naient-ete-tues-par-les-terroristes\"]}]},{\"@type\":\"ImageObject\",\"inLanguage\":\"fr-FR\",\"@id\":\"https:\/\/www.africa-press.net\/burkina-faso\/politique\/attaque-au-burkina-crainte-que-trois-europeens-disparus-naient-ete-tues-par-les-terroristes#primaryimage\",\"url\":\"https:\/\/static.africa-press.net\/burkina\/sites\/42\/2021\/04\/img-608812ed69837.jpg\",\"contentUrl\":\"https:\/\/static.africa-press.net\/burkina\/sites\/42\/2021\/04\/img-608812ed69837.jpg\",\"width\":720,\"height\":376,\"caption\":\"Attaque au Burkina: crainte que trois Europ\u00e9ens disparus \\\"n'aient \u00e9t\u00e9 tu\u00e9s par les terroristes\\\"\"},{\"@type\":\"BreadcrumbList\",\"@id\":\"https:\/\/www.africa-press.net\/burkina-faso\/politique\/attaque-au-burkina-crainte-que-trois-europeens-disparus-naient-ete-tues-par-les-terroristes#breadcrumb\",\"itemListElement\":[{\"@type\":\"ListItem\",\"position\":1,\"name\":\"Accueil\",\"item\":\"https:\/\/www.africa-press.net\/burkina-faso\/\"},{\"@type\":\"ListItem\",\"position\":2,\"name\":\"Attaque au Burkina: crainte que trois Europ\u00e9ens disparus &#8220;n&#8217;aient \u00e9t\u00e9 tu\u00e9s par les terroristes&#8221;\"}]},{\"@type\":\"WebSite\",\"@id\":\"https:\/\/www.africa-press.net\/burkina-faso\/#website\",\"url\":\"https:\/\/www.africa-press.net\/burkina-faso\/\",\"name\":\"Burkina Faso\",\"description\":\"Just another Africa News Agency Sites site\",\"potentialAction\":[{\"@type\":\"SearchAction\",\"target\":{\"@type\":\"EntryPoint\",\"urlTemplate\":\"https:\/\/www.africa-press.net\/burkina-faso\/?s={search_term_string}\"},\"query-input\":{\"@type\":\"PropertyValueSpecification\",\"valueRequired\":true,\"valueName\":\"search_term_string\"}}],\"inLanguage\":\"fr-FR\"},{\"@type\":\"Person\",\"@id\":\"https:\/\/www.africa-press.net\/burkina-faso\/#\/schema\/person\/2b1cf3cd81a31e3cd26889ca66d677f1\",\"name\":\"cfeditorfr\"}]}<\/script>\n<!-- \/ Yoast SEO Premium plugin. -->","yoast_head_json":{"title":"Attaque au Burkina: crainte que trois Europ\u00e9ens disparus \"n'aient \u00e9t\u00e9 tu\u00e9s par les terroristes\" - Burkina Faso","description":"Il faut \"craindre\" que les trois Europ\u00e9ens disparus apr\u00e8s une attaque lundi dans l'est du Burkina Faso - deux Espagnols ...","robots":{"index":"index","follow":"follow","max-snippet":"max-snippet:-1","max-image-preview":"max-image-preview:large","max-video-preview":"max-video-preview:-1"},"canonical":"https:\/\/www.africa-press.net\/burkina-faso\/politique\/attaque-au-burkina-crainte-que-trois-europeens-disparus-naient-ete-tues-par-les-terroristes","og_locale":"fr_FR","og_type":"article","og_title":"Attaque au Burkina: crainte que trois Europ\u00e9ens disparus \"n'aient \u00e9t\u00e9 tu\u00e9s par les terroristes\"","og_description":"Il faut \"craindre\" que les trois Europ\u00e9ens disparus apr\u00e8s une attaque lundi dans l'est du Burkina Faso - deux Espagnols ...","og_url":"https:\/\/www.africa-press.net\/burkina-faso\/politique\/attaque-au-burkina-crainte-que-trois-europeens-disparus-naient-ete-tues-par-les-terroristes","og_site_name":"Burkina Faso","article_published_time":"2021-04-27T13:42:54+00:00","article_modified_time":"2021-04-27T13:57:37+00:00","og_image":[{"width":720,"height":376,"url":"https:\/\/static.africa-press.net\/burkina\/sites\/42\/2021\/04\/img-608812ed69837.jpg","type":"image\/jpeg"}],"author":"cfeditorfr","twitter_card":"summary_large_image","twitter_misc":{"\u00c9crit par":"cfeditorfr","Dur\u00e9e de lecture estim\u00e9e":"2 minutes"},"schema":{"@context":"https:\/\/schema.org","@graph":[{"@type":"Article","@id":"https:\/\/www.africa-press.net\/burkina-faso\/politique\/attaque-au-burkina-crainte-que-trois-europeens-disparus-naient-ete-tues-par-les-terroristes#article","isPartOf":{"@id":"https:\/\/www.africa-press.net\/burkina-faso\/politique\/attaque-au-burkina-crainte-que-trois-europeens-disparus-naient-ete-tues-par-les-terroristes"},"author":{"name":"cfeditorfr","@id":"https:\/\/www.africa-press.net\/burkina-faso\/#\/schema\/person\/2b1cf3cd81a31e3cd26889ca66d677f1"},"headline":"Attaque au Burkina: crainte que trois Europ\u00e9ens disparus \u00ab\u00a0n&rsquo;aient \u00e9t\u00e9 tu\u00e9s par les terroristes\u00a0\u00bb","datePublished":"2021-04-27T13:42:54+00:00","dateModified":"2021-04-27T13:57:37+00:00","mainEntityOfPage":{"@id":"https:\/\/www.africa-press.net\/burkina-faso\/politique\/attaque-au-burkina-crainte-que-trois-europeens-disparus-naient-ete-tues-par-les-terroristes"},"wordCount":341,"commentCount":0,"image":{"@id":"https:\/\/www.africa-press.net\/burkina-faso\/politique\/attaque-au-burkina-crainte-que-trois-europeens-disparus-naient-ete-tues-par-les-terroristes#primaryimage"},"thumbnailUrl":"https:\/\/static.africa-press.net\/burkina\/sites\/42\/2021\/04\/img-608812ed69837.jpg","keywords":["Africa Press","Africa Press-Burkina Faso","Burkina Faso","Internationales"],"articleSection":["homepage-french","Politique","Top Nouvelles","Toutes les actualit\u00e9s"],"inLanguage":"fr-FR","potentialAction":[{"@type":"CommentAction","name":"Comment","target":["https:\/\/www.africa-press.net\/burkina-faso\/politique\/attaque-au-burkina-crainte-que-trois-europeens-disparus-naient-ete-tues-par-les-terroristes#respond"]}]},{"@type":"WebPage","@id":"https:\/\/www.africa-press.net\/burkina-faso\/politique\/attaque-au-burkina-crainte-que-trois-europeens-disparus-naient-ete-tues-par-les-terroristes","url":"https:\/\/www.africa-press.net\/burkina-faso\/politique\/attaque-au-burkina-crainte-que-trois-europeens-disparus-naient-ete-tues-par-les-terroristes","name":"Attaque au Burkina: crainte que trois Europ\u00e9ens disparus \"n'aient \u00e9t\u00e9 tu\u00e9s par les terroristes\" - Burkina Faso","isPartOf":{"@id":"https:\/\/www.africa-press.net\/burkina-faso\/#website"},"primaryImageOfPage":{"@id":"https:\/\/www.africa-press.net\/burkina-faso\/politique\/attaque-au-burkina-crainte-que-trois-europeens-disparus-naient-ete-tues-par-les-terroristes#primaryimage"},"image":{"@id":"https:\/\/www.africa-press.net\/burkina-faso\/politique\/attaque-au-burkina-crainte-que-trois-europeens-disparus-naient-ete-tues-par-les-terroristes#primaryimage"},"thumbnailUrl":"https:\/\/static.africa-press.net\/burkina\/sites\/42\/2021\/04\/img-608812ed69837.jpg","datePublished":"2021-04-27T13:42:54+00:00","dateModified":"2021-04-27T13:57:37+00:00","author":{"@id":"https:\/\/www.africa-press.net\/burkina-faso\/#\/schema\/person\/2b1cf3cd81a31e3cd26889ca66d677f1"},"description":"Il faut \"craindre\" que les trois Europ\u00e9ens disparus apr\u00e8s une attaque lundi dans l'est du Burkina Faso - deux Espagnols ...","breadcrumb":{"@id":"https:\/\/www.africa-press.net\/burkina-faso\/politique\/attaque-au-burkina-crainte-que-trois-europeens-disparus-naient-ete-tues-par-les-terroristes#breadcrumb"},"inLanguage":"fr-FR","potentialAction":[{"@type":"ReadAction","target":["https:\/\/www.africa-press.net\/burkina-faso\/politique\/attaque-au-burkina-crainte-que-trois-europeens-disparus-naient-ete-tues-par-les-terroristes"]}]},{"@type":"ImageObject","inLanguage":"fr-FR","@id":"https:\/\/www.africa-press.net\/burkina-faso\/politique\/attaque-au-burkina-crainte-que-trois-europeens-disparus-naient-ete-tues-par-les-terroristes#primaryimage","url":"https:\/\/static.africa-press.net\/burkina\/sites\/42\/2021\/04\/img-608812ed69837.jpg","contentUrl":"https:\/\/static.africa-press.net\/burkina\/sites\/42\/2021\/04\/img-608812ed69837.jpg","width":720,"height":376,"caption":"Attaque au Burkina: crainte que trois Europ\u00e9ens disparus \"n'aient \u00e9t\u00e9 tu\u00e9s par les terroristes\""},{"@type":"BreadcrumbList","@id":"https:\/\/www.africa-press.net\/burkina-faso\/politique\/attaque-au-burkina-crainte-que-trois-europeens-disparus-naient-ete-tues-par-les-terroristes#breadcrumb","itemListElement":[{"@type":"ListItem","position":1,"name":"Accueil","item":"https:\/\/www.africa-press.net\/burkina-faso\/"},{"@type":"ListItem","position":2,"name":"Attaque au Burkina: crainte que trois Europ\u00e9ens disparus &#8220;n&#8217;aient \u00e9t\u00e9 tu\u00e9s par les terroristes&#8221;"}]},{"@type":"WebSite","@id":"https:\/\/www.africa-press.net\/burkina-faso\/#website","url":"https:\/\/www.africa-press.net\/burkina-faso\/","name":"Burkina Faso","description":"Just another Africa News Agency Sites site","potentialAction":[{"@type":"SearchAction","target":{"@type":"EntryPoint","urlTemplate":"https:\/\/www.africa-press.net\/burkina-faso\/?s={search_term_string}"},"query-input":{"@type":"PropertyValueSpecification","valueRequired":true,"valueName":"search_term_string"}}],"inLanguage":"fr-FR"},{"@type":"Person","@id":"https:\/\/www.africa-press.net\/burkina-faso\/#\/schema\/person\/2b1cf3cd81a31e3cd26889ca66d677f1","name":"cfeditorfr"}]}},"_links":{"self":[{"href":"https:\/\/www.africa-press.net\/burkina-faso\/wp-json\/wp\/v2\/posts\/10669","targetHints":{"allow":["GET"]}}],"collection":[{"href":"https:\/\/www.africa-press.net\/burkina-faso\/wp-json\/wp\/v2\/posts"}],"about":[{"href":"https:\/\/www.africa-press.net\/burkina-faso\/wp-json\/wp\/v2\/types\/post"}],"author":[{"embeddable":true,"href":"https:\/\/www.africa-press.net\/burkina-faso\/wp-json\/wp\/v2\/users\/82"}],"replies":[{"embeddable":true,"href":"https:\/\/www.africa-press.net\/burkina-faso\/wp-json\/wp\/v2\/comments?post=10669"}],"version-history":[{"count":0,"href":"https:\/\/www.africa-press.net\/burkina-faso\/wp-json\/wp\/v2\/posts\/10669\/revisions"}],"wp:featuredmedia":[{"embeddable":true,"href":"https:\/\/www.africa-press.net\/burkina-faso\/wp-json\/wp\/v2\/media\/10668"}],"wp:attachment":[{"href":"https:\/\/www.africa-press.net\/burkina-faso\/wp-json\/wp\/v2\/media?parent=10669"}],"wp:term":[{"taxonomy":"category","embeddable":true,"href":"https:\/\/www.africa-press.net\/burkina-faso\/wp-json\/wp\/v2\/categories?post=10669"},{"taxonomy":"post_tag","embeddable":true,"href":"https:\/\/www.africa-press.net\/burkina-faso\/wp-json\/wp\/v2\/tags?post=10669"}],"curies":[{"name":"wp","href":"https:\/\/api.w.org\/{rel}","templated":true}]}}