{"id":10687,"date":"2021-04-27T14:30:03","date_gmt":"2021-04-27T14:30:03","guid":{"rendered":"https:\/\/www.africa-press.net\/burkina-faso\/?p=10687"},"modified":"2021-04-27T13:59:10","modified_gmt":"2021-04-27T13:59:10","slug":"bobo-dioulasso-sira-labs-lance-la-semaine-de-lentrepreneuriat-numerique","status":"publish","type":"post","link":"https:\/\/www.africa-press.net\/burkina-faso\/culture-et-art\/bobo-dioulasso-sira-labs-lance-la-semaine-de-lentrepreneuriat-numerique","title":{"rendered":"Bobo-Dioulasso : Sira Labs lance la Semaine de l&rsquo;entrepreneuriat num\u00e9rique"},"content":{"rendered":"<p><span style=\"color: #ff6600\"><strong><a href=\"https:\/\/www.africa-press.net\/\">Africa-Press<\/a> &#8211; <a href=\"https:\/\/www.africa-press.net\/burkina-faso\">Burkina Faso<\/a>. <\/strong><\/span><b>Dans le cadre du projet Wuli, l\u2019incubateur Sira Labs a proc\u00e9d\u00e9, le lundi 26 avril 2021, au lancement de la Semaine de l\u2019entrepreneuriat num\u00e9rique, en partenariat avec l\u2019Universit\u00e9 Nazi-Boni de Bobo-Dioulasso.<\/b><\/p>\n<p>Au cours de cette semaine d\u2019activit\u00e9s qui s\u2019\u00e9tendra du 26 avril au 2 mai 2021, il est pr\u00e9vu deux conf\u00e9rences avec des experts, deux ateliers co-cr\u00e9atives, deux comp\u00e9titions de projets (hackathons) et un Tech day. Cette activit\u00e9 vise la promotion de l\u2019entrepreneuriat \u00e0 travers le num\u00e9rique et s\u2019inscrit dans le cadre du projet \u00ab Wuli \u00bb.<\/p>\n<p>Selon Issiaka Borro, le repr\u00e9sentant du directeur g\u00e9n\u00e9ral de Sira Labs, dans le cadre de la Semaine de l\u2019entrepreneuriat num\u00e9rique, les th\u00e8mes des conf\u00e9rences porteront sur le d\u00e9veloppement durable, la sant\u00e9, l\u2019agriculture, les ressources animales, l\u2019environnement. Il est pr\u00e9vu, pour les deux premiers jours, une conf\u00e9rence sur la transformation digitale de l\u2019\u00e9ducation et une autre sur la transformation digitale du service public. Cette semaine, dit-il, a pour objectif de promouvoir l\u2019entrepreneuriat et l\u2019innovation en milieu estudiantin, car il est temps d\u2019adapter l\u2019offre de formation aux besoins des entreprises, et Sira Labs accompagne l\u2019universit\u00e9 en ce sens afin de lutter contre le ch\u00f4mage.<\/p>\n<p>Comme l\u2019a soulign\u00e9 le Pr Macaire Ou\u00e9draogo, pr\u00e9sident de l\u2019universit\u00e9 Nazi-Boni, le monde est en pleine transformation digitale et de nouveaux paradigmes s\u2019imposent aux universit\u00e9s, \u00e0 savoir la professionnalisation et l\u2019employabilit\u00e9. Ainsi, la responsabilit\u00e9 soci\u00e9tale devrait permettre aux universit\u00e9s de pouvoir trouver des cadres d\u2019\u00e9changes avec le monde de l\u2019entreprise afin de pouvoir adapter la formation aux besoins des entreprises.<\/p>\n<p>Quant \u00e0 la promotion des incubateurs, cela permet de faciliter le lancement d\u2019entreprises \u00e0 travers l\u2019identification de projets innovants o\u00f9 les \u00e9tudiants sont mis en incubation avec des sp\u00e9cialistes de gestion de ces incubateurs, qui vont les accompagner jusqu\u2019\u00e0 maturation. Dans le cadre de cette semaine, ils pourront donc capter des projets innovants de digitalisation dans le domaine de l\u2019\u00e9ducation, du transport public, etc.<\/p>\n<p>Pour Dr Aminata Zerbo Saban\u00e9, directrice de l\u2019Agence nationale pour la promotion des technologies de l\u2019information et de la communication (ANPTIC), repr\u00e9sentant la ministre de l\u2019Economie num\u00e9rique, c\u2019est une tr\u00e8s belle initiative qui permet de promouvoir l\u2019entreprenariat au niveau des universit\u00e9s, au niveau des Hauts-Bassins et particuli\u00e8rement \u00e0 l\u2019universit\u00e9 Nazi-Boni. Elle pense qu\u2019il est urgent et n\u00e9cessaire d\u2019outiller les jeunes et \u00e9tudiants \u00e0 entreprendre, les encourager \u00e0 avoir des id\u00e9es d\u2019entreprises viables, cr\u00e9atrices de valeurs et permettre de r\u00e9gler le probl\u00e8me du ch\u00f4mage.<\/p>\n<p>Lanc\u00e9 le 26 octobre 2020, le projet Wuli a d\u00e9j\u00e0 r\u00e9alis\u00e9 quelques activit\u00e9s. Il s\u2019agit de l\u2019organisation de trois conf\u00e9rences, l\u2019organisation de trois ateliers de co-cr\u00e9ation (CoCrea), l\u2019organisation de trois hackathons, la s\u00e9lection de 50 apprenants pour le programme de formation \u00ab D\u00e9veloppeur Fullstack \u00bb et l\u2019incubation de dix projets.<br \/>\nL\u2019incubateur Sira Labs est ouvert au public. Il a re\u00e7u plus de 3 000 visiteurs au cours des 24 derniers mois dont 30% de femmes. Aussi, quinze projets ont \u00e9t\u00e9 incub\u00e9s dont un tiers apporte un b\u00e9n\u00e9fice pour l\u2019agriculture ou les zones rurales.<\/p>\n<p><b>\u00a0<\/b><\/p>\n","protected":false},"excerpt":{"rendered":"<p>Africa-Press &#8211; Burkina Faso. Dans le cadre du projet Wuli, l\u2019incubateur Sira Labs a proc\u00e9d\u00e9, le lundi 26 avril 2021, au lancement de la Semaine de l\u2019entrepreneuriat num\u00e9rique, en partenariat avec l\u2019Universit\u00e9 Nazi-Boni de Bobo-Dioulasso. Au cours de cette semaine d\u2019activit\u00e9s qui s\u2019\u00e9tendra du 26 avril au 2 mai 2021, il est pr\u00e9vu deux conf\u00e9rences [&hellip;]<\/p>\n","protected":false},"author":82,"featured_media":10686,"comment_status":"open","ping_status":"closed","sticky":false,"template":"","format":"standard","meta":{"footnotes":""},"categories":[5,11,10],"tags":[111,725,29],"class_list":["post-10687","post","type-post","status-publish","format-standard","has-post-thumbnail","hentry","category-culture-et-art","category-homepage-french","category-toutes-les-actualites","tag-africa-press","tag-africa-press-burkina-faso","tag-burkina-faso"],"yoast_head":"<!-- This site is optimized with the Yoast SEO Premium plugin v26.1 (Yoast SEO v27.0) - https:\/\/yoast.com\/product\/yoast-seo-premium-wordpress\/ -->\n<title>Bobo-Dioulasso : Sira Labs lance la Semaine de l&#039;entrepreneuriat num\u00e9rique - Burkina Faso<\/title>\n<meta name=\"description\" content=\"Dans le cadre du projet Wuli, l\u2019incubateur Sira Labs a proc\u00e9d\u00e9, le lundi 26 avril 2021, au lancement de la Semaine de ...\" \/>\n<meta name=\"robots\" content=\"index, follow, max-snippet:-1, max-image-preview:large, max-video-preview:-1\" \/>\n<link rel=\"canonical\" href=\"https:\/\/www.africa-press.net\/burkina-faso\/culture-et-art\/bobo-dioulasso-sira-labs-lance-la-semaine-de-lentrepreneuriat-numerique\" \/>\n<meta property=\"og:locale\" content=\"fr_FR\" \/>\n<meta property=\"og:type\" content=\"article\" \/>\n<meta property=\"og:title\" content=\"Bobo-Dioulasso : Sira Labs lance la Semaine de l&#039;entrepreneuriat num\u00e9rique\" \/>\n<meta property=\"og:description\" content=\"Dans le cadre du projet Wuli, l\u2019incubateur Sira Labs a proc\u00e9d\u00e9, le lundi 26 avril 2021, au lancement de la Semaine de ...\" \/>\n<meta property=\"og:url\" content=\"https:\/\/www.africa-press.net\/burkina-faso\/culture-et-art\/bobo-dioulasso-sira-labs-lance-la-semaine-de-lentrepreneuriat-numerique\" \/>\n<meta property=\"og:site_name\" content=\"Burkina Faso\" \/>\n<meta property=\"article:published_time\" content=\"2021-04-27T14:30:03+00:00\" \/>\n<meta property=\"og:image\" content=\"https:\/\/static.africa-press.net\/burkina\/sites\/42\/2021\/04\/img-6088142474323.jpg\" \/>\n\t<meta property=\"og:image:width\" content=\"720\" \/>\n\t<meta property=\"og:image:height\" content=\"540\" \/>\n\t<meta property=\"og:image:type\" content=\"image\/jpeg\" \/>\n<meta name=\"author\" content=\"cfeditorfr\" \/>\n<meta name=\"twitter:card\" content=\"summary_large_image\" \/>\n<meta name=\"twitter:label1\" content=\"\u00c9crit par\" \/>\n\t<meta name=\"twitter:data1\" content=\"cfeditorfr\" \/>\n\t<meta name=\"twitter:label2\" content=\"Dur\u00e9e de lecture estim\u00e9e\" \/>\n\t<meta name=\"twitter:data2\" content=\"3 minutes\" \/>\n<script type=\"application\/ld+json\" class=\"yoast-schema-graph\">{\"@context\":\"https:\/\/schema.org\",\"@graph\":[{\"@type\":\"Article\",\"@id\":\"https:\/\/www.africa-press.net\/burkina-faso\/culture-et-art\/bobo-dioulasso-sira-labs-lance-la-semaine-de-lentrepreneuriat-numerique#article\",\"isPartOf\":{\"@id\":\"https:\/\/www.africa-press.net\/burkina-faso\/culture-et-art\/bobo-dioulasso-sira-labs-lance-la-semaine-de-lentrepreneuriat-numerique\"},\"author\":{\"name\":\"cfeditorfr\",\"@id\":\"https:\/\/www.africa-press.net\/burkina-faso\/#\/schema\/person\/2b1cf3cd81a31e3cd26889ca66d677f1\"},\"headline\":\"Bobo-Dioulasso : Sira Labs lance la Semaine de l&rsquo;entrepreneuriat num\u00e9rique\",\"datePublished\":\"2021-04-27T14:30:03+00:00\",\"mainEntityOfPage\":{\"@id\":\"https:\/\/www.africa-press.net\/burkina-faso\/culture-et-art\/bobo-dioulasso-sira-labs-lance-la-semaine-de-lentrepreneuriat-numerique\"},\"wordCount\":568,\"commentCount\":0,\"image\":{\"@id\":\"https:\/\/www.africa-press.net\/burkina-faso\/culture-et-art\/bobo-dioulasso-sira-labs-lance-la-semaine-de-lentrepreneuriat-numerique#primaryimage\"},\"thumbnailUrl\":\"https:\/\/static.africa-press.net\/burkina\/sites\/42\/2021\/04\/img-6088142474323.jpg\",\"keywords\":[\"Africa Press\",\"Africa Press-Burkina Faso\",\"Burkina Faso\"],\"articleSection\":[\"Culture et Art\",\"homepage-french\",\"Toutes les actualit\u00e9s\"],\"inLanguage\":\"fr-FR\",\"potentialAction\":[{\"@type\":\"CommentAction\",\"name\":\"Comment\",\"target\":[\"https:\/\/www.africa-press.net\/burkina-faso\/culture-et-art\/bobo-dioulasso-sira-labs-lance-la-semaine-de-lentrepreneuriat-numerique#respond\"]}]},{\"@type\":\"WebPage\",\"@id\":\"https:\/\/www.africa-press.net\/burkina-faso\/culture-et-art\/bobo-dioulasso-sira-labs-lance-la-semaine-de-lentrepreneuriat-numerique\",\"url\":\"https:\/\/www.africa-press.net\/burkina-faso\/culture-et-art\/bobo-dioulasso-sira-labs-lance-la-semaine-de-lentrepreneuriat-numerique\",\"name\":\"Bobo-Dioulasso : Sira Labs lance la Semaine de l'entrepreneuriat num\u00e9rique - Burkina Faso\",\"isPartOf\":{\"@id\":\"https:\/\/www.africa-press.net\/burkina-faso\/#website\"},\"primaryImageOfPage\":{\"@id\":\"https:\/\/www.africa-press.net\/burkina-faso\/culture-et-art\/bobo-dioulasso-sira-labs-lance-la-semaine-de-lentrepreneuriat-numerique#primaryimage\"},\"image\":{\"@id\":\"https:\/\/www.africa-press.net\/burkina-faso\/culture-et-art\/bobo-dioulasso-sira-labs-lance-la-semaine-de-lentrepreneuriat-numerique#primaryimage\"},\"thumbnailUrl\":\"https:\/\/static.africa-press.net\/burkina\/sites\/42\/2021\/04\/img-6088142474323.jpg\",\"datePublished\":\"2021-04-27T14:30:03+00:00\",\"author\":{\"@id\":\"https:\/\/www.africa-press.net\/burkina-faso\/#\/schema\/person\/2b1cf3cd81a31e3cd26889ca66d677f1\"},\"description\":\"Dans le cadre du projet Wuli, l\u2019incubateur Sira Labs a proc\u00e9d\u00e9, le lundi 26 avril 2021, au lancement de la Semaine de ...\",\"breadcrumb\":{\"@id\":\"https:\/\/www.africa-press.net\/burkina-faso\/culture-et-art\/bobo-dioulasso-sira-labs-lance-la-semaine-de-lentrepreneuriat-numerique#breadcrumb\"},\"inLanguage\":\"fr-FR\",\"potentialAction\":[{\"@type\":\"ReadAction\",\"target\":[\"https:\/\/www.africa-press.net\/burkina-faso\/culture-et-art\/bobo-dioulasso-sira-labs-lance-la-semaine-de-lentrepreneuriat-numerique\"]}]},{\"@type\":\"ImageObject\",\"inLanguage\":\"fr-FR\",\"@id\":\"https:\/\/www.africa-press.net\/burkina-faso\/culture-et-art\/bobo-dioulasso-sira-labs-lance-la-semaine-de-lentrepreneuriat-numerique#primaryimage\",\"url\":\"https:\/\/static.africa-press.net\/burkina\/sites\/42\/2021\/04\/img-6088142474323.jpg\",\"contentUrl\":\"https:\/\/static.africa-press.net\/burkina\/sites\/42\/2021\/04\/img-6088142474323.jpg\",\"width\":720,\"height\":540,\"caption\":\"Bobo-Dioulasso : Sira Labs lance la Semaine de l'entrepreneuriat num\u00e9rique\"},{\"@type\":\"BreadcrumbList\",\"@id\":\"https:\/\/www.africa-press.net\/burkina-faso\/culture-et-art\/bobo-dioulasso-sira-labs-lance-la-semaine-de-lentrepreneuriat-numerique#breadcrumb\",\"itemListElement\":[{\"@type\":\"ListItem\",\"position\":1,\"name\":\"Accueil\",\"item\":\"https:\/\/www.africa-press.net\/burkina-faso\/\"},{\"@type\":\"ListItem\",\"position\":2,\"name\":\"Bobo-Dioulasso : Sira Labs lance la Semaine de l&#8217;entrepreneuriat num\u00e9rique\"}]},{\"@type\":\"WebSite\",\"@id\":\"https:\/\/www.africa-press.net\/burkina-faso\/#website\",\"url\":\"https:\/\/www.africa-press.net\/burkina-faso\/\",\"name\":\"Burkina Faso\",\"description\":\"Just another Africa News Agency Sites site\",\"potentialAction\":[{\"@type\":\"SearchAction\",\"target\":{\"@type\":\"EntryPoint\",\"urlTemplate\":\"https:\/\/www.africa-press.net\/burkina-faso\/?s={search_term_string}\"},\"query-input\":{\"@type\":\"PropertyValueSpecification\",\"valueRequired\":true,\"valueName\":\"search_term_string\"}}],\"inLanguage\":\"fr-FR\"},{\"@type\":\"Person\",\"@id\":\"https:\/\/www.africa-press.net\/burkina-faso\/#\/schema\/person\/2b1cf3cd81a31e3cd26889ca66d677f1\",\"name\":\"cfeditorfr\"}]}<\/script>\n<!-- \/ Yoast SEO Premium plugin. -->","yoast_head_json":{"title":"Bobo-Dioulasso : Sira Labs lance la Semaine de l'entrepreneuriat num\u00e9rique - Burkina Faso","description":"Dans le cadre du projet Wuli, l\u2019incubateur Sira Labs a proc\u00e9d\u00e9, le lundi 26 avril 2021, au lancement de la Semaine de ...","robots":{"index":"index","follow":"follow","max-snippet":"max-snippet:-1","max-image-preview":"max-image-preview:large","max-video-preview":"max-video-preview:-1"},"canonical":"https:\/\/www.africa-press.net\/burkina-faso\/culture-et-art\/bobo-dioulasso-sira-labs-lance-la-semaine-de-lentrepreneuriat-numerique","og_locale":"fr_FR","og_type":"article","og_title":"Bobo-Dioulasso : Sira Labs lance la Semaine de l'entrepreneuriat num\u00e9rique","og_description":"Dans le cadre du projet Wuli, l\u2019incubateur Sira Labs a proc\u00e9d\u00e9, le lundi 26 avril 2021, au lancement de la Semaine de ...","og_url":"https:\/\/www.africa-press.net\/burkina-faso\/culture-et-art\/bobo-dioulasso-sira-labs-lance-la-semaine-de-lentrepreneuriat-numerique","og_site_name":"Burkina Faso","article_published_time":"2021-04-27T14:30:03+00:00","og_image":[{"width":720,"height":540,"url":"https:\/\/static.africa-press.net\/burkina\/sites\/42\/2021\/04\/img-6088142474323.jpg","type":"image\/jpeg"}],"author":"cfeditorfr","twitter_card":"summary_large_image","twitter_misc":{"\u00c9crit par":"cfeditorfr","Dur\u00e9e de lecture estim\u00e9e":"3 minutes"},"schema":{"@context":"https:\/\/schema.org","@graph":[{"@type":"Article","@id":"https:\/\/www.africa-press.net\/burkina-faso\/culture-et-art\/bobo-dioulasso-sira-labs-lance-la-semaine-de-lentrepreneuriat-numerique#article","isPartOf":{"@id":"https:\/\/www.africa-press.net\/burkina-faso\/culture-et-art\/bobo-dioulasso-sira-labs-lance-la-semaine-de-lentrepreneuriat-numerique"},"author":{"name":"cfeditorfr","@id":"https:\/\/www.africa-press.net\/burkina-faso\/#\/schema\/person\/2b1cf3cd81a31e3cd26889ca66d677f1"},"headline":"Bobo-Dioulasso : Sira Labs lance la Semaine de l&rsquo;entrepreneuriat num\u00e9rique","datePublished":"2021-04-27T14:30:03+00:00","mainEntityOfPage":{"@id":"https:\/\/www.africa-press.net\/burkina-faso\/culture-et-art\/bobo-dioulasso-sira-labs-lance-la-semaine-de-lentrepreneuriat-numerique"},"wordCount":568,"commentCount":0,"image":{"@id":"https:\/\/www.africa-press.net\/burkina-faso\/culture-et-art\/bobo-dioulasso-sira-labs-lance-la-semaine-de-lentrepreneuriat-numerique#primaryimage"},"thumbnailUrl":"https:\/\/static.africa-press.net\/burkina\/sites\/42\/2021\/04\/img-6088142474323.jpg","keywords":["Africa Press","Africa Press-Burkina Faso","Burkina Faso"],"articleSection":["Culture et Art","homepage-french","Toutes les actualit\u00e9s"],"inLanguage":"fr-FR","potentialAction":[{"@type":"CommentAction","name":"Comment","target":["https:\/\/www.africa-press.net\/burkina-faso\/culture-et-art\/bobo-dioulasso-sira-labs-lance-la-semaine-de-lentrepreneuriat-numerique#respond"]}]},{"@type":"WebPage","@id":"https:\/\/www.africa-press.net\/burkina-faso\/culture-et-art\/bobo-dioulasso-sira-labs-lance-la-semaine-de-lentrepreneuriat-numerique","url":"https:\/\/www.africa-press.net\/burkina-faso\/culture-et-art\/bobo-dioulasso-sira-labs-lance-la-semaine-de-lentrepreneuriat-numerique","name":"Bobo-Dioulasso : Sira Labs lance la Semaine de l'entrepreneuriat num\u00e9rique - Burkina Faso","isPartOf":{"@id":"https:\/\/www.africa-press.net\/burkina-faso\/#website"},"primaryImageOfPage":{"@id":"https:\/\/www.africa-press.net\/burkina-faso\/culture-et-art\/bobo-dioulasso-sira-labs-lance-la-semaine-de-lentrepreneuriat-numerique#primaryimage"},"image":{"@id":"https:\/\/www.africa-press.net\/burkina-faso\/culture-et-art\/bobo-dioulasso-sira-labs-lance-la-semaine-de-lentrepreneuriat-numerique#primaryimage"},"thumbnailUrl":"https:\/\/static.africa-press.net\/burkina\/sites\/42\/2021\/04\/img-6088142474323.jpg","datePublished":"2021-04-27T14:30:03+00:00","author":{"@id":"https:\/\/www.africa-press.net\/burkina-faso\/#\/schema\/person\/2b1cf3cd81a31e3cd26889ca66d677f1"},"description":"Dans le cadre du projet Wuli, l\u2019incubateur Sira Labs a proc\u00e9d\u00e9, le lundi 26 avril 2021, au lancement de la Semaine de ...","breadcrumb":{"@id":"https:\/\/www.africa-press.net\/burkina-faso\/culture-et-art\/bobo-dioulasso-sira-labs-lance-la-semaine-de-lentrepreneuriat-numerique#breadcrumb"},"inLanguage":"fr-FR","potentialAction":[{"@type":"ReadAction","target":["https:\/\/www.africa-press.net\/burkina-faso\/culture-et-art\/bobo-dioulasso-sira-labs-lance-la-semaine-de-lentrepreneuriat-numerique"]}]},{"@type":"ImageObject","inLanguage":"fr-FR","@id":"https:\/\/www.africa-press.net\/burkina-faso\/culture-et-art\/bobo-dioulasso-sira-labs-lance-la-semaine-de-lentrepreneuriat-numerique#primaryimage","url":"https:\/\/static.africa-press.net\/burkina\/sites\/42\/2021\/04\/img-6088142474323.jpg","contentUrl":"https:\/\/static.africa-press.net\/burkina\/sites\/42\/2021\/04\/img-6088142474323.jpg","width":720,"height":540,"caption":"Bobo-Dioulasso : Sira Labs lance la Semaine de l'entrepreneuriat num\u00e9rique"},{"@type":"BreadcrumbList","@id":"https:\/\/www.africa-press.net\/burkina-faso\/culture-et-art\/bobo-dioulasso-sira-labs-lance-la-semaine-de-lentrepreneuriat-numerique#breadcrumb","itemListElement":[{"@type":"ListItem","position":1,"name":"Accueil","item":"https:\/\/www.africa-press.net\/burkina-faso\/"},{"@type":"ListItem","position":2,"name":"Bobo-Dioulasso : Sira Labs lance la Semaine de l&#8217;entrepreneuriat num\u00e9rique"}]},{"@type":"WebSite","@id":"https:\/\/www.africa-press.net\/burkina-faso\/#website","url":"https:\/\/www.africa-press.net\/burkina-faso\/","name":"Burkina Faso","description":"Just another Africa News Agency Sites site","potentialAction":[{"@type":"SearchAction","target":{"@type":"EntryPoint","urlTemplate":"https:\/\/www.africa-press.net\/burkina-faso\/?s={search_term_string}"},"query-input":{"@type":"PropertyValueSpecification","valueRequired":true,"valueName":"search_term_string"}}],"inLanguage":"fr-FR"},{"@type":"Person","@id":"https:\/\/www.africa-press.net\/burkina-faso\/#\/schema\/person\/2b1cf3cd81a31e3cd26889ca66d677f1","name":"cfeditorfr"}]}},"_links":{"self":[{"href":"https:\/\/www.africa-press.net\/burkina-faso\/wp-json\/wp\/v2\/posts\/10687","targetHints":{"allow":["GET"]}}],"collection":[{"href":"https:\/\/www.africa-press.net\/burkina-faso\/wp-json\/wp\/v2\/posts"}],"about":[{"href":"https:\/\/www.africa-press.net\/burkina-faso\/wp-json\/wp\/v2\/types\/post"}],"author":[{"embeddable":true,"href":"https:\/\/www.africa-press.net\/burkina-faso\/wp-json\/wp\/v2\/users\/82"}],"replies":[{"embeddable":true,"href":"https:\/\/www.africa-press.net\/burkina-faso\/wp-json\/wp\/v2\/comments?post=10687"}],"version-history":[{"count":0,"href":"https:\/\/www.africa-press.net\/burkina-faso\/wp-json\/wp\/v2\/posts\/10687\/revisions"}],"wp:featuredmedia":[{"embeddable":true,"href":"https:\/\/www.africa-press.net\/burkina-faso\/wp-json\/wp\/v2\/media\/10686"}],"wp:attachment":[{"href":"https:\/\/www.africa-press.net\/burkina-faso\/wp-json\/wp\/v2\/media?parent=10687"}],"wp:term":[{"taxonomy":"category","embeddable":true,"href":"https:\/\/www.africa-press.net\/burkina-faso\/wp-json\/wp\/v2\/categories?post=10687"},{"taxonomy":"post_tag","embeddable":true,"href":"https:\/\/www.africa-press.net\/burkina-faso\/wp-json\/wp\/v2\/tags?post=10687"}],"curies":[{"name":"wp","href":"https:\/\/api.w.org\/{rel}","templated":true}]}}