{"id":10693,"date":"2021-04-27T14:45:20","date_gmt":"2021-04-27T14:45:20","guid":{"rendered":"https:\/\/www.africa-press.net\/burkina-faso\/?p=10693"},"modified":"2021-04-27T13:41:32","modified_gmt":"2021-04-27T13:41:32","slug":"fasofoot-luso-tombe-dans-la-zone-rouge","status":"publish","type":"post","link":"https:\/\/www.africa-press.net\/burkina-faso\/sports\/fasofoot-luso-tombe-dans-la-zone-rouge","title":{"rendered":"Fasofoot : L&rsquo;USO tombe dans la zone rouge"},"content":{"rendered":"<p><span style=\"color: #ff6600\"><strong><a href=\"https:\/\/www.africa-press.net\/\">Africa-Press<\/a> &#8211; <a href=\"https:\/\/www.africa-press.net\/burkina-faso\">Burkina Faso<\/a>. <\/strong><\/span><b>La 27e journ\u00e9e du championnat national de football s\u2019est disput\u00e9e ce week-end. L\u2019Union sportive de Ouagadougou a poursuivi sa s\u00e9rie de d\u00e9faites et se retrouve dans la zone de rel\u00e9gation. Si les responsables du club de Larl\u00e9 ne font rien, l\u2019\u00e9quipe risque de jouer en deuxi\u00e8me division.<\/b><\/p>\n<p>Rien ne semble encore aller pour l\u2019USO. A sept journ\u00e9es de la fin du championnat, le club de Larl\u00e9 est mal en point. Comme pour ne rien arranger, les responsables ont d\u00e9cid\u00e9 de se s\u00e9parer de l\u2019entra\u00eeneur Mousso Ou\u00e9draogo. Depuis lors, le club peine \u00e0 remporter des matchs.<\/p>\n<p>La 27e journ\u00e9e n\u2019a pas \u00e9t\u00e9 diff\u00e9rente des journ\u00e9es pass\u00e9es. Le club fait partie des nombreuses victimes de l\u2019ASFA Yennega. En effet, les Jaune et vert ont domin\u00e9 les joueurs de Larl\u00e9 par deux buts \u00e0 z\u00e9ro (2-0). L\u2019USO est d\u00e9sormais seizi\u00e8me sur dix-huit \u00e9quipes en comp\u00e9tition.<\/p>\n<p>Par contre, l\u2019EFO a r\u00e9alis\u00e9 une bonne op\u00e9ration face \u00e0 l\u2019AS Police. Les Bleu et blanc de la capitale ont montr\u00e9 un bien meilleur visage face aux flics. La Reine des stades s\u2019est impos\u00e9e par deux buts \u00e0 z\u00e9ro et gagne deux places au classement. Elle occupe d\u00e9sormais la neuvi\u00e8me place devant l\u2019ASECK et l\u2019AS Police.<\/p>\n<p><b>Jacques Th\u00e9odore Balima<br \/>\n<\/b><\/p>\n<p>R\u00e9sultats RCK#USFA : 0-1 USO#ASFA Y : 0-2 LEOPARDS ST CAMILLE#AS SONABEL : 0-1 KOZAF#ROYAL FC : 1-3 ASECK 0 &#8211; 0 RCB VITESSE FC 0 &#8211; 1 RAHIMO FC MAJESTIC SC 1-2 ASFB EFO 2- 0 AS POLICE<\/p>\n<p><b>Classement<\/b><\/p>\n<p>1erAS SONABEL 49pts+17 (-1m)<br \/>\n2e USFA 48pts +12<br \/>\n3e AS DOUANE 44pts +15 (-1m)<br \/>\n4e SALITAS FC 42pts +9 (-5m)<br \/>\n5e ASFA Y 38pts<br \/>\n6e ROYAL FC 37pts +4<br \/>\n7e MAJESTIC SC 37pts<br \/>\n8e RCB 36pts +8 (-1m)<br \/>\n9e EFO 35pts +4<br \/>\n10e ASECK 34pts -2<br \/>\n11e AS POLICE 33pts +1<br \/>\n12e RCK 33pts -11 (-1m)<br \/>\n13e ASFB 30pts -8<br \/>\n14e RAHIMO FC 29pts -8<br \/>\n15e L\u00e9o St CAMILLE 29pts -13<br \/>\n16e USO 27pts-9 (-1M)<br \/>\n17e Vitesse 26pts -7<br \/>\n18e Kozaf 22pts-17<\/p>\n","protected":false},"excerpt":{"rendered":"<p>Africa-Press &#8211; Burkina Faso. La 27e journ\u00e9e du championnat national de football s\u2019est disput\u00e9e ce week-end. L\u2019Union sportive de Ouagadougou a poursuivi sa s\u00e9rie de d\u00e9faites et se retrouve dans la zone de rel\u00e9gation. Si les responsables du club de Larl\u00e9 ne font rien, l\u2019\u00e9quipe risque de jouer en deuxi\u00e8me division. Rien ne semble encore [&hellip;]<\/p>\n","protected":false},"author":82,"featured_media":10692,"comment_status":"open","ping_status":"closed","sticky":false,"template":"","format":"standard","meta":{"footnotes":""},"categories":[11,6,10],"tags":[111,725,29],"class_list":["post-10693","post","type-post","status-publish","format-standard","has-post-thumbnail","hentry","category-homepage-french","category-sports","category-toutes-les-actualites","tag-africa-press","tag-africa-press-burkina-faso","tag-burkina-faso"],"yoast_head":"<!-- This site is optimized with the Yoast SEO Premium plugin v26.1 (Yoast SEO v27.0) - https:\/\/yoast.com\/product\/yoast-seo-premium-wordpress\/ -->\n<title>Fasofoot : L&#039;USO tombe dans la zone rouge - Burkina Faso<\/title>\n<meta name=\"description\" content=\"La 27e journ\u00e9e du championnat national de football s\u2019est disput\u00e9e ce week-end. L\u2019Union sportive de Ouagadougou a pour ...\" \/>\n<meta name=\"robots\" content=\"index, follow, max-snippet:-1, max-image-preview:large, max-video-preview:-1\" \/>\n<link rel=\"canonical\" href=\"https:\/\/www.africa-press.net\/burkina-faso\/sports\/fasofoot-luso-tombe-dans-la-zone-rouge\" \/>\n<meta property=\"og:locale\" content=\"fr_FR\" \/>\n<meta property=\"og:type\" content=\"article\" \/>\n<meta property=\"og:title\" content=\"Fasofoot : L&#039;USO tombe dans la zone rouge\" \/>\n<meta property=\"og:description\" content=\"La 27e journ\u00e9e du championnat national de football s\u2019est disput\u00e9e ce week-end. L\u2019Union sportive de Ouagadougou a pour ...\" \/>\n<meta property=\"og:url\" content=\"https:\/\/www.africa-press.net\/burkina-faso\/sports\/fasofoot-luso-tombe-dans-la-zone-rouge\" \/>\n<meta property=\"og:site_name\" content=\"Burkina Faso\" \/>\n<meta property=\"article:published_time\" content=\"2021-04-27T14:45:20+00:00\" \/>\n<meta property=\"og:image\" content=\"https:\/\/static.africa-press.net\/burkina\/sites\/42\/2021\/04\/img-60881471ec4a8.jpg\" \/>\n\t<meta property=\"og:image:width\" content=\"720\" \/>\n\t<meta property=\"og:image:height\" content=\"345\" \/>\n\t<meta property=\"og:image:type\" content=\"image\/jpeg\" \/>\n<meta name=\"author\" content=\"cfeditorfr\" \/>\n<meta name=\"twitter:card\" content=\"summary_large_image\" \/>\n<meta name=\"twitter:label1\" content=\"\u00c9crit par\" \/>\n\t<meta name=\"twitter:data1\" content=\"cfeditorfr\" \/>\n\t<meta name=\"twitter:label2\" content=\"Dur\u00e9e de lecture estim\u00e9e\" \/>\n\t<meta name=\"twitter:data2\" content=\"2 minutes\" \/>\n<script type=\"application\/ld+json\" class=\"yoast-schema-graph\">{\"@context\":\"https:\/\/schema.org\",\"@graph\":[{\"@type\":\"Article\",\"@id\":\"https:\/\/www.africa-press.net\/burkina-faso\/sports\/fasofoot-luso-tombe-dans-la-zone-rouge#article\",\"isPartOf\":{\"@id\":\"https:\/\/www.africa-press.net\/burkina-faso\/sports\/fasofoot-luso-tombe-dans-la-zone-rouge\"},\"author\":{\"name\":\"cfeditorfr\",\"@id\":\"https:\/\/www.africa-press.net\/burkina-faso\/#\/schema\/person\/2b1cf3cd81a31e3cd26889ca66d677f1\"},\"headline\":\"Fasofoot : L&rsquo;USO tombe dans la zone rouge\",\"datePublished\":\"2021-04-27T14:45:20+00:00\",\"mainEntityOfPage\":{\"@id\":\"https:\/\/www.africa-press.net\/burkina-faso\/sports\/fasofoot-luso-tombe-dans-la-zone-rouge\"},\"wordCount\":366,\"commentCount\":0,\"image\":{\"@id\":\"https:\/\/www.africa-press.net\/burkina-faso\/sports\/fasofoot-luso-tombe-dans-la-zone-rouge#primaryimage\"},\"thumbnailUrl\":\"https:\/\/static.africa-press.net\/burkina\/sites\/42\/2021\/04\/img-60881471ec4a8.jpg\",\"keywords\":[\"Africa Press\",\"Africa Press-Burkina Faso\",\"Burkina Faso\"],\"articleSection\":[\"homepage-french\",\"Sports\",\"Toutes les actualit\u00e9s\"],\"inLanguage\":\"fr-FR\",\"potentialAction\":[{\"@type\":\"CommentAction\",\"name\":\"Comment\",\"target\":[\"https:\/\/www.africa-press.net\/burkina-faso\/sports\/fasofoot-luso-tombe-dans-la-zone-rouge#respond\"]}]},{\"@type\":\"WebPage\",\"@id\":\"https:\/\/www.africa-press.net\/burkina-faso\/sports\/fasofoot-luso-tombe-dans-la-zone-rouge\",\"url\":\"https:\/\/www.africa-press.net\/burkina-faso\/sports\/fasofoot-luso-tombe-dans-la-zone-rouge\",\"name\":\"Fasofoot : L'USO tombe dans la zone rouge - Burkina Faso\",\"isPartOf\":{\"@id\":\"https:\/\/www.africa-press.net\/burkina-faso\/#website\"},\"primaryImageOfPage\":{\"@id\":\"https:\/\/www.africa-press.net\/burkina-faso\/sports\/fasofoot-luso-tombe-dans-la-zone-rouge#primaryimage\"},\"image\":{\"@id\":\"https:\/\/www.africa-press.net\/burkina-faso\/sports\/fasofoot-luso-tombe-dans-la-zone-rouge#primaryimage\"},\"thumbnailUrl\":\"https:\/\/static.africa-press.net\/burkina\/sites\/42\/2021\/04\/img-60881471ec4a8.jpg\",\"datePublished\":\"2021-04-27T14:45:20+00:00\",\"author\":{\"@id\":\"https:\/\/www.africa-press.net\/burkina-faso\/#\/schema\/person\/2b1cf3cd81a31e3cd26889ca66d677f1\"},\"description\":\"La 27e journ\u00e9e du championnat national de football s\u2019est disput\u00e9e ce week-end. L\u2019Union sportive de Ouagadougou a pour ...\",\"breadcrumb\":{\"@id\":\"https:\/\/www.africa-press.net\/burkina-faso\/sports\/fasofoot-luso-tombe-dans-la-zone-rouge#breadcrumb\"},\"inLanguage\":\"fr-FR\",\"potentialAction\":[{\"@type\":\"ReadAction\",\"target\":[\"https:\/\/www.africa-press.net\/burkina-faso\/sports\/fasofoot-luso-tombe-dans-la-zone-rouge\"]}]},{\"@type\":\"ImageObject\",\"inLanguage\":\"fr-FR\",\"@id\":\"https:\/\/www.africa-press.net\/burkina-faso\/sports\/fasofoot-luso-tombe-dans-la-zone-rouge#primaryimage\",\"url\":\"https:\/\/static.africa-press.net\/burkina\/sites\/42\/2021\/04\/img-60881471ec4a8.jpg\",\"contentUrl\":\"https:\/\/static.africa-press.net\/burkina\/sites\/42\/2021\/04\/img-60881471ec4a8.jpg\",\"width\":720,\"height\":345,\"caption\":\"Fasofoot : L'USO tombe dans la zone rouge\"},{\"@type\":\"BreadcrumbList\",\"@id\":\"https:\/\/www.africa-press.net\/burkina-faso\/sports\/fasofoot-luso-tombe-dans-la-zone-rouge#breadcrumb\",\"itemListElement\":[{\"@type\":\"ListItem\",\"position\":1,\"name\":\"Accueil\",\"item\":\"https:\/\/www.africa-press.net\/burkina-faso\/\"},{\"@type\":\"ListItem\",\"position\":2,\"name\":\"Fasofoot : L&#8217;USO tombe dans la zone rouge\"}]},{\"@type\":\"WebSite\",\"@id\":\"https:\/\/www.africa-press.net\/burkina-faso\/#website\",\"url\":\"https:\/\/www.africa-press.net\/burkina-faso\/\",\"name\":\"Burkina Faso\",\"description\":\"Just another Africa News Agency Sites site\",\"potentialAction\":[{\"@type\":\"SearchAction\",\"target\":{\"@type\":\"EntryPoint\",\"urlTemplate\":\"https:\/\/www.africa-press.net\/burkina-faso\/?s={search_term_string}\"},\"query-input\":{\"@type\":\"PropertyValueSpecification\",\"valueRequired\":true,\"valueName\":\"search_term_string\"}}],\"inLanguage\":\"fr-FR\"},{\"@type\":\"Person\",\"@id\":\"https:\/\/www.africa-press.net\/burkina-faso\/#\/schema\/person\/2b1cf3cd81a31e3cd26889ca66d677f1\",\"name\":\"cfeditorfr\"}]}<\/script>\n<!-- \/ Yoast SEO Premium plugin. -->","yoast_head_json":{"title":"Fasofoot : L'USO tombe dans la zone rouge - Burkina Faso","description":"La 27e journ\u00e9e du championnat national de football s\u2019est disput\u00e9e ce week-end. L\u2019Union sportive de Ouagadougou a pour ...","robots":{"index":"index","follow":"follow","max-snippet":"max-snippet:-1","max-image-preview":"max-image-preview:large","max-video-preview":"max-video-preview:-1"},"canonical":"https:\/\/www.africa-press.net\/burkina-faso\/sports\/fasofoot-luso-tombe-dans-la-zone-rouge","og_locale":"fr_FR","og_type":"article","og_title":"Fasofoot : L'USO tombe dans la zone rouge","og_description":"La 27e journ\u00e9e du championnat national de football s\u2019est disput\u00e9e ce week-end. L\u2019Union sportive de Ouagadougou a pour ...","og_url":"https:\/\/www.africa-press.net\/burkina-faso\/sports\/fasofoot-luso-tombe-dans-la-zone-rouge","og_site_name":"Burkina Faso","article_published_time":"2021-04-27T14:45:20+00:00","og_image":[{"width":720,"height":345,"url":"https:\/\/static.africa-press.net\/burkina\/sites\/42\/2021\/04\/img-60881471ec4a8.jpg","type":"image\/jpeg"}],"author":"cfeditorfr","twitter_card":"summary_large_image","twitter_misc":{"\u00c9crit par":"cfeditorfr","Dur\u00e9e de lecture estim\u00e9e":"2 minutes"},"schema":{"@context":"https:\/\/schema.org","@graph":[{"@type":"Article","@id":"https:\/\/www.africa-press.net\/burkina-faso\/sports\/fasofoot-luso-tombe-dans-la-zone-rouge#article","isPartOf":{"@id":"https:\/\/www.africa-press.net\/burkina-faso\/sports\/fasofoot-luso-tombe-dans-la-zone-rouge"},"author":{"name":"cfeditorfr","@id":"https:\/\/www.africa-press.net\/burkina-faso\/#\/schema\/person\/2b1cf3cd81a31e3cd26889ca66d677f1"},"headline":"Fasofoot : L&rsquo;USO tombe dans la zone rouge","datePublished":"2021-04-27T14:45:20+00:00","mainEntityOfPage":{"@id":"https:\/\/www.africa-press.net\/burkina-faso\/sports\/fasofoot-luso-tombe-dans-la-zone-rouge"},"wordCount":366,"commentCount":0,"image":{"@id":"https:\/\/www.africa-press.net\/burkina-faso\/sports\/fasofoot-luso-tombe-dans-la-zone-rouge#primaryimage"},"thumbnailUrl":"https:\/\/static.africa-press.net\/burkina\/sites\/42\/2021\/04\/img-60881471ec4a8.jpg","keywords":["Africa Press","Africa Press-Burkina Faso","Burkina Faso"],"articleSection":["homepage-french","Sports","Toutes les actualit\u00e9s"],"inLanguage":"fr-FR","potentialAction":[{"@type":"CommentAction","name":"Comment","target":["https:\/\/www.africa-press.net\/burkina-faso\/sports\/fasofoot-luso-tombe-dans-la-zone-rouge#respond"]}]},{"@type":"WebPage","@id":"https:\/\/www.africa-press.net\/burkina-faso\/sports\/fasofoot-luso-tombe-dans-la-zone-rouge","url":"https:\/\/www.africa-press.net\/burkina-faso\/sports\/fasofoot-luso-tombe-dans-la-zone-rouge","name":"Fasofoot : L'USO tombe dans la zone rouge - Burkina Faso","isPartOf":{"@id":"https:\/\/www.africa-press.net\/burkina-faso\/#website"},"primaryImageOfPage":{"@id":"https:\/\/www.africa-press.net\/burkina-faso\/sports\/fasofoot-luso-tombe-dans-la-zone-rouge#primaryimage"},"image":{"@id":"https:\/\/www.africa-press.net\/burkina-faso\/sports\/fasofoot-luso-tombe-dans-la-zone-rouge#primaryimage"},"thumbnailUrl":"https:\/\/static.africa-press.net\/burkina\/sites\/42\/2021\/04\/img-60881471ec4a8.jpg","datePublished":"2021-04-27T14:45:20+00:00","author":{"@id":"https:\/\/www.africa-press.net\/burkina-faso\/#\/schema\/person\/2b1cf3cd81a31e3cd26889ca66d677f1"},"description":"La 27e journ\u00e9e du championnat national de football s\u2019est disput\u00e9e ce week-end. L\u2019Union sportive de Ouagadougou a pour ...","breadcrumb":{"@id":"https:\/\/www.africa-press.net\/burkina-faso\/sports\/fasofoot-luso-tombe-dans-la-zone-rouge#breadcrumb"},"inLanguage":"fr-FR","potentialAction":[{"@type":"ReadAction","target":["https:\/\/www.africa-press.net\/burkina-faso\/sports\/fasofoot-luso-tombe-dans-la-zone-rouge"]}]},{"@type":"ImageObject","inLanguage":"fr-FR","@id":"https:\/\/www.africa-press.net\/burkina-faso\/sports\/fasofoot-luso-tombe-dans-la-zone-rouge#primaryimage","url":"https:\/\/static.africa-press.net\/burkina\/sites\/42\/2021\/04\/img-60881471ec4a8.jpg","contentUrl":"https:\/\/static.africa-press.net\/burkina\/sites\/42\/2021\/04\/img-60881471ec4a8.jpg","width":720,"height":345,"caption":"Fasofoot : L'USO tombe dans la zone rouge"},{"@type":"BreadcrumbList","@id":"https:\/\/www.africa-press.net\/burkina-faso\/sports\/fasofoot-luso-tombe-dans-la-zone-rouge#breadcrumb","itemListElement":[{"@type":"ListItem","position":1,"name":"Accueil","item":"https:\/\/www.africa-press.net\/burkina-faso\/"},{"@type":"ListItem","position":2,"name":"Fasofoot : L&#8217;USO tombe dans la zone rouge"}]},{"@type":"WebSite","@id":"https:\/\/www.africa-press.net\/burkina-faso\/#website","url":"https:\/\/www.africa-press.net\/burkina-faso\/","name":"Burkina Faso","description":"Just another Africa News Agency Sites site","potentialAction":[{"@type":"SearchAction","target":{"@type":"EntryPoint","urlTemplate":"https:\/\/www.africa-press.net\/burkina-faso\/?s={search_term_string}"},"query-input":{"@type":"PropertyValueSpecification","valueRequired":true,"valueName":"search_term_string"}}],"inLanguage":"fr-FR"},{"@type":"Person","@id":"https:\/\/www.africa-press.net\/burkina-faso\/#\/schema\/person\/2b1cf3cd81a31e3cd26889ca66d677f1","name":"cfeditorfr"}]}},"_links":{"self":[{"href":"https:\/\/www.africa-press.net\/burkina-faso\/wp-json\/wp\/v2\/posts\/10693","targetHints":{"allow":["GET"]}}],"collection":[{"href":"https:\/\/www.africa-press.net\/burkina-faso\/wp-json\/wp\/v2\/posts"}],"about":[{"href":"https:\/\/www.africa-press.net\/burkina-faso\/wp-json\/wp\/v2\/types\/post"}],"author":[{"embeddable":true,"href":"https:\/\/www.africa-press.net\/burkina-faso\/wp-json\/wp\/v2\/users\/82"}],"replies":[{"embeddable":true,"href":"https:\/\/www.africa-press.net\/burkina-faso\/wp-json\/wp\/v2\/comments?post=10693"}],"version-history":[{"count":0,"href":"https:\/\/www.africa-press.net\/burkina-faso\/wp-json\/wp\/v2\/posts\/10693\/revisions"}],"wp:featuredmedia":[{"embeddable":true,"href":"https:\/\/www.africa-press.net\/burkina-faso\/wp-json\/wp\/v2\/media\/10692"}],"wp:attachment":[{"href":"https:\/\/www.africa-press.net\/burkina-faso\/wp-json\/wp\/v2\/media?parent=10693"}],"wp:term":[{"taxonomy":"category","embeddable":true,"href":"https:\/\/www.africa-press.net\/burkina-faso\/wp-json\/wp\/v2\/categories?post=10693"},{"taxonomy":"post_tag","embeddable":true,"href":"https:\/\/www.africa-press.net\/burkina-faso\/wp-json\/wp\/v2\/tags?post=10693"}],"curies":[{"name":"wp","href":"https:\/\/api.w.org\/{rel}","templated":true}]}}