{"id":10711,"date":"2021-04-27T15:34:34","date_gmt":"2021-04-27T15:34:34","guid":{"rendered":"https:\/\/www.africa-press.net\/burkina-faso\/?p=10711"},"modified":"2021-04-27T14:00:34","modified_gmt":"2021-04-27T14:00:34","slug":"lutte-contre-la-vie-chere-la-ccvc-leve-le-ton-contre-la-flambee-des-prix-des-produits-de-grande-consommation","status":"publish","type":"post","link":"https:\/\/www.africa-press.net\/burkina-faso\/economie\/lutte-contre-la-vie-chere-la-ccvc-leve-le-ton-contre-la-flambee-des-prix-des-produits-de-grande-consommation","title":{"rendered":"Lutte contre la vie ch\u00e8re : La CCVC l\u00e8ve le ton contre la flamb\u00e9e des prix des produits de grande consommation"},"content":{"rendered":"<p><span style=\"color: #ff6600\"><strong><a href=\"https:\/\/www.africa-press.net\/\">Africa-Press<\/a> &#8211; <a href=\"https:\/\/www.africa-press.net\/burkina-faso\">Burkina Faso<\/a>. <\/strong><\/span><b>La Coordination de la coalition contre la vie ch\u00e8re (CCVC) s\u2019est prononc\u00e9e ce mardi 27 avril 2021, sur la flamb\u00e9e des prix des produits de grande consommation, au cours d\u2019une conf\u00e9rence de presse qu\u2019elle a initi\u00e9e.<\/b><\/p>\n<p>Selon les conf\u00e9renciers, au cours des mois de f\u00e9vrier et mars 2021, les CCVC de la ville de Ouagadougou ont proc\u00e9d\u00e9 \u00e0 un relev\u00e9 des prix des produits de grande consommation comme le ma\u00efs, le riz, le petit mil, le sorgho blanc, l\u2019huile, dans les boutiques et yaars des cinq anciens arrondissements de Ouagadougou.<\/p>\n<p>Il ressort de cette v\u00e9rification que les prix des diff\u00e9rents produits cit\u00e9s ont connu une hausse. Les facturations de l\u2019ONEA et de la SONABEL ne viennent pas arranger non plus les choses, d\u2019apr\u00e8s la CCVC.<\/p>\n<p>Au regard de tout cela, la Coordination de la coalition contre la vie ch\u00e8re d\u00e9nonce cette hausse incessante des prix et la paup\u00e9risation continue des populations de la ville de Ouagadougou.<\/p>\n<p>Elle exige des autorit\u00e9s, la prise en compte effective de leurs pr\u00e9occupations pressantes dont la vie ch\u00e8re qui ne saurait faire l\u2019objet de simples slogans de campagne.<\/p>\n","protected":false},"excerpt":{"rendered":"<p>Africa-Press &#8211; Burkina Faso. La Coordination de la coalition contre la vie ch\u00e8re (CCVC) s\u2019est prononc\u00e9e ce mardi 27 avril 2021, sur la flamb\u00e9e des prix des produits de grande consommation, au cours d\u2019une conf\u00e9rence de presse qu\u2019elle a initi\u00e9e. Selon les conf\u00e9renciers, au cours des mois de f\u00e9vrier et mars 2021, les CCVC de [&hellip;]<\/p>\n","protected":false},"author":82,"featured_media":10710,"comment_status":"open","ping_status":"closed","sticky":false,"template":"","format":"standard","meta":{"footnotes":""},"categories":[3,11,20,10],"tags":[111,725,29],"class_list":["post-10711","post","type-post","status-publish","format-standard","has-post-thumbnail","hentry","category-economie","category-homepage-french","category-top-nouvelles","category-toutes-les-actualites","tag-africa-press","tag-africa-press-burkina-faso","tag-burkina-faso"],"yoast_head":"<!-- This site is optimized with the Yoast SEO Premium plugin v26.1 (Yoast SEO v27.0) - https:\/\/yoast.com\/product\/yoast-seo-premium-wordpress\/ -->\n<title>Lutte contre la vie ch\u00e8re : La CCVC l\u00e8ve le ton contre la flamb\u00e9e des prix des produits de grande consommation - Burkina Faso<\/title>\n<meta name=\"description\" content=\"La Coordination de la coalition contre la vie ch\u00e8re (CCVC) s\u2019est prononc\u00e9e ce mardi 27 avril 2021, sur la flamb\u00e9e des ...\" \/>\n<meta name=\"robots\" content=\"index, follow, max-snippet:-1, max-image-preview:large, max-video-preview:-1\" \/>\n<link rel=\"canonical\" href=\"https:\/\/www.africa-press.net\/burkina-faso\/economie\/lutte-contre-la-vie-chere-la-ccvc-leve-le-ton-contre-la-flambee-des-prix-des-produits-de-grande-consommation\" \/>\n<meta property=\"og:locale\" content=\"fr_FR\" \/>\n<meta property=\"og:type\" content=\"article\" \/>\n<meta property=\"og:title\" content=\"Lutte contre la vie ch\u00e8re : La CCVC l\u00e8ve le ton contre la flamb\u00e9e des prix des produits de grande consommation\" \/>\n<meta property=\"og:description\" content=\"La Coordination de la coalition contre la vie ch\u00e8re (CCVC) s\u2019est prononc\u00e9e ce mardi 27 avril 2021, sur la flamb\u00e9e des ...\" \/>\n<meta property=\"og:url\" content=\"https:\/\/www.africa-press.net\/burkina-faso\/economie\/lutte-contre-la-vie-chere-la-ccvc-leve-le-ton-contre-la-flambee-des-prix-des-produits-de-grande-consommation\" \/>\n<meta property=\"og:site_name\" content=\"Burkina Faso\" \/>\n<meta property=\"article:published_time\" content=\"2021-04-27T15:34:34+00:00\" \/>\n<meta property=\"og:image\" content=\"https:\/\/static.africa-press.net\/burkina\/sites\/42\/2021\/04\/img-60881570c47bf.jpg\" \/>\n\t<meta property=\"og:image:width\" content=\"720\" \/>\n\t<meta property=\"og:image:height\" content=\"374\" \/>\n\t<meta property=\"og:image:type\" content=\"image\/jpeg\" \/>\n<meta name=\"author\" content=\"cfeditorfr\" \/>\n<meta name=\"twitter:card\" content=\"summary_large_image\" \/>\n<meta name=\"twitter:label1\" content=\"\u00c9crit par\" \/>\n\t<meta name=\"twitter:data1\" content=\"cfeditorfr\" \/>\n\t<meta name=\"twitter:label2\" content=\"Dur\u00e9e de lecture estim\u00e9e\" \/>\n\t<meta name=\"twitter:data2\" content=\"1 minute\" \/>\n<script type=\"application\/ld+json\" class=\"yoast-schema-graph\">{\"@context\":\"https:\/\/schema.org\",\"@graph\":[{\"@type\":\"Article\",\"@id\":\"https:\/\/www.africa-press.net\/burkina-faso\/economie\/lutte-contre-la-vie-chere-la-ccvc-leve-le-ton-contre-la-flambee-des-prix-des-produits-de-grande-consommation#article\",\"isPartOf\":{\"@id\":\"https:\/\/www.africa-press.net\/burkina-faso\/economie\/lutte-contre-la-vie-chere-la-ccvc-leve-le-ton-contre-la-flambee-des-prix-des-produits-de-grande-consommation\"},\"author\":{\"name\":\"cfeditorfr\",\"@id\":\"https:\/\/www.africa-press.net\/burkina-faso\/#\/schema\/person\/2b1cf3cd81a31e3cd26889ca66d677f1\"},\"headline\":\"Lutte contre la vie ch\u00e8re : La CCVC l\u00e8ve le ton contre la flamb\u00e9e des prix des produits de grande consommation\",\"datePublished\":\"2021-04-27T15:34:34+00:00\",\"mainEntityOfPage\":{\"@id\":\"https:\/\/www.africa-press.net\/burkina-faso\/economie\/lutte-contre-la-vie-chere-la-ccvc-leve-le-ton-contre-la-flambee-des-prix-des-produits-de-grande-consommation\"},\"wordCount\":232,\"commentCount\":0,\"image\":{\"@id\":\"https:\/\/www.africa-press.net\/burkina-faso\/economie\/lutte-contre-la-vie-chere-la-ccvc-leve-le-ton-contre-la-flambee-des-prix-des-produits-de-grande-consommation#primaryimage\"},\"thumbnailUrl\":\"https:\/\/static.africa-press.net\/burkina\/sites\/42\/2021\/04\/img-60881570c47bf.jpg\",\"keywords\":[\"Africa Press\",\"Africa Press-Burkina Faso\",\"Burkina Faso\"],\"articleSection\":[\"\u00c9conomie\",\"homepage-french\",\"Top Nouvelles\",\"Toutes les actualit\u00e9s\"],\"inLanguage\":\"fr-FR\",\"potentialAction\":[{\"@type\":\"CommentAction\",\"name\":\"Comment\",\"target\":[\"https:\/\/www.africa-press.net\/burkina-faso\/economie\/lutte-contre-la-vie-chere-la-ccvc-leve-le-ton-contre-la-flambee-des-prix-des-produits-de-grande-consommation#respond\"]}]},{\"@type\":\"WebPage\",\"@id\":\"https:\/\/www.africa-press.net\/burkina-faso\/economie\/lutte-contre-la-vie-chere-la-ccvc-leve-le-ton-contre-la-flambee-des-prix-des-produits-de-grande-consommation\",\"url\":\"https:\/\/www.africa-press.net\/burkina-faso\/economie\/lutte-contre-la-vie-chere-la-ccvc-leve-le-ton-contre-la-flambee-des-prix-des-produits-de-grande-consommation\",\"name\":\"Lutte contre la vie ch\u00e8re : La CCVC l\u00e8ve le ton contre la flamb\u00e9e des prix des produits de grande consommation - Burkina Faso\",\"isPartOf\":{\"@id\":\"https:\/\/www.africa-press.net\/burkina-faso\/#website\"},\"primaryImageOfPage\":{\"@id\":\"https:\/\/www.africa-press.net\/burkina-faso\/economie\/lutte-contre-la-vie-chere-la-ccvc-leve-le-ton-contre-la-flambee-des-prix-des-produits-de-grande-consommation#primaryimage\"},\"image\":{\"@id\":\"https:\/\/www.africa-press.net\/burkina-faso\/economie\/lutte-contre-la-vie-chere-la-ccvc-leve-le-ton-contre-la-flambee-des-prix-des-produits-de-grande-consommation#primaryimage\"},\"thumbnailUrl\":\"https:\/\/static.africa-press.net\/burkina\/sites\/42\/2021\/04\/img-60881570c47bf.jpg\",\"datePublished\":\"2021-04-27T15:34:34+00:00\",\"author\":{\"@id\":\"https:\/\/www.africa-press.net\/burkina-faso\/#\/schema\/person\/2b1cf3cd81a31e3cd26889ca66d677f1\"},\"description\":\"La Coordination de la coalition contre la vie ch\u00e8re (CCVC) s\u2019est prononc\u00e9e ce mardi 27 avril 2021, sur la flamb\u00e9e des ...\",\"breadcrumb\":{\"@id\":\"https:\/\/www.africa-press.net\/burkina-faso\/economie\/lutte-contre-la-vie-chere-la-ccvc-leve-le-ton-contre-la-flambee-des-prix-des-produits-de-grande-consommation#breadcrumb\"},\"inLanguage\":\"fr-FR\",\"potentialAction\":[{\"@type\":\"ReadAction\",\"target\":[\"https:\/\/www.africa-press.net\/burkina-faso\/economie\/lutte-contre-la-vie-chere-la-ccvc-leve-le-ton-contre-la-flambee-des-prix-des-produits-de-grande-consommation\"]}]},{\"@type\":\"ImageObject\",\"inLanguage\":\"fr-FR\",\"@id\":\"https:\/\/www.africa-press.net\/burkina-faso\/economie\/lutte-contre-la-vie-chere-la-ccvc-leve-le-ton-contre-la-flambee-des-prix-des-produits-de-grande-consommation#primaryimage\",\"url\":\"https:\/\/static.africa-press.net\/burkina\/sites\/42\/2021\/04\/img-60881570c47bf.jpg\",\"contentUrl\":\"https:\/\/static.africa-press.net\/burkina\/sites\/42\/2021\/04\/img-60881570c47bf.jpg\",\"width\":720,\"height\":374,\"caption\":\"Lutte contre la vie ch\u00e8re : La CCVC l\u00e8ve le ton contre la flamb\u00e9e des prix des produits de grande consommation\"},{\"@type\":\"BreadcrumbList\",\"@id\":\"https:\/\/www.africa-press.net\/burkina-faso\/economie\/lutte-contre-la-vie-chere-la-ccvc-leve-le-ton-contre-la-flambee-des-prix-des-produits-de-grande-consommation#breadcrumb\",\"itemListElement\":[{\"@type\":\"ListItem\",\"position\":1,\"name\":\"Accueil\",\"item\":\"https:\/\/www.africa-press.net\/burkina-faso\/\"},{\"@type\":\"ListItem\",\"position\":2,\"name\":\"Lutte contre la vie ch\u00e8re : La CCVC l\u00e8ve le ton contre la flamb\u00e9e des prix des produits de grande consommation\"}]},{\"@type\":\"WebSite\",\"@id\":\"https:\/\/www.africa-press.net\/burkina-faso\/#website\",\"url\":\"https:\/\/www.africa-press.net\/burkina-faso\/\",\"name\":\"Burkina Faso\",\"description\":\"Just another Africa News Agency Sites site\",\"potentialAction\":[{\"@type\":\"SearchAction\",\"target\":{\"@type\":\"EntryPoint\",\"urlTemplate\":\"https:\/\/www.africa-press.net\/burkina-faso\/?s={search_term_string}\"},\"query-input\":{\"@type\":\"PropertyValueSpecification\",\"valueRequired\":true,\"valueName\":\"search_term_string\"}}],\"inLanguage\":\"fr-FR\"},{\"@type\":\"Person\",\"@id\":\"https:\/\/www.africa-press.net\/burkina-faso\/#\/schema\/person\/2b1cf3cd81a31e3cd26889ca66d677f1\",\"name\":\"cfeditorfr\"}]}<\/script>\n<!-- \/ Yoast SEO Premium plugin. -->","yoast_head_json":{"title":"Lutte contre la vie ch\u00e8re : La CCVC l\u00e8ve le ton contre la flamb\u00e9e des prix des produits de grande consommation - Burkina Faso","description":"La Coordination de la coalition contre la vie ch\u00e8re (CCVC) s\u2019est prononc\u00e9e ce mardi 27 avril 2021, sur la flamb\u00e9e des ...","robots":{"index":"index","follow":"follow","max-snippet":"max-snippet:-1","max-image-preview":"max-image-preview:large","max-video-preview":"max-video-preview:-1"},"canonical":"https:\/\/www.africa-press.net\/burkina-faso\/economie\/lutte-contre-la-vie-chere-la-ccvc-leve-le-ton-contre-la-flambee-des-prix-des-produits-de-grande-consommation","og_locale":"fr_FR","og_type":"article","og_title":"Lutte contre la vie ch\u00e8re : La CCVC l\u00e8ve le ton contre la flamb\u00e9e des prix des produits de grande consommation","og_description":"La Coordination de la coalition contre la vie ch\u00e8re (CCVC) s\u2019est prononc\u00e9e ce mardi 27 avril 2021, sur la flamb\u00e9e des ...","og_url":"https:\/\/www.africa-press.net\/burkina-faso\/economie\/lutte-contre-la-vie-chere-la-ccvc-leve-le-ton-contre-la-flambee-des-prix-des-produits-de-grande-consommation","og_site_name":"Burkina Faso","article_published_time":"2021-04-27T15:34:34+00:00","og_image":[{"width":720,"height":374,"url":"https:\/\/static.africa-press.net\/burkina\/sites\/42\/2021\/04\/img-60881570c47bf.jpg","type":"image\/jpeg"}],"author":"cfeditorfr","twitter_card":"summary_large_image","twitter_misc":{"\u00c9crit par":"cfeditorfr","Dur\u00e9e de lecture estim\u00e9e":"1 minute"},"schema":{"@context":"https:\/\/schema.org","@graph":[{"@type":"Article","@id":"https:\/\/www.africa-press.net\/burkina-faso\/economie\/lutte-contre-la-vie-chere-la-ccvc-leve-le-ton-contre-la-flambee-des-prix-des-produits-de-grande-consommation#article","isPartOf":{"@id":"https:\/\/www.africa-press.net\/burkina-faso\/economie\/lutte-contre-la-vie-chere-la-ccvc-leve-le-ton-contre-la-flambee-des-prix-des-produits-de-grande-consommation"},"author":{"name":"cfeditorfr","@id":"https:\/\/www.africa-press.net\/burkina-faso\/#\/schema\/person\/2b1cf3cd81a31e3cd26889ca66d677f1"},"headline":"Lutte contre la vie ch\u00e8re : La CCVC l\u00e8ve le ton contre la flamb\u00e9e des prix des produits de grande consommation","datePublished":"2021-04-27T15:34:34+00:00","mainEntityOfPage":{"@id":"https:\/\/www.africa-press.net\/burkina-faso\/economie\/lutte-contre-la-vie-chere-la-ccvc-leve-le-ton-contre-la-flambee-des-prix-des-produits-de-grande-consommation"},"wordCount":232,"commentCount":0,"image":{"@id":"https:\/\/www.africa-press.net\/burkina-faso\/economie\/lutte-contre-la-vie-chere-la-ccvc-leve-le-ton-contre-la-flambee-des-prix-des-produits-de-grande-consommation#primaryimage"},"thumbnailUrl":"https:\/\/static.africa-press.net\/burkina\/sites\/42\/2021\/04\/img-60881570c47bf.jpg","keywords":["Africa Press","Africa Press-Burkina Faso","Burkina Faso"],"articleSection":["\u00c9conomie","homepage-french","Top Nouvelles","Toutes les actualit\u00e9s"],"inLanguage":"fr-FR","potentialAction":[{"@type":"CommentAction","name":"Comment","target":["https:\/\/www.africa-press.net\/burkina-faso\/economie\/lutte-contre-la-vie-chere-la-ccvc-leve-le-ton-contre-la-flambee-des-prix-des-produits-de-grande-consommation#respond"]}]},{"@type":"WebPage","@id":"https:\/\/www.africa-press.net\/burkina-faso\/economie\/lutte-contre-la-vie-chere-la-ccvc-leve-le-ton-contre-la-flambee-des-prix-des-produits-de-grande-consommation","url":"https:\/\/www.africa-press.net\/burkina-faso\/economie\/lutte-contre-la-vie-chere-la-ccvc-leve-le-ton-contre-la-flambee-des-prix-des-produits-de-grande-consommation","name":"Lutte contre la vie ch\u00e8re : La CCVC l\u00e8ve le ton contre la flamb\u00e9e des prix des produits de grande consommation - Burkina Faso","isPartOf":{"@id":"https:\/\/www.africa-press.net\/burkina-faso\/#website"},"primaryImageOfPage":{"@id":"https:\/\/www.africa-press.net\/burkina-faso\/economie\/lutte-contre-la-vie-chere-la-ccvc-leve-le-ton-contre-la-flambee-des-prix-des-produits-de-grande-consommation#primaryimage"},"image":{"@id":"https:\/\/www.africa-press.net\/burkina-faso\/economie\/lutte-contre-la-vie-chere-la-ccvc-leve-le-ton-contre-la-flambee-des-prix-des-produits-de-grande-consommation#primaryimage"},"thumbnailUrl":"https:\/\/static.africa-press.net\/burkina\/sites\/42\/2021\/04\/img-60881570c47bf.jpg","datePublished":"2021-04-27T15:34:34+00:00","author":{"@id":"https:\/\/www.africa-press.net\/burkina-faso\/#\/schema\/person\/2b1cf3cd81a31e3cd26889ca66d677f1"},"description":"La Coordination de la coalition contre la vie ch\u00e8re (CCVC) s\u2019est prononc\u00e9e ce mardi 27 avril 2021, sur la flamb\u00e9e des ...","breadcrumb":{"@id":"https:\/\/www.africa-press.net\/burkina-faso\/economie\/lutte-contre-la-vie-chere-la-ccvc-leve-le-ton-contre-la-flambee-des-prix-des-produits-de-grande-consommation#breadcrumb"},"inLanguage":"fr-FR","potentialAction":[{"@type":"ReadAction","target":["https:\/\/www.africa-press.net\/burkina-faso\/economie\/lutte-contre-la-vie-chere-la-ccvc-leve-le-ton-contre-la-flambee-des-prix-des-produits-de-grande-consommation"]}]},{"@type":"ImageObject","inLanguage":"fr-FR","@id":"https:\/\/www.africa-press.net\/burkina-faso\/economie\/lutte-contre-la-vie-chere-la-ccvc-leve-le-ton-contre-la-flambee-des-prix-des-produits-de-grande-consommation#primaryimage","url":"https:\/\/static.africa-press.net\/burkina\/sites\/42\/2021\/04\/img-60881570c47bf.jpg","contentUrl":"https:\/\/static.africa-press.net\/burkina\/sites\/42\/2021\/04\/img-60881570c47bf.jpg","width":720,"height":374,"caption":"Lutte contre la vie ch\u00e8re : La CCVC l\u00e8ve le ton contre la flamb\u00e9e des prix des produits de grande consommation"},{"@type":"BreadcrumbList","@id":"https:\/\/www.africa-press.net\/burkina-faso\/economie\/lutte-contre-la-vie-chere-la-ccvc-leve-le-ton-contre-la-flambee-des-prix-des-produits-de-grande-consommation#breadcrumb","itemListElement":[{"@type":"ListItem","position":1,"name":"Accueil","item":"https:\/\/www.africa-press.net\/burkina-faso\/"},{"@type":"ListItem","position":2,"name":"Lutte contre la vie ch\u00e8re : La CCVC l\u00e8ve le ton contre la flamb\u00e9e des prix des produits de grande consommation"}]},{"@type":"WebSite","@id":"https:\/\/www.africa-press.net\/burkina-faso\/#website","url":"https:\/\/www.africa-press.net\/burkina-faso\/","name":"Burkina Faso","description":"Just another Africa News Agency Sites site","potentialAction":[{"@type":"SearchAction","target":{"@type":"EntryPoint","urlTemplate":"https:\/\/www.africa-press.net\/burkina-faso\/?s={search_term_string}"},"query-input":{"@type":"PropertyValueSpecification","valueRequired":true,"valueName":"search_term_string"}}],"inLanguage":"fr-FR"},{"@type":"Person","@id":"https:\/\/www.africa-press.net\/burkina-faso\/#\/schema\/person\/2b1cf3cd81a31e3cd26889ca66d677f1","name":"cfeditorfr"}]}},"_links":{"self":[{"href":"https:\/\/www.africa-press.net\/burkina-faso\/wp-json\/wp\/v2\/posts\/10711","targetHints":{"allow":["GET"]}}],"collection":[{"href":"https:\/\/www.africa-press.net\/burkina-faso\/wp-json\/wp\/v2\/posts"}],"about":[{"href":"https:\/\/www.africa-press.net\/burkina-faso\/wp-json\/wp\/v2\/types\/post"}],"author":[{"embeddable":true,"href":"https:\/\/www.africa-press.net\/burkina-faso\/wp-json\/wp\/v2\/users\/82"}],"replies":[{"embeddable":true,"href":"https:\/\/www.africa-press.net\/burkina-faso\/wp-json\/wp\/v2\/comments?post=10711"}],"version-history":[{"count":0,"href":"https:\/\/www.africa-press.net\/burkina-faso\/wp-json\/wp\/v2\/posts\/10711\/revisions"}],"wp:featuredmedia":[{"embeddable":true,"href":"https:\/\/www.africa-press.net\/burkina-faso\/wp-json\/wp\/v2\/media\/10710"}],"wp:attachment":[{"href":"https:\/\/www.africa-press.net\/burkina-faso\/wp-json\/wp\/v2\/media?parent=10711"}],"wp:term":[{"taxonomy":"category","embeddable":true,"href":"https:\/\/www.africa-press.net\/burkina-faso\/wp-json\/wp\/v2\/categories?post=10711"},{"taxonomy":"post_tag","embeddable":true,"href":"https:\/\/www.africa-press.net\/burkina-faso\/wp-json\/wp\/v2\/tags?post=10711"}],"curies":[{"name":"wp","href":"https:\/\/api.w.org\/{rel}","templated":true}]}}