{"id":10714,"date":"2021-04-27T15:39:14","date_gmt":"2021-04-27T15:39:14","guid":{"rendered":"https:\/\/www.africa-press.net\/burkina-faso\/?p=10714"},"modified":"2021-04-27T14:00:43","modified_gmt":"2021-04-27T14:00:43","slug":"securite-au-burkina-deux-terroristes-abattus","status":"publish","type":"post","link":"https:\/\/www.africa-press.net\/burkina-faso\/politique\/securite-au-burkina-deux-terroristes-abattus","title":{"rendered":"S\u00e9curit\u00e9 au Burkina\u00a0: Deux terroristes abattus"},"content":{"rendered":"<p><span style=\"color: #ff6600\"><strong><a href=\"https:\/\/www.africa-press.net\/\">Africa-Press<\/a> &#8211; <a href=\"https:\/\/www.africa-press.net\/burkina-faso\">Burkina Faso<\/a>. <\/strong><\/span>Dans le cadre des op\u00e9rations de s\u00e9curisation du territoire national, les Forces Arm\u00e9es Nationales (FAN) ont r\u00e9alis\u00e9 plusieurs activit\u00e9s dans la semaine du 19 au 25 avril 2021. Ainsi, 02 terroristes ont \u00e9t\u00e9 neutralis\u00e9s et 4 soldats ont perdu la vie au cours de cette semaine.<\/p>\n<p>Quatre soldats ont perdu la vie par les Forces Arm\u00e9es Nationales (FAN) dans la semaine du 19 au 25 avril 2021. C\u2019est ce qui ressort du point de situation hebdomadaire des op\u00e9rations de s\u00e9curisation. Une patrouille du d\u00e9tachement militaire de Yirgou a en effet \u00e9t\u00e9 prise \u00e0 partie dans les environs de la localit\u00e9 de Bangr\u00e9 dans la Province du Sanmatenga le 21 avril.<\/p>\n<p>Par ailleurs, suite \u00e0 l\u2019attaque du village de Koumbri dans le Yatenga et de mouvements d\u2019individus arm\u00e9s signal\u00e9s dans les environs, des op\u00e9rations de ratissage ont \u00e9t\u00e9 planifi\u00e9es et conduites pour s\u00e9curiser la localit\u00e9, le 19 avril 2021. Il est \u00e0 noter que ces op\u00e9rations de ratissage se poursuivent.<\/p>\n<p>Egalement, une unit\u00e9 du d\u00e9tachement militaire de Mansila effectuant une mission de ratissage pr\u00e8s de la localit\u00e9 de Banga dans la Province du Yagha, a \u00e9t\u00e9 attaqu\u00e9e par des individus arm\u00e9s, le 24 avril 2021. Le bilan enregistr\u00e9 fait \u00e9tat de 02 terroristes neutralis\u00e9s, plusieurs motos, des moyens de communication et divers autres mat\u00e9riels saisis.<\/p>\n<p>Le d\u00e9tachement militaire de Matiacoali a, de son c\u00f4t\u00e9 le m\u00eame jour, offert des kits de rupture de je\u00fbne \u00e0 la communaut\u00e9 musulmane. A travers cette activit\u00e9, FAN ont soutenu les musulmans en ce temps de car\u00eame et renforc\u00e9 les liens entre militaires et populations civiles. L\u2019initiative a \u00e9t\u00e9 salu\u00e9e par les responsables de la communaut\u00e9 qui ont adress\u00e9 des pri\u00e8res aux soldats.<\/p>\n","protected":false},"excerpt":{"rendered":"<p>Africa-Press &#8211; Burkina Faso. Dans le cadre des op\u00e9rations de s\u00e9curisation du territoire national, les Forces Arm\u00e9es Nationales (FAN) ont r\u00e9alis\u00e9 plusieurs activit\u00e9s dans la semaine du 19 au 25 avril 2021. Ainsi, 02 terroristes ont \u00e9t\u00e9 neutralis\u00e9s et 4 soldats ont perdu la vie au cours de cette semaine. Quatre soldats ont perdu la [&hellip;]<\/p>\n","protected":false},"author":82,"featured_media":10713,"comment_status":"open","ping_status":"closed","sticky":false,"template":"","format":"standard","meta":{"footnotes":""},"categories":[11,2,10],"tags":[111,725,29],"class_list":["post-10714","post","type-post","status-publish","format-standard","has-post-thumbnail","hentry","category-homepage-french","category-politique","category-toutes-les-actualites","tag-africa-press","tag-africa-press-burkina-faso","tag-burkina-faso"],"yoast_head":"<!-- This site is optimized with the Yoast SEO Premium plugin v26.1 (Yoast SEO v27.0) - https:\/\/yoast.com\/product\/yoast-seo-premium-wordpress\/ -->\n<title>S\u00e9curit\u00e9 au Burkina\u00a0: Deux terroristes abattus - Burkina Faso<\/title>\n<meta name=\"description\" content=\"Dans le cadre des op\u00e9rations de s\u00e9curisation du territoire national, les Forces Arm\u00e9es Nationales (FAN) ont r\u00e9alis\u00e9 plus ...\" \/>\n<meta name=\"robots\" content=\"index, follow, max-snippet:-1, max-image-preview:large, max-video-preview:-1\" \/>\n<link rel=\"canonical\" href=\"https:\/\/www.africa-press.net\/burkina-faso\/politique\/securite-au-burkina-deux-terroristes-abattus\" \/>\n<meta property=\"og:locale\" content=\"fr_FR\" \/>\n<meta property=\"og:type\" content=\"article\" \/>\n<meta property=\"og:title\" content=\"S\u00e9curit\u00e9 au Burkina\u00a0: Deux terroristes abattus\" \/>\n<meta property=\"og:description\" content=\"Dans le cadre des op\u00e9rations de s\u00e9curisation du territoire national, les Forces Arm\u00e9es Nationales (FAN) ont r\u00e9alis\u00e9 plus ...\" \/>\n<meta property=\"og:url\" content=\"https:\/\/www.africa-press.net\/burkina-faso\/politique\/securite-au-burkina-deux-terroristes-abattus\" \/>\n<meta property=\"og:site_name\" content=\"Burkina Faso\" \/>\n<meta property=\"article:published_time\" content=\"2021-04-27T15:39:14+00:00\" \/>\n<meta property=\"og:image\" content=\"https:\/\/static.africa-press.net\/burkina\/sites\/42\/2021\/04\/img-6088159737c62.jpg\" \/>\n\t<meta property=\"og:image:width\" content=\"1024\" \/>\n\t<meta property=\"og:image:height\" content=\"683\" \/>\n\t<meta property=\"og:image:type\" content=\"image\/jpeg\" \/>\n<meta name=\"author\" content=\"cfeditorfr\" \/>\n<meta name=\"twitter:card\" content=\"summary_large_image\" \/>\n<meta name=\"twitter:label1\" content=\"\u00c9crit par\" \/>\n\t<meta name=\"twitter:data1\" content=\"cfeditorfr\" \/>\n\t<meta name=\"twitter:label2\" content=\"Dur\u00e9e de lecture estim\u00e9e\" \/>\n\t<meta name=\"twitter:data2\" content=\"1 minute\" \/>\n<script type=\"application\/ld+json\" class=\"yoast-schema-graph\">{\"@context\":\"https:\/\/schema.org\",\"@graph\":[{\"@type\":\"Article\",\"@id\":\"https:\/\/www.africa-press.net\/burkina-faso\/politique\/securite-au-burkina-deux-terroristes-abattus#article\",\"isPartOf\":{\"@id\":\"https:\/\/www.africa-press.net\/burkina-faso\/politique\/securite-au-burkina-deux-terroristes-abattus\"},\"author\":{\"name\":\"cfeditorfr\",\"@id\":\"https:\/\/www.africa-press.net\/burkina-faso\/#\/schema\/person\/2b1cf3cd81a31e3cd26889ca66d677f1\"},\"headline\":\"S\u00e9curit\u00e9 au Burkina\u00a0: Deux terroristes abattus\",\"datePublished\":\"2021-04-27T15:39:14+00:00\",\"mainEntityOfPage\":{\"@id\":\"https:\/\/www.africa-press.net\/burkina-faso\/politique\/securite-au-burkina-deux-terroristes-abattus\"},\"wordCount\":303,\"commentCount\":0,\"image\":{\"@id\":\"https:\/\/www.africa-press.net\/burkina-faso\/politique\/securite-au-burkina-deux-terroristes-abattus#primaryimage\"},\"thumbnailUrl\":\"https:\/\/static.africa-press.net\/burkina\/sites\/42\/2021\/04\/img-6088159737c62.jpg\",\"keywords\":[\"Africa Press\",\"Africa Press-Burkina Faso\",\"Burkina Faso\"],\"articleSection\":[\"homepage-french\",\"Politique\",\"Toutes les actualit\u00e9s\"],\"inLanguage\":\"fr-FR\",\"potentialAction\":[{\"@type\":\"CommentAction\",\"name\":\"Comment\",\"target\":[\"https:\/\/www.africa-press.net\/burkina-faso\/politique\/securite-au-burkina-deux-terroristes-abattus#respond\"]}]},{\"@type\":\"WebPage\",\"@id\":\"https:\/\/www.africa-press.net\/burkina-faso\/politique\/securite-au-burkina-deux-terroristes-abattus\",\"url\":\"https:\/\/www.africa-press.net\/burkina-faso\/politique\/securite-au-burkina-deux-terroristes-abattus\",\"name\":\"S\u00e9curit\u00e9 au Burkina\u00a0: Deux terroristes abattus - Burkina Faso\",\"isPartOf\":{\"@id\":\"https:\/\/www.africa-press.net\/burkina-faso\/#website\"},\"primaryImageOfPage\":{\"@id\":\"https:\/\/www.africa-press.net\/burkina-faso\/politique\/securite-au-burkina-deux-terroristes-abattus#primaryimage\"},\"image\":{\"@id\":\"https:\/\/www.africa-press.net\/burkina-faso\/politique\/securite-au-burkina-deux-terroristes-abattus#primaryimage\"},\"thumbnailUrl\":\"https:\/\/static.africa-press.net\/burkina\/sites\/42\/2021\/04\/img-6088159737c62.jpg\",\"datePublished\":\"2021-04-27T15:39:14+00:00\",\"author\":{\"@id\":\"https:\/\/www.africa-press.net\/burkina-faso\/#\/schema\/person\/2b1cf3cd81a31e3cd26889ca66d677f1\"},\"description\":\"Dans le cadre des op\u00e9rations de s\u00e9curisation du territoire national, les Forces Arm\u00e9es Nationales (FAN) ont r\u00e9alis\u00e9 plus ...\",\"breadcrumb\":{\"@id\":\"https:\/\/www.africa-press.net\/burkina-faso\/politique\/securite-au-burkina-deux-terroristes-abattus#breadcrumb\"},\"inLanguage\":\"fr-FR\",\"potentialAction\":[{\"@type\":\"ReadAction\",\"target\":[\"https:\/\/www.africa-press.net\/burkina-faso\/politique\/securite-au-burkina-deux-terroristes-abattus\"]}]},{\"@type\":\"ImageObject\",\"inLanguage\":\"fr-FR\",\"@id\":\"https:\/\/www.africa-press.net\/burkina-faso\/politique\/securite-au-burkina-deux-terroristes-abattus#primaryimage\",\"url\":\"https:\/\/static.africa-press.net\/burkina\/sites\/42\/2021\/04\/img-6088159737c62.jpg\",\"contentUrl\":\"https:\/\/static.africa-press.net\/burkina\/sites\/42\/2021\/04\/img-6088159737c62.jpg\",\"width\":1024,\"height\":683,\"caption\":\"S\u00e9curit\u00e9 au Burkina\u00a0: Deux terroristes abattus\"},{\"@type\":\"BreadcrumbList\",\"@id\":\"https:\/\/www.africa-press.net\/burkina-faso\/politique\/securite-au-burkina-deux-terroristes-abattus#breadcrumb\",\"itemListElement\":[{\"@type\":\"ListItem\",\"position\":1,\"name\":\"Accueil\",\"item\":\"https:\/\/www.africa-press.net\/burkina-faso\/\"},{\"@type\":\"ListItem\",\"position\":2,\"name\":\"S\u00e9curit\u00e9 au Burkina\u00a0: Deux terroristes abattus\"}]},{\"@type\":\"WebSite\",\"@id\":\"https:\/\/www.africa-press.net\/burkina-faso\/#website\",\"url\":\"https:\/\/www.africa-press.net\/burkina-faso\/\",\"name\":\"Burkina Faso\",\"description\":\"Just another Africa News Agency Sites site\",\"potentialAction\":[{\"@type\":\"SearchAction\",\"target\":{\"@type\":\"EntryPoint\",\"urlTemplate\":\"https:\/\/www.africa-press.net\/burkina-faso\/?s={search_term_string}\"},\"query-input\":{\"@type\":\"PropertyValueSpecification\",\"valueRequired\":true,\"valueName\":\"search_term_string\"}}],\"inLanguage\":\"fr-FR\"},{\"@type\":\"Person\",\"@id\":\"https:\/\/www.africa-press.net\/burkina-faso\/#\/schema\/person\/2b1cf3cd81a31e3cd26889ca66d677f1\",\"name\":\"cfeditorfr\"}]}<\/script>\n<!-- \/ Yoast SEO Premium plugin. -->","yoast_head_json":{"title":"S\u00e9curit\u00e9 au Burkina\u00a0: Deux terroristes abattus - Burkina Faso","description":"Dans le cadre des op\u00e9rations de s\u00e9curisation du territoire national, les Forces Arm\u00e9es Nationales (FAN) ont r\u00e9alis\u00e9 plus ...","robots":{"index":"index","follow":"follow","max-snippet":"max-snippet:-1","max-image-preview":"max-image-preview:large","max-video-preview":"max-video-preview:-1"},"canonical":"https:\/\/www.africa-press.net\/burkina-faso\/politique\/securite-au-burkina-deux-terroristes-abattus","og_locale":"fr_FR","og_type":"article","og_title":"S\u00e9curit\u00e9 au Burkina\u00a0: Deux terroristes abattus","og_description":"Dans le cadre des op\u00e9rations de s\u00e9curisation du territoire national, les Forces Arm\u00e9es Nationales (FAN) ont r\u00e9alis\u00e9 plus ...","og_url":"https:\/\/www.africa-press.net\/burkina-faso\/politique\/securite-au-burkina-deux-terroristes-abattus","og_site_name":"Burkina Faso","article_published_time":"2021-04-27T15:39:14+00:00","og_image":[{"width":1024,"height":683,"url":"https:\/\/static.africa-press.net\/burkina\/sites\/42\/2021\/04\/img-6088159737c62.jpg","type":"image\/jpeg"}],"author":"cfeditorfr","twitter_card":"summary_large_image","twitter_misc":{"\u00c9crit par":"cfeditorfr","Dur\u00e9e de lecture estim\u00e9e":"1 minute"},"schema":{"@context":"https:\/\/schema.org","@graph":[{"@type":"Article","@id":"https:\/\/www.africa-press.net\/burkina-faso\/politique\/securite-au-burkina-deux-terroristes-abattus#article","isPartOf":{"@id":"https:\/\/www.africa-press.net\/burkina-faso\/politique\/securite-au-burkina-deux-terroristes-abattus"},"author":{"name":"cfeditorfr","@id":"https:\/\/www.africa-press.net\/burkina-faso\/#\/schema\/person\/2b1cf3cd81a31e3cd26889ca66d677f1"},"headline":"S\u00e9curit\u00e9 au Burkina\u00a0: Deux terroristes abattus","datePublished":"2021-04-27T15:39:14+00:00","mainEntityOfPage":{"@id":"https:\/\/www.africa-press.net\/burkina-faso\/politique\/securite-au-burkina-deux-terroristes-abattus"},"wordCount":303,"commentCount":0,"image":{"@id":"https:\/\/www.africa-press.net\/burkina-faso\/politique\/securite-au-burkina-deux-terroristes-abattus#primaryimage"},"thumbnailUrl":"https:\/\/static.africa-press.net\/burkina\/sites\/42\/2021\/04\/img-6088159737c62.jpg","keywords":["Africa Press","Africa Press-Burkina Faso","Burkina Faso"],"articleSection":["homepage-french","Politique","Toutes les actualit\u00e9s"],"inLanguage":"fr-FR","potentialAction":[{"@type":"CommentAction","name":"Comment","target":["https:\/\/www.africa-press.net\/burkina-faso\/politique\/securite-au-burkina-deux-terroristes-abattus#respond"]}]},{"@type":"WebPage","@id":"https:\/\/www.africa-press.net\/burkina-faso\/politique\/securite-au-burkina-deux-terroristes-abattus","url":"https:\/\/www.africa-press.net\/burkina-faso\/politique\/securite-au-burkina-deux-terroristes-abattus","name":"S\u00e9curit\u00e9 au Burkina\u00a0: Deux terroristes abattus - Burkina Faso","isPartOf":{"@id":"https:\/\/www.africa-press.net\/burkina-faso\/#website"},"primaryImageOfPage":{"@id":"https:\/\/www.africa-press.net\/burkina-faso\/politique\/securite-au-burkina-deux-terroristes-abattus#primaryimage"},"image":{"@id":"https:\/\/www.africa-press.net\/burkina-faso\/politique\/securite-au-burkina-deux-terroristes-abattus#primaryimage"},"thumbnailUrl":"https:\/\/static.africa-press.net\/burkina\/sites\/42\/2021\/04\/img-6088159737c62.jpg","datePublished":"2021-04-27T15:39:14+00:00","author":{"@id":"https:\/\/www.africa-press.net\/burkina-faso\/#\/schema\/person\/2b1cf3cd81a31e3cd26889ca66d677f1"},"description":"Dans le cadre des op\u00e9rations de s\u00e9curisation du territoire national, les Forces Arm\u00e9es Nationales (FAN) ont r\u00e9alis\u00e9 plus ...","breadcrumb":{"@id":"https:\/\/www.africa-press.net\/burkina-faso\/politique\/securite-au-burkina-deux-terroristes-abattus#breadcrumb"},"inLanguage":"fr-FR","potentialAction":[{"@type":"ReadAction","target":["https:\/\/www.africa-press.net\/burkina-faso\/politique\/securite-au-burkina-deux-terroristes-abattus"]}]},{"@type":"ImageObject","inLanguage":"fr-FR","@id":"https:\/\/www.africa-press.net\/burkina-faso\/politique\/securite-au-burkina-deux-terroristes-abattus#primaryimage","url":"https:\/\/static.africa-press.net\/burkina\/sites\/42\/2021\/04\/img-6088159737c62.jpg","contentUrl":"https:\/\/static.africa-press.net\/burkina\/sites\/42\/2021\/04\/img-6088159737c62.jpg","width":1024,"height":683,"caption":"S\u00e9curit\u00e9 au Burkina\u00a0: Deux terroristes abattus"},{"@type":"BreadcrumbList","@id":"https:\/\/www.africa-press.net\/burkina-faso\/politique\/securite-au-burkina-deux-terroristes-abattus#breadcrumb","itemListElement":[{"@type":"ListItem","position":1,"name":"Accueil","item":"https:\/\/www.africa-press.net\/burkina-faso\/"},{"@type":"ListItem","position":2,"name":"S\u00e9curit\u00e9 au Burkina\u00a0: Deux terroristes abattus"}]},{"@type":"WebSite","@id":"https:\/\/www.africa-press.net\/burkina-faso\/#website","url":"https:\/\/www.africa-press.net\/burkina-faso\/","name":"Burkina Faso","description":"Just another Africa News Agency Sites site","potentialAction":[{"@type":"SearchAction","target":{"@type":"EntryPoint","urlTemplate":"https:\/\/www.africa-press.net\/burkina-faso\/?s={search_term_string}"},"query-input":{"@type":"PropertyValueSpecification","valueRequired":true,"valueName":"search_term_string"}}],"inLanguage":"fr-FR"},{"@type":"Person","@id":"https:\/\/www.africa-press.net\/burkina-faso\/#\/schema\/person\/2b1cf3cd81a31e3cd26889ca66d677f1","name":"cfeditorfr"}]}},"_links":{"self":[{"href":"https:\/\/www.africa-press.net\/burkina-faso\/wp-json\/wp\/v2\/posts\/10714","targetHints":{"allow":["GET"]}}],"collection":[{"href":"https:\/\/www.africa-press.net\/burkina-faso\/wp-json\/wp\/v2\/posts"}],"about":[{"href":"https:\/\/www.africa-press.net\/burkina-faso\/wp-json\/wp\/v2\/types\/post"}],"author":[{"embeddable":true,"href":"https:\/\/www.africa-press.net\/burkina-faso\/wp-json\/wp\/v2\/users\/82"}],"replies":[{"embeddable":true,"href":"https:\/\/www.africa-press.net\/burkina-faso\/wp-json\/wp\/v2\/comments?post=10714"}],"version-history":[{"count":0,"href":"https:\/\/www.africa-press.net\/burkina-faso\/wp-json\/wp\/v2\/posts\/10714\/revisions"}],"wp:featuredmedia":[{"embeddable":true,"href":"https:\/\/www.africa-press.net\/burkina-faso\/wp-json\/wp\/v2\/media\/10713"}],"wp:attachment":[{"href":"https:\/\/www.africa-press.net\/burkina-faso\/wp-json\/wp\/v2\/media?parent=10714"}],"wp:term":[{"taxonomy":"category","embeddable":true,"href":"https:\/\/www.africa-press.net\/burkina-faso\/wp-json\/wp\/v2\/categories?post=10714"},{"taxonomy":"post_tag","embeddable":true,"href":"https:\/\/www.africa-press.net\/burkina-faso\/wp-json\/wp\/v2\/tags?post=10714"}],"curies":[{"name":"wp","href":"https:\/\/api.w.org\/{rel}","templated":true}]}}