{"id":10717,"date":"2021-04-27T15:49:53","date_gmt":"2021-04-27T15:49:53","guid":{"rendered":"https:\/\/www.africa-press.net\/burkina-faso\/?p=10717"},"modified":"2021-04-27T14:00:55","modified_gmt":"2021-04-27T14:00:55","slug":"abdoul-rahman-zongo-le-handicap-ne-peut-freiner-lambition","status":"publish","type":"post","link":"https:\/\/www.africa-press.net\/burkina-faso\/toutes-les-actualites\/abdoul-rahman-zongo-le-handicap-ne-peut-freiner-lambition","title":{"rendered":"Abdoul Rahman Zongo\u00a0: \u201cLe handicap ne peut freiner l\u2019ambition\u201d"},"content":{"rendered":"<p><span style=\"color: #ff6600\"><strong><a href=\"https:\/\/www.africa-press.net\/\">Africa-Press<\/a> &#8211; <a href=\"https:\/\/www.africa-press.net\/burkina-faso\">Burkina Faso<\/a>. <\/strong><\/span>Burkina24 (B24) : Comment arrivez-vous \u00e0 vous familiariser avec votre \u00e9tat ? Abdoul Rahman Zongo (A.R.Z) : Comme vous venez de le souligner, s\u2019il y a cette question, c\u2019est qu\u2019il y a un probl\u00e8me. Mais par la gr\u00e2ce de Dieu, ce probl\u00e8me de familiarisation ne se pose pas trop parce que je suis entour\u00e9 de personnes assez responsables.<\/p>\n<p>Je suis int\u00e9gr\u00e9 dans un groupe o\u00f9 tout le monde comprend ma situation donc si j\u2019ai besoin de quelque chose, il y a quelqu\u2019un qui va venir \u00e0 mon secours. Par rapport aux cours, lorsqu\u2019on \u00e9crit quelque chose au tableau, je demande toujours \u00e0 le savoir. C\u2019est ainsi que \u00e7a se passe.<\/p>\n<p>B24 : Comment se passent vos \u00e9tudes ? A.R.Z : Les \u00e9tudes se passent tr\u00e8s bien vu que j\u2019arrive \u00e0 bien progresser. Je continue avec ma promotion depuis la premi\u00e8re ann\u00e9e. Nous avons commenc\u00e9 en 2014 et j\u2019ai eu ma licence avec une moyenne de 12,65. Je me suis inscrit avec la m\u00eame promotion en Master. B24 : Quels sont les moyens mis en \u0153uvre par votre structure \u00e9ducationnelle pour vous permettre d\u2019\u00e9voluer ?<\/p>\n<p>A.R.Z : Parlant de moyen mat\u00e9riel, c\u2019est personnel. C\u2019est l\u2019\u00e9tudiant qui apporte lui-m\u00eame ses propres moyens qu\u2019il met dans ces \u00e9tudes. Souvent on a besoin d\u2019un appui technique puisqu\u2019on n\u2019a pas la m\u00eame \u00e9criture avec les personnes valides. Il y a une cellule de transcription de l\u2019\u00e9criture braille \u00e0 celui des valides. Ces \u00e9crits sont encore appel\u00e9s \u201cl\u2019\u00e9criture noire\u201d dans leur jargon.<\/p>\n<p>Les moyens sont plus techniques que financiers. Parfois, elle nous soutient avec du mat\u00e9riel, m\u00eame si souvent c\u2019est du mat\u00e9riel qu\u2019on paie. Puisque si ce n\u2019est pas chez eux, on ne peut pas avoir. B24 : Comment se d\u00e9roulent vos \u00e9valuations ?<\/p>\n<p>A.R.Z : Comme vous avez remarqu\u00e9 la diff\u00e9rence de l\u2019\u00e9criture d\u00e9j\u00e0, lorsqu\u2019 il y a un devoir, on doit pr\u00e9venir \u00e0 l\u2019avance \u00e0 la scolarit\u00e9 de l\u2019UFR. Le chef de scolarit\u00e9 se charge d\u2019appeler \u00e0 l\u2019avance l\u2019association m\u00e8re Association pour la Promotion des Personnes Aveugles et Malvoyants (APPAM) qui ont une cellule charg\u00e9e de la transcription des devoirs des personnes malvoyantes. Quand l\u2019universit\u00e9 leur fait appel, ils viennent un jour avant le devoir. Ils prennent le devoir et le transcrivent en braille pour remettre aux \u00e9l\u00e8ves malvoyants pour leur composition. Apr\u00e8s la composition, les transcripteurs reviennent prendre le devoir, le d\u00e9coder et le transcrire en noir pour remettre au professeur.<\/p>\n<p>B24 : Quels sont vos mat\u00e9riaux de travail ? A.R.Z : Le mat\u00e9riel de travail est constitu\u00e9 de \u00e9vo10 (un appareil enregistreur), une \u00e9critoire compos\u00e9 de poin\u00e7on (utilis\u00e9 pour la perforation de la feuille) et une tablette qui est sous forme d\u2019ardoise (une ardoise o\u00f9 on met une feuille pour perforer).<\/p>\n<p>Un ordinateur avec des logiciels comme DUOS NTDA, des lecteurs d\u2019application (une machine ordinaire o\u00f9 on insert une synth\u00e8se vocale qui parle \u00e0 la personne malvoyante, tout ce qui est \u00e9crit sur l\u2019\u00e9cran). J\u2019ai eu \u00e0 faire des formations en informatique au sein de l\u2019association pour m\u2019adapter.<\/p>\n<p>B24 : Avez-vous un m\u00e9tier qui vous tient \u00e0 c\u0153ur ? A.R.Z : Peut-\u00eatre dans le domaine artisanal. Je veux apprendre le tissage des lits picot, des chaises et autres peut-\u00eatre qui pourraient m\u2019int\u00e9resser puisque il y a un atelier dans notre association. B24 : Etes-vous dans une association ?<\/p>\n<p>A.R.Z : Il y a une association mais je ne suis pas membre, puisque je suis venu en tant qu\u2019\u00e9l\u00e8ve. J\u2019\u00e9tais en classe de terminale en 2014. En fait, c\u2019est en terminale que j\u2019ai perdu la vue et je suis venu apprendre l\u2019\u00e9criture et puis faire le bac pour poursuivre \u00e0 l\u2019universit\u00e9. Je ne me suis pas int\u00e9ress\u00e9 parce que je n\u2019avais pas le temps et je n\u2019\u00e9tais pas trop int\u00e9ress\u00e9. C\u2019est maintenant que je vois que le m\u00e9tier artisanal est vraiment bien.<\/p>\n<p>B24 : Quelles sont vos difficult\u00e9s ? A.R.Z : Dans le domaine du handicap visuel que je vis, la difficult\u00e9 principale c\u2019est le moyen de d\u00e9placement. La chose que la vue emp\u00eache, c\u2019est le d\u00e9placement sinon si c\u2019est du c\u00f4t\u00e9 intellectuel, tout est d\u00e9j\u00e0 l\u00e0. La personne vivant avec un handicap a besoin de joindre le lieu o\u00f9 elle veut.<\/p>\n<p>Lorsque je veux venir \u00e0 l\u2019universit\u00e9, je ne peux pas venir seul. Il faut que quelqu\u2019un m\u2019accompagne, et ce n\u2019est pas une simple affaire de trouver quelqu\u2019un pour le faire et c\u2019est difficile. Lorsque je viens, la personne ne peut s\u2019arr\u00eater et m\u2019attendre. Il faut que la personne reparte pour revenir apr\u00e8s.<\/p>\n<p>Ensuite, le probl\u00e8me de moyens dans les \u00e9tudes puisque les personnes handicap\u00e9es paient deux fois plus que les personnes valides parce que dans l\u2019association, il faut payer avant qu\u2019on ne vienne faire le suivi pour l\u2019\u00e9valuation et payer la scolarit\u00e9 aussi. Sans oublier le mat\u00e9riel pour les \u00e9tudes. B24 : Quelles sont les proc\u00e9dures pour l\u2019insertion professionnelle ?<\/p>\n<p>A.R.Z : C\u2019est comme tous les autres \u00e9tudiants. Apr\u00e8s la formation, il faut faire un concours. D\u00e9j\u00e0 l\u2019\u00c9tat a mis en place un concours des personnes handicap\u00e9s qui a vu la premi\u00e8re participation en 2014 sous le pouvoir du pr\u00e9sident Blaise Compaor\u00e9, et apr\u00e8s son d\u00e9part, ils ont r\u00e9organis\u00e9 en 2017, sp\u00e9cialement pour les personnes vivant avec un handicap. On peut dire que la seule voie pour int\u00e9grer la fonction publique, c\u2019est le concours.<\/p>\n<p>B24 : Pensez-vous que vous serez bien accueilli dans le priv\u00e9 ? A.R.Z : : Dans le priv\u00e9, ce sera tr\u00e8s difficiles. Le commun m\u00eame des mortels ignore les capacit\u00e9s des personnes vivant avec un handicap. Le priv\u00e9 est bas\u00e9 sur le syst\u00e8me capitaliste de rendement. Mais comme ils ont une fausse id\u00e9e derri\u00e8re laquelle la personne handicap\u00e9e n\u2019est pas tr\u00e8s capable, c\u2019est difficile.<\/p>\n<p>B24: Comment \u00eates-vous accueilli par votre entourage ? A.R.Z : Sinc\u00e8rement je remercie Dieu parce que j\u2019ai un bon entourage et amis. Lorsque je voyais, on entretenait de bonnes relations et m\u00eame avec la perte de vue.<\/p>\n<p>Le handicap n\u2019est pas quelque chose qu\u2019on ach\u00e8te aussi et je sais qu\u2019ils ont r\u00e9fl\u00e9chi dans ce sens l\u00e0. On a fait l\u2019\u00e9cole ensemble, mais mes capacit\u00e9s \u00e9taient vraiment connues et quand ils savent que ce n\u2019\u00e9tait pas un choix d\u2019\u00eatre handicap\u00e9, ils doivent bien raisonner et dans c\u2019est dans ce sens que j\u2019ai toujours entretenu de bonnes relations avec mes amis.<\/p>\n<p>B24 : Avez-vous d\u00e9j\u00e0 eu un soutien de la part de l\u2019Etat ? A.R.Z : Non, je n\u2019ai pas encore eu un soutien de l\u2019Etat. B24 : Quel appel avez-vous \u00e0 lancer \u00e0 l\u2019Etat ?<\/p>\n<p>A.R.Z : Ma premi\u00e8re dol\u00e9ance, est que l\u2019Etat puisse instaurer la carte d\u2019invalidit\u00e9 qui montre que tu es invalide. En tenant cette carte, la personne vivant avec un handicap a un certain droit. Si ces droits \u00e9taient respect\u00e9s, le transport, la scolarisation, la sant\u00e9, l\u2019Etat devrait tout subventionner pour que la personne vivant avec un handicap puisse s\u2019\u00e9panouir. Aussi qu\u2019il sensibilise la population pour que les gens comprennent les personnes vivant avec un handicap. Propos recueillis par Jo\u00ebl THIOMBIANO (stagiaire) .<\/p>\n","protected":false},"excerpt":{"rendered":"<p>Africa-Press &#8211; Burkina Faso. Burkina24 (B24) : Comment arrivez-vous \u00e0 vous familiariser avec votre \u00e9tat ? Abdoul Rahman Zongo (A.R.Z) : Comme vous venez de le souligner, s\u2019il y a cette question, c\u2019est qu\u2019il y a un probl\u00e8me. Mais par la gr\u00e2ce de Dieu, ce probl\u00e8me de familiarisation ne se pose pas trop parce que [&hellip;]<\/p>\n","protected":false},"author":82,"featured_media":10716,"comment_status":"open","ping_status":"closed","sticky":false,"template":"","format":"standard","meta":{"footnotes":""},"categories":[21,11,10],"tags":[111,725,29],"class_list":["post-10717","post","type-post","status-publish","format-standard","has-post-thumbnail","hentry","category-communaute","category-homepage-french","category-toutes-les-actualites","tag-africa-press","tag-africa-press-burkina-faso","tag-burkina-faso"],"yoast_head":"<!-- This site is optimized with the Yoast SEO Premium plugin v26.1 (Yoast SEO v27.0) - https:\/\/yoast.com\/product\/yoast-seo-premium-wordpress\/ -->\n<title>Abdoul Rahman Zongo\u00a0: \u201cLe handicap ne peut freiner l\u2019ambition\u201d - Burkina Faso<\/title>\n<meta name=\"description\" content=\"Burkina24 (B24) : Comment arrivez-vous \u00e0 vous familiariser avec votre \u00e9tat ? Abdoul Rahman Zongo (A.R.Z) : Comme vous ve ...\" \/>\n<meta name=\"robots\" content=\"index, follow, max-snippet:-1, max-image-preview:large, max-video-preview:-1\" \/>\n<link rel=\"canonical\" href=\"https:\/\/www.africa-press.net\/burkina-faso\/toutes-les-actualites\/abdoul-rahman-zongo-le-handicap-ne-peut-freiner-lambition\" \/>\n<meta property=\"og:locale\" content=\"fr_FR\" \/>\n<meta property=\"og:type\" content=\"article\" \/>\n<meta property=\"og:title\" content=\"Abdoul Rahman Zongo\u00a0: \u201cLe handicap ne peut freiner l\u2019ambition\u201d\" \/>\n<meta property=\"og:description\" content=\"Burkina24 (B24) : Comment arrivez-vous \u00e0 vous familiariser avec votre \u00e9tat ? Abdoul Rahman Zongo (A.R.Z) : Comme vous ve ...\" \/>\n<meta property=\"og:url\" content=\"https:\/\/www.africa-press.net\/burkina-faso\/toutes-les-actualites\/abdoul-rahman-zongo-le-handicap-ne-peut-freiner-lambition\" \/>\n<meta property=\"og:site_name\" content=\"Burkina Faso\" \/>\n<meta property=\"article:published_time\" content=\"2021-04-27T15:49:53+00:00\" \/>\n<meta property=\"og:image\" content=\"https:\/\/static.africa-press.net\/burkina\/sites\/42\/2021\/04\/img-608815be130f8.jpg\" \/>\n\t<meta property=\"og:image:width\" content=\"720\" \/>\n\t<meta property=\"og:image:height\" content=\"593\" \/>\n\t<meta property=\"og:image:type\" content=\"image\/jpeg\" \/>\n<meta name=\"author\" content=\"cfeditorfr\" \/>\n<meta name=\"twitter:card\" content=\"summary_large_image\" \/>\n<meta name=\"twitter:label1\" content=\"\u00c9crit par\" \/>\n\t<meta name=\"twitter:data1\" content=\"cfeditorfr\" \/>\n\t<meta name=\"twitter:label2\" content=\"Dur\u00e9e de lecture estim\u00e9e\" \/>\n\t<meta name=\"twitter:data2\" content=\"6 minutes\" \/>\n<script type=\"application\/ld+json\" class=\"yoast-schema-graph\">{\"@context\":\"https:\/\/schema.org\",\"@graph\":[{\"@type\":\"Article\",\"@id\":\"https:\/\/www.africa-press.net\/burkina-faso\/toutes-les-actualites\/abdoul-rahman-zongo-le-handicap-ne-peut-freiner-lambition#article\",\"isPartOf\":{\"@id\":\"https:\/\/www.africa-press.net\/burkina-faso\/toutes-les-actualites\/abdoul-rahman-zongo-le-handicap-ne-peut-freiner-lambition\"},\"author\":{\"name\":\"cfeditorfr\",\"@id\":\"https:\/\/www.africa-press.net\/burkina-faso\/#\/schema\/person\/2b1cf3cd81a31e3cd26889ca66d677f1\"},\"headline\":\"Abdoul Rahman Zongo\u00a0: \u201cLe handicap ne peut freiner l\u2019ambition\u201d\",\"datePublished\":\"2021-04-27T15:49:53+00:00\",\"mainEntityOfPage\":{\"@id\":\"https:\/\/www.africa-press.net\/burkina-faso\/toutes-les-actualites\/abdoul-rahman-zongo-le-handicap-ne-peut-freiner-lambition\"},\"wordCount\":1293,\"commentCount\":0,\"image\":{\"@id\":\"https:\/\/www.africa-press.net\/burkina-faso\/toutes-les-actualites\/abdoul-rahman-zongo-le-handicap-ne-peut-freiner-lambition#primaryimage\"},\"thumbnailUrl\":\"https:\/\/static.africa-press.net\/burkina\/sites\/42\/2021\/04\/img-608815be130f8.jpg\",\"keywords\":[\"Africa Press\",\"Africa Press-Burkina Faso\",\"Burkina Faso\"],\"articleSection\":[\"Communaut\u00e9\",\"homepage-french\",\"Toutes les actualit\u00e9s\"],\"inLanguage\":\"fr-FR\",\"potentialAction\":[{\"@type\":\"CommentAction\",\"name\":\"Comment\",\"target\":[\"https:\/\/www.africa-press.net\/burkina-faso\/toutes-les-actualites\/abdoul-rahman-zongo-le-handicap-ne-peut-freiner-lambition#respond\"]}]},{\"@type\":\"WebPage\",\"@id\":\"https:\/\/www.africa-press.net\/burkina-faso\/toutes-les-actualites\/abdoul-rahman-zongo-le-handicap-ne-peut-freiner-lambition\",\"url\":\"https:\/\/www.africa-press.net\/burkina-faso\/toutes-les-actualites\/abdoul-rahman-zongo-le-handicap-ne-peut-freiner-lambition\",\"name\":\"Abdoul Rahman Zongo\u00a0: \u201cLe handicap ne peut freiner l\u2019ambition\u201d - Burkina Faso\",\"isPartOf\":{\"@id\":\"https:\/\/www.africa-press.net\/burkina-faso\/#website\"},\"primaryImageOfPage\":{\"@id\":\"https:\/\/www.africa-press.net\/burkina-faso\/toutes-les-actualites\/abdoul-rahman-zongo-le-handicap-ne-peut-freiner-lambition#primaryimage\"},\"image\":{\"@id\":\"https:\/\/www.africa-press.net\/burkina-faso\/toutes-les-actualites\/abdoul-rahman-zongo-le-handicap-ne-peut-freiner-lambition#primaryimage\"},\"thumbnailUrl\":\"https:\/\/static.africa-press.net\/burkina\/sites\/42\/2021\/04\/img-608815be130f8.jpg\",\"datePublished\":\"2021-04-27T15:49:53+00:00\",\"author\":{\"@id\":\"https:\/\/www.africa-press.net\/burkina-faso\/#\/schema\/person\/2b1cf3cd81a31e3cd26889ca66d677f1\"},\"description\":\"Burkina24 (B24) : Comment arrivez-vous \u00e0 vous familiariser avec votre \u00e9tat ? Abdoul Rahman Zongo (A.R.Z) : Comme vous ve ...\",\"breadcrumb\":{\"@id\":\"https:\/\/www.africa-press.net\/burkina-faso\/toutes-les-actualites\/abdoul-rahman-zongo-le-handicap-ne-peut-freiner-lambition#breadcrumb\"},\"inLanguage\":\"fr-FR\",\"potentialAction\":[{\"@type\":\"ReadAction\",\"target\":[\"https:\/\/www.africa-press.net\/burkina-faso\/toutes-les-actualites\/abdoul-rahman-zongo-le-handicap-ne-peut-freiner-lambition\"]}]},{\"@type\":\"ImageObject\",\"inLanguage\":\"fr-FR\",\"@id\":\"https:\/\/www.africa-press.net\/burkina-faso\/toutes-les-actualites\/abdoul-rahman-zongo-le-handicap-ne-peut-freiner-lambition#primaryimage\",\"url\":\"https:\/\/static.africa-press.net\/burkina\/sites\/42\/2021\/04\/img-608815be130f8.jpg\",\"contentUrl\":\"https:\/\/static.africa-press.net\/burkina\/sites\/42\/2021\/04\/img-608815be130f8.jpg\",\"width\":720,\"height\":593,\"caption\":\"Abdoul Rahman Zongo\u00a0: \u201cLe handicap ne peut freiner l\u2019ambition\u201d\"},{\"@type\":\"BreadcrumbList\",\"@id\":\"https:\/\/www.africa-press.net\/burkina-faso\/toutes-les-actualites\/abdoul-rahman-zongo-le-handicap-ne-peut-freiner-lambition#breadcrumb\",\"itemListElement\":[{\"@type\":\"ListItem\",\"position\":1,\"name\":\"Accueil\",\"item\":\"https:\/\/www.africa-press.net\/burkina-faso\/\"},{\"@type\":\"ListItem\",\"position\":2,\"name\":\"Abdoul Rahman Zongo\u00a0: \u201cLe handicap ne peut freiner l\u2019ambition\u201d\"}]},{\"@type\":\"WebSite\",\"@id\":\"https:\/\/www.africa-press.net\/burkina-faso\/#website\",\"url\":\"https:\/\/www.africa-press.net\/burkina-faso\/\",\"name\":\"Burkina Faso\",\"description\":\"Just another Africa News Agency Sites site\",\"potentialAction\":[{\"@type\":\"SearchAction\",\"target\":{\"@type\":\"EntryPoint\",\"urlTemplate\":\"https:\/\/www.africa-press.net\/burkina-faso\/?s={search_term_string}\"},\"query-input\":{\"@type\":\"PropertyValueSpecification\",\"valueRequired\":true,\"valueName\":\"search_term_string\"}}],\"inLanguage\":\"fr-FR\"},{\"@type\":\"Person\",\"@id\":\"https:\/\/www.africa-press.net\/burkina-faso\/#\/schema\/person\/2b1cf3cd81a31e3cd26889ca66d677f1\",\"name\":\"cfeditorfr\"}]}<\/script>\n<!-- \/ Yoast SEO Premium plugin. -->","yoast_head_json":{"title":"Abdoul Rahman Zongo\u00a0: \u201cLe handicap ne peut freiner l\u2019ambition\u201d - Burkina Faso","description":"Burkina24 (B24) : Comment arrivez-vous \u00e0 vous familiariser avec votre \u00e9tat ? Abdoul Rahman Zongo (A.R.Z) : Comme vous ve ...","robots":{"index":"index","follow":"follow","max-snippet":"max-snippet:-1","max-image-preview":"max-image-preview:large","max-video-preview":"max-video-preview:-1"},"canonical":"https:\/\/www.africa-press.net\/burkina-faso\/toutes-les-actualites\/abdoul-rahman-zongo-le-handicap-ne-peut-freiner-lambition","og_locale":"fr_FR","og_type":"article","og_title":"Abdoul Rahman Zongo\u00a0: \u201cLe handicap ne peut freiner l\u2019ambition\u201d","og_description":"Burkina24 (B24) : Comment arrivez-vous \u00e0 vous familiariser avec votre \u00e9tat ? Abdoul Rahman Zongo (A.R.Z) : Comme vous ve ...","og_url":"https:\/\/www.africa-press.net\/burkina-faso\/toutes-les-actualites\/abdoul-rahman-zongo-le-handicap-ne-peut-freiner-lambition","og_site_name":"Burkina Faso","article_published_time":"2021-04-27T15:49:53+00:00","og_image":[{"width":720,"height":593,"url":"https:\/\/static.africa-press.net\/burkina\/sites\/42\/2021\/04\/img-608815be130f8.jpg","type":"image\/jpeg"}],"author":"cfeditorfr","twitter_card":"summary_large_image","twitter_misc":{"\u00c9crit par":"cfeditorfr","Dur\u00e9e de lecture estim\u00e9e":"6 minutes"},"schema":{"@context":"https:\/\/schema.org","@graph":[{"@type":"Article","@id":"https:\/\/www.africa-press.net\/burkina-faso\/toutes-les-actualites\/abdoul-rahman-zongo-le-handicap-ne-peut-freiner-lambition#article","isPartOf":{"@id":"https:\/\/www.africa-press.net\/burkina-faso\/toutes-les-actualites\/abdoul-rahman-zongo-le-handicap-ne-peut-freiner-lambition"},"author":{"name":"cfeditorfr","@id":"https:\/\/www.africa-press.net\/burkina-faso\/#\/schema\/person\/2b1cf3cd81a31e3cd26889ca66d677f1"},"headline":"Abdoul Rahman Zongo\u00a0: \u201cLe handicap ne peut freiner l\u2019ambition\u201d","datePublished":"2021-04-27T15:49:53+00:00","mainEntityOfPage":{"@id":"https:\/\/www.africa-press.net\/burkina-faso\/toutes-les-actualites\/abdoul-rahman-zongo-le-handicap-ne-peut-freiner-lambition"},"wordCount":1293,"commentCount":0,"image":{"@id":"https:\/\/www.africa-press.net\/burkina-faso\/toutes-les-actualites\/abdoul-rahman-zongo-le-handicap-ne-peut-freiner-lambition#primaryimage"},"thumbnailUrl":"https:\/\/static.africa-press.net\/burkina\/sites\/42\/2021\/04\/img-608815be130f8.jpg","keywords":["Africa Press","Africa Press-Burkina Faso","Burkina Faso"],"articleSection":["Communaut\u00e9","homepage-french","Toutes les actualit\u00e9s"],"inLanguage":"fr-FR","potentialAction":[{"@type":"CommentAction","name":"Comment","target":["https:\/\/www.africa-press.net\/burkina-faso\/toutes-les-actualites\/abdoul-rahman-zongo-le-handicap-ne-peut-freiner-lambition#respond"]}]},{"@type":"WebPage","@id":"https:\/\/www.africa-press.net\/burkina-faso\/toutes-les-actualites\/abdoul-rahman-zongo-le-handicap-ne-peut-freiner-lambition","url":"https:\/\/www.africa-press.net\/burkina-faso\/toutes-les-actualites\/abdoul-rahman-zongo-le-handicap-ne-peut-freiner-lambition","name":"Abdoul Rahman Zongo\u00a0: \u201cLe handicap ne peut freiner l\u2019ambition\u201d - Burkina Faso","isPartOf":{"@id":"https:\/\/www.africa-press.net\/burkina-faso\/#website"},"primaryImageOfPage":{"@id":"https:\/\/www.africa-press.net\/burkina-faso\/toutes-les-actualites\/abdoul-rahman-zongo-le-handicap-ne-peut-freiner-lambition#primaryimage"},"image":{"@id":"https:\/\/www.africa-press.net\/burkina-faso\/toutes-les-actualites\/abdoul-rahman-zongo-le-handicap-ne-peut-freiner-lambition#primaryimage"},"thumbnailUrl":"https:\/\/static.africa-press.net\/burkina\/sites\/42\/2021\/04\/img-608815be130f8.jpg","datePublished":"2021-04-27T15:49:53+00:00","author":{"@id":"https:\/\/www.africa-press.net\/burkina-faso\/#\/schema\/person\/2b1cf3cd81a31e3cd26889ca66d677f1"},"description":"Burkina24 (B24) : Comment arrivez-vous \u00e0 vous familiariser avec votre \u00e9tat ? Abdoul Rahman Zongo (A.R.Z) : Comme vous ve ...","breadcrumb":{"@id":"https:\/\/www.africa-press.net\/burkina-faso\/toutes-les-actualites\/abdoul-rahman-zongo-le-handicap-ne-peut-freiner-lambition#breadcrumb"},"inLanguage":"fr-FR","potentialAction":[{"@type":"ReadAction","target":["https:\/\/www.africa-press.net\/burkina-faso\/toutes-les-actualites\/abdoul-rahman-zongo-le-handicap-ne-peut-freiner-lambition"]}]},{"@type":"ImageObject","inLanguage":"fr-FR","@id":"https:\/\/www.africa-press.net\/burkina-faso\/toutes-les-actualites\/abdoul-rahman-zongo-le-handicap-ne-peut-freiner-lambition#primaryimage","url":"https:\/\/static.africa-press.net\/burkina\/sites\/42\/2021\/04\/img-608815be130f8.jpg","contentUrl":"https:\/\/static.africa-press.net\/burkina\/sites\/42\/2021\/04\/img-608815be130f8.jpg","width":720,"height":593,"caption":"Abdoul Rahman Zongo\u00a0: \u201cLe handicap ne peut freiner l\u2019ambition\u201d"},{"@type":"BreadcrumbList","@id":"https:\/\/www.africa-press.net\/burkina-faso\/toutes-les-actualites\/abdoul-rahman-zongo-le-handicap-ne-peut-freiner-lambition#breadcrumb","itemListElement":[{"@type":"ListItem","position":1,"name":"Accueil","item":"https:\/\/www.africa-press.net\/burkina-faso\/"},{"@type":"ListItem","position":2,"name":"Abdoul Rahman Zongo\u00a0: \u201cLe handicap ne peut freiner l\u2019ambition\u201d"}]},{"@type":"WebSite","@id":"https:\/\/www.africa-press.net\/burkina-faso\/#website","url":"https:\/\/www.africa-press.net\/burkina-faso\/","name":"Burkina Faso","description":"Just another Africa News Agency Sites site","potentialAction":[{"@type":"SearchAction","target":{"@type":"EntryPoint","urlTemplate":"https:\/\/www.africa-press.net\/burkina-faso\/?s={search_term_string}"},"query-input":{"@type":"PropertyValueSpecification","valueRequired":true,"valueName":"search_term_string"}}],"inLanguage":"fr-FR"},{"@type":"Person","@id":"https:\/\/www.africa-press.net\/burkina-faso\/#\/schema\/person\/2b1cf3cd81a31e3cd26889ca66d677f1","name":"cfeditorfr"}]}},"_links":{"self":[{"href":"https:\/\/www.africa-press.net\/burkina-faso\/wp-json\/wp\/v2\/posts\/10717","targetHints":{"allow":["GET"]}}],"collection":[{"href":"https:\/\/www.africa-press.net\/burkina-faso\/wp-json\/wp\/v2\/posts"}],"about":[{"href":"https:\/\/www.africa-press.net\/burkina-faso\/wp-json\/wp\/v2\/types\/post"}],"author":[{"embeddable":true,"href":"https:\/\/www.africa-press.net\/burkina-faso\/wp-json\/wp\/v2\/users\/82"}],"replies":[{"embeddable":true,"href":"https:\/\/www.africa-press.net\/burkina-faso\/wp-json\/wp\/v2\/comments?post=10717"}],"version-history":[{"count":0,"href":"https:\/\/www.africa-press.net\/burkina-faso\/wp-json\/wp\/v2\/posts\/10717\/revisions"}],"wp:featuredmedia":[{"embeddable":true,"href":"https:\/\/www.africa-press.net\/burkina-faso\/wp-json\/wp\/v2\/media\/10716"}],"wp:attachment":[{"href":"https:\/\/www.africa-press.net\/burkina-faso\/wp-json\/wp\/v2\/media?parent=10717"}],"wp:term":[{"taxonomy":"category","embeddable":true,"href":"https:\/\/www.africa-press.net\/burkina-faso\/wp-json\/wp\/v2\/categories?post=10717"},{"taxonomy":"post_tag","embeddable":true,"href":"https:\/\/www.africa-press.net\/burkina-faso\/wp-json\/wp\/v2\/tags?post=10717"}],"curies":[{"name":"wp","href":"https:\/\/api.w.org\/{rel}","templated":true}]}}