{"id":10741,"date":"2021-04-29T10:32:41","date_gmt":"2021-04-29T10:32:41","guid":{"rendered":"https:\/\/www.africa-press.net\/burkina-faso\/?p=10741"},"modified":"2021-04-29T12:06:59","modified_gmt":"2021-04-29T12:06:59","slug":"burkina-faso-un-raid-terroriste-dans-le-nord-du-pays-fait-dix-huit-morts","status":"publish","type":"post","link":"https:\/\/www.africa-press.net\/burkina-faso\/politique\/burkina-faso-un-raid-terroriste-dans-le-nord-du-pays-fait-dix-huit-morts","title":{"rendered":"un raid terroriste dans le nord du pays fait dix-huit\u00a0morts"},"content":{"rendered":"<p><span style=\"color: #ff6600\"><strong><a href=\"https:\/\/www.africa-press.net\/\">Africa-Press<\/a> &#8211; <a href=\"https:\/\/www.africa-press.net\/burkina-faso\">Burkina Faso<\/a>. <\/strong><\/span>Des attaques meurtri\u00e8res men\u00e9es dans la nuit de lundi \u00e0 mardi contre des villages de la commune de Seytenga, dans le nord du Burkina Faso, ont fait \u00ab dix-huit morts \u00bb, a annonc\u00e9, mercredi 28 avril, le gouverneur de la r\u00e9gion du Sahel, le colonel-major Salfo Kabor\u00e9.<\/p>\n<p><b>\u00ab Le bilan humain provisoire s\u2019\u00e9tablit \u00e0 dix-huit morts et un bless\u00e9 grave. L\u2019attaque a entra\u00een\u00e9 un d\u00e9placement massif des populations des localit\u00e9s de la zone en direction du chef-lieu de la commune \u00bb<\/b><\/p>\n<p>, souligne un communiqu\u00e9 du gouverneur.<\/p>\n<p>Mardi soir, dans un pr\u00e9c\u00e9dent bilan, le ministre burkinab\u00e9 de la communication et porte-parole du gouvernement, Ouss\u00e9ni Tamboura, faisait \u00e9tat \u00ab d\u2019incursions d\u2019individus arm\u00e9s dans plusieurs localit\u00e9s du Sahel \u2013 Sofokel, Yatakou, Tao et Seytenga \u2013 dans la province du S\u00e9no \u00bb. \u00ab Les terroristes ont effectu\u00e9 des actes d\u2019intimidation, de pillages et d\u2019assassinats sur des populations civiles. Le bilan fait \u00e9tat de plus d\u2019une dizaine de morts \u00bb, avait d\u00e9clar\u00e9 le ministre.<\/p>\n<p><b>1 300 morts et un million de d\u00e9plac\u00e9s depuis 2015<\/b><\/p>\n<p>Un \u00e9lu local, qui avait requis l\u2019anonymat, avait \u00e9voqu\u00e9 pour sa part quinze morts. \u00ab Cinq autres personnes ont \u00e9t\u00e9 enlev\u00e9es par les assaillants, qui ont \u00e9galement emport\u00e9 des engins [triporteurs], des vivres et du b\u00e9tail apr\u00e8s avoir vandalis\u00e9 des commerces \u00bb, avait-il pr\u00e9cis\u00e9.<\/p>\n<p>Seytenga est une commune rurale situ\u00e9e \u00e0 40 kilom\u00e8tres au nord-est de Dori, chef-lieu de la r\u00e9gion du Sahel, et \u00e0 10 km de la fronti\u00e8re du Niger. Le Burkina Faso est cibl\u00e9 par des attaques djihadistes depuis 2015, comme ses voisins du Sahel, le Mali et le Niger.<\/p>\n<p>D\u2019abord concentr\u00e9es dans le nord du pays, limitrophe du Mali, les exactions attribu\u00e9es \u00e0 des groupes djihadistes, dont le Groupe de soutien de l\u2019islam et des musulmans (GSIM) affili\u00e9 \u00e0 Al-Qaida et l\u2019organisation Etat islamique au grand Sahara (EIGS), ont ensuite vis\u00e9 la capitale et d\u2019autres r\u00e9gions, notamment l\u2019est et le nord-ouest, faisant depuis 2015 plus de 1 300 morts et un million de d\u00e9plac\u00e9s fuyant les zones de violences.<\/p>\n<p>Mardi, le premier ministre espagnol a confirm\u00e9 la mort de deux de ses ressortissants, des journalistes ex\u00e9cut\u00e9s par des terroristes, au lendemain d\u2019une attaque dans l\u2019est du Burkina Faso, \u00e0 l\u2019issue de laquelle un Irlandais a \u00e9galement \u00e9t\u00e9 assassin\u00e9 par les djihadistes.<\/p>\n","protected":false},"excerpt":{"rendered":"<p>Africa-Press &#8211; Burkina Faso. Des attaques meurtri\u00e8res men\u00e9es dans la nuit de lundi \u00e0 mardi contre des villages de la commune de Seytenga, dans le nord du Burkina Faso, ont fait \u00ab dix-huit morts \u00bb, a annonc\u00e9, mercredi 28 avril, le gouverneur de la r\u00e9gion du Sahel, le colonel-major Salfo Kabor\u00e9. \u00ab Le bilan humain [&hellip;]<\/p>\n","protected":false},"author":82,"featured_media":10740,"comment_status":"open","ping_status":"closed","sticky":false,"template":"","format":"standard","meta":{"footnotes":""},"categories":[11,2,10],"tags":[111,725,29],"class_list":["post-10741","post","type-post","status-publish","format-standard","has-post-thumbnail","hentry","category-homepage-french","category-politique","category-toutes-les-actualites","tag-africa-press","tag-africa-press-burkina-faso","tag-burkina-faso"],"yoast_head":"<!-- This site is optimized with the Yoast SEO Premium plugin v26.1 (Yoast SEO v27.0) - https:\/\/yoast.com\/product\/yoast-seo-premium-wordpress\/ -->\n<title>un raid terroriste dans le nord du pays fait dix-huit\u00a0morts - Burkina Faso<\/title>\n<meta name=\"description\" content=\"Des attaques meurtri\u00e8res men\u00e9es dans la nuit de lundi \u00e0 mardi contre des villages de la commune de Seytenga, dans le nor ...\" \/>\n<meta name=\"robots\" content=\"index, follow, max-snippet:-1, max-image-preview:large, max-video-preview:-1\" \/>\n<link rel=\"canonical\" href=\"https:\/\/www.africa-press.net\/burkina-faso\/politique\/burkina-faso-un-raid-terroriste-dans-le-nord-du-pays-fait-dix-huit-morts\" \/>\n<meta property=\"og:locale\" content=\"fr_FR\" \/>\n<meta property=\"og:type\" content=\"article\" \/>\n<meta property=\"og:title\" content=\"un raid terroriste dans le nord du pays fait dix-huit\u00a0morts\" \/>\n<meta property=\"og:description\" content=\"Des attaques meurtri\u00e8res men\u00e9es dans la nuit de lundi \u00e0 mardi contre des villages de la commune de Seytenga, dans le nor ...\" \/>\n<meta property=\"og:url\" content=\"https:\/\/www.africa-press.net\/burkina-faso\/politique\/burkina-faso-un-raid-terroriste-dans-le-nord-du-pays-fait-dix-huit-morts\" \/>\n<meta property=\"og:site_name\" content=\"Burkina Faso\" \/>\n<meta property=\"article:published_time\" content=\"2021-04-29T10:32:41+00:00\" \/>\n<meta property=\"article:modified_time\" content=\"2021-04-29T12:06:59+00:00\" \/>\n<meta property=\"og:image\" content=\"https:\/\/static.africa-press.net\/burkina\/sites\/42\/2021\/04\/img-608a877af2b0a.jpg\" \/>\n\t<meta property=\"og:image:width\" content=\"1440\" \/>\n\t<meta property=\"og:image:height\" content=\"720\" \/>\n\t<meta property=\"og:image:type\" content=\"image\/jpeg\" \/>\n<meta name=\"author\" content=\"cfeditorfr\" \/>\n<meta name=\"twitter:card\" content=\"summary_large_image\" \/>\n<meta name=\"twitter:label1\" content=\"\u00c9crit par\" \/>\n\t<meta name=\"twitter:data1\" content=\"cfeditorfr\" \/>\n\t<meta name=\"twitter:label2\" content=\"Dur\u00e9e de lecture estim\u00e9e\" \/>\n\t<meta name=\"twitter:data2\" content=\"2 minutes\" \/>\n<script type=\"application\/ld+json\" class=\"yoast-schema-graph\">{\"@context\":\"https:\/\/schema.org\",\"@graph\":[{\"@type\":\"Article\",\"@id\":\"https:\/\/www.africa-press.net\/burkina-faso\/politique\/burkina-faso-un-raid-terroriste-dans-le-nord-du-pays-fait-dix-huit-morts#article\",\"isPartOf\":{\"@id\":\"https:\/\/www.africa-press.net\/burkina-faso\/politique\/burkina-faso-un-raid-terroriste-dans-le-nord-du-pays-fait-dix-huit-morts\"},\"author\":{\"name\":\"cfeditorfr\",\"@id\":\"https:\/\/www.africa-press.net\/burkina-faso\/#\/schema\/person\/2b1cf3cd81a31e3cd26889ca66d677f1\"},\"headline\":\"un raid terroriste dans le nord du pays fait dix-huit\u00a0morts\",\"datePublished\":\"2021-04-29T10:32:41+00:00\",\"dateModified\":\"2021-04-29T12:06:59+00:00\",\"mainEntityOfPage\":{\"@id\":\"https:\/\/www.africa-press.net\/burkina-faso\/politique\/burkina-faso-un-raid-terroriste-dans-le-nord-du-pays-fait-dix-huit-morts\"},\"wordCount\":406,\"commentCount\":0,\"image\":{\"@id\":\"https:\/\/www.africa-press.net\/burkina-faso\/politique\/burkina-faso-un-raid-terroriste-dans-le-nord-du-pays-fait-dix-huit-morts#primaryimage\"},\"thumbnailUrl\":\"https:\/\/static.africa-press.net\/burkina\/sites\/42\/2021\/04\/img-608a877af2b0a.jpg\",\"keywords\":[\"Africa Press\",\"Africa Press-Burkina Faso\",\"Burkina Faso\"],\"articleSection\":[\"homepage-french\",\"Politique\",\"Toutes les actualit\u00e9s\"],\"inLanguage\":\"fr-FR\",\"potentialAction\":[{\"@type\":\"CommentAction\",\"name\":\"Comment\",\"target\":[\"https:\/\/www.africa-press.net\/burkina-faso\/politique\/burkina-faso-un-raid-terroriste-dans-le-nord-du-pays-fait-dix-huit-morts#respond\"]}]},{\"@type\":\"WebPage\",\"@id\":\"https:\/\/www.africa-press.net\/burkina-faso\/politique\/burkina-faso-un-raid-terroriste-dans-le-nord-du-pays-fait-dix-huit-morts\",\"url\":\"https:\/\/www.africa-press.net\/burkina-faso\/politique\/burkina-faso-un-raid-terroriste-dans-le-nord-du-pays-fait-dix-huit-morts\",\"name\":\"un raid terroriste dans le nord du pays fait dix-huit\u00a0morts - Burkina Faso\",\"isPartOf\":{\"@id\":\"https:\/\/www.africa-press.net\/burkina-faso\/#website\"},\"primaryImageOfPage\":{\"@id\":\"https:\/\/www.africa-press.net\/burkina-faso\/politique\/burkina-faso-un-raid-terroriste-dans-le-nord-du-pays-fait-dix-huit-morts#primaryimage\"},\"image\":{\"@id\":\"https:\/\/www.africa-press.net\/burkina-faso\/politique\/burkina-faso-un-raid-terroriste-dans-le-nord-du-pays-fait-dix-huit-morts#primaryimage\"},\"thumbnailUrl\":\"https:\/\/static.africa-press.net\/burkina\/sites\/42\/2021\/04\/img-608a877af2b0a.jpg\",\"datePublished\":\"2021-04-29T10:32:41+00:00\",\"dateModified\":\"2021-04-29T12:06:59+00:00\",\"author\":{\"@id\":\"https:\/\/www.africa-press.net\/burkina-faso\/#\/schema\/person\/2b1cf3cd81a31e3cd26889ca66d677f1\"},\"description\":\"Des attaques meurtri\u00e8res men\u00e9es dans la nuit de lundi \u00e0 mardi contre des villages de la commune de Seytenga, dans le nor ...\",\"breadcrumb\":{\"@id\":\"https:\/\/www.africa-press.net\/burkina-faso\/politique\/burkina-faso-un-raid-terroriste-dans-le-nord-du-pays-fait-dix-huit-morts#breadcrumb\"},\"inLanguage\":\"fr-FR\",\"potentialAction\":[{\"@type\":\"ReadAction\",\"target\":[\"https:\/\/www.africa-press.net\/burkina-faso\/politique\/burkina-faso-un-raid-terroriste-dans-le-nord-du-pays-fait-dix-huit-morts\"]}]},{\"@type\":\"ImageObject\",\"inLanguage\":\"fr-FR\",\"@id\":\"https:\/\/www.africa-press.net\/burkina-faso\/politique\/burkina-faso-un-raid-terroriste-dans-le-nord-du-pays-fait-dix-huit-morts#primaryimage\",\"url\":\"https:\/\/static.africa-press.net\/burkina\/sites\/42\/2021\/04\/img-608a877af2b0a.jpg\",\"contentUrl\":\"https:\/\/static.africa-press.net\/burkina\/sites\/42\/2021\/04\/img-608a877af2b0a.jpg\",\"width\":1440,\"height\":720,\"caption\":\"Burkina Faso\u00a0: un raid terroriste dans le nord du pays fait dix-huit\u00a0morts\"},{\"@type\":\"BreadcrumbList\",\"@id\":\"https:\/\/www.africa-press.net\/burkina-faso\/politique\/burkina-faso-un-raid-terroriste-dans-le-nord-du-pays-fait-dix-huit-morts#breadcrumb\",\"itemListElement\":[{\"@type\":\"ListItem\",\"position\":1,\"name\":\"Accueil\",\"item\":\"https:\/\/www.africa-press.net\/burkina-faso\/\"},{\"@type\":\"ListItem\",\"position\":2,\"name\":\"un raid terroriste dans le nord du pays fait dix-huit\u00a0morts\"}]},{\"@type\":\"WebSite\",\"@id\":\"https:\/\/www.africa-press.net\/burkina-faso\/#website\",\"url\":\"https:\/\/www.africa-press.net\/burkina-faso\/\",\"name\":\"Burkina Faso\",\"description\":\"Just another Africa News Agency Sites site\",\"potentialAction\":[{\"@type\":\"SearchAction\",\"target\":{\"@type\":\"EntryPoint\",\"urlTemplate\":\"https:\/\/www.africa-press.net\/burkina-faso\/?s={search_term_string}\"},\"query-input\":{\"@type\":\"PropertyValueSpecification\",\"valueRequired\":true,\"valueName\":\"search_term_string\"}}],\"inLanguage\":\"fr-FR\"},{\"@type\":\"Person\",\"@id\":\"https:\/\/www.africa-press.net\/burkina-faso\/#\/schema\/person\/2b1cf3cd81a31e3cd26889ca66d677f1\",\"name\":\"cfeditorfr\"}]}<\/script>\n<!-- \/ Yoast SEO Premium plugin. -->","yoast_head_json":{"title":"un raid terroriste dans le nord du pays fait dix-huit\u00a0morts - Burkina Faso","description":"Des attaques meurtri\u00e8res men\u00e9es dans la nuit de lundi \u00e0 mardi contre des villages de la commune de Seytenga, dans le nor ...","robots":{"index":"index","follow":"follow","max-snippet":"max-snippet:-1","max-image-preview":"max-image-preview:large","max-video-preview":"max-video-preview:-1"},"canonical":"https:\/\/www.africa-press.net\/burkina-faso\/politique\/burkina-faso-un-raid-terroriste-dans-le-nord-du-pays-fait-dix-huit-morts","og_locale":"fr_FR","og_type":"article","og_title":"un raid terroriste dans le nord du pays fait dix-huit\u00a0morts","og_description":"Des attaques meurtri\u00e8res men\u00e9es dans la nuit de lundi \u00e0 mardi contre des villages de la commune de Seytenga, dans le nor ...","og_url":"https:\/\/www.africa-press.net\/burkina-faso\/politique\/burkina-faso-un-raid-terroriste-dans-le-nord-du-pays-fait-dix-huit-morts","og_site_name":"Burkina Faso","article_published_time":"2021-04-29T10:32:41+00:00","article_modified_time":"2021-04-29T12:06:59+00:00","og_image":[{"width":1440,"height":720,"url":"https:\/\/static.africa-press.net\/burkina\/sites\/42\/2021\/04\/img-608a877af2b0a.jpg","type":"image\/jpeg"}],"author":"cfeditorfr","twitter_card":"summary_large_image","twitter_misc":{"\u00c9crit par":"cfeditorfr","Dur\u00e9e de lecture estim\u00e9e":"2 minutes"},"schema":{"@context":"https:\/\/schema.org","@graph":[{"@type":"Article","@id":"https:\/\/www.africa-press.net\/burkina-faso\/politique\/burkina-faso-un-raid-terroriste-dans-le-nord-du-pays-fait-dix-huit-morts#article","isPartOf":{"@id":"https:\/\/www.africa-press.net\/burkina-faso\/politique\/burkina-faso-un-raid-terroriste-dans-le-nord-du-pays-fait-dix-huit-morts"},"author":{"name":"cfeditorfr","@id":"https:\/\/www.africa-press.net\/burkina-faso\/#\/schema\/person\/2b1cf3cd81a31e3cd26889ca66d677f1"},"headline":"un raid terroriste dans le nord du pays fait dix-huit\u00a0morts","datePublished":"2021-04-29T10:32:41+00:00","dateModified":"2021-04-29T12:06:59+00:00","mainEntityOfPage":{"@id":"https:\/\/www.africa-press.net\/burkina-faso\/politique\/burkina-faso-un-raid-terroriste-dans-le-nord-du-pays-fait-dix-huit-morts"},"wordCount":406,"commentCount":0,"image":{"@id":"https:\/\/www.africa-press.net\/burkina-faso\/politique\/burkina-faso-un-raid-terroriste-dans-le-nord-du-pays-fait-dix-huit-morts#primaryimage"},"thumbnailUrl":"https:\/\/static.africa-press.net\/burkina\/sites\/42\/2021\/04\/img-608a877af2b0a.jpg","keywords":["Africa Press","Africa Press-Burkina Faso","Burkina Faso"],"articleSection":["homepage-french","Politique","Toutes les actualit\u00e9s"],"inLanguage":"fr-FR","potentialAction":[{"@type":"CommentAction","name":"Comment","target":["https:\/\/www.africa-press.net\/burkina-faso\/politique\/burkina-faso-un-raid-terroriste-dans-le-nord-du-pays-fait-dix-huit-morts#respond"]}]},{"@type":"WebPage","@id":"https:\/\/www.africa-press.net\/burkina-faso\/politique\/burkina-faso-un-raid-terroriste-dans-le-nord-du-pays-fait-dix-huit-morts","url":"https:\/\/www.africa-press.net\/burkina-faso\/politique\/burkina-faso-un-raid-terroriste-dans-le-nord-du-pays-fait-dix-huit-morts","name":"un raid terroriste dans le nord du pays fait dix-huit\u00a0morts - Burkina Faso","isPartOf":{"@id":"https:\/\/www.africa-press.net\/burkina-faso\/#website"},"primaryImageOfPage":{"@id":"https:\/\/www.africa-press.net\/burkina-faso\/politique\/burkina-faso-un-raid-terroriste-dans-le-nord-du-pays-fait-dix-huit-morts#primaryimage"},"image":{"@id":"https:\/\/www.africa-press.net\/burkina-faso\/politique\/burkina-faso-un-raid-terroriste-dans-le-nord-du-pays-fait-dix-huit-morts#primaryimage"},"thumbnailUrl":"https:\/\/static.africa-press.net\/burkina\/sites\/42\/2021\/04\/img-608a877af2b0a.jpg","datePublished":"2021-04-29T10:32:41+00:00","dateModified":"2021-04-29T12:06:59+00:00","author":{"@id":"https:\/\/www.africa-press.net\/burkina-faso\/#\/schema\/person\/2b1cf3cd81a31e3cd26889ca66d677f1"},"description":"Des attaques meurtri\u00e8res men\u00e9es dans la nuit de lundi \u00e0 mardi contre des villages de la commune de Seytenga, dans le nor ...","breadcrumb":{"@id":"https:\/\/www.africa-press.net\/burkina-faso\/politique\/burkina-faso-un-raid-terroriste-dans-le-nord-du-pays-fait-dix-huit-morts#breadcrumb"},"inLanguage":"fr-FR","potentialAction":[{"@type":"ReadAction","target":["https:\/\/www.africa-press.net\/burkina-faso\/politique\/burkina-faso-un-raid-terroriste-dans-le-nord-du-pays-fait-dix-huit-morts"]}]},{"@type":"ImageObject","inLanguage":"fr-FR","@id":"https:\/\/www.africa-press.net\/burkina-faso\/politique\/burkina-faso-un-raid-terroriste-dans-le-nord-du-pays-fait-dix-huit-morts#primaryimage","url":"https:\/\/static.africa-press.net\/burkina\/sites\/42\/2021\/04\/img-608a877af2b0a.jpg","contentUrl":"https:\/\/static.africa-press.net\/burkina\/sites\/42\/2021\/04\/img-608a877af2b0a.jpg","width":1440,"height":720,"caption":"Burkina Faso\u00a0: un raid terroriste dans le nord du pays fait dix-huit\u00a0morts"},{"@type":"BreadcrumbList","@id":"https:\/\/www.africa-press.net\/burkina-faso\/politique\/burkina-faso-un-raid-terroriste-dans-le-nord-du-pays-fait-dix-huit-morts#breadcrumb","itemListElement":[{"@type":"ListItem","position":1,"name":"Accueil","item":"https:\/\/www.africa-press.net\/burkina-faso\/"},{"@type":"ListItem","position":2,"name":"un raid terroriste dans le nord du pays fait dix-huit\u00a0morts"}]},{"@type":"WebSite","@id":"https:\/\/www.africa-press.net\/burkina-faso\/#website","url":"https:\/\/www.africa-press.net\/burkina-faso\/","name":"Burkina Faso","description":"Just another Africa News Agency Sites site","potentialAction":[{"@type":"SearchAction","target":{"@type":"EntryPoint","urlTemplate":"https:\/\/www.africa-press.net\/burkina-faso\/?s={search_term_string}"},"query-input":{"@type":"PropertyValueSpecification","valueRequired":true,"valueName":"search_term_string"}}],"inLanguage":"fr-FR"},{"@type":"Person","@id":"https:\/\/www.africa-press.net\/burkina-faso\/#\/schema\/person\/2b1cf3cd81a31e3cd26889ca66d677f1","name":"cfeditorfr"}]}},"_links":{"self":[{"href":"https:\/\/www.africa-press.net\/burkina-faso\/wp-json\/wp\/v2\/posts\/10741","targetHints":{"allow":["GET"]}}],"collection":[{"href":"https:\/\/www.africa-press.net\/burkina-faso\/wp-json\/wp\/v2\/posts"}],"about":[{"href":"https:\/\/www.africa-press.net\/burkina-faso\/wp-json\/wp\/v2\/types\/post"}],"author":[{"embeddable":true,"href":"https:\/\/www.africa-press.net\/burkina-faso\/wp-json\/wp\/v2\/users\/82"}],"replies":[{"embeddable":true,"href":"https:\/\/www.africa-press.net\/burkina-faso\/wp-json\/wp\/v2\/comments?post=10741"}],"version-history":[{"count":0,"href":"https:\/\/www.africa-press.net\/burkina-faso\/wp-json\/wp\/v2\/posts\/10741\/revisions"}],"wp:featuredmedia":[{"embeddable":true,"href":"https:\/\/www.africa-press.net\/burkina-faso\/wp-json\/wp\/v2\/media\/10740"}],"wp:attachment":[{"href":"https:\/\/www.africa-press.net\/burkina-faso\/wp-json\/wp\/v2\/media?parent=10741"}],"wp:term":[{"taxonomy":"category","embeddable":true,"href":"https:\/\/www.africa-press.net\/burkina-faso\/wp-json\/wp\/v2\/categories?post=10741"},{"taxonomy":"post_tag","embeddable":true,"href":"https:\/\/www.africa-press.net\/burkina-faso\/wp-json\/wp\/v2\/tags?post=10741"}],"curies":[{"name":"wp","href":"https:\/\/api.w.org\/{rel}","templated":true}]}}