{"id":10744,"date":"2021-04-29T10:40:32","date_gmt":"2021-04-29T10:40:32","guid":{"rendered":"https:\/\/www.africa-press.net\/burkina-faso\/?p=10744"},"modified":"2021-04-29T12:07:09","modified_gmt":"2021-04-29T12:07:09","slug":"attaque-au-burkina-les-trois-europeens-disparus-ont-ete-executes","status":"publish","type":"post","link":"https:\/\/www.africa-press.net\/burkina-faso\/politique\/attaque-au-burkina-les-trois-europeens-disparus-ont-ete-executes","title":{"rendered":"Attaque au Burkina\u00a0: les trois Europ\u00e9ens disparus ont \u00e9t\u00e9 \u00ab\u00a0ex\u00e9cut\u00e9s\u00a0\u00bb"},"content":{"rendered":"<p><span style=\"color: #ff6600\"><strong><a href=\"https:\/\/www.africa-press.net\/\">Africa-Press<\/a> &#8211; <a href=\"https:\/\/www.africa-press.net\/burkina-faso\">Burkina Faso<\/a>. <\/strong><\/span>Les trois Europ\u00e9ens disparus apr\u00e8s une attaque lundi dans l&rsquo;est du Burkina Faso \u2013 deux Espagnols et un Irlandais \u2013 \u00ab ont \u00e9t\u00e9 ex\u00e9cut\u00e9s par les terroristes \u00bb, a annonc\u00e9 mardi \u00e0 l&rsquo;Agence France Presse un haut responsable des services de s\u00e9curit\u00e9 burkinab\u00e9s. \u00ab C&rsquo;est tr\u00e8s regrettable, mais les trois Occidentaux ont \u00e9t\u00e9 ex\u00e9cut\u00e9s par les terroristes \u00bb, a d\u00e9clar\u00e9 ce responsable. \u00ab Les personnes sur des images diffus\u00e9es par les groupes arm\u00e9s ont \u00e9t\u00e9 identifi\u00e9es comme \u00e9tant les trois Occidentaux qui \u00e9taient port\u00e9s disparus depuis hier \u00bb mardi, a-t-il ajout\u00e9.<\/p>\n<p><b>\u00c0 la suite de l&rsquo;attaque d&rsquo;une patrouille anti-braconnage<\/b><\/p>\n<p>L&rsquo;Espagne avait confirm\u00e9 mardi la disparition de deux de ses ressortissants apr\u00e8s l&rsquo;attaque lundi dans la journ\u00e9e d&rsquo;une patrouille anti-braconnage compos\u00e9e de militaires et de gardes forestiers burkinab\u00e9s, accompagn\u00e9e de formateurs et journalistes occidentaux, sur l&rsquo;axe Fada N&rsquo;Gourma-Pama, dans l&rsquo;est du Burkina Faso. \u00ab Deux citoyens espagnols qui se trouvaient au Burkina Faso sont port\u00e9s disparus \u00bb, ont indiqu\u00e9 \u00e0 l&rsquo;Agence France Presse des sources au sein du minist\u00e8re des Affaires \u00e9trang\u00e8res.<\/p>\n<p>\u00ab La pire des nouvelles a \u00e9t\u00e9 confirm\u00e9e. Toute notre affection pour les familles et les proches de David Beriain et Roberto Fraile, assassin\u00e9s au Burkina Faso \u00bb, a \u00e9crit le Premier ministre espagnol Pedro Sanchez sur Twitter en exprimant sa \u00ab reconnaissance \u00e0 ceux qui, comme eux, pratiquent au quotidien un journalisme courageux et essentiel depuis les zones de conflit \u00bb. Les autorit\u00e9s espagnoles \u00ab sont en contact permanent avec les autorit\u00e9s du Burkina Faso (\u2026) afin de localiser ces deux Espagnols \u00bb et \u00ab informent r\u00e9guli\u00e8rement les familles \u00bb des deux disparus, avaient-elles ajout\u00e9. Selon des sources locales et s\u00e9curitaires, un Irlandais et un Burkinab\u00e9 avaient aussi disparu apr\u00e8s cette attaque qui avait \u00e9galement fait trois bless\u00e9s.<\/p>\n<p>David Beriain et Roberto Fraile \u00e9taient deux reporteurs aguerris, travaillant r\u00e9guli\u00e8rement sur des terrains difficiles. N\u00e9 en 1977 selon les m\u00e9dias espagnols, David Beriain avait cofond\u00e9 et codirigeait 93metros, soci\u00e9t\u00e9 produisant notamment des documentaires. Il travaillait r\u00e9guli\u00e8rement avec Roberto Fraile, journaliste reporter d&rsquo;images (JRI) \u00e2g\u00e9 de 47 ans selon les m\u00e9dias.<\/p>\n<p>\u00ab Ils r\u00e9alisaient actuellement un documentaire sur le braconnage \u00bb, a indiqu\u00e9 \u00e0 la t\u00e9l\u00e9vision publique espagnole TVE Adriano Moran, codirecteur et cofondateur avec David Beriain de 93Metros. \u00ab Ils \u00e9taient depuis peu de temps au Burkina Faso (\u2026), ils savaient tous les deux que c&rsquo;\u00e9tait un terrain difficile et qu&rsquo;il y avait une possibilit\u00e9 que ce genre de choses arrive. Et le pire est arriv\u00e9. \u00bb<\/p>\n<p>\u00c0 Dublin, le minist\u00e8re des Affaires \u00e9trang\u00e8res a simplement indiqu\u00e9 \u00eatre \u00ab en contact avec la famille du ressortissant irlandais et fournir tout le soutien consulaire possible \u00bb, mais s&rsquo;est refus\u00e9 \u00e0\u00ab commenter des d\u00e9tails particuliers de l&rsquo;affaire \u00e0 l&rsquo;heure actuelle \u00bb.<\/p>\n<p><b>Prise d&rsquo;otages \u00e9trangers<\/b><\/p>\n<p>Plusieurs prises d&rsquo;otage d&rsquo;\u00e9trangers ont eu lieu ces derni\u00e8res ann\u00e9es au Burkina Faso, confront\u00e9 depuis 2015 \u00e0 des attaques djihadistes de plus en plus fr\u00e9quentes. Un couple d&rsquo;Australiens avait \u00e9t\u00e9 enlev\u00e9 \u00e0 Djibo, \u00e0 la fronti\u00e8re avec le Mali et le Niger, dans la nuit du 15 au 16 janvier 2016 lors d&rsquo;une action apparemment coordonn\u00e9e avec des attentats \u00e0 Ouagadougou. Cette nuit-l\u00e0, des djihadistes avaient ouvert le feu dans les caf\u00e9s, restaurants et h\u00f4tels de l&rsquo;avenue Kwame-Nkrumah, haut lieu de la vie nocturne ouagalaise, faisant 30 morts et 71 bless\u00e9s.<\/p>\n<p>La femme, Jocelyn Elliot, avait \u00e9t\u00e9 remise par ses ravisseurs aux autorit\u00e9s nig\u00e9riennes environ un mois apr\u00e8s son enl\u00e8vement. Elle \u00e9tait ensuite rentr\u00e9e au Burkina avant de regagner l&rsquo;Australie. L&rsquo;homme est toujours port\u00e9 disparu. En d\u00e9cembre 2018, un couple italo-canadien avait disparu sur la route entre Bobo-Dioulasso et Ouagadougou. Il avait \u00e9t\u00e9 lib\u00e9r\u00e9 au Mali voisin, apr\u00e8s plus d&rsquo;un an de captivit\u00e9. Quelques mois auparavant, en septembre 2018, ce sont un Indien et un Sud-Africain qui avaient \u00e9t\u00e9 enlev\u00e9s sur le site d&rsquo;une mine d&rsquo;or \u00e0 Inata, dans le nord-ouest du Burkina, puis lib\u00e9r\u00e9s.<\/p>\n<p><b>De plus en plus d&rsquo;exactions au Burkina depuis 2015<\/b><\/p>\n<p>Le Burkina Faso, frontalier du Mali et du Niger en proie aux attaques djihadistes, en est \u00e9galement la victime r\u00e9guli\u00e8re depuis 2015. D&rsquo;abord concentr\u00e9es dans le nord du pays, limitrophe du Mali, les exactions attribu\u00e9es \u00e0 des groupes djihadistes, dont le Groupe de soutien \u00e0 l&rsquo;islam et aux musulmans (GSIM) affili\u00e9 \u00e0 Al-Qa\u00efda et l&rsquo;\u00c9tat islamique au grand Sahara (EIGS), ont ensuite vis\u00e9 la capitale et d&rsquo;autres r\u00e9gions, notamment l&rsquo;est et le nord-ouest. Depuis 2015, les actions violentes des djihadistes ont fait plus de 1 200 morts et plus d&rsquo;un million de d\u00e9plac\u00e9s, fuyant les zones de violences.<\/p>\n","protected":false},"excerpt":{"rendered":"<p>Africa-Press &#8211; Burkina Faso. Les trois Europ\u00e9ens disparus apr\u00e8s une attaque lundi dans l&rsquo;est du Burkina Faso \u2013 deux Espagnols et un Irlandais \u2013 \u00ab ont \u00e9t\u00e9 ex\u00e9cut\u00e9s par les terroristes \u00bb, a annonc\u00e9 mardi \u00e0 l&rsquo;Agence France Presse un haut responsable des services de s\u00e9curit\u00e9 burkinab\u00e9s. \u00ab C&rsquo;est tr\u00e8s regrettable, mais les trois Occidentaux [&hellip;]<\/p>\n","protected":false},"author":82,"featured_media":10743,"comment_status":"open","ping_status":"closed","sticky":false,"template":"","format":"standard","meta":{"footnotes":""},"categories":[11,2,10],"tags":[111,725,149,29,738],"class_list":["post-10744","post","type-post","status-publish","format-standard","has-post-thumbnail","hentry","category-homepage-french","category-politique","category-toutes-les-actualites","tag-africa-press","tag-africa-press-burkina-faso","tag-afrique","tag-burkina-faso","tag-internationales"],"yoast_head":"<!-- This site is optimized with the Yoast SEO Premium plugin v26.1 (Yoast SEO v27.0) - https:\/\/yoast.com\/product\/yoast-seo-premium-wordpress\/ -->\n<title>Attaque au Burkina\u00a0: les trois Europ\u00e9ens disparus ont \u00e9t\u00e9 \u00ab\u00a0ex\u00e9cut\u00e9s\u00a0\u00bb - Burkina Faso<\/title>\n<meta name=\"description\" content=\"Les trois Europ\u00e9ens disparus apr\u00e8s une attaque lundi dans l&#039;est du Burkina Faso \u2013 deux Espagnols et un Irlandais \u2013 \u00ab ont ...\" \/>\n<meta name=\"robots\" content=\"index, follow, max-snippet:-1, max-image-preview:large, max-video-preview:-1\" \/>\n<link rel=\"canonical\" href=\"https:\/\/www.africa-press.net\/burkina-faso\/politique\/attaque-au-burkina-les-trois-europeens-disparus-ont-ete-executes\" \/>\n<meta property=\"og:locale\" content=\"fr_FR\" \/>\n<meta property=\"og:type\" content=\"article\" \/>\n<meta property=\"og:title\" content=\"Attaque au Burkina\u00a0: les trois Europ\u00e9ens disparus ont \u00e9t\u00e9 \u00ab\u00a0ex\u00e9cut\u00e9s\u00a0\u00bb\" \/>\n<meta property=\"og:description\" content=\"Les trois Europ\u00e9ens disparus apr\u00e8s une attaque lundi dans l&#039;est du Burkina Faso \u2013 deux Espagnols et un Irlandais \u2013 \u00ab ont ...\" \/>\n<meta property=\"og:url\" content=\"https:\/\/www.africa-press.net\/burkina-faso\/politique\/attaque-au-burkina-les-trois-europeens-disparus-ont-ete-executes\" \/>\n<meta property=\"og:site_name\" content=\"Burkina Faso\" \/>\n<meta property=\"article:published_time\" content=\"2021-04-29T10:40:32+00:00\" \/>\n<meta property=\"article:modified_time\" content=\"2021-04-29T12:07:09+00:00\" \/>\n<meta property=\"og:image\" content=\"https:\/\/static.africa-press.net\/burkina\/sites\/42\/2021\/04\/img-608a87aa37bd3.jpg\" \/>\n\t<meta property=\"og:image:width\" content=\"720\" \/>\n\t<meta property=\"og:image:height\" content=\"376\" \/>\n\t<meta property=\"og:image:type\" content=\"image\/jpeg\" \/>\n<meta name=\"author\" content=\"cfeditorfr\" \/>\n<meta name=\"twitter:card\" content=\"summary_large_image\" \/>\n<meta name=\"twitter:label1\" content=\"\u00c9crit par\" \/>\n\t<meta name=\"twitter:data1\" content=\"cfeditorfr\" \/>\n\t<meta name=\"twitter:label2\" content=\"Dur\u00e9e de lecture estim\u00e9e\" \/>\n\t<meta name=\"twitter:data2\" content=\"4 minutes\" \/>\n<script type=\"application\/ld+json\" class=\"yoast-schema-graph\">{\"@context\":\"https:\/\/schema.org\",\"@graph\":[{\"@type\":\"Article\",\"@id\":\"https:\/\/www.africa-press.net\/burkina-faso\/politique\/attaque-au-burkina-les-trois-europeens-disparus-ont-ete-executes#article\",\"isPartOf\":{\"@id\":\"https:\/\/www.africa-press.net\/burkina-faso\/politique\/attaque-au-burkina-les-trois-europeens-disparus-ont-ete-executes\"},\"author\":{\"name\":\"cfeditorfr\",\"@id\":\"https:\/\/www.africa-press.net\/burkina-faso\/#\/schema\/person\/2b1cf3cd81a31e3cd26889ca66d677f1\"},\"headline\":\"Attaque au Burkina\u00a0: les trois Europ\u00e9ens disparus ont \u00e9t\u00e9 \u00ab\u00a0ex\u00e9cut\u00e9s\u00a0\u00bb\",\"datePublished\":\"2021-04-29T10:40:32+00:00\",\"dateModified\":\"2021-04-29T12:07:09+00:00\",\"mainEntityOfPage\":{\"@id\":\"https:\/\/www.africa-press.net\/burkina-faso\/politique\/attaque-au-burkina-les-trois-europeens-disparus-ont-ete-executes\"},\"wordCount\":811,\"commentCount\":0,\"image\":{\"@id\":\"https:\/\/www.africa-press.net\/burkina-faso\/politique\/attaque-au-burkina-les-trois-europeens-disparus-ont-ete-executes#primaryimage\"},\"thumbnailUrl\":\"https:\/\/static.africa-press.net\/burkina\/sites\/42\/2021\/04\/img-608a87aa37bd3.jpg\",\"keywords\":[\"Africa Press\",\"Africa Press-Burkina Faso\",\"Afrique\",\"Burkina Faso\",\"Internationales\"],\"articleSection\":[\"homepage-french\",\"Politique\",\"Toutes les actualit\u00e9s\"],\"inLanguage\":\"fr-FR\",\"potentialAction\":[{\"@type\":\"CommentAction\",\"name\":\"Comment\",\"target\":[\"https:\/\/www.africa-press.net\/burkina-faso\/politique\/attaque-au-burkina-les-trois-europeens-disparus-ont-ete-executes#respond\"]}]},{\"@type\":\"WebPage\",\"@id\":\"https:\/\/www.africa-press.net\/burkina-faso\/politique\/attaque-au-burkina-les-trois-europeens-disparus-ont-ete-executes\",\"url\":\"https:\/\/www.africa-press.net\/burkina-faso\/politique\/attaque-au-burkina-les-trois-europeens-disparus-ont-ete-executes\",\"name\":\"Attaque au Burkina\u00a0: les trois Europ\u00e9ens disparus ont \u00e9t\u00e9 \u00ab\u00a0ex\u00e9cut\u00e9s\u00a0\u00bb - Burkina Faso\",\"isPartOf\":{\"@id\":\"https:\/\/www.africa-press.net\/burkina-faso\/#website\"},\"primaryImageOfPage\":{\"@id\":\"https:\/\/www.africa-press.net\/burkina-faso\/politique\/attaque-au-burkina-les-trois-europeens-disparus-ont-ete-executes#primaryimage\"},\"image\":{\"@id\":\"https:\/\/www.africa-press.net\/burkina-faso\/politique\/attaque-au-burkina-les-trois-europeens-disparus-ont-ete-executes#primaryimage\"},\"thumbnailUrl\":\"https:\/\/static.africa-press.net\/burkina\/sites\/42\/2021\/04\/img-608a87aa37bd3.jpg\",\"datePublished\":\"2021-04-29T10:40:32+00:00\",\"dateModified\":\"2021-04-29T12:07:09+00:00\",\"author\":{\"@id\":\"https:\/\/www.africa-press.net\/burkina-faso\/#\/schema\/person\/2b1cf3cd81a31e3cd26889ca66d677f1\"},\"description\":\"Les trois Europ\u00e9ens disparus apr\u00e8s une attaque lundi dans l'est du Burkina Faso \u2013 deux Espagnols et un Irlandais \u2013 \u00ab ont ...\",\"breadcrumb\":{\"@id\":\"https:\/\/www.africa-press.net\/burkina-faso\/politique\/attaque-au-burkina-les-trois-europeens-disparus-ont-ete-executes#breadcrumb\"},\"inLanguage\":\"fr-FR\",\"potentialAction\":[{\"@type\":\"ReadAction\",\"target\":[\"https:\/\/www.africa-press.net\/burkina-faso\/politique\/attaque-au-burkina-les-trois-europeens-disparus-ont-ete-executes\"]}]},{\"@type\":\"ImageObject\",\"inLanguage\":\"fr-FR\",\"@id\":\"https:\/\/www.africa-press.net\/burkina-faso\/politique\/attaque-au-burkina-les-trois-europeens-disparus-ont-ete-executes#primaryimage\",\"url\":\"https:\/\/static.africa-press.net\/burkina\/sites\/42\/2021\/04\/img-608a87aa37bd3.jpg\",\"contentUrl\":\"https:\/\/static.africa-press.net\/burkina\/sites\/42\/2021\/04\/img-608a87aa37bd3.jpg\",\"width\":720,\"height\":376,\"caption\":\"Attaque au Burkina\u00a0: les trois Europ\u00e9ens disparus ont \u00e9t\u00e9 \u00ab\u00a0ex\u00e9cut\u00e9s\u00a0\u00bb\"},{\"@type\":\"BreadcrumbList\",\"@id\":\"https:\/\/www.africa-press.net\/burkina-faso\/politique\/attaque-au-burkina-les-trois-europeens-disparus-ont-ete-executes#breadcrumb\",\"itemListElement\":[{\"@type\":\"ListItem\",\"position\":1,\"name\":\"Accueil\",\"item\":\"https:\/\/www.africa-press.net\/burkina-faso\/\"},{\"@type\":\"ListItem\",\"position\":2,\"name\":\"Attaque au Burkina\u00a0: les trois Europ\u00e9ens disparus ont \u00e9t\u00e9 \u00ab\u00a0ex\u00e9cut\u00e9s\u00a0\u00bb\"}]},{\"@type\":\"WebSite\",\"@id\":\"https:\/\/www.africa-press.net\/burkina-faso\/#website\",\"url\":\"https:\/\/www.africa-press.net\/burkina-faso\/\",\"name\":\"Burkina Faso\",\"description\":\"Just another Africa News Agency Sites site\",\"potentialAction\":[{\"@type\":\"SearchAction\",\"target\":{\"@type\":\"EntryPoint\",\"urlTemplate\":\"https:\/\/www.africa-press.net\/burkina-faso\/?s={search_term_string}\"},\"query-input\":{\"@type\":\"PropertyValueSpecification\",\"valueRequired\":true,\"valueName\":\"search_term_string\"}}],\"inLanguage\":\"fr-FR\"},{\"@type\":\"Person\",\"@id\":\"https:\/\/www.africa-press.net\/burkina-faso\/#\/schema\/person\/2b1cf3cd81a31e3cd26889ca66d677f1\",\"name\":\"cfeditorfr\"}]}<\/script>\n<!-- \/ Yoast SEO Premium plugin. -->","yoast_head_json":{"title":"Attaque au Burkina\u00a0: les trois Europ\u00e9ens disparus ont \u00e9t\u00e9 \u00ab\u00a0ex\u00e9cut\u00e9s\u00a0\u00bb - Burkina Faso","description":"Les trois Europ\u00e9ens disparus apr\u00e8s une attaque lundi dans l'est du Burkina Faso \u2013 deux Espagnols et un Irlandais \u2013 \u00ab ont ...","robots":{"index":"index","follow":"follow","max-snippet":"max-snippet:-1","max-image-preview":"max-image-preview:large","max-video-preview":"max-video-preview:-1"},"canonical":"https:\/\/www.africa-press.net\/burkina-faso\/politique\/attaque-au-burkina-les-trois-europeens-disparus-ont-ete-executes","og_locale":"fr_FR","og_type":"article","og_title":"Attaque au Burkina\u00a0: les trois Europ\u00e9ens disparus ont \u00e9t\u00e9 \u00ab\u00a0ex\u00e9cut\u00e9s\u00a0\u00bb","og_description":"Les trois Europ\u00e9ens disparus apr\u00e8s une attaque lundi dans l'est du Burkina Faso \u2013 deux Espagnols et un Irlandais \u2013 \u00ab ont ...","og_url":"https:\/\/www.africa-press.net\/burkina-faso\/politique\/attaque-au-burkina-les-trois-europeens-disparus-ont-ete-executes","og_site_name":"Burkina Faso","article_published_time":"2021-04-29T10:40:32+00:00","article_modified_time":"2021-04-29T12:07:09+00:00","og_image":[{"width":720,"height":376,"url":"https:\/\/static.africa-press.net\/burkina\/sites\/42\/2021\/04\/img-608a87aa37bd3.jpg","type":"image\/jpeg"}],"author":"cfeditorfr","twitter_card":"summary_large_image","twitter_misc":{"\u00c9crit par":"cfeditorfr","Dur\u00e9e de lecture estim\u00e9e":"4 minutes"},"schema":{"@context":"https:\/\/schema.org","@graph":[{"@type":"Article","@id":"https:\/\/www.africa-press.net\/burkina-faso\/politique\/attaque-au-burkina-les-trois-europeens-disparus-ont-ete-executes#article","isPartOf":{"@id":"https:\/\/www.africa-press.net\/burkina-faso\/politique\/attaque-au-burkina-les-trois-europeens-disparus-ont-ete-executes"},"author":{"name":"cfeditorfr","@id":"https:\/\/www.africa-press.net\/burkina-faso\/#\/schema\/person\/2b1cf3cd81a31e3cd26889ca66d677f1"},"headline":"Attaque au Burkina\u00a0: les trois Europ\u00e9ens disparus ont \u00e9t\u00e9 \u00ab\u00a0ex\u00e9cut\u00e9s\u00a0\u00bb","datePublished":"2021-04-29T10:40:32+00:00","dateModified":"2021-04-29T12:07:09+00:00","mainEntityOfPage":{"@id":"https:\/\/www.africa-press.net\/burkina-faso\/politique\/attaque-au-burkina-les-trois-europeens-disparus-ont-ete-executes"},"wordCount":811,"commentCount":0,"image":{"@id":"https:\/\/www.africa-press.net\/burkina-faso\/politique\/attaque-au-burkina-les-trois-europeens-disparus-ont-ete-executes#primaryimage"},"thumbnailUrl":"https:\/\/static.africa-press.net\/burkina\/sites\/42\/2021\/04\/img-608a87aa37bd3.jpg","keywords":["Africa Press","Africa Press-Burkina Faso","Afrique","Burkina Faso","Internationales"],"articleSection":["homepage-french","Politique","Toutes les actualit\u00e9s"],"inLanguage":"fr-FR","potentialAction":[{"@type":"CommentAction","name":"Comment","target":["https:\/\/www.africa-press.net\/burkina-faso\/politique\/attaque-au-burkina-les-trois-europeens-disparus-ont-ete-executes#respond"]}]},{"@type":"WebPage","@id":"https:\/\/www.africa-press.net\/burkina-faso\/politique\/attaque-au-burkina-les-trois-europeens-disparus-ont-ete-executes","url":"https:\/\/www.africa-press.net\/burkina-faso\/politique\/attaque-au-burkina-les-trois-europeens-disparus-ont-ete-executes","name":"Attaque au Burkina\u00a0: les trois Europ\u00e9ens disparus ont \u00e9t\u00e9 \u00ab\u00a0ex\u00e9cut\u00e9s\u00a0\u00bb - Burkina Faso","isPartOf":{"@id":"https:\/\/www.africa-press.net\/burkina-faso\/#website"},"primaryImageOfPage":{"@id":"https:\/\/www.africa-press.net\/burkina-faso\/politique\/attaque-au-burkina-les-trois-europeens-disparus-ont-ete-executes#primaryimage"},"image":{"@id":"https:\/\/www.africa-press.net\/burkina-faso\/politique\/attaque-au-burkina-les-trois-europeens-disparus-ont-ete-executes#primaryimage"},"thumbnailUrl":"https:\/\/static.africa-press.net\/burkina\/sites\/42\/2021\/04\/img-608a87aa37bd3.jpg","datePublished":"2021-04-29T10:40:32+00:00","dateModified":"2021-04-29T12:07:09+00:00","author":{"@id":"https:\/\/www.africa-press.net\/burkina-faso\/#\/schema\/person\/2b1cf3cd81a31e3cd26889ca66d677f1"},"description":"Les trois Europ\u00e9ens disparus apr\u00e8s une attaque lundi dans l'est du Burkina Faso \u2013 deux Espagnols et un Irlandais \u2013 \u00ab ont ...","breadcrumb":{"@id":"https:\/\/www.africa-press.net\/burkina-faso\/politique\/attaque-au-burkina-les-trois-europeens-disparus-ont-ete-executes#breadcrumb"},"inLanguage":"fr-FR","potentialAction":[{"@type":"ReadAction","target":["https:\/\/www.africa-press.net\/burkina-faso\/politique\/attaque-au-burkina-les-trois-europeens-disparus-ont-ete-executes"]}]},{"@type":"ImageObject","inLanguage":"fr-FR","@id":"https:\/\/www.africa-press.net\/burkina-faso\/politique\/attaque-au-burkina-les-trois-europeens-disparus-ont-ete-executes#primaryimage","url":"https:\/\/static.africa-press.net\/burkina\/sites\/42\/2021\/04\/img-608a87aa37bd3.jpg","contentUrl":"https:\/\/static.africa-press.net\/burkina\/sites\/42\/2021\/04\/img-608a87aa37bd3.jpg","width":720,"height":376,"caption":"Attaque au Burkina\u00a0: les trois Europ\u00e9ens disparus ont \u00e9t\u00e9 \u00ab\u00a0ex\u00e9cut\u00e9s\u00a0\u00bb"},{"@type":"BreadcrumbList","@id":"https:\/\/www.africa-press.net\/burkina-faso\/politique\/attaque-au-burkina-les-trois-europeens-disparus-ont-ete-executes#breadcrumb","itemListElement":[{"@type":"ListItem","position":1,"name":"Accueil","item":"https:\/\/www.africa-press.net\/burkina-faso\/"},{"@type":"ListItem","position":2,"name":"Attaque au Burkina\u00a0: les trois Europ\u00e9ens disparus ont \u00e9t\u00e9 \u00ab\u00a0ex\u00e9cut\u00e9s\u00a0\u00bb"}]},{"@type":"WebSite","@id":"https:\/\/www.africa-press.net\/burkina-faso\/#website","url":"https:\/\/www.africa-press.net\/burkina-faso\/","name":"Burkina Faso","description":"Just another Africa News Agency Sites site","potentialAction":[{"@type":"SearchAction","target":{"@type":"EntryPoint","urlTemplate":"https:\/\/www.africa-press.net\/burkina-faso\/?s={search_term_string}"},"query-input":{"@type":"PropertyValueSpecification","valueRequired":true,"valueName":"search_term_string"}}],"inLanguage":"fr-FR"},{"@type":"Person","@id":"https:\/\/www.africa-press.net\/burkina-faso\/#\/schema\/person\/2b1cf3cd81a31e3cd26889ca66d677f1","name":"cfeditorfr"}]}},"_links":{"self":[{"href":"https:\/\/www.africa-press.net\/burkina-faso\/wp-json\/wp\/v2\/posts\/10744","targetHints":{"allow":["GET"]}}],"collection":[{"href":"https:\/\/www.africa-press.net\/burkina-faso\/wp-json\/wp\/v2\/posts"}],"about":[{"href":"https:\/\/www.africa-press.net\/burkina-faso\/wp-json\/wp\/v2\/types\/post"}],"author":[{"embeddable":true,"href":"https:\/\/www.africa-press.net\/burkina-faso\/wp-json\/wp\/v2\/users\/82"}],"replies":[{"embeddable":true,"href":"https:\/\/www.africa-press.net\/burkina-faso\/wp-json\/wp\/v2\/comments?post=10744"}],"version-history":[{"count":0,"href":"https:\/\/www.africa-press.net\/burkina-faso\/wp-json\/wp\/v2\/posts\/10744\/revisions"}],"wp:featuredmedia":[{"embeddable":true,"href":"https:\/\/www.africa-press.net\/burkina-faso\/wp-json\/wp\/v2\/media\/10743"}],"wp:attachment":[{"href":"https:\/\/www.africa-press.net\/burkina-faso\/wp-json\/wp\/v2\/media?parent=10744"}],"wp:term":[{"taxonomy":"category","embeddable":true,"href":"https:\/\/www.africa-press.net\/burkina-faso\/wp-json\/wp\/v2\/categories?post=10744"},{"taxonomy":"post_tag","embeddable":true,"href":"https:\/\/www.africa-press.net\/burkina-faso\/wp-json\/wp\/v2\/tags?post=10744"}],"curies":[{"name":"wp","href":"https:\/\/api.w.org\/{rel}","templated":true}]}}