{"id":10747,"date":"2021-04-29T10:48:23","date_gmt":"2021-04-29T10:48:23","guid":{"rendered":"https:\/\/www.africa-press.net\/burkina-faso\/?p=10747"},"modified":"2021-04-29T12:07:22","modified_gmt":"2021-04-29T12:07:22","slug":"numerisation-du-systeme-educatif-orange-burkina-offre-du-materiel-a-lecole-primaire-publique-balkuy-c","status":"publish","type":"post","link":"https:\/\/www.africa-press.net\/burkina-faso\/toutes-les-actualites\/numerisation-du-systeme-educatif-orange-burkina-offre-du-materiel-a-lecole-primaire-publique-balkuy-c","title":{"rendered":"Num\u00e9risation du syst\u00e8me \u00e9ducatif\u00a0: Orange Burkina offre du mat\u00e9riel \u00e0 l\u2019\u00e9cole primaire publique Balkuy C"},"content":{"rendered":"<p><span style=\"color: #ff6600\"><strong><a href=\"https:\/\/www.africa-press.net\/\">Africa-Press<\/a> &#8211; <a href=\"https:\/\/www.africa-press.net\/burkina-faso\">Burkina Faso<\/a>. <\/strong><\/span>Dans le cadre de la mise en \u0153uvre de son projet d\u2019\u00e9coles num\u00e9riques, la compagnie de t\u00e9l\u00e9phonie mobile Orange Burkina a proc\u00e9d\u00e9 au lancement d\u2019une \u00e9cole num\u00e9rique \u00e0 l\u2019\u00e9cole primaire publique de Balkuy C ce vendredi 23 avril 2021. Au total, c\u2019est 50 tablettes, un mini serveur, un projecteur et d\u2019autres \u00e9quipements qui ont \u00e9t\u00e9 remis. L\u2019objectif des premiers responsables de la compagnie est d\u2019offrir des \u00ab moyens sains pour \u00e9duquer les enfants \u00bb en ces temps de Covid-19 et de crise s\u00e9curitaire.<\/p>\n<p>R\u00e9volutionner le syst\u00e8me d\u2019enseignement, c\u2019est l\u2019objectif de Orange Burkina en partenariat avec le minist\u00e8re en charge de l\u2019\u00e9ducation nationale. Et pour y arriver la compagnie de t\u00e9l\u00e9phonie mobile a initi\u00e9 un projet d\u2019\u00e9coles num\u00e9riques. D\u00e9j\u00e0 pr\u00e9sent dans 16 pays \u00e0 travers l\u2019Afrique, le projet touche environ 1 000 \u00e9coles, soit plus 500 000 \u00e9l\u00e8ves. Selon, les premiers responsables de la soci\u00e9t\u00e9, Orange Burkina \u00e0 l\u2019instar des autres filiales de la soci\u00e9t\u00e9, m\u00e8ne une politique qui consiste \u00e0 investir une partie des b\u00e9n\u00e9fices dans les pays o\u00f9 elles sont implant\u00e9es.<\/p>\n<p>Arriv\u00e9e en 2017, la fondation Orange a contribu\u00e9 \u00e0 relever bon nombre de d\u00e9fis dans des domaines prioritaires comme l\u2019\u00e9ducation, la culture et la sant\u00e9. Pour le compte du Burkina Faso, ce sont 55 \u00e9coles primaires qui vont b\u00e9n\u00e9ficier des retomb\u00e9es du projet des \u00e9coles num\u00e9riques.<\/p>\n<p>Mais pour l\u2019instant, elles sont 28 \u00e9coles \u00e0 avoir d\u00e9j\u00e0 eu acc\u00e8s au projet. Pour le directeur g\u00e9n\u00e9ral de Orange Burkina, Mamadou Coulibaly, ce projet est une solution en ces temps de Covid-19 et d\u2019ins\u00e9curit\u00e9. \u00ab La num\u00e9risation peut aider dans plusieurs domaines dans nos vies et en particulier dans le domaine de l\u2019\u00e9ducation. C\u2019est un levier incontournable \u00bb, a-t-il dit.<\/p>\n<p>Une situation qui a trouv\u00e9 sa preuve lors de l\u2019av\u00e8nement de la pand\u00e9mie du Covid-19. Selon Mamadou Coulibaly, avec la digitalisation, \u00ab on a tous les m\u00eame chances \u00bb. Pour lui, tout doit continuer m\u00eame dans les moments les plus durs. Prenant l\u2019exemple de la p\u00e9riode de fermeture des \u00e9coles en 2020, Mamadou Coulibaly a expliqu\u00e9 que la digitalisation aurait pu permettre de maintenir les \u00e9l\u00e8ves dans le syst\u00e8me \u00e9ducatif m\u00eame \u00e9tant \u00e0 la maison. Cette solution des \u00e9coles num\u00e9riques est \u00e9galement une porte ouverte pour former les enfants dans des domaines techniques et technologiques car selon le patron de Orange Burkina, \u00ab on forme les employ\u00e9s de demain pour nos industries \u00bb.<\/p>\n<p>Pour sa part, le ministre de l\u2019\u00e9ducation nationale, le Pr Stanislas Ouaro, a soulign\u00e9 que la soci\u00e9t\u00e9 Orange Burkina intervient dans plusieurs domaines au Burkina. A titre illustratif, il faut noter qu\u2019elle a financ\u00e9 la construction de deux lyc\u00e9es scientifiques \u00e0 Bobo-Dioulasso et \u00e0 Tenkodogo.<\/p>\n<p>La mise en \u0153uvre de ce projet co\u00efncide aussi avec la vision des premi\u00e8res autorit\u00e9s du pays, selon les dires du ministre. \u00ab A travers le d\u00e9veloppement du num\u00e9rique, \u00e7a permet aux \u00e9l\u00e8ves de b\u00e9n\u00e9ficier d\u2019un apprentissage \u00e0 domicile. C\u2019est bon pour nous de d\u00e9velopper ce genre de syst\u00e8me \u00bb, a laiss\u00e9 entendre le Pr Stanislas Ouaro.<\/p>\n<p>En plus donc d\u2019offrir cette possibilit\u00e9 d\u2019apprendre \u00e0 la maison, le d\u00e9veloppement du num\u00e9rique permet, selon ses propos, d\u2019am\u00e9liorer les apprentissages dans les salles de classes. Avec plus de 85 000 enseignants, le ministre estime que ces moyens num\u00e9riques permettraient aussi de renforcer les capacit\u00e9s des enseignants.<\/p>\n<p>Pour le Pr Stanislas Ouaro, il n\u2019est pas question d\u2019\u00e9changer les livres contre des tablettes. \u00ab On ne tue pas le livre du tout. On tient compte des aspects juridiques li\u00e9s au livre pour que le livre num\u00e9rique puisse contribuer \u00e0 c\u00f4t\u00e9 du livre physique au d\u00e9veloppement de notre syst\u00e8me \u00e9ducatif \u00bb, a-t-il martel\u00e9.<\/p>\n<p>Les kits remis contiennent des contenus p\u00e9dagogiques tels que les livres, des modules et d\u2019autres contenus b\u00e9n\u00e9fiques pour l\u2019\u00e9ducation des enfants. Il faut noter aussi qu\u2019ils ne n\u00e9cessitent pas une connexion Internet.<\/p>\n<p>Les donn\u00e9es sont t\u00e9l\u00e9charg\u00e9es sur les tablettes directement. Le co\u00fbt global de ce projet au Burkina s\u2019\u00e9l\u00e8ve \u00e0 plus de 125 millions de francs CFA. Le directeur g\u00e9n\u00e9ral de Orange explique que la soci\u00e9t\u00e9 entend \u00ab aller plus loin \u00bb.<\/p>\n<p><b>\u00a0<\/b><\/p>\n","protected":false},"excerpt":{"rendered":"<p>Africa-Press &#8211; Burkina Faso. Dans le cadre de la mise en \u0153uvre de son projet d\u2019\u00e9coles num\u00e9riques, la compagnie de t\u00e9l\u00e9phonie mobile Orange Burkina a proc\u00e9d\u00e9 au lancement d\u2019une \u00e9cole num\u00e9rique \u00e0 l\u2019\u00e9cole primaire publique de Balkuy C ce vendredi 23 avril 2021. Au total, c\u2019est 50 tablettes, un mini serveur, un projecteur et d\u2019autres [&hellip;]<\/p>\n","protected":false},"author":82,"featured_media":10746,"comment_status":"open","ping_status":"closed","sticky":false,"template":"","format":"standard","meta":{"footnotes":""},"categories":[21,11,10],"tags":[111,725,29],"class_list":["post-10747","post","type-post","status-publish","format-standard","has-post-thumbnail","hentry","category-communaute","category-homepage-french","category-toutes-les-actualites","tag-africa-press","tag-africa-press-burkina-faso","tag-burkina-faso"],"yoast_head":"<!-- This site is optimized with the Yoast SEO Premium plugin v26.1 (Yoast SEO v27.0) - https:\/\/yoast.com\/product\/yoast-seo-premium-wordpress\/ -->\n<title>Num\u00e9risation du syst\u00e8me \u00e9ducatif\u00a0: Orange Burkina offre du mat\u00e9riel \u00e0 l\u2019\u00e9cole primaire publique Balkuy C - Burkina Faso<\/title>\n<meta name=\"description\" content=\"Dans le cadre de la mise en \u0153uvre de son projet d\u2019\u00e9coles num\u00e9riques, la compagnie de t\u00e9l\u00e9phonie mobile Orange Burkina a ...\" \/>\n<meta name=\"robots\" content=\"index, follow, max-snippet:-1, max-image-preview:large, max-video-preview:-1\" \/>\n<link rel=\"canonical\" href=\"https:\/\/www.africa-press.net\/burkina-faso\/toutes-les-actualites\/numerisation-du-systeme-educatif-orange-burkina-offre-du-materiel-a-lecole-primaire-publique-balkuy-c\" \/>\n<meta property=\"og:locale\" content=\"fr_FR\" \/>\n<meta property=\"og:type\" content=\"article\" \/>\n<meta property=\"og:title\" content=\"Num\u00e9risation du syst\u00e8me \u00e9ducatif\u00a0: Orange Burkina offre du mat\u00e9riel \u00e0 l\u2019\u00e9cole primaire publique Balkuy C\" \/>\n<meta property=\"og:description\" content=\"Dans le cadre de la mise en \u0153uvre de son projet d\u2019\u00e9coles num\u00e9riques, la compagnie de t\u00e9l\u00e9phonie mobile Orange Burkina a ...\" \/>\n<meta property=\"og:url\" content=\"https:\/\/www.africa-press.net\/burkina-faso\/toutes-les-actualites\/numerisation-du-systeme-educatif-orange-burkina-offre-du-materiel-a-lecole-primaire-publique-balkuy-c\" \/>\n<meta property=\"og:site_name\" content=\"Burkina Faso\" \/>\n<meta property=\"article:published_time\" content=\"2021-04-29T10:48:23+00:00\" \/>\n<meta property=\"article:modified_time\" content=\"2021-04-29T12:07:22+00:00\" \/>\n<meta property=\"og:image\" content=\"https:\/\/static.africa-press.net\/burkina\/sites\/42\/2021\/04\/img-608a87d94e015.jpg\" \/>\n\t<meta property=\"og:image:width\" content=\"750\" \/>\n\t<meta property=\"og:image:height\" content=\"428\" \/>\n\t<meta property=\"og:image:type\" content=\"image\/jpeg\" \/>\n<meta name=\"author\" content=\"cfeditorfr\" \/>\n<meta name=\"twitter:card\" content=\"summary_large_image\" \/>\n<meta name=\"twitter:label1\" content=\"\u00c9crit par\" \/>\n\t<meta name=\"twitter:data1\" content=\"cfeditorfr\" \/>\n\t<meta name=\"twitter:label2\" content=\"Dur\u00e9e de lecture estim\u00e9e\" \/>\n\t<meta name=\"twitter:data2\" content=\"3 minutes\" \/>\n<script type=\"application\/ld+json\" class=\"yoast-schema-graph\">{\"@context\":\"https:\/\/schema.org\",\"@graph\":[{\"@type\":\"Article\",\"@id\":\"https:\/\/www.africa-press.net\/burkina-faso\/toutes-les-actualites\/numerisation-du-systeme-educatif-orange-burkina-offre-du-materiel-a-lecole-primaire-publique-balkuy-c#article\",\"isPartOf\":{\"@id\":\"https:\/\/www.africa-press.net\/burkina-faso\/toutes-les-actualites\/numerisation-du-systeme-educatif-orange-burkina-offre-du-materiel-a-lecole-primaire-publique-balkuy-c\"},\"author\":{\"name\":\"cfeditorfr\",\"@id\":\"https:\/\/www.africa-press.net\/burkina-faso\/#\/schema\/person\/2b1cf3cd81a31e3cd26889ca66d677f1\"},\"headline\":\"Num\u00e9risation du syst\u00e8me \u00e9ducatif\u00a0: Orange Burkina offre du mat\u00e9riel \u00e0 l\u2019\u00e9cole primaire publique Balkuy C\",\"datePublished\":\"2021-04-29T10:48:23+00:00\",\"dateModified\":\"2021-04-29T12:07:22+00:00\",\"mainEntityOfPage\":{\"@id\":\"https:\/\/www.africa-press.net\/burkina-faso\/toutes-les-actualites\/numerisation-du-systeme-educatif-orange-burkina-offre-du-materiel-a-lecole-primaire-publique-balkuy-c\"},\"wordCount\":759,\"commentCount\":0,\"image\":{\"@id\":\"https:\/\/www.africa-press.net\/burkina-faso\/toutes-les-actualites\/numerisation-du-systeme-educatif-orange-burkina-offre-du-materiel-a-lecole-primaire-publique-balkuy-c#primaryimage\"},\"thumbnailUrl\":\"https:\/\/static.africa-press.net\/burkina\/sites\/42\/2021\/04\/img-608a87d94e015.jpg\",\"keywords\":[\"Africa Press\",\"Africa Press-Burkina Faso\",\"Burkina Faso\"],\"articleSection\":[\"Communaut\u00e9\",\"homepage-french\",\"Toutes les actualit\u00e9s\"],\"inLanguage\":\"fr-FR\",\"potentialAction\":[{\"@type\":\"CommentAction\",\"name\":\"Comment\",\"target\":[\"https:\/\/www.africa-press.net\/burkina-faso\/toutes-les-actualites\/numerisation-du-systeme-educatif-orange-burkina-offre-du-materiel-a-lecole-primaire-publique-balkuy-c#respond\"]}]},{\"@type\":\"WebPage\",\"@id\":\"https:\/\/www.africa-press.net\/burkina-faso\/toutes-les-actualites\/numerisation-du-systeme-educatif-orange-burkina-offre-du-materiel-a-lecole-primaire-publique-balkuy-c\",\"url\":\"https:\/\/www.africa-press.net\/burkina-faso\/toutes-les-actualites\/numerisation-du-systeme-educatif-orange-burkina-offre-du-materiel-a-lecole-primaire-publique-balkuy-c\",\"name\":\"Num\u00e9risation du syst\u00e8me \u00e9ducatif\u00a0: Orange Burkina offre du mat\u00e9riel \u00e0 l\u2019\u00e9cole primaire publique Balkuy C - Burkina Faso\",\"isPartOf\":{\"@id\":\"https:\/\/www.africa-press.net\/burkina-faso\/#website\"},\"primaryImageOfPage\":{\"@id\":\"https:\/\/www.africa-press.net\/burkina-faso\/toutes-les-actualites\/numerisation-du-systeme-educatif-orange-burkina-offre-du-materiel-a-lecole-primaire-publique-balkuy-c#primaryimage\"},\"image\":{\"@id\":\"https:\/\/www.africa-press.net\/burkina-faso\/toutes-les-actualites\/numerisation-du-systeme-educatif-orange-burkina-offre-du-materiel-a-lecole-primaire-publique-balkuy-c#primaryimage\"},\"thumbnailUrl\":\"https:\/\/static.africa-press.net\/burkina\/sites\/42\/2021\/04\/img-608a87d94e015.jpg\",\"datePublished\":\"2021-04-29T10:48:23+00:00\",\"dateModified\":\"2021-04-29T12:07:22+00:00\",\"author\":{\"@id\":\"https:\/\/www.africa-press.net\/burkina-faso\/#\/schema\/person\/2b1cf3cd81a31e3cd26889ca66d677f1\"},\"description\":\"Dans le cadre de la mise en \u0153uvre de son projet d\u2019\u00e9coles num\u00e9riques, la compagnie de t\u00e9l\u00e9phonie mobile Orange Burkina a ...\",\"breadcrumb\":{\"@id\":\"https:\/\/www.africa-press.net\/burkina-faso\/toutes-les-actualites\/numerisation-du-systeme-educatif-orange-burkina-offre-du-materiel-a-lecole-primaire-publique-balkuy-c#breadcrumb\"},\"inLanguage\":\"fr-FR\",\"potentialAction\":[{\"@type\":\"ReadAction\",\"target\":[\"https:\/\/www.africa-press.net\/burkina-faso\/toutes-les-actualites\/numerisation-du-systeme-educatif-orange-burkina-offre-du-materiel-a-lecole-primaire-publique-balkuy-c\"]}]},{\"@type\":\"ImageObject\",\"inLanguage\":\"fr-FR\",\"@id\":\"https:\/\/www.africa-press.net\/burkina-faso\/toutes-les-actualites\/numerisation-du-systeme-educatif-orange-burkina-offre-du-materiel-a-lecole-primaire-publique-balkuy-c#primaryimage\",\"url\":\"https:\/\/static.africa-press.net\/burkina\/sites\/42\/2021\/04\/img-608a87d94e015.jpg\",\"contentUrl\":\"https:\/\/static.africa-press.net\/burkina\/sites\/42\/2021\/04\/img-608a87d94e015.jpg\",\"width\":750,\"height\":428,\"caption\":\"Num\u00e9risation du syst\u00e8me \u00e9ducatif\u00a0: Orange Burkina offre du mat\u00e9riel \u00e0 l\u2019\u00e9cole primaire publique Balkuy C\"},{\"@type\":\"BreadcrumbList\",\"@id\":\"https:\/\/www.africa-press.net\/burkina-faso\/toutes-les-actualites\/numerisation-du-systeme-educatif-orange-burkina-offre-du-materiel-a-lecole-primaire-publique-balkuy-c#breadcrumb\",\"itemListElement\":[{\"@type\":\"ListItem\",\"position\":1,\"name\":\"Accueil\",\"item\":\"https:\/\/www.africa-press.net\/burkina-faso\/\"},{\"@type\":\"ListItem\",\"position\":2,\"name\":\"Num\u00e9risation du syst\u00e8me \u00e9ducatif\u00a0: Orange Burkina offre du mat\u00e9riel \u00e0 l\u2019\u00e9cole primaire publique Balkuy C\"}]},{\"@type\":\"WebSite\",\"@id\":\"https:\/\/www.africa-press.net\/burkina-faso\/#website\",\"url\":\"https:\/\/www.africa-press.net\/burkina-faso\/\",\"name\":\"Burkina Faso\",\"description\":\"Just another Africa News Agency Sites site\",\"potentialAction\":[{\"@type\":\"SearchAction\",\"target\":{\"@type\":\"EntryPoint\",\"urlTemplate\":\"https:\/\/www.africa-press.net\/burkina-faso\/?s={search_term_string}\"},\"query-input\":{\"@type\":\"PropertyValueSpecification\",\"valueRequired\":true,\"valueName\":\"search_term_string\"}}],\"inLanguage\":\"fr-FR\"},{\"@type\":\"Person\",\"@id\":\"https:\/\/www.africa-press.net\/burkina-faso\/#\/schema\/person\/2b1cf3cd81a31e3cd26889ca66d677f1\",\"name\":\"cfeditorfr\"}]}<\/script>\n<!-- \/ Yoast SEO Premium plugin. -->","yoast_head_json":{"title":"Num\u00e9risation du syst\u00e8me \u00e9ducatif\u00a0: Orange Burkina offre du mat\u00e9riel \u00e0 l\u2019\u00e9cole primaire publique Balkuy C - Burkina Faso","description":"Dans le cadre de la mise en \u0153uvre de son projet d\u2019\u00e9coles num\u00e9riques, la compagnie de t\u00e9l\u00e9phonie mobile Orange Burkina a ...","robots":{"index":"index","follow":"follow","max-snippet":"max-snippet:-1","max-image-preview":"max-image-preview:large","max-video-preview":"max-video-preview:-1"},"canonical":"https:\/\/www.africa-press.net\/burkina-faso\/toutes-les-actualites\/numerisation-du-systeme-educatif-orange-burkina-offre-du-materiel-a-lecole-primaire-publique-balkuy-c","og_locale":"fr_FR","og_type":"article","og_title":"Num\u00e9risation du syst\u00e8me \u00e9ducatif\u00a0: Orange Burkina offre du mat\u00e9riel \u00e0 l\u2019\u00e9cole primaire publique Balkuy C","og_description":"Dans le cadre de la mise en \u0153uvre de son projet d\u2019\u00e9coles num\u00e9riques, la compagnie de t\u00e9l\u00e9phonie mobile Orange Burkina a ...","og_url":"https:\/\/www.africa-press.net\/burkina-faso\/toutes-les-actualites\/numerisation-du-systeme-educatif-orange-burkina-offre-du-materiel-a-lecole-primaire-publique-balkuy-c","og_site_name":"Burkina Faso","article_published_time":"2021-04-29T10:48:23+00:00","article_modified_time":"2021-04-29T12:07:22+00:00","og_image":[{"width":750,"height":428,"url":"https:\/\/static.africa-press.net\/burkina\/sites\/42\/2021\/04\/img-608a87d94e015.jpg","type":"image\/jpeg"}],"author":"cfeditorfr","twitter_card":"summary_large_image","twitter_misc":{"\u00c9crit par":"cfeditorfr","Dur\u00e9e de lecture estim\u00e9e":"3 minutes"},"schema":{"@context":"https:\/\/schema.org","@graph":[{"@type":"Article","@id":"https:\/\/www.africa-press.net\/burkina-faso\/toutes-les-actualites\/numerisation-du-systeme-educatif-orange-burkina-offre-du-materiel-a-lecole-primaire-publique-balkuy-c#article","isPartOf":{"@id":"https:\/\/www.africa-press.net\/burkina-faso\/toutes-les-actualites\/numerisation-du-systeme-educatif-orange-burkina-offre-du-materiel-a-lecole-primaire-publique-balkuy-c"},"author":{"name":"cfeditorfr","@id":"https:\/\/www.africa-press.net\/burkina-faso\/#\/schema\/person\/2b1cf3cd81a31e3cd26889ca66d677f1"},"headline":"Num\u00e9risation du syst\u00e8me \u00e9ducatif\u00a0: Orange Burkina offre du mat\u00e9riel \u00e0 l\u2019\u00e9cole primaire publique Balkuy C","datePublished":"2021-04-29T10:48:23+00:00","dateModified":"2021-04-29T12:07:22+00:00","mainEntityOfPage":{"@id":"https:\/\/www.africa-press.net\/burkina-faso\/toutes-les-actualites\/numerisation-du-systeme-educatif-orange-burkina-offre-du-materiel-a-lecole-primaire-publique-balkuy-c"},"wordCount":759,"commentCount":0,"image":{"@id":"https:\/\/www.africa-press.net\/burkina-faso\/toutes-les-actualites\/numerisation-du-systeme-educatif-orange-burkina-offre-du-materiel-a-lecole-primaire-publique-balkuy-c#primaryimage"},"thumbnailUrl":"https:\/\/static.africa-press.net\/burkina\/sites\/42\/2021\/04\/img-608a87d94e015.jpg","keywords":["Africa Press","Africa Press-Burkina Faso","Burkina Faso"],"articleSection":["Communaut\u00e9","homepage-french","Toutes les actualit\u00e9s"],"inLanguage":"fr-FR","potentialAction":[{"@type":"CommentAction","name":"Comment","target":["https:\/\/www.africa-press.net\/burkina-faso\/toutes-les-actualites\/numerisation-du-systeme-educatif-orange-burkina-offre-du-materiel-a-lecole-primaire-publique-balkuy-c#respond"]}]},{"@type":"WebPage","@id":"https:\/\/www.africa-press.net\/burkina-faso\/toutes-les-actualites\/numerisation-du-systeme-educatif-orange-burkina-offre-du-materiel-a-lecole-primaire-publique-balkuy-c","url":"https:\/\/www.africa-press.net\/burkina-faso\/toutes-les-actualites\/numerisation-du-systeme-educatif-orange-burkina-offre-du-materiel-a-lecole-primaire-publique-balkuy-c","name":"Num\u00e9risation du syst\u00e8me \u00e9ducatif\u00a0: Orange Burkina offre du mat\u00e9riel \u00e0 l\u2019\u00e9cole primaire publique Balkuy C - Burkina Faso","isPartOf":{"@id":"https:\/\/www.africa-press.net\/burkina-faso\/#website"},"primaryImageOfPage":{"@id":"https:\/\/www.africa-press.net\/burkina-faso\/toutes-les-actualites\/numerisation-du-systeme-educatif-orange-burkina-offre-du-materiel-a-lecole-primaire-publique-balkuy-c#primaryimage"},"image":{"@id":"https:\/\/www.africa-press.net\/burkina-faso\/toutes-les-actualites\/numerisation-du-systeme-educatif-orange-burkina-offre-du-materiel-a-lecole-primaire-publique-balkuy-c#primaryimage"},"thumbnailUrl":"https:\/\/static.africa-press.net\/burkina\/sites\/42\/2021\/04\/img-608a87d94e015.jpg","datePublished":"2021-04-29T10:48:23+00:00","dateModified":"2021-04-29T12:07:22+00:00","author":{"@id":"https:\/\/www.africa-press.net\/burkina-faso\/#\/schema\/person\/2b1cf3cd81a31e3cd26889ca66d677f1"},"description":"Dans le cadre de la mise en \u0153uvre de son projet d\u2019\u00e9coles num\u00e9riques, la compagnie de t\u00e9l\u00e9phonie mobile Orange Burkina a ...","breadcrumb":{"@id":"https:\/\/www.africa-press.net\/burkina-faso\/toutes-les-actualites\/numerisation-du-systeme-educatif-orange-burkina-offre-du-materiel-a-lecole-primaire-publique-balkuy-c#breadcrumb"},"inLanguage":"fr-FR","potentialAction":[{"@type":"ReadAction","target":["https:\/\/www.africa-press.net\/burkina-faso\/toutes-les-actualites\/numerisation-du-systeme-educatif-orange-burkina-offre-du-materiel-a-lecole-primaire-publique-balkuy-c"]}]},{"@type":"ImageObject","inLanguage":"fr-FR","@id":"https:\/\/www.africa-press.net\/burkina-faso\/toutes-les-actualites\/numerisation-du-systeme-educatif-orange-burkina-offre-du-materiel-a-lecole-primaire-publique-balkuy-c#primaryimage","url":"https:\/\/static.africa-press.net\/burkina\/sites\/42\/2021\/04\/img-608a87d94e015.jpg","contentUrl":"https:\/\/static.africa-press.net\/burkina\/sites\/42\/2021\/04\/img-608a87d94e015.jpg","width":750,"height":428,"caption":"Num\u00e9risation du syst\u00e8me \u00e9ducatif\u00a0: Orange Burkina offre du mat\u00e9riel \u00e0 l\u2019\u00e9cole primaire publique Balkuy C"},{"@type":"BreadcrumbList","@id":"https:\/\/www.africa-press.net\/burkina-faso\/toutes-les-actualites\/numerisation-du-systeme-educatif-orange-burkina-offre-du-materiel-a-lecole-primaire-publique-balkuy-c#breadcrumb","itemListElement":[{"@type":"ListItem","position":1,"name":"Accueil","item":"https:\/\/www.africa-press.net\/burkina-faso\/"},{"@type":"ListItem","position":2,"name":"Num\u00e9risation du syst\u00e8me \u00e9ducatif\u00a0: Orange Burkina offre du mat\u00e9riel \u00e0 l\u2019\u00e9cole primaire publique Balkuy C"}]},{"@type":"WebSite","@id":"https:\/\/www.africa-press.net\/burkina-faso\/#website","url":"https:\/\/www.africa-press.net\/burkina-faso\/","name":"Burkina Faso","description":"Just another Africa News Agency Sites site","potentialAction":[{"@type":"SearchAction","target":{"@type":"EntryPoint","urlTemplate":"https:\/\/www.africa-press.net\/burkina-faso\/?s={search_term_string}"},"query-input":{"@type":"PropertyValueSpecification","valueRequired":true,"valueName":"search_term_string"}}],"inLanguage":"fr-FR"},{"@type":"Person","@id":"https:\/\/www.africa-press.net\/burkina-faso\/#\/schema\/person\/2b1cf3cd81a31e3cd26889ca66d677f1","name":"cfeditorfr"}]}},"_links":{"self":[{"href":"https:\/\/www.africa-press.net\/burkina-faso\/wp-json\/wp\/v2\/posts\/10747","targetHints":{"allow":["GET"]}}],"collection":[{"href":"https:\/\/www.africa-press.net\/burkina-faso\/wp-json\/wp\/v2\/posts"}],"about":[{"href":"https:\/\/www.africa-press.net\/burkina-faso\/wp-json\/wp\/v2\/types\/post"}],"author":[{"embeddable":true,"href":"https:\/\/www.africa-press.net\/burkina-faso\/wp-json\/wp\/v2\/users\/82"}],"replies":[{"embeddable":true,"href":"https:\/\/www.africa-press.net\/burkina-faso\/wp-json\/wp\/v2\/comments?post=10747"}],"version-history":[{"count":0,"href":"https:\/\/www.africa-press.net\/burkina-faso\/wp-json\/wp\/v2\/posts\/10747\/revisions"}],"wp:featuredmedia":[{"embeddable":true,"href":"https:\/\/www.africa-press.net\/burkina-faso\/wp-json\/wp\/v2\/media\/10746"}],"wp:attachment":[{"href":"https:\/\/www.africa-press.net\/burkina-faso\/wp-json\/wp\/v2\/media?parent=10747"}],"wp:term":[{"taxonomy":"category","embeddable":true,"href":"https:\/\/www.africa-press.net\/burkina-faso\/wp-json\/wp\/v2\/categories?post=10747"},{"taxonomy":"post_tag","embeddable":true,"href":"https:\/\/www.africa-press.net\/burkina-faso\/wp-json\/wp\/v2\/tags?post=10747"}],"curies":[{"name":"wp","href":"https:\/\/api.w.org\/{rel}","templated":true}]}}