{"id":10759,"date":"2021-04-29T11:19:14","date_gmt":"2021-04-29T11:19:14","guid":{"rendered":"https:\/\/www.africa-press.net\/burkina-faso\/?p=10759"},"modified":"2021-04-29T12:08:03","modified_gmt":"2021-04-29T12:08:03","slug":"releve-bimestriel-des-factures-deau-le-gouvernement-adopte-une-nouvelle-formule","status":"publish","type":"post","link":"https:\/\/www.africa-press.net\/burkina-faso\/economie\/releve-bimestriel-des-factures-deau-le-gouvernement-adopte-une-nouvelle-formule","title":{"rendered":"Relev\u00e9 bimestriel des factures d\u2019eau  : le gouvernement adopte une nouvelle formule"},"content":{"rendered":"<p><span style=\"color: #ff6600\"><strong><a href=\"https:\/\/www.africa-press.net\/\">Africa-Press<\/a> &#8211; <a href=\"https:\/\/www.africa-press.net\/burkina-faso\">Burkina Faso<\/a>. <\/strong><\/span><b>L\u2019hebdomadaire Conseil des ministres s\u2019est tenu, le mercredi 28 avril 2021 \u00e0 Kosyam, sous l\u2019\u00e9gide du chef de l\u2019Etat, Roch Marc Christian Kabor\u00e9. Les pr\u00e9paratifs du 11-D\u00e9cembre 2021 \u00e0 Ziniar\u00e9 et les difficult\u00e9s li\u00e9es aux syst\u00e8mes de facturation de l\u2019ONEA sont, entre autres, des sujets abord\u00e9s.<\/b><\/p>\n<p>Le gouvernement se pr\u00e9pare pour la r\u00e9ussite du 11-D\u00e9cembre 2021 \u00e0 Ziniar\u00e9. L\u2019hebdomadaire Conseil des ministres du mercredi 28 avril 2021 \u00e0 Kosyam s\u2019est pench\u00e9 sur la question. A l\u2019issue de la rencontre, le ministre de la Communication et des Relations avec le Parlement, Porte-parole du gouvernement, Ouss\u00e9ni Tamboura, a annonc\u00e9 que l\u2019ex\u00e9cutif sera au rendez-vous de cet \u00e9v\u00e8nement majeur de notre pays. \u00abLes dossiers d\u2019appel d\u2019offre sont dans les d\u00e9lais et sont au niveau du d\u00e9pouillement. Pour ce qui est de la salle polyvalente et la place de la Nation, les dossiers d\u2019appels d\u2019offre sont dans le timing \u00bb, a-t-il indiqu\u00e9. Concernant la cit\u00e9 des forces vives, le porte-parole du gouvernement a relev\u00e9 qu\u2019un rapport a \u00e9t\u00e9 fait au Conseil des ministres et une r\u00e9union est pr\u00e9vue, le 6 mai pour booster ce volet.<\/p>\n<p>Le conseil a aussi abord\u00e9 les difficult\u00e9s rencontr\u00e9es par l\u2019Office national de l\u2019eau<br \/>\net de l\u2019assainissement (ONEA). De l\u2019avis du ministre de l\u2019Eau et de l\u2019Assainissement, Ousmane Nacro, les probl\u00e8mes majeurs de la nationale de l\u2019eau se r\u00e9sument au syst\u00e8me de facturation et d\u2019approvisionnement en eau potable des r\u00e9gions, en g\u00e9n\u00e9ral et de la ville de Ouagadougou, en particulier. Apr\u00e8s les diff\u00e9rentes plaintes des consommateurs et les constats faits, a soutenu le ministre Nacro, il a \u00e9t\u00e9 tenu \u00e0 Koudougou, les 14 et 15 mars 2021, un atelier qui a r\u00e9uni les cadres de l\u2019ONEA, les anciens directeurs g\u00e9n\u00e9raux, la ligue des consommateurs et bien d\u2019autres acteurs \u00e0 l\u2019effet de trouver des solutions. De son avis, l\u2019atelier a sugg\u00e9r\u00e9 que l\u2019actuel syst\u00e8me soit abandonn\u00e9 au profit d\u2019un nouveau syst\u00e8me. \u00ab La nouvelle formule consistera \u00e0 rester dans le bimestriel, en cumulant la consommation des deux mois divis\u00e9e par deux. La 1re moiti\u00e9 pour \u00eatre pay\u00e9e au premier mois tout en maintenant la tranche sociale qui est de 8 m\u00e8tres cube et garder la consommation r\u00e9elle. La seconde moiti\u00e9 pour le second mois et dans les m\u00eames conditions. La diff\u00e9rence avec celle que nous avons d\u00e9cid\u00e9 d\u2019abandonner est simple.<\/p>\n<p>Ce syst\u00e8me est bas\u00e9 sur du r\u00e9el pendant que l\u2019autre \u00e9tait bas\u00e9 sur des estimations pour le 2e mois\u00bb, a-t-il d\u00e9velopp\u00e9. Concernant le dysfonctionnement du syst\u00e8me de distribution d\u2019eau dans plusieurs quartiers de la capitale, le ministre Nacro a d\u00e9plor\u00e9 la situation. \u00ab Cela est d\u00fb au fait que la conduite principale qui alimente certains quartiers comme Nagrin, Patte d\u2019oie, Bonheur ville est tomb\u00e9e en panne. Cette conduite a \u00e9t\u00e9 r\u00e9par\u00e9e mais malheureusement des probl\u00e8mes d\u2019\u00e9nergie se sont, par la suite, greff\u00e9es \u00e0 partir de nos deux stations de Ziga et de Loumbila \u00bb, a regrett\u00e9 Ousmane Nacro. A l\u2019\u00e9couter, la Nationale d\u2019\u00e9lectricit\u00e9 n\u2019arrivait plus \u00e0 fournir l\u2019\u00e9nergie n\u00e9cessaire pour leur fonctionnement. Toutefois, a-t-il signifi\u00e9, le Premier ministre a donn\u00e9 des instructions fermes en vue de trouver des solutions, promettant une am\u00e9lioration dans les prochains jours.<\/p>\n<p><b>Un plan de soutien aux populations vuln\u00e9rables<\/b><\/p>\n<p>Outre ces questions, le conseil des ministres s\u2019est int\u00e9ress\u00e9 \u00e0 d\u2019autres sujets. Les ministres ont ainsi adopt\u00e9 un d\u00e9cret pour l\u2019ouverture d\u2019un consulat g\u00e9n\u00e9ral \u00e0 Malabo en Guin\u00e9e Equatoriale o\u00f9 vivent 15 000 ressortissants burkinab\u00e8. L\u2019ex\u00e9cutif burkinab\u00e8 a \u00e9galement adopt\u00e9 deux d\u00e9crets relatifs au Sch\u00e9ma directeur de la statistique (SDS) pour la p\u00e9riode 2021-2025. \u00ab 4e du genre, ce SDS vise la mise en \u0153uvre nationale du d\u00e9veloppement de la statistique afin de fournir aux institutions des informations statistiques r\u00e9guli\u00e8res et actualis\u00e9es.<\/p>\n<p>Ce nouveau sch\u00e9ma va poursuivre le 5e recensement g\u00e9n\u00e9ral de la population et de l\u2019habitation, le recensement g\u00e9n\u00e9ral de l\u2019agriculture, la r\u00e9alisation de la 5e enqu\u00eate d\u00e9mographique et de sant\u00e9 et la r\u00e9alisation de l\u2019enqu\u00eate sur la disponibilit\u00e9 et la capacit\u00e9 op\u00e9rationnelle des services de sant\u00e9 \u00bb, a expliqu\u00e9 le porte-voix de gouvernement. Un autre rapport relatif \u00e0 un projet de loi sur le Partenariat public priv\u00e9 (PPP) a \u00e9t\u00e9 adopt\u00e9. Il s\u2019agit d\u2019un instrument contractuel de r\u00e9alisation des projets et programmes de d\u00e9veloppement que le gouvernement compte organiser pour mieux d\u00e9ployer ses politiques publiques d\u2019investissement, foi de Ouss\u00e9ni Tamboura. Le conseil a adopt\u00e9 pour le compte du minist\u00e8re de la Sant\u00e9, un d\u00e9cret portant attribution, composition et fonctionnement du Conseil national de la sant\u00e9. Selon M. Tamboura, cette structure est l\u2019organe charg\u00e9 d\u2019\u00e9mettre un avis sur les dossiers m\u00e9dicaux \u00e9tablis dans le but d\u2019obtenir, entre autres, une \u00e9vacuation sanitaire hors du pays, les aspects li\u00e9s aux cong\u00e9s maladies de longue dur\u00e9e ou \u00e0 des retraites anticip\u00e9es pour causes de maladies. Deux d\u00e9crets portant prises de participation dans La Banque postale en cr\u00e9ation ont par ailleurs \u00e9t\u00e9 adopt\u00e9s.<\/p>\n<p>\u00ab La CNSS va participer \u00e0 la constitution du capital de cette banque \u00e0 hauteur de 1,050 milliard FCFA et la CARFO, de 1,2 milliard F CFA \u00bb, a signifi\u00e9 le ministre. Le conseil a, en outre, adopt\u00e9 un rapport relatif au plan de riposte et de soutien aux populations vuln\u00e9rables \u00e0 l\u2019ins\u00e9curit\u00e9 alimentaire et \u00e0 la malnutrition. L\u2019objectif de ce plan annuel est d\u2019apporter des r\u00e9ponses en ce qui concerne l\u2019assistance alimentaire des personnes vuln\u00e9rables aux personnes d\u00e9plac\u00e9es internes. \u00abLe co\u00fbt global du plan est de 126 milliards financ\u00e9 en partie par le budget de l\u2019Etat et par les partenaires techniques et financiers et les collectivit\u00e9s territoriales\u00bb, a confi\u00e9 Ouss\u00e9ni Tamboura.<\/p>\n<p><b>\u00a0<\/b><\/p>\n","protected":false},"excerpt":{"rendered":"<p>Africa-Press &#8211; Burkina Faso. L\u2019hebdomadaire Conseil des ministres s\u2019est tenu, le mercredi 28 avril 2021 \u00e0 Kosyam, sous l\u2019\u00e9gide du chef de l\u2019Etat, Roch Marc Christian Kabor\u00e9. Les pr\u00e9paratifs du 11-D\u00e9cembre 2021 \u00e0 Ziniar\u00e9 et les difficult\u00e9s li\u00e9es aux syst\u00e8mes de facturation de l\u2019ONEA sont, entre autres, des sujets abord\u00e9s. Le gouvernement se pr\u00e9pare pour [&hellip;]<\/p>\n","protected":false},"author":82,"featured_media":10758,"comment_status":"open","ping_status":"closed","sticky":false,"template":"","format":"standard","meta":{"footnotes":""},"categories":[3,11,10],"tags":[111,725,1873,29,1874,1875],"class_list":["post-10759","post","type-post","status-publish","format-standard","has-post-thumbnail","hentry","category-economie","category-homepage-french","category-toutes-les-actualites","tag-africa-press","tag-africa-press-burkina-faso","tag-bimestriels","tag-burkina-faso","tag-factures-deau","tag-releve"],"yoast_head":"<!-- This site is optimized with the Yoast SEO Premium plugin v26.1 (Yoast SEO v27.0) - https:\/\/yoast.com\/product\/yoast-seo-premium-wordpress\/ -->\n<title>Relev\u00e9 bimestriel des factures d\u2019eau : le gouvernement adopte une nouvelle formule - Burkina Faso<\/title>\n<meta name=\"description\" content=\"L\u2019hebdomadaire Conseil des ministres s\u2019est tenu, le mercredi 28 avril 2021 \u00e0 Kosyam, sous l\u2019\u00e9gide du chef de l\u2019Etat, ...\" \/>\n<meta name=\"robots\" content=\"index, follow, max-snippet:-1, max-image-preview:large, max-video-preview:-1\" \/>\n<link rel=\"canonical\" href=\"https:\/\/www.africa-press.net\/burkina-faso\/economie\/releve-bimestriel-des-factures-deau-le-gouvernement-adopte-une-nouvelle-formule\" \/>\n<meta property=\"og:locale\" content=\"fr_FR\" \/>\n<meta property=\"og:type\" content=\"article\" \/>\n<meta property=\"og:title\" content=\"Relev\u00e9 bimestriel des factures d\u2019eau : le gouvernement adopte une nouvelle formule\" \/>\n<meta property=\"og:description\" content=\"L\u2019hebdomadaire Conseil des ministres s\u2019est tenu, le mercredi 28 avril 2021 \u00e0 Kosyam, sous l\u2019\u00e9gide du chef de l\u2019Etat, ...\" \/>\n<meta property=\"og:url\" content=\"https:\/\/www.africa-press.net\/burkina-faso\/economie\/releve-bimestriel-des-factures-deau-le-gouvernement-adopte-une-nouvelle-formule\" \/>\n<meta property=\"og:site_name\" content=\"Burkina Faso\" \/>\n<meta property=\"article:published_time\" content=\"2021-04-29T11:19:14+00:00\" \/>\n<meta property=\"article:modified_time\" content=\"2021-04-29T12:08:03+00:00\" \/>\n<meta property=\"og:image\" content=\"https:\/\/static.africa-press.net\/burkina\/sites\/42\/2021\/04\/img-608a88bfd028c.jpg\" \/>\n\t<meta property=\"og:image:width\" content=\"720\" \/>\n\t<meta property=\"og:image:height\" content=\"540\" \/>\n\t<meta property=\"og:image:type\" content=\"image\/jpeg\" \/>\n<meta name=\"author\" content=\"cfeditorfr\" \/>\n<meta name=\"twitter:card\" content=\"summary_large_image\" \/>\n<meta name=\"twitter:label1\" content=\"\u00c9crit par\" \/>\n\t<meta name=\"twitter:data1\" content=\"cfeditorfr\" \/>\n\t<meta name=\"twitter:label2\" content=\"Dur\u00e9e de lecture estim\u00e9e\" \/>\n\t<meta name=\"twitter:data2\" content=\"4 minutes\" \/>\n<script type=\"application\/ld+json\" class=\"yoast-schema-graph\">{\"@context\":\"https:\/\/schema.org\",\"@graph\":[{\"@type\":\"Article\",\"@id\":\"https:\/\/www.africa-press.net\/burkina-faso\/economie\/releve-bimestriel-des-factures-deau-le-gouvernement-adopte-une-nouvelle-formule#article\",\"isPartOf\":{\"@id\":\"https:\/\/www.africa-press.net\/burkina-faso\/economie\/releve-bimestriel-des-factures-deau-le-gouvernement-adopte-une-nouvelle-formule\"},\"author\":{\"name\":\"cfeditorfr\",\"@id\":\"https:\/\/www.africa-press.net\/burkina-faso\/#\/schema\/person\/2b1cf3cd81a31e3cd26889ca66d677f1\"},\"headline\":\"Relev\u00e9 bimestriel des factures d\u2019eau : le gouvernement adopte une nouvelle formule\",\"datePublished\":\"2021-04-29T11:19:14+00:00\",\"dateModified\":\"2021-04-29T12:08:03+00:00\",\"mainEntityOfPage\":{\"@id\":\"https:\/\/www.africa-press.net\/burkina-faso\/economie\/releve-bimestriel-des-factures-deau-le-gouvernement-adopte-une-nouvelle-formule\"},\"wordCount\":1034,\"commentCount\":0,\"image\":{\"@id\":\"https:\/\/www.africa-press.net\/burkina-faso\/economie\/releve-bimestriel-des-factures-deau-le-gouvernement-adopte-une-nouvelle-formule#primaryimage\"},\"thumbnailUrl\":\"https:\/\/static.africa-press.net\/burkina\/sites\/42\/2021\/04\/img-608a88bfd028c.jpg\",\"keywords\":[\"Africa Press\",\"Africa Press-Burkina Faso\",\"bimestriels\",\"Burkina Faso\",\"factures d\u2019eau\",\"r\u00e9l\u00e8ve\"],\"articleSection\":[\"\u00c9conomie\",\"homepage-french\",\"Toutes les actualit\u00e9s\"],\"inLanguage\":\"fr-FR\",\"potentialAction\":[{\"@type\":\"CommentAction\",\"name\":\"Comment\",\"target\":[\"https:\/\/www.africa-press.net\/burkina-faso\/economie\/releve-bimestriel-des-factures-deau-le-gouvernement-adopte-une-nouvelle-formule#respond\"]}]},{\"@type\":\"WebPage\",\"@id\":\"https:\/\/www.africa-press.net\/burkina-faso\/economie\/releve-bimestriel-des-factures-deau-le-gouvernement-adopte-une-nouvelle-formule\",\"url\":\"https:\/\/www.africa-press.net\/burkina-faso\/economie\/releve-bimestriel-des-factures-deau-le-gouvernement-adopte-une-nouvelle-formule\",\"name\":\"Relev\u00e9 bimestriel des factures d\u2019eau : le gouvernement adopte une nouvelle formule - Burkina Faso\",\"isPartOf\":{\"@id\":\"https:\/\/www.africa-press.net\/burkina-faso\/#website\"},\"primaryImageOfPage\":{\"@id\":\"https:\/\/www.africa-press.net\/burkina-faso\/economie\/releve-bimestriel-des-factures-deau-le-gouvernement-adopte-une-nouvelle-formule#primaryimage\"},\"image\":{\"@id\":\"https:\/\/www.africa-press.net\/burkina-faso\/economie\/releve-bimestriel-des-factures-deau-le-gouvernement-adopte-une-nouvelle-formule#primaryimage\"},\"thumbnailUrl\":\"https:\/\/static.africa-press.net\/burkina\/sites\/42\/2021\/04\/img-608a88bfd028c.jpg\",\"datePublished\":\"2021-04-29T11:19:14+00:00\",\"dateModified\":\"2021-04-29T12:08:03+00:00\",\"author\":{\"@id\":\"https:\/\/www.africa-press.net\/burkina-faso\/#\/schema\/person\/2b1cf3cd81a31e3cd26889ca66d677f1\"},\"description\":\"L\u2019hebdomadaire Conseil des ministres s\u2019est tenu, le mercredi 28 avril 2021 \u00e0 Kosyam, sous l\u2019\u00e9gide du chef de l\u2019Etat, ...\",\"breadcrumb\":{\"@id\":\"https:\/\/www.africa-press.net\/burkina-faso\/economie\/releve-bimestriel-des-factures-deau-le-gouvernement-adopte-une-nouvelle-formule#breadcrumb\"},\"inLanguage\":\"fr-FR\",\"potentialAction\":[{\"@type\":\"ReadAction\",\"target\":[\"https:\/\/www.africa-press.net\/burkina-faso\/economie\/releve-bimestriel-des-factures-deau-le-gouvernement-adopte-une-nouvelle-formule\"]}]},{\"@type\":\"ImageObject\",\"inLanguage\":\"fr-FR\",\"@id\":\"https:\/\/www.africa-press.net\/burkina-faso\/economie\/releve-bimestriel-des-factures-deau-le-gouvernement-adopte-une-nouvelle-formule#primaryimage\",\"url\":\"https:\/\/static.africa-press.net\/burkina\/sites\/42\/2021\/04\/img-608a88bfd028c.jpg\",\"contentUrl\":\"https:\/\/static.africa-press.net\/burkina\/sites\/42\/2021\/04\/img-608a88bfd028c.jpg\",\"width\":720,\"height\":540,\"caption\":\"Relev\u00e9 bimestriel des factures d\u2019eau : le gouvernement adopte une nouvelle formule\"},{\"@type\":\"BreadcrumbList\",\"@id\":\"https:\/\/www.africa-press.net\/burkina-faso\/economie\/releve-bimestriel-des-factures-deau-le-gouvernement-adopte-une-nouvelle-formule#breadcrumb\",\"itemListElement\":[{\"@type\":\"ListItem\",\"position\":1,\"name\":\"Accueil\",\"item\":\"https:\/\/www.africa-press.net\/burkina-faso\/\"},{\"@type\":\"ListItem\",\"position\":2,\"name\":\"Relev\u00e9 bimestriel des factures d\u2019eau : le gouvernement adopte une nouvelle formule\"}]},{\"@type\":\"WebSite\",\"@id\":\"https:\/\/www.africa-press.net\/burkina-faso\/#website\",\"url\":\"https:\/\/www.africa-press.net\/burkina-faso\/\",\"name\":\"Burkina Faso\",\"description\":\"Just another Africa News Agency Sites site\",\"potentialAction\":[{\"@type\":\"SearchAction\",\"target\":{\"@type\":\"EntryPoint\",\"urlTemplate\":\"https:\/\/www.africa-press.net\/burkina-faso\/?s={search_term_string}\"},\"query-input\":{\"@type\":\"PropertyValueSpecification\",\"valueRequired\":true,\"valueName\":\"search_term_string\"}}],\"inLanguage\":\"fr-FR\"},{\"@type\":\"Person\",\"@id\":\"https:\/\/www.africa-press.net\/burkina-faso\/#\/schema\/person\/2b1cf3cd81a31e3cd26889ca66d677f1\",\"name\":\"cfeditorfr\"}]}<\/script>\n<!-- \/ Yoast SEO Premium plugin. -->","yoast_head_json":{"title":"Relev\u00e9 bimestriel des factures d\u2019eau : le gouvernement adopte une nouvelle formule - Burkina Faso","description":"L\u2019hebdomadaire Conseil des ministres s\u2019est tenu, le mercredi 28 avril 2021 \u00e0 Kosyam, sous l\u2019\u00e9gide du chef de l\u2019Etat, ...","robots":{"index":"index","follow":"follow","max-snippet":"max-snippet:-1","max-image-preview":"max-image-preview:large","max-video-preview":"max-video-preview:-1"},"canonical":"https:\/\/www.africa-press.net\/burkina-faso\/economie\/releve-bimestriel-des-factures-deau-le-gouvernement-adopte-une-nouvelle-formule","og_locale":"fr_FR","og_type":"article","og_title":"Relev\u00e9 bimestriel des factures d\u2019eau : le gouvernement adopte une nouvelle formule","og_description":"L\u2019hebdomadaire Conseil des ministres s\u2019est tenu, le mercredi 28 avril 2021 \u00e0 Kosyam, sous l\u2019\u00e9gide du chef de l\u2019Etat, ...","og_url":"https:\/\/www.africa-press.net\/burkina-faso\/economie\/releve-bimestriel-des-factures-deau-le-gouvernement-adopte-une-nouvelle-formule","og_site_name":"Burkina Faso","article_published_time":"2021-04-29T11:19:14+00:00","article_modified_time":"2021-04-29T12:08:03+00:00","og_image":[{"width":720,"height":540,"url":"https:\/\/static.africa-press.net\/burkina\/sites\/42\/2021\/04\/img-608a88bfd028c.jpg","type":"image\/jpeg"}],"author":"cfeditorfr","twitter_card":"summary_large_image","twitter_misc":{"\u00c9crit par":"cfeditorfr","Dur\u00e9e de lecture estim\u00e9e":"4 minutes"},"schema":{"@context":"https:\/\/schema.org","@graph":[{"@type":"Article","@id":"https:\/\/www.africa-press.net\/burkina-faso\/economie\/releve-bimestriel-des-factures-deau-le-gouvernement-adopte-une-nouvelle-formule#article","isPartOf":{"@id":"https:\/\/www.africa-press.net\/burkina-faso\/economie\/releve-bimestriel-des-factures-deau-le-gouvernement-adopte-une-nouvelle-formule"},"author":{"name":"cfeditorfr","@id":"https:\/\/www.africa-press.net\/burkina-faso\/#\/schema\/person\/2b1cf3cd81a31e3cd26889ca66d677f1"},"headline":"Relev\u00e9 bimestriel des factures d\u2019eau : le gouvernement adopte une nouvelle formule","datePublished":"2021-04-29T11:19:14+00:00","dateModified":"2021-04-29T12:08:03+00:00","mainEntityOfPage":{"@id":"https:\/\/www.africa-press.net\/burkina-faso\/economie\/releve-bimestriel-des-factures-deau-le-gouvernement-adopte-une-nouvelle-formule"},"wordCount":1034,"commentCount":0,"image":{"@id":"https:\/\/www.africa-press.net\/burkina-faso\/economie\/releve-bimestriel-des-factures-deau-le-gouvernement-adopte-une-nouvelle-formule#primaryimage"},"thumbnailUrl":"https:\/\/static.africa-press.net\/burkina\/sites\/42\/2021\/04\/img-608a88bfd028c.jpg","keywords":["Africa Press","Africa Press-Burkina Faso","bimestriels","Burkina Faso","factures d\u2019eau","r\u00e9l\u00e8ve"],"articleSection":["\u00c9conomie","homepage-french","Toutes les actualit\u00e9s"],"inLanguage":"fr-FR","potentialAction":[{"@type":"CommentAction","name":"Comment","target":["https:\/\/www.africa-press.net\/burkina-faso\/economie\/releve-bimestriel-des-factures-deau-le-gouvernement-adopte-une-nouvelle-formule#respond"]}]},{"@type":"WebPage","@id":"https:\/\/www.africa-press.net\/burkina-faso\/economie\/releve-bimestriel-des-factures-deau-le-gouvernement-adopte-une-nouvelle-formule","url":"https:\/\/www.africa-press.net\/burkina-faso\/economie\/releve-bimestriel-des-factures-deau-le-gouvernement-adopte-une-nouvelle-formule","name":"Relev\u00e9 bimestriel des factures d\u2019eau : le gouvernement adopte une nouvelle formule - Burkina Faso","isPartOf":{"@id":"https:\/\/www.africa-press.net\/burkina-faso\/#website"},"primaryImageOfPage":{"@id":"https:\/\/www.africa-press.net\/burkina-faso\/economie\/releve-bimestriel-des-factures-deau-le-gouvernement-adopte-une-nouvelle-formule#primaryimage"},"image":{"@id":"https:\/\/www.africa-press.net\/burkina-faso\/economie\/releve-bimestriel-des-factures-deau-le-gouvernement-adopte-une-nouvelle-formule#primaryimage"},"thumbnailUrl":"https:\/\/static.africa-press.net\/burkina\/sites\/42\/2021\/04\/img-608a88bfd028c.jpg","datePublished":"2021-04-29T11:19:14+00:00","dateModified":"2021-04-29T12:08:03+00:00","author":{"@id":"https:\/\/www.africa-press.net\/burkina-faso\/#\/schema\/person\/2b1cf3cd81a31e3cd26889ca66d677f1"},"description":"L\u2019hebdomadaire Conseil des ministres s\u2019est tenu, le mercredi 28 avril 2021 \u00e0 Kosyam, sous l\u2019\u00e9gide du chef de l\u2019Etat, ...","breadcrumb":{"@id":"https:\/\/www.africa-press.net\/burkina-faso\/economie\/releve-bimestriel-des-factures-deau-le-gouvernement-adopte-une-nouvelle-formule#breadcrumb"},"inLanguage":"fr-FR","potentialAction":[{"@type":"ReadAction","target":["https:\/\/www.africa-press.net\/burkina-faso\/economie\/releve-bimestriel-des-factures-deau-le-gouvernement-adopte-une-nouvelle-formule"]}]},{"@type":"ImageObject","inLanguage":"fr-FR","@id":"https:\/\/www.africa-press.net\/burkina-faso\/economie\/releve-bimestriel-des-factures-deau-le-gouvernement-adopte-une-nouvelle-formule#primaryimage","url":"https:\/\/static.africa-press.net\/burkina\/sites\/42\/2021\/04\/img-608a88bfd028c.jpg","contentUrl":"https:\/\/static.africa-press.net\/burkina\/sites\/42\/2021\/04\/img-608a88bfd028c.jpg","width":720,"height":540,"caption":"Relev\u00e9 bimestriel des factures d\u2019eau : le gouvernement adopte une nouvelle formule"},{"@type":"BreadcrumbList","@id":"https:\/\/www.africa-press.net\/burkina-faso\/economie\/releve-bimestriel-des-factures-deau-le-gouvernement-adopte-une-nouvelle-formule#breadcrumb","itemListElement":[{"@type":"ListItem","position":1,"name":"Accueil","item":"https:\/\/www.africa-press.net\/burkina-faso\/"},{"@type":"ListItem","position":2,"name":"Relev\u00e9 bimestriel des factures d\u2019eau : le gouvernement adopte une nouvelle formule"}]},{"@type":"WebSite","@id":"https:\/\/www.africa-press.net\/burkina-faso\/#website","url":"https:\/\/www.africa-press.net\/burkina-faso\/","name":"Burkina Faso","description":"Just another Africa News Agency Sites site","potentialAction":[{"@type":"SearchAction","target":{"@type":"EntryPoint","urlTemplate":"https:\/\/www.africa-press.net\/burkina-faso\/?s={search_term_string}"},"query-input":{"@type":"PropertyValueSpecification","valueRequired":true,"valueName":"search_term_string"}}],"inLanguage":"fr-FR"},{"@type":"Person","@id":"https:\/\/www.africa-press.net\/burkina-faso\/#\/schema\/person\/2b1cf3cd81a31e3cd26889ca66d677f1","name":"cfeditorfr"}]}},"_links":{"self":[{"href":"https:\/\/www.africa-press.net\/burkina-faso\/wp-json\/wp\/v2\/posts\/10759","targetHints":{"allow":["GET"]}}],"collection":[{"href":"https:\/\/www.africa-press.net\/burkina-faso\/wp-json\/wp\/v2\/posts"}],"about":[{"href":"https:\/\/www.africa-press.net\/burkina-faso\/wp-json\/wp\/v2\/types\/post"}],"author":[{"embeddable":true,"href":"https:\/\/www.africa-press.net\/burkina-faso\/wp-json\/wp\/v2\/users\/82"}],"replies":[{"embeddable":true,"href":"https:\/\/www.africa-press.net\/burkina-faso\/wp-json\/wp\/v2\/comments?post=10759"}],"version-history":[{"count":0,"href":"https:\/\/www.africa-press.net\/burkina-faso\/wp-json\/wp\/v2\/posts\/10759\/revisions"}],"wp:featuredmedia":[{"embeddable":true,"href":"https:\/\/www.africa-press.net\/burkina-faso\/wp-json\/wp\/v2\/media\/10758"}],"wp:attachment":[{"href":"https:\/\/www.africa-press.net\/burkina-faso\/wp-json\/wp\/v2\/media?parent=10759"}],"wp:term":[{"taxonomy":"category","embeddable":true,"href":"https:\/\/www.africa-press.net\/burkina-faso\/wp-json\/wp\/v2\/categories?post=10759"},{"taxonomy":"post_tag","embeddable":true,"href":"https:\/\/www.africa-press.net\/burkina-faso\/wp-json\/wp\/v2\/tags?post=10759"}],"curies":[{"name":"wp","href":"https:\/\/api.w.org\/{rel}","templated":true}]}}