{"id":10768,"date":"2021-04-29T11:42:51","date_gmt":"2021-04-29T11:42:51","guid":{"rendered":"https:\/\/www.africa-press.net\/burkina-faso\/?p=10768"},"modified":"2021-04-29T12:08:42","modified_gmt":"2021-04-29T12:08:42","slug":"crise-humanitaire-plan-international-burkina-lance-trois-projets-pour-soutenir-la-resilience-des-populations","status":"publish","type":"post","link":"https:\/\/www.africa-press.net\/burkina-faso\/toutes-les-actualites\/crise-humanitaire-plan-international-burkina-lance-trois-projets-pour-soutenir-la-resilience-des-populations","title":{"rendered":"Crise humanitaire : Plan International Burkina lance trois projets pour soutenir la r\u00e9silience des populations"},"content":{"rendered":"<p><span style=\"color: #ff6600\"><strong><a href=\"https:\/\/www.africa-press.net\/\">Africa-Press<\/a> &#8211; <a href=\"https:\/\/www.africa-press.net\/burkina-faso\">Burkina Faso<\/a>. <\/strong><\/span><b>Plan International Burkina a lanc\u00e9 simultan\u00e9ment trois projets en r\u00e9ponse \u00e0 la crise humanitaire que traverse le Burkina Faso, ce mercredi 28 avril 2021. Il s\u2019agit du projet \u00ab d\u2019Urgence et de r\u00e9silience \u00bb, du projet \u00ab Tous contre les violences bas\u00e9es sur le genre au Burkina Faso, nous y gagnerons \u00bb et du projet \u00ab Environnement protecteur pour les enfants et les jeunes affect\u00e9s par la crise dans la province du Bam au Burkina \u00bb. Ces projets, selon les initiateurs, concernent plusieurs r\u00e9gions du Burkina dont le Centre-Est, le Sahel, l\u2019Est, Centre-Nord.<\/b><\/p>\n<p>Plan International Burkina est r\u00e9solument engag\u00e9 pour le bien-\u00eatre et le d\u00e9veloppement de tous les enfants du Burkina sans exception. Il se mobilise pour leur fournir un environnement s\u00fbr, protecteur et favorable. Il a lanc\u00e9 simultan\u00e9ment ce mercredi 28 avril 2021, trois projets pour la r\u00e9silience des populations concern\u00e9es par la crise humanitaire. Ce sont les projets \u00ab d\u2019Urgence et de la r\u00e9silience \u00bb ; \u00ab Tous contre les violences bas\u00e9es sur le genre au Burkina Faso, nous y gagnerons \u00bb et \u00ab Environnement protecteur pour les enfants et les jeunes affect\u00e9s par la crise dans la province du Bam au Burkina \u00bb.<\/p>\n<p>Ces projets seront mis en \u0153uvre dans les r\u00e9gions du Centre-Est, du Sahel, de l\u2019Est, Centre-Nord, a pr\u00e9cis\u00e9 le repr\u00e9sentant r\u00e9sident de Plan International Burkina, Yaouba Kaigama. Leur but, a-t-il dit, c\u2019est l\u2019appropriation par les acteurs concern\u00e9s en cr\u00e9ant une dynamique autour de ces projets. \u00ab Nous remercions le gouvernement burkinab\u00e8 pour la confiance plac\u00e9e en nous pour conduire ces projets combien importants pour le Burkina \u00bb, a-t-il indiqu\u00e9.<\/p>\n<p>Pour lui, ces programmes viennent en compl\u00e9ment aux efforts d\u00e9j\u00e0 consentis par l\u2019Etat burkinab\u00e8. Les besoins restent \u00e9normes dans certaines r\u00e9gions qui comptent plusieurs d\u00e9plac\u00e9s internes car, a-t-il laiss\u00e9 entendre, le Burkina compte plus d\u2019un million de d\u00e9plac\u00e9s dont 55% d\u2019entre eux sont des filles de moins de 17 ans.<\/p>\n<p>Le repr\u00e9sentant de la ministre de la Femme, de la Solidarit\u00e9 nationale, de la Famille et de l\u2019Action humanitaire, G\u00e9r\u00f4me Yam\u00e9ogo, a salu\u00e9 la pr\u00e9sence de plusieurs partenaires qui, dit-il, \u0153uvrent depuis des ann\u00e9es aux cot\u00e9s du Burkina Faso pour le bien-\u00eatre de la population. \u00ab La situation des d\u00e9plac\u00e9s internes est au c\u0153ur des actions de mon d\u00e9partement. A travers ces trois projets, les conditions seront r\u00e9unies pour soutenir les personnes d\u00e9plac\u00e9es. Notre d\u00e9partement facilitera et accompagnera leur mise en \u0153uvre \u00bb, a-t-il rassur\u00e9.<\/p>\n<p><b>Trois projets, deux bras financiers pour 5 milliards de francs CFA<\/b><\/p>\n<p>Selon James Rogene, coordonnateur du projet \u00ab d\u2019Urgence et de la r\u00e9silience \u00bb, sa p\u00e9riode de mise en \u0153uvre est de 36 mois qui va du 1er janvier 2021 au 31 d\u00e9cembre 2023. Le co\u00fbt du projet est \u00e9valu\u00e9 \u00e0 plus de trois milliards de francs CFA. Il vise \u00e0 renforcer la r\u00e9silience des d\u00e9plac\u00e9s internes et des communaut\u00e9s d\u2019accueils touch\u00e9es par la crise humanitaire au Burkina. Il est financ\u00e9 par le minist\u00e8re des Affaires \u00e9trang\u00e8res du Danemark.<\/p>\n<p>Le coordinateur du projet \u00ab Tous contre les violences bas\u00e9es sur le genre au Burkina Faso, nous y gagnerons \u00bb, Saidou Tiendr\u00e9b\u00e9ogo, a mentionn\u00e9 que ce projet est financ\u00e9 par la Direction g\u00e9n\u00e9rale de la coop\u00e9ration au d\u00e9veloppement du Royaume du Belgique \u00e0 hauteur de plus de 700 millions de francs CFA. Ce projet se d\u00e9ploie dans les r\u00e9gions du Centre-Nord, du Sahel et de l\u2019Est. Il entend promouvoir les capacit\u00e9s des filles, des femmes et de leurs communaut\u00e9s \u00e0 mettre en place des environnements r\u00e9silients exempts de violences bas\u00e9es sur le genre.<\/p>\n<p>Le dernier plan, \u00e0 savoir \u00ab Environnement protecteur pour les enfants et les jeunes affect\u00e9s par la crise dans la province du Bam au Burkina \u00bb, est aussi financ\u00e9 par la Direction g\u00e9n\u00e9rale de la coop\u00e9ration au d\u00e9veloppement du Royaume du Belgique \u00e0 plus d\u2019un milliard de francs CFA. A en croire son coordinateur, Bertrand Sawadogo, le projet prend fin en mai 2022. Son but est d\u2019am\u00e9liorer la protection, l\u2019\u00e9ducation, la r\u00e9silience et la coh\u00e9sion sociale pour les enfants et les jeunes de 3 \u00e0 24 ans affect\u00e9s par les conflits dans un environnement sur, inclusif et sensible au genre dans la province du Bam.<br \/>\nObissa Juste MIEN<\/p>\n","protected":false},"excerpt":{"rendered":"<p>Africa-Press &#8211; Burkina Faso. Plan International Burkina a lanc\u00e9 simultan\u00e9ment trois projets en r\u00e9ponse \u00e0 la crise humanitaire que traverse le Burkina Faso, ce mercredi 28 avril 2021. Il s\u2019agit du projet \u00ab d\u2019Urgence et de r\u00e9silience \u00bb, du projet \u00ab Tous contre les violences bas\u00e9es sur le genre au Burkina Faso, nous y gagnerons [&hellip;]<\/p>\n","protected":false},"author":82,"featured_media":10767,"comment_status":"open","ping_status":"closed","sticky":false,"template":"","format":"standard","meta":{"footnotes":""},"categories":[21,11,10],"tags":[111,725,29],"class_list":["post-10768","post","type-post","status-publish","format-standard","has-post-thumbnail","hentry","category-communaute","category-homepage-french","category-toutes-les-actualites","tag-africa-press","tag-africa-press-burkina-faso","tag-burkina-faso"],"yoast_head":"<!-- This site is optimized with the Yoast SEO Premium plugin v26.1 (Yoast SEO v27.0) - https:\/\/yoast.com\/product\/yoast-seo-premium-wordpress\/ -->\n<title>Crise humanitaire : Plan International Burkina lance trois projets pour soutenir la r\u00e9silience des populations - Burkina Faso<\/title>\n<meta name=\"description\" content=\"Plan International Burkina a lanc\u00e9 simultan\u00e9ment trois projets en r\u00e9ponse \u00e0 la crise humanitaire que traverse le Burk ...\" \/>\n<meta name=\"robots\" content=\"index, follow, max-snippet:-1, max-image-preview:large, max-video-preview:-1\" \/>\n<link rel=\"canonical\" href=\"https:\/\/www.africa-press.net\/burkina-faso\/toutes-les-actualites\/crise-humanitaire-plan-international-burkina-lance-trois-projets-pour-soutenir-la-resilience-des-populations\" \/>\n<meta property=\"og:locale\" content=\"fr_FR\" \/>\n<meta property=\"og:type\" content=\"article\" \/>\n<meta property=\"og:title\" content=\"Crise humanitaire : Plan International Burkina lance trois projets pour soutenir la r\u00e9silience des populations\" \/>\n<meta property=\"og:description\" content=\"Plan International Burkina a lanc\u00e9 simultan\u00e9ment trois projets en r\u00e9ponse \u00e0 la crise humanitaire que traverse le Burk ...\" \/>\n<meta property=\"og:url\" content=\"https:\/\/www.africa-press.net\/burkina-faso\/toutes-les-actualites\/crise-humanitaire-plan-international-burkina-lance-trois-projets-pour-soutenir-la-resilience-des-populations\" \/>\n<meta property=\"og:site_name\" content=\"Burkina Faso\" \/>\n<meta property=\"article:published_time\" content=\"2021-04-29T11:42:51+00:00\" \/>\n<meta property=\"article:modified_time\" content=\"2021-04-29T12:08:42+00:00\" \/>\n<meta property=\"og:image\" content=\"https:\/\/static.africa-press.net\/burkina\/sites\/42\/2021\/04\/img-608a8964943b7.jpg\" \/>\n\t<meta property=\"og:image:width\" content=\"720\" \/>\n\t<meta property=\"og:image:height\" content=\"540\" \/>\n\t<meta property=\"og:image:type\" content=\"image\/jpeg\" \/>\n<meta name=\"author\" content=\"cfeditorfr\" \/>\n<meta name=\"twitter:card\" content=\"summary_large_image\" \/>\n<meta name=\"twitter:label1\" content=\"\u00c9crit par\" \/>\n\t<meta name=\"twitter:data1\" content=\"cfeditorfr\" \/>\n\t<meta name=\"twitter:label2\" content=\"Dur\u00e9e de lecture estim\u00e9e\" \/>\n\t<meta name=\"twitter:data2\" content=\"4 minutes\" \/>\n<script type=\"application\/ld+json\" class=\"yoast-schema-graph\">{\"@context\":\"https:\/\/schema.org\",\"@graph\":[{\"@type\":\"Article\",\"@id\":\"https:\/\/www.africa-press.net\/burkina-faso\/toutes-les-actualites\/crise-humanitaire-plan-international-burkina-lance-trois-projets-pour-soutenir-la-resilience-des-populations#article\",\"isPartOf\":{\"@id\":\"https:\/\/www.africa-press.net\/burkina-faso\/toutes-les-actualites\/crise-humanitaire-plan-international-burkina-lance-trois-projets-pour-soutenir-la-resilience-des-populations\"},\"author\":{\"name\":\"cfeditorfr\",\"@id\":\"https:\/\/www.africa-press.net\/burkina-faso\/#\/schema\/person\/2b1cf3cd81a31e3cd26889ca66d677f1\"},\"headline\":\"Crise humanitaire : Plan International Burkina lance trois projets pour soutenir la r\u00e9silience des populations\",\"datePublished\":\"2021-04-29T11:42:51+00:00\",\"dateModified\":\"2021-04-29T12:08:42+00:00\",\"mainEntityOfPage\":{\"@id\":\"https:\/\/www.africa-press.net\/burkina-faso\/toutes-les-actualites\/crise-humanitaire-plan-international-burkina-lance-trois-projets-pour-soutenir-la-resilience-des-populations\"},\"wordCount\":759,\"commentCount\":0,\"image\":{\"@id\":\"https:\/\/www.africa-press.net\/burkina-faso\/toutes-les-actualites\/crise-humanitaire-plan-international-burkina-lance-trois-projets-pour-soutenir-la-resilience-des-populations#primaryimage\"},\"thumbnailUrl\":\"https:\/\/static.africa-press.net\/burkina\/sites\/42\/2021\/04\/img-608a8964943b7.jpg\",\"keywords\":[\"Africa Press\",\"Africa Press-Burkina Faso\",\"Burkina Faso\"],\"articleSection\":[\"Communaut\u00e9\",\"homepage-french\",\"Toutes les actualit\u00e9s\"],\"inLanguage\":\"fr-FR\",\"potentialAction\":[{\"@type\":\"CommentAction\",\"name\":\"Comment\",\"target\":[\"https:\/\/www.africa-press.net\/burkina-faso\/toutes-les-actualites\/crise-humanitaire-plan-international-burkina-lance-trois-projets-pour-soutenir-la-resilience-des-populations#respond\"]}]},{\"@type\":\"WebPage\",\"@id\":\"https:\/\/www.africa-press.net\/burkina-faso\/toutes-les-actualites\/crise-humanitaire-plan-international-burkina-lance-trois-projets-pour-soutenir-la-resilience-des-populations\",\"url\":\"https:\/\/www.africa-press.net\/burkina-faso\/toutes-les-actualites\/crise-humanitaire-plan-international-burkina-lance-trois-projets-pour-soutenir-la-resilience-des-populations\",\"name\":\"Crise humanitaire : Plan International Burkina lance trois projets pour soutenir la r\u00e9silience des populations - Burkina Faso\",\"isPartOf\":{\"@id\":\"https:\/\/www.africa-press.net\/burkina-faso\/#website\"},\"primaryImageOfPage\":{\"@id\":\"https:\/\/www.africa-press.net\/burkina-faso\/toutes-les-actualites\/crise-humanitaire-plan-international-burkina-lance-trois-projets-pour-soutenir-la-resilience-des-populations#primaryimage\"},\"image\":{\"@id\":\"https:\/\/www.africa-press.net\/burkina-faso\/toutes-les-actualites\/crise-humanitaire-plan-international-burkina-lance-trois-projets-pour-soutenir-la-resilience-des-populations#primaryimage\"},\"thumbnailUrl\":\"https:\/\/static.africa-press.net\/burkina\/sites\/42\/2021\/04\/img-608a8964943b7.jpg\",\"datePublished\":\"2021-04-29T11:42:51+00:00\",\"dateModified\":\"2021-04-29T12:08:42+00:00\",\"author\":{\"@id\":\"https:\/\/www.africa-press.net\/burkina-faso\/#\/schema\/person\/2b1cf3cd81a31e3cd26889ca66d677f1\"},\"description\":\"Plan International Burkina a lanc\u00e9 simultan\u00e9ment trois projets en r\u00e9ponse \u00e0 la crise humanitaire que traverse le Burk ...\",\"breadcrumb\":{\"@id\":\"https:\/\/www.africa-press.net\/burkina-faso\/toutes-les-actualites\/crise-humanitaire-plan-international-burkina-lance-trois-projets-pour-soutenir-la-resilience-des-populations#breadcrumb\"},\"inLanguage\":\"fr-FR\",\"potentialAction\":[{\"@type\":\"ReadAction\",\"target\":[\"https:\/\/www.africa-press.net\/burkina-faso\/toutes-les-actualites\/crise-humanitaire-plan-international-burkina-lance-trois-projets-pour-soutenir-la-resilience-des-populations\"]}]},{\"@type\":\"ImageObject\",\"inLanguage\":\"fr-FR\",\"@id\":\"https:\/\/www.africa-press.net\/burkina-faso\/toutes-les-actualites\/crise-humanitaire-plan-international-burkina-lance-trois-projets-pour-soutenir-la-resilience-des-populations#primaryimage\",\"url\":\"https:\/\/static.africa-press.net\/burkina\/sites\/42\/2021\/04\/img-608a8964943b7.jpg\",\"contentUrl\":\"https:\/\/static.africa-press.net\/burkina\/sites\/42\/2021\/04\/img-608a8964943b7.jpg\",\"width\":720,\"height\":540,\"caption\":\"Crise humanitaire : Plan International Burkina lance trois projets pour soutenir la r\u00e9silience des populations\"},{\"@type\":\"BreadcrumbList\",\"@id\":\"https:\/\/www.africa-press.net\/burkina-faso\/toutes-les-actualites\/crise-humanitaire-plan-international-burkina-lance-trois-projets-pour-soutenir-la-resilience-des-populations#breadcrumb\",\"itemListElement\":[{\"@type\":\"ListItem\",\"position\":1,\"name\":\"Accueil\",\"item\":\"https:\/\/www.africa-press.net\/burkina-faso\/\"},{\"@type\":\"ListItem\",\"position\":2,\"name\":\"Crise humanitaire : Plan International Burkina lance trois projets pour soutenir la r\u00e9silience des populations\"}]},{\"@type\":\"WebSite\",\"@id\":\"https:\/\/www.africa-press.net\/burkina-faso\/#website\",\"url\":\"https:\/\/www.africa-press.net\/burkina-faso\/\",\"name\":\"Burkina Faso\",\"description\":\"Just another Africa News Agency Sites site\",\"potentialAction\":[{\"@type\":\"SearchAction\",\"target\":{\"@type\":\"EntryPoint\",\"urlTemplate\":\"https:\/\/www.africa-press.net\/burkina-faso\/?s={search_term_string}\"},\"query-input\":{\"@type\":\"PropertyValueSpecification\",\"valueRequired\":true,\"valueName\":\"search_term_string\"}}],\"inLanguage\":\"fr-FR\"},{\"@type\":\"Person\",\"@id\":\"https:\/\/www.africa-press.net\/burkina-faso\/#\/schema\/person\/2b1cf3cd81a31e3cd26889ca66d677f1\",\"name\":\"cfeditorfr\"}]}<\/script>\n<!-- \/ Yoast SEO Premium plugin. -->","yoast_head_json":{"title":"Crise humanitaire : Plan International Burkina lance trois projets pour soutenir la r\u00e9silience des populations - Burkina Faso","description":"Plan International Burkina a lanc\u00e9 simultan\u00e9ment trois projets en r\u00e9ponse \u00e0 la crise humanitaire que traverse le Burk ...","robots":{"index":"index","follow":"follow","max-snippet":"max-snippet:-1","max-image-preview":"max-image-preview:large","max-video-preview":"max-video-preview:-1"},"canonical":"https:\/\/www.africa-press.net\/burkina-faso\/toutes-les-actualites\/crise-humanitaire-plan-international-burkina-lance-trois-projets-pour-soutenir-la-resilience-des-populations","og_locale":"fr_FR","og_type":"article","og_title":"Crise humanitaire : Plan International Burkina lance trois projets pour soutenir la r\u00e9silience des populations","og_description":"Plan International Burkina a lanc\u00e9 simultan\u00e9ment trois projets en r\u00e9ponse \u00e0 la crise humanitaire que traverse le Burk ...","og_url":"https:\/\/www.africa-press.net\/burkina-faso\/toutes-les-actualites\/crise-humanitaire-plan-international-burkina-lance-trois-projets-pour-soutenir-la-resilience-des-populations","og_site_name":"Burkina Faso","article_published_time":"2021-04-29T11:42:51+00:00","article_modified_time":"2021-04-29T12:08:42+00:00","og_image":[{"width":720,"height":540,"url":"https:\/\/static.africa-press.net\/burkina\/sites\/42\/2021\/04\/img-608a8964943b7.jpg","type":"image\/jpeg"}],"author":"cfeditorfr","twitter_card":"summary_large_image","twitter_misc":{"\u00c9crit par":"cfeditorfr","Dur\u00e9e de lecture estim\u00e9e":"4 minutes"},"schema":{"@context":"https:\/\/schema.org","@graph":[{"@type":"Article","@id":"https:\/\/www.africa-press.net\/burkina-faso\/toutes-les-actualites\/crise-humanitaire-plan-international-burkina-lance-trois-projets-pour-soutenir-la-resilience-des-populations#article","isPartOf":{"@id":"https:\/\/www.africa-press.net\/burkina-faso\/toutes-les-actualites\/crise-humanitaire-plan-international-burkina-lance-trois-projets-pour-soutenir-la-resilience-des-populations"},"author":{"name":"cfeditorfr","@id":"https:\/\/www.africa-press.net\/burkina-faso\/#\/schema\/person\/2b1cf3cd81a31e3cd26889ca66d677f1"},"headline":"Crise humanitaire : Plan International Burkina lance trois projets pour soutenir la r\u00e9silience des populations","datePublished":"2021-04-29T11:42:51+00:00","dateModified":"2021-04-29T12:08:42+00:00","mainEntityOfPage":{"@id":"https:\/\/www.africa-press.net\/burkina-faso\/toutes-les-actualites\/crise-humanitaire-plan-international-burkina-lance-trois-projets-pour-soutenir-la-resilience-des-populations"},"wordCount":759,"commentCount":0,"image":{"@id":"https:\/\/www.africa-press.net\/burkina-faso\/toutes-les-actualites\/crise-humanitaire-plan-international-burkina-lance-trois-projets-pour-soutenir-la-resilience-des-populations#primaryimage"},"thumbnailUrl":"https:\/\/static.africa-press.net\/burkina\/sites\/42\/2021\/04\/img-608a8964943b7.jpg","keywords":["Africa Press","Africa Press-Burkina Faso","Burkina Faso"],"articleSection":["Communaut\u00e9","homepage-french","Toutes les actualit\u00e9s"],"inLanguage":"fr-FR","potentialAction":[{"@type":"CommentAction","name":"Comment","target":["https:\/\/www.africa-press.net\/burkina-faso\/toutes-les-actualites\/crise-humanitaire-plan-international-burkina-lance-trois-projets-pour-soutenir-la-resilience-des-populations#respond"]}]},{"@type":"WebPage","@id":"https:\/\/www.africa-press.net\/burkina-faso\/toutes-les-actualites\/crise-humanitaire-plan-international-burkina-lance-trois-projets-pour-soutenir-la-resilience-des-populations","url":"https:\/\/www.africa-press.net\/burkina-faso\/toutes-les-actualites\/crise-humanitaire-plan-international-burkina-lance-trois-projets-pour-soutenir-la-resilience-des-populations","name":"Crise humanitaire : Plan International Burkina lance trois projets pour soutenir la r\u00e9silience des populations - Burkina Faso","isPartOf":{"@id":"https:\/\/www.africa-press.net\/burkina-faso\/#website"},"primaryImageOfPage":{"@id":"https:\/\/www.africa-press.net\/burkina-faso\/toutes-les-actualites\/crise-humanitaire-plan-international-burkina-lance-trois-projets-pour-soutenir-la-resilience-des-populations#primaryimage"},"image":{"@id":"https:\/\/www.africa-press.net\/burkina-faso\/toutes-les-actualites\/crise-humanitaire-plan-international-burkina-lance-trois-projets-pour-soutenir-la-resilience-des-populations#primaryimage"},"thumbnailUrl":"https:\/\/static.africa-press.net\/burkina\/sites\/42\/2021\/04\/img-608a8964943b7.jpg","datePublished":"2021-04-29T11:42:51+00:00","dateModified":"2021-04-29T12:08:42+00:00","author":{"@id":"https:\/\/www.africa-press.net\/burkina-faso\/#\/schema\/person\/2b1cf3cd81a31e3cd26889ca66d677f1"},"description":"Plan International Burkina a lanc\u00e9 simultan\u00e9ment trois projets en r\u00e9ponse \u00e0 la crise humanitaire que traverse le Burk ...","breadcrumb":{"@id":"https:\/\/www.africa-press.net\/burkina-faso\/toutes-les-actualites\/crise-humanitaire-plan-international-burkina-lance-trois-projets-pour-soutenir-la-resilience-des-populations#breadcrumb"},"inLanguage":"fr-FR","potentialAction":[{"@type":"ReadAction","target":["https:\/\/www.africa-press.net\/burkina-faso\/toutes-les-actualites\/crise-humanitaire-plan-international-burkina-lance-trois-projets-pour-soutenir-la-resilience-des-populations"]}]},{"@type":"ImageObject","inLanguage":"fr-FR","@id":"https:\/\/www.africa-press.net\/burkina-faso\/toutes-les-actualites\/crise-humanitaire-plan-international-burkina-lance-trois-projets-pour-soutenir-la-resilience-des-populations#primaryimage","url":"https:\/\/static.africa-press.net\/burkina\/sites\/42\/2021\/04\/img-608a8964943b7.jpg","contentUrl":"https:\/\/static.africa-press.net\/burkina\/sites\/42\/2021\/04\/img-608a8964943b7.jpg","width":720,"height":540,"caption":"Crise humanitaire : Plan International Burkina lance trois projets pour soutenir la r\u00e9silience des populations"},{"@type":"BreadcrumbList","@id":"https:\/\/www.africa-press.net\/burkina-faso\/toutes-les-actualites\/crise-humanitaire-plan-international-burkina-lance-trois-projets-pour-soutenir-la-resilience-des-populations#breadcrumb","itemListElement":[{"@type":"ListItem","position":1,"name":"Accueil","item":"https:\/\/www.africa-press.net\/burkina-faso\/"},{"@type":"ListItem","position":2,"name":"Crise humanitaire : Plan International Burkina lance trois projets pour soutenir la r\u00e9silience des populations"}]},{"@type":"WebSite","@id":"https:\/\/www.africa-press.net\/burkina-faso\/#website","url":"https:\/\/www.africa-press.net\/burkina-faso\/","name":"Burkina Faso","description":"Just another Africa News Agency Sites site","potentialAction":[{"@type":"SearchAction","target":{"@type":"EntryPoint","urlTemplate":"https:\/\/www.africa-press.net\/burkina-faso\/?s={search_term_string}"},"query-input":{"@type":"PropertyValueSpecification","valueRequired":true,"valueName":"search_term_string"}}],"inLanguage":"fr-FR"},{"@type":"Person","@id":"https:\/\/www.africa-press.net\/burkina-faso\/#\/schema\/person\/2b1cf3cd81a31e3cd26889ca66d677f1","name":"cfeditorfr"}]}},"_links":{"self":[{"href":"https:\/\/www.africa-press.net\/burkina-faso\/wp-json\/wp\/v2\/posts\/10768","targetHints":{"allow":["GET"]}}],"collection":[{"href":"https:\/\/www.africa-press.net\/burkina-faso\/wp-json\/wp\/v2\/posts"}],"about":[{"href":"https:\/\/www.africa-press.net\/burkina-faso\/wp-json\/wp\/v2\/types\/post"}],"author":[{"embeddable":true,"href":"https:\/\/www.africa-press.net\/burkina-faso\/wp-json\/wp\/v2\/users\/82"}],"replies":[{"embeddable":true,"href":"https:\/\/www.africa-press.net\/burkina-faso\/wp-json\/wp\/v2\/comments?post=10768"}],"version-history":[{"count":0,"href":"https:\/\/www.africa-press.net\/burkina-faso\/wp-json\/wp\/v2\/posts\/10768\/revisions"}],"wp:featuredmedia":[{"embeddable":true,"href":"https:\/\/www.africa-press.net\/burkina-faso\/wp-json\/wp\/v2\/media\/10767"}],"wp:attachment":[{"href":"https:\/\/www.africa-press.net\/burkina-faso\/wp-json\/wp\/v2\/media?parent=10768"}],"wp:term":[{"taxonomy":"category","embeddable":true,"href":"https:\/\/www.africa-press.net\/burkina-faso\/wp-json\/wp\/v2\/categories?post=10768"},{"taxonomy":"post_tag","embeddable":true,"href":"https:\/\/www.africa-press.net\/burkina-faso\/wp-json\/wp\/v2\/tags?post=10768"}],"curies":[{"name":"wp","href":"https:\/\/api.w.org\/{rel}","templated":true}]}}