{"id":10771,"date":"2021-04-29T11:53:36","date_gmt":"2021-04-29T11:53:36","guid":{"rendered":"https:\/\/www.africa-press.net\/burkina-faso\/?p=10771"},"modified":"2021-04-29T12:08:55","modified_gmt":"2021-04-29T12:08:55","slug":"paludisme-au-burkina-une-caravane-sante-pour-renforcer-la-sensibilisation-aupres-de-la-population","status":"publish","type":"post","link":"https:\/\/www.africa-press.net\/burkina-faso\/toutes-les-actualites\/paludisme-au-burkina-une-caravane-sante-pour-renforcer-la-sensibilisation-aupres-de-la-population","title":{"rendered":"Paludisme au Burkina : Une caravane sant\u00e9 pour renforcer la sensibilisation aupr\u00e8s de la population"},"content":{"rendered":"<p><span style=\"color: #ff6600\"><strong><a href=\"https:\/\/www.africa-press.net\/\">Africa-Press<\/a> &#8211; <a href=\"https:\/\/www.africa-press.net\/burkina-faso\">Burkina Faso<\/a>. <\/strong><\/span><b>L\u2019Association sant\u00e9 en entreprise en collaboration avec Faso Civic au Burkina, l\u2019association African solidarit\u00e9 et YUP (la solution de mobile money de la Soci\u00e9t\u00e9 G\u00e9n\u00e9rale), a organis\u00e9 ce mercredi 28 avril 2021, une caravane de sensibilisation et de d\u00e9pistage multi-maladie, au sein du CSPS de Dassasgho, \u00e0 Ouagadougou. La pr\u00e9sente activit\u00e9 se tient simultan\u00e9ment au Cameroun et en C\u00f4te d\u2019Ivoire.<\/b><\/p>\n<p>S\u2019il est vrai que des progr\u00e8s tangibles ont \u00e9t\u00e9 r\u00e9alis\u00e9s au cours des 15 derni\u00e8res ann\u00e9es dans la lutte contre le paludisme, la pand\u00e9mie du Covid-19 a stopp\u00e9 les avanc\u00e9es et menace d\u2019an\u00e9antir les acquis. Ainsi, les campagnes de distribution de moustiquaires ont \u00e9t\u00e9 fortement perturb\u00e9es dans de nombreux pays en 2020 et le Fonds mondial estime que plus de 20% des \u00e9tablissements de sant\u00e9 de 24 pays d\u2019Afrique n\u2019avaient pas assez d\u2019antipalud\u00e9ens p\u00e9diatriques pour soigner les enfants atteints de paludisme.<\/p>\n<p>L\u2019association Sant\u00e9 en entreprise (SEE) veut apporter sa contribution dans la lutte contre cette maladie \u00e9vitable et curable caus\u00e9e par des piq\u00fbres de moustiques infect\u00e9s. Profitant de la comm\u00e9moration de la Journ\u00e9e internationale de lutte contre le paludisme, elle a organis\u00e9 une caravane sant\u00e9 au profit de la population, le mercredi 28 avril 2021. Cette action sociale s\u2019est d\u00e9roul\u00e9e au sein du CSPS de Dassasgho, \u00e0 Ouagadougou, et a \u00e9t\u00e9 men\u00e9e par un jeune et dynamique corps m\u00e9dical constitu\u00e9 de m\u00e9decins et d\u2019infirmiers.<\/p>\n<p>Contrairement \u00e0 la premi\u00e8re \u00e9dition qui \u00e9tait ax\u00e9e sur la sensibilisation du Covid-19, la couverture m\u00e9dicale de la deuxi\u00e8me \u00e9dition a consist\u00e9 \u00e0 des d\u00e9pistages \u00e0 travers des tests diagnostics rapides du paludisme qui permettent aux gens d\u2019avoir leurs r\u00e9sultats en quelques minutes, selon Adama Sy Traor\u00e9, chef de projet SEE digital et suivi-\u00e9valuation. Outre cela, elle propose des solutions digitales innovantes pour la sensibilisation en ligne dont le \u00ab Quiz palu \u00bb. Il s\u2019agit d\u2019un outil digital d\u2019\u00e9valuation des connaissances, attitudes et pratiques de la population par rapport au paludisme. L\u2019adresse du quiz palu Burkina est le suivant : https:\/\/bit.ly\/3xmMBqy.<\/p>\n<p><b>Un d\u00e9pistage multi-maladie<\/b><\/p>\n<p>La caravane sant\u00e9 s\u2019est \u00e9galement illustr\u00e9e \u00e0 travers un ensemble de services de conseils et de d\u00e9pistage int\u00e9gr\u00e9, rapide, volontaire, anonyme et gratuit du VIH, des h\u00e9patites virales B et C, du diab\u00e8te, de l\u2019hypertension et de l\u2019an\u00e9mie. Quatre postes de d\u00e9pistage ont \u00e9t\u00e9 mis en place pour la circonstance. Dans l\u2019un des postes que nous avons visit\u00e9s, une foule de personnes attentaient patiemment leur tour de passage. Abdoul Aziz Traor\u00e9 \u00e9tait en pleine consultation lorsque nous l\u2019abordions.<\/p>\n<p>\u00ab Les personnes que nous recevons d\u00e9finissent librement les examens qu\u2019elles souhaitent faire. Si les r\u00e9sultats ne sont pas bons, nous les r\u00e9f\u00e9rons chez le m\u00e9decin pour la conduite \u00e0 tenir. En revanche, si c\u2019est le r\u00e9sultat est bon, nous leur prodiguons simplement des conseils pratiques \u00bb, a-t-il soulign\u00e9. Avant de se r\u00e9jouir de l\u2019engouement de la population autour de la pr\u00e9sente activit\u00e9. En effet, \u00e0 quelques heures du d\u00e9but de la caravane, une cinquantaine de personnes ont \u00e9t\u00e9 consult\u00e9es. Il est d\u00e9montr\u00e9 qu\u2019une telle initiative permet une am\u00e9lioration de l\u2019acc\u00e8s aux soins de sant\u00e9 pour les personnes vuln\u00e9rables et d\u00e9favoris\u00e9es.<\/p>\n<p>Lorsqu\u2019on parle des difficult\u00e9s, Abdoul Aziz Traor\u00e9 r\u00e9pond que tout se passe bien except\u00e9 le probl\u00e8me de d\u00e9lestage. L\u2019ambition des organisateurs \u00e0 l\u2019issue de cette caravane, c\u2019est de toucher 250 personnes.<\/p>\n<p>Pour rappel, cette \u00e9dition est appuy\u00e9e sur le plan institutionnel par les Programmes nationaux de lutte contre le paludisme, le groupement inter-patronal du Cameroun, la conf\u00e9d\u00e9ration g\u00e9n\u00e9rale des entreprises de C\u00f4te d\u2019Ivoire et le R\u00e9seau ivoirien des gestionnaires des ressources humaines.<\/p>\n<p><b>A\u00efssata Laure G. Sidib\u00e9<br \/>\n<\/b><\/p>\n","protected":false},"excerpt":{"rendered":"<p>Africa-Press &#8211; Burkina Faso. L\u2019Association sant\u00e9 en entreprise en collaboration avec Faso Civic au Burkina, l\u2019association African solidarit\u00e9 et YUP (la solution de mobile money de la Soci\u00e9t\u00e9 G\u00e9n\u00e9rale), a organis\u00e9 ce mercredi 28 avril 2021, une caravane de sensibilisation et de d\u00e9pistage multi-maladie, au sein du CSPS de Dassasgho, \u00e0 Ouagadougou. La pr\u00e9sente activit\u00e9 [&hellip;]<\/p>\n","protected":false},"author":82,"featured_media":10770,"comment_status":"open","ping_status":"closed","sticky":false,"template":"","format":"standard","meta":{"footnotes":""},"categories":[21,11,10],"tags":[111,725,29],"class_list":["post-10771","post","type-post","status-publish","format-standard","has-post-thumbnail","hentry","category-communaute","category-homepage-french","category-toutes-les-actualites","tag-africa-press","tag-africa-press-burkina-faso","tag-burkina-faso"],"yoast_head":"<!-- This site is optimized with the Yoast SEO Premium plugin v26.1 (Yoast SEO v27.0) - https:\/\/yoast.com\/product\/yoast-seo-premium-wordpress\/ -->\n<title>Paludisme au Burkina : Une caravane sant\u00e9 pour renforcer la sensibilisation aupr\u00e8s de la population - Burkina Faso<\/title>\n<meta name=\"description\" content=\"L\u2019Association sant\u00e9 en entreprise en collaboration avec Faso Civic au Burkina, l\u2019association African solidarit\u00e9 et YU ...\" \/>\n<meta name=\"robots\" content=\"index, follow, max-snippet:-1, max-image-preview:large, max-video-preview:-1\" \/>\n<link rel=\"canonical\" href=\"https:\/\/www.africa-press.net\/burkina-faso\/toutes-les-actualites\/paludisme-au-burkina-une-caravane-sante-pour-renforcer-la-sensibilisation-aupres-de-la-population\" \/>\n<meta property=\"og:locale\" content=\"fr_FR\" \/>\n<meta property=\"og:type\" content=\"article\" \/>\n<meta property=\"og:title\" content=\"Paludisme au Burkina : Une caravane sant\u00e9 pour renforcer la sensibilisation aupr\u00e8s de la population\" \/>\n<meta property=\"og:description\" content=\"L\u2019Association sant\u00e9 en entreprise en collaboration avec Faso Civic au Burkina, l\u2019association African solidarit\u00e9 et YU ...\" \/>\n<meta property=\"og:url\" content=\"https:\/\/www.africa-press.net\/burkina-faso\/toutes-les-actualites\/paludisme-au-burkina-une-caravane-sante-pour-renforcer-la-sensibilisation-aupres-de-la-population\" \/>\n<meta property=\"og:site_name\" content=\"Burkina Faso\" \/>\n<meta property=\"article:published_time\" content=\"2021-04-29T11:53:36+00:00\" \/>\n<meta property=\"article:modified_time\" content=\"2021-04-29T12:08:55+00:00\" \/>\n<meta property=\"og:image\" content=\"https:\/\/static.africa-press.net\/burkina\/sites\/42\/2021\/04\/img-608a8992ef2ee.jpg\" \/>\n\t<meta property=\"og:image:width\" content=\"720\" \/>\n\t<meta property=\"og:image:height\" content=\"540\" \/>\n\t<meta property=\"og:image:type\" content=\"image\/jpeg\" \/>\n<meta name=\"author\" content=\"cfeditorfr\" \/>\n<meta name=\"twitter:card\" content=\"summary_large_image\" \/>\n<meta name=\"twitter:label1\" content=\"\u00c9crit par\" \/>\n\t<meta name=\"twitter:data1\" content=\"cfeditorfr\" \/>\n\t<meta name=\"twitter:label2\" content=\"Dur\u00e9e de lecture estim\u00e9e\" \/>\n\t<meta name=\"twitter:data2\" content=\"3 minutes\" \/>\n<script type=\"application\/ld+json\" class=\"yoast-schema-graph\">{\"@context\":\"https:\/\/schema.org\",\"@graph\":[{\"@type\":\"Article\",\"@id\":\"https:\/\/www.africa-press.net\/burkina-faso\/toutes-les-actualites\/paludisme-au-burkina-une-caravane-sante-pour-renforcer-la-sensibilisation-aupres-de-la-population#article\",\"isPartOf\":{\"@id\":\"https:\/\/www.africa-press.net\/burkina-faso\/toutes-les-actualites\/paludisme-au-burkina-une-caravane-sante-pour-renforcer-la-sensibilisation-aupres-de-la-population\"},\"author\":{\"name\":\"cfeditorfr\",\"@id\":\"https:\/\/www.africa-press.net\/burkina-faso\/#\/schema\/person\/2b1cf3cd81a31e3cd26889ca66d677f1\"},\"headline\":\"Paludisme au Burkina : Une caravane sant\u00e9 pour renforcer la sensibilisation aupr\u00e8s de la population\",\"datePublished\":\"2021-04-29T11:53:36+00:00\",\"dateModified\":\"2021-04-29T12:08:55+00:00\",\"mainEntityOfPage\":{\"@id\":\"https:\/\/www.africa-press.net\/burkina-faso\/toutes-les-actualites\/paludisme-au-burkina-une-caravane-sante-pour-renforcer-la-sensibilisation-aupres-de-la-population\"},\"wordCount\":685,\"commentCount\":0,\"image\":{\"@id\":\"https:\/\/www.africa-press.net\/burkina-faso\/toutes-les-actualites\/paludisme-au-burkina-une-caravane-sante-pour-renforcer-la-sensibilisation-aupres-de-la-population#primaryimage\"},\"thumbnailUrl\":\"https:\/\/static.africa-press.net\/burkina\/sites\/42\/2021\/04\/img-608a8992ef2ee.jpg\",\"keywords\":[\"Africa Press\",\"Africa Press-Burkina Faso\",\"Burkina Faso\"],\"articleSection\":[\"Communaut\u00e9\",\"homepage-french\",\"Toutes les actualit\u00e9s\"],\"inLanguage\":\"fr-FR\",\"potentialAction\":[{\"@type\":\"CommentAction\",\"name\":\"Comment\",\"target\":[\"https:\/\/www.africa-press.net\/burkina-faso\/toutes-les-actualites\/paludisme-au-burkina-une-caravane-sante-pour-renforcer-la-sensibilisation-aupres-de-la-population#respond\"]}]},{\"@type\":\"WebPage\",\"@id\":\"https:\/\/www.africa-press.net\/burkina-faso\/toutes-les-actualites\/paludisme-au-burkina-une-caravane-sante-pour-renforcer-la-sensibilisation-aupres-de-la-population\",\"url\":\"https:\/\/www.africa-press.net\/burkina-faso\/toutes-les-actualites\/paludisme-au-burkina-une-caravane-sante-pour-renforcer-la-sensibilisation-aupres-de-la-population\",\"name\":\"Paludisme au Burkina : Une caravane sant\u00e9 pour renforcer la sensibilisation aupr\u00e8s de la population - Burkina Faso\",\"isPartOf\":{\"@id\":\"https:\/\/www.africa-press.net\/burkina-faso\/#website\"},\"primaryImageOfPage\":{\"@id\":\"https:\/\/www.africa-press.net\/burkina-faso\/toutes-les-actualites\/paludisme-au-burkina-une-caravane-sante-pour-renforcer-la-sensibilisation-aupres-de-la-population#primaryimage\"},\"image\":{\"@id\":\"https:\/\/www.africa-press.net\/burkina-faso\/toutes-les-actualites\/paludisme-au-burkina-une-caravane-sante-pour-renforcer-la-sensibilisation-aupres-de-la-population#primaryimage\"},\"thumbnailUrl\":\"https:\/\/static.africa-press.net\/burkina\/sites\/42\/2021\/04\/img-608a8992ef2ee.jpg\",\"datePublished\":\"2021-04-29T11:53:36+00:00\",\"dateModified\":\"2021-04-29T12:08:55+00:00\",\"author\":{\"@id\":\"https:\/\/www.africa-press.net\/burkina-faso\/#\/schema\/person\/2b1cf3cd81a31e3cd26889ca66d677f1\"},\"description\":\"L\u2019Association sant\u00e9 en entreprise en collaboration avec Faso Civic au Burkina, l\u2019association African solidarit\u00e9 et YU ...\",\"breadcrumb\":{\"@id\":\"https:\/\/www.africa-press.net\/burkina-faso\/toutes-les-actualites\/paludisme-au-burkina-une-caravane-sante-pour-renforcer-la-sensibilisation-aupres-de-la-population#breadcrumb\"},\"inLanguage\":\"fr-FR\",\"potentialAction\":[{\"@type\":\"ReadAction\",\"target\":[\"https:\/\/www.africa-press.net\/burkina-faso\/toutes-les-actualites\/paludisme-au-burkina-une-caravane-sante-pour-renforcer-la-sensibilisation-aupres-de-la-population\"]}]},{\"@type\":\"ImageObject\",\"inLanguage\":\"fr-FR\",\"@id\":\"https:\/\/www.africa-press.net\/burkina-faso\/toutes-les-actualites\/paludisme-au-burkina-une-caravane-sante-pour-renforcer-la-sensibilisation-aupres-de-la-population#primaryimage\",\"url\":\"https:\/\/static.africa-press.net\/burkina\/sites\/42\/2021\/04\/img-608a8992ef2ee.jpg\",\"contentUrl\":\"https:\/\/static.africa-press.net\/burkina\/sites\/42\/2021\/04\/img-608a8992ef2ee.jpg\",\"width\":720,\"height\":540,\"caption\":\"Paludisme au Burkina : Une caravane sant\u00e9 pour renforcer la sensibilisation aupr\u00e8s de la population\"},{\"@type\":\"BreadcrumbList\",\"@id\":\"https:\/\/www.africa-press.net\/burkina-faso\/toutes-les-actualites\/paludisme-au-burkina-une-caravane-sante-pour-renforcer-la-sensibilisation-aupres-de-la-population#breadcrumb\",\"itemListElement\":[{\"@type\":\"ListItem\",\"position\":1,\"name\":\"Accueil\",\"item\":\"https:\/\/www.africa-press.net\/burkina-faso\/\"},{\"@type\":\"ListItem\",\"position\":2,\"name\":\"Paludisme au Burkina : Une caravane sant\u00e9 pour renforcer la sensibilisation aupr\u00e8s de la population\"}]},{\"@type\":\"WebSite\",\"@id\":\"https:\/\/www.africa-press.net\/burkina-faso\/#website\",\"url\":\"https:\/\/www.africa-press.net\/burkina-faso\/\",\"name\":\"Burkina Faso\",\"description\":\"Just another Africa News Agency Sites site\",\"potentialAction\":[{\"@type\":\"SearchAction\",\"target\":{\"@type\":\"EntryPoint\",\"urlTemplate\":\"https:\/\/www.africa-press.net\/burkina-faso\/?s={search_term_string}\"},\"query-input\":{\"@type\":\"PropertyValueSpecification\",\"valueRequired\":true,\"valueName\":\"search_term_string\"}}],\"inLanguage\":\"fr-FR\"},{\"@type\":\"Person\",\"@id\":\"https:\/\/www.africa-press.net\/burkina-faso\/#\/schema\/person\/2b1cf3cd81a31e3cd26889ca66d677f1\",\"name\":\"cfeditorfr\"}]}<\/script>\n<!-- \/ Yoast SEO Premium plugin. -->","yoast_head_json":{"title":"Paludisme au Burkina : Une caravane sant\u00e9 pour renforcer la sensibilisation aupr\u00e8s de la population - Burkina Faso","description":"L\u2019Association sant\u00e9 en entreprise en collaboration avec Faso Civic au Burkina, l\u2019association African solidarit\u00e9 et YU ...","robots":{"index":"index","follow":"follow","max-snippet":"max-snippet:-1","max-image-preview":"max-image-preview:large","max-video-preview":"max-video-preview:-1"},"canonical":"https:\/\/www.africa-press.net\/burkina-faso\/toutes-les-actualites\/paludisme-au-burkina-une-caravane-sante-pour-renforcer-la-sensibilisation-aupres-de-la-population","og_locale":"fr_FR","og_type":"article","og_title":"Paludisme au Burkina : Une caravane sant\u00e9 pour renforcer la sensibilisation aupr\u00e8s de la population","og_description":"L\u2019Association sant\u00e9 en entreprise en collaboration avec Faso Civic au Burkina, l\u2019association African solidarit\u00e9 et YU ...","og_url":"https:\/\/www.africa-press.net\/burkina-faso\/toutes-les-actualites\/paludisme-au-burkina-une-caravane-sante-pour-renforcer-la-sensibilisation-aupres-de-la-population","og_site_name":"Burkina Faso","article_published_time":"2021-04-29T11:53:36+00:00","article_modified_time":"2021-04-29T12:08:55+00:00","og_image":[{"width":720,"height":540,"url":"https:\/\/static.africa-press.net\/burkina\/sites\/42\/2021\/04\/img-608a8992ef2ee.jpg","type":"image\/jpeg"}],"author":"cfeditorfr","twitter_card":"summary_large_image","twitter_misc":{"\u00c9crit par":"cfeditorfr","Dur\u00e9e de lecture estim\u00e9e":"3 minutes"},"schema":{"@context":"https:\/\/schema.org","@graph":[{"@type":"Article","@id":"https:\/\/www.africa-press.net\/burkina-faso\/toutes-les-actualites\/paludisme-au-burkina-une-caravane-sante-pour-renforcer-la-sensibilisation-aupres-de-la-population#article","isPartOf":{"@id":"https:\/\/www.africa-press.net\/burkina-faso\/toutes-les-actualites\/paludisme-au-burkina-une-caravane-sante-pour-renforcer-la-sensibilisation-aupres-de-la-population"},"author":{"name":"cfeditorfr","@id":"https:\/\/www.africa-press.net\/burkina-faso\/#\/schema\/person\/2b1cf3cd81a31e3cd26889ca66d677f1"},"headline":"Paludisme au Burkina : Une caravane sant\u00e9 pour renforcer la sensibilisation aupr\u00e8s de la population","datePublished":"2021-04-29T11:53:36+00:00","dateModified":"2021-04-29T12:08:55+00:00","mainEntityOfPage":{"@id":"https:\/\/www.africa-press.net\/burkina-faso\/toutes-les-actualites\/paludisme-au-burkina-une-caravane-sante-pour-renforcer-la-sensibilisation-aupres-de-la-population"},"wordCount":685,"commentCount":0,"image":{"@id":"https:\/\/www.africa-press.net\/burkina-faso\/toutes-les-actualites\/paludisme-au-burkina-une-caravane-sante-pour-renforcer-la-sensibilisation-aupres-de-la-population#primaryimage"},"thumbnailUrl":"https:\/\/static.africa-press.net\/burkina\/sites\/42\/2021\/04\/img-608a8992ef2ee.jpg","keywords":["Africa Press","Africa Press-Burkina Faso","Burkina Faso"],"articleSection":["Communaut\u00e9","homepage-french","Toutes les actualit\u00e9s"],"inLanguage":"fr-FR","potentialAction":[{"@type":"CommentAction","name":"Comment","target":["https:\/\/www.africa-press.net\/burkina-faso\/toutes-les-actualites\/paludisme-au-burkina-une-caravane-sante-pour-renforcer-la-sensibilisation-aupres-de-la-population#respond"]}]},{"@type":"WebPage","@id":"https:\/\/www.africa-press.net\/burkina-faso\/toutes-les-actualites\/paludisme-au-burkina-une-caravane-sante-pour-renforcer-la-sensibilisation-aupres-de-la-population","url":"https:\/\/www.africa-press.net\/burkina-faso\/toutes-les-actualites\/paludisme-au-burkina-une-caravane-sante-pour-renforcer-la-sensibilisation-aupres-de-la-population","name":"Paludisme au Burkina : Une caravane sant\u00e9 pour renforcer la sensibilisation aupr\u00e8s de la population - Burkina Faso","isPartOf":{"@id":"https:\/\/www.africa-press.net\/burkina-faso\/#website"},"primaryImageOfPage":{"@id":"https:\/\/www.africa-press.net\/burkina-faso\/toutes-les-actualites\/paludisme-au-burkina-une-caravane-sante-pour-renforcer-la-sensibilisation-aupres-de-la-population#primaryimage"},"image":{"@id":"https:\/\/www.africa-press.net\/burkina-faso\/toutes-les-actualites\/paludisme-au-burkina-une-caravane-sante-pour-renforcer-la-sensibilisation-aupres-de-la-population#primaryimage"},"thumbnailUrl":"https:\/\/static.africa-press.net\/burkina\/sites\/42\/2021\/04\/img-608a8992ef2ee.jpg","datePublished":"2021-04-29T11:53:36+00:00","dateModified":"2021-04-29T12:08:55+00:00","author":{"@id":"https:\/\/www.africa-press.net\/burkina-faso\/#\/schema\/person\/2b1cf3cd81a31e3cd26889ca66d677f1"},"description":"L\u2019Association sant\u00e9 en entreprise en collaboration avec Faso Civic au Burkina, l\u2019association African solidarit\u00e9 et YU ...","breadcrumb":{"@id":"https:\/\/www.africa-press.net\/burkina-faso\/toutes-les-actualites\/paludisme-au-burkina-une-caravane-sante-pour-renforcer-la-sensibilisation-aupres-de-la-population#breadcrumb"},"inLanguage":"fr-FR","potentialAction":[{"@type":"ReadAction","target":["https:\/\/www.africa-press.net\/burkina-faso\/toutes-les-actualites\/paludisme-au-burkina-une-caravane-sante-pour-renforcer-la-sensibilisation-aupres-de-la-population"]}]},{"@type":"ImageObject","inLanguage":"fr-FR","@id":"https:\/\/www.africa-press.net\/burkina-faso\/toutes-les-actualites\/paludisme-au-burkina-une-caravane-sante-pour-renforcer-la-sensibilisation-aupres-de-la-population#primaryimage","url":"https:\/\/static.africa-press.net\/burkina\/sites\/42\/2021\/04\/img-608a8992ef2ee.jpg","contentUrl":"https:\/\/static.africa-press.net\/burkina\/sites\/42\/2021\/04\/img-608a8992ef2ee.jpg","width":720,"height":540,"caption":"Paludisme au Burkina : Une caravane sant\u00e9 pour renforcer la sensibilisation aupr\u00e8s de la population"},{"@type":"BreadcrumbList","@id":"https:\/\/www.africa-press.net\/burkina-faso\/toutes-les-actualites\/paludisme-au-burkina-une-caravane-sante-pour-renforcer-la-sensibilisation-aupres-de-la-population#breadcrumb","itemListElement":[{"@type":"ListItem","position":1,"name":"Accueil","item":"https:\/\/www.africa-press.net\/burkina-faso\/"},{"@type":"ListItem","position":2,"name":"Paludisme au Burkina : Une caravane sant\u00e9 pour renforcer la sensibilisation aupr\u00e8s de la population"}]},{"@type":"WebSite","@id":"https:\/\/www.africa-press.net\/burkina-faso\/#website","url":"https:\/\/www.africa-press.net\/burkina-faso\/","name":"Burkina Faso","description":"Just another Africa News Agency Sites site","potentialAction":[{"@type":"SearchAction","target":{"@type":"EntryPoint","urlTemplate":"https:\/\/www.africa-press.net\/burkina-faso\/?s={search_term_string}"},"query-input":{"@type":"PropertyValueSpecification","valueRequired":true,"valueName":"search_term_string"}}],"inLanguage":"fr-FR"},{"@type":"Person","@id":"https:\/\/www.africa-press.net\/burkina-faso\/#\/schema\/person\/2b1cf3cd81a31e3cd26889ca66d677f1","name":"cfeditorfr"}]}},"_links":{"self":[{"href":"https:\/\/www.africa-press.net\/burkina-faso\/wp-json\/wp\/v2\/posts\/10771","targetHints":{"allow":["GET"]}}],"collection":[{"href":"https:\/\/www.africa-press.net\/burkina-faso\/wp-json\/wp\/v2\/posts"}],"about":[{"href":"https:\/\/www.africa-press.net\/burkina-faso\/wp-json\/wp\/v2\/types\/post"}],"author":[{"embeddable":true,"href":"https:\/\/www.africa-press.net\/burkina-faso\/wp-json\/wp\/v2\/users\/82"}],"replies":[{"embeddable":true,"href":"https:\/\/www.africa-press.net\/burkina-faso\/wp-json\/wp\/v2\/comments?post=10771"}],"version-history":[{"count":0,"href":"https:\/\/www.africa-press.net\/burkina-faso\/wp-json\/wp\/v2\/posts\/10771\/revisions"}],"wp:featuredmedia":[{"embeddable":true,"href":"https:\/\/www.africa-press.net\/burkina-faso\/wp-json\/wp\/v2\/media\/10770"}],"wp:attachment":[{"href":"https:\/\/www.africa-press.net\/burkina-faso\/wp-json\/wp\/v2\/media?parent=10771"}],"wp:term":[{"taxonomy":"category","embeddable":true,"href":"https:\/\/www.africa-press.net\/burkina-faso\/wp-json\/wp\/v2\/categories?post=10771"},{"taxonomy":"post_tag","embeddable":true,"href":"https:\/\/www.africa-press.net\/burkina-faso\/wp-json\/wp\/v2\/tags?post=10771"}],"curies":[{"name":"wp","href":"https:\/\/api.w.org\/{rel}","templated":true}]}}