{"id":10774,"date":"2021-04-29T12:00:24","date_gmt":"2021-04-29T12:00:24","guid":{"rendered":"https:\/\/www.africa-press.net\/burkina-faso\/?p=10774"},"modified":"2021-04-29T12:09:07","modified_gmt":"2021-04-29T12:09:07","slug":"covid-19-au-burkina-18-nouveaux-cas-et-15-nouvelles-guerisons-a-la-date-du-27-avril-2021","status":"publish","type":"post","link":"https:\/\/www.africa-press.net\/burkina-faso\/toutes-les-actualites\/covid-19-au-burkina-18-nouveaux-cas-et-15-nouvelles-guerisons-a-la-date-du-27-avril-2021","title":{"rendered":"COVID-19 : 18 nouveaux cas et 15 nouvelles gu\u00e9risons \u00e0 la date du 27 avril 2021"},"content":{"rendered":"<p><span style=\"color: #ff6600\"><strong><a href=\"https:\/\/www.africa-press.net\/\">Africa-Press<\/a> &#8211; <a href=\"https:\/\/www.africa-press.net\/burkina-faso\">Burkina Faso<\/a>. <\/strong><\/span>Selon les autorit\u00e9s sanitaires, l\u2019\u00e9volution de la maladie \u00e0 Coronavirus au Burkina Faso se pr\u00e9sente comme suit : A la date du 27 avril 2021, sur 320 \u00e9chantillons analys\u00e9s, le pays a enregistr\u00e9 18 nouveaux cas dont 15 \u00e0 Ouagadougou, 01 \u00e0 Koudougou, 01 \u00e0 Banfora, 01 \u00e0 Dori .<\/p>\n<p>A la m\u00eame date, 15 nouvelles gu\u00e9risons ont \u00e9t\u00e9 enregistr\u00e9es portant le nombre \u00e0 13 015 gu\u00e9ris. Aucun d\u00e9c\u00e8s enregistr\u00e9 \u00e0 la m\u00eame date. Le total de personnes emport\u00e9es par la maladie est donc de 157.<\/p>\n<p>Depuis le 9 mars 2020, 13 304 cas dont 4 982 femmes et 8 322 hommes ont \u00e9t\u00e9 confirm\u00e9s dans le pays. Le nombre de cas actifs est de 132. Le Gouvernement invite la population au respect des gestes barri\u00e8res pour briser la cha\u00eene de transmission.<\/p>\n","protected":false},"excerpt":{"rendered":"<p>Africa-Press &#8211; Burkina Faso. Selon les autorit\u00e9s sanitaires, l\u2019\u00e9volution de la maladie \u00e0 Coronavirus au Burkina Faso se pr\u00e9sente comme suit : A la date du 27 avril 2021, sur 320 \u00e9chantillons analys\u00e9s, le pays a enregistr\u00e9 18 nouveaux cas dont 15 \u00e0 Ouagadougou, 01 \u00e0 Koudougou, 01 \u00e0 Banfora, 01 \u00e0 Dori . A [&hellip;]<\/p>\n","protected":false},"author":82,"featured_media":10773,"comment_status":"open","ping_status":"closed","sticky":false,"template":"","format":"standard","meta":{"footnotes":""},"categories":[21,11,10],"tags":[111,725,29],"class_list":["post-10774","post","type-post","status-publish","format-standard","has-post-thumbnail","hentry","category-communaute","category-homepage-french","category-toutes-les-actualites","tag-africa-press","tag-africa-press-burkina-faso","tag-burkina-faso"],"yoast_head":"<!-- This site is optimized with the Yoast SEO Premium plugin v26.1 (Yoast SEO v27.0) - https:\/\/yoast.com\/product\/yoast-seo-premium-wordpress\/ -->\n<title>COVID-19 : 18 nouveaux cas et 15 nouvelles gu\u00e9risons \u00e0 la date du 27 avril 2021 - Burkina Faso<\/title>\n<meta name=\"description\" content=\"Selon les autorit\u00e9s sanitaires, l\u2019\u00e9volution de la maladie \u00e0 Coronavirus au Burkina Faso se pr\u00e9sente comme suit : A la da ...\" \/>\n<meta name=\"robots\" content=\"index, follow, max-snippet:-1, max-image-preview:large, max-video-preview:-1\" \/>\n<link rel=\"canonical\" href=\"https:\/\/www.africa-press.net\/burkina-faso\/toutes-les-actualites\/covid-19-au-burkina-18-nouveaux-cas-et-15-nouvelles-guerisons-a-la-date-du-27-avril-2021\" \/>\n<meta property=\"og:locale\" content=\"fr_FR\" \/>\n<meta property=\"og:type\" content=\"article\" \/>\n<meta property=\"og:title\" content=\"COVID-19 : 18 nouveaux cas et 15 nouvelles gu\u00e9risons \u00e0 la date du 27 avril 2021\" \/>\n<meta property=\"og:description\" content=\"Selon les autorit\u00e9s sanitaires, l\u2019\u00e9volution de la maladie \u00e0 Coronavirus au Burkina Faso se pr\u00e9sente comme suit : A la da ...\" \/>\n<meta property=\"og:url\" content=\"https:\/\/www.africa-press.net\/burkina-faso\/toutes-les-actualites\/covid-19-au-burkina-18-nouveaux-cas-et-15-nouvelles-guerisons-a-la-date-du-27-avril-2021\" \/>\n<meta property=\"og:site_name\" content=\"Burkina Faso\" \/>\n<meta property=\"article:published_time\" content=\"2021-04-29T12:00:24+00:00\" \/>\n<meta property=\"article:modified_time\" content=\"2021-04-29T12:09:07+00:00\" \/>\n<meta property=\"og:image\" content=\"https:\/\/static.africa-press.net\/burkina\/sites\/42\/2021\/04\/img-608a89c32cdb9.jpg\" \/>\n\t<meta property=\"og:image:width\" content=\"720\" \/>\n\t<meta property=\"og:image:height\" content=\"477\" \/>\n\t<meta property=\"og:image:type\" content=\"image\/jpeg\" \/>\n<meta name=\"author\" content=\"cfeditorfr\" \/>\n<meta name=\"twitter:card\" content=\"summary_large_image\" \/>\n<meta name=\"twitter:label1\" content=\"\u00c9crit par\" \/>\n\t<meta name=\"twitter:data1\" content=\"cfeditorfr\" \/>\n\t<meta name=\"twitter:label2\" content=\"Dur\u00e9e de lecture estim\u00e9e\" \/>\n\t<meta name=\"twitter:data2\" content=\"1 minute\" \/>\n<script type=\"application\/ld+json\" class=\"yoast-schema-graph\">{\"@context\":\"https:\/\/schema.org\",\"@graph\":[{\"@type\":\"Article\",\"@id\":\"https:\/\/www.africa-press.net\/burkina-faso\/toutes-les-actualites\/covid-19-au-burkina-18-nouveaux-cas-et-15-nouvelles-guerisons-a-la-date-du-27-avril-2021#article\",\"isPartOf\":{\"@id\":\"https:\/\/www.africa-press.net\/burkina-faso\/toutes-les-actualites\/covid-19-au-burkina-18-nouveaux-cas-et-15-nouvelles-guerisons-a-la-date-du-27-avril-2021\"},\"author\":{\"name\":\"cfeditorfr\",\"@id\":\"https:\/\/www.africa-press.net\/burkina-faso\/#\/schema\/person\/2b1cf3cd81a31e3cd26889ca66d677f1\"},\"headline\":\"COVID-19 : 18 nouveaux cas et 15 nouvelles gu\u00e9risons \u00e0 la date du 27 avril 2021\",\"datePublished\":\"2021-04-29T12:00:24+00:00\",\"dateModified\":\"2021-04-29T12:09:07+00:00\",\"mainEntityOfPage\":{\"@id\":\"https:\/\/www.africa-press.net\/burkina-faso\/toutes-les-actualites\/covid-19-au-burkina-18-nouveaux-cas-et-15-nouvelles-guerisons-a-la-date-du-27-avril-2021\"},\"wordCount\":132,\"commentCount\":0,\"image\":{\"@id\":\"https:\/\/www.africa-press.net\/burkina-faso\/toutes-les-actualites\/covid-19-au-burkina-18-nouveaux-cas-et-15-nouvelles-guerisons-a-la-date-du-27-avril-2021#primaryimage\"},\"thumbnailUrl\":\"https:\/\/static.africa-press.net\/burkina\/sites\/42\/2021\/04\/img-608a89c32cdb9.jpg\",\"keywords\":[\"Africa Press\",\"Africa Press-Burkina Faso\",\"Burkina Faso\"],\"articleSection\":[\"Communaut\u00e9\",\"homepage-french\",\"Toutes les actualit\u00e9s\"],\"inLanguage\":\"fr-FR\",\"potentialAction\":[{\"@type\":\"CommentAction\",\"name\":\"Comment\",\"target\":[\"https:\/\/www.africa-press.net\/burkina-faso\/toutes-les-actualites\/covid-19-au-burkina-18-nouveaux-cas-et-15-nouvelles-guerisons-a-la-date-du-27-avril-2021#respond\"]}]},{\"@type\":\"WebPage\",\"@id\":\"https:\/\/www.africa-press.net\/burkina-faso\/toutes-les-actualites\/covid-19-au-burkina-18-nouveaux-cas-et-15-nouvelles-guerisons-a-la-date-du-27-avril-2021\",\"url\":\"https:\/\/www.africa-press.net\/burkina-faso\/toutes-les-actualites\/covid-19-au-burkina-18-nouveaux-cas-et-15-nouvelles-guerisons-a-la-date-du-27-avril-2021\",\"name\":\"COVID-19 : 18 nouveaux cas et 15 nouvelles gu\u00e9risons \u00e0 la date du 27 avril 2021 - Burkina Faso\",\"isPartOf\":{\"@id\":\"https:\/\/www.africa-press.net\/burkina-faso\/#website\"},\"primaryImageOfPage\":{\"@id\":\"https:\/\/www.africa-press.net\/burkina-faso\/toutes-les-actualites\/covid-19-au-burkina-18-nouveaux-cas-et-15-nouvelles-guerisons-a-la-date-du-27-avril-2021#primaryimage\"},\"image\":{\"@id\":\"https:\/\/www.africa-press.net\/burkina-faso\/toutes-les-actualites\/covid-19-au-burkina-18-nouveaux-cas-et-15-nouvelles-guerisons-a-la-date-du-27-avril-2021#primaryimage\"},\"thumbnailUrl\":\"https:\/\/static.africa-press.net\/burkina\/sites\/42\/2021\/04\/img-608a89c32cdb9.jpg\",\"datePublished\":\"2021-04-29T12:00:24+00:00\",\"dateModified\":\"2021-04-29T12:09:07+00:00\",\"author\":{\"@id\":\"https:\/\/www.africa-press.net\/burkina-faso\/#\/schema\/person\/2b1cf3cd81a31e3cd26889ca66d677f1\"},\"description\":\"Selon les autorit\u00e9s sanitaires, l\u2019\u00e9volution de la maladie \u00e0 Coronavirus au Burkina Faso se pr\u00e9sente comme suit : A la da ...\",\"breadcrumb\":{\"@id\":\"https:\/\/www.africa-press.net\/burkina-faso\/toutes-les-actualites\/covid-19-au-burkina-18-nouveaux-cas-et-15-nouvelles-guerisons-a-la-date-du-27-avril-2021#breadcrumb\"},\"inLanguage\":\"fr-FR\",\"potentialAction\":[{\"@type\":\"ReadAction\",\"target\":[\"https:\/\/www.africa-press.net\/burkina-faso\/toutes-les-actualites\/covid-19-au-burkina-18-nouveaux-cas-et-15-nouvelles-guerisons-a-la-date-du-27-avril-2021\"]}]},{\"@type\":\"ImageObject\",\"inLanguage\":\"fr-FR\",\"@id\":\"https:\/\/www.africa-press.net\/burkina-faso\/toutes-les-actualites\/covid-19-au-burkina-18-nouveaux-cas-et-15-nouvelles-guerisons-a-la-date-du-27-avril-2021#primaryimage\",\"url\":\"https:\/\/static.africa-press.net\/burkina\/sites\/42\/2021\/04\/img-608a89c32cdb9.jpg\",\"contentUrl\":\"https:\/\/static.africa-press.net\/burkina\/sites\/42\/2021\/04\/img-608a89c32cdb9.jpg\",\"width\":720,\"height\":477,\"caption\":\"COVID-19 au Burkina : 18 nouveaux cas et 15 nouvelles gu\u00e9risons \u00e0 la date du 27 avril 2021\"},{\"@type\":\"BreadcrumbList\",\"@id\":\"https:\/\/www.africa-press.net\/burkina-faso\/toutes-les-actualites\/covid-19-au-burkina-18-nouveaux-cas-et-15-nouvelles-guerisons-a-la-date-du-27-avril-2021#breadcrumb\",\"itemListElement\":[{\"@type\":\"ListItem\",\"position\":1,\"name\":\"Accueil\",\"item\":\"https:\/\/www.africa-press.net\/burkina-faso\/\"},{\"@type\":\"ListItem\",\"position\":2,\"name\":\"COVID-19 : 18 nouveaux cas et 15 nouvelles gu\u00e9risons \u00e0 la date du 27 avril 2021\"}]},{\"@type\":\"WebSite\",\"@id\":\"https:\/\/www.africa-press.net\/burkina-faso\/#website\",\"url\":\"https:\/\/www.africa-press.net\/burkina-faso\/\",\"name\":\"Burkina Faso\",\"description\":\"Just another Africa News Agency Sites site\",\"potentialAction\":[{\"@type\":\"SearchAction\",\"target\":{\"@type\":\"EntryPoint\",\"urlTemplate\":\"https:\/\/www.africa-press.net\/burkina-faso\/?s={search_term_string}\"},\"query-input\":{\"@type\":\"PropertyValueSpecification\",\"valueRequired\":true,\"valueName\":\"search_term_string\"}}],\"inLanguage\":\"fr-FR\"},{\"@type\":\"Person\",\"@id\":\"https:\/\/www.africa-press.net\/burkina-faso\/#\/schema\/person\/2b1cf3cd81a31e3cd26889ca66d677f1\",\"name\":\"cfeditorfr\"}]}<\/script>\n<!-- \/ Yoast SEO Premium plugin. -->","yoast_head_json":{"title":"COVID-19 : 18 nouveaux cas et 15 nouvelles gu\u00e9risons \u00e0 la date du 27 avril 2021 - Burkina Faso","description":"Selon les autorit\u00e9s sanitaires, l\u2019\u00e9volution de la maladie \u00e0 Coronavirus au Burkina Faso se pr\u00e9sente comme suit : A la da ...","robots":{"index":"index","follow":"follow","max-snippet":"max-snippet:-1","max-image-preview":"max-image-preview:large","max-video-preview":"max-video-preview:-1"},"canonical":"https:\/\/www.africa-press.net\/burkina-faso\/toutes-les-actualites\/covid-19-au-burkina-18-nouveaux-cas-et-15-nouvelles-guerisons-a-la-date-du-27-avril-2021","og_locale":"fr_FR","og_type":"article","og_title":"COVID-19 : 18 nouveaux cas et 15 nouvelles gu\u00e9risons \u00e0 la date du 27 avril 2021","og_description":"Selon les autorit\u00e9s sanitaires, l\u2019\u00e9volution de la maladie \u00e0 Coronavirus au Burkina Faso se pr\u00e9sente comme suit : A la da ...","og_url":"https:\/\/www.africa-press.net\/burkina-faso\/toutes-les-actualites\/covid-19-au-burkina-18-nouveaux-cas-et-15-nouvelles-guerisons-a-la-date-du-27-avril-2021","og_site_name":"Burkina Faso","article_published_time":"2021-04-29T12:00:24+00:00","article_modified_time":"2021-04-29T12:09:07+00:00","og_image":[{"width":720,"height":477,"url":"https:\/\/static.africa-press.net\/burkina\/sites\/42\/2021\/04\/img-608a89c32cdb9.jpg","type":"image\/jpeg"}],"author":"cfeditorfr","twitter_card":"summary_large_image","twitter_misc":{"\u00c9crit par":"cfeditorfr","Dur\u00e9e de lecture estim\u00e9e":"1 minute"},"schema":{"@context":"https:\/\/schema.org","@graph":[{"@type":"Article","@id":"https:\/\/www.africa-press.net\/burkina-faso\/toutes-les-actualites\/covid-19-au-burkina-18-nouveaux-cas-et-15-nouvelles-guerisons-a-la-date-du-27-avril-2021#article","isPartOf":{"@id":"https:\/\/www.africa-press.net\/burkina-faso\/toutes-les-actualites\/covid-19-au-burkina-18-nouveaux-cas-et-15-nouvelles-guerisons-a-la-date-du-27-avril-2021"},"author":{"name":"cfeditorfr","@id":"https:\/\/www.africa-press.net\/burkina-faso\/#\/schema\/person\/2b1cf3cd81a31e3cd26889ca66d677f1"},"headline":"COVID-19 : 18 nouveaux cas et 15 nouvelles gu\u00e9risons \u00e0 la date du 27 avril 2021","datePublished":"2021-04-29T12:00:24+00:00","dateModified":"2021-04-29T12:09:07+00:00","mainEntityOfPage":{"@id":"https:\/\/www.africa-press.net\/burkina-faso\/toutes-les-actualites\/covid-19-au-burkina-18-nouveaux-cas-et-15-nouvelles-guerisons-a-la-date-du-27-avril-2021"},"wordCount":132,"commentCount":0,"image":{"@id":"https:\/\/www.africa-press.net\/burkina-faso\/toutes-les-actualites\/covid-19-au-burkina-18-nouveaux-cas-et-15-nouvelles-guerisons-a-la-date-du-27-avril-2021#primaryimage"},"thumbnailUrl":"https:\/\/static.africa-press.net\/burkina\/sites\/42\/2021\/04\/img-608a89c32cdb9.jpg","keywords":["Africa Press","Africa Press-Burkina Faso","Burkina Faso"],"articleSection":["Communaut\u00e9","homepage-french","Toutes les actualit\u00e9s"],"inLanguage":"fr-FR","potentialAction":[{"@type":"CommentAction","name":"Comment","target":["https:\/\/www.africa-press.net\/burkina-faso\/toutes-les-actualites\/covid-19-au-burkina-18-nouveaux-cas-et-15-nouvelles-guerisons-a-la-date-du-27-avril-2021#respond"]}]},{"@type":"WebPage","@id":"https:\/\/www.africa-press.net\/burkina-faso\/toutes-les-actualites\/covid-19-au-burkina-18-nouveaux-cas-et-15-nouvelles-guerisons-a-la-date-du-27-avril-2021","url":"https:\/\/www.africa-press.net\/burkina-faso\/toutes-les-actualites\/covid-19-au-burkina-18-nouveaux-cas-et-15-nouvelles-guerisons-a-la-date-du-27-avril-2021","name":"COVID-19 : 18 nouveaux cas et 15 nouvelles gu\u00e9risons \u00e0 la date du 27 avril 2021 - Burkina Faso","isPartOf":{"@id":"https:\/\/www.africa-press.net\/burkina-faso\/#website"},"primaryImageOfPage":{"@id":"https:\/\/www.africa-press.net\/burkina-faso\/toutes-les-actualites\/covid-19-au-burkina-18-nouveaux-cas-et-15-nouvelles-guerisons-a-la-date-du-27-avril-2021#primaryimage"},"image":{"@id":"https:\/\/www.africa-press.net\/burkina-faso\/toutes-les-actualites\/covid-19-au-burkina-18-nouveaux-cas-et-15-nouvelles-guerisons-a-la-date-du-27-avril-2021#primaryimage"},"thumbnailUrl":"https:\/\/static.africa-press.net\/burkina\/sites\/42\/2021\/04\/img-608a89c32cdb9.jpg","datePublished":"2021-04-29T12:00:24+00:00","dateModified":"2021-04-29T12:09:07+00:00","author":{"@id":"https:\/\/www.africa-press.net\/burkina-faso\/#\/schema\/person\/2b1cf3cd81a31e3cd26889ca66d677f1"},"description":"Selon les autorit\u00e9s sanitaires, l\u2019\u00e9volution de la maladie \u00e0 Coronavirus au Burkina Faso se pr\u00e9sente comme suit : A la da ...","breadcrumb":{"@id":"https:\/\/www.africa-press.net\/burkina-faso\/toutes-les-actualites\/covid-19-au-burkina-18-nouveaux-cas-et-15-nouvelles-guerisons-a-la-date-du-27-avril-2021#breadcrumb"},"inLanguage":"fr-FR","potentialAction":[{"@type":"ReadAction","target":["https:\/\/www.africa-press.net\/burkina-faso\/toutes-les-actualites\/covid-19-au-burkina-18-nouveaux-cas-et-15-nouvelles-guerisons-a-la-date-du-27-avril-2021"]}]},{"@type":"ImageObject","inLanguage":"fr-FR","@id":"https:\/\/www.africa-press.net\/burkina-faso\/toutes-les-actualites\/covid-19-au-burkina-18-nouveaux-cas-et-15-nouvelles-guerisons-a-la-date-du-27-avril-2021#primaryimage","url":"https:\/\/static.africa-press.net\/burkina\/sites\/42\/2021\/04\/img-608a89c32cdb9.jpg","contentUrl":"https:\/\/static.africa-press.net\/burkina\/sites\/42\/2021\/04\/img-608a89c32cdb9.jpg","width":720,"height":477,"caption":"COVID-19 au Burkina : 18 nouveaux cas et 15 nouvelles gu\u00e9risons \u00e0 la date du 27 avril 2021"},{"@type":"BreadcrumbList","@id":"https:\/\/www.africa-press.net\/burkina-faso\/toutes-les-actualites\/covid-19-au-burkina-18-nouveaux-cas-et-15-nouvelles-guerisons-a-la-date-du-27-avril-2021#breadcrumb","itemListElement":[{"@type":"ListItem","position":1,"name":"Accueil","item":"https:\/\/www.africa-press.net\/burkina-faso\/"},{"@type":"ListItem","position":2,"name":"COVID-19 : 18 nouveaux cas et 15 nouvelles gu\u00e9risons \u00e0 la date du 27 avril 2021"}]},{"@type":"WebSite","@id":"https:\/\/www.africa-press.net\/burkina-faso\/#website","url":"https:\/\/www.africa-press.net\/burkina-faso\/","name":"Burkina Faso","description":"Just another Africa News Agency Sites site","potentialAction":[{"@type":"SearchAction","target":{"@type":"EntryPoint","urlTemplate":"https:\/\/www.africa-press.net\/burkina-faso\/?s={search_term_string}"},"query-input":{"@type":"PropertyValueSpecification","valueRequired":true,"valueName":"search_term_string"}}],"inLanguage":"fr-FR"},{"@type":"Person","@id":"https:\/\/www.africa-press.net\/burkina-faso\/#\/schema\/person\/2b1cf3cd81a31e3cd26889ca66d677f1","name":"cfeditorfr"}]}},"_links":{"self":[{"href":"https:\/\/www.africa-press.net\/burkina-faso\/wp-json\/wp\/v2\/posts\/10774","targetHints":{"allow":["GET"]}}],"collection":[{"href":"https:\/\/www.africa-press.net\/burkina-faso\/wp-json\/wp\/v2\/posts"}],"about":[{"href":"https:\/\/www.africa-press.net\/burkina-faso\/wp-json\/wp\/v2\/types\/post"}],"author":[{"embeddable":true,"href":"https:\/\/www.africa-press.net\/burkina-faso\/wp-json\/wp\/v2\/users\/82"}],"replies":[{"embeddable":true,"href":"https:\/\/www.africa-press.net\/burkina-faso\/wp-json\/wp\/v2\/comments?post=10774"}],"version-history":[{"count":0,"href":"https:\/\/www.africa-press.net\/burkina-faso\/wp-json\/wp\/v2\/posts\/10774\/revisions"}],"wp:featuredmedia":[{"embeddable":true,"href":"https:\/\/www.africa-press.net\/burkina-faso\/wp-json\/wp\/v2\/media\/10773"}],"wp:attachment":[{"href":"https:\/\/www.africa-press.net\/burkina-faso\/wp-json\/wp\/v2\/media?parent=10774"}],"wp:term":[{"taxonomy":"category","embeddable":true,"href":"https:\/\/www.africa-press.net\/burkina-faso\/wp-json\/wp\/v2\/categories?post=10774"},{"taxonomy":"post_tag","embeddable":true,"href":"https:\/\/www.africa-press.net\/burkina-faso\/wp-json\/wp\/v2\/tags?post=10774"}],"curies":[{"name":"wp","href":"https:\/\/api.w.org\/{rel}","templated":true}]}}