{"id":10780,"date":"2021-04-29T12:15:59","date_gmt":"2021-04-29T12:15:59","guid":{"rendered":"https:\/\/www.africa-press.net\/burkina-faso\/?p=10780"},"modified":"2021-04-29T12:09:45","modified_gmt":"2021-04-29T12:09:45","slug":"compte-rendu-du-conseil-des-ministres-du-mercredi-28-avril-2021","status":"publish","type":"post","link":"https:\/\/www.africa-press.net\/burkina-faso\/politique\/compte-rendu-du-conseil-des-ministres-du-mercredi-28-avril-2021","title":{"rendered":"Compte rendu du Conseil des ministres du mercredi 28 avril 2021"},"content":{"rendered":"<p><span style=\"color: #ff6600\"><strong><a href=\"https:\/\/www.africa-press.net\/\">Africa-Press<\/a> &#8211; <a href=\"https:\/\/www.africa-press.net\/burkina-faso\">Burkina Faso<\/a>. <\/strong><\/span><b>Le Conseil des ministres s\u2019est tenu \u00e0 Ouagadougou, le mercredi 28 avril 2021, en s\u00e9ance ordinaire, de 09 H 00 mn \u00e0 15 H 30 mn, sous la pr\u00e9sidence de Son Excellence Monsieur Roch Marc Christian KABORE, Pr\u00e9sident du Faso, Pr\u00e9sident du Conseil des ministres. Il a d\u00e9lib\u00e9r\u00e9 sur les dossiers inscrits \u00e0 son ordre du jour, entendu des communications orales, proc\u00e9d\u00e9 \u00e0 des nominations et autoris\u00e9 des missions \u00e0 l\u2019\u00e9tranger.<\/b><\/p>\n<p><b>I. DELIBERATIONS<\/b><\/p>\n<p>I.1. AU TITRE DE LA PRESIDENCE DU FASO Le Conseil a adopt\u00e9 un rapport relatif \u00e0 trois (03) d\u00e9crets. Il s\u2019agit : du d\u00e9cret portant attributions, composition et fonctionnement du Conseil national des archives ;<br \/>\ndu d\u00e9cret portant composition, attributions et fonctionnement des Archives nationales du Burkina Faso ;<br \/>\ndu d\u00e9cret portant conditions et proc\u00e9dures de gestion des archives publiques et priv\u00e9es au Burkina Faso.<\/p>\n<p>Ces d\u00e9crets visent la mise en \u0153uvre des dispositions de la loi n\u00b0047-2019\/AN du 22 octobre 2019 r\u00e9gissant les archives au Burkina Faso, pour la prise en compte des archives \u00e9lectroniques, la prestation de serment des agents travaillant dans les services d\u2019archives et les sp\u00e9cificit\u00e9s des archives de certaines professions lib\u00e9rales. L\u2019adoption de ces d\u00e9crets permettra de r\u00e9soudre la probl\u00e9matique de la gestion des archives dans notre pays.<\/p>\n<p><b>I.2. AU TITRE DU MINISTERE DES AFFAIRES ETRANGERES, DE LA COOPERATION, DE L\u2019INTEGRATION AFRICAINE ET DES BURKINABE DE L\u2019EXTERIEUR<\/b><\/p>\n<p>Le Conseil a adopt\u00e9 un d\u00e9cret portant ouverture d\u2019un Consulat g\u00e9n\u00e9ral du Burkina Faso \u00e0 Malabo, R\u00e9publique de Guin\u00e9e Equatoriale. L\u2019adoption de ce d\u00e9cret consacre l\u2019ouverture d\u2019un Consulat g\u00e9n\u00e9ral du Burkina Faso \u00e0 Malabo, R\u00e9publique de Guin\u00e9e Equatoriale en vue du renforcement de la coop\u00e9ration entre les deux pays.<\/p>\n<p><b>I.3. AU TITRE DU MINISTERE DE L\u2019ECONOMIE, DES FINANCES ET DU DEVELOPPEMENT<\/b><\/p>\n<p>Le Conseil a adopt\u00e9 trois (03) rapports. Le premier rapport est relatif au Sch\u00e9ma directeur de la statistique (SDS) 2021-2025. Le SDS vise la mise en \u0153uvre de la strat\u00e9gie nationale de d\u00e9veloppement de la statistique afin de fournir \u00e0 notre pays des informations statistiques actualis\u00e9es, n\u00e9cessaires \u00e0 l\u2019\u00e9laboration et \u00e0 la conduite des politiques et programmes nationaux de d\u00e9veloppement.<\/p>\n<p>Le Sch\u00e9ma directeur de la statistique pr\u00e9voit entre autres activit\u00e9s : la poursuite du 5\u00e8me Recensement g\u00e9n\u00e9ral de la population et de l\u2019habitation ;<br \/>\nla poursuite du 2\u00e8me Recensement g\u00e9n\u00e9ral de l\u2019agriculture (RGA) ;<br \/>\nla r\u00e9alisation de la 5\u00e8me enqu\u00eate d\u00e9mographique et de sant\u00e9 ;<br \/>\nla r\u00e9alisation de l\u2019enqu\u00eate sur la disponibilit\u00e9 et la capacit\u00e9 op\u00e9rationnelle des services de sant\u00e9.<\/p>\n<p>L\u2019adoption de ce rapport permettra la mise en \u0153uvre du Sch\u00e9ma directeur de la statistique 2021-2025. Le deuxi\u00e8me rapport est relatif \u00e0 un projet de loi portant cadre juridique et institutionnel du Partenariat public-priv\u00e9 (PPP) au Burkina Faso.<\/p>\n<p>Le PPP est un instrument contractuel de r\u00e9alisation de projets de d\u00e9veloppement. Ce projet de loi une fois adopt\u00e9 \u00e0 l\u2019Assembl\u00e9e nationale remplacera la pr\u00e9c\u00e9dente loi n\u00b0020-2013\/AN du 23 mai 2013 portant r\u00e9gime juridique du PPP au Burkina Faso.<\/p>\n<p>Le Conseil a marqu\u00e9 son accord pour la transmission dudit projet de loi \u00e0 l\u2019Assembl\u00e9e nationale. Le troisi\u00e8me rapport est relatif \u00e0 un d\u00e9cret portant fixation de l\u2019indemnit\u00e9 journali\u00e8re de session des membres du Conseil d\u2019orientation de l\u2019Autorit\u00e9 sup\u00e9rieure de contr\u00f4le d\u2019Etat et de lutte contre la corruption (ASCE-LC).<\/p>\n<p>L\u2019adoption de ce d\u00e9cret vise l\u2019application de l\u2019article 45 de la loi organique n\u00b0082-2015\/CNT du 24 novembre 2015 portant attributions, composition et fonctionnement de l\u2019ASCE-LC.<\/p>\n<p><b>I.4. AU TITRE DU MINISTERE DE LA SANTE<\/b><\/p>\n<p>Le Conseil a adopt\u00e9 und\u00e9cret portant attributions, composition et fonctionnement du Conseil national de sant\u00e9 (CNS). Le Conseil national de sant\u00e9 est l\u2019organe charg\u00e9 d\u2019\u00e9mettre un avis sur les dossiers m\u00e9dicaux \u00e9tablis dans le but d\u2019obtenir entre autres, une \u00e9vacuation sanitaire hors du territoire national, un cong\u00e9 maladie de longue dur\u00e9e pour un agent public de l\u2019Etat et une mise \u00e0 la retraite anticip\u00e9e pour raisons de sant\u00e9 d\u2019un agent public de l\u2019Etat.<\/p>\n<p>L\u2019adoption de ce d\u00e9cret permet au Conseil national de sant\u00e9 de travailler avec c\u00e9l\u00e9rit\u00e9 dans le traitement des dossiers de sant\u00e9 li\u00e9s aux \u00e9vacuations sanitaires.<\/p>\n<p><b>I.5. AU TITRE DU MINISTERE DE LA FONCTION PUBLIQUE, DU TRAVAIL ET DE LA PROTECTION SOCIALE<\/b><\/p>\n<p>Le Conseil a adopt\u00e9 deux (02) d\u00e9crets. Le premier d\u00e9cret porte autorisation de prise de participation de la Caisse nationale de s\u00e9curit\u00e9 sociale (CNSS) dans le capital social de la Banque postale du Burkina Faso.<\/p>\n<p>L\u2019adoption de ce d\u00e9cret permet \u00e0 la CNSS de participer au capital social de la Banque postale du Burkina Faso \u00e0 hauteur de 1 050 000 000 FCFA, conform\u00e9ment \u00e0 l\u2019article 4 de la loi n\u00b0025\/99\/AN du 16 novembre 1999 portant r\u00e8glementation g\u00e9n\u00e9rale des soci\u00e9t\u00e9s \u00e0 capitaux publics.<\/p>\n<p>Le second d\u00e9cret porte autorisation de prise de participation de la Caisse autonome de retraite des fonctionnaires (CARFO) dans le capital social de la Banque postale du Burkina Faso.<\/p>\n<p>L\u2019adoption de ce d\u00e9cret permet \u00e0 la CARFO de participer au capital social de la Banque postale du Burkina Faso \u00e0 hauteur de 1 200 000 000 FCFA, conform\u00e9ment \u00e0 l\u2019article 4 de la loi n\u00b0025\/99\/AN du 16 novembre 1999 portant r\u00e8glementation g\u00e9n\u00e9rale des soci\u00e9t\u00e9s \u00e0 capitaux publics.<\/p>\n<p><b>I.6. AU TITRE DU MINISTERE DE L\u2019ECONOMIE NUMERIQUE, DES POSTES ET DE LA TRANSFORMATION DIGITALE<\/b><\/p>\n<p>Le Conseil a adopt\u00e9 un d\u00e9cret portant organisation du minist\u00e8re de l\u2019Economie num\u00e9rique, des postes et de la transformation digitale. Ce d\u00e9cret prend en compte les nouvelles attributions de ce d\u00e9partement afin de le conformer au d\u00e9cret n\u00b02021-0002\/PRES\/PM du 10 janvier 2021 portant composition du gouvernement et au d\u00e9cret n\u00b02021-0023\/PRES\/PM\/SGG-CM du 1er f\u00e9vrier 2021 portant attributions des membres du gouvernement.<\/p>\n<p>L\u2019adoption de ce d\u00e9cret permet au minist\u00e8re de l\u2019Economie num\u00e9rique, des postes et de la transformation digitale de se doter d\u2019un nouvel organigramme en vue de remplir efficacement ses missions.<\/p>\n<p><b>I.7. AU TITRE DU MINISTERE DE L\u2019AGRICULTURE, DES AMENAGEMENTS HYDRO-AGRICOLES ET DE LA MECANISATION<\/b><\/p>\n<p>Le Conseil a adopt\u00e9 un rapport relatif au Plan de r\u00e9ponse et de soutien aux populations vuln\u00e9rables \u00e0 l\u2019ins\u00e9curit\u00e9 alimentaire et \u00e0 la malnutrition (PRSPV) de 2021. Pour la r\u00e9alisation de l\u2019objectif global du PRSPV de 2021, les r\u00e9ponses urgentes concernent :<\/p>\n<p>l\u2019assistance alimentaire aux personnes vuln\u00e9rables ;<br \/>\nl\u2019assistance aux personnes d\u00e9plac\u00e9es internes et aux m\u00e9nages h\u00f4tes ;<br \/>\nle soutien \u00e0 la production agricole et animale ;<br \/>\nla pr\u00e9vention et la prise en charge des enfants de moins de 5 ans malnutris, des femmes enceintes et allaitantes malnutries ;<\/p>\n<p>le soutien \u00e0 l\u2019approvisionnement en eau potable.<br \/>\nLe co\u00fbt global du PRSPV de 2021 est de cent vingt-six milliards cinquante-huit millions huit cent quatre-vingt-dix mille quatre cent quatre-vingt et un (126 058 890 481) FCFA, financ\u00e9 par l\u2019Etat burkinab\u00e8, les partenaires techniques et financiers et les collectivit\u00e9s.<\/p>\n<p><b>I.8. AU TITRE DU MINISTERE DES INFRASTRUCTURES ET DU DESENCLAVEMENT<\/b><\/p>\n<p>Le Conseil a adopt\u00e9 un d\u00e9cret portant organisation du minist\u00e8re des Infrastructures et du d\u00e9senclavement. Ce d\u00e9cret prend en compte les nouvelles attributions de ce d\u00e9partement afin de le conformer au d\u00e9cret n\u00b02021-0002\/PRES\/PM du 10 janvier 2021 portant composition du Gouvernement et au d\u00e9cret n\u00b02021-0023\/PRES\/PM\/SGG-CM du 1er f\u00e9vrier 2021 portant attributions des membres du gouvernement.<\/p>\n<p>L\u2019adoption de ce d\u00e9cret permet au minist\u00e8re des Infrastructures et du d\u00e9senclavement de se doter d\u2019un nouvel organigramme en vue d\u2019accomplir efficacement ses missions.<\/p>\n<p><b>I.9. AU TITRE DU MINISTERE DE L\u2019ENERGIE, DES MINES ET DES CARRIERES<\/b><\/p>\n<p>Le Conseila adopt\u00e9 un rapport relatif \u00e0 la s\u00e9curit\u00e9 \u00e9nerg\u00e9tique au Burkina Faso : diagnostic et solutions pr\u00e9conis\u00e9es pour le renforcement de notre parc de production \u00e9lectrique en interne.<\/p>\n<p>Ce rapport donne l\u2019alerte sur notre s\u00e9curit\u00e9 \u00e9nerg\u00e9tique et un besoin urgent de renforcement du parc de production \u00e9lectrique en interne, notamment par des centrales thermiques fonctionnant au Gaz (LNG) 1 au Burkina Faso.<\/p>\n<p><b>I.10. AU TITRE DU MINISTERE DE L\u2019ENVIRONNEMENT, DE L\u2019ECONOMIE VERTE ET DU CHANGEMENT CLIMATIQUE<\/b><\/p>\n<p>Le Conseil a adopt\u00e9 un d\u00e9cret portant organisation du minist\u00e8re de l\u2019Environnement, de l\u2019\u00e9conomie verte et du changement climatique. Ce d\u00e9cret prend en compte les nouvelles attributions de ce d\u00e9partement afin de le conformer au d\u00e9cret n\u00b02021-0002\/PRES\/PM du 10 janvier 2021 portant composition du gouvernement et au d\u00e9cret n\u00b02021-0023\/PRES\/PM\/SGG-CM du 1er f\u00e9vrier 2021 portant attributions des membres du gouvernement.<\/p>\n<p>L\u2019adoption de ce d\u00e9cret permet au minist\u00e8re de l\u2019Environnement, de l\u2019\u00e9conomie verte et du changement climatique de se doter d\u2019un nouvel organigramme en vue d\u2019accomplir efficacement ses missions.<\/p>\n<p><b>II. COMMUNICATIONS ORALES<\/b><\/p>\n<p>II.1. Le Pr\u00e9sident du Faso s\u2019est r\u00e9joui de la tenue de la 22\u00e8me \u00e9dition de la Journ\u00e9e nationale du paysan (JNP) \u00e0 Manga, le samedi 24 avril 2021. Il a r\u00e9it\u00e9r\u00e9 ses f\u00e9licitations et ses encouragements aux productrices et producteurs de notre pays, et les exhorte \u00e0 poursuivre les efforts de modernisation et d\u2019organisation du monde agricole.<\/p>\n<p>II.2. Le ministre d\u2019Etat, ministre de l\u2019Administration territoriale et de la d\u00e9centralisation a inform\u00e9 le Conseil du niveau de pr\u00e9paration de la c\u00e9l\u00e9bration du 11 d\u00e9cembre 2021 \u00e0 Ziniar\u00e9.<\/p>\n<p>Le Conseil a not\u00e9 une bonne progression dans les proc\u00e9dures du d\u00e9pouillement des offres pour la r\u00e9alisation des grandes infrastructures. Le Conseil a instruit le ministre charg\u00e9 du dossier \u00e0 prendre les dispositions n\u00e9cessaires en vue de l\u2019acc\u00e9l\u00e9ration de la construction de la cit\u00e9 des forces vives.<\/p>\n<p>II.3. Le ministre des Affaires \u00e9trang\u00e8res, de la coop\u00e9ration, de l\u2019int\u00e9gration africaine et des Burkinab\u00e8 de l\u2019ext\u00e9rieur a inform\u00e9 le Conseil de la tenue de la 4\u00e8me r\u00e9union du Comit\u00e9 conjoint de suivi du Trait\u00e9 d\u2019amiti\u00e9 et de coop\u00e9ration (TAC) entre la C\u00f4te d\u2019Ivoire et le Burkina Faso, du 28 au 30 avril 2021 \u00e0 Abidjan.<\/p>\n<p>II.4. Les ministres charg\u00e9s de la Recherche et de la Sant\u00e9 ont inform\u00e9 le Conseil des excellents r\u00e9sultats obtenus dans la recherche d\u2019un vaccin contre le paludisme par une \u00e9quipe de recherche burkinab\u00e8 bas\u00e9e \u00e0 Nanoro dans le Boulkiemd\u00e9.<\/p>\n<p>A l\u2019issue de la phase 2 de la recherche, le candidat vaccin R-21 a r\u00e9v\u00e9l\u00e9 une efficacit\u00e9 de 77% au-dessus d\u2019une efficacit\u00e9 des 75% requis par l\u2019Organisation mondiale de la sant\u00e9 (OMS). La phase 3 de la recherche qui concernera une plus grande \u00e9chelle de la population, d\u2019ici et d\u2019ailleurs, va d\u00e9buter en mai 2021 ; elle est la derni\u00e8re \u00e9tape de la recherche devant aboutir \u00e0 la validation du vaccin contre le paludisme.<\/p>\n<p>Le Pr\u00e9sident du Faso \u00e0 travers le Conseil des ministres a tenu \u00e0 encourager une fois de plus les chercheurs burkinab\u00e8 et leurs partenaires impliqu\u00e9s dans cette qu\u00eate de vaccin contre le paludisme.<\/p>\n<p>II.5. Le ministre de l\u2019Eau et de l\u2019assainissement a inform\u00e9 le Conseil de la dynamique de concertations entre l\u2019Office national de l\u2019eau et de l\u2019assainissement (ONEA), la Ligue des consommateurs du Burkina, les Organisations de la soci\u00e9t\u00e9 civile, de personnes ressources et des repr\u00e9sentants de consommateurs dans le cadre d\u2019un atelier tenu les 14 et 15 avril 2021. Ces concertations ont abouti \u00e0 des conclusions consensuelles. Le Conseil a instruit le ministre charg\u00e9 de l\u2019Eau de veiller \u00e0 la mise en \u0153uvre diligente desdites conclusions.<\/p>\n<p><b>III. NOMINATIONS<\/b><\/p>\n<p>III.1. NOMINATIONS DANS LES FONCTIONS INDIVIDUELLES AU TITRE DE LA PRIMATURE Monsieur Fatogoma Anselme SANOU, Officier, Intendant Colonel-Major, est nomm\u00e9 Secr\u00e9taire permanent de la Commission nationale de contr\u00f4le des armes (CNCA) ;<br \/>\nMonsieur Alain Florent YELEMOU, Mle 46 245 D, Administrateur des services financiers, 1\u00e8re classe, 6\u00e8me \u00e9chelon, est nomm\u00e9 Directeur de l\u2019administration des finances de l\u2019Agence nationale de s\u00e9curit\u00e9 des syst\u00e8mes d\u2019information (ANSSI).<\/p>\n<p><b>AU TITRE DU MINISTERE DES AFFAIRES ETRANGERES, DE LA COOPERATION, DE L\u2019INTEGRATION ET DES BURKINABE DE L\u2019EXTERIEUR<\/b><\/p>\n<p>Monsieur Lucien KINDA, Mle 105 274 N, Administrateur civil, 1\u00e8re classe, 2\u00e8me \u00e9chelon, est nomm\u00e9 Charg\u00e9 de missions ;<br \/>\nMonsieur Yacouba CAMARA, Mle 78 61 T, est nomm\u00e9 Conseiller \u00e9conomique \u00e0 l\u2019Ambassade du Burkina Faso \u00e0 Ottawa au Canada ;<\/p>\n<p>Monsieur Marcel Marie DAKOURE, Mle 32 462 X, Conseiller des affaires \u00e9trang\u00e8res, 1\u00e8re classe, 7\u00e8me \u00e9chelon, est nomm\u00e9 Premier conseiller pr\u00e8s l\u2019Ambassade du Burkina Faso \u00e0 Bamako (Mali) ;<br \/>\nMonsieur Souleymane HEBIE, Mle 5 934 N, Ministre pl\u00e9nipotentiaire, 1\u00e8re classe, 8\u00e8me \u00e9chelon, est nomm\u00e9 Ministre pr\u00e8s l\u2019Ambassade du Burkina Faso \u00e0 Abu Dhabi (Emirats Arabes Unis) ;<\/p>\n<p>Monsieur Karim Ouepia IDOGO, Mle 105 154 H, Conseiller des affaires \u00e9trang\u00e8res, 1\u00e8re classe, 7\u00e8me \u00e9chelon, est nomm\u00e9 Premier conseiller aupr\u00e8s de l\u2019Ambassade, repr\u00e9sentation permanente du Burkina Faso \u00e0 Addis Abeba en Ethiopie ;<br \/>\nMonsieur Boulmonli L\u00e9onard LOMPO, Mle 104 413 C, Conseiller des affaires \u00e9trang\u00e8res, 1\u00e8re classe, 8\u00e8me \u00e9chelon, est nomm\u00e9 Ministre conseiller \u00e0 l\u2019Ambassade du Burkina Faso \u00e0 Washington ;<\/p>\n<p>Monsieur Alfred Benjamin Patind\u00e9 TIENDREBEOGO, Mle 104 408 M, Ministre pl\u00e9nipotentiaire, 1\u00e8re classe, 8\u00e8me \u00e9chelon, est nomm\u00e9 Ministre conseiller \u00e0 l\u2019Ambassade du Burkina Faso \u00e0 Rome ;<br \/>\nMonsieur Belko DIALLO, Mle 97 966 X, Conseiller des affaires \u00e9trang\u00e8res, 1\u00e8re classe, 5\u00e8me \u00e9chelon, est nomm\u00e9 Premier conseiller pr\u00e8s l\u2019Ambassade du Burkina Faso en Arabie Saoudite ;<\/p>\n<p>Monsieur Aminou OUEDRAOGO, Mle 86 084 C, Interpr\u00e8te-traducteur, 1\u00e8re classe, 10\u00e8me \u00e9chelon, est nomm\u00e9 Attach\u00e9 d\u2019Ambassade aux Emirats arabes Unis ;<br \/>\nMonsieur Gr\u00e9goire KARAGA, Mle 51 955 V, Inspecteur principal des douanes, 2\u00e8me grade, 3\u00e8me \u00e9chelon, est nomm\u00e9 Conseiller charg\u00e9 des questions douani\u00e8res \u00e0 l\u2019Ambassade du Burkina Faso \u00e0 Bruxelles (Belgique) ;<\/p>\n<p>Monsieur Ousmane KABRE, Mle 208 206 V, Conseiller des affaires \u00e9trang\u00e8res, 1\u00e8re classe, 6\u00e8me \u00e9chelon, est nomm\u00e9 Directeur du c\u00e9r\u00e9monial et des protocoles institutionnels minist\u00e9riels et des collectivit\u00e9s territoriales ;<br \/>\nMadame Rose OUEDRAOGO\/OUEDRAOGO, Mle 46 652 N, Conseiller des affaires \u00e9trang\u00e8res, 1\u00e8re classe, 8\u00e8me \u00e9chelon, est nomm\u00e9e Directrice des conf\u00e9rences et voyages officiels ;<\/p>\n<p>Monsieur Abdoul Aim\u00e9 Roland KONATE, Mle 118 939 R, Conseiller des affaires \u00e9trang\u00e8res, 1\u00e8re classe, 6\u00e8me \u00e9chelon, est nomm\u00e9 Directeur des privil\u00e8ges et immunit\u00e9s diplomatiques \u00e0 la Direction g\u00e9n\u00e9rale du Protocole d\u2019Etat ;<br \/>\nMonsieur R\u00e9gis K\u00e9vin BAKYONO, Mle 104 418 Y, Conseiller des affaires \u00e9trang\u00e8res, 1\u00e8re classe, 8\u00e8me \u00e9chelon, est nomm\u00e9 Conseiller technique aupr\u00e8s du Ministre d\u00e9l\u00e9gu\u00e9 charg\u00e9 de l\u2019Int\u00e9gration africaine et des Burkinab\u00e8 de l\u2019ext\u00e9rieur ;<\/p>\n<p>Monsieur Bakary KONE, Mle 117 403 C, Conseiller en sciences et techniques de l\u2019information et de la communication, 1\u00e8re classe, 6\u00e8me \u00e9chelon, est nomm\u00e9 Conseiller technique aupr\u00e8s du Ministre d\u00e9l\u00e9gu\u00e9 charg\u00e9 de l\u2019Int\u00e9gration africaine et des Burkinab\u00e8 de l\u2019ext\u00e9rieur ;<br \/>\nMonsieur Dramane KY, Mle 104 318 P, Inspecteur du tr\u00e9sor, 1\u00e8re classe, 7\u00e8me \u00e9chelon, est nomm\u00e9 Tr\u00e9sorier pr\u00e8s l\u2019Ambassade du Burkina Faso \u00e0 Riyadh (Arabie Saoudite).<\/p>\n<p><b>AU TITRE DU MINISTERE DE L\u2019ECONOMIE, DES FINANCES ET DU DEVELOPPEMENT<\/b><\/p>\n<p>Monsieur Daouda SOMA, Mle 104 851 L, Administrateur des services financiers, 1\u00e8re classe, 3\u00e8me \u00e9chelon, est nomm\u00e9 Comptable principal des mati\u00e8res ;<br \/>\nMonsieur Soungalo Eric BARRO, Mle 43 110 R, Inspecteur des imp\u00f4ts, 1\u00e8re classe, 8\u00e8me \u00e9chelon, est nomm\u00e9 Directeur du Centre des imp\u00f4ts Bobo I ;<\/p>\n<p>Monsieur Abdoulaye SOMA, Mle 47 696 C, Inspecteur des imp\u00f4ts, 1\u00e8re classe, 13\u00e8me \u00e9chelon, est nomm\u00e9 Directeur des moyennes entreprises du Centre II ;<br \/>\nMonsieur Poh\u00e9 Issa BAOULA, Mle 43 154 A, Inspecteur des imp\u00f4ts, 1\u00e8re classe, 5\u00e8me \u00e9chelon, est nomm\u00e9 Directeur du Centre des imp\u00f4ts Bobo III ;<br \/>\nMonsieur Ni\u00e8wi\u00e8 Bertin SOME, Mle 37 255 Z, 1\u00e8re classe, 10\u00e8me \u00e9chelon, est nomm\u00e9 Directeur du Centre des imp\u00f4ts Bobo IV ;<\/p>\n<p>Monsieur Mahadou Gustave KONATE, Mle 39 662 G, Inspecteur des imp\u00f4ts, 1\u00e8re classe, 8\u00e8me \u00e9chelon, est nomm\u00e9 Directeur du Centre des imp\u00f4ts Ouaga III ;<br \/>\nMonsieur Pierre ZIDA, Mle 35 916 E, Inspecteur des imp\u00f4ts, 1\u00e8re classe, 7\u00e8me \u00e9chelon, est nomm\u00e9 Directeur du Centre des imp\u00f4ts Ouaga IV ;<br \/>\nMonsieur Aboubakar NACANABO, Mle 111 077 U, 1\u00e8re classe, 7\u00e8me \u00e9chelon, est nomm\u00e9 Commissaire du Gouvernement pr\u00e8s de l\u2019Ordre national des experts comptables et comptables agr\u00e9\u00e9s ;<\/p>\n<p>Madame Y\u00e9ri Rosalie KAMBIRE, Mle 52 167 U, Inspecteur des imp\u00f4ts, 1\u00e8re classe, 12\u00e8me \u00e9chelon, est nomm\u00e9e Directrice des moyennes entreprises du Centre n\u00b04 ;<br \/>\nMonsieur Hamma BANCE, Mle 56 728 M, Inspecteur des imp\u00f4ts, 1\u00e8re classe, 8\u00e8me \u00e9chelon, est nomm\u00e9 Directeur des moyennes entreprises des Hauts-Bassins ;<br \/>\nMonsieur Moussa KONVOLBO, Mle 39 646 G, Inspecteur des imp\u00f4ts, 1\u00e8re classe, 10\u00e8me \u00e9chelon, est nomm\u00e9 Directeur de la prospective et du suivi des r\u00e9formes ;<br \/>\nMonsieur Bernard OUEDRAOGO, Mle 54 651 Y, Inspecteur des imp\u00f4ts, 1\u00e8re classe, 11\u00e8me \u00e9chelon, est nomm\u00e9 Directeur du contr\u00f4le fiscal ;<\/p>\n<p>Monsieur Souleymane OUEDRAOGO, Mle 31 992 P, Inspecteur des imp\u00f4ts, 1\u00e8re classe, 10\u00e8me \u00e9chelon, est nomm\u00e9 Directeur du Guichet unique du foncier de Bobo-Dioulasso.<\/p>\n<p><b>AU TITRE DU MINISTERE DE L\u2019ENSEIGNEMENT SUPERIEUR, DE LA RECHERCHE SCIENTIFIQUE ET DE L\u2019INNOVATION<\/b><\/p>\n<p>Monsieur Ataouegu\u00e9 Jo\u00ebl AOUE, Mle 32 869, Attach\u00e9 d\u2019intendance universitaire, 1\u00e8re classe, 6\u00e8me \u00e9chelon, est nomm\u00e9 Charg\u00e9 de missions ;<br \/>\nMonsieur Wamtinga Richard SAWADOGO, Mle 88 764 P, Ma\u00eetre de recherche, cat\u00e9gorie P2, classe exceptionnelle, 1er \u00e9chelon, est nomm\u00e9 Charg\u00e9 de missions ;<br \/>\nMonsieur Sanmalme Aristide DABIRE, Mle 36 609 E, Inspecteur de l\u2019enseignement secondaire, 1\u00e8re classe, 15\u00e8me \u00e9chelon, est nomm\u00e9 Inspecteur technique des services.<\/p>\n<p><b>AU TITRE DU MINISTERE DE L\u2019ECONOMIE NUMERIQUE, DES POSTES ET DE LA TRANSFORMATION DIGITALE<\/b><\/p>\n<p>Monsieur Inoussa TRAORE, Mle 262 708 S, Enseignant-chercheur en \u00e9conomie, est nomm\u00e9 Secr\u00e9taire g\u00e9n\u00e9ral de l\u2019Agence nationale de promotion des technologies de l\u2019information et de la communication (ANPTIC).<\/p>\n<p><b>AU TITRE DU MINISTERE DES RESSOURCES ANIMALES ET HALIEUTIQUES<\/b><\/p>\n<p>Monsieur Wendyam Armel BOUDA, Economiste-gestionnaire, cat\u00e9gorie A, 6\u00e8me \u00e9chelon, est nomm\u00e9 Conseiller technique ;<br \/>\nMonsieur Harouna SYLLA, Mle 43 945 T, Professeur certifi\u00e9 des lyc\u00e9es et coll\u00e8ges, 1\u00e8re classe, 15\u00e8me \u00e9chelon, est nomm\u00e9 Inspecteur g\u00e9n\u00e9ral des services ;<br \/>\nMadame Elise YAOGO\/KABORE, Mle 31 860 U, Ing\u00e9nieur d\u2019\u00e9levage, 1\u00e8re classe, 5\u00e8me \u00e9chelon, est nomm\u00e9e Directrice r\u00e9gionale des Ressources animales et halieutiques du Plateau-Central ;<\/p>\n<p>Monsieur Seydou OUEDRAOGO, Mle 217 491 X, Ing\u00e9nieur d\u2019\u00e9levage, 1\u00e8re classe, 2\u00e8me \u00e9chelon, est nomm\u00e9 Directeur provincial des Ressources animales et halieutiques des Banwa ;<br \/>\nMonsieur Tass\u00e9r\u00e9 KABORE, Mle 209 893 K, Conseiller d\u2019\u00e9levage, 1\u00e8re classe, 4\u00e8me \u00e9chelon, est nomm\u00e9 Directeur provincial des Ressources animales et halieutiques du Nahouri ;<\/p>\n<p>Monsieur Y\u00e9waya YAMEOGO, Mle 220 468 B, Ing\u00e9nieur du d\u00e9veloppement rural, vulgarisation agricole, 1\u00e8re classe, 2\u00e8me \u00e9chelon, est nomm\u00e9 Directeur provincial des Ressources animales et halieutiques du Namentenga ;<br \/>\nMonsieur Windezilimda Roger ZOUNGRANA, Mle 19 618 H, Technicien sup\u00e9rieur d\u2019\u00e9levage, 1\u00e8re classe, 8\u00e8me \u00e9chelon, est nomm\u00e9 Directeur provincial des Ressources animales et halieutiques de la Sissili.<\/p>\n<p><b>AU TITRE DU MINISTERE DE LA JEUNESSE, DE LA PROMOTION DE L\u2019ENTREPRENEURIAT ET DE L\u2019EMPLOI<\/b><\/p>\n<p>Monsieur Bamassi Serge HEMA, Mle 225 087 G, Administrateur des services financiers, 1\u00e8re classe, 5\u00e8me \u00e9chelon, est nomm\u00e9 Directeur de l\u2019administration des finances du Centre de formation professionnelle et industrielle de Bobo-Dioulasso ;<br \/>\nMonsieur Mahamoudou SAWADOGO, Mle 303 895 F, Conseiller en emploi et formation professionnelle, 1\u00e8re classe, 2\u00e8me \u00e9chelon, est nomm\u00e9 Directeur provincial de la Jeunesse, de la promotion de l\u2019entrepreneuriat et de l\u2019emploi du S\u00e9no.<\/p>\n<p><b>AU TITRE DU MINISTERE DE LA CULTURE, DES ARTS ET DU TOURISME<\/b><\/p>\n<p>Monsieur Salifou TA\u00cfTA, Mle 43 410 S, Instituteur principal, 1\u00e8re classe, 9\u00e8me \u00e9chelon, est nomm\u00e9 Directeur de Cabinet ;<br \/>\nMadame Alizata DABIRE\/SAWADOGO, Mle 59 707 Y, Administrateur civil, 1\u00e8re classe, 11\u00e8me \u00e9chelon, est nomm\u00e9e Secr\u00e9taire g\u00e9n\u00e9rale ;<br \/>\nMonsieur Mambourou SOMA, Mle 225 862 X, Conseiller des affaires culturelles, 1\u00e8re classe, 5\u00e8me \u00e9chelon, est nomm\u00e9 Directeur g\u00e9n\u00e9ral des \u00e9tudes et des statistiques sectorielles ;<\/p>\n<p>Monsieur Kiswendsida Marie Aim\u00e9 OUEDRAOGO, Mle 91 186 A, Administrateur des services touristiques, 1\u00e8re classe, 5\u00e8me \u00e9chelon, est nomm\u00e9 Directeur g\u00e9n\u00e9ral de l\u2019Office national du tourisme du Burkina (ONTB) ;<br \/>\nMonsieur Bangbi Francis Fr\u00e9d\u00e9ric KABORE, Mle 32 112 S, Conseiller en sciences et techniques de l\u2019information et de la communication, 1\u00e8re classe, 16\u00e8me \u00e9chelon, est nomm\u00e9 Directeur g\u00e9n\u00e9ral de l\u2019Institut sup\u00e9rieur de l\u2019image et du son-Studio \u00e9cole (ISIS-SE) ;<\/p>\n<p>Monsieur Bonaventure Bernadin OUEDRAOGO, Mle 41 446 M, Inspecteur de l\u2019enseignement secondaire, cat\u00e9gorie PC, 1\u00e8re classe, 11\u00e8me \u00e9chelon, est nomm\u00e9 Directeur g\u00e9n\u00e9ral du Cin\u00e9ma et de l\u2019audio-visuel.<\/p>\n<p><b>AU TITRE DU MINISTERE DES SPORTS ET DES LOISIRS<\/b><\/p>\n<p>Monsieur Isma\u00ebl ZEBRET, Mle 74 293 E, Ing\u00e9nieur en g\u00e9nie civil, 1\u00e8re classe, 12\u00e8me \u00e9chelon, est nomm\u00e9 Secr\u00e9taire technique des infrastructures de sports et loisirs ;<br \/>\nMonsieur Benjamin Ousmane OUEDRAOGO, Mle 35 969 J, Professeur certifi\u00e9 des lyc\u00e9es et coll\u00e8ges, 1\u00e8re classe, 9\u00e8me \u00e9chelon, est nomm\u00e9 Inspecteur technique des services ;<\/p>\n<p>Monsieur Isma\u00ebl SOMBIE, Officier, Capitaine, est nomm\u00e9 Directeur g\u00e9n\u00e9ral de l\u2019Office de gestion des infrastructures sportives ;<br \/>\nMonsieur Abdoul Ajusso OUEDRAOGO, Mle 31 983 N, Inspecteur des imp\u00f4ts, 1\u00e8re classe, 5\u00e8me \u00e9chelon, est nomm\u00e9 Directeur des march\u00e9s publics ;<br \/>\nMonsieur Moussa TINDANO, Mle 54 668 Z, Inspecteur du tr\u00e9sor, 1\u00e8re classe, 7\u00e8me \u00e9chelon, est nomm\u00e9 Directeur de l\u2019administration des finances.<\/p>\n<p><b>III.2. NOMINATIONS DANS LES CONSEILS D\u2019ADMINISTRATION<\/b><\/p>\n<p>Le Conseil a proc\u00e9d\u00e9 \u00e0 la nomination d\u2019Administrateurs et de Pr\u00e9sidents aux Conseils d\u2019administration : de l\u2019Office national d\u2019identification (ONI) au titre du minist\u00e8re de la S\u00e9curit\u00e9 ;<br \/>\nde l\u2019Universit\u00e9 de Ouahigouya (UOHG), de l\u2019Ecole normale sup\u00e9rieure de Koudougou (ENSK) et du Fonds national pour l\u2019\u00e9ducation et la recherche (FONER) au titre du minist\u00e8re de l\u2019Enseignement sup\u00e9rieur, de la recherche scientifique et de l\u2019innovation ;<br \/>\nde la Caisse nationale de s\u00e9curit\u00e9 sociale (CNSS) au titre du minist\u00e8re de la Fonction publique, du travail et de la protection sociale ;<\/p>\n<p>de la Maison de l\u2019Enfant Andr\u00e9 DUPONT de Orodara (MEADO) au titre du minist\u00e8re de la Femme, de la solidarit\u00e9 nationale, de la famille et de l\u2019action humanitaire ;<br \/>\nde la Soci\u00e9t\u00e9 de d\u00e9veloppement int\u00e9gr\u00e9 du P\u00f4le de croissance de la Vall\u00e9e du Sourou (SOUROUPOLE-SEM), de la Soci\u00e9t\u00e9 nationale de l\u2019am\u00e9nagement des terres et de l\u2019\u00e9quipement rural (SONATER) et de la Soci\u00e9t\u00e9 d\u2019exploitation des phosphates du Burkina (SEPB) au titre du minist\u00e8re de l\u2019Agriculture, des am\u00e9nagements hydro-agricoles et de la m\u00e9canisation ; de l\u2019Agence d\u2019ex\u00e9cution des travaux Eau et \u00e9quipement rural (AGETEER) au titre du minist\u00e8re de l\u2019Eau et de l\u2019assainissement.<\/p>\n<p><b>MINISTERE DE LA SECURITE<\/b><\/p>\n<p>Le Conseil a adopt\u00e9 un d\u00e9cret portant nomination de Monsieur Saidou YANOGO, Mle 34 14 P, Gestionnaire des t\u00e9l\u00e9communications, Administrateur repr\u00e9sentant l\u2019Etat, au titre du minist\u00e8re du D\u00e9veloppement de l\u2019\u00e9conomie num\u00e9rique, des postes et de la transformation digitale au Conseil d\u2019administration de l\u2019Office national d\u2019identification (ONI) pour un premier mandat de trois (03) ans.<\/p>\n<p><b>MINISTERE DE L\u2019ENSEIGNEMENT SUPERIEUR, DE LA RECHERCHE SCIENTIFIQUE ET DE L\u2019INNOVATION<\/b><\/p>\n<p>Le Conseil a adopt\u00e9 cinq (05) d\u00e9crets. Le premier d\u00e9cret porte nomination des personnes ci-apr\u00e8s, Administrateurs au Conseil d\u2019administration de l\u2019Universit\u00e9 de Ouahigouya (UOHG) pour un premier mandat de trois (03) ans.<\/p>\n<p><b>ADMINISTRATEUR REPRESENTANT L\u2019ETAT<\/b><\/p>\n<p>Au titre du minist\u00e8re de l\u2019Industrie, du commerce et de l\u2019artisanat : Monsieur Paligwend\u00e9 Christophe NONGUIERMA, Mle 260 353 T, Conseiller des affaires \u00e9conomiques.<\/p>\n<p><b>ADMINISTRATEUR REPRESENTANT LES ETABLISSEMENTS PUBLICS PROFESSIONNELS<\/b><\/p>\n<p>Monsieur Sma\u00efla OUEDRAOGO, Mle 240 997 X, Ma\u00eetre de conf\u00e9rences agr\u00e9g\u00e9 hospitalo-universitaire en sant\u00e9 publique.<\/p>\n<p><b>ADMINISTRATEUR REPRESENTANT LES STRUCTURES ADMINISTRATIVES LOCALES EXTERNES A L\u2019UNIVERSITE<\/b><\/p>\n<p>Au titre du Conseil r\u00e9gional du Nord : Monsieur Boukary SAVADOGO, Mle 47 770 D, Administrateur des affaires sociales en remplacement de Monsieur Salifou OUEDRAOGO.<br \/>\nLe deuxi\u00e8me d\u00e9cret nomme les personnes ci-apr\u00e8s, Administrateurs au Conseil d\u2019administration de l\u2019Ecole normale sup\u00e9rieure de Koudougou (ENSK) pour un premier mandat de trois (03) ans.<\/p>\n<p><b>ADMINISTRATEUR REPRESENTANT L\u2019ETAT<\/b><\/p>\n<p>Au titre du minist\u00e8re de l\u2019Education nationale, de l\u2019alphab\u00e9tisation et de la promotion des langues nationales : Monsieur Sidi DRABO, Mle 41 903 D, Inspecteur de l\u2019enseignement primaire et de l\u2019\u00e9ducation non formelle.<\/p>\n<p><b>ADMINISTRATEUR REPRESENTANT LES ELEVES STAGIAIRES DE L\u2019ECOLE NORMALE SUPERIEURE DE KOUDOUGOU (ENSK)<\/b><\/p>\n<p>Monsieur Moumouni ZOUNGRANA, El\u00e8ve professeur des coll\u00e8ges d\u2019enseignement g\u00e9n\u00e9ral.<br \/>\nLe troisi\u00e8me d\u00e9cret nomme les personnes ci-apr\u00e8s, Administrateurs au Conseil d\u2019administration du Fonds national pour l\u2019\u00e9ducation et la recherche (FONER) pour un premier mandat de trois (03) ans.<\/p>\n<p><b>ADMINISTRATEURS REPRESENTANT LES ETUDIANTS<\/b><\/p>\n<p>Monsieur Zangakiri SARAMBE, Etudiant en licence 2 de philosophie en remplacement de Monsieur Yahaya RAKISTABA ;<br \/>\nMonsieur Gaston NABAYAOGO, Etudiant en licence 3 de physique en remplacement de Monsieur Yacouba KYELEM.<\/p>\n<p><b>ADMINISTRATEUR REPRESENTANT LE PERSONNEL DU FONDS NATIONAL POUR L\u2019EDUCATION ET LA RECHERCHE (FONER)<\/b><\/p>\n<p>Monsieur Toua Justin COULIBALY, Mle 334 309 E, Ing\u00e9nieur de conception en informatique.<\/p>\n<p><b>ADMINISTRATEUR REPRESENTANT LES BAILLEURS DE FONDS DU FONDS NATIONAL POUR L\u2019EDUCATION ET LA RECHERCHE (FONER)<\/b><\/p>\n<p>Monsieur Wonouma Nicolas MILLOGO, Mle 91 100 089, Gestionnaire \u00e0 la Loterie nationale Burkinab\u00e8 (LONAB).<br \/>\nLe quatri\u00e8me d\u00e9cret porte renouvellement du mandat des personnes ci-apr\u00e8s, Administrateurs au Conseil d\u2019administration du Fonds national pour l\u2019\u00e9ducation et la recherche (FONER) pour une derni\u00e8re p\u00e9riode de trois (03) ans.<\/p>\n<p><b>ADMINISTRATEURS REPRESENTANT L\u2019ETAT<\/b><\/p>\n<p>Au titre du minist\u00e8re de l\u2019Economie, des finances et du d\u00e9veloppement : Monsieur Gaoussou GANDEMA, Mle 58 442 X, Inspecteur du tr\u00e9sor.<br \/>\nAu titre du minist\u00e8re de l\u2019Enseignement sup\u00e9rieur, de la recherche scientifique et de l\u2019innovation :<\/p>\n<p>Monsieur Aly SAVADOGO, Mle 110 923 A, Professeur titulaire ;<br \/>\nMadame Yougbar\u00e9 Wenn\u00e9gouda Mariette MININGOU, Mle 117 291 N, Enseignant-chercheur.<br \/>\nADMINISTRATEUR REPRESENTANT LE SYNDICAT DES ENSEIGNANTS Monsieur Olivier GNANKINE, Mle 110 925 Y, Professeur titulaire.<\/p>\n<p><b>ADMINISTRATEUR REPRESENTANT LES PROMOTEURS DE L\u2019ENSEIGNEMENT SUPERIEUR PRIVE<\/b><\/p>\n<p>Monsieur Isma\u00ebl Ladji TOURE, Gestionnaire.<br \/>\nLe cinqui\u00e8me d\u00e9cret renouvelle le mandat de Monsieur Gaoussou GANDEMA, Mle 58 442 X, Inspecteur du tr\u00e9sor, Pr\u00e9sident du Conseil d\u2019administration du Fonds national pour l\u2019\u00e9ducation et la recherche (FONER) pour une derni\u00e8re p\u00e9riode de trois (03) ans.<\/p>\n<p><b>MINISTERE DE LA FONCTION PUBLIQUE, DU TRAVAIL ET DE LA PROTECTION SOCIALE<\/b><\/p>\n<p>Le Conseil a adopt\u00e9 un d\u00e9cret portant nomination de Monsieur Diakarya OUATTARA, Mle 004, Cadre sup\u00e9rieur de Banque, Administrateur repr\u00e9sentant les employeurs au Conseil d\u2019administration de la Caisse nationale de s\u00e9curit\u00e9 sociale (CNSS) pour un premier mandat de trois (03) ans.<\/p>\n<p><b>MINISTERE DE LA FEMME, DE LA SOLIDARITE NATIONALE, DE LA FAMILLE ET DE L\u2019ACTION HUMANITAIRE<\/b><\/p>\n<p>Le Conseil a adopt\u00e9 trois (03) d\u00e9crets. Le premier d\u00e9cret porte nomination des personnes ci-apr\u00e8s, Administrateurs au Conseil d\u2019administration de la Maison de l\u2019enfance Andr\u00e9 DUPONT de Orodara (MEADO) pour un premier mandat de trois (03) ans.<\/p>\n<p><b>ADMINISTRATEURS REPRESENTANT L\u2019ETAT<\/b><\/p>\n<p>Au titre du minist\u00e8re de la Femme, de la solidarit\u00e9 nationale, de la famille et de l\u2019action humanitaire : Monsieur Soum\u00e8la SAKHO, Mle 46 405 C, Inspecteur d\u2019\u00e9ducation sp\u00e9cialis\u00e9e.<br \/>\nAu titre du minist\u00e8re de la Justice, des droits humains et de la promotion civique : Monsieur Roger-Andr\u00e9 ZOUNGRANA, Mle 130 393 C, Magistrat.<br \/>\nAu titre du minist\u00e8re de la Jeunesse et de la promotion de l\u2019entrepreneuriat des jeunes :<\/p>\n<p>Monsieur Zoumana TRAORE, Mle 259 736 R, Conseiller en emploi et en formation professionnelle.<br \/>\nLe deuxi\u00e8me d\u00e9cret renouvelle le mandat des personnes ci-apr\u00e8s, Administrateurs au Conseil d\u2019administration de la Maison de l\u2019enfance Andr\u00e9 DUPONT de Orodara (MEADO) pour une derni\u00e8re p\u00e9riode de trois (03) ans.<\/p>\n<p><b>ADMINISTRATEURS REPRESENTANT L\u2019ETAT<\/b><\/p>\n<p>Au titre du minist\u00e8re de la Femme, de la solidarit\u00e9 nationale, de la famille et de l\u2019action humanitaire : Monsieur Si\u00e9 Pascal PODA, Mle 55 810 N, Inspecteur d\u2019\u00e9ducation sp\u00e9cialis\u00e9e.<br \/>\nAu titre du minist\u00e8re de la Fonction publique, du travail et de la protection sociale :<\/p>\n<p>Monsieur Moussa TRAORE, Mle 212 388 Y, Inspecteur du travail.<br \/>\nADMINISTRATEUR REPRESENTANT LES PARENTS D\u2019ENFANTS Au titre de l\u2019Association des parents d\u2019enfants :<\/p>\n<p>Monsieur Lokr\u00e9 C\u00e9lestin SAMANDOULOUGOU.<br \/>\nLe troisi\u00e8me d\u00e9cret nomme Monsieur Soum\u00e8la SAKHO, Mle 46 405 C, Inspecteur d\u2019\u00e9ducation sp\u00e9cialis\u00e9e, Pr\u00e9sident du Conseil d\u2019administration de la Maison de l\u2019enfance Andr\u00e9 DUPONT de Orodara (MEADO) pour un premier mandat de trois (03) ans.<\/p>\n<p><b>MINISTERE DE L\u2019AGRICULTURE, DES AMENAGEMENTS HYDRO-AGRICOLES ET DE LA MECANISATION<\/b><\/p>\n<p>Le Conseil a adopt\u00e9 cinq (05) d\u00e9crets. Le premier d\u00e9cret porte nomination des personnes ci-apr\u00e8s, Administrateurs au Conseil d\u2019administration de la Soci\u00e9t\u00e9 de d\u00e9veloppement int\u00e9gr\u00e9 du P\u00f4le de croissance de la Vall\u00e9e du Sourou \u00ab SOUROUPOLE SEM \u00bb pour un premier mandat de trois (03) ans.<\/p>\n<p><b>ADMINISTRATEURS REPRESENTANT L\u2019ETAT<\/b><\/p>\n<p>Au titre de la Primature : Monsieur Dieudonn\u00e9 TRAORE, Mle 91 350 Z, Ing\u00e9nieur d\u2019agriculture.<br \/>\nAu titre du minist\u00e8re de l\u2019Economie, des finances et du d\u00e9veloppement :<\/p>\n<p>Madame Bass\u00e9newind\u00e9 Monique YARGA\/OUEDRAOGO, Mle 212 280 S, Conseiller en am\u00e9nagement du territoire et en d\u00e9veloppement local.<br \/>\nAu titre du minist\u00e8re des Ressources animales et halieutiques :<\/p>\n<p>Monsieur Aloys OUBDA, Mle 78 216 X, Professeur des lyc\u00e9es et coll\u00e8ges.<br \/>\nAu titre du minist\u00e8re de l\u2019Eau et de l\u2019assainissement : Monsieur Koudougou Achille SEGDA, Mle 33 958 Z, Ing\u00e9nieur du g\u00e9nie rural.<br \/>\nAu titre du minist\u00e8re de l\u2019Industrie, du commerce et de l\u2019artisanat :<\/p>\n<p>Monsieur Mounirou KIAMA, Mle 11 313 L, Conseiller des affaires \u00e9conomiques.<br \/>\nAu titre du minist\u00e8re de l\u2019Agriculture, des am\u00e9nagements hydro-agricoles et de la m\u00e9canisation : Monsieur Boukary SAWADOGO, Mle 33 822, Ing\u00e9nieur socio-\u00e9conomiste.<\/p>\n<p><b>ADMINISTRATEUR REPRESENTANT LA SOCIETE NATIONALE DE GESTION DU STOCK DE SECURITE ALIMENTAIRE (SONAGESS)<\/b><\/p>\n<p>Madame Cl\u00e9mence TRAORE\/SOME, Mle 422 260, Economiste- gestionnaire.<\/p>\n<p><b>ADMINISTRATEUR REPRESENTANT LA SOCIETE NATIONALE BURKINABE D\u2019ELECTRICITE (SONABEL)<\/b><\/p>\n<p>Monsieur Jean Bedel GOUBA, Mle 79 37 P, Ing\u00e9nieur- \u00e9lectrom\u00e9canicien.<br \/>\nLe deuxi\u00e8me d\u00e9cret nomme Madame Cl\u00e9mence TRAORE\/SOME, Mle 422 260, Economiste-gestionnaire, Pr\u00e9sidente du Conseil d\u2019administration de la Soci\u00e9t\u00e9 de d\u00e9veloppement int\u00e9gr\u00e9 du P\u00f4le de croissance de la Vall\u00e9e du Sourou \u00ab SOUROUPOLE SEM \u00bb pour un premier mandat de trois (03) ans.<\/p>\n<p>Le troisi\u00e8me d\u00e9cret nomme monsieur Wind\u00e9yam Vincent de Paul YAMEOGO, Mle 58 689 T, Administrateur des services financiers, Administrateur repr\u00e9sentant l\u2019Etat, au titre du minist\u00e8re de l\u2019Economie, des finances et du d\u00e9veloppement au Conseil d\u2019administration de la Soci\u00e9t\u00e9 nationale de l\u2019am\u00e9nagement des terres et de l\u2019\u00e9quipement rural (SONATER) pour un premier mandat de trois (03) ans.<\/p>\n<p>Le quatri\u00e8me d\u00e9cret nomme Monsieur Mamoudou TRAORE, Mle 40 938 H, Ma\u00eetre de recherche en sciences des sols, Administrateur repr\u00e9sentant l\u2019Etat, au titre du minist\u00e8re de l\u2019Agriculture, des am\u00e9nagements hydro-agricoles et de la m\u00e9canisation au Conseil d\u2019administration de la Soci\u00e9t\u00e9 d\u2019exploitation des phosphates du Burkina (SEPB) pour un premier mandat de trois (03) ans.<\/p>\n<p>Le cinqui\u00e8me d\u00e9cret nomme Monsieur Mamoudou TRAORE, Mle 40 938 H, Ma\u00eetre de recherche en sciences des sols, Pr\u00e9sident du Conseil d\u2019administration de la Soci\u00e9t\u00e9 d\u2019exploitation des phosphates du Burkina (SEPB) pour un premier mandat de trois (03) ans.<\/p>\n<p><b>MINISTERE DE L\u2019EAU ET DE L\u2019ASSAINISSEMENT<\/b><\/p>\n<p>Le Conseil a adopt\u00e9 deux (02) d\u00e9crets. Le premier d\u00e9cret nomme Madame Rokiatou TRAORE\/CARABIRI, Mle 212 658 S, Ing\u00e9nieur du g\u00e9nie rural, Administrateur repr\u00e9sentant l\u2019Etat, au titre du minist\u00e8re de l\u2019Agriculture, des am\u00e9nagements hydro-agricoles et de la m\u00e9canisation au Conseil d\u2019administration de l\u2019Agence d\u2019ex\u00e9cution des travaux Eau et \u00e9quipement rural (AGETEER) pour un premier mandat de trois (03) ans.<\/p>\n<p>Le second d\u00e9cret renouvelle le mandat de Monsieur Boureima dit Basile OUEDRAOGO, Maire de la commune de Ouahigouya, Administrateur repr\u00e9sentant l\u2019Association des municipalit\u00e9s du Burkina Faso (AMBF) au Conseil d\u2019administration de l\u2019Agence d\u2019ex\u00e9cution des travaux Eau et \u00e9quipement rural (AGETEER) pour une derni\u00e8re p\u00e9riode de trois (03) ans.<\/p>\n<p><b>\u00a0<\/b><\/p>\n","protected":false},"excerpt":{"rendered":"<p>Africa-Press &#8211; Burkina Faso. Le Conseil des ministres s\u2019est tenu \u00e0 Ouagadougou, le mercredi 28 avril 2021, en s\u00e9ance ordinaire, de 09 H 00 mn \u00e0 15 H 30 mn, sous la pr\u00e9sidence de Son Excellence Monsieur Roch Marc Christian KABORE, Pr\u00e9sident du Faso, Pr\u00e9sident du Conseil des ministres. Il a d\u00e9lib\u00e9r\u00e9 sur les dossiers [&hellip;]<\/p>\n","protected":false},"author":82,"featured_media":10779,"comment_status":"open","ping_status":"closed","sticky":false,"template":"","format":"standard","meta":{"footnotes":""},"categories":[11,2,10],"tags":[111,725,29],"class_list":["post-10780","post","type-post","status-publish","format-standard","has-post-thumbnail","hentry","category-homepage-french","category-politique","category-toutes-les-actualites","tag-africa-press","tag-africa-press-burkina-faso","tag-burkina-faso"],"yoast_head":"<!-- This site is optimized with the Yoast SEO Premium plugin v26.1 (Yoast SEO v27.0) - https:\/\/yoast.com\/product\/yoast-seo-premium-wordpress\/ -->\n<title>Compte rendu du Conseil des ministres du mercredi 28 avril 2021 - Burkina Faso<\/title>\n<meta name=\"description\" content=\"Le Conseil des ministres s\u2019est tenu \u00e0 Ouagadougou, le mercredi 28 avril 2021, en s\u00e9ance ordinaire, de 09 H 00 mn \u00e0 15 ...\" \/>\n<meta name=\"robots\" content=\"index, follow, max-snippet:-1, max-image-preview:large, max-video-preview:-1\" \/>\n<link rel=\"canonical\" href=\"https:\/\/www.africa-press.net\/burkina-faso\/politique\/compte-rendu-du-conseil-des-ministres-du-mercredi-28-avril-2021\" \/>\n<meta property=\"og:locale\" content=\"fr_FR\" \/>\n<meta property=\"og:type\" content=\"article\" \/>\n<meta property=\"og:title\" content=\"Compte rendu du Conseil des ministres du mercredi 28 avril 2021\" \/>\n<meta property=\"og:description\" content=\"Le Conseil des ministres s\u2019est tenu \u00e0 Ouagadougou, le mercredi 28 avril 2021, en s\u00e9ance ordinaire, de 09 H 00 mn \u00e0 15 ...\" \/>\n<meta property=\"og:url\" content=\"https:\/\/www.africa-press.net\/burkina-faso\/politique\/compte-rendu-du-conseil-des-ministres-du-mercredi-28-avril-2021\" \/>\n<meta property=\"og:site_name\" content=\"Burkina Faso\" \/>\n<meta property=\"article:published_time\" content=\"2021-04-29T12:15:59+00:00\" \/>\n<meta property=\"og:image\" content=\"https:\/\/static.africa-press.net\/burkina\/sites\/42\/2021\/04\/img-608a8a20e869a.jpg\" \/>\n\t<meta property=\"og:image:width\" content=\"720\" \/>\n\t<meta property=\"og:image:height\" content=\"427\" \/>\n\t<meta property=\"og:image:type\" content=\"image\/jpeg\" \/>\n<meta name=\"author\" content=\"cfeditorfr\" \/>\n<meta name=\"twitter:card\" content=\"summary_large_image\" \/>\n<meta name=\"twitter:label1\" content=\"\u00c9crit par\" \/>\n\t<meta name=\"twitter:data1\" content=\"cfeditorfr\" \/>\n\t<meta name=\"twitter:label2\" content=\"Dur\u00e9e de lecture estim\u00e9e\" \/>\n\t<meta name=\"twitter:data2\" content=\"26 minutes\" \/>\n<script type=\"application\/ld+json\" class=\"yoast-schema-graph\">{\"@context\":\"https:\/\/schema.org\",\"@graph\":[{\"@type\":\"Article\",\"@id\":\"https:\/\/www.africa-press.net\/burkina-faso\/politique\/compte-rendu-du-conseil-des-ministres-du-mercredi-28-avril-2021#article\",\"isPartOf\":{\"@id\":\"https:\/\/www.africa-press.net\/burkina-faso\/politique\/compte-rendu-du-conseil-des-ministres-du-mercredi-28-avril-2021\"},\"author\":{\"name\":\"cfeditorfr\",\"@id\":\"https:\/\/www.africa-press.net\/burkina-faso\/#\/schema\/person\/2b1cf3cd81a31e3cd26889ca66d677f1\"},\"headline\":\"Compte rendu du Conseil des ministres du mercredi 28 avril 2021\",\"datePublished\":\"2021-04-29T12:15:59+00:00\",\"mainEntityOfPage\":{\"@id\":\"https:\/\/www.africa-press.net\/burkina-faso\/politique\/compte-rendu-du-conseil-des-ministres-du-mercredi-28-avril-2021\"},\"wordCount\":5287,\"commentCount\":0,\"image\":{\"@id\":\"https:\/\/www.africa-press.net\/burkina-faso\/politique\/compte-rendu-du-conseil-des-ministres-du-mercredi-28-avril-2021#primaryimage\"},\"thumbnailUrl\":\"https:\/\/static.africa-press.net\/burkina\/sites\/42\/2021\/04\/img-608a8a20e869a.jpg\",\"keywords\":[\"Africa Press\",\"Africa Press-Burkina Faso\",\"Burkina Faso\"],\"articleSection\":[\"homepage-french\",\"Politique\",\"Toutes les actualit\u00e9s\"],\"inLanguage\":\"fr-FR\",\"potentialAction\":[{\"@type\":\"CommentAction\",\"name\":\"Comment\",\"target\":[\"https:\/\/www.africa-press.net\/burkina-faso\/politique\/compte-rendu-du-conseil-des-ministres-du-mercredi-28-avril-2021#respond\"]}]},{\"@type\":\"WebPage\",\"@id\":\"https:\/\/www.africa-press.net\/burkina-faso\/politique\/compte-rendu-du-conseil-des-ministres-du-mercredi-28-avril-2021\",\"url\":\"https:\/\/www.africa-press.net\/burkina-faso\/politique\/compte-rendu-du-conseil-des-ministres-du-mercredi-28-avril-2021\",\"name\":\"Compte rendu du Conseil des ministres du mercredi 28 avril 2021 - Burkina Faso\",\"isPartOf\":{\"@id\":\"https:\/\/www.africa-press.net\/burkina-faso\/#website\"},\"primaryImageOfPage\":{\"@id\":\"https:\/\/www.africa-press.net\/burkina-faso\/politique\/compte-rendu-du-conseil-des-ministres-du-mercredi-28-avril-2021#primaryimage\"},\"image\":{\"@id\":\"https:\/\/www.africa-press.net\/burkina-faso\/politique\/compte-rendu-du-conseil-des-ministres-du-mercredi-28-avril-2021#primaryimage\"},\"thumbnailUrl\":\"https:\/\/static.africa-press.net\/burkina\/sites\/42\/2021\/04\/img-608a8a20e869a.jpg\",\"datePublished\":\"2021-04-29T12:15:59+00:00\",\"author\":{\"@id\":\"https:\/\/www.africa-press.net\/burkina-faso\/#\/schema\/person\/2b1cf3cd81a31e3cd26889ca66d677f1\"},\"description\":\"Le Conseil des ministres s\u2019est tenu \u00e0 Ouagadougou, le mercredi 28 avril 2021, en s\u00e9ance ordinaire, de 09 H 00 mn \u00e0 15 ...\",\"breadcrumb\":{\"@id\":\"https:\/\/www.africa-press.net\/burkina-faso\/politique\/compte-rendu-du-conseil-des-ministres-du-mercredi-28-avril-2021#breadcrumb\"},\"inLanguage\":\"fr-FR\",\"potentialAction\":[{\"@type\":\"ReadAction\",\"target\":[\"https:\/\/www.africa-press.net\/burkina-faso\/politique\/compte-rendu-du-conseil-des-ministres-du-mercredi-28-avril-2021\"]}]},{\"@type\":\"ImageObject\",\"inLanguage\":\"fr-FR\",\"@id\":\"https:\/\/www.africa-press.net\/burkina-faso\/politique\/compte-rendu-du-conseil-des-ministres-du-mercredi-28-avril-2021#primaryimage\",\"url\":\"https:\/\/static.africa-press.net\/burkina\/sites\/42\/2021\/04\/img-608a8a20e869a.jpg\",\"contentUrl\":\"https:\/\/static.africa-press.net\/burkina\/sites\/42\/2021\/04\/img-608a8a20e869a.jpg\",\"width\":720,\"height\":427,\"caption\":\"Compte rendu du Conseil des ministres du mercredi 28 avril 2021\"},{\"@type\":\"BreadcrumbList\",\"@id\":\"https:\/\/www.africa-press.net\/burkina-faso\/politique\/compte-rendu-du-conseil-des-ministres-du-mercredi-28-avril-2021#breadcrumb\",\"itemListElement\":[{\"@type\":\"ListItem\",\"position\":1,\"name\":\"Accueil\",\"item\":\"https:\/\/www.africa-press.net\/burkina-faso\/\"},{\"@type\":\"ListItem\",\"position\":2,\"name\":\"Compte rendu du Conseil des ministres du mercredi 28 avril 2021\"}]},{\"@type\":\"WebSite\",\"@id\":\"https:\/\/www.africa-press.net\/burkina-faso\/#website\",\"url\":\"https:\/\/www.africa-press.net\/burkina-faso\/\",\"name\":\"Burkina Faso\",\"description\":\"Just another Africa News Agency Sites site\",\"potentialAction\":[{\"@type\":\"SearchAction\",\"target\":{\"@type\":\"EntryPoint\",\"urlTemplate\":\"https:\/\/www.africa-press.net\/burkina-faso\/?s={search_term_string}\"},\"query-input\":{\"@type\":\"PropertyValueSpecification\",\"valueRequired\":true,\"valueName\":\"search_term_string\"}}],\"inLanguage\":\"fr-FR\"},{\"@type\":\"Person\",\"@id\":\"https:\/\/www.africa-press.net\/burkina-faso\/#\/schema\/person\/2b1cf3cd81a31e3cd26889ca66d677f1\",\"name\":\"cfeditorfr\"}]}<\/script>\n<!-- \/ Yoast SEO Premium plugin. -->","yoast_head_json":{"title":"Compte rendu du Conseil des ministres du mercredi 28 avril 2021 - Burkina Faso","description":"Le Conseil des ministres s\u2019est tenu \u00e0 Ouagadougou, le mercredi 28 avril 2021, en s\u00e9ance ordinaire, de 09 H 00 mn \u00e0 15 ...","robots":{"index":"index","follow":"follow","max-snippet":"max-snippet:-1","max-image-preview":"max-image-preview:large","max-video-preview":"max-video-preview:-1"},"canonical":"https:\/\/www.africa-press.net\/burkina-faso\/politique\/compte-rendu-du-conseil-des-ministres-du-mercredi-28-avril-2021","og_locale":"fr_FR","og_type":"article","og_title":"Compte rendu du Conseil des ministres du mercredi 28 avril 2021","og_description":"Le Conseil des ministres s\u2019est tenu \u00e0 Ouagadougou, le mercredi 28 avril 2021, en s\u00e9ance ordinaire, de 09 H 00 mn \u00e0 15 ...","og_url":"https:\/\/www.africa-press.net\/burkina-faso\/politique\/compte-rendu-du-conseil-des-ministres-du-mercredi-28-avril-2021","og_site_name":"Burkina Faso","article_published_time":"2021-04-29T12:15:59+00:00","og_image":[{"width":720,"height":427,"url":"https:\/\/static.africa-press.net\/burkina\/sites\/42\/2021\/04\/img-608a8a20e869a.jpg","type":"image\/jpeg"}],"author":"cfeditorfr","twitter_card":"summary_large_image","twitter_misc":{"\u00c9crit par":"cfeditorfr","Dur\u00e9e de lecture estim\u00e9e":"26 minutes"},"schema":{"@context":"https:\/\/schema.org","@graph":[{"@type":"Article","@id":"https:\/\/www.africa-press.net\/burkina-faso\/politique\/compte-rendu-du-conseil-des-ministres-du-mercredi-28-avril-2021#article","isPartOf":{"@id":"https:\/\/www.africa-press.net\/burkina-faso\/politique\/compte-rendu-du-conseil-des-ministres-du-mercredi-28-avril-2021"},"author":{"name":"cfeditorfr","@id":"https:\/\/www.africa-press.net\/burkina-faso\/#\/schema\/person\/2b1cf3cd81a31e3cd26889ca66d677f1"},"headline":"Compte rendu du Conseil des ministres du mercredi 28 avril 2021","datePublished":"2021-04-29T12:15:59+00:00","mainEntityOfPage":{"@id":"https:\/\/www.africa-press.net\/burkina-faso\/politique\/compte-rendu-du-conseil-des-ministres-du-mercredi-28-avril-2021"},"wordCount":5287,"commentCount":0,"image":{"@id":"https:\/\/www.africa-press.net\/burkina-faso\/politique\/compte-rendu-du-conseil-des-ministres-du-mercredi-28-avril-2021#primaryimage"},"thumbnailUrl":"https:\/\/static.africa-press.net\/burkina\/sites\/42\/2021\/04\/img-608a8a20e869a.jpg","keywords":["Africa Press","Africa Press-Burkina Faso","Burkina Faso"],"articleSection":["homepage-french","Politique","Toutes les actualit\u00e9s"],"inLanguage":"fr-FR","potentialAction":[{"@type":"CommentAction","name":"Comment","target":["https:\/\/www.africa-press.net\/burkina-faso\/politique\/compte-rendu-du-conseil-des-ministres-du-mercredi-28-avril-2021#respond"]}]},{"@type":"WebPage","@id":"https:\/\/www.africa-press.net\/burkina-faso\/politique\/compte-rendu-du-conseil-des-ministres-du-mercredi-28-avril-2021","url":"https:\/\/www.africa-press.net\/burkina-faso\/politique\/compte-rendu-du-conseil-des-ministres-du-mercredi-28-avril-2021","name":"Compte rendu du Conseil des ministres du mercredi 28 avril 2021 - Burkina Faso","isPartOf":{"@id":"https:\/\/www.africa-press.net\/burkina-faso\/#website"},"primaryImageOfPage":{"@id":"https:\/\/www.africa-press.net\/burkina-faso\/politique\/compte-rendu-du-conseil-des-ministres-du-mercredi-28-avril-2021#primaryimage"},"image":{"@id":"https:\/\/www.africa-press.net\/burkina-faso\/politique\/compte-rendu-du-conseil-des-ministres-du-mercredi-28-avril-2021#primaryimage"},"thumbnailUrl":"https:\/\/static.africa-press.net\/burkina\/sites\/42\/2021\/04\/img-608a8a20e869a.jpg","datePublished":"2021-04-29T12:15:59+00:00","author":{"@id":"https:\/\/www.africa-press.net\/burkina-faso\/#\/schema\/person\/2b1cf3cd81a31e3cd26889ca66d677f1"},"description":"Le Conseil des ministres s\u2019est tenu \u00e0 Ouagadougou, le mercredi 28 avril 2021, en s\u00e9ance ordinaire, de 09 H 00 mn \u00e0 15 ...","breadcrumb":{"@id":"https:\/\/www.africa-press.net\/burkina-faso\/politique\/compte-rendu-du-conseil-des-ministres-du-mercredi-28-avril-2021#breadcrumb"},"inLanguage":"fr-FR","potentialAction":[{"@type":"ReadAction","target":["https:\/\/www.africa-press.net\/burkina-faso\/politique\/compte-rendu-du-conseil-des-ministres-du-mercredi-28-avril-2021"]}]},{"@type":"ImageObject","inLanguage":"fr-FR","@id":"https:\/\/www.africa-press.net\/burkina-faso\/politique\/compte-rendu-du-conseil-des-ministres-du-mercredi-28-avril-2021#primaryimage","url":"https:\/\/static.africa-press.net\/burkina\/sites\/42\/2021\/04\/img-608a8a20e869a.jpg","contentUrl":"https:\/\/static.africa-press.net\/burkina\/sites\/42\/2021\/04\/img-608a8a20e869a.jpg","width":720,"height":427,"caption":"Compte rendu du Conseil des ministres du mercredi 28 avril 2021"},{"@type":"BreadcrumbList","@id":"https:\/\/www.africa-press.net\/burkina-faso\/politique\/compte-rendu-du-conseil-des-ministres-du-mercredi-28-avril-2021#breadcrumb","itemListElement":[{"@type":"ListItem","position":1,"name":"Accueil","item":"https:\/\/www.africa-press.net\/burkina-faso\/"},{"@type":"ListItem","position":2,"name":"Compte rendu du Conseil des ministres du mercredi 28 avril 2021"}]},{"@type":"WebSite","@id":"https:\/\/www.africa-press.net\/burkina-faso\/#website","url":"https:\/\/www.africa-press.net\/burkina-faso\/","name":"Burkina Faso","description":"Just another Africa News Agency Sites site","potentialAction":[{"@type":"SearchAction","target":{"@type":"EntryPoint","urlTemplate":"https:\/\/www.africa-press.net\/burkina-faso\/?s={search_term_string}"},"query-input":{"@type":"PropertyValueSpecification","valueRequired":true,"valueName":"search_term_string"}}],"inLanguage":"fr-FR"},{"@type":"Person","@id":"https:\/\/www.africa-press.net\/burkina-faso\/#\/schema\/person\/2b1cf3cd81a31e3cd26889ca66d677f1","name":"cfeditorfr"}]}},"_links":{"self":[{"href":"https:\/\/www.africa-press.net\/burkina-faso\/wp-json\/wp\/v2\/posts\/10780","targetHints":{"allow":["GET"]}}],"collection":[{"href":"https:\/\/www.africa-press.net\/burkina-faso\/wp-json\/wp\/v2\/posts"}],"about":[{"href":"https:\/\/www.africa-press.net\/burkina-faso\/wp-json\/wp\/v2\/types\/post"}],"author":[{"embeddable":true,"href":"https:\/\/www.africa-press.net\/burkina-faso\/wp-json\/wp\/v2\/users\/82"}],"replies":[{"embeddable":true,"href":"https:\/\/www.africa-press.net\/burkina-faso\/wp-json\/wp\/v2\/comments?post=10780"}],"version-history":[{"count":0,"href":"https:\/\/www.africa-press.net\/burkina-faso\/wp-json\/wp\/v2\/posts\/10780\/revisions"}],"wp:featuredmedia":[{"embeddable":true,"href":"https:\/\/www.africa-press.net\/burkina-faso\/wp-json\/wp\/v2\/media\/10779"}],"wp:attachment":[{"href":"https:\/\/www.africa-press.net\/burkina-faso\/wp-json\/wp\/v2\/media?parent=10780"}],"wp:term":[{"taxonomy":"category","embeddable":true,"href":"https:\/\/www.africa-press.net\/burkina-faso\/wp-json\/wp\/v2\/categories?post=10780"},{"taxonomy":"post_tag","embeddable":true,"href":"https:\/\/www.africa-press.net\/burkina-faso\/wp-json\/wp\/v2\/tags?post=10780"}],"curies":[{"name":"wp","href":"https:\/\/api.w.org\/{rel}","templated":true}]}}