{"id":10783,"date":"2021-04-29T12:22:52","date_gmt":"2021-04-29T12:22:52","guid":{"rendered":"https:\/\/www.africa-press.net\/burkina-faso\/?p=10783"},"modified":"2021-04-29T12:09:54","modified_gmt":"2021-04-29T12:09:54","slug":"elections-locales-au-burkina-la-fondation-internationale-pour-les-systemes-electoraux-et-la-codel-approfondissent-la-reflexion-sur-le-suffrage-universel-direct","status":"publish","type":"post","link":"https:\/\/www.africa-press.net\/burkina-faso\/politique\/elections-locales-au-burkina-la-fondation-internationale-pour-les-systemes-electoraux-et-la-codel-approfondissent-la-reflexion-sur-le-suffrage-universel-direct","title":{"rendered":"Elections locales au Burkina : La Fondation internationale pour les syst\u00e8mes \u00e9lectoraux et la CODEL approfondissent la r\u00e9flexion sur le suffrage universel direct"},"content":{"rendered":"<p><span style=\"color: #ff6600\"><strong><a href=\"https:\/\/www.africa-press.net\/\">Africa-Press<\/a> &#8211; <a href=\"https:\/\/www.africa-press.net\/burkina-faso\">Burkina Faso<\/a>. <\/strong><\/span><b>Si le Burkina peut se r\u00e9jouir d\u2019avoir organis\u00e9 dans un climat apais\u00e9, en 2015 et en 2020, les \u00e9lections nationales (pr\u00e9sidentielles et l\u00e9gislatives), tel n\u2019a pas \u00e9t\u00e9 le cas avec les municipales de mai 2016 qui ont \u00e9t\u00e9, elles, \u00e9maill\u00e9es de violences avec des pertes en vies humaines. C\u2019est dans le souci d\u2019\u00e9viter de telles situations malheureuses pour ces \u00e9lections locales qui s\u2019annoncent pour 2022, que la Fondation internationale pour les syst\u00e8mes \u00e9lectoraux (IFES) a tenu ce mercredi 28 avril 2021 \u00e0 Ouagadougou, en collaboration avec la Convention des organisations de la soci\u00e9t\u00e9 civile pour l\u2019observation domestique des \u00e9lections (CODEL), un atelier de r\u00e9flexion sur la pratique du suffrage universel direct pour les \u00e9lections locales.<\/b><\/p>\n<p>Repouss\u00e9es pour 2022, les \u00e9lections municipales (\u00e9lections de proximit\u00e9) repr\u00e9sentent un enjeu capital dans la consolidation de la d\u00e9mocratie et le processus de d\u00e9veloppement. Instruites des derni\u00e8res en date, celles de 2016 qui ont \u00e9t\u00e9 caract\u00e9ris\u00e9es par des violences jamais v\u00e9cues en la mati\u00e8re au Burkina, des organisations ont d\u00e9cid\u00e9 de miser sur des r\u00e9flexions \u00e9galement autour de la question, dans le but de parvenir \u00e0 un scrutin apais\u00e9 et appropri\u00e9 par les citoyens.<\/p>\n<p>C\u2019est dans cet esprit que s\u2019inscrit cet atelier, organis\u00e9 par la Fondation internationale pour les syst\u00e8mes \u00e9lectoraux (IFES), en collaboration avec la Convention des organisations de la soci\u00e9t\u00e9 civile pour l\u2019observation domestique des \u00e9lections (CODEL), pour r\u00e9fl\u00e9chir sur la pratique du suffrage universel direct pour les \u00e9lections locales. En clair, il s\u2019agit d\u2019envisager que les maires et les pr\u00e9sidents des Conseils r\u00e9gionaux soient directement \u00e9lus par les populations concern\u00e9es.<\/p>\n<p>Selon le pr\u00e9sident de la Commission \u00e9lectorale nationale ind\u00e9pendante (CENI), Newton Ahmed Barry, plusieurs sc\u00e9narii sont actuellement en \u00e9tude par rapport \u00e0 l\u2019option \u00e0 retenir pour les municipales \u00e0 venir, avec la probabilit\u00e9 d\u2019aller vers le suffrage universel direct pour la d\u00e9signation des maires et pr\u00e9sidents de conseils r\u00e9gionaux.<\/p>\n<p>En tous les cas, poursuit-il, le mode qui va \u00eatre retenu doit corriger les \u00e9cueils de celui en vigueur aujourd\u2019hui (le suffrage universel indirect). En effet, de nombreux conseils municipaux connaissent des difficult\u00e9s de fonctionnement. Ces difficult\u00e9s s\u2019expliquent par plusieurs facteurs, dont celui li\u00e9 au mode de d\u00e9signation des maires, explique Newton Ahmed Barry.<\/p>\n<p>Par cet atelier, il s\u2019est agi pour les initiateurs donc d\u2019approfondir les r\u00e9flexions aux fins de fournir aux d\u00e9cideurs burkinab\u00e8, plusieurs options et facteurs \u00e0 prendre en compte lors de la r\u00e9vision du Code \u00e9lectoral en perspective. Il vise aussi \u00e0 stimuler le d\u00e9bat et faire en sorte que tous les angles soient pris en compte dans ce processus de r\u00e9forme qui doit, \u00e0 terme, donner aux citoyens un plus grand droit de regard sur la mani\u00e8re dont ils sont gouvern\u00e9s. Au cours des travaux, les participants ont eu droit \u00e0 la pr\u00e9sentation des r\u00e9sultats d\u2019une \u00e9tude comparative sur les modes de scrutin pour les \u00e9lections locales.<\/p>\n<p>\u00ab En novembre 2020, le pays a fait un nouveau pas vers la consolidation de la d\u00e9mocratie, en organisation des \u00e9lections accept\u00e9es par tous les partis politiques dans un contexte s\u00e9curitaire difficile ainsi qu\u2019une crise de sant\u00e9 publique qui a entra\u00een\u00e9 des difficult\u00e9s \u00e9conomiques pour les citoyens, non seulement ici, mais dans le monde entier.<\/p>\n<p>Les \u00e9lections ont \u00e9t\u00e9 une d\u00e9monstration claire de l\u2019engagement \u00e0 faire en sorte que les citoyens aient leur mot \u00e0 dire sur deux questions essentielles, \u00e0 savoir comment ils sont gouvern\u00e9s et qui les gouverne \u00bb, a salu\u00e9 le directeur-pays de l\u2019IFES-Burkina, Nicholas Matatu, pour qui le choix du mode de scrutin est une question tr\u00e8s importante pour un pays.<\/p>\n<p>Dans la dynamique de la r\u00e9forme, il s\u2019agit, explique-t-il, de faire en sorte que les discussions soient participatives, inclusives sur ces questions pour que tous les acteurs puissent comprendre les enjeux du choix du mode de scrutin.<br \/>\nC\u2019est pourquoi l\u2019IFES se donne pour mission \u00e9galement de partager les exp\u00e9riences des autres pays afin que le Burkina puisse faire le meilleur choix \u00e9lectoral. \u00ab Pour IFES, il n\u2019y a pas de meilleur syst\u00e8me \u00e9lectoral, chaque syst\u00e8me doit \u00eatre adapt\u00e9 au contexte du pays et c\u2019est une question souveraine. (\u2026).<\/p>\n<p>Chaque syst\u00e8me a ses avantages et ses inconv\u00e9nients, sinon, tous les pays utiliseraient le m\u00eame syst\u00e8me \u00e9lectoral. Au contraire, pour \u00eatre efficaces, les syst\u00e8mes \u00e9lectoraux doivent r\u00e9pondre aux conditions historiques, sociales et politiques de chaque contexte. (\u2026). Mais nous voulons accompagner tous les acteurs, pour faire en sorte que toute l\u2019information et tous les angles soient examin\u00e9s pour les aider \u00e0 prendre des d\u00e9cisions ad\u00e9quates \u00bb, pr\u00e9cise M. Matatu, saluant l\u2019esprit de consensus qui a r\u00e9gn\u00e9 durant tout le processus de novembre 2020.<\/p>\n<p>L\u2019IFES estime donc que des discussions exhaustives sont n\u00e9cessaires pour obtenir les meilleurs r\u00e9sultats possibles. \u00ab Notre exp\u00e9rience nous a montr\u00e9 que parfois, lorsque les processus ne sont pas analys\u00e9s en profondeur, la r\u00e9forme du syst\u00e8me \u00e9lectoral peut avoir des cons\u00e9quences inattendues. C\u2019est pourquoi, nous pensons qu\u2019il est n\u00e9cessaire d\u2019\u00e9tudier cette question en d\u00e9tail et d\u2019avoir des d\u00e9bats autour de celle-ci \u00bb, recommande Nicholas Matatu.<\/p>\n<p>Pour le pr\u00e9sident de la CODEL, Me Halidou Ou\u00e9draogo, qui est revenu sur le travail fait par son organisation depuis 2015, cette r\u00e9flexion s\u2019impose pour des \u00e9lections apais\u00e9es. \u00ab Nous avons constat\u00e9, apr\u00e8s la s\u00e9rie des \u00e9lections qui se sont d\u00e9roul\u00e9es au Burkina, au niveau des \u00e9lections pr\u00e9sidentielle et l\u00e9gislatives en 2015, il n\u2019y a pas eu de probl\u00e8me, mais au niveau des \u00e9lections locales, la d\u00e9signation des maires a connu beaucoup de probl\u00e8mes \u00bb, rappelle-t-il, soulignant que c\u2019est en tirant le\u00e7on de cette situation que cette r\u00e9flexion a \u00e9t\u00e9 initi\u00e9e.<\/p>\n<p>Outre des leaders d\u2019organisations de la soci\u00e9t\u00e9 civile, l\u2019activit\u00e9 a regroup\u00e9, entre autres, des responsables et repr\u00e9sentants de partis politiques, des \u00e9lus nationaux et locaux.<\/p>\n<p>Pour rappel, l\u2019atelier est organis\u00e9 par l\u2019IFES, en partenariat avec la CODEL gr\u00e2ce au financement de l\u2019USAID (Agence des \u00c9tats-Unis pour le d\u00e9veloppement international) \u00e0 travers son appui au projet intitul\u00e9 \u00ab Promouvoir des \u00e9lections paisibles, transparentes et inclusives au Burkina Faso \u00bb.<\/p>\n<p><b>\u00a0<\/b><\/p>\n","protected":false},"excerpt":{"rendered":"<p>Africa-Press &#8211; Burkina Faso. Si le Burkina peut se r\u00e9jouir d\u2019avoir organis\u00e9 dans un climat apais\u00e9, en 2015 et en 2020, les \u00e9lections nationales (pr\u00e9sidentielles et l\u00e9gislatives), tel n\u2019a pas \u00e9t\u00e9 le cas avec les municipales de mai 2016 qui ont \u00e9t\u00e9, elles, \u00e9maill\u00e9es de violences avec des pertes en vies humaines. C\u2019est dans le [&hellip;]<\/p>\n","protected":false},"author":82,"featured_media":10782,"comment_status":"open","ping_status":"closed","sticky":false,"template":"","format":"standard","meta":{"footnotes":""},"categories":[11,2,20,10],"tags":[111,725,29],"class_list":["post-10783","post","type-post","status-publish","format-standard","has-post-thumbnail","hentry","category-homepage-french","category-politique","category-top-nouvelles","category-toutes-les-actualites","tag-africa-press","tag-africa-press-burkina-faso","tag-burkina-faso"],"yoast_head":"<!-- This site is optimized with the Yoast SEO Premium plugin v26.1 (Yoast SEO v27.0) - https:\/\/yoast.com\/product\/yoast-seo-premium-wordpress\/ -->\n<title>Elections locales au Burkina : La Fondation internationale pour les syst\u00e8mes \u00e9lectoraux et la CODEL approfondissent la r\u00e9flexion sur le suffrage universel direct - Burkina Faso<\/title>\n<meta name=\"description\" content=\"Si le Burkina peut se r\u00e9jouir d\u2019avoir organis\u00e9 dans un climat apais\u00e9, en 2015 et en 2020, les \u00e9lections nationales (p ...\" \/>\n<meta name=\"robots\" content=\"index, follow, max-snippet:-1, max-image-preview:large, max-video-preview:-1\" \/>\n<link rel=\"canonical\" href=\"https:\/\/www.africa-press.net\/burkina-faso\/politique\/elections-locales-au-burkina-la-fondation-internationale-pour-les-systemes-electoraux-et-la-codel-approfondissent-la-reflexion-sur-le-suffrage-universel-direct\" \/>\n<meta property=\"og:locale\" content=\"fr_FR\" \/>\n<meta property=\"og:type\" content=\"article\" \/>\n<meta property=\"og:title\" content=\"Elections locales au Burkina : La Fondation internationale pour les syst\u00e8mes \u00e9lectoraux et la CODEL approfondissent la r\u00e9flexion sur le suffrage universel direct\" \/>\n<meta property=\"og:description\" content=\"Si le Burkina peut se r\u00e9jouir d\u2019avoir organis\u00e9 dans un climat apais\u00e9, en 2015 et en 2020, les \u00e9lections nationales (p ...\" \/>\n<meta property=\"og:url\" content=\"https:\/\/www.africa-press.net\/burkina-faso\/politique\/elections-locales-au-burkina-la-fondation-internationale-pour-les-systemes-electoraux-et-la-codel-approfondissent-la-reflexion-sur-le-suffrage-universel-direct\" \/>\n<meta property=\"og:site_name\" content=\"Burkina Faso\" \/>\n<meta property=\"article:published_time\" content=\"2021-04-29T12:22:52+00:00\" \/>\n<meta property=\"og:image\" content=\"https:\/\/static.africa-press.net\/burkina\/sites\/42\/2021\/04\/img-608a8a56ad177.jpg\" \/>\n\t<meta property=\"og:image:width\" content=\"720\" \/>\n\t<meta property=\"og:image:height\" content=\"540\" \/>\n\t<meta property=\"og:image:type\" content=\"image\/jpeg\" \/>\n<meta name=\"author\" content=\"cfeditorfr\" \/>\n<meta name=\"twitter:card\" content=\"summary_large_image\" \/>\n<meta name=\"twitter:label1\" content=\"\u00c9crit par\" \/>\n\t<meta name=\"twitter:data1\" content=\"cfeditorfr\" \/>\n\t<meta name=\"twitter:label2\" content=\"Dur\u00e9e de lecture estim\u00e9e\" \/>\n\t<meta name=\"twitter:data2\" content=\"5 minutes\" \/>\n<script type=\"application\/ld+json\" class=\"yoast-schema-graph\">{\"@context\":\"https:\/\/schema.org\",\"@graph\":[{\"@type\":\"Article\",\"@id\":\"https:\/\/www.africa-press.net\/burkina-faso\/politique\/elections-locales-au-burkina-la-fondation-internationale-pour-les-systemes-electoraux-et-la-codel-approfondissent-la-reflexion-sur-le-suffrage-universel-direct#article\",\"isPartOf\":{\"@id\":\"https:\/\/www.africa-press.net\/burkina-faso\/politique\/elections-locales-au-burkina-la-fondation-internationale-pour-les-systemes-electoraux-et-la-codel-approfondissent-la-reflexion-sur-le-suffrage-universel-direct\"},\"author\":{\"name\":\"cfeditorfr\",\"@id\":\"https:\/\/www.africa-press.net\/burkina-faso\/#\/schema\/person\/2b1cf3cd81a31e3cd26889ca66d677f1\"},\"headline\":\"Elections locales au Burkina : La Fondation internationale pour les syst\u00e8mes \u00e9lectoraux et la CODEL approfondissent la r\u00e9flexion sur le suffrage universel direct\",\"datePublished\":\"2021-04-29T12:22:52+00:00\",\"mainEntityOfPage\":{\"@id\":\"https:\/\/www.africa-press.net\/burkina-faso\/politique\/elections-locales-au-burkina-la-fondation-internationale-pour-les-systemes-electoraux-et-la-codel-approfondissent-la-reflexion-sur-le-suffrage-universel-direct\"},\"wordCount\":1105,\"commentCount\":0,\"image\":{\"@id\":\"https:\/\/www.africa-press.net\/burkina-faso\/politique\/elections-locales-au-burkina-la-fondation-internationale-pour-les-systemes-electoraux-et-la-codel-approfondissent-la-reflexion-sur-le-suffrage-universel-direct#primaryimage\"},\"thumbnailUrl\":\"https:\/\/static.africa-press.net\/burkina\/sites\/42\/2021\/04\/img-608a8a56ad177.jpg\",\"keywords\":[\"Africa Press\",\"Africa Press-Burkina Faso\",\"Burkina Faso\"],\"articleSection\":[\"homepage-french\",\"Politique\",\"Top Nouvelles\",\"Toutes les actualit\u00e9s\"],\"inLanguage\":\"fr-FR\",\"potentialAction\":[{\"@type\":\"CommentAction\",\"name\":\"Comment\",\"target\":[\"https:\/\/www.africa-press.net\/burkina-faso\/politique\/elections-locales-au-burkina-la-fondation-internationale-pour-les-systemes-electoraux-et-la-codel-approfondissent-la-reflexion-sur-le-suffrage-universel-direct#respond\"]}]},{\"@type\":\"WebPage\",\"@id\":\"https:\/\/www.africa-press.net\/burkina-faso\/politique\/elections-locales-au-burkina-la-fondation-internationale-pour-les-systemes-electoraux-et-la-codel-approfondissent-la-reflexion-sur-le-suffrage-universel-direct\",\"url\":\"https:\/\/www.africa-press.net\/burkina-faso\/politique\/elections-locales-au-burkina-la-fondation-internationale-pour-les-systemes-electoraux-et-la-codel-approfondissent-la-reflexion-sur-le-suffrage-universel-direct\",\"name\":\"Elections locales au Burkina : La Fondation internationale pour les syst\u00e8mes \u00e9lectoraux et la CODEL approfondissent la r\u00e9flexion sur le suffrage universel direct - Burkina Faso\",\"isPartOf\":{\"@id\":\"https:\/\/www.africa-press.net\/burkina-faso\/#website\"},\"primaryImageOfPage\":{\"@id\":\"https:\/\/www.africa-press.net\/burkina-faso\/politique\/elections-locales-au-burkina-la-fondation-internationale-pour-les-systemes-electoraux-et-la-codel-approfondissent-la-reflexion-sur-le-suffrage-universel-direct#primaryimage\"},\"image\":{\"@id\":\"https:\/\/www.africa-press.net\/burkina-faso\/politique\/elections-locales-au-burkina-la-fondation-internationale-pour-les-systemes-electoraux-et-la-codel-approfondissent-la-reflexion-sur-le-suffrage-universel-direct#primaryimage\"},\"thumbnailUrl\":\"https:\/\/static.africa-press.net\/burkina\/sites\/42\/2021\/04\/img-608a8a56ad177.jpg\",\"datePublished\":\"2021-04-29T12:22:52+00:00\",\"author\":{\"@id\":\"https:\/\/www.africa-press.net\/burkina-faso\/#\/schema\/person\/2b1cf3cd81a31e3cd26889ca66d677f1\"},\"description\":\"Si le Burkina peut se r\u00e9jouir d\u2019avoir organis\u00e9 dans un climat apais\u00e9, en 2015 et en 2020, les \u00e9lections nationales (p ...\",\"breadcrumb\":{\"@id\":\"https:\/\/www.africa-press.net\/burkina-faso\/politique\/elections-locales-au-burkina-la-fondation-internationale-pour-les-systemes-electoraux-et-la-codel-approfondissent-la-reflexion-sur-le-suffrage-universel-direct#breadcrumb\"},\"inLanguage\":\"fr-FR\",\"potentialAction\":[{\"@type\":\"ReadAction\",\"target\":[\"https:\/\/www.africa-press.net\/burkina-faso\/politique\/elections-locales-au-burkina-la-fondation-internationale-pour-les-systemes-electoraux-et-la-codel-approfondissent-la-reflexion-sur-le-suffrage-universel-direct\"]}]},{\"@type\":\"ImageObject\",\"inLanguage\":\"fr-FR\",\"@id\":\"https:\/\/www.africa-press.net\/burkina-faso\/politique\/elections-locales-au-burkina-la-fondation-internationale-pour-les-systemes-electoraux-et-la-codel-approfondissent-la-reflexion-sur-le-suffrage-universel-direct#primaryimage\",\"url\":\"https:\/\/static.africa-press.net\/burkina\/sites\/42\/2021\/04\/img-608a8a56ad177.jpg\",\"contentUrl\":\"https:\/\/static.africa-press.net\/burkina\/sites\/42\/2021\/04\/img-608a8a56ad177.jpg\",\"width\":720,\"height\":540,\"caption\":\"Elections locales au Burkina : La Fondation internationale pour les syst\u00e8mes \u00e9lectoraux et la CODEL approfondissent la r\u00e9flexion sur le suffrage universel direct\"},{\"@type\":\"BreadcrumbList\",\"@id\":\"https:\/\/www.africa-press.net\/burkina-faso\/politique\/elections-locales-au-burkina-la-fondation-internationale-pour-les-systemes-electoraux-et-la-codel-approfondissent-la-reflexion-sur-le-suffrage-universel-direct#breadcrumb\",\"itemListElement\":[{\"@type\":\"ListItem\",\"position\":1,\"name\":\"Accueil\",\"item\":\"https:\/\/www.africa-press.net\/burkina-faso\/\"},{\"@type\":\"ListItem\",\"position\":2,\"name\":\"Elections locales au Burkina : La Fondation internationale pour les syst\u00e8mes \u00e9lectoraux et la CODEL approfondissent la r\u00e9flexion sur le suffrage universel direct\"}]},{\"@type\":\"WebSite\",\"@id\":\"https:\/\/www.africa-press.net\/burkina-faso\/#website\",\"url\":\"https:\/\/www.africa-press.net\/burkina-faso\/\",\"name\":\"Burkina Faso\",\"description\":\"Just another Africa News Agency Sites site\",\"potentialAction\":[{\"@type\":\"SearchAction\",\"target\":{\"@type\":\"EntryPoint\",\"urlTemplate\":\"https:\/\/www.africa-press.net\/burkina-faso\/?s={search_term_string}\"},\"query-input\":{\"@type\":\"PropertyValueSpecification\",\"valueRequired\":true,\"valueName\":\"search_term_string\"}}],\"inLanguage\":\"fr-FR\"},{\"@type\":\"Person\",\"@id\":\"https:\/\/www.africa-press.net\/burkina-faso\/#\/schema\/person\/2b1cf3cd81a31e3cd26889ca66d677f1\",\"name\":\"cfeditorfr\"}]}<\/script>\n<!-- \/ Yoast SEO Premium plugin. -->","yoast_head_json":{"title":"Elections locales au Burkina : La Fondation internationale pour les syst\u00e8mes \u00e9lectoraux et la CODEL approfondissent la r\u00e9flexion sur le suffrage universel direct - Burkina Faso","description":"Si le Burkina peut se r\u00e9jouir d\u2019avoir organis\u00e9 dans un climat apais\u00e9, en 2015 et en 2020, les \u00e9lections nationales (p ...","robots":{"index":"index","follow":"follow","max-snippet":"max-snippet:-1","max-image-preview":"max-image-preview:large","max-video-preview":"max-video-preview:-1"},"canonical":"https:\/\/www.africa-press.net\/burkina-faso\/politique\/elections-locales-au-burkina-la-fondation-internationale-pour-les-systemes-electoraux-et-la-codel-approfondissent-la-reflexion-sur-le-suffrage-universel-direct","og_locale":"fr_FR","og_type":"article","og_title":"Elections locales au Burkina : La Fondation internationale pour les syst\u00e8mes \u00e9lectoraux et la CODEL approfondissent la r\u00e9flexion sur le suffrage universel direct","og_description":"Si le Burkina peut se r\u00e9jouir d\u2019avoir organis\u00e9 dans un climat apais\u00e9, en 2015 et en 2020, les \u00e9lections nationales (p ...","og_url":"https:\/\/www.africa-press.net\/burkina-faso\/politique\/elections-locales-au-burkina-la-fondation-internationale-pour-les-systemes-electoraux-et-la-codel-approfondissent-la-reflexion-sur-le-suffrage-universel-direct","og_site_name":"Burkina Faso","article_published_time":"2021-04-29T12:22:52+00:00","og_image":[{"width":720,"height":540,"url":"https:\/\/static.africa-press.net\/burkina\/sites\/42\/2021\/04\/img-608a8a56ad177.jpg","type":"image\/jpeg"}],"author":"cfeditorfr","twitter_card":"summary_large_image","twitter_misc":{"\u00c9crit par":"cfeditorfr","Dur\u00e9e de lecture estim\u00e9e":"5 minutes"},"schema":{"@context":"https:\/\/schema.org","@graph":[{"@type":"Article","@id":"https:\/\/www.africa-press.net\/burkina-faso\/politique\/elections-locales-au-burkina-la-fondation-internationale-pour-les-systemes-electoraux-et-la-codel-approfondissent-la-reflexion-sur-le-suffrage-universel-direct#article","isPartOf":{"@id":"https:\/\/www.africa-press.net\/burkina-faso\/politique\/elections-locales-au-burkina-la-fondation-internationale-pour-les-systemes-electoraux-et-la-codel-approfondissent-la-reflexion-sur-le-suffrage-universel-direct"},"author":{"name":"cfeditorfr","@id":"https:\/\/www.africa-press.net\/burkina-faso\/#\/schema\/person\/2b1cf3cd81a31e3cd26889ca66d677f1"},"headline":"Elections locales au Burkina : La Fondation internationale pour les syst\u00e8mes \u00e9lectoraux et la CODEL approfondissent la r\u00e9flexion sur le suffrage universel direct","datePublished":"2021-04-29T12:22:52+00:00","mainEntityOfPage":{"@id":"https:\/\/www.africa-press.net\/burkina-faso\/politique\/elections-locales-au-burkina-la-fondation-internationale-pour-les-systemes-electoraux-et-la-codel-approfondissent-la-reflexion-sur-le-suffrage-universel-direct"},"wordCount":1105,"commentCount":0,"image":{"@id":"https:\/\/www.africa-press.net\/burkina-faso\/politique\/elections-locales-au-burkina-la-fondation-internationale-pour-les-systemes-electoraux-et-la-codel-approfondissent-la-reflexion-sur-le-suffrage-universel-direct#primaryimage"},"thumbnailUrl":"https:\/\/static.africa-press.net\/burkina\/sites\/42\/2021\/04\/img-608a8a56ad177.jpg","keywords":["Africa Press","Africa Press-Burkina Faso","Burkina Faso"],"articleSection":["homepage-french","Politique","Top Nouvelles","Toutes les actualit\u00e9s"],"inLanguage":"fr-FR","potentialAction":[{"@type":"CommentAction","name":"Comment","target":["https:\/\/www.africa-press.net\/burkina-faso\/politique\/elections-locales-au-burkina-la-fondation-internationale-pour-les-systemes-electoraux-et-la-codel-approfondissent-la-reflexion-sur-le-suffrage-universel-direct#respond"]}]},{"@type":"WebPage","@id":"https:\/\/www.africa-press.net\/burkina-faso\/politique\/elections-locales-au-burkina-la-fondation-internationale-pour-les-systemes-electoraux-et-la-codel-approfondissent-la-reflexion-sur-le-suffrage-universel-direct","url":"https:\/\/www.africa-press.net\/burkina-faso\/politique\/elections-locales-au-burkina-la-fondation-internationale-pour-les-systemes-electoraux-et-la-codel-approfondissent-la-reflexion-sur-le-suffrage-universel-direct","name":"Elections locales au Burkina : La Fondation internationale pour les syst\u00e8mes \u00e9lectoraux et la CODEL approfondissent la r\u00e9flexion sur le suffrage universel direct - Burkina Faso","isPartOf":{"@id":"https:\/\/www.africa-press.net\/burkina-faso\/#website"},"primaryImageOfPage":{"@id":"https:\/\/www.africa-press.net\/burkina-faso\/politique\/elections-locales-au-burkina-la-fondation-internationale-pour-les-systemes-electoraux-et-la-codel-approfondissent-la-reflexion-sur-le-suffrage-universel-direct#primaryimage"},"image":{"@id":"https:\/\/www.africa-press.net\/burkina-faso\/politique\/elections-locales-au-burkina-la-fondation-internationale-pour-les-systemes-electoraux-et-la-codel-approfondissent-la-reflexion-sur-le-suffrage-universel-direct#primaryimage"},"thumbnailUrl":"https:\/\/static.africa-press.net\/burkina\/sites\/42\/2021\/04\/img-608a8a56ad177.jpg","datePublished":"2021-04-29T12:22:52+00:00","author":{"@id":"https:\/\/www.africa-press.net\/burkina-faso\/#\/schema\/person\/2b1cf3cd81a31e3cd26889ca66d677f1"},"description":"Si le Burkina peut se r\u00e9jouir d\u2019avoir organis\u00e9 dans un climat apais\u00e9, en 2015 et en 2020, les \u00e9lections nationales (p ...","breadcrumb":{"@id":"https:\/\/www.africa-press.net\/burkina-faso\/politique\/elections-locales-au-burkina-la-fondation-internationale-pour-les-systemes-electoraux-et-la-codel-approfondissent-la-reflexion-sur-le-suffrage-universel-direct#breadcrumb"},"inLanguage":"fr-FR","potentialAction":[{"@type":"ReadAction","target":["https:\/\/www.africa-press.net\/burkina-faso\/politique\/elections-locales-au-burkina-la-fondation-internationale-pour-les-systemes-electoraux-et-la-codel-approfondissent-la-reflexion-sur-le-suffrage-universel-direct"]}]},{"@type":"ImageObject","inLanguage":"fr-FR","@id":"https:\/\/www.africa-press.net\/burkina-faso\/politique\/elections-locales-au-burkina-la-fondation-internationale-pour-les-systemes-electoraux-et-la-codel-approfondissent-la-reflexion-sur-le-suffrage-universel-direct#primaryimage","url":"https:\/\/static.africa-press.net\/burkina\/sites\/42\/2021\/04\/img-608a8a56ad177.jpg","contentUrl":"https:\/\/static.africa-press.net\/burkina\/sites\/42\/2021\/04\/img-608a8a56ad177.jpg","width":720,"height":540,"caption":"Elections locales au Burkina : La Fondation internationale pour les syst\u00e8mes \u00e9lectoraux et la CODEL approfondissent la r\u00e9flexion sur le suffrage universel direct"},{"@type":"BreadcrumbList","@id":"https:\/\/www.africa-press.net\/burkina-faso\/politique\/elections-locales-au-burkina-la-fondation-internationale-pour-les-systemes-electoraux-et-la-codel-approfondissent-la-reflexion-sur-le-suffrage-universel-direct#breadcrumb","itemListElement":[{"@type":"ListItem","position":1,"name":"Accueil","item":"https:\/\/www.africa-press.net\/burkina-faso\/"},{"@type":"ListItem","position":2,"name":"Elections locales au Burkina : La Fondation internationale pour les syst\u00e8mes \u00e9lectoraux et la CODEL approfondissent la r\u00e9flexion sur le suffrage universel direct"}]},{"@type":"WebSite","@id":"https:\/\/www.africa-press.net\/burkina-faso\/#website","url":"https:\/\/www.africa-press.net\/burkina-faso\/","name":"Burkina Faso","description":"Just another Africa News Agency Sites site","potentialAction":[{"@type":"SearchAction","target":{"@type":"EntryPoint","urlTemplate":"https:\/\/www.africa-press.net\/burkina-faso\/?s={search_term_string}"},"query-input":{"@type":"PropertyValueSpecification","valueRequired":true,"valueName":"search_term_string"}}],"inLanguage":"fr-FR"},{"@type":"Person","@id":"https:\/\/www.africa-press.net\/burkina-faso\/#\/schema\/person\/2b1cf3cd81a31e3cd26889ca66d677f1","name":"cfeditorfr"}]}},"_links":{"self":[{"href":"https:\/\/www.africa-press.net\/burkina-faso\/wp-json\/wp\/v2\/posts\/10783","targetHints":{"allow":["GET"]}}],"collection":[{"href":"https:\/\/www.africa-press.net\/burkina-faso\/wp-json\/wp\/v2\/posts"}],"about":[{"href":"https:\/\/www.africa-press.net\/burkina-faso\/wp-json\/wp\/v2\/types\/post"}],"author":[{"embeddable":true,"href":"https:\/\/www.africa-press.net\/burkina-faso\/wp-json\/wp\/v2\/users\/82"}],"replies":[{"embeddable":true,"href":"https:\/\/www.africa-press.net\/burkina-faso\/wp-json\/wp\/v2\/comments?post=10783"}],"version-history":[{"count":0,"href":"https:\/\/www.africa-press.net\/burkina-faso\/wp-json\/wp\/v2\/posts\/10783\/revisions"}],"wp:featuredmedia":[{"embeddable":true,"href":"https:\/\/www.africa-press.net\/burkina-faso\/wp-json\/wp\/v2\/media\/10782"}],"wp:attachment":[{"href":"https:\/\/www.africa-press.net\/burkina-faso\/wp-json\/wp\/v2\/media?parent=10783"}],"wp:term":[{"taxonomy":"category","embeddable":true,"href":"https:\/\/www.africa-press.net\/burkina-faso\/wp-json\/wp\/v2\/categories?post=10783"},{"taxonomy":"post_tag","embeddable":true,"href":"https:\/\/www.africa-press.net\/burkina-faso\/wp-json\/wp\/v2\/tags?post=10783"}],"curies":[{"name":"wp","href":"https:\/\/api.w.org\/{rel}","templated":true}]}}