{"id":10853,"date":"2021-04-30T12:20:00","date_gmt":"2021-04-30T12:20:00","guid":{"rendered":"https:\/\/www.africa-press.net\/burkina-faso\/?p=10853"},"modified":"2021-04-30T13:29:55","modified_gmt":"2021-04-30T13:29:55","slug":"programme-elargi-de-vaccination-40-ans-au-service-des-populations","status":"publish","type":"post","link":"https:\/\/www.africa-press.net\/burkina-faso\/politique\/programme-elargi-de-vaccination-40-ans-au-service-des-populations","title":{"rendered":"Programme \u00e9largi de vaccination  : 40 ans au service des populations"},"content":{"rendered":"<p><span style=\"color: #ff6600\"><strong><a href=\"https:\/\/www.africa-press.net\/\">Africa-Press<\/a> &#8211; <a href=\"https:\/\/www.africa-press.net\/burkina-faso\">Burkina Faso<\/a>. <\/strong><\/span><b>Le minist\u00e8re de la Sant\u00e9 a comm\u00e9mor\u00e9, le quaranti\u00e8me anniversaire du programme \u00e9largi de vaccination, le jeudi 29 avril 2021 \u00e0 Ouagadougou. A cette occasion, le Pr\u00e9sident de Faso, Roch Marc Christian Kabor\u00e9 a inaugur\u00e9, l\u2019entrep\u00f4t central dudit programme.<\/b><\/p>\n<p>Moyen le plus s\u00fbr et le plus efficace pour pr\u00e9venir les maladies et lutter contre les pand\u00e9mies, la vaccination a jou\u00e9 un grand r\u00f4le dans la protection de la sant\u00e9 de la m\u00e8re et de l\u2019enfant au Burkina Faso depuis les ann\u00e9es 1980 \u00e0 travers le Programme \u00e9largi de vaccination (PEV). Apr\u00e8s quarante ans, les acteurs ont marqu\u00e9 une halte, le jeudi 29 avril 2021, pour c\u00e9l\u00e9brer les succ\u00e8s engrang\u00e9s, mais aussi, pour analyser les d\u00e9fis afin de poser les bases solides de la prochaine d\u00e9cennie de vaccination. Inauguration de l\u2019entrep\u00f4t central, d\u00e9coration de 15 r\u00e9cipiendaires, remise d\u2019\u00e9charpe aux 13 champions des treize r\u00e9gions du pays et la visite des \u00e9quipements du PEV par le Pr\u00e9sident du Faso, Roch March Christian Kabor\u00e9, ont \u00e9t\u00e9 les temps forts de cette c\u00e9r\u00e9monie.<\/p>\n<p>Le chef de l\u2019Etat a f\u00e9licit\u00e9 des acteurs de la mise en \u0153uvre pour les succ\u00e8s engrang\u00e9s. \u00ab En quarante ans, nous avons pu anticiper, soigner, faire dispara\u00eetre des maladies qui ont tu\u00e9 beaucoup d\u2019enfants dans notre pays et si aujourd\u2019hui le Burkina Faso, \u00e0 travers son pr\u00e9sident, est champion mondial en mati\u00e8re de vaccination, ce n\u2019est pas de son fait. Mais, c\u2019est gr\u00e2ce au travail qui a \u00e9t\u00e9 fait par le gouvernement, le minist\u00e8re de la Sant\u00e9, les agents de sant\u00e9 \u00e0 tous les niveaux pour faire en sorte que le vaccin soit accessible et \u00e9quitablement re\u00e7u sur l\u2019ensemble de notre territoire national \u00bb, a soulign\u00e9 le pr\u00e9sident du Faso. Il a rappel\u00e9 aux uns et aux autres qu\u2019ils ne doivent pas dormir sur leurs lauriers, car la d\u00e9cennie \u00e0 venir sera rude, au regard des multiples d\u00e9fis que sont l\u2019acc\u00e8s \u00e9quitable et universel aux vaccins existants et \u00e0 ceux du futur en raison des menaces permanentes comme celle de la COVID-19.<br \/>\n\u00ab Mais, nous ne devons pas baisser la garde, car en mati\u00e8re de vaccination, c\u2019est un travail qui est collectif, un travail de sensibilisation o\u00f9 tous les acteurs, \u00e0 quelque niveau que ce soit, doivent converger et inciter \u00e0 ce que nos enfants soient vaccin\u00e9s parce que c\u2019est \u00e7a l\u2019avenir de notre nation \u00bb, a-t-il soutenu.<\/p>\n<p><b>Pour une bonne conservation des vaccins<\/b><\/p>\n<p>Il a laiss\u00e9 entendre qu\u2019en termes d\u2019engagement, le gouvernement est fermement r\u00e9solu \u00e0 poursuivre la lutte mais qu\u2019ils comptent sur les partenaires pour les appuyer. \u00ab Le centre que nous venons d\u2019inaugurer est important dans ce sens qu\u2019il va nous permettre une bonne conservation des vaccins et d\u2019avoir des vaccins de bonne qualit\u00e9. Nous ne sommes qu\u2019\u00e0 la premi\u00e8re phase, il reste l\u2019\u00e9quipement et le b\u00e2timent \u00e0 monter, mais d\u00e9j\u00e0 nous saluons GAVI pour cette importante contribution \u00bb, s\u2019est-il exprim\u00e9.<\/p>\n<p>Saluant la victoire du pays des Hommes int\u00e8gres sur les diff\u00e9rentes maladies des enfants, la repr\u00e9sentante des partenaires techniques et financiers, Mme, Sandra Lakrouv a souhait\u00e9 que ces efforts soient maintenus et que la mise en place des solutions de sant\u00e9 de base soient acc\u00e9l\u00e9r\u00e9es et renforc\u00e9es pour prendre en charge la sant\u00e9 pr\u00e9natale, la pr\u00e9vention des retards de croissance, la malnutrition, l\u2019acc\u00e8s \u00e0 l\u2019eau et \u00e0 l\u2019assainissement. Pour leur part, elle a pr\u00e9cis\u00e9 que les PTF seront toujours aux c\u00f4t\u00e9s du pays pour capitaliser les acquis et l\u2019accompagner dans l\u2019\u00e9radication des maladies infantiles. \u00ab Gr\u00e2ce aux efforts de tous les partenaires, des installations et des acquisitions compl\u00e9mentaires sont en cours \u00bb, a-t-elle avou\u00e9. Cependant, elle a sollicit\u00e9 l\u2019accompagnement de tous pour parvenir \u00e0 un changement positif de comportement des parents quant aux diff\u00e9rentes campagnes de vaccination \u00e0 venir. Mise en place en 1974, par l\u2019Organisation mondiale de la sant\u00e9 (OMS), le Programme \u00e9largi de vaccination (PEV) vise \u00e0 contribuer \u00e0 la r\u00e9duction de la mortalit\u00e9 et de la morbidit\u00e9 dues aux maladies \u00e9vitables tels la dipht\u00e9rie, le t\u00e9tanos, la coqueluche, l\u2019haemophilus influenzae, l\u2019h\u00e9patite B, la poliomy\u00e9lite, le pneumocoque et le rota virus chez les enfants de 0 \u00e0 2 ans et les femmes enceintes par la vaccination.<\/p>\n<p><b>Donald Wendpouir\u00e9 NIKIEMA<\/b><\/p>\n","protected":false},"excerpt":{"rendered":"<p>Africa-Press &#8211; Burkina Faso. Le minist\u00e8re de la Sant\u00e9 a comm\u00e9mor\u00e9, le quaranti\u00e8me anniversaire du programme \u00e9largi de vaccination, le jeudi 29 avril 2021 \u00e0 Ouagadougou. A cette occasion, le Pr\u00e9sident de Faso, Roch Marc Christian Kabor\u00e9 a inaugur\u00e9, l\u2019entrep\u00f4t central dudit programme. Moyen le plus s\u00fbr et le plus efficace pour pr\u00e9venir les maladies [&hellip;]<\/p>\n","protected":false},"author":82,"featured_media":10852,"comment_status":"open","ping_status":"closed","sticky":false,"template":"","format":"standard","meta":{"footnotes":""},"categories":[11,2,10],"tags":[1884,111,725,29,1885,1883,175,1881,1882],"class_list":["post-10853","post","type-post","status-publish","format-standard","has-post-thumbnail","hentry","category-homepage-french","category-politique","category-toutes-les-actualites","tag-40-ans","tag-africa-press","tag-africa-press-burkina-faso","tag-burkina-faso","tag-elargi","tag-populations","tag-programme","tag-service","tag-vaccination"],"yoast_head":"<!-- This site is optimized with the Yoast SEO Premium plugin v26.1 (Yoast SEO v27.0) - https:\/\/yoast.com\/product\/yoast-seo-premium-wordpress\/ -->\n<title>Programme \u00e9largi de vaccination : 40 ans au service des populations - Burkina Faso<\/title>\n<meta name=\"description\" content=\"Le minist\u00e8re de la Sant\u00e9 a comm\u00e9mor\u00e9, le quaranti\u00e8me anniversaire du programme \u00e9largi de vaccination, le jeudi 29 avr ...\" \/>\n<meta name=\"robots\" content=\"index, follow, max-snippet:-1, max-image-preview:large, max-video-preview:-1\" \/>\n<link rel=\"canonical\" href=\"https:\/\/www.africa-press.net\/burkina-faso\/politique\/programme-elargi-de-vaccination-40-ans-au-service-des-populations\" \/>\n<meta property=\"og:locale\" content=\"fr_FR\" \/>\n<meta property=\"og:type\" content=\"article\" \/>\n<meta property=\"og:title\" content=\"Programme \u00e9largi de vaccination : 40 ans au service des populations\" \/>\n<meta property=\"og:description\" content=\"Le minist\u00e8re de la Sant\u00e9 a comm\u00e9mor\u00e9, le quaranti\u00e8me anniversaire du programme \u00e9largi de vaccination, le jeudi 29 avr ...\" \/>\n<meta property=\"og:url\" content=\"https:\/\/www.africa-press.net\/burkina-faso\/politique\/programme-elargi-de-vaccination-40-ans-au-service-des-populations\" \/>\n<meta property=\"og:site_name\" content=\"Burkina Faso\" \/>\n<meta property=\"article:published_time\" content=\"2021-04-30T12:20:00+00:00\" \/>\n<meta property=\"article:modified_time\" content=\"2021-04-30T13:29:55+00:00\" \/>\n<meta property=\"og:image\" content=\"https:\/\/static.africa-press.net\/burkina\/sites\/42\/2021\/04\/img-608bed2a96d21.jpg\" \/>\n\t<meta property=\"og:image:width\" content=\"720\" \/>\n\t<meta property=\"og:image:height\" content=\"475\" \/>\n\t<meta property=\"og:image:type\" content=\"image\/jpeg\" \/>\n<meta name=\"author\" content=\"cfeditorfr\" \/>\n<meta name=\"twitter:card\" content=\"summary_large_image\" \/>\n<meta name=\"twitter:label1\" content=\"\u00c9crit par\" \/>\n\t<meta name=\"twitter:data1\" content=\"cfeditorfr\" \/>\n\t<meta name=\"twitter:label2\" content=\"Dur\u00e9e de lecture estim\u00e9e\" \/>\n\t<meta name=\"twitter:data2\" content=\"4 minutes\" \/>\n<script type=\"application\/ld+json\" class=\"yoast-schema-graph\">{\"@context\":\"https:\/\/schema.org\",\"@graph\":[{\"@type\":\"Article\",\"@id\":\"https:\/\/www.africa-press.net\/burkina-faso\/politique\/programme-elargi-de-vaccination-40-ans-au-service-des-populations#article\",\"isPartOf\":{\"@id\":\"https:\/\/www.africa-press.net\/burkina-faso\/politique\/programme-elargi-de-vaccination-40-ans-au-service-des-populations\"},\"author\":{\"name\":\"cfeditorfr\",\"@id\":\"https:\/\/www.africa-press.net\/burkina-faso\/#\/schema\/person\/2b1cf3cd81a31e3cd26889ca66d677f1\"},\"headline\":\"Programme \u00e9largi de vaccination : 40 ans au service des populations\",\"datePublished\":\"2021-04-30T12:20:00+00:00\",\"dateModified\":\"2021-04-30T13:29:55+00:00\",\"mainEntityOfPage\":{\"@id\":\"https:\/\/www.africa-press.net\/burkina-faso\/politique\/programme-elargi-de-vaccination-40-ans-au-service-des-populations\"},\"wordCount\":760,\"commentCount\":0,\"image\":{\"@id\":\"https:\/\/www.africa-press.net\/burkina-faso\/politique\/programme-elargi-de-vaccination-40-ans-au-service-des-populations#primaryimage\"},\"thumbnailUrl\":\"https:\/\/static.africa-press.net\/burkina\/sites\/42\/2021\/04\/img-608bed2a96d21.jpg\",\"keywords\":[\"40 ans\",\"Africa Press\",\"Africa Press-Burkina Faso\",\"Burkina Faso\",\"\u00e9largi\",\"populations\",\"programme\",\"service\",\"vaccination\"],\"articleSection\":[\"homepage-french\",\"Politique\",\"Toutes les actualit\u00e9s\"],\"inLanguage\":\"fr-FR\",\"potentialAction\":[{\"@type\":\"CommentAction\",\"name\":\"Comment\",\"target\":[\"https:\/\/www.africa-press.net\/burkina-faso\/politique\/programme-elargi-de-vaccination-40-ans-au-service-des-populations#respond\"]}]},{\"@type\":\"WebPage\",\"@id\":\"https:\/\/www.africa-press.net\/burkina-faso\/politique\/programme-elargi-de-vaccination-40-ans-au-service-des-populations\",\"url\":\"https:\/\/www.africa-press.net\/burkina-faso\/politique\/programme-elargi-de-vaccination-40-ans-au-service-des-populations\",\"name\":\"Programme \u00e9largi de vaccination : 40 ans au service des populations - Burkina Faso\",\"isPartOf\":{\"@id\":\"https:\/\/www.africa-press.net\/burkina-faso\/#website\"},\"primaryImageOfPage\":{\"@id\":\"https:\/\/www.africa-press.net\/burkina-faso\/politique\/programme-elargi-de-vaccination-40-ans-au-service-des-populations#primaryimage\"},\"image\":{\"@id\":\"https:\/\/www.africa-press.net\/burkina-faso\/politique\/programme-elargi-de-vaccination-40-ans-au-service-des-populations#primaryimage\"},\"thumbnailUrl\":\"https:\/\/static.africa-press.net\/burkina\/sites\/42\/2021\/04\/img-608bed2a96d21.jpg\",\"datePublished\":\"2021-04-30T12:20:00+00:00\",\"dateModified\":\"2021-04-30T13:29:55+00:00\",\"author\":{\"@id\":\"https:\/\/www.africa-press.net\/burkina-faso\/#\/schema\/person\/2b1cf3cd81a31e3cd26889ca66d677f1\"},\"description\":\"Le minist\u00e8re de la Sant\u00e9 a comm\u00e9mor\u00e9, le quaranti\u00e8me anniversaire du programme \u00e9largi de vaccination, le jeudi 29 avr ...\",\"breadcrumb\":{\"@id\":\"https:\/\/www.africa-press.net\/burkina-faso\/politique\/programme-elargi-de-vaccination-40-ans-au-service-des-populations#breadcrumb\"},\"inLanguage\":\"fr-FR\",\"potentialAction\":[{\"@type\":\"ReadAction\",\"target\":[\"https:\/\/www.africa-press.net\/burkina-faso\/politique\/programme-elargi-de-vaccination-40-ans-au-service-des-populations\"]}]},{\"@type\":\"ImageObject\",\"inLanguage\":\"fr-FR\",\"@id\":\"https:\/\/www.africa-press.net\/burkina-faso\/politique\/programme-elargi-de-vaccination-40-ans-au-service-des-populations#primaryimage\",\"url\":\"https:\/\/static.africa-press.net\/burkina\/sites\/42\/2021\/04\/img-608bed2a96d21.jpg\",\"contentUrl\":\"https:\/\/static.africa-press.net\/burkina\/sites\/42\/2021\/04\/img-608bed2a96d21.jpg\",\"width\":720,\"height\":475,\"caption\":\"Programme \u00e9largi de vaccination : 40 ans au service des populations\"},{\"@type\":\"BreadcrumbList\",\"@id\":\"https:\/\/www.africa-press.net\/burkina-faso\/politique\/programme-elargi-de-vaccination-40-ans-au-service-des-populations#breadcrumb\",\"itemListElement\":[{\"@type\":\"ListItem\",\"position\":1,\"name\":\"Accueil\",\"item\":\"https:\/\/www.africa-press.net\/burkina-faso\/\"},{\"@type\":\"ListItem\",\"position\":2,\"name\":\"Programme \u00e9largi de vaccination : 40 ans au service des populations\"}]},{\"@type\":\"WebSite\",\"@id\":\"https:\/\/www.africa-press.net\/burkina-faso\/#website\",\"url\":\"https:\/\/www.africa-press.net\/burkina-faso\/\",\"name\":\"Burkina Faso\",\"description\":\"Just another Africa News Agency Sites site\",\"potentialAction\":[{\"@type\":\"SearchAction\",\"target\":{\"@type\":\"EntryPoint\",\"urlTemplate\":\"https:\/\/www.africa-press.net\/burkina-faso\/?s={search_term_string}\"},\"query-input\":{\"@type\":\"PropertyValueSpecification\",\"valueRequired\":true,\"valueName\":\"search_term_string\"}}],\"inLanguage\":\"fr-FR\"},{\"@type\":\"Person\",\"@id\":\"https:\/\/www.africa-press.net\/burkina-faso\/#\/schema\/person\/2b1cf3cd81a31e3cd26889ca66d677f1\",\"name\":\"cfeditorfr\"}]}<\/script>\n<!-- \/ Yoast SEO Premium plugin. -->","yoast_head_json":{"title":"Programme \u00e9largi de vaccination : 40 ans au service des populations - Burkina Faso","description":"Le minist\u00e8re de la Sant\u00e9 a comm\u00e9mor\u00e9, le quaranti\u00e8me anniversaire du programme \u00e9largi de vaccination, le jeudi 29 avr ...","robots":{"index":"index","follow":"follow","max-snippet":"max-snippet:-1","max-image-preview":"max-image-preview:large","max-video-preview":"max-video-preview:-1"},"canonical":"https:\/\/www.africa-press.net\/burkina-faso\/politique\/programme-elargi-de-vaccination-40-ans-au-service-des-populations","og_locale":"fr_FR","og_type":"article","og_title":"Programme \u00e9largi de vaccination : 40 ans au service des populations","og_description":"Le minist\u00e8re de la Sant\u00e9 a comm\u00e9mor\u00e9, le quaranti\u00e8me anniversaire du programme \u00e9largi de vaccination, le jeudi 29 avr ...","og_url":"https:\/\/www.africa-press.net\/burkina-faso\/politique\/programme-elargi-de-vaccination-40-ans-au-service-des-populations","og_site_name":"Burkina Faso","article_published_time":"2021-04-30T12:20:00+00:00","article_modified_time":"2021-04-30T13:29:55+00:00","og_image":[{"width":720,"height":475,"url":"https:\/\/static.africa-press.net\/burkina\/sites\/42\/2021\/04\/img-608bed2a96d21.jpg","type":"image\/jpeg"}],"author":"cfeditorfr","twitter_card":"summary_large_image","twitter_misc":{"\u00c9crit par":"cfeditorfr","Dur\u00e9e de lecture estim\u00e9e":"4 minutes"},"schema":{"@context":"https:\/\/schema.org","@graph":[{"@type":"Article","@id":"https:\/\/www.africa-press.net\/burkina-faso\/politique\/programme-elargi-de-vaccination-40-ans-au-service-des-populations#article","isPartOf":{"@id":"https:\/\/www.africa-press.net\/burkina-faso\/politique\/programme-elargi-de-vaccination-40-ans-au-service-des-populations"},"author":{"name":"cfeditorfr","@id":"https:\/\/www.africa-press.net\/burkina-faso\/#\/schema\/person\/2b1cf3cd81a31e3cd26889ca66d677f1"},"headline":"Programme \u00e9largi de vaccination : 40 ans au service des populations","datePublished":"2021-04-30T12:20:00+00:00","dateModified":"2021-04-30T13:29:55+00:00","mainEntityOfPage":{"@id":"https:\/\/www.africa-press.net\/burkina-faso\/politique\/programme-elargi-de-vaccination-40-ans-au-service-des-populations"},"wordCount":760,"commentCount":0,"image":{"@id":"https:\/\/www.africa-press.net\/burkina-faso\/politique\/programme-elargi-de-vaccination-40-ans-au-service-des-populations#primaryimage"},"thumbnailUrl":"https:\/\/static.africa-press.net\/burkina\/sites\/42\/2021\/04\/img-608bed2a96d21.jpg","keywords":["40 ans","Africa Press","Africa Press-Burkina Faso","Burkina Faso","\u00e9largi","populations","programme","service","vaccination"],"articleSection":["homepage-french","Politique","Toutes les actualit\u00e9s"],"inLanguage":"fr-FR","potentialAction":[{"@type":"CommentAction","name":"Comment","target":["https:\/\/www.africa-press.net\/burkina-faso\/politique\/programme-elargi-de-vaccination-40-ans-au-service-des-populations#respond"]}]},{"@type":"WebPage","@id":"https:\/\/www.africa-press.net\/burkina-faso\/politique\/programme-elargi-de-vaccination-40-ans-au-service-des-populations","url":"https:\/\/www.africa-press.net\/burkina-faso\/politique\/programme-elargi-de-vaccination-40-ans-au-service-des-populations","name":"Programme \u00e9largi de vaccination : 40 ans au service des populations - Burkina Faso","isPartOf":{"@id":"https:\/\/www.africa-press.net\/burkina-faso\/#website"},"primaryImageOfPage":{"@id":"https:\/\/www.africa-press.net\/burkina-faso\/politique\/programme-elargi-de-vaccination-40-ans-au-service-des-populations#primaryimage"},"image":{"@id":"https:\/\/www.africa-press.net\/burkina-faso\/politique\/programme-elargi-de-vaccination-40-ans-au-service-des-populations#primaryimage"},"thumbnailUrl":"https:\/\/static.africa-press.net\/burkina\/sites\/42\/2021\/04\/img-608bed2a96d21.jpg","datePublished":"2021-04-30T12:20:00+00:00","dateModified":"2021-04-30T13:29:55+00:00","author":{"@id":"https:\/\/www.africa-press.net\/burkina-faso\/#\/schema\/person\/2b1cf3cd81a31e3cd26889ca66d677f1"},"description":"Le minist\u00e8re de la Sant\u00e9 a comm\u00e9mor\u00e9, le quaranti\u00e8me anniversaire du programme \u00e9largi de vaccination, le jeudi 29 avr ...","breadcrumb":{"@id":"https:\/\/www.africa-press.net\/burkina-faso\/politique\/programme-elargi-de-vaccination-40-ans-au-service-des-populations#breadcrumb"},"inLanguage":"fr-FR","potentialAction":[{"@type":"ReadAction","target":["https:\/\/www.africa-press.net\/burkina-faso\/politique\/programme-elargi-de-vaccination-40-ans-au-service-des-populations"]}]},{"@type":"ImageObject","inLanguage":"fr-FR","@id":"https:\/\/www.africa-press.net\/burkina-faso\/politique\/programme-elargi-de-vaccination-40-ans-au-service-des-populations#primaryimage","url":"https:\/\/static.africa-press.net\/burkina\/sites\/42\/2021\/04\/img-608bed2a96d21.jpg","contentUrl":"https:\/\/static.africa-press.net\/burkina\/sites\/42\/2021\/04\/img-608bed2a96d21.jpg","width":720,"height":475,"caption":"Programme \u00e9largi de vaccination : 40 ans au service des populations"},{"@type":"BreadcrumbList","@id":"https:\/\/www.africa-press.net\/burkina-faso\/politique\/programme-elargi-de-vaccination-40-ans-au-service-des-populations#breadcrumb","itemListElement":[{"@type":"ListItem","position":1,"name":"Accueil","item":"https:\/\/www.africa-press.net\/burkina-faso\/"},{"@type":"ListItem","position":2,"name":"Programme \u00e9largi de vaccination : 40 ans au service des populations"}]},{"@type":"WebSite","@id":"https:\/\/www.africa-press.net\/burkina-faso\/#website","url":"https:\/\/www.africa-press.net\/burkina-faso\/","name":"Burkina Faso","description":"Just another Africa News Agency Sites site","potentialAction":[{"@type":"SearchAction","target":{"@type":"EntryPoint","urlTemplate":"https:\/\/www.africa-press.net\/burkina-faso\/?s={search_term_string}"},"query-input":{"@type":"PropertyValueSpecification","valueRequired":true,"valueName":"search_term_string"}}],"inLanguage":"fr-FR"},{"@type":"Person","@id":"https:\/\/www.africa-press.net\/burkina-faso\/#\/schema\/person\/2b1cf3cd81a31e3cd26889ca66d677f1","name":"cfeditorfr"}]}},"_links":{"self":[{"href":"https:\/\/www.africa-press.net\/burkina-faso\/wp-json\/wp\/v2\/posts\/10853","targetHints":{"allow":["GET"]}}],"collection":[{"href":"https:\/\/www.africa-press.net\/burkina-faso\/wp-json\/wp\/v2\/posts"}],"about":[{"href":"https:\/\/www.africa-press.net\/burkina-faso\/wp-json\/wp\/v2\/types\/post"}],"author":[{"embeddable":true,"href":"https:\/\/www.africa-press.net\/burkina-faso\/wp-json\/wp\/v2\/users\/82"}],"replies":[{"embeddable":true,"href":"https:\/\/www.africa-press.net\/burkina-faso\/wp-json\/wp\/v2\/comments?post=10853"}],"version-history":[{"count":0,"href":"https:\/\/www.africa-press.net\/burkina-faso\/wp-json\/wp\/v2\/posts\/10853\/revisions"}],"wp:featuredmedia":[{"embeddable":true,"href":"https:\/\/www.africa-press.net\/burkina-faso\/wp-json\/wp\/v2\/media\/10852"}],"wp:attachment":[{"href":"https:\/\/www.africa-press.net\/burkina-faso\/wp-json\/wp\/v2\/media?parent=10853"}],"wp:term":[{"taxonomy":"category","embeddable":true,"href":"https:\/\/www.africa-press.net\/burkina-faso\/wp-json\/wp\/v2\/categories?post=10853"},{"taxonomy":"post_tag","embeddable":true,"href":"https:\/\/www.africa-press.net\/burkina-faso\/wp-json\/wp\/v2\/tags?post=10853"}],"curies":[{"name":"wp","href":"https:\/\/api.w.org\/{rel}","templated":true}]}}