{"id":10865,"date":"2021-04-30T12:53:20","date_gmt":"2021-04-30T12:53:20","guid":{"rendered":"https:\/\/www.africa-press.net\/burkina-faso\/?p=10865"},"modified":"2021-04-30T13:31:15","modified_gmt":"2021-04-30T13:31:15","slug":"burkina-faso-le-programme-elargi-de-vaccination-celebre-40-ans-dexistence","status":"publish","type":"post","link":"https:\/\/www.africa-press.net\/burkina-faso\/economie\/burkina-faso-le-programme-elargi-de-vaccination-celebre-40-ans-dexistence","title":{"rendered":"Le Programme \u00e9largi de vaccination c\u00e9l\u00e8bre 40 ans d\u2019existence"},"content":{"rendered":"<p><span style=\"color: #ff6600\"><strong><a href=\"https:\/\/www.africa-press.net\/\">Africa-Press<\/a> &#8211; <a href=\"https:\/\/www.africa-press.net\/burkina-faso\">Burkina Faso<\/a>. <\/strong><\/span><b>Le Programme \u00e9largi de vaccination (PEV) du Burkina Faso a 40 ans. La c\u00e9l\u00e9bration de ce quaranti\u00e8me anniversaire a eu lieu ce jeudi 29 avril 2021 \u00e0 Ouagadougou en pr\u00e9sence du pr\u00e9sident du Faso, par ailleurs champion mondial de la vaccination, de membres du gouvernement et des partenaires techniques et financiers. Ce fut l\u2019occasion d\u2019inaugurer le nouvel entrep\u00f4t du PEV sis \u00e0 Tengandogo et d\u2019installer des champions r\u00e9gionaux de la vaccination.<\/b><\/p>\n<p>La vaccination est une des composantes des soins de sant\u00e9 primaires et constitue l\u2019une des interventions de sant\u00e9 publique les plus rentables. C\u2019est pourquoi l\u2019Assembl\u00e9e mondiale de la sant\u00e9 a lanc\u00e9 le Programme \u00e9largi de vaccination (PEV) en 1974 avec pour objectif d\u2019accroitre l\u2019acc\u00e8s des populations \u00e0 la vaccination. C\u2019est dans ce cadre que le PEV du Burkina Faso a \u00e9t\u00e9 cr\u00e9\u00e9 en 1980.<\/p>\n<p>Aujourd\u2019hui, il c\u00e9l\u00e8bre ses 40 ans. Il convient donc, \u00e0 en croire le pr\u00e9sident du Faso, de marquer une halte pour c\u00e9l\u00e9brer les succ\u00e8s, mais \u00e9galement analyser les d\u00e9fis afin de poser les bases solides de la prochaine d\u00e9cennie de vaccination. Il ne manque d\u2019ailleurs pas de saluer tous les acteurs qui font du PEV, l\u2019un des programmes les plus r\u00e9guli\u00e8rement cit\u00e9s parmi les plus performants de la sous-r\u00e9gion.<\/p>\n<p>\u00ab Si aujourd\u2019hui le pr\u00e9sident du Faso est champion en mati\u00e8re de vaccination, c\u2019est du fait du travail qui a \u00e9t\u00e9 fait par le gouvernement, par le minist\u00e8re de la Sant\u00e9, par les agents de sant\u00e9 \u00e0 tous les niveaux pour faire en sorte que le vaccin soit accessible et \u00e9quitablement re\u00e7u sur l\u2019ensemble de notre territoire.<br \/>\nJe dois rappeler que pour l\u2019histoire de notre pays, en 1984, nous avons eu ce qu\u2019on a appel\u00e9 la vaccination commando qui a \u00e9t\u00e9 une grande \u0153uvre nationale qui a apport\u00e9 une base solide pour la continuation du travail. C\u2019est pour dire qu\u2019en mati\u00e8re de vaccination, c\u2019est un travail qui est collectif, c\u2019est un travail de sensibilisation o\u00f9 tous les acteurs, que ce soit les autorit\u00e9s coutumi\u00e8res, religieuses, que ce soit les Organisations de la soci\u00e9t\u00e9 civile, tout le monde doit inciter \u00e0 ce que nos enfants soient vaccin\u00e9s parce que c\u2019est \u00e7a l\u2019avenir de nos populations \u00bb, a indiqu\u00e9 le pr\u00e9sident du Faso, Roch Kabor\u00e9.<\/p>\n<p>Et pour les ann\u00e9es \u00e0 venir, le pr\u00e9sident du Faso prend l\u2019engagement de continuer \u00e0 \u0153uvrer pour la p\u00e9rennisation du financement de la vaccination \u00e0 travers la mobilisation de ressources domestiques, en vue d\u2019assurer une plus grande disponibilit\u00e9 des vaccins.<\/p>\n<p><b>La situation s\u00e9curitaire prive des milliers d\u2019enfants de vaccination<\/b><\/p>\n<p>La Repr\u00e9sentante de l\u2019UNICEF au Burkina Faso, Sandra Lattouf, prenant la parole au nom des partenaires techniques et financiers, a rappel\u00e9 que le PEV du Burkina Faso est pass\u00e9 de six antig\u00e8nes en 1980 \u00e0 quinze \u00e0 ce jour, couvrant les maladies les plus mortelles pour les femmes enceintes et les enfants. Elle reconnait que les succ\u00e8s du PEV ont d\u2019ailleurs largement contribu\u00e9 \u00e0 la r\u00e9duction de la mortalit\u00e9 infanto-juv\u00e9nile au Burkina Faso passant de 129 pour mille naissances vivantes en 2010 \u00e0 82 pour mille naissances vivantes en 2015.<\/p>\n<p>Cependant, la crise s\u00e9curitaire que connait le pays ces derni\u00e8res ann\u00e9es prive des centaines de milliers d\u2019enfants de vaccination. \u00ab Il faut redoubler d\u2019efforts pour conserver ces acquis et vacciner chaque enfant y compris dans les zones les plus inaccessibles. On estime qu\u2019actuellement plus de 380 000 enfants de 0-23 mois (dont 85 500 enfants de 0-11 mois) vivant dans les zones particuli\u00e8rement touch\u00e9es par l\u2019ins\u00e9curit\u00e9, sont priv\u00e9s de la vaccination. Cela est tr\u00e8s pr\u00e9occupant. Il existe un risque que ces enfants contractent des maladies graves et que nous assistions \u00e0 de nouvelles flamb\u00e9es \u00e9pid\u00e9miques \u00bb, s\u2019inqui\u00e8te Mme Lattouf.<\/p>\n<p><b>Des champions r\u00e9gionaux de la vaccination install\u00e9s<\/b><\/p>\n<p>Au cours de cette c\u00e9r\u00e9monie marquant le 40e anniversaire du PEV, des champions r\u00e9gionaux de la vaccination ont \u00e9t\u00e9 install\u00e9s. Ils devront user de leur influence et de leur notori\u00e9t\u00e9 pour faire la promotion de la vaccination dans leurs diff\u00e9rentes r\u00e9gions. Une quinzaine de personnes physiques et morales ont \u00e9galement \u00e9t\u00e9 faits chevaliers de l\u2019Ordre du m\u00e9rite de la sant\u00e9 et de l\u2019action sociale avec agrafe sant\u00e9 pour leur contribution \u00e0 la promotion de la vaccination.<\/p>\n<p><b>Un nouvel entrep\u00f4t pour le PEV<\/b><\/p>\n<p>Le pr\u00e9sident du Faso a, \u00e0 l\u2019occasion de ce 40e anniversaire du PEV, inaugur\u00e9 le nouvel entrep\u00f4t sis \u00e0 Tengandogo. Il est constitu\u00e9 de 2000 m2 d\u2019entrep\u00f4t sec et 1800 m2 d\u2019entrep\u00f4t humide, et de bureaux financ\u00e9s en grande partie par l\u2019Alliance mondiale pour les Vaccins et l\u2019Immunisation (GAVI). La valeur totale de cette infrastructure qui n\u2019est qu\u2019\u00e0 sa premi\u00e8re phase, s\u2019\u00e9l\u00e8ve \u00e0 pr\u00e8s de 5 milliards de francs CFA. Le pr\u00e9sident Faso n\u2019a pas manqu\u00e9 d\u2019exprimer sa reconnaissance \u00e0 l\u2019endroit de GAVI pour ce joyau et s\u2019est engag\u00e9 \u00e0 \u0153uvrer \u00e0 sa finition.<\/p>\n<p><b>Justine Bonkoungou<br \/>\n<\/b><\/p>\n","protected":false},"excerpt":{"rendered":"<p>Africa-Press &#8211; Burkina Faso. Le Programme \u00e9largi de vaccination (PEV) du Burkina Faso a 40 ans. La c\u00e9l\u00e9bration de ce quaranti\u00e8me anniversaire a eu lieu ce jeudi 29 avril 2021 \u00e0 Ouagadougou en pr\u00e9sence du pr\u00e9sident du Faso, par ailleurs champion mondial de la vaccination, de membres du gouvernement et des partenaires techniques et financiers. [&hellip;]<\/p>\n","protected":false},"author":82,"featured_media":10864,"comment_status":"open","ping_status":"closed","sticky":false,"template":"","format":"standard","meta":{"footnotes":""},"categories":[3,11,10],"tags":[111,725,29],"class_list":["post-10865","post","type-post","status-publish","format-standard","has-post-thumbnail","hentry","category-economie","category-homepage-french","category-toutes-les-actualites","tag-africa-press","tag-africa-press-burkina-faso","tag-burkina-faso"],"yoast_head":"<!-- This site is optimized with the Yoast SEO Premium plugin v26.1 (Yoast SEO v27.0) - https:\/\/yoast.com\/product\/yoast-seo-premium-wordpress\/ -->\n<title>Le Programme \u00e9largi de vaccination c\u00e9l\u00e8bre 40 ans d\u2019existence - Burkina Faso<\/title>\n<meta name=\"description\" content=\"Le Programme \u00e9largi de vaccination (PEV) du Burkina Faso a 40 ans. La c\u00e9l\u00e9bration de ce quaranti\u00e8me anniversaire a eu ...\" \/>\n<meta name=\"robots\" content=\"index, follow, max-snippet:-1, max-image-preview:large, max-video-preview:-1\" \/>\n<link rel=\"canonical\" href=\"https:\/\/www.africa-press.net\/burkina-faso\/economie\/burkina-faso-le-programme-elargi-de-vaccination-celebre-40-ans-dexistence\" \/>\n<meta property=\"og:locale\" content=\"fr_FR\" \/>\n<meta property=\"og:type\" content=\"article\" \/>\n<meta property=\"og:title\" content=\"Le Programme \u00e9largi de vaccination c\u00e9l\u00e8bre 40 ans d\u2019existence\" \/>\n<meta property=\"og:description\" content=\"Le Programme \u00e9largi de vaccination (PEV) du Burkina Faso a 40 ans. La c\u00e9l\u00e9bration de ce quaranti\u00e8me anniversaire a eu ...\" \/>\n<meta property=\"og:url\" content=\"https:\/\/www.africa-press.net\/burkina-faso\/economie\/burkina-faso-le-programme-elargi-de-vaccination-celebre-40-ans-dexistence\" \/>\n<meta property=\"og:site_name\" content=\"Burkina Faso\" \/>\n<meta property=\"article:published_time\" content=\"2021-04-30T12:53:20+00:00\" \/>\n<meta property=\"article:modified_time\" content=\"2021-04-30T13:31:15+00:00\" \/>\n<meta property=\"og:image\" content=\"https:\/\/static.africa-press.net\/burkina\/sites\/42\/2021\/04\/img-608bee3a11153.jpg\" \/>\n\t<meta property=\"og:image:width\" content=\"720\" \/>\n\t<meta property=\"og:image:height\" content=\"479\" \/>\n\t<meta property=\"og:image:type\" content=\"image\/jpeg\" \/>\n<meta name=\"author\" content=\"cfeditorfr\" \/>\n<meta name=\"twitter:card\" content=\"summary_large_image\" \/>\n<meta name=\"twitter:label1\" content=\"\u00c9crit par\" \/>\n\t<meta name=\"twitter:data1\" content=\"cfeditorfr\" \/>\n\t<meta name=\"twitter:label2\" content=\"Dur\u00e9e de lecture estim\u00e9e\" \/>\n\t<meta name=\"twitter:data2\" content=\"4 minutes\" \/>\n<script type=\"application\/ld+json\" class=\"yoast-schema-graph\">{\"@context\":\"https:\/\/schema.org\",\"@graph\":[{\"@type\":\"Article\",\"@id\":\"https:\/\/www.africa-press.net\/burkina-faso\/economie\/burkina-faso-le-programme-elargi-de-vaccination-celebre-40-ans-dexistence#article\",\"isPartOf\":{\"@id\":\"https:\/\/www.africa-press.net\/burkina-faso\/economie\/burkina-faso-le-programme-elargi-de-vaccination-celebre-40-ans-dexistence\"},\"author\":{\"name\":\"cfeditorfr\",\"@id\":\"https:\/\/www.africa-press.net\/burkina-faso\/#\/schema\/person\/2b1cf3cd81a31e3cd26889ca66d677f1\"},\"headline\":\"Le Programme \u00e9largi de vaccination c\u00e9l\u00e8bre 40 ans d\u2019existence\",\"datePublished\":\"2021-04-30T12:53:20+00:00\",\"dateModified\":\"2021-04-30T13:31:15+00:00\",\"mainEntityOfPage\":{\"@id\":\"https:\/\/www.africa-press.net\/burkina-faso\/economie\/burkina-faso-le-programme-elargi-de-vaccination-celebre-40-ans-dexistence\"},\"wordCount\":879,\"commentCount\":0,\"image\":{\"@id\":\"https:\/\/www.africa-press.net\/burkina-faso\/economie\/burkina-faso-le-programme-elargi-de-vaccination-celebre-40-ans-dexistence#primaryimage\"},\"thumbnailUrl\":\"https:\/\/static.africa-press.net\/burkina\/sites\/42\/2021\/04\/img-608bee3a11153.jpg\",\"keywords\":[\"Africa Press\",\"Africa Press-Burkina Faso\",\"Burkina Faso\"],\"articleSection\":[\"\u00c9conomie\",\"homepage-french\",\"Toutes les actualit\u00e9s\"],\"inLanguage\":\"fr-FR\",\"potentialAction\":[{\"@type\":\"CommentAction\",\"name\":\"Comment\",\"target\":[\"https:\/\/www.africa-press.net\/burkina-faso\/economie\/burkina-faso-le-programme-elargi-de-vaccination-celebre-40-ans-dexistence#respond\"]}]},{\"@type\":\"WebPage\",\"@id\":\"https:\/\/www.africa-press.net\/burkina-faso\/economie\/burkina-faso-le-programme-elargi-de-vaccination-celebre-40-ans-dexistence\",\"url\":\"https:\/\/www.africa-press.net\/burkina-faso\/economie\/burkina-faso-le-programme-elargi-de-vaccination-celebre-40-ans-dexistence\",\"name\":\"Le Programme \u00e9largi de vaccination c\u00e9l\u00e8bre 40 ans d\u2019existence - Burkina Faso\",\"isPartOf\":{\"@id\":\"https:\/\/www.africa-press.net\/burkina-faso\/#website\"},\"primaryImageOfPage\":{\"@id\":\"https:\/\/www.africa-press.net\/burkina-faso\/economie\/burkina-faso-le-programme-elargi-de-vaccination-celebre-40-ans-dexistence#primaryimage\"},\"image\":{\"@id\":\"https:\/\/www.africa-press.net\/burkina-faso\/economie\/burkina-faso-le-programme-elargi-de-vaccination-celebre-40-ans-dexistence#primaryimage\"},\"thumbnailUrl\":\"https:\/\/static.africa-press.net\/burkina\/sites\/42\/2021\/04\/img-608bee3a11153.jpg\",\"datePublished\":\"2021-04-30T12:53:20+00:00\",\"dateModified\":\"2021-04-30T13:31:15+00:00\",\"author\":{\"@id\":\"https:\/\/www.africa-press.net\/burkina-faso\/#\/schema\/person\/2b1cf3cd81a31e3cd26889ca66d677f1\"},\"description\":\"Le Programme \u00e9largi de vaccination (PEV) du Burkina Faso a 40 ans. La c\u00e9l\u00e9bration de ce quaranti\u00e8me anniversaire a eu ...\",\"breadcrumb\":{\"@id\":\"https:\/\/www.africa-press.net\/burkina-faso\/economie\/burkina-faso-le-programme-elargi-de-vaccination-celebre-40-ans-dexistence#breadcrumb\"},\"inLanguage\":\"fr-FR\",\"potentialAction\":[{\"@type\":\"ReadAction\",\"target\":[\"https:\/\/www.africa-press.net\/burkina-faso\/economie\/burkina-faso-le-programme-elargi-de-vaccination-celebre-40-ans-dexistence\"]}]},{\"@type\":\"ImageObject\",\"inLanguage\":\"fr-FR\",\"@id\":\"https:\/\/www.africa-press.net\/burkina-faso\/economie\/burkina-faso-le-programme-elargi-de-vaccination-celebre-40-ans-dexistence#primaryimage\",\"url\":\"https:\/\/static.africa-press.net\/burkina\/sites\/42\/2021\/04\/img-608bee3a11153.jpg\",\"contentUrl\":\"https:\/\/static.africa-press.net\/burkina\/sites\/42\/2021\/04\/img-608bee3a11153.jpg\",\"width\":720,\"height\":479,\"caption\":\"Burkina Faso : Le Programme \u00e9largi de vaccination c\u00e9l\u00e8bre 40 ans d\u2019existence\"},{\"@type\":\"BreadcrumbList\",\"@id\":\"https:\/\/www.africa-press.net\/burkina-faso\/economie\/burkina-faso-le-programme-elargi-de-vaccination-celebre-40-ans-dexistence#breadcrumb\",\"itemListElement\":[{\"@type\":\"ListItem\",\"position\":1,\"name\":\"Accueil\",\"item\":\"https:\/\/www.africa-press.net\/burkina-faso\/\"},{\"@type\":\"ListItem\",\"position\":2,\"name\":\"Le Programme \u00e9largi de vaccination c\u00e9l\u00e8bre 40 ans d\u2019existence\"}]},{\"@type\":\"WebSite\",\"@id\":\"https:\/\/www.africa-press.net\/burkina-faso\/#website\",\"url\":\"https:\/\/www.africa-press.net\/burkina-faso\/\",\"name\":\"Burkina Faso\",\"description\":\"Just another Africa News Agency Sites site\",\"potentialAction\":[{\"@type\":\"SearchAction\",\"target\":{\"@type\":\"EntryPoint\",\"urlTemplate\":\"https:\/\/www.africa-press.net\/burkina-faso\/?s={search_term_string}\"},\"query-input\":{\"@type\":\"PropertyValueSpecification\",\"valueRequired\":true,\"valueName\":\"search_term_string\"}}],\"inLanguage\":\"fr-FR\"},{\"@type\":\"Person\",\"@id\":\"https:\/\/www.africa-press.net\/burkina-faso\/#\/schema\/person\/2b1cf3cd81a31e3cd26889ca66d677f1\",\"name\":\"cfeditorfr\"}]}<\/script>\n<!-- \/ Yoast SEO Premium plugin. -->","yoast_head_json":{"title":"Le Programme \u00e9largi de vaccination c\u00e9l\u00e8bre 40 ans d\u2019existence - Burkina Faso","description":"Le Programme \u00e9largi de vaccination (PEV) du Burkina Faso a 40 ans. La c\u00e9l\u00e9bration de ce quaranti\u00e8me anniversaire a eu ...","robots":{"index":"index","follow":"follow","max-snippet":"max-snippet:-1","max-image-preview":"max-image-preview:large","max-video-preview":"max-video-preview:-1"},"canonical":"https:\/\/www.africa-press.net\/burkina-faso\/economie\/burkina-faso-le-programme-elargi-de-vaccination-celebre-40-ans-dexistence","og_locale":"fr_FR","og_type":"article","og_title":"Le Programme \u00e9largi de vaccination c\u00e9l\u00e8bre 40 ans d\u2019existence","og_description":"Le Programme \u00e9largi de vaccination (PEV) du Burkina Faso a 40 ans. La c\u00e9l\u00e9bration de ce quaranti\u00e8me anniversaire a eu ...","og_url":"https:\/\/www.africa-press.net\/burkina-faso\/economie\/burkina-faso-le-programme-elargi-de-vaccination-celebre-40-ans-dexistence","og_site_name":"Burkina Faso","article_published_time":"2021-04-30T12:53:20+00:00","article_modified_time":"2021-04-30T13:31:15+00:00","og_image":[{"width":720,"height":479,"url":"https:\/\/static.africa-press.net\/burkina\/sites\/42\/2021\/04\/img-608bee3a11153.jpg","type":"image\/jpeg"}],"author":"cfeditorfr","twitter_card":"summary_large_image","twitter_misc":{"\u00c9crit par":"cfeditorfr","Dur\u00e9e de lecture estim\u00e9e":"4 minutes"},"schema":{"@context":"https:\/\/schema.org","@graph":[{"@type":"Article","@id":"https:\/\/www.africa-press.net\/burkina-faso\/economie\/burkina-faso-le-programme-elargi-de-vaccination-celebre-40-ans-dexistence#article","isPartOf":{"@id":"https:\/\/www.africa-press.net\/burkina-faso\/economie\/burkina-faso-le-programme-elargi-de-vaccination-celebre-40-ans-dexistence"},"author":{"name":"cfeditorfr","@id":"https:\/\/www.africa-press.net\/burkina-faso\/#\/schema\/person\/2b1cf3cd81a31e3cd26889ca66d677f1"},"headline":"Le Programme \u00e9largi de vaccination c\u00e9l\u00e8bre 40 ans d\u2019existence","datePublished":"2021-04-30T12:53:20+00:00","dateModified":"2021-04-30T13:31:15+00:00","mainEntityOfPage":{"@id":"https:\/\/www.africa-press.net\/burkina-faso\/economie\/burkina-faso-le-programme-elargi-de-vaccination-celebre-40-ans-dexistence"},"wordCount":879,"commentCount":0,"image":{"@id":"https:\/\/www.africa-press.net\/burkina-faso\/economie\/burkina-faso-le-programme-elargi-de-vaccination-celebre-40-ans-dexistence#primaryimage"},"thumbnailUrl":"https:\/\/static.africa-press.net\/burkina\/sites\/42\/2021\/04\/img-608bee3a11153.jpg","keywords":["Africa Press","Africa Press-Burkina Faso","Burkina Faso"],"articleSection":["\u00c9conomie","homepage-french","Toutes les actualit\u00e9s"],"inLanguage":"fr-FR","potentialAction":[{"@type":"CommentAction","name":"Comment","target":["https:\/\/www.africa-press.net\/burkina-faso\/economie\/burkina-faso-le-programme-elargi-de-vaccination-celebre-40-ans-dexistence#respond"]}]},{"@type":"WebPage","@id":"https:\/\/www.africa-press.net\/burkina-faso\/economie\/burkina-faso-le-programme-elargi-de-vaccination-celebre-40-ans-dexistence","url":"https:\/\/www.africa-press.net\/burkina-faso\/economie\/burkina-faso-le-programme-elargi-de-vaccination-celebre-40-ans-dexistence","name":"Le Programme \u00e9largi de vaccination c\u00e9l\u00e8bre 40 ans d\u2019existence - Burkina Faso","isPartOf":{"@id":"https:\/\/www.africa-press.net\/burkina-faso\/#website"},"primaryImageOfPage":{"@id":"https:\/\/www.africa-press.net\/burkina-faso\/economie\/burkina-faso-le-programme-elargi-de-vaccination-celebre-40-ans-dexistence#primaryimage"},"image":{"@id":"https:\/\/www.africa-press.net\/burkina-faso\/economie\/burkina-faso-le-programme-elargi-de-vaccination-celebre-40-ans-dexistence#primaryimage"},"thumbnailUrl":"https:\/\/static.africa-press.net\/burkina\/sites\/42\/2021\/04\/img-608bee3a11153.jpg","datePublished":"2021-04-30T12:53:20+00:00","dateModified":"2021-04-30T13:31:15+00:00","author":{"@id":"https:\/\/www.africa-press.net\/burkina-faso\/#\/schema\/person\/2b1cf3cd81a31e3cd26889ca66d677f1"},"description":"Le Programme \u00e9largi de vaccination (PEV) du Burkina Faso a 40 ans. La c\u00e9l\u00e9bration de ce quaranti\u00e8me anniversaire a eu ...","breadcrumb":{"@id":"https:\/\/www.africa-press.net\/burkina-faso\/economie\/burkina-faso-le-programme-elargi-de-vaccination-celebre-40-ans-dexistence#breadcrumb"},"inLanguage":"fr-FR","potentialAction":[{"@type":"ReadAction","target":["https:\/\/www.africa-press.net\/burkina-faso\/economie\/burkina-faso-le-programme-elargi-de-vaccination-celebre-40-ans-dexistence"]}]},{"@type":"ImageObject","inLanguage":"fr-FR","@id":"https:\/\/www.africa-press.net\/burkina-faso\/economie\/burkina-faso-le-programme-elargi-de-vaccination-celebre-40-ans-dexistence#primaryimage","url":"https:\/\/static.africa-press.net\/burkina\/sites\/42\/2021\/04\/img-608bee3a11153.jpg","contentUrl":"https:\/\/static.africa-press.net\/burkina\/sites\/42\/2021\/04\/img-608bee3a11153.jpg","width":720,"height":479,"caption":"Burkina Faso : Le Programme \u00e9largi de vaccination c\u00e9l\u00e8bre 40 ans d\u2019existence"},{"@type":"BreadcrumbList","@id":"https:\/\/www.africa-press.net\/burkina-faso\/economie\/burkina-faso-le-programme-elargi-de-vaccination-celebre-40-ans-dexistence#breadcrumb","itemListElement":[{"@type":"ListItem","position":1,"name":"Accueil","item":"https:\/\/www.africa-press.net\/burkina-faso\/"},{"@type":"ListItem","position":2,"name":"Le Programme \u00e9largi de vaccination c\u00e9l\u00e8bre 40 ans d\u2019existence"}]},{"@type":"WebSite","@id":"https:\/\/www.africa-press.net\/burkina-faso\/#website","url":"https:\/\/www.africa-press.net\/burkina-faso\/","name":"Burkina Faso","description":"Just another Africa News Agency Sites site","potentialAction":[{"@type":"SearchAction","target":{"@type":"EntryPoint","urlTemplate":"https:\/\/www.africa-press.net\/burkina-faso\/?s={search_term_string}"},"query-input":{"@type":"PropertyValueSpecification","valueRequired":true,"valueName":"search_term_string"}}],"inLanguage":"fr-FR"},{"@type":"Person","@id":"https:\/\/www.africa-press.net\/burkina-faso\/#\/schema\/person\/2b1cf3cd81a31e3cd26889ca66d677f1","name":"cfeditorfr"}]}},"_links":{"self":[{"href":"https:\/\/www.africa-press.net\/burkina-faso\/wp-json\/wp\/v2\/posts\/10865","targetHints":{"allow":["GET"]}}],"collection":[{"href":"https:\/\/www.africa-press.net\/burkina-faso\/wp-json\/wp\/v2\/posts"}],"about":[{"href":"https:\/\/www.africa-press.net\/burkina-faso\/wp-json\/wp\/v2\/types\/post"}],"author":[{"embeddable":true,"href":"https:\/\/www.africa-press.net\/burkina-faso\/wp-json\/wp\/v2\/users\/82"}],"replies":[{"embeddable":true,"href":"https:\/\/www.africa-press.net\/burkina-faso\/wp-json\/wp\/v2\/comments?post=10865"}],"version-history":[{"count":0,"href":"https:\/\/www.africa-press.net\/burkina-faso\/wp-json\/wp\/v2\/posts\/10865\/revisions"}],"wp:featuredmedia":[{"embeddable":true,"href":"https:\/\/www.africa-press.net\/burkina-faso\/wp-json\/wp\/v2\/media\/10864"}],"wp:attachment":[{"href":"https:\/\/www.africa-press.net\/burkina-faso\/wp-json\/wp\/v2\/media?parent=10865"}],"wp:term":[{"taxonomy":"category","embeddable":true,"href":"https:\/\/www.africa-press.net\/burkina-faso\/wp-json\/wp\/v2\/categories?post=10865"},{"taxonomy":"post_tag","embeddable":true,"href":"https:\/\/www.africa-press.net\/burkina-faso\/wp-json\/wp\/v2\/tags?post=10865"}],"curies":[{"name":"wp","href":"https:\/\/api.w.org\/{rel}","templated":true}]}}