{"id":10868,"date":"2021-04-30T13:03:09","date_gmt":"2021-04-30T13:03:09","guid":{"rendered":"https:\/\/www.africa-press.net\/burkina-faso\/?p=10868"},"modified":"2021-04-30T13:31:34","modified_gmt":"2021-04-30T13:31:34","slug":"situation-des-enfants-malnutris-au-burkina-save-the-children-lance-right-to-grow-pour-inverser-la-tendance","status":"publish","type":"post","link":"https:\/\/www.africa-press.net\/burkina-faso\/toutes-les-actualites\/situation-des-enfants-malnutris-au-burkina-save-the-children-lance-right-to-grow-pour-inverser-la-tendance","title":{"rendered":"Situation des enfants malnutris au Burkina : Save the Children lance \u00ab Right To Grow \u00bb pour inverser la tendance"},"content":{"rendered":"<p><span style=\"color: #ff6600\"><strong><a href=\"https:\/\/www.africa-press.net\/\">Africa-Press<\/a> &#8211; <a href=\"https:\/\/www.africa-press.net\/burkina-faso\">Burkina Faso<\/a>. <\/strong><\/span><b>Save the Children en consortium avec 5 autres Organisations, a proc\u00e9d\u00e9 ce jeudi 29 avril 2021, \u00e0 Ouagadougou, au lancement de Right To Grow (R2G). Un projet d\u2019envergure nationale mis en \u0153uvre par un consortium de six organisations sous le leadership de Save the Children, dans les r\u00e9gions du Centre, du Centre-Nord, du Nord et de l\u2019Est. R2G veut jouer un r\u00f4le important dans le plaidoyer, le suivi budg\u00e9taire et le renforcement des capacit\u00e9s des OSC.<\/b><\/p>\n<p>Save the Children c\u2019est 100 ans d\u2019impacts dans la vie des enfants sans discontinuer. L\u2019un de ses combats au Burkina Faso est la qu\u00eate perp\u00e9tuelle de l\u2019am\u00e9lioration de la situation nutritionnelle des enfants afin que chacun d\u2019eux puisse exprimer son potentiel moral et physique. La situation nutritionnelle au pays des \u00ab Hommes int\u00e8gres \u00bb n\u2019est pas reluisante, surtout dans certaines r\u00e9gions. C\u2019est en cela que le lancement ce jeudi 29 avril 2021, \u00e0 Ouagadougou, du projet Right To Grow (R2G) requiert tout son sens. En effet, R2G est un vaste programme mondial mis en \u0153uvre dans cinq pays dont le Mali, l\u2019Ethiopie, l\u2019Ouganda, le Bangladesh et le Burkina Faso. L\u2019am\u00e9lioration de la situation nutritionnelle est sa cible.<\/p>\n<p>D\u2019apr\u00e8s la coordinatrice, Orkiatou Zampou, R2G jouera un r\u00f4le actif dans le plaidoyer, le suivi budg\u00e9taire et le suivi de la qualit\u00e9 dans la fourniture de services par le gouvernement, au niveau national, local et communautaire en vue de pr\u00e9venir le retard de croissance des enfants.<\/p>\n<p>Dans sa mise en \u0153uvre, le Burkina b\u00e9n\u00e9ficiera de plus de 3 milliards de francs CFA, les cinq ans que durera le projet. R2G est financ\u00e9 par le Royaume des Pays-Bas et concernera les r\u00e9gions du Centre, du Centre-Nord, du Nord et de l\u2019Est. Les groupes cibles, a d\u00e9taill\u00e9 la coordonnatrice, sont les enfants de moins de 5 ans, les OSC des r\u00e9gions concern\u00e9es, les organisations f\u00e9minines et les femmes issues de m\u00e9nages vuln\u00e9rables, les leaders communautaires et les acteurs du secteur priv\u00e9.<\/p>\n<p><b>Un projet qui porte l\u2019espoir de voir une tendance invers\u00e9e<\/b><\/p>\n<p>\u00ab La n\u00e9cessit\u00e9 de travailler en consortium s\u2019est impos\u00e9e \u00e0 nous. Nous sommes avec cinq autres organisations dont Action contre la faim, The Hunger Project, le Centre for Economic Governance and Accountability in Africa et deux organisations locales du Burkina \u00bb, a d\u00e9clar\u00e9 le directeur pays de Save the Children, Benoit Delsarte. Prenant la parole, le pr\u00e9sident de l\u2019Association monde rural, Amadou Ouangr\u00e9, a soulign\u00e9 que la nutrition est la m\u00e8re de la sant\u00e9. Bien assur\u00e9e, personne ne fr\u00e9quenterait les centres de sant\u00e9, \u00e0 l\u2019en croire. Malgr\u00e9 les efforts du gouvernement, les d\u00e9fis nutritionnels sont toujours d\u2019actualit\u00e9 au Burkina dans certaines r\u00e9gions, a laiss\u00e9 entendre M. Ouangr\u00e9. \u00ab Nous portons un grand espoir sur ce projet d\u2019autant plus qu\u2019il r\u00e9serve une place de choix aux OSC que nous sommes \u00bb, a-t-il esp\u00e9r\u00e9.<\/p>\n<p>La repr\u00e9sentante de l\u2019ambassadeur des Pays-Bas au Burkina, El\u00e9onore Belemlilga, a invit\u00e9 l\u2019ensemble des acteurs de la mise en \u0153uvre du R2G \u00e0 s\u2019engager v\u00e9ritablement pour sa r\u00e9ussite. \u00ab Car nous portons espoir que ce projet viendra inverser la tendance \u00bb, a-t-elle termin\u00e9. Avant de lancer officiellement le projet, le conseiller technique du ministre de la Sant\u00e9, Dr Isa\u00efe Meda, est revenu sur la n\u00e9cessit\u00e9 de l\u2019initiative car les statistiques nutritionnelles au Burkina ne sont pas \u00e9tincelantes. \u00ab Cette situation se trouve aggrav\u00e9e par la crise s\u00e9curitaire et sanitaire qui a occasionn\u00e9 le d\u00e9placement de populations et la fermeture de plusieurs structures de sant\u00e9 \u00bb, a-t-il d\u00e9plor\u00e9 et de terminer en exhortant tous les acteurs \u00e0 s\u2019impliquer pour l\u2019atteinte des objectifs que R2G s\u2019est fix\u00e9s.<br \/>\nObissa Juste MIEN<\/p>\n","protected":false},"excerpt":{"rendered":"<p>Africa-Press &#8211; Burkina Faso. Save the Children en consortium avec 5 autres Organisations, a proc\u00e9d\u00e9 ce jeudi 29 avril 2021, \u00e0 Ouagadougou, au lancement de Right To Grow (R2G). Un projet d\u2019envergure nationale mis en \u0153uvre par un consortium de six organisations sous le leadership de Save the Children, dans les r\u00e9gions du Centre, du [&hellip;]<\/p>\n","protected":false},"author":82,"featured_media":10867,"comment_status":"open","ping_status":"closed","sticky":false,"template":"","format":"standard","meta":{"footnotes":""},"categories":[21,11,10],"tags":[111,725,29],"class_list":["post-10868","post","type-post","status-publish","format-standard","has-post-thumbnail","hentry","category-communaute","category-homepage-french","category-toutes-les-actualites","tag-africa-press","tag-africa-press-burkina-faso","tag-burkina-faso"],"yoast_head":"<!-- This site is optimized with the Yoast SEO Premium plugin v26.1 (Yoast SEO v27.0) - https:\/\/yoast.com\/product\/yoast-seo-premium-wordpress\/ -->\n<title>Situation des enfants malnutris au Burkina : Save the Children lance \u00ab Right To Grow \u00bb pour inverser la tendance - Burkina Faso<\/title>\n<meta name=\"description\" content=\"Save the Children en consortium avec 5 autres Organisations, a proc\u00e9d\u00e9 ce jeudi 29 avril 2021, \u00e0 Ouagadougou, au lanc ...\" \/>\n<meta name=\"robots\" content=\"index, follow, max-snippet:-1, max-image-preview:large, max-video-preview:-1\" \/>\n<link rel=\"canonical\" href=\"https:\/\/www.africa-press.net\/burkina-faso\/toutes-les-actualites\/situation-des-enfants-malnutris-au-burkina-save-the-children-lance-right-to-grow-pour-inverser-la-tendance\" \/>\n<meta property=\"og:locale\" content=\"fr_FR\" \/>\n<meta property=\"og:type\" content=\"article\" \/>\n<meta property=\"og:title\" content=\"Situation des enfants malnutris au Burkina : Save the Children lance \u00ab Right To Grow \u00bb pour inverser la tendance\" \/>\n<meta property=\"og:description\" content=\"Save the Children en consortium avec 5 autres Organisations, a proc\u00e9d\u00e9 ce jeudi 29 avril 2021, \u00e0 Ouagadougou, au lanc ...\" \/>\n<meta property=\"og:url\" content=\"https:\/\/www.africa-press.net\/burkina-faso\/toutes-les-actualites\/situation-des-enfants-malnutris-au-burkina-save-the-children-lance-right-to-grow-pour-inverser-la-tendance\" \/>\n<meta property=\"og:site_name\" content=\"Burkina Faso\" \/>\n<meta property=\"article:published_time\" content=\"2021-04-30T13:03:09+00:00\" \/>\n<meta property=\"article:modified_time\" content=\"2021-04-30T13:31:34+00:00\" \/>\n<meta property=\"og:image\" content=\"https:\/\/static.africa-press.net\/burkina\/sites\/42\/2021\/04\/img-608bee6b7e7e9.jpg\" \/>\n\t<meta property=\"og:image:width\" content=\"720\" \/>\n\t<meta property=\"og:image:height\" content=\"394\" \/>\n\t<meta property=\"og:image:type\" content=\"image\/jpeg\" \/>\n<meta name=\"author\" content=\"cfeditorfr\" \/>\n<meta name=\"twitter:card\" content=\"summary_large_image\" \/>\n<meta name=\"twitter:label1\" content=\"\u00c9crit par\" \/>\n\t<meta name=\"twitter:data1\" content=\"cfeditorfr\" \/>\n\t<meta name=\"twitter:label2\" content=\"Dur\u00e9e de lecture estim\u00e9e\" \/>\n\t<meta name=\"twitter:data2\" content=\"3 minutes\" \/>\n<script type=\"application\/ld+json\" class=\"yoast-schema-graph\">{\"@context\":\"https:\/\/schema.org\",\"@graph\":[{\"@type\":\"Article\",\"@id\":\"https:\/\/www.africa-press.net\/burkina-faso\/toutes-les-actualites\/situation-des-enfants-malnutris-au-burkina-save-the-children-lance-right-to-grow-pour-inverser-la-tendance#article\",\"isPartOf\":{\"@id\":\"https:\/\/www.africa-press.net\/burkina-faso\/toutes-les-actualites\/situation-des-enfants-malnutris-au-burkina-save-the-children-lance-right-to-grow-pour-inverser-la-tendance\"},\"author\":{\"name\":\"cfeditorfr\",\"@id\":\"https:\/\/www.africa-press.net\/burkina-faso\/#\/schema\/person\/2b1cf3cd81a31e3cd26889ca66d677f1\"},\"headline\":\"Situation des enfants malnutris au Burkina : Save the Children lance \u00ab Right To Grow \u00bb pour inverser la tendance\",\"datePublished\":\"2021-04-30T13:03:09+00:00\",\"dateModified\":\"2021-04-30T13:31:34+00:00\",\"mainEntityOfPage\":{\"@id\":\"https:\/\/www.africa-press.net\/burkina-faso\/toutes-les-actualites\/situation-des-enfants-malnutris-au-burkina-save-the-children-lance-right-to-grow-pour-inverser-la-tendance\"},\"wordCount\":672,\"commentCount\":0,\"image\":{\"@id\":\"https:\/\/www.africa-press.net\/burkina-faso\/toutes-les-actualites\/situation-des-enfants-malnutris-au-burkina-save-the-children-lance-right-to-grow-pour-inverser-la-tendance#primaryimage\"},\"thumbnailUrl\":\"https:\/\/static.africa-press.net\/burkina\/sites\/42\/2021\/04\/img-608bee6b7e7e9.jpg\",\"keywords\":[\"Africa Press\",\"Africa Press-Burkina Faso\",\"Burkina Faso\"],\"articleSection\":[\"Communaut\u00e9\",\"homepage-french\",\"Toutes les actualit\u00e9s\"],\"inLanguage\":\"fr-FR\",\"potentialAction\":[{\"@type\":\"CommentAction\",\"name\":\"Comment\",\"target\":[\"https:\/\/www.africa-press.net\/burkina-faso\/toutes-les-actualites\/situation-des-enfants-malnutris-au-burkina-save-the-children-lance-right-to-grow-pour-inverser-la-tendance#respond\"]}]},{\"@type\":\"WebPage\",\"@id\":\"https:\/\/www.africa-press.net\/burkina-faso\/toutes-les-actualites\/situation-des-enfants-malnutris-au-burkina-save-the-children-lance-right-to-grow-pour-inverser-la-tendance\",\"url\":\"https:\/\/www.africa-press.net\/burkina-faso\/toutes-les-actualites\/situation-des-enfants-malnutris-au-burkina-save-the-children-lance-right-to-grow-pour-inverser-la-tendance\",\"name\":\"Situation des enfants malnutris au Burkina : Save the Children lance \u00ab Right To Grow \u00bb pour inverser la tendance - Burkina Faso\",\"isPartOf\":{\"@id\":\"https:\/\/www.africa-press.net\/burkina-faso\/#website\"},\"primaryImageOfPage\":{\"@id\":\"https:\/\/www.africa-press.net\/burkina-faso\/toutes-les-actualites\/situation-des-enfants-malnutris-au-burkina-save-the-children-lance-right-to-grow-pour-inverser-la-tendance#primaryimage\"},\"image\":{\"@id\":\"https:\/\/www.africa-press.net\/burkina-faso\/toutes-les-actualites\/situation-des-enfants-malnutris-au-burkina-save-the-children-lance-right-to-grow-pour-inverser-la-tendance#primaryimage\"},\"thumbnailUrl\":\"https:\/\/static.africa-press.net\/burkina\/sites\/42\/2021\/04\/img-608bee6b7e7e9.jpg\",\"datePublished\":\"2021-04-30T13:03:09+00:00\",\"dateModified\":\"2021-04-30T13:31:34+00:00\",\"author\":{\"@id\":\"https:\/\/www.africa-press.net\/burkina-faso\/#\/schema\/person\/2b1cf3cd81a31e3cd26889ca66d677f1\"},\"description\":\"Save the Children en consortium avec 5 autres Organisations, a proc\u00e9d\u00e9 ce jeudi 29 avril 2021, \u00e0 Ouagadougou, au lanc ...\",\"breadcrumb\":{\"@id\":\"https:\/\/www.africa-press.net\/burkina-faso\/toutes-les-actualites\/situation-des-enfants-malnutris-au-burkina-save-the-children-lance-right-to-grow-pour-inverser-la-tendance#breadcrumb\"},\"inLanguage\":\"fr-FR\",\"potentialAction\":[{\"@type\":\"ReadAction\",\"target\":[\"https:\/\/www.africa-press.net\/burkina-faso\/toutes-les-actualites\/situation-des-enfants-malnutris-au-burkina-save-the-children-lance-right-to-grow-pour-inverser-la-tendance\"]}]},{\"@type\":\"ImageObject\",\"inLanguage\":\"fr-FR\",\"@id\":\"https:\/\/www.africa-press.net\/burkina-faso\/toutes-les-actualites\/situation-des-enfants-malnutris-au-burkina-save-the-children-lance-right-to-grow-pour-inverser-la-tendance#primaryimage\",\"url\":\"https:\/\/static.africa-press.net\/burkina\/sites\/42\/2021\/04\/img-608bee6b7e7e9.jpg\",\"contentUrl\":\"https:\/\/static.africa-press.net\/burkina\/sites\/42\/2021\/04\/img-608bee6b7e7e9.jpg\",\"width\":720,\"height\":394,\"caption\":\"Situation des enfants malnutris au Burkina : Save the Children lance \u00ab Right To Grow \u00bb pour inverser la tendance\"},{\"@type\":\"BreadcrumbList\",\"@id\":\"https:\/\/www.africa-press.net\/burkina-faso\/toutes-les-actualites\/situation-des-enfants-malnutris-au-burkina-save-the-children-lance-right-to-grow-pour-inverser-la-tendance#breadcrumb\",\"itemListElement\":[{\"@type\":\"ListItem\",\"position\":1,\"name\":\"Accueil\",\"item\":\"https:\/\/www.africa-press.net\/burkina-faso\/\"},{\"@type\":\"ListItem\",\"position\":2,\"name\":\"Situation des enfants malnutris au Burkina : Save the Children lance \u00ab Right To Grow \u00bb pour inverser la tendance\"}]},{\"@type\":\"WebSite\",\"@id\":\"https:\/\/www.africa-press.net\/burkina-faso\/#website\",\"url\":\"https:\/\/www.africa-press.net\/burkina-faso\/\",\"name\":\"Burkina Faso\",\"description\":\"Just another Africa News Agency Sites site\",\"potentialAction\":[{\"@type\":\"SearchAction\",\"target\":{\"@type\":\"EntryPoint\",\"urlTemplate\":\"https:\/\/www.africa-press.net\/burkina-faso\/?s={search_term_string}\"},\"query-input\":{\"@type\":\"PropertyValueSpecification\",\"valueRequired\":true,\"valueName\":\"search_term_string\"}}],\"inLanguage\":\"fr-FR\"},{\"@type\":\"Person\",\"@id\":\"https:\/\/www.africa-press.net\/burkina-faso\/#\/schema\/person\/2b1cf3cd81a31e3cd26889ca66d677f1\",\"name\":\"cfeditorfr\"}]}<\/script>\n<!-- \/ Yoast SEO Premium plugin. -->","yoast_head_json":{"title":"Situation des enfants malnutris au Burkina : Save the Children lance \u00ab Right To Grow \u00bb pour inverser la tendance - Burkina Faso","description":"Save the Children en consortium avec 5 autres Organisations, a proc\u00e9d\u00e9 ce jeudi 29 avril 2021, \u00e0 Ouagadougou, au lanc ...","robots":{"index":"index","follow":"follow","max-snippet":"max-snippet:-1","max-image-preview":"max-image-preview:large","max-video-preview":"max-video-preview:-1"},"canonical":"https:\/\/www.africa-press.net\/burkina-faso\/toutes-les-actualites\/situation-des-enfants-malnutris-au-burkina-save-the-children-lance-right-to-grow-pour-inverser-la-tendance","og_locale":"fr_FR","og_type":"article","og_title":"Situation des enfants malnutris au Burkina : Save the Children lance \u00ab Right To Grow \u00bb pour inverser la tendance","og_description":"Save the Children en consortium avec 5 autres Organisations, a proc\u00e9d\u00e9 ce jeudi 29 avril 2021, \u00e0 Ouagadougou, au lanc ...","og_url":"https:\/\/www.africa-press.net\/burkina-faso\/toutes-les-actualites\/situation-des-enfants-malnutris-au-burkina-save-the-children-lance-right-to-grow-pour-inverser-la-tendance","og_site_name":"Burkina Faso","article_published_time":"2021-04-30T13:03:09+00:00","article_modified_time":"2021-04-30T13:31:34+00:00","og_image":[{"width":720,"height":394,"url":"https:\/\/static.africa-press.net\/burkina\/sites\/42\/2021\/04\/img-608bee6b7e7e9.jpg","type":"image\/jpeg"}],"author":"cfeditorfr","twitter_card":"summary_large_image","twitter_misc":{"\u00c9crit par":"cfeditorfr","Dur\u00e9e de lecture estim\u00e9e":"3 minutes"},"schema":{"@context":"https:\/\/schema.org","@graph":[{"@type":"Article","@id":"https:\/\/www.africa-press.net\/burkina-faso\/toutes-les-actualites\/situation-des-enfants-malnutris-au-burkina-save-the-children-lance-right-to-grow-pour-inverser-la-tendance#article","isPartOf":{"@id":"https:\/\/www.africa-press.net\/burkina-faso\/toutes-les-actualites\/situation-des-enfants-malnutris-au-burkina-save-the-children-lance-right-to-grow-pour-inverser-la-tendance"},"author":{"name":"cfeditorfr","@id":"https:\/\/www.africa-press.net\/burkina-faso\/#\/schema\/person\/2b1cf3cd81a31e3cd26889ca66d677f1"},"headline":"Situation des enfants malnutris au Burkina : Save the Children lance \u00ab Right To Grow \u00bb pour inverser la tendance","datePublished":"2021-04-30T13:03:09+00:00","dateModified":"2021-04-30T13:31:34+00:00","mainEntityOfPage":{"@id":"https:\/\/www.africa-press.net\/burkina-faso\/toutes-les-actualites\/situation-des-enfants-malnutris-au-burkina-save-the-children-lance-right-to-grow-pour-inverser-la-tendance"},"wordCount":672,"commentCount":0,"image":{"@id":"https:\/\/www.africa-press.net\/burkina-faso\/toutes-les-actualites\/situation-des-enfants-malnutris-au-burkina-save-the-children-lance-right-to-grow-pour-inverser-la-tendance#primaryimage"},"thumbnailUrl":"https:\/\/static.africa-press.net\/burkina\/sites\/42\/2021\/04\/img-608bee6b7e7e9.jpg","keywords":["Africa Press","Africa Press-Burkina Faso","Burkina Faso"],"articleSection":["Communaut\u00e9","homepage-french","Toutes les actualit\u00e9s"],"inLanguage":"fr-FR","potentialAction":[{"@type":"CommentAction","name":"Comment","target":["https:\/\/www.africa-press.net\/burkina-faso\/toutes-les-actualites\/situation-des-enfants-malnutris-au-burkina-save-the-children-lance-right-to-grow-pour-inverser-la-tendance#respond"]}]},{"@type":"WebPage","@id":"https:\/\/www.africa-press.net\/burkina-faso\/toutes-les-actualites\/situation-des-enfants-malnutris-au-burkina-save-the-children-lance-right-to-grow-pour-inverser-la-tendance","url":"https:\/\/www.africa-press.net\/burkina-faso\/toutes-les-actualites\/situation-des-enfants-malnutris-au-burkina-save-the-children-lance-right-to-grow-pour-inverser-la-tendance","name":"Situation des enfants malnutris au Burkina : Save the Children lance \u00ab Right To Grow \u00bb pour inverser la tendance - Burkina Faso","isPartOf":{"@id":"https:\/\/www.africa-press.net\/burkina-faso\/#website"},"primaryImageOfPage":{"@id":"https:\/\/www.africa-press.net\/burkina-faso\/toutes-les-actualites\/situation-des-enfants-malnutris-au-burkina-save-the-children-lance-right-to-grow-pour-inverser-la-tendance#primaryimage"},"image":{"@id":"https:\/\/www.africa-press.net\/burkina-faso\/toutes-les-actualites\/situation-des-enfants-malnutris-au-burkina-save-the-children-lance-right-to-grow-pour-inverser-la-tendance#primaryimage"},"thumbnailUrl":"https:\/\/static.africa-press.net\/burkina\/sites\/42\/2021\/04\/img-608bee6b7e7e9.jpg","datePublished":"2021-04-30T13:03:09+00:00","dateModified":"2021-04-30T13:31:34+00:00","author":{"@id":"https:\/\/www.africa-press.net\/burkina-faso\/#\/schema\/person\/2b1cf3cd81a31e3cd26889ca66d677f1"},"description":"Save the Children en consortium avec 5 autres Organisations, a proc\u00e9d\u00e9 ce jeudi 29 avril 2021, \u00e0 Ouagadougou, au lanc ...","breadcrumb":{"@id":"https:\/\/www.africa-press.net\/burkina-faso\/toutes-les-actualites\/situation-des-enfants-malnutris-au-burkina-save-the-children-lance-right-to-grow-pour-inverser-la-tendance#breadcrumb"},"inLanguage":"fr-FR","potentialAction":[{"@type":"ReadAction","target":["https:\/\/www.africa-press.net\/burkina-faso\/toutes-les-actualites\/situation-des-enfants-malnutris-au-burkina-save-the-children-lance-right-to-grow-pour-inverser-la-tendance"]}]},{"@type":"ImageObject","inLanguage":"fr-FR","@id":"https:\/\/www.africa-press.net\/burkina-faso\/toutes-les-actualites\/situation-des-enfants-malnutris-au-burkina-save-the-children-lance-right-to-grow-pour-inverser-la-tendance#primaryimage","url":"https:\/\/static.africa-press.net\/burkina\/sites\/42\/2021\/04\/img-608bee6b7e7e9.jpg","contentUrl":"https:\/\/static.africa-press.net\/burkina\/sites\/42\/2021\/04\/img-608bee6b7e7e9.jpg","width":720,"height":394,"caption":"Situation des enfants malnutris au Burkina : Save the Children lance \u00ab Right To Grow \u00bb pour inverser la tendance"},{"@type":"BreadcrumbList","@id":"https:\/\/www.africa-press.net\/burkina-faso\/toutes-les-actualites\/situation-des-enfants-malnutris-au-burkina-save-the-children-lance-right-to-grow-pour-inverser-la-tendance#breadcrumb","itemListElement":[{"@type":"ListItem","position":1,"name":"Accueil","item":"https:\/\/www.africa-press.net\/burkina-faso\/"},{"@type":"ListItem","position":2,"name":"Situation des enfants malnutris au Burkina : Save the Children lance \u00ab Right To Grow \u00bb pour inverser la tendance"}]},{"@type":"WebSite","@id":"https:\/\/www.africa-press.net\/burkina-faso\/#website","url":"https:\/\/www.africa-press.net\/burkina-faso\/","name":"Burkina Faso","description":"Just another Africa News Agency Sites site","potentialAction":[{"@type":"SearchAction","target":{"@type":"EntryPoint","urlTemplate":"https:\/\/www.africa-press.net\/burkina-faso\/?s={search_term_string}"},"query-input":{"@type":"PropertyValueSpecification","valueRequired":true,"valueName":"search_term_string"}}],"inLanguage":"fr-FR"},{"@type":"Person","@id":"https:\/\/www.africa-press.net\/burkina-faso\/#\/schema\/person\/2b1cf3cd81a31e3cd26889ca66d677f1","name":"cfeditorfr"}]}},"_links":{"self":[{"href":"https:\/\/www.africa-press.net\/burkina-faso\/wp-json\/wp\/v2\/posts\/10868","targetHints":{"allow":["GET"]}}],"collection":[{"href":"https:\/\/www.africa-press.net\/burkina-faso\/wp-json\/wp\/v2\/posts"}],"about":[{"href":"https:\/\/www.africa-press.net\/burkina-faso\/wp-json\/wp\/v2\/types\/post"}],"author":[{"embeddable":true,"href":"https:\/\/www.africa-press.net\/burkina-faso\/wp-json\/wp\/v2\/users\/82"}],"replies":[{"embeddable":true,"href":"https:\/\/www.africa-press.net\/burkina-faso\/wp-json\/wp\/v2\/comments?post=10868"}],"version-history":[{"count":0,"href":"https:\/\/www.africa-press.net\/burkina-faso\/wp-json\/wp\/v2\/posts\/10868\/revisions"}],"wp:featuredmedia":[{"embeddable":true,"href":"https:\/\/www.africa-press.net\/burkina-faso\/wp-json\/wp\/v2\/media\/10867"}],"wp:attachment":[{"href":"https:\/\/www.africa-press.net\/burkina-faso\/wp-json\/wp\/v2\/media?parent=10868"}],"wp:term":[{"taxonomy":"category","embeddable":true,"href":"https:\/\/www.africa-press.net\/burkina-faso\/wp-json\/wp\/v2\/categories?post=10868"},{"taxonomy":"post_tag","embeddable":true,"href":"https:\/\/www.africa-press.net\/burkina-faso\/wp-json\/wp\/v2\/tags?post=10868"}],"curies":[{"name":"wp","href":"https:\/\/api.w.org\/{rel}","templated":true}]}}