{"id":10871,"date":"2021-04-30T13:08:00","date_gmt":"2021-04-30T13:08:00","guid":{"rendered":"https:\/\/www.africa-press.net\/burkina-faso\/?p=10871"},"modified":"2021-04-30T13:31:52","modified_gmt":"2021-04-30T13:31:52","slug":"sante-le-comite-dinitiatives-contre-la-drepanocytose-sensibilise-sur-la-maladie","status":"publish","type":"post","link":"https:\/\/www.africa-press.net\/burkina-faso\/toutes-les-actualites\/sante-le-comite-dinitiatives-contre-la-drepanocytose-sensibilise-sur-la-maladie","title":{"rendered":"Le Comit\u00e9 d\u2019initiatives contre la dr\u00e9panocytose sensibilise sur la maladie"},"content":{"rendered":"<p><span style=\"color: #ff6600\"><strong><a href=\"https:\/\/www.africa-press.net\/\">Africa-Press<\/a> &#8211; <a href=\"https:\/\/www.africa-press.net\/burkina-faso\">Burkina Faso<\/a>. <\/strong><\/span><b>Le Comit\u00e9 d\u2019initiatives contre la dr\u00e9panocytose (CID\/Burkina) organise, du 29 avril au 1er mai 2021 \u00e0 Ouagadougou, un atelier national de sensibilisation et de formation de formateurs, au profit de 70 dr\u00e9panocytaires et parents membres, issus des onze antennes r\u00e9gionales du CID\/Burkina. L\u2019objectif de cet atelier est de contribuer \u00e0 l\u2019am\u00e9lioration de la qualit\u00e9 de vie des patients dr\u00e9panocytaires en renfor\u00e7ant leurs connaissances sur la maladie. Cette activit\u00e9 est rendue possible gr\u00e2ce au soutien financier de la Fondation Pierre Fabre.<\/b><\/p>\n<p>L\u2019atelier de 72 heures sera anim\u00e9 par le pool de formateurs de l\u2019\u00e9quipe de m\u00e9decins r\u00e9f\u00e9rents en charge de l\u2019\u00e9ducation th\u00e9rapeutique et conseil g\u00e9n\u00e9tique du CID\/Burkina sous la coordination de Dr BERGES Gloria. Expos\u00e9s participatifs, expos\u00e9s altern\u00e9s de s\u00e9ances de questions\/r\u00e9ponses et de travaux de groupes seront au programme. Les groupes de travail seront sp\u00e9cifiques aux tranches d\u2019\u00e2ges (enfants, adolescents\/adultes dr\u00e9panocytaires et parents).<\/p>\n<p>A l\u2019issue de cet atelier, les participants (70 dr\u00e9panocytaires et parents membres) issus des onze antennes r\u00e9gionales du CID\/Burkina, conna\u00eetront mieux la dr\u00e9panocytose, ses complications aigues\/chroniques. Ils seront aussi conscients de la n\u00e9cessit\u00e9 d\u2019adh\u00e9rer \u00e0 un protocole, un suivi m\u00e9dical r\u00e9gulier. Les participants conna\u00eetront \u00e9galement les m\u00e9canismes de prise en charge sociale de la dr\u00e9panocytose et d\u2019autonomisation du patient dr\u00e9panocytaire ainsi que de sa famille et bien d\u2019autres astuces.<\/p>\n<p>Le coordonnateur national du CID\/Burkina, Dramane Banaon, a pr\u00e9cis\u00e9 qu\u2019il ne s\u2019agit pas de faire des participants des agents de sant\u00e9 attitr\u00e9s. Il s\u2019agit plut\u00f4t de les former \u00e0 mieux conna\u00eetre la dr\u00e9panocytose et les signes de danger devant les amener \u00e0 consulter en urgence.<\/p>\n<p>Ils serviront surtout de relais pour dupliquer ces connaissances sur le terrain, sous la supervision des agents de sant\u00e9 des antennes r\u00e9gionales qui vont les accompagner r\u00e9guli\u00e8rement dans la prise en charge. Chantal Tond\u00e9\/Ou\u00e9draogo, la repr\u00e9sentante du minist\u00e8re de la Sant\u00e9, par ailleurs point focal dr\u00e9panocytose \u00e0 la Direction de la pr\u00e9vention et du contr\u00f4le des maladies non-transmissibles, a appr\u00e9ci\u00e9 l\u2019initiative et invit\u00e9 les participants \u00e0 plus d\u2019abn\u00e9gation. Elle a remerci\u00e9 \u00e9galement le CID\/Burkina qui, selon elle, m\u00e8ne un combat vraiment noble contre la dr\u00e9panocytose, surtout dans la sensibilisation et la pr\u00e9vention de la maladie.<\/p>\n<p>L\u2019une des participants \u00e0 la formation, Mireille Traor\u00e9 Sanon, venue de la r\u00e9gion des Hauts-Bassins, a remerci\u00e9 le CID\/Burkina pour l\u2019opportunit\u00e9 et rassur\u00e9 de sa d\u00e9termination \u00e0 \u00eatre un relais dans le cadre de la lutte contre la dr\u00e9panocytose.<br \/>\nLa dr\u00e9panocytose constitue un probl\u00e8me de sant\u00e9 publique au Burkina Faso, \u00e0 l\u2019instar des autres pays d\u2019Afrique subsaharienne.<\/p>\n<p>C\u2019est une maladie grave qui touche un grand nombre de familles. Les enfants de moins de 5 ans payent le plus lourd tribut. La majorit\u00e9 des enfants atteints de la forme la plus s\u00e9v\u00e8re (SS) de la maladie meurent avant l\u2019\u00e2ge de 5 ans. Le plus souvent, c\u2019est suite \u00e0 une infection ou une an\u00e9mie grave. Ceux qui survivent restent vuln\u00e9rables aux pouss\u00e9es de la maladie et aux complications.<\/p>\n<p><b>\u00a0<\/b><\/p>\n","protected":false},"excerpt":{"rendered":"<p>Africa-Press &#8211; Burkina Faso. Le Comit\u00e9 d\u2019initiatives contre la dr\u00e9panocytose (CID\/Burkina) organise, du 29 avril au 1er mai 2021 \u00e0 Ouagadougou, un atelier national de sensibilisation et de formation de formateurs, au profit de 70 dr\u00e9panocytaires et parents membres, issus des onze antennes r\u00e9gionales du CID\/Burkina. L\u2019objectif de cet atelier est de contribuer \u00e0 l\u2019am\u00e9lioration [&hellip;]<\/p>\n","protected":false},"author":82,"featured_media":10870,"comment_status":"open","ping_status":"closed","sticky":false,"template":"","format":"standard","meta":{"footnotes":""},"categories":[21,11,10],"tags":[111,725,29],"class_list":["post-10871","post","type-post","status-publish","format-standard","has-post-thumbnail","hentry","category-communaute","category-homepage-french","category-toutes-les-actualites","tag-africa-press","tag-africa-press-burkina-faso","tag-burkina-faso"],"yoast_head":"<!-- This site is optimized with the Yoast SEO Premium plugin v26.1 (Yoast SEO v27.0) - https:\/\/yoast.com\/product\/yoast-seo-premium-wordpress\/ -->\n<title>Le Comit\u00e9 d\u2019initiatives contre la dr\u00e9panocytose sensibilise sur la maladie - Burkina Faso<\/title>\n<meta name=\"description\" content=\"Le Comit\u00e9 d\u2019initiatives contre la dr\u00e9panocytose (CID\/Burkina) organise, du 29 avril au 1er mai 2021 \u00e0 Ouagadougou, un ...\" \/>\n<meta name=\"robots\" content=\"index, follow, max-snippet:-1, max-image-preview:large, max-video-preview:-1\" \/>\n<link rel=\"canonical\" href=\"https:\/\/www.africa-press.net\/burkina-faso\/toutes-les-actualites\/sante-le-comite-dinitiatives-contre-la-drepanocytose-sensibilise-sur-la-maladie\" \/>\n<meta property=\"og:locale\" content=\"fr_FR\" \/>\n<meta property=\"og:type\" content=\"article\" \/>\n<meta property=\"og:title\" content=\"Le Comit\u00e9 d\u2019initiatives contre la dr\u00e9panocytose sensibilise sur la maladie\" \/>\n<meta property=\"og:description\" content=\"Le Comit\u00e9 d\u2019initiatives contre la dr\u00e9panocytose (CID\/Burkina) organise, du 29 avril au 1er mai 2021 \u00e0 Ouagadougou, un ...\" \/>\n<meta property=\"og:url\" content=\"https:\/\/www.africa-press.net\/burkina-faso\/toutes-les-actualites\/sante-le-comite-dinitiatives-contre-la-drepanocytose-sensibilise-sur-la-maladie\" \/>\n<meta property=\"og:site_name\" content=\"Burkina Faso\" \/>\n<meta property=\"article:published_time\" content=\"2021-04-30T13:08:00+00:00\" \/>\n<meta property=\"article:modified_time\" content=\"2021-04-30T13:31:52+00:00\" \/>\n<meta property=\"og:image\" content=\"https:\/\/static.africa-press.net\/burkina\/sites\/42\/2021\/04\/img-608bee9c3cfbd.jpg\" \/>\n\t<meta property=\"og:image:width\" content=\"720\" \/>\n\t<meta property=\"og:image:height\" content=\"537\" \/>\n\t<meta property=\"og:image:type\" content=\"image\/jpeg\" \/>\n<meta name=\"author\" content=\"cfeditorfr\" \/>\n<meta name=\"twitter:card\" content=\"summary_large_image\" \/>\n<meta name=\"twitter:label1\" content=\"\u00c9crit par\" \/>\n\t<meta name=\"twitter:data1\" content=\"cfeditorfr\" \/>\n\t<meta name=\"twitter:label2\" content=\"Dur\u00e9e de lecture estim\u00e9e\" \/>\n\t<meta name=\"twitter:data2\" content=\"3 minutes\" \/>\n<script type=\"application\/ld+json\" class=\"yoast-schema-graph\">{\"@context\":\"https:\/\/schema.org\",\"@graph\":[{\"@type\":\"Article\",\"@id\":\"https:\/\/www.africa-press.net\/burkina-faso\/toutes-les-actualites\/sante-le-comite-dinitiatives-contre-la-drepanocytose-sensibilise-sur-la-maladie#article\",\"isPartOf\":{\"@id\":\"https:\/\/www.africa-press.net\/burkina-faso\/toutes-les-actualites\/sante-le-comite-dinitiatives-contre-la-drepanocytose-sensibilise-sur-la-maladie\"},\"author\":{\"name\":\"cfeditorfr\",\"@id\":\"https:\/\/www.africa-press.net\/burkina-faso\/#\/schema\/person\/2b1cf3cd81a31e3cd26889ca66d677f1\"},\"headline\":\"Le Comit\u00e9 d\u2019initiatives contre la dr\u00e9panocytose sensibilise sur la maladie\",\"datePublished\":\"2021-04-30T13:08:00+00:00\",\"dateModified\":\"2021-04-30T13:31:52+00:00\",\"mainEntityOfPage\":{\"@id\":\"https:\/\/www.africa-press.net\/burkina-faso\/toutes-les-actualites\/sante-le-comite-dinitiatives-contre-la-drepanocytose-sensibilise-sur-la-maladie\"},\"wordCount\":571,\"commentCount\":0,\"image\":{\"@id\":\"https:\/\/www.africa-press.net\/burkina-faso\/toutes-les-actualites\/sante-le-comite-dinitiatives-contre-la-drepanocytose-sensibilise-sur-la-maladie#primaryimage\"},\"thumbnailUrl\":\"https:\/\/static.africa-press.net\/burkina\/sites\/42\/2021\/04\/img-608bee9c3cfbd.jpg\",\"keywords\":[\"Africa Press\",\"Africa Press-Burkina Faso\",\"Burkina Faso\"],\"articleSection\":[\"Communaut\u00e9\",\"homepage-french\",\"Toutes les actualit\u00e9s\"],\"inLanguage\":\"fr-FR\",\"potentialAction\":[{\"@type\":\"CommentAction\",\"name\":\"Comment\",\"target\":[\"https:\/\/www.africa-press.net\/burkina-faso\/toutes-les-actualites\/sante-le-comite-dinitiatives-contre-la-drepanocytose-sensibilise-sur-la-maladie#respond\"]}]},{\"@type\":\"WebPage\",\"@id\":\"https:\/\/www.africa-press.net\/burkina-faso\/toutes-les-actualites\/sante-le-comite-dinitiatives-contre-la-drepanocytose-sensibilise-sur-la-maladie\",\"url\":\"https:\/\/www.africa-press.net\/burkina-faso\/toutes-les-actualites\/sante-le-comite-dinitiatives-contre-la-drepanocytose-sensibilise-sur-la-maladie\",\"name\":\"Le Comit\u00e9 d\u2019initiatives contre la dr\u00e9panocytose sensibilise sur la maladie - Burkina Faso\",\"isPartOf\":{\"@id\":\"https:\/\/www.africa-press.net\/burkina-faso\/#website\"},\"primaryImageOfPage\":{\"@id\":\"https:\/\/www.africa-press.net\/burkina-faso\/toutes-les-actualites\/sante-le-comite-dinitiatives-contre-la-drepanocytose-sensibilise-sur-la-maladie#primaryimage\"},\"image\":{\"@id\":\"https:\/\/www.africa-press.net\/burkina-faso\/toutes-les-actualites\/sante-le-comite-dinitiatives-contre-la-drepanocytose-sensibilise-sur-la-maladie#primaryimage\"},\"thumbnailUrl\":\"https:\/\/static.africa-press.net\/burkina\/sites\/42\/2021\/04\/img-608bee9c3cfbd.jpg\",\"datePublished\":\"2021-04-30T13:08:00+00:00\",\"dateModified\":\"2021-04-30T13:31:52+00:00\",\"author\":{\"@id\":\"https:\/\/www.africa-press.net\/burkina-faso\/#\/schema\/person\/2b1cf3cd81a31e3cd26889ca66d677f1\"},\"description\":\"Le Comit\u00e9 d\u2019initiatives contre la dr\u00e9panocytose (CID\/Burkina) organise, du 29 avril au 1er mai 2021 \u00e0 Ouagadougou, un ...\",\"breadcrumb\":{\"@id\":\"https:\/\/www.africa-press.net\/burkina-faso\/toutes-les-actualites\/sante-le-comite-dinitiatives-contre-la-drepanocytose-sensibilise-sur-la-maladie#breadcrumb\"},\"inLanguage\":\"fr-FR\",\"potentialAction\":[{\"@type\":\"ReadAction\",\"target\":[\"https:\/\/www.africa-press.net\/burkina-faso\/toutes-les-actualites\/sante-le-comite-dinitiatives-contre-la-drepanocytose-sensibilise-sur-la-maladie\"]}]},{\"@type\":\"ImageObject\",\"inLanguage\":\"fr-FR\",\"@id\":\"https:\/\/www.africa-press.net\/burkina-faso\/toutes-les-actualites\/sante-le-comite-dinitiatives-contre-la-drepanocytose-sensibilise-sur-la-maladie#primaryimage\",\"url\":\"https:\/\/static.africa-press.net\/burkina\/sites\/42\/2021\/04\/img-608bee9c3cfbd.jpg\",\"contentUrl\":\"https:\/\/static.africa-press.net\/burkina\/sites\/42\/2021\/04\/img-608bee9c3cfbd.jpg\",\"width\":720,\"height\":537,\"caption\":\"Sant\u00e9 : Le Comit\u00e9 d\u2019initiatives contre la dr\u00e9panocytose sensibilise sur la maladie\"},{\"@type\":\"BreadcrumbList\",\"@id\":\"https:\/\/www.africa-press.net\/burkina-faso\/toutes-les-actualites\/sante-le-comite-dinitiatives-contre-la-drepanocytose-sensibilise-sur-la-maladie#breadcrumb\",\"itemListElement\":[{\"@type\":\"ListItem\",\"position\":1,\"name\":\"Accueil\",\"item\":\"https:\/\/www.africa-press.net\/burkina-faso\/\"},{\"@type\":\"ListItem\",\"position\":2,\"name\":\"Le Comit\u00e9 d\u2019initiatives contre la dr\u00e9panocytose sensibilise sur la maladie\"}]},{\"@type\":\"WebSite\",\"@id\":\"https:\/\/www.africa-press.net\/burkina-faso\/#website\",\"url\":\"https:\/\/www.africa-press.net\/burkina-faso\/\",\"name\":\"Burkina Faso\",\"description\":\"Just another Africa News Agency Sites site\",\"potentialAction\":[{\"@type\":\"SearchAction\",\"target\":{\"@type\":\"EntryPoint\",\"urlTemplate\":\"https:\/\/www.africa-press.net\/burkina-faso\/?s={search_term_string}\"},\"query-input\":{\"@type\":\"PropertyValueSpecification\",\"valueRequired\":true,\"valueName\":\"search_term_string\"}}],\"inLanguage\":\"fr-FR\"},{\"@type\":\"Person\",\"@id\":\"https:\/\/www.africa-press.net\/burkina-faso\/#\/schema\/person\/2b1cf3cd81a31e3cd26889ca66d677f1\",\"name\":\"cfeditorfr\"}]}<\/script>\n<!-- \/ Yoast SEO Premium plugin. -->","yoast_head_json":{"title":"Le Comit\u00e9 d\u2019initiatives contre la dr\u00e9panocytose sensibilise sur la maladie - Burkina Faso","description":"Le Comit\u00e9 d\u2019initiatives contre la dr\u00e9panocytose (CID\/Burkina) organise, du 29 avril au 1er mai 2021 \u00e0 Ouagadougou, un ...","robots":{"index":"index","follow":"follow","max-snippet":"max-snippet:-1","max-image-preview":"max-image-preview:large","max-video-preview":"max-video-preview:-1"},"canonical":"https:\/\/www.africa-press.net\/burkina-faso\/toutes-les-actualites\/sante-le-comite-dinitiatives-contre-la-drepanocytose-sensibilise-sur-la-maladie","og_locale":"fr_FR","og_type":"article","og_title":"Le Comit\u00e9 d\u2019initiatives contre la dr\u00e9panocytose sensibilise sur la maladie","og_description":"Le Comit\u00e9 d\u2019initiatives contre la dr\u00e9panocytose (CID\/Burkina) organise, du 29 avril au 1er mai 2021 \u00e0 Ouagadougou, un ...","og_url":"https:\/\/www.africa-press.net\/burkina-faso\/toutes-les-actualites\/sante-le-comite-dinitiatives-contre-la-drepanocytose-sensibilise-sur-la-maladie","og_site_name":"Burkina Faso","article_published_time":"2021-04-30T13:08:00+00:00","article_modified_time":"2021-04-30T13:31:52+00:00","og_image":[{"width":720,"height":537,"url":"https:\/\/static.africa-press.net\/burkina\/sites\/42\/2021\/04\/img-608bee9c3cfbd.jpg","type":"image\/jpeg"}],"author":"cfeditorfr","twitter_card":"summary_large_image","twitter_misc":{"\u00c9crit par":"cfeditorfr","Dur\u00e9e de lecture estim\u00e9e":"3 minutes"},"schema":{"@context":"https:\/\/schema.org","@graph":[{"@type":"Article","@id":"https:\/\/www.africa-press.net\/burkina-faso\/toutes-les-actualites\/sante-le-comite-dinitiatives-contre-la-drepanocytose-sensibilise-sur-la-maladie#article","isPartOf":{"@id":"https:\/\/www.africa-press.net\/burkina-faso\/toutes-les-actualites\/sante-le-comite-dinitiatives-contre-la-drepanocytose-sensibilise-sur-la-maladie"},"author":{"name":"cfeditorfr","@id":"https:\/\/www.africa-press.net\/burkina-faso\/#\/schema\/person\/2b1cf3cd81a31e3cd26889ca66d677f1"},"headline":"Le Comit\u00e9 d\u2019initiatives contre la dr\u00e9panocytose sensibilise sur la maladie","datePublished":"2021-04-30T13:08:00+00:00","dateModified":"2021-04-30T13:31:52+00:00","mainEntityOfPage":{"@id":"https:\/\/www.africa-press.net\/burkina-faso\/toutes-les-actualites\/sante-le-comite-dinitiatives-contre-la-drepanocytose-sensibilise-sur-la-maladie"},"wordCount":571,"commentCount":0,"image":{"@id":"https:\/\/www.africa-press.net\/burkina-faso\/toutes-les-actualites\/sante-le-comite-dinitiatives-contre-la-drepanocytose-sensibilise-sur-la-maladie#primaryimage"},"thumbnailUrl":"https:\/\/static.africa-press.net\/burkina\/sites\/42\/2021\/04\/img-608bee9c3cfbd.jpg","keywords":["Africa Press","Africa Press-Burkina Faso","Burkina Faso"],"articleSection":["Communaut\u00e9","homepage-french","Toutes les actualit\u00e9s"],"inLanguage":"fr-FR","potentialAction":[{"@type":"CommentAction","name":"Comment","target":["https:\/\/www.africa-press.net\/burkina-faso\/toutes-les-actualites\/sante-le-comite-dinitiatives-contre-la-drepanocytose-sensibilise-sur-la-maladie#respond"]}]},{"@type":"WebPage","@id":"https:\/\/www.africa-press.net\/burkina-faso\/toutes-les-actualites\/sante-le-comite-dinitiatives-contre-la-drepanocytose-sensibilise-sur-la-maladie","url":"https:\/\/www.africa-press.net\/burkina-faso\/toutes-les-actualites\/sante-le-comite-dinitiatives-contre-la-drepanocytose-sensibilise-sur-la-maladie","name":"Le Comit\u00e9 d\u2019initiatives contre la dr\u00e9panocytose sensibilise sur la maladie - Burkina Faso","isPartOf":{"@id":"https:\/\/www.africa-press.net\/burkina-faso\/#website"},"primaryImageOfPage":{"@id":"https:\/\/www.africa-press.net\/burkina-faso\/toutes-les-actualites\/sante-le-comite-dinitiatives-contre-la-drepanocytose-sensibilise-sur-la-maladie#primaryimage"},"image":{"@id":"https:\/\/www.africa-press.net\/burkina-faso\/toutes-les-actualites\/sante-le-comite-dinitiatives-contre-la-drepanocytose-sensibilise-sur-la-maladie#primaryimage"},"thumbnailUrl":"https:\/\/static.africa-press.net\/burkina\/sites\/42\/2021\/04\/img-608bee9c3cfbd.jpg","datePublished":"2021-04-30T13:08:00+00:00","dateModified":"2021-04-30T13:31:52+00:00","author":{"@id":"https:\/\/www.africa-press.net\/burkina-faso\/#\/schema\/person\/2b1cf3cd81a31e3cd26889ca66d677f1"},"description":"Le Comit\u00e9 d\u2019initiatives contre la dr\u00e9panocytose (CID\/Burkina) organise, du 29 avril au 1er mai 2021 \u00e0 Ouagadougou, un ...","breadcrumb":{"@id":"https:\/\/www.africa-press.net\/burkina-faso\/toutes-les-actualites\/sante-le-comite-dinitiatives-contre-la-drepanocytose-sensibilise-sur-la-maladie#breadcrumb"},"inLanguage":"fr-FR","potentialAction":[{"@type":"ReadAction","target":["https:\/\/www.africa-press.net\/burkina-faso\/toutes-les-actualites\/sante-le-comite-dinitiatives-contre-la-drepanocytose-sensibilise-sur-la-maladie"]}]},{"@type":"ImageObject","inLanguage":"fr-FR","@id":"https:\/\/www.africa-press.net\/burkina-faso\/toutes-les-actualites\/sante-le-comite-dinitiatives-contre-la-drepanocytose-sensibilise-sur-la-maladie#primaryimage","url":"https:\/\/static.africa-press.net\/burkina\/sites\/42\/2021\/04\/img-608bee9c3cfbd.jpg","contentUrl":"https:\/\/static.africa-press.net\/burkina\/sites\/42\/2021\/04\/img-608bee9c3cfbd.jpg","width":720,"height":537,"caption":"Sant\u00e9 : Le Comit\u00e9 d\u2019initiatives contre la dr\u00e9panocytose sensibilise sur la maladie"},{"@type":"BreadcrumbList","@id":"https:\/\/www.africa-press.net\/burkina-faso\/toutes-les-actualites\/sante-le-comite-dinitiatives-contre-la-drepanocytose-sensibilise-sur-la-maladie#breadcrumb","itemListElement":[{"@type":"ListItem","position":1,"name":"Accueil","item":"https:\/\/www.africa-press.net\/burkina-faso\/"},{"@type":"ListItem","position":2,"name":"Le Comit\u00e9 d\u2019initiatives contre la dr\u00e9panocytose sensibilise sur la maladie"}]},{"@type":"WebSite","@id":"https:\/\/www.africa-press.net\/burkina-faso\/#website","url":"https:\/\/www.africa-press.net\/burkina-faso\/","name":"Burkina Faso","description":"Just another Africa News Agency Sites site","potentialAction":[{"@type":"SearchAction","target":{"@type":"EntryPoint","urlTemplate":"https:\/\/www.africa-press.net\/burkina-faso\/?s={search_term_string}"},"query-input":{"@type":"PropertyValueSpecification","valueRequired":true,"valueName":"search_term_string"}}],"inLanguage":"fr-FR"},{"@type":"Person","@id":"https:\/\/www.africa-press.net\/burkina-faso\/#\/schema\/person\/2b1cf3cd81a31e3cd26889ca66d677f1","name":"cfeditorfr"}]}},"_links":{"self":[{"href":"https:\/\/www.africa-press.net\/burkina-faso\/wp-json\/wp\/v2\/posts\/10871","targetHints":{"allow":["GET"]}}],"collection":[{"href":"https:\/\/www.africa-press.net\/burkina-faso\/wp-json\/wp\/v2\/posts"}],"about":[{"href":"https:\/\/www.africa-press.net\/burkina-faso\/wp-json\/wp\/v2\/types\/post"}],"author":[{"embeddable":true,"href":"https:\/\/www.africa-press.net\/burkina-faso\/wp-json\/wp\/v2\/users\/82"}],"replies":[{"embeddable":true,"href":"https:\/\/www.africa-press.net\/burkina-faso\/wp-json\/wp\/v2\/comments?post=10871"}],"version-history":[{"count":0,"href":"https:\/\/www.africa-press.net\/burkina-faso\/wp-json\/wp\/v2\/posts\/10871\/revisions"}],"wp:featuredmedia":[{"embeddable":true,"href":"https:\/\/www.africa-press.net\/burkina-faso\/wp-json\/wp\/v2\/media\/10870"}],"wp:attachment":[{"href":"https:\/\/www.africa-press.net\/burkina-faso\/wp-json\/wp\/v2\/media?parent=10871"}],"wp:term":[{"taxonomy":"category","embeddable":true,"href":"https:\/\/www.africa-press.net\/burkina-faso\/wp-json\/wp\/v2\/categories?post=10871"},{"taxonomy":"post_tag","embeddable":true,"href":"https:\/\/www.africa-press.net\/burkina-faso\/wp-json\/wp\/v2\/tags?post=10871"}],"curies":[{"name":"wp","href":"https:\/\/api.w.org\/{rel}","templated":true}]}}