{"id":10877,"date":"2021-04-30T13:22:43","date_gmt":"2021-04-30T13:22:43","guid":{"rendered":"https:\/\/www.africa-press.net\/burkina-faso\/?p=10877"},"modified":"2021-04-30T13:32:32","modified_gmt":"2021-04-30T13:32:32","slug":"ouagadougou-affrontements-entre-eleves-et-la-police-nationale","status":"publish","type":"post","link":"https:\/\/www.africa-press.net\/burkina-faso\/politique\/ouagadougou-affrontements-entre-eleves-et-la-police-nationale","title":{"rendered":"Ouagadougou : Affrontements entre \u00e9l\u00e8ves et la police nationale"},"content":{"rendered":"<p><span style=\"color: #ff6600\"><strong><a href=\"https:\/\/www.africa-press.net\/\">Africa-Press<\/a> &#8211; <a href=\"https:\/\/www.africa-press.net\/burkina-faso\">Burkina Faso<\/a>. <\/strong><\/span><b>Le ministre de l\u2019Education nationale, de l\u2019Alphab\u00e9tisation et de la Promotion des langues nationales (MENAPLN), Pr Stanislas Ouaro et les parents d\u2019\u00e9l\u00e8ves avaient une rencontre cet apr\u00e8s midi du jeudi 29 avril 2021. Mais avant ce t\u00eate-\u00e0-t\u00eate, un affrontement a oppos\u00e9 les forces de l\u2019ordre aux \u00e9l\u00e8ves manifestants.<\/b><\/p>\n<p>Quelle est la cause exacte de cette manifestation ? Exigent-ils la d\u00e9mission du ministre ? Sont-ils contre les nouvelles r\u00e9formes adopt\u00e9es par le gouvernement ? Pr\u00e9sent \u00e0 cette manifestation, a pu constater certains faits. En effet, l\u2019on pouvait lire sur des pancartes \u00ab\u00a0Ouaro tu es qui ?\u00a0\u00bb \u00ab\u00a0Seule la lutte lib\u00e8re. \u00ab\u00a0NON aux r\u00e9formes\u00a0\u00bb \u00ab\u00a0Oui pour une \u00e9ducation normale\u00a0\u00bb.<\/p>\n<p>Aux jets de cailloux des \u00e9l\u00e8ves sur la police nationale, celle-ci a r\u00e9pliqu\u00e9 par des tirs de gaz lacrymog\u00e8nes. Le rond-point des Nations-unies \u00e9tait devenu un th\u00e9\u00e2tre d\u2019affrontements entre les deux camps. On retrouvait \u00e7a et l\u00e0 des chaussures, des cahiers et des tenues abandonn\u00e9s dans la fuite de leurs propri\u00e9taires (\u00e9l\u00e8ves). Un de nos coll\u00e8gues du groupe Om\u00e9ga a fait l\u2019objet de menaces par les \u00e9l\u00e8ves.<\/p>\n<p>\u00ab\u00a0Pour notre part, il n\u2019appartient pas aux \u00e9l\u00e8ves de discuter de comment ils vont g\u00e8rer leurs examens, cela appartient aux encadreurs p\u00e9dagogiques. Il appartient aux sp\u00e9cialistes de l\u2019\u00e9ducation sollicit\u00e9s par le gouvernement d\u2019orienter notre syst\u00e8me \u00e9ducatif vers la qualit\u00e9 recherch\u00e9e. De ce point de vue, il ne peut y avoir de discussion entre les sp\u00e9cialistes de l\u2019\u00e9ducation et les \u00e9l\u00e8ves sur la fa\u00e7on dont on doit organiser, \u00e9valuer et administrer les examens. Ces r\u00e9formes n\u2019ont pas \u00e9t\u00e9 mont\u00e9es par le gouvernement mais c\u2019est parti d\u2019un constat et de propositions d\u2019encadreurs p\u00e9dagogiques et de sp\u00e9cialistes de l\u2019\u00e9ducation sur le terrain. Nous demandons aux parents d\u2019\u00e9l\u00e8ves de poursuivre la sensibilisation avec les \u00e9l\u00e8ves sur le bien fond\u00e9 de ces r\u00e9formes et aux \u00e9l\u00e8ves de faire confiance au gouvernement\u00a0\u00bb, a laiss\u00e9 entendre le ministre Stanislas Ouaro, \u00e0 sa sortie d\u2019audience \u00e0 sa sortie d\u2019audience avec les parents d\u2019\u00e9l\u00e8ves.<\/p>\n<p>\u00ab\u00a0Une fille de la classe de troisi\u00e8me du coll\u00e8ge sainte Bernadette de Kongoussi est d\u00e9c\u00e9d\u00e9e dans la matin\u00e9e du 29 avril 2021, lors d\u2019un mouvement de foule provoqu\u00e9 par une protestation scolaire\u00a0\u00bb, a rapport\u00e9 l\u2019AIB. Le ministre Ouaro dit ne pas \u00eatre pas inform\u00e9 pour le moment. Cependant, il a rassur\u00e9 que si cette information est vraie, des mesures administratives seront mises en place.<\/p>\n<p>Pour rappel, le gouvernement burkinab\u00e8, par d\u00e9cret n\u00b002021\/0023\/PRESS\/SGG-CM, du 1er f\u00e9vrier 2021, a charg\u00e9 le minist\u00e8re de l\u2019Education nationale de l\u2019organisation des examens du baccalaur\u00e9at.<\/p>\n<p><b>Dofinitta Augustin Khan<br \/>\n<\/b><\/p>\n","protected":false},"excerpt":{"rendered":"<p>Africa-Press &#8211; Burkina Faso. Le ministre de l\u2019Education nationale, de l\u2019Alphab\u00e9tisation et de la Promotion des langues nationales (MENAPLN), Pr Stanislas Ouaro et les parents d\u2019\u00e9l\u00e8ves avaient une rencontre cet apr\u00e8s midi du jeudi 29 avril 2021. Mais avant ce t\u00eate-\u00e0-t\u00eate, un affrontement a oppos\u00e9 les forces de l\u2019ordre aux \u00e9l\u00e8ves manifestants. Quelle est la [&hellip;]<\/p>\n","protected":false},"author":82,"featured_media":10876,"comment_status":"open","ping_status":"closed","sticky":false,"template":"","format":"standard","meta":{"footnotes":""},"categories":[11,2,10],"tags":[111,725,29],"class_list":["post-10877","post","type-post","status-publish","format-standard","has-post-thumbnail","hentry","category-homepage-french","category-politique","category-toutes-les-actualites","tag-africa-press","tag-africa-press-burkina-faso","tag-burkina-faso"],"yoast_head":"<!-- This site is optimized with the Yoast SEO Premium plugin v26.1 (Yoast SEO v27.0) - https:\/\/yoast.com\/product\/yoast-seo-premium-wordpress\/ -->\n<title>Ouagadougou : Affrontements entre \u00e9l\u00e8ves et la police nationale - Burkina Faso<\/title>\n<meta name=\"description\" content=\"Le ministre de l\u2019Education nationale, de l\u2019Alphab\u00e9tisation et de la Promotion des langues nationales (MENAPLN), Pr St ...\" \/>\n<meta name=\"robots\" content=\"index, follow, max-snippet:-1, max-image-preview:large, max-video-preview:-1\" \/>\n<link rel=\"canonical\" href=\"https:\/\/www.africa-press.net\/burkina-faso\/politique\/ouagadougou-affrontements-entre-eleves-et-la-police-nationale\" \/>\n<meta property=\"og:locale\" content=\"fr_FR\" \/>\n<meta property=\"og:type\" content=\"article\" \/>\n<meta property=\"og:title\" content=\"Ouagadougou : Affrontements entre \u00e9l\u00e8ves et la police nationale\" \/>\n<meta property=\"og:description\" content=\"Le ministre de l\u2019Education nationale, de l\u2019Alphab\u00e9tisation et de la Promotion des langues nationales (MENAPLN), Pr St ...\" \/>\n<meta property=\"og:url\" content=\"https:\/\/www.africa-press.net\/burkina-faso\/politique\/ouagadougou-affrontements-entre-eleves-et-la-police-nationale\" \/>\n<meta property=\"og:site_name\" content=\"Burkina Faso\" \/>\n<meta property=\"article:published_time\" content=\"2021-04-30T13:22:43+00:00\" \/>\n<meta property=\"article:modified_time\" content=\"2021-04-30T13:32:32+00:00\" \/>\n<meta property=\"og:image\" content=\"https:\/\/static.africa-press.net\/burkina\/sites\/42\/2021\/04\/img-608bef054ae35.jpg\" \/>\n\t<meta property=\"og:image:width\" content=\"720\" \/>\n\t<meta property=\"og:image:height\" content=\"390\" \/>\n\t<meta property=\"og:image:type\" content=\"image\/jpeg\" \/>\n<meta name=\"author\" content=\"cfeditorfr\" \/>\n<meta name=\"twitter:card\" content=\"summary_large_image\" \/>\n<meta name=\"twitter:label1\" content=\"\u00c9crit par\" \/>\n\t<meta name=\"twitter:data1\" content=\"cfeditorfr\" \/>\n\t<meta name=\"twitter:label2\" content=\"Dur\u00e9e de lecture estim\u00e9e\" \/>\n\t<meta name=\"twitter:data2\" content=\"2 minutes\" \/>\n<script type=\"application\/ld+json\" class=\"yoast-schema-graph\">{\"@context\":\"https:\/\/schema.org\",\"@graph\":[{\"@type\":\"Article\",\"@id\":\"https:\/\/www.africa-press.net\/burkina-faso\/politique\/ouagadougou-affrontements-entre-eleves-et-la-police-nationale#article\",\"isPartOf\":{\"@id\":\"https:\/\/www.africa-press.net\/burkina-faso\/politique\/ouagadougou-affrontements-entre-eleves-et-la-police-nationale\"},\"author\":{\"name\":\"cfeditorfr\",\"@id\":\"https:\/\/www.africa-press.net\/burkina-faso\/#\/schema\/person\/2b1cf3cd81a31e3cd26889ca66d677f1\"},\"headline\":\"Ouagadougou : Affrontements entre \u00e9l\u00e8ves et la police nationale\",\"datePublished\":\"2021-04-30T13:22:43+00:00\",\"dateModified\":\"2021-04-30T13:32:32+00:00\",\"mainEntityOfPage\":{\"@id\":\"https:\/\/www.africa-press.net\/burkina-faso\/politique\/ouagadougou-affrontements-entre-eleves-et-la-police-nationale\"},\"wordCount\":490,\"commentCount\":0,\"image\":{\"@id\":\"https:\/\/www.africa-press.net\/burkina-faso\/politique\/ouagadougou-affrontements-entre-eleves-et-la-police-nationale#primaryimage\"},\"thumbnailUrl\":\"https:\/\/static.africa-press.net\/burkina\/sites\/42\/2021\/04\/img-608bef054ae35.jpg\",\"keywords\":[\"Africa Press\",\"Africa Press-Burkina Faso\",\"Burkina Faso\"],\"articleSection\":[\"homepage-french\",\"Politique\",\"Toutes les actualit\u00e9s\"],\"inLanguage\":\"fr-FR\",\"potentialAction\":[{\"@type\":\"CommentAction\",\"name\":\"Comment\",\"target\":[\"https:\/\/www.africa-press.net\/burkina-faso\/politique\/ouagadougou-affrontements-entre-eleves-et-la-police-nationale#respond\"]}]},{\"@type\":\"WebPage\",\"@id\":\"https:\/\/www.africa-press.net\/burkina-faso\/politique\/ouagadougou-affrontements-entre-eleves-et-la-police-nationale\",\"url\":\"https:\/\/www.africa-press.net\/burkina-faso\/politique\/ouagadougou-affrontements-entre-eleves-et-la-police-nationale\",\"name\":\"Ouagadougou : Affrontements entre \u00e9l\u00e8ves et la police nationale - Burkina Faso\",\"isPartOf\":{\"@id\":\"https:\/\/www.africa-press.net\/burkina-faso\/#website\"},\"primaryImageOfPage\":{\"@id\":\"https:\/\/www.africa-press.net\/burkina-faso\/politique\/ouagadougou-affrontements-entre-eleves-et-la-police-nationale#primaryimage\"},\"image\":{\"@id\":\"https:\/\/www.africa-press.net\/burkina-faso\/politique\/ouagadougou-affrontements-entre-eleves-et-la-police-nationale#primaryimage\"},\"thumbnailUrl\":\"https:\/\/static.africa-press.net\/burkina\/sites\/42\/2021\/04\/img-608bef054ae35.jpg\",\"datePublished\":\"2021-04-30T13:22:43+00:00\",\"dateModified\":\"2021-04-30T13:32:32+00:00\",\"author\":{\"@id\":\"https:\/\/www.africa-press.net\/burkina-faso\/#\/schema\/person\/2b1cf3cd81a31e3cd26889ca66d677f1\"},\"description\":\"Le ministre de l\u2019Education nationale, de l\u2019Alphab\u00e9tisation et de la Promotion des langues nationales (MENAPLN), Pr St ...\",\"breadcrumb\":{\"@id\":\"https:\/\/www.africa-press.net\/burkina-faso\/politique\/ouagadougou-affrontements-entre-eleves-et-la-police-nationale#breadcrumb\"},\"inLanguage\":\"fr-FR\",\"potentialAction\":[{\"@type\":\"ReadAction\",\"target\":[\"https:\/\/www.africa-press.net\/burkina-faso\/politique\/ouagadougou-affrontements-entre-eleves-et-la-police-nationale\"]}]},{\"@type\":\"ImageObject\",\"inLanguage\":\"fr-FR\",\"@id\":\"https:\/\/www.africa-press.net\/burkina-faso\/politique\/ouagadougou-affrontements-entre-eleves-et-la-police-nationale#primaryimage\",\"url\":\"https:\/\/static.africa-press.net\/burkina\/sites\/42\/2021\/04\/img-608bef054ae35.jpg\",\"contentUrl\":\"https:\/\/static.africa-press.net\/burkina\/sites\/42\/2021\/04\/img-608bef054ae35.jpg\",\"width\":720,\"height\":390,\"caption\":\"Ouagadougou : Affrontements entre \u00e9l\u00e8ves et la police nationale\"},{\"@type\":\"BreadcrumbList\",\"@id\":\"https:\/\/www.africa-press.net\/burkina-faso\/politique\/ouagadougou-affrontements-entre-eleves-et-la-police-nationale#breadcrumb\",\"itemListElement\":[{\"@type\":\"ListItem\",\"position\":1,\"name\":\"Accueil\",\"item\":\"https:\/\/www.africa-press.net\/burkina-faso\/\"},{\"@type\":\"ListItem\",\"position\":2,\"name\":\"Ouagadougou : Affrontements entre \u00e9l\u00e8ves et la police nationale\"}]},{\"@type\":\"WebSite\",\"@id\":\"https:\/\/www.africa-press.net\/burkina-faso\/#website\",\"url\":\"https:\/\/www.africa-press.net\/burkina-faso\/\",\"name\":\"Burkina Faso\",\"description\":\"Just another Africa News Agency Sites site\",\"potentialAction\":[{\"@type\":\"SearchAction\",\"target\":{\"@type\":\"EntryPoint\",\"urlTemplate\":\"https:\/\/www.africa-press.net\/burkina-faso\/?s={search_term_string}\"},\"query-input\":{\"@type\":\"PropertyValueSpecification\",\"valueRequired\":true,\"valueName\":\"search_term_string\"}}],\"inLanguage\":\"fr-FR\"},{\"@type\":\"Person\",\"@id\":\"https:\/\/www.africa-press.net\/burkina-faso\/#\/schema\/person\/2b1cf3cd81a31e3cd26889ca66d677f1\",\"name\":\"cfeditorfr\"}]}<\/script>\n<!-- \/ Yoast SEO Premium plugin. -->","yoast_head_json":{"title":"Ouagadougou : Affrontements entre \u00e9l\u00e8ves et la police nationale - Burkina Faso","description":"Le ministre de l\u2019Education nationale, de l\u2019Alphab\u00e9tisation et de la Promotion des langues nationales (MENAPLN), Pr St ...","robots":{"index":"index","follow":"follow","max-snippet":"max-snippet:-1","max-image-preview":"max-image-preview:large","max-video-preview":"max-video-preview:-1"},"canonical":"https:\/\/www.africa-press.net\/burkina-faso\/politique\/ouagadougou-affrontements-entre-eleves-et-la-police-nationale","og_locale":"fr_FR","og_type":"article","og_title":"Ouagadougou : Affrontements entre \u00e9l\u00e8ves et la police nationale","og_description":"Le ministre de l\u2019Education nationale, de l\u2019Alphab\u00e9tisation et de la Promotion des langues nationales (MENAPLN), Pr St ...","og_url":"https:\/\/www.africa-press.net\/burkina-faso\/politique\/ouagadougou-affrontements-entre-eleves-et-la-police-nationale","og_site_name":"Burkina Faso","article_published_time":"2021-04-30T13:22:43+00:00","article_modified_time":"2021-04-30T13:32:32+00:00","og_image":[{"width":720,"height":390,"url":"https:\/\/static.africa-press.net\/burkina\/sites\/42\/2021\/04\/img-608bef054ae35.jpg","type":"image\/jpeg"}],"author":"cfeditorfr","twitter_card":"summary_large_image","twitter_misc":{"\u00c9crit par":"cfeditorfr","Dur\u00e9e de lecture estim\u00e9e":"2 minutes"},"schema":{"@context":"https:\/\/schema.org","@graph":[{"@type":"Article","@id":"https:\/\/www.africa-press.net\/burkina-faso\/politique\/ouagadougou-affrontements-entre-eleves-et-la-police-nationale#article","isPartOf":{"@id":"https:\/\/www.africa-press.net\/burkina-faso\/politique\/ouagadougou-affrontements-entre-eleves-et-la-police-nationale"},"author":{"name":"cfeditorfr","@id":"https:\/\/www.africa-press.net\/burkina-faso\/#\/schema\/person\/2b1cf3cd81a31e3cd26889ca66d677f1"},"headline":"Ouagadougou : Affrontements entre \u00e9l\u00e8ves et la police nationale","datePublished":"2021-04-30T13:22:43+00:00","dateModified":"2021-04-30T13:32:32+00:00","mainEntityOfPage":{"@id":"https:\/\/www.africa-press.net\/burkina-faso\/politique\/ouagadougou-affrontements-entre-eleves-et-la-police-nationale"},"wordCount":490,"commentCount":0,"image":{"@id":"https:\/\/www.africa-press.net\/burkina-faso\/politique\/ouagadougou-affrontements-entre-eleves-et-la-police-nationale#primaryimage"},"thumbnailUrl":"https:\/\/static.africa-press.net\/burkina\/sites\/42\/2021\/04\/img-608bef054ae35.jpg","keywords":["Africa Press","Africa Press-Burkina Faso","Burkina Faso"],"articleSection":["homepage-french","Politique","Toutes les actualit\u00e9s"],"inLanguage":"fr-FR","potentialAction":[{"@type":"CommentAction","name":"Comment","target":["https:\/\/www.africa-press.net\/burkina-faso\/politique\/ouagadougou-affrontements-entre-eleves-et-la-police-nationale#respond"]}]},{"@type":"WebPage","@id":"https:\/\/www.africa-press.net\/burkina-faso\/politique\/ouagadougou-affrontements-entre-eleves-et-la-police-nationale","url":"https:\/\/www.africa-press.net\/burkina-faso\/politique\/ouagadougou-affrontements-entre-eleves-et-la-police-nationale","name":"Ouagadougou : Affrontements entre \u00e9l\u00e8ves et la police nationale - Burkina Faso","isPartOf":{"@id":"https:\/\/www.africa-press.net\/burkina-faso\/#website"},"primaryImageOfPage":{"@id":"https:\/\/www.africa-press.net\/burkina-faso\/politique\/ouagadougou-affrontements-entre-eleves-et-la-police-nationale#primaryimage"},"image":{"@id":"https:\/\/www.africa-press.net\/burkina-faso\/politique\/ouagadougou-affrontements-entre-eleves-et-la-police-nationale#primaryimage"},"thumbnailUrl":"https:\/\/static.africa-press.net\/burkina\/sites\/42\/2021\/04\/img-608bef054ae35.jpg","datePublished":"2021-04-30T13:22:43+00:00","dateModified":"2021-04-30T13:32:32+00:00","author":{"@id":"https:\/\/www.africa-press.net\/burkina-faso\/#\/schema\/person\/2b1cf3cd81a31e3cd26889ca66d677f1"},"description":"Le ministre de l\u2019Education nationale, de l\u2019Alphab\u00e9tisation et de la Promotion des langues nationales (MENAPLN), Pr St ...","breadcrumb":{"@id":"https:\/\/www.africa-press.net\/burkina-faso\/politique\/ouagadougou-affrontements-entre-eleves-et-la-police-nationale#breadcrumb"},"inLanguage":"fr-FR","potentialAction":[{"@type":"ReadAction","target":["https:\/\/www.africa-press.net\/burkina-faso\/politique\/ouagadougou-affrontements-entre-eleves-et-la-police-nationale"]}]},{"@type":"ImageObject","inLanguage":"fr-FR","@id":"https:\/\/www.africa-press.net\/burkina-faso\/politique\/ouagadougou-affrontements-entre-eleves-et-la-police-nationale#primaryimage","url":"https:\/\/static.africa-press.net\/burkina\/sites\/42\/2021\/04\/img-608bef054ae35.jpg","contentUrl":"https:\/\/static.africa-press.net\/burkina\/sites\/42\/2021\/04\/img-608bef054ae35.jpg","width":720,"height":390,"caption":"Ouagadougou : Affrontements entre \u00e9l\u00e8ves et la police nationale"},{"@type":"BreadcrumbList","@id":"https:\/\/www.africa-press.net\/burkina-faso\/politique\/ouagadougou-affrontements-entre-eleves-et-la-police-nationale#breadcrumb","itemListElement":[{"@type":"ListItem","position":1,"name":"Accueil","item":"https:\/\/www.africa-press.net\/burkina-faso\/"},{"@type":"ListItem","position":2,"name":"Ouagadougou : Affrontements entre \u00e9l\u00e8ves et la police nationale"}]},{"@type":"WebSite","@id":"https:\/\/www.africa-press.net\/burkina-faso\/#website","url":"https:\/\/www.africa-press.net\/burkina-faso\/","name":"Burkina Faso","description":"Just another Africa News Agency Sites site","potentialAction":[{"@type":"SearchAction","target":{"@type":"EntryPoint","urlTemplate":"https:\/\/www.africa-press.net\/burkina-faso\/?s={search_term_string}"},"query-input":{"@type":"PropertyValueSpecification","valueRequired":true,"valueName":"search_term_string"}}],"inLanguage":"fr-FR"},{"@type":"Person","@id":"https:\/\/www.africa-press.net\/burkina-faso\/#\/schema\/person\/2b1cf3cd81a31e3cd26889ca66d677f1","name":"cfeditorfr"}]}},"_links":{"self":[{"href":"https:\/\/www.africa-press.net\/burkina-faso\/wp-json\/wp\/v2\/posts\/10877","targetHints":{"allow":["GET"]}}],"collection":[{"href":"https:\/\/www.africa-press.net\/burkina-faso\/wp-json\/wp\/v2\/posts"}],"about":[{"href":"https:\/\/www.africa-press.net\/burkina-faso\/wp-json\/wp\/v2\/types\/post"}],"author":[{"embeddable":true,"href":"https:\/\/www.africa-press.net\/burkina-faso\/wp-json\/wp\/v2\/users\/82"}],"replies":[{"embeddable":true,"href":"https:\/\/www.africa-press.net\/burkina-faso\/wp-json\/wp\/v2\/comments?post=10877"}],"version-history":[{"count":0,"href":"https:\/\/www.africa-press.net\/burkina-faso\/wp-json\/wp\/v2\/posts\/10877\/revisions"}],"wp:featuredmedia":[{"embeddable":true,"href":"https:\/\/www.africa-press.net\/burkina-faso\/wp-json\/wp\/v2\/media\/10876"}],"wp:attachment":[{"href":"https:\/\/www.africa-press.net\/burkina-faso\/wp-json\/wp\/v2\/media?parent=10877"}],"wp:term":[{"taxonomy":"category","embeddable":true,"href":"https:\/\/www.africa-press.net\/burkina-faso\/wp-json\/wp\/v2\/categories?post=10877"},{"taxonomy":"post_tag","embeddable":true,"href":"https:\/\/www.africa-press.net\/burkina-faso\/wp-json\/wp\/v2\/tags?post=10877"}],"curies":[{"name":"wp","href":"https:\/\/api.w.org\/{rel}","templated":true}]}}