{"id":10889,"date":"2021-04-30T13:56:34","date_gmt":"2021-04-30T13:56:34","guid":{"rendered":"https:\/\/www.africa-press.net\/burkina-faso\/?p=10889"},"modified":"2021-04-30T13:33:34","modified_gmt":"2021-04-30T13:33:34","slug":"reveil-de-la-region-de-lest-u-gulmu-fi-demande-des-comptes-au-gouvernement","status":"publish","type":"post","link":"https:\/\/www.africa-press.net\/burkina-faso\/politique\/reveil-de-la-region-de-lest-u-gulmu-fi-demande-des-comptes-au-gouvernement","title":{"rendered":"R\u00e9veil de la r\u00e9gion de l\u2019Est : \u00ab\u00a0U Gulmu fi \u00a0\u00bb demande des comptes au gouvernement"},"content":{"rendered":"<p><span style=\"color: #ff6600\"><strong><a href=\"https:\/\/www.africa-press.net\/\">Africa-Press<\/a> &#8211; <a href=\"https:\/\/www.africa-press.net\/burkina-faso\">Burkina Faso<\/a>. <\/strong><\/span><b>De nouveaux acteurs investissent le champ politique pour faire la politique autrement et agir sur l\u2019action des politiciens professionnels. Les organisations de masse h\u00e9sitaient par le pass\u00e9 \u00e0 mettre en avant des revendications r\u00e9gionales de peur d\u2019\u00eatre tax\u00e9es de r\u00e9gionalistes. Mais de plus en plus, les syndicats et les organisations de la soci\u00e9t\u00e9 civile portent dans le d\u00e9bat public les injustices et les in\u00e9galit\u00e9s r\u00e9gionales dans le d\u00e9veloppement de notre pays.<\/b><\/p>\n<p>C\u2019est ainsi que dans la r\u00e9gion de l\u2019Est, une grande mobilisation a eu lieu pour dire, aux premiers responsables du pays, la col\u00e8re et le m\u00e9contentement que conna\u00eet l\u2019est du pays du fait du manque des routes, de l\u2019ins\u00e9curit\u00e9, de l\u2019absence et de la v\u00e9tust\u00e9 des centres de sant\u00e9 notamment du Centre hospitalier r\u00e9gional qu\u2019une promesse \u00e9lectorale devrait transformer en CHU.<\/p>\n<p>Quelles sont les raisons de cette col\u00e8re ? Comment se manifeste ce sentiment d\u2019abandon et de d\u00e9laissement dans la r\u00e9gion qui est le terreau sur lequel le terrorisme s\u2019implante dans le pays : au nord, au centre nord, au Sahel, dans la Boucle du Mouhoun etc. Comment le pouvoir de Roch Kabor\u00e9 qui se pr\u00e9sente comme celui qui a ax\u00e9 le d\u00e9senclavement comme sa priorit\u00e9 prend-il ses revendications ?<\/p>\n<p>Le gouvernement vient de conna\u00eetre une secousse tellurique dans la r\u00e9gion de l\u2019Est confront\u00e9e \u00e0 l\u2019ins\u00e9curit\u00e9 et \u00e0 diff\u00e9rentes menaces. La manifestation organis\u00e9e par un collectif d\u2019organisations de la soci\u00e9t\u00e9 civile a connu un succ\u00e8s \u00e9clatant malgr\u00e9 les tentatives du pouvoir de la d\u00e9samorcer par une audience pr\u00e9sidentielle, et une rencontre organis\u00e9e par d\u2019autres organisations avec le minist\u00e8re des Infrastructures.<\/p>\n<p>Dans une r\u00e9gion qui fait fronti\u00e8re avec trois pays : le Niger, le Togo et le B\u00e9nin, et qui est la proie d\u2019une lutte pour son contr\u00f4le de la part de deux groupes terroristes : Groupe de soutien \u00e0 l\u2019islam et aux musulmans (GSIM), une franchise de Al Qaeda et l\u2019\u00c9tat islamique au grand Sahara. Une r\u00e9gion o\u00f9 les contrebandiers, les brigands, les bandes criminelles ont le vent en poupe du fait de la for\u00eat. La preuve, l\u2019attaque de journalistes espagnols et un \u00e9cologiste irlandais en tournage d\u2019un film documentaire sur la formation \u00e0 la lutte contre le braconnage qui a fait quatre morts, cette semaine. (Enl\u00e8vement suivi d\u2019ex\u00e9cutions revendiqu\u00e9s par le Groupe de soutien \u00e0 l\u2019islam et aux musulmans(GSIM) de trois occidentaux).<\/p>\n<p>Les immenses r\u00e9serves et parcs naturels et la faible densit\u00e9 de la population offre aux terroristes et autres criminels un sanctuaire naturel, les populations sont entour\u00e9es de dangers qui viennent de partout. Les \u00e9l\u00e9ments naturels comme la for\u00eat, qui devrait \u00eatre des points forts du d\u00e9veloppement sont des sources de risques et des blocages pour l\u2019essor \u00e9conomique et le d\u00e9veloppement humain.<\/p>\n<p>Les contraintes et les d\u00e9fis sont nombreux. Pour que la population ne d\u00e9sesp\u00e8re pas et ne perde pas l\u2019espoir, le mouvement U Gulmu Fi est n\u00e9 et a \u00e9t\u00e9 port\u00e9 sur les fonds baptismaux le 24 avril 2021 par une manifestation monstre. U Gulmu fi, le Gulmu s\u2019est r\u00e9veill\u00e9, le Gulmu s\u2019est lev\u00e9, est le signe que la r\u00e9gion de l\u2019Est est debout et est en marche contre l\u2019ins\u00e9curit\u00e9, l\u2019absence de routes, d\u2019\u00e9coles, de centre de sant\u00e9 etc.<\/p>\n<p><b>Le gouvernement essaie de s\u2019expliquer<\/b><\/p>\n<p>Le gouvernement, par l\u2019entremise du ministre de la sant\u00e9 est all\u00e9 s\u2019expliquer sur ce qu\u2019il fait dans le secteur de la sant\u00e9 et se rendre compte de l\u2019\u00e9tat des lieux qui correspond au diagnostic \u00e9tabli par la soci\u00e9t\u00e9 civile. Mais concernant les routes on ne comprend pas comment se fait-il que le d\u00e9partement des infrastructures qui devrait \u00eatre le \u00ab produit d\u2019appel \u00bb du gouvernement, le secteur de la r\u00e9ussite par l\u2019ampleur des investissements financiers et le nombre des chantiers lanc\u00e9s soit celui qui pose le plus de probl\u00e8mes par le ressenti des populations. Le gouvernement devrait examiner la t\u00eate froide son action dans ce domaine. La reconstruction et le bitumage de la RN4 a \u00e9t\u00e9 lanc\u00e9e avant les \u00e9lections et les travaux n\u2019ont pas encore d\u00e9marr\u00e9, faisant de cette voie un long chapelet de camions en panne.<\/p>\n<p>Comment se fait-il qu\u2019un chantier concernant toujours cette route qui devrait finir en 2017, ne soit toujours pas achev\u00e9 en 2021 ? COGEB International est toujours sur l\u2019am\u00e9nagement de la route nationale 4 en sa partie qui passe devant l\u2019h\u00f4pital Yalgado.<\/p>\n<p>Ce qui est s\u00fbr dans notre pays, il est difficile de convaincre que les p\u00e9nalit\u00e9s de retard de livraison existent, tant les travaux sont achev\u00e9s en retard. La plupart des derniers travaux de routes bitum\u00e9es ont \u00e9t\u00e9 livr\u00e9s en retard. On peut citer D\u00e9dougou- Tougan, Didyr- Tougan, Manga-Zabr\u00e9. En moyenne il nous faut un an pour r\u00e9aliser 22 Km de route goudronn\u00e9e.<\/p>\n<p>Mais le gouvernement et singuli\u00e8rement le minist\u00e8re des Infrastructures n\u2019essaie pas de r\u00e9soudre cette insuffisance dans l\u2019ex\u00e9cution des travaux qui a plusieurs causes comme la conception du projet, la ma\u00eetrise du processus de financement et des exigences des partenaires, et enfin les comp\u00e9tences techniques et financi\u00e8res des prestataires.<\/p>\n<p>Dans le portefeuille de projets annonc\u00e9s il y a la RN 18 Fada Bogand\u00e9 annonc\u00e9 depuis 2019. Toujours en 2019, le minist\u00e8re a annonc\u00e9 la construction et le bitumage de Tougan-Lanfi\u00e9ra-Dii, Dori-Gorom-Gorom, Koundougou-Solenzo, Ouahigouya-Djibo, Tougan\u2013Ouahigouya, Guiba-Garango. Ces effets d\u2019annonce qui mettent du temps \u00e0 se concr\u00e9tiser sont source de col\u00e8re et d\u2019amertume des populations \u00e0 qui on a mis l\u2019eau \u00e0 la bouche et dont la soif n\u2019est pas d\u00e9salt\u00e9r\u00e9e.<\/p>\n<p>Le gouvernement a lanc\u00e9 les travaux de l\u2019autoroute de contournement de la capitale Ouagadougou en 2018, en partenariat public-priv\u00e9 pour un montant de 180 milliards, qui a obtenu un avenant de 30 milliards \u00e0 moins de 50% du taux d\u2019ex\u00e9cution. Ces financements de travaux routiers dans la capitale sont tr\u00e8s importants, alors que des routes tout aussi importantes dans les r\u00e9gions ne sont pas construites ou entretenues comme la RN4, objet de la manifestation dans l\u2019est du pays.<\/p>\n<p>A quelques mois d\u2019\u00e9lections pr\u00e9sidentielles et l\u00e9gislatives remport\u00e9es par le parti au pouvoir et ses alli\u00e9s dans la r\u00e9gion de l\u2019Est, l\u2019importance de cette manifestation doit emmener le pouvoir \u00e0 se concentrer sur sa t\u00e2che et \u00e0 essayer de corriger les fautes de gouvernance, pour retrouver de la cr\u00e9dibilit\u00e9 aupr\u00e8s des populations.<\/p>\n<p><b>Sana Guy<br \/>\n<\/b><\/p>\n","protected":false},"excerpt":{"rendered":"<p>Africa-Press &#8211; Burkina Faso. De nouveaux acteurs investissent le champ politique pour faire la politique autrement et agir sur l\u2019action des politiciens professionnels. Les organisations de masse h\u00e9sitaient par le pass\u00e9 \u00e0 mettre en avant des revendications r\u00e9gionales de peur d\u2019\u00eatre tax\u00e9es de r\u00e9gionalistes. Mais de plus en plus, les syndicats et les organisations de [&hellip;]<\/p>\n","protected":false},"author":82,"featured_media":10888,"comment_status":"open","ping_status":"closed","sticky":false,"template":"","format":"standard","meta":{"footnotes":""},"categories":[11,2,20,10],"tags":[111,725,29],"class_list":["post-10889","post","type-post","status-publish","format-standard","has-post-thumbnail","hentry","category-homepage-french","category-politique","category-top-nouvelles","category-toutes-les-actualites","tag-africa-press","tag-africa-press-burkina-faso","tag-burkina-faso"],"yoast_head":"<!-- This site is optimized with the Yoast SEO Premium plugin v26.1 (Yoast SEO v27.0) - https:\/\/yoast.com\/product\/yoast-seo-premium-wordpress\/ -->\n<title>R\u00e9veil de la r\u00e9gion de l\u2019Est : &quot;U Gulmu fi &quot; demande des comptes au gouvernement - Burkina Faso<\/title>\n<meta name=\"description\" content=\"De nouveaux acteurs investissent le champ politique pour faire la politique autrement et agir sur l\u2019action des politi ...\" \/>\n<meta name=\"robots\" content=\"index, follow, max-snippet:-1, max-image-preview:large, max-video-preview:-1\" \/>\n<link rel=\"canonical\" href=\"https:\/\/www.africa-press.net\/burkina-faso\/politique\/reveil-de-la-region-de-lest-u-gulmu-fi-demande-des-comptes-au-gouvernement\" \/>\n<meta property=\"og:locale\" content=\"fr_FR\" \/>\n<meta property=\"og:type\" content=\"article\" \/>\n<meta property=\"og:title\" content=\"R\u00e9veil de la r\u00e9gion de l\u2019Est : &quot;U Gulmu fi &quot; demande des comptes au gouvernement\" \/>\n<meta property=\"og:description\" content=\"De nouveaux acteurs investissent le champ politique pour faire la politique autrement et agir sur l\u2019action des politi ...\" \/>\n<meta property=\"og:url\" content=\"https:\/\/www.africa-press.net\/burkina-faso\/politique\/reveil-de-la-region-de-lest-u-gulmu-fi-demande-des-comptes-au-gouvernement\" \/>\n<meta property=\"og:site_name\" content=\"Burkina Faso\" \/>\n<meta property=\"article:published_time\" content=\"2021-04-30T13:56:34+00:00\" \/>\n<meta property=\"og:image\" content=\"https:\/\/static.africa-press.net\/burkina\/sites\/42\/2021\/04\/img-608befeadeb2c.jpg\" \/>\n\t<meta property=\"og:image:width\" content=\"720\" \/>\n\t<meta property=\"og:image:height\" content=\"540\" \/>\n\t<meta property=\"og:image:type\" content=\"image\/jpeg\" \/>\n<meta name=\"author\" content=\"cfeditorfr\" \/>\n<meta name=\"twitter:card\" content=\"summary_large_image\" \/>\n<meta name=\"twitter:label1\" content=\"\u00c9crit par\" \/>\n\t<meta name=\"twitter:data1\" content=\"cfeditorfr\" \/>\n\t<meta name=\"twitter:label2\" content=\"Dur\u00e9e de lecture estim\u00e9e\" \/>\n\t<meta name=\"twitter:data2\" content=\"6 minutes\" \/>\n<script type=\"application\/ld+json\" class=\"yoast-schema-graph\">{\"@context\":\"https:\/\/schema.org\",\"@graph\":[{\"@type\":\"Article\",\"@id\":\"https:\/\/www.africa-press.net\/burkina-faso\/politique\/reveil-de-la-region-de-lest-u-gulmu-fi-demande-des-comptes-au-gouvernement#article\",\"isPartOf\":{\"@id\":\"https:\/\/www.africa-press.net\/burkina-faso\/politique\/reveil-de-la-region-de-lest-u-gulmu-fi-demande-des-comptes-au-gouvernement\"},\"author\":{\"name\":\"cfeditorfr\",\"@id\":\"https:\/\/www.africa-press.net\/burkina-faso\/#\/schema\/person\/2b1cf3cd81a31e3cd26889ca66d677f1\"},\"headline\":\"R\u00e9veil de la r\u00e9gion de l\u2019Est : \u00ab\u00a0U Gulmu fi \u00a0\u00bb demande des comptes au gouvernement\",\"datePublished\":\"2021-04-30T13:56:34+00:00\",\"mainEntityOfPage\":{\"@id\":\"https:\/\/www.africa-press.net\/burkina-faso\/politique\/reveil-de-la-region-de-lest-u-gulmu-fi-demande-des-comptes-au-gouvernement\"},\"wordCount\":1161,\"commentCount\":0,\"image\":{\"@id\":\"https:\/\/www.africa-press.net\/burkina-faso\/politique\/reveil-de-la-region-de-lest-u-gulmu-fi-demande-des-comptes-au-gouvernement#primaryimage\"},\"thumbnailUrl\":\"https:\/\/static.africa-press.net\/burkina\/sites\/42\/2021\/04\/img-608befeadeb2c.jpg\",\"keywords\":[\"Africa Press\",\"Africa Press-Burkina Faso\",\"Burkina Faso\"],\"articleSection\":[\"homepage-french\",\"Politique\",\"Top Nouvelles\",\"Toutes les actualit\u00e9s\"],\"inLanguage\":\"fr-FR\",\"potentialAction\":[{\"@type\":\"CommentAction\",\"name\":\"Comment\",\"target\":[\"https:\/\/www.africa-press.net\/burkina-faso\/politique\/reveil-de-la-region-de-lest-u-gulmu-fi-demande-des-comptes-au-gouvernement#respond\"]}]},{\"@type\":\"WebPage\",\"@id\":\"https:\/\/www.africa-press.net\/burkina-faso\/politique\/reveil-de-la-region-de-lest-u-gulmu-fi-demande-des-comptes-au-gouvernement\",\"url\":\"https:\/\/www.africa-press.net\/burkina-faso\/politique\/reveil-de-la-region-de-lest-u-gulmu-fi-demande-des-comptes-au-gouvernement\",\"name\":\"R\u00e9veil de la r\u00e9gion de l\u2019Est : \\\"U Gulmu fi \\\" demande des comptes au gouvernement - Burkina Faso\",\"isPartOf\":{\"@id\":\"https:\/\/www.africa-press.net\/burkina-faso\/#website\"},\"primaryImageOfPage\":{\"@id\":\"https:\/\/www.africa-press.net\/burkina-faso\/politique\/reveil-de-la-region-de-lest-u-gulmu-fi-demande-des-comptes-au-gouvernement#primaryimage\"},\"image\":{\"@id\":\"https:\/\/www.africa-press.net\/burkina-faso\/politique\/reveil-de-la-region-de-lest-u-gulmu-fi-demande-des-comptes-au-gouvernement#primaryimage\"},\"thumbnailUrl\":\"https:\/\/static.africa-press.net\/burkina\/sites\/42\/2021\/04\/img-608befeadeb2c.jpg\",\"datePublished\":\"2021-04-30T13:56:34+00:00\",\"author\":{\"@id\":\"https:\/\/www.africa-press.net\/burkina-faso\/#\/schema\/person\/2b1cf3cd81a31e3cd26889ca66d677f1\"},\"description\":\"De nouveaux acteurs investissent le champ politique pour faire la politique autrement et agir sur l\u2019action des politi ...\",\"breadcrumb\":{\"@id\":\"https:\/\/www.africa-press.net\/burkina-faso\/politique\/reveil-de-la-region-de-lest-u-gulmu-fi-demande-des-comptes-au-gouvernement#breadcrumb\"},\"inLanguage\":\"fr-FR\",\"potentialAction\":[{\"@type\":\"ReadAction\",\"target\":[\"https:\/\/www.africa-press.net\/burkina-faso\/politique\/reveil-de-la-region-de-lest-u-gulmu-fi-demande-des-comptes-au-gouvernement\"]}]},{\"@type\":\"ImageObject\",\"inLanguage\":\"fr-FR\",\"@id\":\"https:\/\/www.africa-press.net\/burkina-faso\/politique\/reveil-de-la-region-de-lest-u-gulmu-fi-demande-des-comptes-au-gouvernement#primaryimage\",\"url\":\"https:\/\/static.africa-press.net\/burkina\/sites\/42\/2021\/04\/img-608befeadeb2c.jpg\",\"contentUrl\":\"https:\/\/static.africa-press.net\/burkina\/sites\/42\/2021\/04\/img-608befeadeb2c.jpg\",\"width\":720,\"height\":540,\"caption\":\"R\u00e9veil de la r\u00e9gion de l\u2019Est : \\\"U Gulmu fi \\\" demande des comptes au gouvernement\"},{\"@type\":\"BreadcrumbList\",\"@id\":\"https:\/\/www.africa-press.net\/burkina-faso\/politique\/reveil-de-la-region-de-lest-u-gulmu-fi-demande-des-comptes-au-gouvernement#breadcrumb\",\"itemListElement\":[{\"@type\":\"ListItem\",\"position\":1,\"name\":\"Accueil\",\"item\":\"https:\/\/www.africa-press.net\/burkina-faso\/\"},{\"@type\":\"ListItem\",\"position\":2,\"name\":\"R\u00e9veil de la r\u00e9gion de l\u2019Est : &#8220;U Gulmu fi &#8221; demande des comptes au gouvernement\"}]},{\"@type\":\"WebSite\",\"@id\":\"https:\/\/www.africa-press.net\/burkina-faso\/#website\",\"url\":\"https:\/\/www.africa-press.net\/burkina-faso\/\",\"name\":\"Burkina Faso\",\"description\":\"Just another Africa News Agency Sites site\",\"potentialAction\":[{\"@type\":\"SearchAction\",\"target\":{\"@type\":\"EntryPoint\",\"urlTemplate\":\"https:\/\/www.africa-press.net\/burkina-faso\/?s={search_term_string}\"},\"query-input\":{\"@type\":\"PropertyValueSpecification\",\"valueRequired\":true,\"valueName\":\"search_term_string\"}}],\"inLanguage\":\"fr-FR\"},{\"@type\":\"Person\",\"@id\":\"https:\/\/www.africa-press.net\/burkina-faso\/#\/schema\/person\/2b1cf3cd81a31e3cd26889ca66d677f1\",\"name\":\"cfeditorfr\"}]}<\/script>\n<!-- \/ Yoast SEO Premium plugin. -->","yoast_head_json":{"title":"R\u00e9veil de la r\u00e9gion de l\u2019Est : \"U Gulmu fi \" demande des comptes au gouvernement - Burkina Faso","description":"De nouveaux acteurs investissent le champ politique pour faire la politique autrement et agir sur l\u2019action des politi ...","robots":{"index":"index","follow":"follow","max-snippet":"max-snippet:-1","max-image-preview":"max-image-preview:large","max-video-preview":"max-video-preview:-1"},"canonical":"https:\/\/www.africa-press.net\/burkina-faso\/politique\/reveil-de-la-region-de-lest-u-gulmu-fi-demande-des-comptes-au-gouvernement","og_locale":"fr_FR","og_type":"article","og_title":"R\u00e9veil de la r\u00e9gion de l\u2019Est : \"U Gulmu fi \" demande des comptes au gouvernement","og_description":"De nouveaux acteurs investissent le champ politique pour faire la politique autrement et agir sur l\u2019action des politi ...","og_url":"https:\/\/www.africa-press.net\/burkina-faso\/politique\/reveil-de-la-region-de-lest-u-gulmu-fi-demande-des-comptes-au-gouvernement","og_site_name":"Burkina Faso","article_published_time":"2021-04-30T13:56:34+00:00","og_image":[{"width":720,"height":540,"url":"https:\/\/static.africa-press.net\/burkina\/sites\/42\/2021\/04\/img-608befeadeb2c.jpg","type":"image\/jpeg"}],"author":"cfeditorfr","twitter_card":"summary_large_image","twitter_misc":{"\u00c9crit par":"cfeditorfr","Dur\u00e9e de lecture estim\u00e9e":"6 minutes"},"schema":{"@context":"https:\/\/schema.org","@graph":[{"@type":"Article","@id":"https:\/\/www.africa-press.net\/burkina-faso\/politique\/reveil-de-la-region-de-lest-u-gulmu-fi-demande-des-comptes-au-gouvernement#article","isPartOf":{"@id":"https:\/\/www.africa-press.net\/burkina-faso\/politique\/reveil-de-la-region-de-lest-u-gulmu-fi-demande-des-comptes-au-gouvernement"},"author":{"name":"cfeditorfr","@id":"https:\/\/www.africa-press.net\/burkina-faso\/#\/schema\/person\/2b1cf3cd81a31e3cd26889ca66d677f1"},"headline":"R\u00e9veil de la r\u00e9gion de l\u2019Est : \u00ab\u00a0U Gulmu fi \u00a0\u00bb demande des comptes au gouvernement","datePublished":"2021-04-30T13:56:34+00:00","mainEntityOfPage":{"@id":"https:\/\/www.africa-press.net\/burkina-faso\/politique\/reveil-de-la-region-de-lest-u-gulmu-fi-demande-des-comptes-au-gouvernement"},"wordCount":1161,"commentCount":0,"image":{"@id":"https:\/\/www.africa-press.net\/burkina-faso\/politique\/reveil-de-la-region-de-lest-u-gulmu-fi-demande-des-comptes-au-gouvernement#primaryimage"},"thumbnailUrl":"https:\/\/static.africa-press.net\/burkina\/sites\/42\/2021\/04\/img-608befeadeb2c.jpg","keywords":["Africa Press","Africa Press-Burkina Faso","Burkina Faso"],"articleSection":["homepage-french","Politique","Top Nouvelles","Toutes les actualit\u00e9s"],"inLanguage":"fr-FR","potentialAction":[{"@type":"CommentAction","name":"Comment","target":["https:\/\/www.africa-press.net\/burkina-faso\/politique\/reveil-de-la-region-de-lest-u-gulmu-fi-demande-des-comptes-au-gouvernement#respond"]}]},{"@type":"WebPage","@id":"https:\/\/www.africa-press.net\/burkina-faso\/politique\/reveil-de-la-region-de-lest-u-gulmu-fi-demande-des-comptes-au-gouvernement","url":"https:\/\/www.africa-press.net\/burkina-faso\/politique\/reveil-de-la-region-de-lest-u-gulmu-fi-demande-des-comptes-au-gouvernement","name":"R\u00e9veil de la r\u00e9gion de l\u2019Est : \"U Gulmu fi \" demande des comptes au gouvernement - Burkina Faso","isPartOf":{"@id":"https:\/\/www.africa-press.net\/burkina-faso\/#website"},"primaryImageOfPage":{"@id":"https:\/\/www.africa-press.net\/burkina-faso\/politique\/reveil-de-la-region-de-lest-u-gulmu-fi-demande-des-comptes-au-gouvernement#primaryimage"},"image":{"@id":"https:\/\/www.africa-press.net\/burkina-faso\/politique\/reveil-de-la-region-de-lest-u-gulmu-fi-demande-des-comptes-au-gouvernement#primaryimage"},"thumbnailUrl":"https:\/\/static.africa-press.net\/burkina\/sites\/42\/2021\/04\/img-608befeadeb2c.jpg","datePublished":"2021-04-30T13:56:34+00:00","author":{"@id":"https:\/\/www.africa-press.net\/burkina-faso\/#\/schema\/person\/2b1cf3cd81a31e3cd26889ca66d677f1"},"description":"De nouveaux acteurs investissent le champ politique pour faire la politique autrement et agir sur l\u2019action des politi ...","breadcrumb":{"@id":"https:\/\/www.africa-press.net\/burkina-faso\/politique\/reveil-de-la-region-de-lest-u-gulmu-fi-demande-des-comptes-au-gouvernement#breadcrumb"},"inLanguage":"fr-FR","potentialAction":[{"@type":"ReadAction","target":["https:\/\/www.africa-press.net\/burkina-faso\/politique\/reveil-de-la-region-de-lest-u-gulmu-fi-demande-des-comptes-au-gouvernement"]}]},{"@type":"ImageObject","inLanguage":"fr-FR","@id":"https:\/\/www.africa-press.net\/burkina-faso\/politique\/reveil-de-la-region-de-lest-u-gulmu-fi-demande-des-comptes-au-gouvernement#primaryimage","url":"https:\/\/static.africa-press.net\/burkina\/sites\/42\/2021\/04\/img-608befeadeb2c.jpg","contentUrl":"https:\/\/static.africa-press.net\/burkina\/sites\/42\/2021\/04\/img-608befeadeb2c.jpg","width":720,"height":540,"caption":"R\u00e9veil de la r\u00e9gion de l\u2019Est : \"U Gulmu fi \" demande des comptes au gouvernement"},{"@type":"BreadcrumbList","@id":"https:\/\/www.africa-press.net\/burkina-faso\/politique\/reveil-de-la-region-de-lest-u-gulmu-fi-demande-des-comptes-au-gouvernement#breadcrumb","itemListElement":[{"@type":"ListItem","position":1,"name":"Accueil","item":"https:\/\/www.africa-press.net\/burkina-faso\/"},{"@type":"ListItem","position":2,"name":"R\u00e9veil de la r\u00e9gion de l\u2019Est : &#8220;U Gulmu fi &#8221; demande des comptes au gouvernement"}]},{"@type":"WebSite","@id":"https:\/\/www.africa-press.net\/burkina-faso\/#website","url":"https:\/\/www.africa-press.net\/burkina-faso\/","name":"Burkina Faso","description":"Just another Africa News Agency Sites site","potentialAction":[{"@type":"SearchAction","target":{"@type":"EntryPoint","urlTemplate":"https:\/\/www.africa-press.net\/burkina-faso\/?s={search_term_string}"},"query-input":{"@type":"PropertyValueSpecification","valueRequired":true,"valueName":"search_term_string"}}],"inLanguage":"fr-FR"},{"@type":"Person","@id":"https:\/\/www.africa-press.net\/burkina-faso\/#\/schema\/person\/2b1cf3cd81a31e3cd26889ca66d677f1","name":"cfeditorfr"}]}},"_links":{"self":[{"href":"https:\/\/www.africa-press.net\/burkina-faso\/wp-json\/wp\/v2\/posts\/10889","targetHints":{"allow":["GET"]}}],"collection":[{"href":"https:\/\/www.africa-press.net\/burkina-faso\/wp-json\/wp\/v2\/posts"}],"about":[{"href":"https:\/\/www.africa-press.net\/burkina-faso\/wp-json\/wp\/v2\/types\/post"}],"author":[{"embeddable":true,"href":"https:\/\/www.africa-press.net\/burkina-faso\/wp-json\/wp\/v2\/users\/82"}],"replies":[{"embeddable":true,"href":"https:\/\/www.africa-press.net\/burkina-faso\/wp-json\/wp\/v2\/comments?post=10889"}],"version-history":[{"count":0,"href":"https:\/\/www.africa-press.net\/burkina-faso\/wp-json\/wp\/v2\/posts\/10889\/revisions"}],"wp:featuredmedia":[{"embeddable":true,"href":"https:\/\/www.africa-press.net\/burkina-faso\/wp-json\/wp\/v2\/media\/10888"}],"wp:attachment":[{"href":"https:\/\/www.africa-press.net\/burkina-faso\/wp-json\/wp\/v2\/media?parent=10889"}],"wp:term":[{"taxonomy":"category","embeddable":true,"href":"https:\/\/www.africa-press.net\/burkina-faso\/wp-json\/wp\/v2\/categories?post=10889"},{"taxonomy":"post_tag","embeddable":true,"href":"https:\/\/www.africa-press.net\/burkina-faso\/wp-json\/wp\/v2\/tags?post=10889"}],"curies":[{"name":"wp","href":"https:\/\/api.w.org\/{rel}","templated":true}]}}