{"id":10892,"date":"2021-04-30T14:02:29","date_gmt":"2021-04-30T14:02:29","guid":{"rendered":"https:\/\/www.africa-press.net\/burkina-faso\/?p=10892"},"modified":"2021-04-30T13:33:49","modified_gmt":"2021-04-30T13:33:49","slug":"assises-sur-leducation-au-burkina-faso-huis-clos-entre-le-ministre-et-les-syndicats","status":"publish","type":"post","link":"https:\/\/www.africa-press.net\/burkina-faso\/toutes-les-actualites\/assises-sur-leducation-au-burkina-faso-huis-clos-entre-le-ministre-et-les-syndicats","title":{"rendered":"Assises sur l\u2019\u00e9ducation au Burkina Faso\u00a0: Huis clos entre le ministre et les syndicats"},"content":{"rendered":"<p><span style=\"color: #ff6600\"><strong><a href=\"https:\/\/www.africa-press.net\/\">Africa-Press<\/a> &#8211; <a href=\"https:\/\/www.africa-press.net\/burkina-faso\">Burkina Faso<\/a>. <\/strong><\/span>Le ministre de l\u2019\u00e9ducation nationale, de l\u2019alphab\u00e9tisation et de la promotion des langues nationales, le Pr Stanislas Ouaro a rencontr\u00e9 les syndicats pour discuter de la tenue des assises nationales sur l\u2019\u00e9ducation. L\u2019activit\u00e9 a eu lieu ce jeudi 29 avril 2021 \u00e0 Ouagadougou.<\/p>\n<p>A l\u2019or\u00e9e des assises nationales sur l\u2019\u00e9ducation, le Pr Stanislas Ouaro veut associer tous les acteurs du monde \u00e9ducatif. Et c\u2019est dans cette logique qu\u2019il a rencontr\u00e9 les repr\u00e9sentants des diff\u00e9rents syndicats de l\u2019\u00e9ducation afin de discuter de l\u2019organisation desdites assises. C\u2019est donc une rencontre \u00e0 huis clos qui a r\u00e9uni les deux parties.<\/p>\n<p>A la sortie des \u00e9changes, ils ont indiqu\u00e9 que les discussions ont port\u00e9 sur les pr\u00e9paratifs des assises nationales sur l\u2019\u00e9ducation et la pr\u00e9sentation des commissions de r\u00e9flexion sur les probl\u00e8mes qui minent le monde de l\u2019\u00e9ducation.<\/p>\n<p>Pour le ministre en charge de l\u2019\u00e9ducation, l\u2019implication des syndicats est \u00e0 saluer. Selon ses dires, cette participation est significative. De leur c\u00f4t\u00e9, les partenaires sociaux ont \u00e9galement appr\u00e9ci\u00e9 la d\u00e9marche du d\u00e9partement du Pr Stanislas Ouaro. Pour Pierre Zangr\u00e9, secr\u00e9taire g\u00e9n\u00e9ral du syndicat national des encadreurs p\u00e9dagogiques du Burkina, c\u2019est une d\u00e9marche \u00ab participative qui va permettre \u00e0 l\u2019ensemble de la communaut\u00e9 \u00e9ducative de r\u00e9fl\u00e9chir sur les probl\u00e8mes qui minent notre syst\u00e8me \u00e9ducatif \u00bb.<\/p>\n<p>Cependant, les attentes des syndicats pour ces assises nationales sur l\u2019\u00e9ducation sont nombreuses. Ils esp\u00e8rent qu\u2019elles permettront de d\u00e9gager des pistes de solution aux probl\u00e8mes tels que le syst\u00e8me \u00e9ducatif en d\u00e9su\u00e9tude, les difficult\u00e9s li\u00e9es au reclassement des travailleurs de l\u2019\u00e9ducation et les difficult\u00e9s de financement du syst\u00e8me.<\/p>\n<p>Ils ont sugg\u00e9r\u00e9 \u00e9galement que les capacit\u00e9s des acteurs de l\u2019\u00e9ducation soient renforc\u00e9es et que les syndicats soient significativement impliqu\u00e9s dans l\u2019organisation de ces assises nationales.<\/p>\n<p>Il faut noter que pendant que les discussions se m\u00e8nent autour des assises nationales, les \u00e9l\u00e8ves des diff\u00e9rents \u00e9tablissements de la ville ont battu le pav\u00e9 pour d\u00e9noncer les r\u00e9formes entreprises par le minist\u00e8re de l\u2019\u00e9ducation nationale. Le ministre pour sa part a r\u00e9affirm\u00e9 que les reformes se poursuivront. Sanata GANSAGNE (stagiaire)<\/p>\n","protected":false},"excerpt":{"rendered":"<p>Africa-Press &#8211; Burkina Faso. Le ministre de l\u2019\u00e9ducation nationale, de l\u2019alphab\u00e9tisation et de la promotion des langues nationales, le Pr Stanislas Ouaro a rencontr\u00e9 les syndicats pour discuter de la tenue des assises nationales sur l\u2019\u00e9ducation. L\u2019activit\u00e9 a eu lieu ce jeudi 29 avril 2021 \u00e0 Ouagadougou. A l\u2019or\u00e9e des assises nationales sur l\u2019\u00e9ducation, le [&hellip;]<\/p>\n","protected":false},"author":82,"featured_media":10891,"comment_status":"open","ping_status":"closed","sticky":false,"template":"","format":"standard","meta":{"footnotes":""},"categories":[21,11,10],"tags":[111,725,29],"class_list":["post-10892","post","type-post","status-publish","format-standard","has-post-thumbnail","hentry","category-communaute","category-homepage-french","category-toutes-les-actualites","tag-africa-press","tag-africa-press-burkina-faso","tag-burkina-faso"],"yoast_head":"<!-- This site is optimized with the Yoast SEO Premium plugin v26.1 (Yoast SEO v27.0) - https:\/\/yoast.com\/product\/yoast-seo-premium-wordpress\/ -->\n<title>Assises sur l\u2019\u00e9ducation au Burkina Faso\u00a0: Huis clos entre le ministre et les syndicats - Burkina Faso<\/title>\n<meta name=\"description\" content=\"Le ministre de l\u2019\u00e9ducation nationale, de l\u2019alphab\u00e9tisation et de la promotion des langues nationales, le Pr Stanislas Ou ...\" \/>\n<meta name=\"robots\" content=\"index, follow, max-snippet:-1, max-image-preview:large, max-video-preview:-1\" \/>\n<link rel=\"canonical\" href=\"https:\/\/www.africa-press.net\/burkina-faso\/toutes-les-actualites\/assises-sur-leducation-au-burkina-faso-huis-clos-entre-le-ministre-et-les-syndicats\" \/>\n<meta property=\"og:locale\" content=\"fr_FR\" \/>\n<meta property=\"og:type\" content=\"article\" \/>\n<meta property=\"og:title\" content=\"Assises sur l\u2019\u00e9ducation au Burkina Faso\u00a0: Huis clos entre le ministre et les syndicats\" \/>\n<meta property=\"og:description\" content=\"Le ministre de l\u2019\u00e9ducation nationale, de l\u2019alphab\u00e9tisation et de la promotion des langues nationales, le Pr Stanislas Ou ...\" \/>\n<meta property=\"og:url\" content=\"https:\/\/www.africa-press.net\/burkina-faso\/toutes-les-actualites\/assises-sur-leducation-au-burkina-faso-huis-clos-entre-le-ministre-et-les-syndicats\" \/>\n<meta property=\"og:site_name\" content=\"Burkina Faso\" \/>\n<meta property=\"article:published_time\" content=\"2021-04-30T14:02:29+00:00\" \/>\n<meta property=\"og:image\" content=\"https:\/\/static.africa-press.net\/burkina\/sites\/42\/2021\/04\/img-608bf021f41e9.jpg\" \/>\n\t<meta property=\"og:image:width\" content=\"1024\" \/>\n\t<meta property=\"og:image:height\" content=\"663\" \/>\n\t<meta property=\"og:image:type\" content=\"image\/jpeg\" \/>\n<meta name=\"author\" content=\"cfeditorfr\" \/>\n<meta name=\"twitter:card\" content=\"summary_large_image\" \/>\n<meta name=\"twitter:label1\" content=\"\u00c9crit par\" \/>\n\t<meta name=\"twitter:data1\" content=\"cfeditorfr\" \/>\n\t<meta name=\"twitter:label2\" content=\"Dur\u00e9e de lecture estim\u00e9e\" \/>\n\t<meta name=\"twitter:data2\" content=\"2 minutes\" \/>\n<script type=\"application\/ld+json\" class=\"yoast-schema-graph\">{\"@context\":\"https:\/\/schema.org\",\"@graph\":[{\"@type\":\"Article\",\"@id\":\"https:\/\/www.africa-press.net\/burkina-faso\/toutes-les-actualites\/assises-sur-leducation-au-burkina-faso-huis-clos-entre-le-ministre-et-les-syndicats#article\",\"isPartOf\":{\"@id\":\"https:\/\/www.africa-press.net\/burkina-faso\/toutes-les-actualites\/assises-sur-leducation-au-burkina-faso-huis-clos-entre-le-ministre-et-les-syndicats\"},\"author\":{\"name\":\"cfeditorfr\",\"@id\":\"https:\/\/www.africa-press.net\/burkina-faso\/#\/schema\/person\/2b1cf3cd81a31e3cd26889ca66d677f1\"},\"headline\":\"Assises sur l\u2019\u00e9ducation au Burkina Faso\u00a0: Huis clos entre le ministre et les syndicats\",\"datePublished\":\"2021-04-30T14:02:29+00:00\",\"mainEntityOfPage\":{\"@id\":\"https:\/\/www.africa-press.net\/burkina-faso\/toutes-les-actualites\/assises-sur-leducation-au-burkina-faso-huis-clos-entre-le-ministre-et-les-syndicats\"},\"wordCount\":412,\"commentCount\":0,\"image\":{\"@id\":\"https:\/\/www.africa-press.net\/burkina-faso\/toutes-les-actualites\/assises-sur-leducation-au-burkina-faso-huis-clos-entre-le-ministre-et-les-syndicats#primaryimage\"},\"thumbnailUrl\":\"https:\/\/static.africa-press.net\/burkina\/sites\/42\/2021\/04\/img-608bf021f41e9.jpg\",\"keywords\":[\"Africa Press\",\"Africa Press-Burkina Faso\",\"Burkina Faso\"],\"articleSection\":[\"Communaut\u00e9\",\"homepage-french\",\"Toutes les actualit\u00e9s\"],\"inLanguage\":\"fr-FR\",\"potentialAction\":[{\"@type\":\"CommentAction\",\"name\":\"Comment\",\"target\":[\"https:\/\/www.africa-press.net\/burkina-faso\/toutes-les-actualites\/assises-sur-leducation-au-burkina-faso-huis-clos-entre-le-ministre-et-les-syndicats#respond\"]}]},{\"@type\":\"WebPage\",\"@id\":\"https:\/\/www.africa-press.net\/burkina-faso\/toutes-les-actualites\/assises-sur-leducation-au-burkina-faso-huis-clos-entre-le-ministre-et-les-syndicats\",\"url\":\"https:\/\/www.africa-press.net\/burkina-faso\/toutes-les-actualites\/assises-sur-leducation-au-burkina-faso-huis-clos-entre-le-ministre-et-les-syndicats\",\"name\":\"Assises sur l\u2019\u00e9ducation au Burkina Faso\u00a0: Huis clos entre le ministre et les syndicats - Burkina Faso\",\"isPartOf\":{\"@id\":\"https:\/\/www.africa-press.net\/burkina-faso\/#website\"},\"primaryImageOfPage\":{\"@id\":\"https:\/\/www.africa-press.net\/burkina-faso\/toutes-les-actualites\/assises-sur-leducation-au-burkina-faso-huis-clos-entre-le-ministre-et-les-syndicats#primaryimage\"},\"image\":{\"@id\":\"https:\/\/www.africa-press.net\/burkina-faso\/toutes-les-actualites\/assises-sur-leducation-au-burkina-faso-huis-clos-entre-le-ministre-et-les-syndicats#primaryimage\"},\"thumbnailUrl\":\"https:\/\/static.africa-press.net\/burkina\/sites\/42\/2021\/04\/img-608bf021f41e9.jpg\",\"datePublished\":\"2021-04-30T14:02:29+00:00\",\"author\":{\"@id\":\"https:\/\/www.africa-press.net\/burkina-faso\/#\/schema\/person\/2b1cf3cd81a31e3cd26889ca66d677f1\"},\"description\":\"Le ministre de l\u2019\u00e9ducation nationale, de l\u2019alphab\u00e9tisation et de la promotion des langues nationales, le Pr Stanislas Ou ...\",\"breadcrumb\":{\"@id\":\"https:\/\/www.africa-press.net\/burkina-faso\/toutes-les-actualites\/assises-sur-leducation-au-burkina-faso-huis-clos-entre-le-ministre-et-les-syndicats#breadcrumb\"},\"inLanguage\":\"fr-FR\",\"potentialAction\":[{\"@type\":\"ReadAction\",\"target\":[\"https:\/\/www.africa-press.net\/burkina-faso\/toutes-les-actualites\/assises-sur-leducation-au-burkina-faso-huis-clos-entre-le-ministre-et-les-syndicats\"]}]},{\"@type\":\"ImageObject\",\"inLanguage\":\"fr-FR\",\"@id\":\"https:\/\/www.africa-press.net\/burkina-faso\/toutes-les-actualites\/assises-sur-leducation-au-burkina-faso-huis-clos-entre-le-ministre-et-les-syndicats#primaryimage\",\"url\":\"https:\/\/static.africa-press.net\/burkina\/sites\/42\/2021\/04\/img-608bf021f41e9.jpg\",\"contentUrl\":\"https:\/\/static.africa-press.net\/burkina\/sites\/42\/2021\/04\/img-608bf021f41e9.jpg\",\"width\":1024,\"height\":663,\"caption\":\"Assises sur l\u2019\u00e9ducation au Burkina Faso\u00a0: Huis clos entre le ministre et les syndicats\"},{\"@type\":\"BreadcrumbList\",\"@id\":\"https:\/\/www.africa-press.net\/burkina-faso\/toutes-les-actualites\/assises-sur-leducation-au-burkina-faso-huis-clos-entre-le-ministre-et-les-syndicats#breadcrumb\",\"itemListElement\":[{\"@type\":\"ListItem\",\"position\":1,\"name\":\"Accueil\",\"item\":\"https:\/\/www.africa-press.net\/burkina-faso\/\"},{\"@type\":\"ListItem\",\"position\":2,\"name\":\"Assises sur l\u2019\u00e9ducation au Burkina Faso\u00a0: Huis clos entre le ministre et les syndicats\"}]},{\"@type\":\"WebSite\",\"@id\":\"https:\/\/www.africa-press.net\/burkina-faso\/#website\",\"url\":\"https:\/\/www.africa-press.net\/burkina-faso\/\",\"name\":\"Burkina Faso\",\"description\":\"Just another Africa News Agency Sites site\",\"potentialAction\":[{\"@type\":\"SearchAction\",\"target\":{\"@type\":\"EntryPoint\",\"urlTemplate\":\"https:\/\/www.africa-press.net\/burkina-faso\/?s={search_term_string}\"},\"query-input\":{\"@type\":\"PropertyValueSpecification\",\"valueRequired\":true,\"valueName\":\"search_term_string\"}}],\"inLanguage\":\"fr-FR\"},{\"@type\":\"Person\",\"@id\":\"https:\/\/www.africa-press.net\/burkina-faso\/#\/schema\/person\/2b1cf3cd81a31e3cd26889ca66d677f1\",\"name\":\"cfeditorfr\"}]}<\/script>\n<!-- \/ Yoast SEO Premium plugin. -->","yoast_head_json":{"title":"Assises sur l\u2019\u00e9ducation au Burkina Faso\u00a0: Huis clos entre le ministre et les syndicats - Burkina Faso","description":"Le ministre de l\u2019\u00e9ducation nationale, de l\u2019alphab\u00e9tisation et de la promotion des langues nationales, le Pr Stanislas Ou ...","robots":{"index":"index","follow":"follow","max-snippet":"max-snippet:-1","max-image-preview":"max-image-preview:large","max-video-preview":"max-video-preview:-1"},"canonical":"https:\/\/www.africa-press.net\/burkina-faso\/toutes-les-actualites\/assises-sur-leducation-au-burkina-faso-huis-clos-entre-le-ministre-et-les-syndicats","og_locale":"fr_FR","og_type":"article","og_title":"Assises sur l\u2019\u00e9ducation au Burkina Faso\u00a0: Huis clos entre le ministre et les syndicats","og_description":"Le ministre de l\u2019\u00e9ducation nationale, de l\u2019alphab\u00e9tisation et de la promotion des langues nationales, le Pr Stanislas Ou ...","og_url":"https:\/\/www.africa-press.net\/burkina-faso\/toutes-les-actualites\/assises-sur-leducation-au-burkina-faso-huis-clos-entre-le-ministre-et-les-syndicats","og_site_name":"Burkina Faso","article_published_time":"2021-04-30T14:02:29+00:00","og_image":[{"width":1024,"height":663,"url":"https:\/\/static.africa-press.net\/burkina\/sites\/42\/2021\/04\/img-608bf021f41e9.jpg","type":"image\/jpeg"}],"author":"cfeditorfr","twitter_card":"summary_large_image","twitter_misc":{"\u00c9crit par":"cfeditorfr","Dur\u00e9e de lecture estim\u00e9e":"2 minutes"},"schema":{"@context":"https:\/\/schema.org","@graph":[{"@type":"Article","@id":"https:\/\/www.africa-press.net\/burkina-faso\/toutes-les-actualites\/assises-sur-leducation-au-burkina-faso-huis-clos-entre-le-ministre-et-les-syndicats#article","isPartOf":{"@id":"https:\/\/www.africa-press.net\/burkina-faso\/toutes-les-actualites\/assises-sur-leducation-au-burkina-faso-huis-clos-entre-le-ministre-et-les-syndicats"},"author":{"name":"cfeditorfr","@id":"https:\/\/www.africa-press.net\/burkina-faso\/#\/schema\/person\/2b1cf3cd81a31e3cd26889ca66d677f1"},"headline":"Assises sur l\u2019\u00e9ducation au Burkina Faso\u00a0: Huis clos entre le ministre et les syndicats","datePublished":"2021-04-30T14:02:29+00:00","mainEntityOfPage":{"@id":"https:\/\/www.africa-press.net\/burkina-faso\/toutes-les-actualites\/assises-sur-leducation-au-burkina-faso-huis-clos-entre-le-ministre-et-les-syndicats"},"wordCount":412,"commentCount":0,"image":{"@id":"https:\/\/www.africa-press.net\/burkina-faso\/toutes-les-actualites\/assises-sur-leducation-au-burkina-faso-huis-clos-entre-le-ministre-et-les-syndicats#primaryimage"},"thumbnailUrl":"https:\/\/static.africa-press.net\/burkina\/sites\/42\/2021\/04\/img-608bf021f41e9.jpg","keywords":["Africa Press","Africa Press-Burkina Faso","Burkina Faso"],"articleSection":["Communaut\u00e9","homepage-french","Toutes les actualit\u00e9s"],"inLanguage":"fr-FR","potentialAction":[{"@type":"CommentAction","name":"Comment","target":["https:\/\/www.africa-press.net\/burkina-faso\/toutes-les-actualites\/assises-sur-leducation-au-burkina-faso-huis-clos-entre-le-ministre-et-les-syndicats#respond"]}]},{"@type":"WebPage","@id":"https:\/\/www.africa-press.net\/burkina-faso\/toutes-les-actualites\/assises-sur-leducation-au-burkina-faso-huis-clos-entre-le-ministre-et-les-syndicats","url":"https:\/\/www.africa-press.net\/burkina-faso\/toutes-les-actualites\/assises-sur-leducation-au-burkina-faso-huis-clos-entre-le-ministre-et-les-syndicats","name":"Assises sur l\u2019\u00e9ducation au Burkina Faso\u00a0: Huis clos entre le ministre et les syndicats - Burkina Faso","isPartOf":{"@id":"https:\/\/www.africa-press.net\/burkina-faso\/#website"},"primaryImageOfPage":{"@id":"https:\/\/www.africa-press.net\/burkina-faso\/toutes-les-actualites\/assises-sur-leducation-au-burkina-faso-huis-clos-entre-le-ministre-et-les-syndicats#primaryimage"},"image":{"@id":"https:\/\/www.africa-press.net\/burkina-faso\/toutes-les-actualites\/assises-sur-leducation-au-burkina-faso-huis-clos-entre-le-ministre-et-les-syndicats#primaryimage"},"thumbnailUrl":"https:\/\/static.africa-press.net\/burkina\/sites\/42\/2021\/04\/img-608bf021f41e9.jpg","datePublished":"2021-04-30T14:02:29+00:00","author":{"@id":"https:\/\/www.africa-press.net\/burkina-faso\/#\/schema\/person\/2b1cf3cd81a31e3cd26889ca66d677f1"},"description":"Le ministre de l\u2019\u00e9ducation nationale, de l\u2019alphab\u00e9tisation et de la promotion des langues nationales, le Pr Stanislas Ou ...","breadcrumb":{"@id":"https:\/\/www.africa-press.net\/burkina-faso\/toutes-les-actualites\/assises-sur-leducation-au-burkina-faso-huis-clos-entre-le-ministre-et-les-syndicats#breadcrumb"},"inLanguage":"fr-FR","potentialAction":[{"@type":"ReadAction","target":["https:\/\/www.africa-press.net\/burkina-faso\/toutes-les-actualites\/assises-sur-leducation-au-burkina-faso-huis-clos-entre-le-ministre-et-les-syndicats"]}]},{"@type":"ImageObject","inLanguage":"fr-FR","@id":"https:\/\/www.africa-press.net\/burkina-faso\/toutes-les-actualites\/assises-sur-leducation-au-burkina-faso-huis-clos-entre-le-ministre-et-les-syndicats#primaryimage","url":"https:\/\/static.africa-press.net\/burkina\/sites\/42\/2021\/04\/img-608bf021f41e9.jpg","contentUrl":"https:\/\/static.africa-press.net\/burkina\/sites\/42\/2021\/04\/img-608bf021f41e9.jpg","width":1024,"height":663,"caption":"Assises sur l\u2019\u00e9ducation au Burkina Faso\u00a0: Huis clos entre le ministre et les syndicats"},{"@type":"BreadcrumbList","@id":"https:\/\/www.africa-press.net\/burkina-faso\/toutes-les-actualites\/assises-sur-leducation-au-burkina-faso-huis-clos-entre-le-ministre-et-les-syndicats#breadcrumb","itemListElement":[{"@type":"ListItem","position":1,"name":"Accueil","item":"https:\/\/www.africa-press.net\/burkina-faso\/"},{"@type":"ListItem","position":2,"name":"Assises sur l\u2019\u00e9ducation au Burkina Faso\u00a0: Huis clos entre le ministre et les syndicats"}]},{"@type":"WebSite","@id":"https:\/\/www.africa-press.net\/burkina-faso\/#website","url":"https:\/\/www.africa-press.net\/burkina-faso\/","name":"Burkina Faso","description":"Just another Africa News Agency Sites site","potentialAction":[{"@type":"SearchAction","target":{"@type":"EntryPoint","urlTemplate":"https:\/\/www.africa-press.net\/burkina-faso\/?s={search_term_string}"},"query-input":{"@type":"PropertyValueSpecification","valueRequired":true,"valueName":"search_term_string"}}],"inLanguage":"fr-FR"},{"@type":"Person","@id":"https:\/\/www.africa-press.net\/burkina-faso\/#\/schema\/person\/2b1cf3cd81a31e3cd26889ca66d677f1","name":"cfeditorfr"}]}},"_links":{"self":[{"href":"https:\/\/www.africa-press.net\/burkina-faso\/wp-json\/wp\/v2\/posts\/10892","targetHints":{"allow":["GET"]}}],"collection":[{"href":"https:\/\/www.africa-press.net\/burkina-faso\/wp-json\/wp\/v2\/posts"}],"about":[{"href":"https:\/\/www.africa-press.net\/burkina-faso\/wp-json\/wp\/v2\/types\/post"}],"author":[{"embeddable":true,"href":"https:\/\/www.africa-press.net\/burkina-faso\/wp-json\/wp\/v2\/users\/82"}],"replies":[{"embeddable":true,"href":"https:\/\/www.africa-press.net\/burkina-faso\/wp-json\/wp\/v2\/comments?post=10892"}],"version-history":[{"count":0,"href":"https:\/\/www.africa-press.net\/burkina-faso\/wp-json\/wp\/v2\/posts\/10892\/revisions"}],"wp:featuredmedia":[{"embeddable":true,"href":"https:\/\/www.africa-press.net\/burkina-faso\/wp-json\/wp\/v2\/media\/10891"}],"wp:attachment":[{"href":"https:\/\/www.africa-press.net\/burkina-faso\/wp-json\/wp\/v2\/media?parent=10892"}],"wp:term":[{"taxonomy":"category","embeddable":true,"href":"https:\/\/www.africa-press.net\/burkina-faso\/wp-json\/wp\/v2\/categories?post=10892"},{"taxonomy":"post_tag","embeddable":true,"href":"https:\/\/www.africa-press.net\/burkina-faso\/wp-json\/wp\/v2\/tags?post=10892"}],"curies":[{"name":"wp","href":"https:\/\/api.w.org\/{rel}","templated":true}]}}