{"id":10921,"date":"2021-05-01T14:59:19","date_gmt":"2021-05-01T14:59:19","guid":{"rendered":"https:\/\/www.africa-press.net\/burkina-faso\/?p=10921"},"modified":"2021-05-01T15:17:10","modified_gmt":"2021-05-01T15:17:10","slug":"burkina-faso-le-ministre-de-leducation-echange-avec-les-faitieres-de-lenseignement-prive","status":"publish","type":"post","link":"https:\/\/www.africa-press.net\/burkina-faso\/culture-et-art\/burkina-faso-le-ministre-de-leducation-echange-avec-les-faitieres-de-lenseignement-prive","title":{"rendered":"Le ministre de l\u2019\u00e9ducation \u00e9change avec les faiti\u00e8res de l\u2019enseignement priv\u00e9"},"content":{"rendered":"<p><span style=\"color: #ff6600\"><strong><a href=\"https:\/\/www.africa-press.net\/\">Africa-Press<\/a> &#8211; <a href=\"https:\/\/www.africa-press.net\/burkina-faso\">Burkina Faso<\/a>. <\/strong><\/span>Le ministre de l\u2019\u00e9ducation nationale, de l\u2019alphab\u00e9tisation et de la promotion des langues (MENAPLN) le Pr Stanislas Ouaro a re\u00e7u les faiti\u00e8res de l\u2019enseignement du priv\u00e9 ce lundi 30 avril 2021. Les \u00e9changes ont tourn\u00e9 autour de l\u2019organisation des assises nationales sur l\u2019\u00e9ducation.<\/p>\n<p>Le ministre de l\u2019\u00e9ducation nationale, le Pr Stanislas Ouaro, a impliqu\u00e9 les faiti\u00e8res du secteur priv\u00e9 dans l\u2019organisation des assises nationales sur l\u2019\u00e9ducation \u00e0 l\u2019image de tous les autres acteurs du monde \u00e9ducatif. Des \u00e9changes d\u2019une dur\u00e9e d\u2019environ 1 heure ont suffi aux deux parties pour s\u2019accorder.<\/p>\n<p>Une d\u00e9marche appr\u00e9ci\u00e9e par les faiti\u00e8res de l\u2019enseignement priv\u00e9. \u00ab Nous avons positivement appr\u00e9ci\u00e9 cette d\u00e9marche du minist\u00e8re qui a consist\u00e9 \u00e0 nous appeler pour nous donner les informations relativement au projet d\u2019assises sur l\u2019\u00e9ducation \u00bb, a laiss\u00e9 entendre Emmanuel Kalkoumdo, repr\u00e9sentant de la F\u00e9d\u00e9ration des \u00c9glises et Missions \u00c9vang\u00e9liques (FEME).<\/p>\n<p>Le ministre et les faiti\u00e8res ont \u00e9galement abord\u00e9 la question de la consommation des stup\u00e9fiants par les \u00e9l\u00e8ves et les violences en milieu scolaire. \u00ab Nous avons dit \u00e0 monsieur le ministre que nous allons repartir nous asseoir, nous concerter et nous allons apporter nos suggestions pour une meilleure r\u00e9orientation de l\u2019\u00e9ducation de nos enfants au Burkina Faso \u00bb, a affirm\u00e9 Emmanuel Kalkomdo.<\/p>\n<p>Parmi les structures qui ont r\u00e9pondu pr\u00e9sent \u00e0 l\u2019appel du ministre, il y a le Secr\u00e9tariat National de l\u2019Enseignement Catholique (SNEC), la F\u00e9d\u00e9ration des \u00c9glises et Missions \u00c9vang\u00e9liques (FEME), la F\u00e9d\u00e9ration des Associations Islamiques du Burkina(FAIB) et l\u2019Union Nationale des \u00c9tablissements Priv\u00e9s La\u00efcs du Burkina(UNEPLB). Sanata GANSAGNE (stagiaire)<\/p>\n","protected":false},"excerpt":{"rendered":"<p>Africa-Press &#8211; Burkina Faso. Le ministre de l\u2019\u00e9ducation nationale, de l\u2019alphab\u00e9tisation et de la promotion des langues (MENAPLN) le Pr Stanislas Ouaro a re\u00e7u les faiti\u00e8res de l\u2019enseignement du priv\u00e9 ce lundi 30 avril 2021. Les \u00e9changes ont tourn\u00e9 autour de l\u2019organisation des assises nationales sur l\u2019\u00e9ducation. Le ministre de l\u2019\u00e9ducation nationale, le Pr Stanislas [&hellip;]<\/p>\n","protected":false},"author":82,"featured_media":10920,"comment_status":"open","ping_status":"closed","sticky":false,"template":"","format":"standard","meta":{"footnotes":""},"categories":[5,11,10],"tags":[111,725,29],"class_list":["post-10921","post","type-post","status-publish","format-standard","has-post-thumbnail","hentry","category-culture-et-art","category-homepage-french","category-toutes-les-actualites","tag-africa-press","tag-africa-press-burkina-faso","tag-burkina-faso"],"yoast_head":"<!-- This site is optimized with the Yoast SEO Premium plugin v26.1 (Yoast SEO v27.0) - https:\/\/yoast.com\/product\/yoast-seo-premium-wordpress\/ -->\n<title>Le ministre de l\u2019\u00e9ducation \u00e9change avec les faiti\u00e8res de l\u2019enseignement priv\u00e9 - Burkina Faso<\/title>\n<meta name=\"description\" content=\"Le ministre de l\u2019\u00e9ducation nationale, de l\u2019alphab\u00e9tisation et de la promotion des langues (MENAPLN) le Pr Stanislas Ouar ...\" \/>\n<meta name=\"robots\" content=\"index, follow, max-snippet:-1, max-image-preview:large, max-video-preview:-1\" \/>\n<link rel=\"canonical\" href=\"https:\/\/www.africa-press.net\/burkina-faso\/culture-et-art\/burkina-faso-le-ministre-de-leducation-echange-avec-les-faitieres-de-lenseignement-prive\" \/>\n<meta property=\"og:locale\" content=\"fr_FR\" \/>\n<meta property=\"og:type\" content=\"article\" \/>\n<meta property=\"og:title\" content=\"Le ministre de l\u2019\u00e9ducation \u00e9change avec les faiti\u00e8res de l\u2019enseignement priv\u00e9\" \/>\n<meta property=\"og:description\" content=\"Le ministre de l\u2019\u00e9ducation nationale, de l\u2019alphab\u00e9tisation et de la promotion des langues (MENAPLN) le Pr Stanislas Ouar ...\" \/>\n<meta property=\"og:url\" content=\"https:\/\/www.africa-press.net\/burkina-faso\/culture-et-art\/burkina-faso-le-ministre-de-leducation-echange-avec-les-faitieres-de-lenseignement-prive\" \/>\n<meta property=\"og:site_name\" content=\"Burkina Faso\" \/>\n<meta property=\"article:published_time\" content=\"2021-05-01T14:59:19+00:00\" \/>\n<meta property=\"article:modified_time\" content=\"2021-05-01T15:17:10+00:00\" \/>\n<meta property=\"og:image\" content=\"https:\/\/static.africa-press.net\/burkina\/sites\/42\/2021\/05\/img-608d688114b56.jpg\" \/>\n\t<meta property=\"og:image:width\" content=\"1024\" \/>\n\t<meta property=\"og:image:height\" content=\"768\" \/>\n\t<meta property=\"og:image:type\" content=\"image\/jpeg\" \/>\n<meta name=\"author\" content=\"cfeditorfr\" \/>\n<meta name=\"twitter:card\" content=\"summary_large_image\" \/>\n<meta name=\"twitter:label1\" content=\"\u00c9crit par\" \/>\n\t<meta name=\"twitter:data1\" content=\"cfeditorfr\" \/>\n\t<meta name=\"twitter:label2\" content=\"Dur\u00e9e de lecture estim\u00e9e\" \/>\n\t<meta name=\"twitter:data2\" content=\"1 minute\" \/>\n<script type=\"application\/ld+json\" class=\"yoast-schema-graph\">{\"@context\":\"https:\/\/schema.org\",\"@graph\":[{\"@type\":\"Article\",\"@id\":\"https:\/\/www.africa-press.net\/burkina-faso\/culture-et-art\/burkina-faso-le-ministre-de-leducation-echange-avec-les-faitieres-de-lenseignement-prive#article\",\"isPartOf\":{\"@id\":\"https:\/\/www.africa-press.net\/burkina-faso\/culture-et-art\/burkina-faso-le-ministre-de-leducation-echange-avec-les-faitieres-de-lenseignement-prive\"},\"author\":{\"name\":\"cfeditorfr\",\"@id\":\"https:\/\/www.africa-press.net\/burkina-faso\/#\/schema\/person\/2b1cf3cd81a31e3cd26889ca66d677f1\"},\"headline\":\"Le ministre de l\u2019\u00e9ducation \u00e9change avec les faiti\u00e8res de l\u2019enseignement priv\u00e9\",\"datePublished\":\"2021-05-01T14:59:19+00:00\",\"dateModified\":\"2021-05-01T15:17:10+00:00\",\"mainEntityOfPage\":{\"@id\":\"https:\/\/www.africa-press.net\/burkina-faso\/culture-et-art\/burkina-faso-le-ministre-de-leducation-echange-avec-les-faitieres-de-lenseignement-prive\"},\"wordCount\":310,\"commentCount\":0,\"image\":{\"@id\":\"https:\/\/www.africa-press.net\/burkina-faso\/culture-et-art\/burkina-faso-le-ministre-de-leducation-echange-avec-les-faitieres-de-lenseignement-prive#primaryimage\"},\"thumbnailUrl\":\"https:\/\/static.africa-press.net\/burkina\/sites\/42\/2021\/05\/img-608d688114b56.jpg\",\"keywords\":[\"Africa Press\",\"Africa Press-Burkina Faso\",\"Burkina Faso\"],\"articleSection\":[\"Culture et Art\",\"homepage-french\",\"Toutes les actualit\u00e9s\"],\"inLanguage\":\"fr-FR\",\"potentialAction\":[{\"@type\":\"CommentAction\",\"name\":\"Comment\",\"target\":[\"https:\/\/www.africa-press.net\/burkina-faso\/culture-et-art\/burkina-faso-le-ministre-de-leducation-echange-avec-les-faitieres-de-lenseignement-prive#respond\"]}]},{\"@type\":\"WebPage\",\"@id\":\"https:\/\/www.africa-press.net\/burkina-faso\/culture-et-art\/burkina-faso-le-ministre-de-leducation-echange-avec-les-faitieres-de-lenseignement-prive\",\"url\":\"https:\/\/www.africa-press.net\/burkina-faso\/culture-et-art\/burkina-faso-le-ministre-de-leducation-echange-avec-les-faitieres-de-lenseignement-prive\",\"name\":\"Le ministre de l\u2019\u00e9ducation \u00e9change avec les faiti\u00e8res de l\u2019enseignement priv\u00e9 - Burkina Faso\",\"isPartOf\":{\"@id\":\"https:\/\/www.africa-press.net\/burkina-faso\/#website\"},\"primaryImageOfPage\":{\"@id\":\"https:\/\/www.africa-press.net\/burkina-faso\/culture-et-art\/burkina-faso-le-ministre-de-leducation-echange-avec-les-faitieres-de-lenseignement-prive#primaryimage\"},\"image\":{\"@id\":\"https:\/\/www.africa-press.net\/burkina-faso\/culture-et-art\/burkina-faso-le-ministre-de-leducation-echange-avec-les-faitieres-de-lenseignement-prive#primaryimage\"},\"thumbnailUrl\":\"https:\/\/static.africa-press.net\/burkina\/sites\/42\/2021\/05\/img-608d688114b56.jpg\",\"datePublished\":\"2021-05-01T14:59:19+00:00\",\"dateModified\":\"2021-05-01T15:17:10+00:00\",\"author\":{\"@id\":\"https:\/\/www.africa-press.net\/burkina-faso\/#\/schema\/person\/2b1cf3cd81a31e3cd26889ca66d677f1\"},\"description\":\"Le ministre de l\u2019\u00e9ducation nationale, de l\u2019alphab\u00e9tisation et de la promotion des langues (MENAPLN) le Pr Stanislas Ouar ...\",\"breadcrumb\":{\"@id\":\"https:\/\/www.africa-press.net\/burkina-faso\/culture-et-art\/burkina-faso-le-ministre-de-leducation-echange-avec-les-faitieres-de-lenseignement-prive#breadcrumb\"},\"inLanguage\":\"fr-FR\",\"potentialAction\":[{\"@type\":\"ReadAction\",\"target\":[\"https:\/\/www.africa-press.net\/burkina-faso\/culture-et-art\/burkina-faso-le-ministre-de-leducation-echange-avec-les-faitieres-de-lenseignement-prive\"]}]},{\"@type\":\"ImageObject\",\"inLanguage\":\"fr-FR\",\"@id\":\"https:\/\/www.africa-press.net\/burkina-faso\/culture-et-art\/burkina-faso-le-ministre-de-leducation-echange-avec-les-faitieres-de-lenseignement-prive#primaryimage\",\"url\":\"https:\/\/static.africa-press.net\/burkina\/sites\/42\/2021\/05\/img-608d688114b56.jpg\",\"contentUrl\":\"https:\/\/static.africa-press.net\/burkina\/sites\/42\/2021\/05\/img-608d688114b56.jpg\",\"width\":1024,\"height\":768,\"caption\":\"Burkina Faso\u00a0: Le ministre de l\u2019\u00e9ducation \u00e9change avec les faiti\u00e8res de l\u2019enseignement priv\u00e9\"},{\"@type\":\"BreadcrumbList\",\"@id\":\"https:\/\/www.africa-press.net\/burkina-faso\/culture-et-art\/burkina-faso-le-ministre-de-leducation-echange-avec-les-faitieres-de-lenseignement-prive#breadcrumb\",\"itemListElement\":[{\"@type\":\"ListItem\",\"position\":1,\"name\":\"Accueil\",\"item\":\"https:\/\/www.africa-press.net\/burkina-faso\/\"},{\"@type\":\"ListItem\",\"position\":2,\"name\":\"Le ministre de l\u2019\u00e9ducation \u00e9change avec les faiti\u00e8res de l\u2019enseignement priv\u00e9\"}]},{\"@type\":\"WebSite\",\"@id\":\"https:\/\/www.africa-press.net\/burkina-faso\/#website\",\"url\":\"https:\/\/www.africa-press.net\/burkina-faso\/\",\"name\":\"Burkina Faso\",\"description\":\"Just another Africa News Agency Sites site\",\"potentialAction\":[{\"@type\":\"SearchAction\",\"target\":{\"@type\":\"EntryPoint\",\"urlTemplate\":\"https:\/\/www.africa-press.net\/burkina-faso\/?s={search_term_string}\"},\"query-input\":{\"@type\":\"PropertyValueSpecification\",\"valueRequired\":true,\"valueName\":\"search_term_string\"}}],\"inLanguage\":\"fr-FR\"},{\"@type\":\"Person\",\"@id\":\"https:\/\/www.africa-press.net\/burkina-faso\/#\/schema\/person\/2b1cf3cd81a31e3cd26889ca66d677f1\",\"name\":\"cfeditorfr\"}]}<\/script>\n<!-- \/ Yoast SEO Premium plugin. -->","yoast_head_json":{"title":"Le ministre de l\u2019\u00e9ducation \u00e9change avec les faiti\u00e8res de l\u2019enseignement priv\u00e9 - Burkina Faso","description":"Le ministre de l\u2019\u00e9ducation nationale, de l\u2019alphab\u00e9tisation et de la promotion des langues (MENAPLN) le Pr Stanislas Ouar ...","robots":{"index":"index","follow":"follow","max-snippet":"max-snippet:-1","max-image-preview":"max-image-preview:large","max-video-preview":"max-video-preview:-1"},"canonical":"https:\/\/www.africa-press.net\/burkina-faso\/culture-et-art\/burkina-faso-le-ministre-de-leducation-echange-avec-les-faitieres-de-lenseignement-prive","og_locale":"fr_FR","og_type":"article","og_title":"Le ministre de l\u2019\u00e9ducation \u00e9change avec les faiti\u00e8res de l\u2019enseignement priv\u00e9","og_description":"Le ministre de l\u2019\u00e9ducation nationale, de l\u2019alphab\u00e9tisation et de la promotion des langues (MENAPLN) le Pr Stanislas Ouar ...","og_url":"https:\/\/www.africa-press.net\/burkina-faso\/culture-et-art\/burkina-faso-le-ministre-de-leducation-echange-avec-les-faitieres-de-lenseignement-prive","og_site_name":"Burkina Faso","article_published_time":"2021-05-01T14:59:19+00:00","article_modified_time":"2021-05-01T15:17:10+00:00","og_image":[{"width":1024,"height":768,"url":"https:\/\/static.africa-press.net\/burkina\/sites\/42\/2021\/05\/img-608d688114b56.jpg","type":"image\/jpeg"}],"author":"cfeditorfr","twitter_card":"summary_large_image","twitter_misc":{"\u00c9crit par":"cfeditorfr","Dur\u00e9e de lecture estim\u00e9e":"1 minute"},"schema":{"@context":"https:\/\/schema.org","@graph":[{"@type":"Article","@id":"https:\/\/www.africa-press.net\/burkina-faso\/culture-et-art\/burkina-faso-le-ministre-de-leducation-echange-avec-les-faitieres-de-lenseignement-prive#article","isPartOf":{"@id":"https:\/\/www.africa-press.net\/burkina-faso\/culture-et-art\/burkina-faso-le-ministre-de-leducation-echange-avec-les-faitieres-de-lenseignement-prive"},"author":{"name":"cfeditorfr","@id":"https:\/\/www.africa-press.net\/burkina-faso\/#\/schema\/person\/2b1cf3cd81a31e3cd26889ca66d677f1"},"headline":"Le ministre de l\u2019\u00e9ducation \u00e9change avec les faiti\u00e8res de l\u2019enseignement priv\u00e9","datePublished":"2021-05-01T14:59:19+00:00","dateModified":"2021-05-01T15:17:10+00:00","mainEntityOfPage":{"@id":"https:\/\/www.africa-press.net\/burkina-faso\/culture-et-art\/burkina-faso-le-ministre-de-leducation-echange-avec-les-faitieres-de-lenseignement-prive"},"wordCount":310,"commentCount":0,"image":{"@id":"https:\/\/www.africa-press.net\/burkina-faso\/culture-et-art\/burkina-faso-le-ministre-de-leducation-echange-avec-les-faitieres-de-lenseignement-prive#primaryimage"},"thumbnailUrl":"https:\/\/static.africa-press.net\/burkina\/sites\/42\/2021\/05\/img-608d688114b56.jpg","keywords":["Africa Press","Africa Press-Burkina Faso","Burkina Faso"],"articleSection":["Culture et Art","homepage-french","Toutes les actualit\u00e9s"],"inLanguage":"fr-FR","potentialAction":[{"@type":"CommentAction","name":"Comment","target":["https:\/\/www.africa-press.net\/burkina-faso\/culture-et-art\/burkina-faso-le-ministre-de-leducation-echange-avec-les-faitieres-de-lenseignement-prive#respond"]}]},{"@type":"WebPage","@id":"https:\/\/www.africa-press.net\/burkina-faso\/culture-et-art\/burkina-faso-le-ministre-de-leducation-echange-avec-les-faitieres-de-lenseignement-prive","url":"https:\/\/www.africa-press.net\/burkina-faso\/culture-et-art\/burkina-faso-le-ministre-de-leducation-echange-avec-les-faitieres-de-lenseignement-prive","name":"Le ministre de l\u2019\u00e9ducation \u00e9change avec les faiti\u00e8res de l\u2019enseignement priv\u00e9 - Burkina Faso","isPartOf":{"@id":"https:\/\/www.africa-press.net\/burkina-faso\/#website"},"primaryImageOfPage":{"@id":"https:\/\/www.africa-press.net\/burkina-faso\/culture-et-art\/burkina-faso-le-ministre-de-leducation-echange-avec-les-faitieres-de-lenseignement-prive#primaryimage"},"image":{"@id":"https:\/\/www.africa-press.net\/burkina-faso\/culture-et-art\/burkina-faso-le-ministre-de-leducation-echange-avec-les-faitieres-de-lenseignement-prive#primaryimage"},"thumbnailUrl":"https:\/\/static.africa-press.net\/burkina\/sites\/42\/2021\/05\/img-608d688114b56.jpg","datePublished":"2021-05-01T14:59:19+00:00","dateModified":"2021-05-01T15:17:10+00:00","author":{"@id":"https:\/\/www.africa-press.net\/burkina-faso\/#\/schema\/person\/2b1cf3cd81a31e3cd26889ca66d677f1"},"description":"Le ministre de l\u2019\u00e9ducation nationale, de l\u2019alphab\u00e9tisation et de la promotion des langues (MENAPLN) le Pr Stanislas Ouar ...","breadcrumb":{"@id":"https:\/\/www.africa-press.net\/burkina-faso\/culture-et-art\/burkina-faso-le-ministre-de-leducation-echange-avec-les-faitieres-de-lenseignement-prive#breadcrumb"},"inLanguage":"fr-FR","potentialAction":[{"@type":"ReadAction","target":["https:\/\/www.africa-press.net\/burkina-faso\/culture-et-art\/burkina-faso-le-ministre-de-leducation-echange-avec-les-faitieres-de-lenseignement-prive"]}]},{"@type":"ImageObject","inLanguage":"fr-FR","@id":"https:\/\/www.africa-press.net\/burkina-faso\/culture-et-art\/burkina-faso-le-ministre-de-leducation-echange-avec-les-faitieres-de-lenseignement-prive#primaryimage","url":"https:\/\/static.africa-press.net\/burkina\/sites\/42\/2021\/05\/img-608d688114b56.jpg","contentUrl":"https:\/\/static.africa-press.net\/burkina\/sites\/42\/2021\/05\/img-608d688114b56.jpg","width":1024,"height":768,"caption":"Burkina Faso\u00a0: Le ministre de l\u2019\u00e9ducation \u00e9change avec les faiti\u00e8res de l\u2019enseignement priv\u00e9"},{"@type":"BreadcrumbList","@id":"https:\/\/www.africa-press.net\/burkina-faso\/culture-et-art\/burkina-faso-le-ministre-de-leducation-echange-avec-les-faitieres-de-lenseignement-prive#breadcrumb","itemListElement":[{"@type":"ListItem","position":1,"name":"Accueil","item":"https:\/\/www.africa-press.net\/burkina-faso\/"},{"@type":"ListItem","position":2,"name":"Le ministre de l\u2019\u00e9ducation \u00e9change avec les faiti\u00e8res de l\u2019enseignement priv\u00e9"}]},{"@type":"WebSite","@id":"https:\/\/www.africa-press.net\/burkina-faso\/#website","url":"https:\/\/www.africa-press.net\/burkina-faso\/","name":"Burkina Faso","description":"Just another Africa News Agency Sites site","potentialAction":[{"@type":"SearchAction","target":{"@type":"EntryPoint","urlTemplate":"https:\/\/www.africa-press.net\/burkina-faso\/?s={search_term_string}"},"query-input":{"@type":"PropertyValueSpecification","valueRequired":true,"valueName":"search_term_string"}}],"inLanguage":"fr-FR"},{"@type":"Person","@id":"https:\/\/www.africa-press.net\/burkina-faso\/#\/schema\/person\/2b1cf3cd81a31e3cd26889ca66d677f1","name":"cfeditorfr"}]}},"_links":{"self":[{"href":"https:\/\/www.africa-press.net\/burkina-faso\/wp-json\/wp\/v2\/posts\/10921","targetHints":{"allow":["GET"]}}],"collection":[{"href":"https:\/\/www.africa-press.net\/burkina-faso\/wp-json\/wp\/v2\/posts"}],"about":[{"href":"https:\/\/www.africa-press.net\/burkina-faso\/wp-json\/wp\/v2\/types\/post"}],"author":[{"embeddable":true,"href":"https:\/\/www.africa-press.net\/burkina-faso\/wp-json\/wp\/v2\/users\/82"}],"replies":[{"embeddable":true,"href":"https:\/\/www.africa-press.net\/burkina-faso\/wp-json\/wp\/v2\/comments?post=10921"}],"version-history":[{"count":0,"href":"https:\/\/www.africa-press.net\/burkina-faso\/wp-json\/wp\/v2\/posts\/10921\/revisions"}],"wp:featuredmedia":[{"embeddable":true,"href":"https:\/\/www.africa-press.net\/burkina-faso\/wp-json\/wp\/v2\/media\/10920"}],"wp:attachment":[{"href":"https:\/\/www.africa-press.net\/burkina-faso\/wp-json\/wp\/v2\/media?parent=10921"}],"wp:term":[{"taxonomy":"category","embeddable":true,"href":"https:\/\/www.africa-press.net\/burkina-faso\/wp-json\/wp\/v2\/categories?post=10921"},{"taxonomy":"post_tag","embeddable":true,"href":"https:\/\/www.africa-press.net\/burkina-faso\/wp-json\/wp\/v2\/tags?post=10921"}],"curies":[{"name":"wp","href":"https:\/\/api.w.org\/{rel}","templated":true}]}}