{"id":10936,"date":"2021-05-01T15:35:54","date_gmt":"2021-05-01T15:35:54","guid":{"rendered":"https:\/\/www.africa-press.net\/burkina-faso\/?p=10936"},"modified":"2021-05-01T15:17:57","modified_gmt":"2021-05-01T15:17:57","slug":"ke-du-burkinabe-une-foire-pour-valoriser-les-productions-locales","status":"publish","type":"post","link":"https:\/\/www.africa-press.net\/burkina-faso\/culture-et-art\/ke-du-burkinabe-une-foire-pour-valoriser-les-productions-locales","title":{"rendered":"\u00ab Ke du Burkinab\u00e8 \u00bb : Une foire pour valoriser les productions locales"},"content":{"rendered":"<p><span style=\"color: #ff6600\"><strong><a href=\"https:\/\/www.africa-press.net\/\">Africa-Press<\/a> &#8211; <a href=\"https:\/\/www.africa-press.net\/burkina-faso\">Burkina Faso<\/a>. <\/strong><\/span><b>Dans l\u2019apr\u00e8s-midi de ce vendredi 30 avril 2021 \u00e0 Ouagadougou, s\u2019est ouverte la 1re \u00e9dition de la foire d\u00e9nomm\u00e9e \u00ab Ke du Burkinab\u00e8 \u00bb qui se poursuivra jusqu\u2019au 2 mai prochain. Cette foire est organis\u00e9e par l\u2019entreprise sociale \u00ab Ke du Burkinab\u00e8 \u00bb, en collaboration avec l\u2019Agence italienne pour la coop\u00e9ration au d\u00e9veloppement (ACRA) et MANITESE, et d\u2019autres structures engag\u00e9es dans le domaine.<\/b><\/p>\n<p>\u00ab Consommons sain, consommons burkinab\u00e8 \u00bb. C\u2019est sous ce th\u00e8me que se tient, du 30 avril au 2 mai 2021 \u00e0 Ouagadougou, une foire organis\u00e9e dans le cadre de la valorisation de la production locale de nourriture fra\u00eeche et saine. Il s\u2019agit, en clair, selon la cheffe de projet de l\u2019Agence italienne pour la coop\u00e9ration au d\u00e9veloppement, Elena de Giosa, de faire conna\u00eetre la boutique \u00ab Ke du Burkinab\u00e8 \u00bb qui expose plusieurs produits locaux de qualit\u00e9 en vue de donner la possibilit\u00e9 aux petits producteurs et transformateurs d\u2019acc\u00e9der \u00e0 un march\u00e9 \u00e9quitable.<\/p>\n<p><b>Une gamme de produits locaux expos\u00e9e<\/b><\/p>\n<p>Cette 1re \u00e9dition de la foire \u00ab Ke du Burkinab\u00e8 \u00bb donne l\u2019occasion de d\u00e9couvrir une gamme de produits locaux transform\u00e9s par les petits producteurs et transformateurs. Il s\u2019agit, entre autres, de miel de toutes les vari\u00e9t\u00e9s, de sauce de tomates dans des bo\u00eetes de conserve, de couscous de riz, de ma\u00efs et de sorgho, de poudre de moringa, du soumbala, etc. L\u2019intention, selon la cheffe de projet, c\u2019est d\u2019\u00e9tendre l\u2019offre \u00e0 des nouveaux produits de la tradition locale. L\u2019exposition se tient au secteur 22, quartier Zogona de Ouagadougou, du 30 avril au 2 mai 2021.<\/p>\n<p>Mais au-del\u00e0 de donner la possibilit\u00e9 aux petits producteurs d\u2019acc\u00e9der \u00e0 un march\u00e9 \u00e9quitable, \u00ab Ke du Burkinab\u00e8 \u00bb utilise \u00e9galement des emballages de qualit\u00e9 et attrayants. Et la plupart de ses produits utilisent des emballages verts dans le souci de prot\u00e9ger l\u2019environnement et de promouvoir la d\u00e9marche vers une \u00e9conomie verte au Burkina Faso. \u00ab Ke du Burkinab\u00e8 \u00bb et ACRA tentent d\u2019aider les producteurs afin qu\u2019ils b\u00e9n\u00e9ficient d\u2019un march\u00e9 \u00e9quitable en tentant de rendre plus attractifs leurs produits \u00e0 travers l\u2019\u00e9tiquetage et de rendre les emballages plus \u00e9cologiques.<\/p>\n<p>Et le repr\u00e9sentant r\u00e9sident d\u2019ACRA, Christiano Bassanini, d\u2019ajouter que c\u2019est le moment de promouvoir la production locale du Burkina. Car, c\u2019est \u00e0 travers cela que le pays pourra obtenir sa place dans la sous-r\u00e9gion voire dans le monde entier, parce qu\u2019il a une production agricole et agro-alimentaire d\u2019excellente qualit\u00e9.<br \/>\nCette activit\u00e9 s\u2019inscrit dans le cadre du projet \u00ab Entreprises sociales innovantes et participation des migrants pour l\u2019inclusion sociale au Burkina Faso \u00bb mis en \u0153uvre par l\u2019Agence italienne pour la coop\u00e9ration au d\u00e9veloppement.<\/p>\n<p><b>Yvette Zongo<br \/>\n<\/b><\/p>\n","protected":false},"excerpt":{"rendered":"<p>Africa-Press &#8211; Burkina Faso. Dans l\u2019apr\u00e8s-midi de ce vendredi 30 avril 2021 \u00e0 Ouagadougou, s\u2019est ouverte la 1re \u00e9dition de la foire d\u00e9nomm\u00e9e \u00ab Ke du Burkinab\u00e8 \u00bb qui se poursuivra jusqu\u2019au 2 mai prochain. Cette foire est organis\u00e9e par l\u2019entreprise sociale \u00ab Ke du Burkinab\u00e8 \u00bb, en collaboration avec l\u2019Agence italienne pour la coop\u00e9ration [&hellip;]<\/p>\n","protected":false},"author":82,"featured_media":10935,"comment_status":"open","ping_status":"closed","sticky":false,"template":"","format":"standard","meta":{"footnotes":""},"categories":[5,11,10],"tags":[111,725,29],"class_list":["post-10936","post","type-post","status-publish","format-standard","has-post-thumbnail","hentry","category-culture-et-art","category-homepage-french","category-toutes-les-actualites","tag-africa-press","tag-africa-press-burkina-faso","tag-burkina-faso"],"yoast_head":"<!-- This site is optimized with the Yoast SEO Premium plugin v26.1 (Yoast SEO v27.0) - https:\/\/yoast.com\/product\/yoast-seo-premium-wordpress\/ -->\n<title>\u00ab Ke du Burkinab\u00e8 \u00bb : Une foire pour valoriser les productions locales - Burkina Faso<\/title>\n<meta name=\"description\" content=\"Dans l\u2019apr\u00e8s-midi de ce vendredi 30 avril 2021 \u00e0 Ouagadougou, s\u2019est ouverte la 1re \u00e9dition de la foire d\u00e9nomm\u00e9e \u00ab Ke ...\" \/>\n<meta name=\"robots\" content=\"index, follow, max-snippet:-1, max-image-preview:large, max-video-preview:-1\" \/>\n<link rel=\"canonical\" href=\"https:\/\/www.africa-press.net\/burkina-faso\/culture-et-art\/ke-du-burkinabe-une-foire-pour-valoriser-les-productions-locales\" \/>\n<meta property=\"og:locale\" content=\"fr_FR\" \/>\n<meta property=\"og:type\" content=\"article\" \/>\n<meta property=\"og:title\" content=\"\u00ab Ke du Burkinab\u00e8 \u00bb : Une foire pour valoriser les productions locales\" \/>\n<meta property=\"og:description\" content=\"Dans l\u2019apr\u00e8s-midi de ce vendredi 30 avril 2021 \u00e0 Ouagadougou, s\u2019est ouverte la 1re \u00e9dition de la foire d\u00e9nomm\u00e9e \u00ab Ke ...\" \/>\n<meta property=\"og:url\" content=\"https:\/\/www.africa-press.net\/burkina-faso\/culture-et-art\/ke-du-burkinabe-une-foire-pour-valoriser-les-productions-locales\" \/>\n<meta property=\"og:site_name\" content=\"Burkina Faso\" \/>\n<meta property=\"article:published_time\" content=\"2021-05-01T15:35:54+00:00\" \/>\n<meta property=\"og:image\" content=\"https:\/\/static.africa-press.net\/burkina\/sites\/42\/2021\/05\/img-608d695816d6c.jpg\" \/>\n\t<meta property=\"og:image:width\" content=\"720\" \/>\n\t<meta property=\"og:image:height\" content=\"540\" \/>\n\t<meta property=\"og:image:type\" content=\"image\/jpeg\" \/>\n<meta name=\"author\" content=\"cfeditorfr\" \/>\n<meta name=\"twitter:card\" content=\"summary_large_image\" \/>\n<meta name=\"twitter:label1\" content=\"\u00c9crit par\" \/>\n\t<meta name=\"twitter:data1\" content=\"cfeditorfr\" \/>\n\t<meta name=\"twitter:label2\" content=\"Dur\u00e9e de lecture estim\u00e9e\" \/>\n\t<meta name=\"twitter:data2\" content=\"2 minutes\" \/>\n<script type=\"application\/ld+json\" class=\"yoast-schema-graph\">{\"@context\":\"https:\/\/schema.org\",\"@graph\":[{\"@type\":\"Article\",\"@id\":\"https:\/\/www.africa-press.net\/burkina-faso\/culture-et-art\/ke-du-burkinabe-une-foire-pour-valoriser-les-productions-locales#article\",\"isPartOf\":{\"@id\":\"https:\/\/www.africa-press.net\/burkina-faso\/culture-et-art\/ke-du-burkinabe-une-foire-pour-valoriser-les-productions-locales\"},\"author\":{\"name\":\"cfeditorfr\",\"@id\":\"https:\/\/www.africa-press.net\/burkina-faso\/#\/schema\/person\/2b1cf3cd81a31e3cd26889ca66d677f1\"},\"headline\":\"\u00ab Ke du Burkinab\u00e8 \u00bb : Une foire pour valoriser les productions locales\",\"datePublished\":\"2021-05-01T15:35:54+00:00\",\"mainEntityOfPage\":{\"@id\":\"https:\/\/www.africa-press.net\/burkina-faso\/culture-et-art\/ke-du-burkinabe-une-foire-pour-valoriser-les-productions-locales\"},\"wordCount\":477,\"commentCount\":0,\"image\":{\"@id\":\"https:\/\/www.africa-press.net\/burkina-faso\/culture-et-art\/ke-du-burkinabe-une-foire-pour-valoriser-les-productions-locales#primaryimage\"},\"thumbnailUrl\":\"https:\/\/static.africa-press.net\/burkina\/sites\/42\/2021\/05\/img-608d695816d6c.jpg\",\"keywords\":[\"Africa Press\",\"Africa Press-Burkina Faso\",\"Burkina Faso\"],\"articleSection\":[\"Culture et Art\",\"homepage-french\",\"Toutes les actualit\u00e9s\"],\"inLanguage\":\"fr-FR\",\"potentialAction\":[{\"@type\":\"CommentAction\",\"name\":\"Comment\",\"target\":[\"https:\/\/www.africa-press.net\/burkina-faso\/culture-et-art\/ke-du-burkinabe-une-foire-pour-valoriser-les-productions-locales#respond\"]}]},{\"@type\":\"WebPage\",\"@id\":\"https:\/\/www.africa-press.net\/burkina-faso\/culture-et-art\/ke-du-burkinabe-une-foire-pour-valoriser-les-productions-locales\",\"url\":\"https:\/\/www.africa-press.net\/burkina-faso\/culture-et-art\/ke-du-burkinabe-une-foire-pour-valoriser-les-productions-locales\",\"name\":\"\u00ab Ke du Burkinab\u00e8 \u00bb : Une foire pour valoriser les productions locales - Burkina Faso\",\"isPartOf\":{\"@id\":\"https:\/\/www.africa-press.net\/burkina-faso\/#website\"},\"primaryImageOfPage\":{\"@id\":\"https:\/\/www.africa-press.net\/burkina-faso\/culture-et-art\/ke-du-burkinabe-une-foire-pour-valoriser-les-productions-locales#primaryimage\"},\"image\":{\"@id\":\"https:\/\/www.africa-press.net\/burkina-faso\/culture-et-art\/ke-du-burkinabe-une-foire-pour-valoriser-les-productions-locales#primaryimage\"},\"thumbnailUrl\":\"https:\/\/static.africa-press.net\/burkina\/sites\/42\/2021\/05\/img-608d695816d6c.jpg\",\"datePublished\":\"2021-05-01T15:35:54+00:00\",\"author\":{\"@id\":\"https:\/\/www.africa-press.net\/burkina-faso\/#\/schema\/person\/2b1cf3cd81a31e3cd26889ca66d677f1\"},\"description\":\"Dans l\u2019apr\u00e8s-midi de ce vendredi 30 avril 2021 \u00e0 Ouagadougou, s\u2019est ouverte la 1re \u00e9dition de la foire d\u00e9nomm\u00e9e \u00ab Ke ...\",\"breadcrumb\":{\"@id\":\"https:\/\/www.africa-press.net\/burkina-faso\/culture-et-art\/ke-du-burkinabe-une-foire-pour-valoriser-les-productions-locales#breadcrumb\"},\"inLanguage\":\"fr-FR\",\"potentialAction\":[{\"@type\":\"ReadAction\",\"target\":[\"https:\/\/www.africa-press.net\/burkina-faso\/culture-et-art\/ke-du-burkinabe-une-foire-pour-valoriser-les-productions-locales\"]}]},{\"@type\":\"ImageObject\",\"inLanguage\":\"fr-FR\",\"@id\":\"https:\/\/www.africa-press.net\/burkina-faso\/culture-et-art\/ke-du-burkinabe-une-foire-pour-valoriser-les-productions-locales#primaryimage\",\"url\":\"https:\/\/static.africa-press.net\/burkina\/sites\/42\/2021\/05\/img-608d695816d6c.jpg\",\"contentUrl\":\"https:\/\/static.africa-press.net\/burkina\/sites\/42\/2021\/05\/img-608d695816d6c.jpg\",\"width\":720,\"height\":540,\"caption\":\"\u00ab Ke du Burkinab\u00e8 \u00bb : Une foire pour valoriser les productions locales\"},{\"@type\":\"BreadcrumbList\",\"@id\":\"https:\/\/www.africa-press.net\/burkina-faso\/culture-et-art\/ke-du-burkinabe-une-foire-pour-valoriser-les-productions-locales#breadcrumb\",\"itemListElement\":[{\"@type\":\"ListItem\",\"position\":1,\"name\":\"Accueil\",\"item\":\"https:\/\/www.africa-press.net\/burkina-faso\/\"},{\"@type\":\"ListItem\",\"position\":2,\"name\":\"\u00ab Ke du Burkinab\u00e8 \u00bb : Une foire pour valoriser les productions locales\"}]},{\"@type\":\"WebSite\",\"@id\":\"https:\/\/www.africa-press.net\/burkina-faso\/#website\",\"url\":\"https:\/\/www.africa-press.net\/burkina-faso\/\",\"name\":\"Burkina Faso\",\"description\":\"Just another Africa News Agency Sites site\",\"potentialAction\":[{\"@type\":\"SearchAction\",\"target\":{\"@type\":\"EntryPoint\",\"urlTemplate\":\"https:\/\/www.africa-press.net\/burkina-faso\/?s={search_term_string}\"},\"query-input\":{\"@type\":\"PropertyValueSpecification\",\"valueRequired\":true,\"valueName\":\"search_term_string\"}}],\"inLanguage\":\"fr-FR\"},{\"@type\":\"Person\",\"@id\":\"https:\/\/www.africa-press.net\/burkina-faso\/#\/schema\/person\/2b1cf3cd81a31e3cd26889ca66d677f1\",\"name\":\"cfeditorfr\"}]}<\/script>\n<!-- \/ Yoast SEO Premium plugin. -->","yoast_head_json":{"title":"\u00ab Ke du Burkinab\u00e8 \u00bb : Une foire pour valoriser les productions locales - Burkina Faso","description":"Dans l\u2019apr\u00e8s-midi de ce vendredi 30 avril 2021 \u00e0 Ouagadougou, s\u2019est ouverte la 1re \u00e9dition de la foire d\u00e9nomm\u00e9e \u00ab Ke ...","robots":{"index":"index","follow":"follow","max-snippet":"max-snippet:-1","max-image-preview":"max-image-preview:large","max-video-preview":"max-video-preview:-1"},"canonical":"https:\/\/www.africa-press.net\/burkina-faso\/culture-et-art\/ke-du-burkinabe-une-foire-pour-valoriser-les-productions-locales","og_locale":"fr_FR","og_type":"article","og_title":"\u00ab Ke du Burkinab\u00e8 \u00bb : Une foire pour valoriser les productions locales","og_description":"Dans l\u2019apr\u00e8s-midi de ce vendredi 30 avril 2021 \u00e0 Ouagadougou, s\u2019est ouverte la 1re \u00e9dition de la foire d\u00e9nomm\u00e9e \u00ab Ke ...","og_url":"https:\/\/www.africa-press.net\/burkina-faso\/culture-et-art\/ke-du-burkinabe-une-foire-pour-valoriser-les-productions-locales","og_site_name":"Burkina Faso","article_published_time":"2021-05-01T15:35:54+00:00","og_image":[{"width":720,"height":540,"url":"https:\/\/static.africa-press.net\/burkina\/sites\/42\/2021\/05\/img-608d695816d6c.jpg","type":"image\/jpeg"}],"author":"cfeditorfr","twitter_card":"summary_large_image","twitter_misc":{"\u00c9crit par":"cfeditorfr","Dur\u00e9e de lecture estim\u00e9e":"2 minutes"},"schema":{"@context":"https:\/\/schema.org","@graph":[{"@type":"Article","@id":"https:\/\/www.africa-press.net\/burkina-faso\/culture-et-art\/ke-du-burkinabe-une-foire-pour-valoriser-les-productions-locales#article","isPartOf":{"@id":"https:\/\/www.africa-press.net\/burkina-faso\/culture-et-art\/ke-du-burkinabe-une-foire-pour-valoriser-les-productions-locales"},"author":{"name":"cfeditorfr","@id":"https:\/\/www.africa-press.net\/burkina-faso\/#\/schema\/person\/2b1cf3cd81a31e3cd26889ca66d677f1"},"headline":"\u00ab Ke du Burkinab\u00e8 \u00bb : Une foire pour valoriser les productions locales","datePublished":"2021-05-01T15:35:54+00:00","mainEntityOfPage":{"@id":"https:\/\/www.africa-press.net\/burkina-faso\/culture-et-art\/ke-du-burkinabe-une-foire-pour-valoriser-les-productions-locales"},"wordCount":477,"commentCount":0,"image":{"@id":"https:\/\/www.africa-press.net\/burkina-faso\/culture-et-art\/ke-du-burkinabe-une-foire-pour-valoriser-les-productions-locales#primaryimage"},"thumbnailUrl":"https:\/\/static.africa-press.net\/burkina\/sites\/42\/2021\/05\/img-608d695816d6c.jpg","keywords":["Africa Press","Africa Press-Burkina Faso","Burkina Faso"],"articleSection":["Culture et Art","homepage-french","Toutes les actualit\u00e9s"],"inLanguage":"fr-FR","potentialAction":[{"@type":"CommentAction","name":"Comment","target":["https:\/\/www.africa-press.net\/burkina-faso\/culture-et-art\/ke-du-burkinabe-une-foire-pour-valoriser-les-productions-locales#respond"]}]},{"@type":"WebPage","@id":"https:\/\/www.africa-press.net\/burkina-faso\/culture-et-art\/ke-du-burkinabe-une-foire-pour-valoriser-les-productions-locales","url":"https:\/\/www.africa-press.net\/burkina-faso\/culture-et-art\/ke-du-burkinabe-une-foire-pour-valoriser-les-productions-locales","name":"\u00ab Ke du Burkinab\u00e8 \u00bb : Une foire pour valoriser les productions locales - Burkina Faso","isPartOf":{"@id":"https:\/\/www.africa-press.net\/burkina-faso\/#website"},"primaryImageOfPage":{"@id":"https:\/\/www.africa-press.net\/burkina-faso\/culture-et-art\/ke-du-burkinabe-une-foire-pour-valoriser-les-productions-locales#primaryimage"},"image":{"@id":"https:\/\/www.africa-press.net\/burkina-faso\/culture-et-art\/ke-du-burkinabe-une-foire-pour-valoriser-les-productions-locales#primaryimage"},"thumbnailUrl":"https:\/\/static.africa-press.net\/burkina\/sites\/42\/2021\/05\/img-608d695816d6c.jpg","datePublished":"2021-05-01T15:35:54+00:00","author":{"@id":"https:\/\/www.africa-press.net\/burkina-faso\/#\/schema\/person\/2b1cf3cd81a31e3cd26889ca66d677f1"},"description":"Dans l\u2019apr\u00e8s-midi de ce vendredi 30 avril 2021 \u00e0 Ouagadougou, s\u2019est ouverte la 1re \u00e9dition de la foire d\u00e9nomm\u00e9e \u00ab Ke ...","breadcrumb":{"@id":"https:\/\/www.africa-press.net\/burkina-faso\/culture-et-art\/ke-du-burkinabe-une-foire-pour-valoriser-les-productions-locales#breadcrumb"},"inLanguage":"fr-FR","potentialAction":[{"@type":"ReadAction","target":["https:\/\/www.africa-press.net\/burkina-faso\/culture-et-art\/ke-du-burkinabe-une-foire-pour-valoriser-les-productions-locales"]}]},{"@type":"ImageObject","inLanguage":"fr-FR","@id":"https:\/\/www.africa-press.net\/burkina-faso\/culture-et-art\/ke-du-burkinabe-une-foire-pour-valoriser-les-productions-locales#primaryimage","url":"https:\/\/static.africa-press.net\/burkina\/sites\/42\/2021\/05\/img-608d695816d6c.jpg","contentUrl":"https:\/\/static.africa-press.net\/burkina\/sites\/42\/2021\/05\/img-608d695816d6c.jpg","width":720,"height":540,"caption":"\u00ab Ke du Burkinab\u00e8 \u00bb : Une foire pour valoriser les productions locales"},{"@type":"BreadcrumbList","@id":"https:\/\/www.africa-press.net\/burkina-faso\/culture-et-art\/ke-du-burkinabe-une-foire-pour-valoriser-les-productions-locales#breadcrumb","itemListElement":[{"@type":"ListItem","position":1,"name":"Accueil","item":"https:\/\/www.africa-press.net\/burkina-faso\/"},{"@type":"ListItem","position":2,"name":"\u00ab Ke du Burkinab\u00e8 \u00bb : Une foire pour valoriser les productions locales"}]},{"@type":"WebSite","@id":"https:\/\/www.africa-press.net\/burkina-faso\/#website","url":"https:\/\/www.africa-press.net\/burkina-faso\/","name":"Burkina Faso","description":"Just another Africa News Agency Sites site","potentialAction":[{"@type":"SearchAction","target":{"@type":"EntryPoint","urlTemplate":"https:\/\/www.africa-press.net\/burkina-faso\/?s={search_term_string}"},"query-input":{"@type":"PropertyValueSpecification","valueRequired":true,"valueName":"search_term_string"}}],"inLanguage":"fr-FR"},{"@type":"Person","@id":"https:\/\/www.africa-press.net\/burkina-faso\/#\/schema\/person\/2b1cf3cd81a31e3cd26889ca66d677f1","name":"cfeditorfr"}]}},"_links":{"self":[{"href":"https:\/\/www.africa-press.net\/burkina-faso\/wp-json\/wp\/v2\/posts\/10936","targetHints":{"allow":["GET"]}}],"collection":[{"href":"https:\/\/www.africa-press.net\/burkina-faso\/wp-json\/wp\/v2\/posts"}],"about":[{"href":"https:\/\/www.africa-press.net\/burkina-faso\/wp-json\/wp\/v2\/types\/post"}],"author":[{"embeddable":true,"href":"https:\/\/www.africa-press.net\/burkina-faso\/wp-json\/wp\/v2\/users\/82"}],"replies":[{"embeddable":true,"href":"https:\/\/www.africa-press.net\/burkina-faso\/wp-json\/wp\/v2\/comments?post=10936"}],"version-history":[{"count":0,"href":"https:\/\/www.africa-press.net\/burkina-faso\/wp-json\/wp\/v2\/posts\/10936\/revisions"}],"wp:featuredmedia":[{"embeddable":true,"href":"https:\/\/www.africa-press.net\/burkina-faso\/wp-json\/wp\/v2\/media\/10935"}],"wp:attachment":[{"href":"https:\/\/www.africa-press.net\/burkina-faso\/wp-json\/wp\/v2\/media?parent=10936"}],"wp:term":[{"taxonomy":"category","embeddable":true,"href":"https:\/\/www.africa-press.net\/burkina-faso\/wp-json\/wp\/v2\/categories?post=10936"},{"taxonomy":"post_tag","embeddable":true,"href":"https:\/\/www.africa-press.net\/burkina-faso\/wp-json\/wp\/v2\/tags?post=10936"}],"curies":[{"name":"wp","href":"https:\/\/api.w.org\/{rel}","templated":true}]}}