{"id":10939,"date":"2021-05-01T15:45:37","date_gmt":"2021-05-01T15:45:37","guid":{"rendered":"https:\/\/www.africa-press.net\/burkina-faso\/?p=10939"},"modified":"2021-05-01T15:18:06","modified_gmt":"2021-05-01T15:18:06","slug":"foret-communale-de-fada-ngourma-18-exploitants-outilles-sur-le-potentiel-economique-des-produits-forestiers-non-ligneux","status":"publish","type":"post","link":"https:\/\/www.africa-press.net\/burkina-faso\/economie\/foret-communale-de-fada-ngourma-18-exploitants-outilles-sur-le-potentiel-economique-des-produits-forestiers-non-ligneux","title":{"rendered":"For\u00eat communale de Fada N\u2019Gourma : 18 exploitants outill\u00e9s sur le potentiel \u00e9conomique des produits forestiers non-ligneux"},"content":{"rendered":"<p><span style=\"color: #ff6600\"><strong><a href=\"https:\/\/www.africa-press.net\/\">Africa-Press<\/a> &#8211; <a href=\"https:\/\/www.africa-press.net\/burkina-faso\">Burkina Faso<\/a>. <\/strong><\/span><b>L\u2019ONG allemande Konrad Adenauer a organis\u00e9, les 29 et 30 avril 2021 \u00e0 Fada N\u2019Gourma, un atelier de formation au profit de 18 exploitants des ressources naturelles de la for\u00eat communale de Fada N\u2019Gourma sur le potentiel \u00e9conomique des produits forestiers non-ligneux. La c\u00e9r\u00e9monie a \u00e9t\u00e9 plac\u00e9e sous les auspices du haut-commissaire de la province du Gourma, Adama Jean-Yves B\u00e9r\u00e9.<\/b><\/p>\n<p>En milieu rural, une grande partie de l\u2019alimentation est assur\u00e9e par les produits forestiers non-ligneux (PFNL) : karit\u00e9, baobab, tamarinier, lianes, r\u00f4nier, miel, cuir et peaux ; plantes m\u00e9dicinales comme le ca\u00eflc\u00e9drat, l\u2019eucalyptus, l\u2019acacia, etc. Ces produits remplacent les cultures c\u00e9r\u00e9ali\u00e8res durant les p\u00e9riodes de crise. Mais leur potentiel \u00e9conomique est tr\u00e8s souvent m\u00e9connu des populations.<\/p>\n<p>Dans le cadre de son projet \u00ab Un seul monde sans faim &#8211; les droits des femmes \u00e0 l\u2019acc\u00e8s \u00e0 la terre en Afrique de l\u2019Ouest \u00bb mis en \u0153uvre au B\u00e9nin, au Togo et au Burkina Faso (dans les provinces du Gourma, de la Tapoa et du S\u00e9no), la Fondation Konrad Adenauer a accompagn\u00e9 la commune de Fada N\u2019Gourma dans l\u2019\u00e9laboration d\u2019une charte fonci\u00e8re en octobre 2018. Cette charte r\u00e9glemente l\u2019utilisation des ressources naturelles de la for\u00eat du secteur 9 de Fada N\u2019Gourma, d\u2019une superficie de 325 hectares. Bien g\u00e9r\u00e9e, cette for\u00eat peut \u00eatre source de revenus \u00e0 travers l\u2019exploitation des produits forestiers non-ligneux.<\/p>\n<p>Pour la deuxi\u00e8me phase de ce projet, la Fondation Konrad Adenauer met l\u2019accent sur les questions \u00e9conomiques de la s\u00e9curisation fonci\u00e8re. D\u2019o\u00f9 l\u2019organisation d\u2019un atelier de formation au profit de 18 exploitants de la for\u00eat communale sur le potentiel \u00e9conomique des PFNL.<\/p>\n<p><b>Potentialit\u00e9s de la province<\/b><\/p>\n<p>Dans sa communication inaugurale, le haut-commissaire de la province du Gourma, Adama Jean-Yves B\u00e9r\u00e9, a salu\u00e9 cette initiative de la Fondation Konrad Adenauer qui permet de pr\u00e9server la for\u00eat pour les g\u00e9n\u00e9rations futures \u00e0 travers des pr\u00e9l\u00e8vements rationnels dans ladite for\u00eat. Il a pr\u00e9sent\u00e9 les potentialit\u00e9s de la r\u00e9gion de l\u2019Est en g\u00e9n\u00e9ral et de la province en particulier, en d\u00e9pit de l\u2019ins\u00e9curit\u00e9 qui gangr\u00e8ne le d\u00e9veloppement. Ces potentialit\u00e9s sont fauniques, touristiques (le baobab sacr\u00e9, la cour royale, le march\u00e9 de b\u00e9tail, etc.) et foresti\u00e8res.<\/p>\n<p><b>Une v\u00e9g\u00e9tation encore jeune<\/b><\/p>\n<p>Parlant de la for\u00eat communale de Fada N\u2019Gourma et de ses potentialit\u00e9s en esp\u00e8ces ligneuses, le directeur provincial en charge de l\u2019environnement, Ou\u00e9draogo Harouna, dira que la v\u00e9g\u00e9tation est encore jeune et qu\u2019il y a une forte r\u00e9g\u00e9n\u00e9ration en vogue. \u00ab Les esp\u00e8ces les plus repr\u00e9sent\u00e9es \u00e0 plus de 70% sont les Combretaceae qui sont plus des bois de feu que des arbres fruitiers. Il y a moins d\u2019esp\u00e8ces pourvoyeuses de produits forestiers non-ligneux comme le baobab, le karit\u00e9, le n\u00e9r\u00e9, le tamarin. Les pieds sont encore jeunes, on peut les entretenir mais on peut faire des activit\u00e9s de reforestation afin d\u2019am\u00e9liorer leur potentiel \u00bb, a indiqu\u00e9 l\u2019inspecteur des eaux et for\u00eats.<\/p>\n<p>Il a \u00e9galement indiqu\u00e9 que la situation sanitaire des arbres de la for\u00eat est globalement tr\u00e8s bonne. \u00ab Mais, pr\u00e9cise-t-il, il y a pr\u00e8s de 115 hectares de terres qui sont d\u00e9grad\u00e9es \u00bb. Et de sugg\u00e9rer : \u00ab Il faudra entreprendre des actions de r\u00e9cup\u00e9ration de ces terres, que ce soit manuel ou m\u00e9canique \u00bb.<\/p>\n<p><b>27 000 plants mis en terre en trois ans<\/b><\/p>\n<p>L\u2019expert en d\u00e9veloppement rural, Germain Marie Ignace Tira, lui, s\u2019est entretenu avec les participants sur les strat\u00e9gies \u00e0 mettre en \u0153uvre pour une meilleure gestion des ressources de la for\u00eat et les pratiques innovantes pour que les PFNL soient d\u00e9velopp\u00e9s \u00e0 leur juste valeur. Selon lui, il n\u2019y a pas de strat\u00e9gie unique en mati\u00e8re de gestion de ressources foresti\u00e8res.<\/p>\n<p>Il a fait remarquer qu\u2019en trois ans, 27 000 plants de PFNL ont \u00e9t\u00e9 mis en terre au niveau de la for\u00eat. Et si jusque l\u00e0 les populations ne s\u2019y int\u00e9ressaient pas, c\u2019\u00e9tait d\u00fb au fait qu\u2019elles n\u2019\u00e9taient pas impliqu\u00e9es. \u00ab Quand tu te sens responsable d\u2019un arbre, l\u2019arbre grandira \u00bb, a indiqu\u00e9 le formateur, convaincu qu\u2019\u00e0 l\u2019issue de cette formation, les populations s\u2019approprieront le projet car sans entretien de ces PFNL, aucun b\u00e9n\u00e9fice n\u2019est possible.<\/p>\n<p><b>Le crownfunding comme syst\u00e8me de financement innovant<\/b><\/p>\n<p>Le clou de l\u2019atelier a consist\u00e9, pour Shilo Alphonse Lir\u00e9, \u00e0 livrer les strat\u00e9gies de financements innovants appropri\u00e9es pour la valorisation des PFNL. Cette communication a permis aux participants de prendre en compte les aspects importants dans la formulation de leurs co\u00fbts de projet et \u00e0 passer en revue les financements classiques des projets par les fonds de l\u2019Etat, les programmes nationaux et les institutions de micro-finance.<\/p>\n<p>Pour ce qui est du nouveau syst\u00e8me de financement appropri\u00e9 et adapt\u00e9 \u00e0 la promotion des produits forestiers non-ligneux, le formateur a propos\u00e9 le crownfunding ou le crownlending. Il s\u2019agit d\u2019un appel \u00e0 participation au niveau des populations, \u00e0 travers une plateforme, pour soutenir une entreprise ou des particuliers. Cela peut se faire en pr\u00eats (crownlending) ou en dons (crownfunding).<\/p>\n<p><b>Le vrai d\u00e9veloppement par les acteurs \u00e0 la base<\/b><\/p>\n<p>Selon le coordonnateur de la Fondation Konrad Adenauer, Dr Dramani Ou\u00e9draogo, un travail sera men\u00e9 \u00e0 l\u2019issue de cette formation, afin d\u2019amener les exploitants \u00e0 ma\u00eetriser les m\u00e9canismes des diff\u00e9rentes sources de financement disponibles. En attendant, Dr Ou\u00e9draogo a confi\u00e9 que la fondation, en collaboration avec la commune de Fada N\u2019Gourma, a d\u00e9j\u00e0 soumissionn\u00e9 \u00e0 un appel \u00e0 projets de l\u2019Organisation des Nations-unies pour l\u2019alimentation et l\u2019agriculture (FAO) \u00e0 Dakar, au S\u00e9n\u00e9gal.<\/p>\n<p>\u00ab On ne pas avoir de d\u00e9veloppement si les acteurs eux-m\u00eames ne s\u2019impliquent pas. L\u2019aide peut venir d\u2019ailleurs mais elle ne va jamais suffire pour que nous puissions sortir de notre situation. C\u2019est pourquoi nous n\u2019avons cess\u00e9 de r\u00e9p\u00e9ter aux exploitants que la v\u00e9ritable source de financement reste eux-m\u00eames \u00bb, a conclu Dr Dramani Ou\u00e9draogo.<\/p>\n<p><b>Herman Fr\u00e9d\u00e9ric Bassol\u00e9<br \/>\n<\/b><\/p>\n","protected":false},"excerpt":{"rendered":"<p>Africa-Press &#8211; Burkina Faso. L\u2019ONG allemande Konrad Adenauer a organis\u00e9, les 29 et 30 avril 2021 \u00e0 Fada N\u2019Gourma, un atelier de formation au profit de 18 exploitants des ressources naturelles de la for\u00eat communale de Fada N\u2019Gourma sur le potentiel \u00e9conomique des produits forestiers non-ligneux. La c\u00e9r\u00e9monie a \u00e9t\u00e9 plac\u00e9e sous les auspices du [&hellip;]<\/p>\n","protected":false},"author":82,"featured_media":10938,"comment_status":"open","ping_status":"closed","sticky":false,"template":"","format":"standard","meta":{"footnotes":""},"categories":[3,11,10],"tags":[111,725,29],"class_list":["post-10939","post","type-post","status-publish","format-standard","has-post-thumbnail","hentry","category-economie","category-homepage-french","category-toutes-les-actualites","tag-africa-press","tag-africa-press-burkina-faso","tag-burkina-faso"],"yoast_head":"<!-- This site is optimized with the Yoast SEO Premium plugin v26.1 (Yoast SEO v27.0) - https:\/\/yoast.com\/product\/yoast-seo-premium-wordpress\/ -->\n<title>For\u00eat communale de Fada N\u2019Gourma : 18 exploitants outill\u00e9s sur le potentiel \u00e9conomique des produits forestiers non-ligneux - Burkina Faso<\/title>\n<meta name=\"description\" content=\"L\u2019ONG allemande Konrad Adenauer a organis\u00e9, les 29 et 30 avril 2021 \u00e0 Fada N\u2019Gourma, un atelier de formation au profi ...\" \/>\n<meta name=\"robots\" content=\"index, follow, max-snippet:-1, max-image-preview:large, max-video-preview:-1\" \/>\n<link rel=\"canonical\" href=\"https:\/\/www.africa-press.net\/burkina-faso\/economie\/foret-communale-de-fada-ngourma-18-exploitants-outilles-sur-le-potentiel-economique-des-produits-forestiers-non-ligneux\" \/>\n<meta property=\"og:locale\" content=\"fr_FR\" \/>\n<meta property=\"og:type\" content=\"article\" \/>\n<meta property=\"og:title\" content=\"For\u00eat communale de Fada N\u2019Gourma : 18 exploitants outill\u00e9s sur le potentiel \u00e9conomique des produits forestiers non-ligneux\" \/>\n<meta property=\"og:description\" content=\"L\u2019ONG allemande Konrad Adenauer a organis\u00e9, les 29 et 30 avril 2021 \u00e0 Fada N\u2019Gourma, un atelier de formation au profi ...\" \/>\n<meta property=\"og:url\" content=\"https:\/\/www.africa-press.net\/burkina-faso\/economie\/foret-communale-de-fada-ngourma-18-exploitants-outilles-sur-le-potentiel-economique-des-produits-forestiers-non-ligneux\" \/>\n<meta property=\"og:site_name\" content=\"Burkina Faso\" \/>\n<meta property=\"article:published_time\" content=\"2021-05-01T15:45:37+00:00\" \/>\n<meta property=\"og:image\" content=\"https:\/\/static.africa-press.net\/burkina\/sites\/42\/2021\/05\/img-608d6984411b6.jpg\" \/>\n\t<meta property=\"og:image:width\" content=\"720\" \/>\n\t<meta property=\"og:image:height\" content=\"479\" \/>\n\t<meta property=\"og:image:type\" content=\"image\/jpeg\" \/>\n<meta name=\"author\" content=\"cfeditorfr\" \/>\n<meta name=\"twitter:card\" content=\"summary_large_image\" \/>\n<meta name=\"twitter:label1\" content=\"\u00c9crit par\" \/>\n\t<meta name=\"twitter:data1\" content=\"cfeditorfr\" \/>\n\t<meta name=\"twitter:label2\" content=\"Dur\u00e9e de lecture estim\u00e9e\" \/>\n\t<meta name=\"twitter:data2\" content=\"5 minutes\" \/>\n<script type=\"application\/ld+json\" class=\"yoast-schema-graph\">{\"@context\":\"https:\/\/schema.org\",\"@graph\":[{\"@type\":\"Article\",\"@id\":\"https:\/\/www.africa-press.net\/burkina-faso\/economie\/foret-communale-de-fada-ngourma-18-exploitants-outilles-sur-le-potentiel-economique-des-produits-forestiers-non-ligneux#article\",\"isPartOf\":{\"@id\":\"https:\/\/www.africa-press.net\/burkina-faso\/economie\/foret-communale-de-fada-ngourma-18-exploitants-outilles-sur-le-potentiel-economique-des-produits-forestiers-non-ligneux\"},\"author\":{\"name\":\"cfeditorfr\",\"@id\":\"https:\/\/www.africa-press.net\/burkina-faso\/#\/schema\/person\/2b1cf3cd81a31e3cd26889ca66d677f1\"},\"headline\":\"For\u00eat communale de Fada N\u2019Gourma : 18 exploitants outill\u00e9s sur le potentiel \u00e9conomique des produits forestiers non-ligneux\",\"datePublished\":\"2021-05-01T15:45:37+00:00\",\"mainEntityOfPage\":{\"@id\":\"https:\/\/www.africa-press.net\/burkina-faso\/economie\/foret-communale-de-fada-ngourma-18-exploitants-outilles-sur-le-potentiel-economique-des-produits-forestiers-non-ligneux\"},\"wordCount\":1086,\"commentCount\":0,\"image\":{\"@id\":\"https:\/\/www.africa-press.net\/burkina-faso\/economie\/foret-communale-de-fada-ngourma-18-exploitants-outilles-sur-le-potentiel-economique-des-produits-forestiers-non-ligneux#primaryimage\"},\"thumbnailUrl\":\"https:\/\/static.africa-press.net\/burkina\/sites\/42\/2021\/05\/img-608d6984411b6.jpg\",\"keywords\":[\"Africa Press\",\"Africa Press-Burkina Faso\",\"Burkina Faso\"],\"articleSection\":[\"\u00c9conomie\",\"homepage-french\",\"Toutes les actualit\u00e9s\"],\"inLanguage\":\"fr-FR\",\"potentialAction\":[{\"@type\":\"CommentAction\",\"name\":\"Comment\",\"target\":[\"https:\/\/www.africa-press.net\/burkina-faso\/economie\/foret-communale-de-fada-ngourma-18-exploitants-outilles-sur-le-potentiel-economique-des-produits-forestiers-non-ligneux#respond\"]}]},{\"@type\":\"WebPage\",\"@id\":\"https:\/\/www.africa-press.net\/burkina-faso\/economie\/foret-communale-de-fada-ngourma-18-exploitants-outilles-sur-le-potentiel-economique-des-produits-forestiers-non-ligneux\",\"url\":\"https:\/\/www.africa-press.net\/burkina-faso\/economie\/foret-communale-de-fada-ngourma-18-exploitants-outilles-sur-le-potentiel-economique-des-produits-forestiers-non-ligneux\",\"name\":\"For\u00eat communale de Fada N\u2019Gourma : 18 exploitants outill\u00e9s sur le potentiel \u00e9conomique des produits forestiers non-ligneux - Burkina Faso\",\"isPartOf\":{\"@id\":\"https:\/\/www.africa-press.net\/burkina-faso\/#website\"},\"primaryImageOfPage\":{\"@id\":\"https:\/\/www.africa-press.net\/burkina-faso\/economie\/foret-communale-de-fada-ngourma-18-exploitants-outilles-sur-le-potentiel-economique-des-produits-forestiers-non-ligneux#primaryimage\"},\"image\":{\"@id\":\"https:\/\/www.africa-press.net\/burkina-faso\/economie\/foret-communale-de-fada-ngourma-18-exploitants-outilles-sur-le-potentiel-economique-des-produits-forestiers-non-ligneux#primaryimage\"},\"thumbnailUrl\":\"https:\/\/static.africa-press.net\/burkina\/sites\/42\/2021\/05\/img-608d6984411b6.jpg\",\"datePublished\":\"2021-05-01T15:45:37+00:00\",\"author\":{\"@id\":\"https:\/\/www.africa-press.net\/burkina-faso\/#\/schema\/person\/2b1cf3cd81a31e3cd26889ca66d677f1\"},\"description\":\"L\u2019ONG allemande Konrad Adenauer a organis\u00e9, les 29 et 30 avril 2021 \u00e0 Fada N\u2019Gourma, un atelier de formation au profi ...\",\"breadcrumb\":{\"@id\":\"https:\/\/www.africa-press.net\/burkina-faso\/economie\/foret-communale-de-fada-ngourma-18-exploitants-outilles-sur-le-potentiel-economique-des-produits-forestiers-non-ligneux#breadcrumb\"},\"inLanguage\":\"fr-FR\",\"potentialAction\":[{\"@type\":\"ReadAction\",\"target\":[\"https:\/\/www.africa-press.net\/burkina-faso\/economie\/foret-communale-de-fada-ngourma-18-exploitants-outilles-sur-le-potentiel-economique-des-produits-forestiers-non-ligneux\"]}]},{\"@type\":\"ImageObject\",\"inLanguage\":\"fr-FR\",\"@id\":\"https:\/\/www.africa-press.net\/burkina-faso\/economie\/foret-communale-de-fada-ngourma-18-exploitants-outilles-sur-le-potentiel-economique-des-produits-forestiers-non-ligneux#primaryimage\",\"url\":\"https:\/\/static.africa-press.net\/burkina\/sites\/42\/2021\/05\/img-608d6984411b6.jpg\",\"contentUrl\":\"https:\/\/static.africa-press.net\/burkina\/sites\/42\/2021\/05\/img-608d6984411b6.jpg\",\"width\":720,\"height\":479,\"caption\":\"For\u00eat communale de Fada N\u2019Gourma : 18 exploitants outill\u00e9s sur le potentiel \u00e9conomique des produits forestiers non-ligneux\"},{\"@type\":\"BreadcrumbList\",\"@id\":\"https:\/\/www.africa-press.net\/burkina-faso\/economie\/foret-communale-de-fada-ngourma-18-exploitants-outilles-sur-le-potentiel-economique-des-produits-forestiers-non-ligneux#breadcrumb\",\"itemListElement\":[{\"@type\":\"ListItem\",\"position\":1,\"name\":\"Accueil\",\"item\":\"https:\/\/www.africa-press.net\/burkina-faso\/\"},{\"@type\":\"ListItem\",\"position\":2,\"name\":\"For\u00eat communale de Fada N\u2019Gourma : 18 exploitants outill\u00e9s sur le potentiel \u00e9conomique des produits forestiers non-ligneux\"}]},{\"@type\":\"WebSite\",\"@id\":\"https:\/\/www.africa-press.net\/burkina-faso\/#website\",\"url\":\"https:\/\/www.africa-press.net\/burkina-faso\/\",\"name\":\"Burkina Faso\",\"description\":\"Just another Africa News Agency Sites site\",\"potentialAction\":[{\"@type\":\"SearchAction\",\"target\":{\"@type\":\"EntryPoint\",\"urlTemplate\":\"https:\/\/www.africa-press.net\/burkina-faso\/?s={search_term_string}\"},\"query-input\":{\"@type\":\"PropertyValueSpecification\",\"valueRequired\":true,\"valueName\":\"search_term_string\"}}],\"inLanguage\":\"fr-FR\"},{\"@type\":\"Person\",\"@id\":\"https:\/\/www.africa-press.net\/burkina-faso\/#\/schema\/person\/2b1cf3cd81a31e3cd26889ca66d677f1\",\"name\":\"cfeditorfr\"}]}<\/script>\n<!-- \/ Yoast SEO Premium plugin. -->","yoast_head_json":{"title":"For\u00eat communale de Fada N\u2019Gourma : 18 exploitants outill\u00e9s sur le potentiel \u00e9conomique des produits forestiers non-ligneux - Burkina Faso","description":"L\u2019ONG allemande Konrad Adenauer a organis\u00e9, les 29 et 30 avril 2021 \u00e0 Fada N\u2019Gourma, un atelier de formation au profi ...","robots":{"index":"index","follow":"follow","max-snippet":"max-snippet:-1","max-image-preview":"max-image-preview:large","max-video-preview":"max-video-preview:-1"},"canonical":"https:\/\/www.africa-press.net\/burkina-faso\/economie\/foret-communale-de-fada-ngourma-18-exploitants-outilles-sur-le-potentiel-economique-des-produits-forestiers-non-ligneux","og_locale":"fr_FR","og_type":"article","og_title":"For\u00eat communale de Fada N\u2019Gourma : 18 exploitants outill\u00e9s sur le potentiel \u00e9conomique des produits forestiers non-ligneux","og_description":"L\u2019ONG allemande Konrad Adenauer a organis\u00e9, les 29 et 30 avril 2021 \u00e0 Fada N\u2019Gourma, un atelier de formation au profi ...","og_url":"https:\/\/www.africa-press.net\/burkina-faso\/economie\/foret-communale-de-fada-ngourma-18-exploitants-outilles-sur-le-potentiel-economique-des-produits-forestiers-non-ligneux","og_site_name":"Burkina Faso","article_published_time":"2021-05-01T15:45:37+00:00","og_image":[{"width":720,"height":479,"url":"https:\/\/static.africa-press.net\/burkina\/sites\/42\/2021\/05\/img-608d6984411b6.jpg","type":"image\/jpeg"}],"author":"cfeditorfr","twitter_card":"summary_large_image","twitter_misc":{"\u00c9crit par":"cfeditorfr","Dur\u00e9e de lecture estim\u00e9e":"5 minutes"},"schema":{"@context":"https:\/\/schema.org","@graph":[{"@type":"Article","@id":"https:\/\/www.africa-press.net\/burkina-faso\/economie\/foret-communale-de-fada-ngourma-18-exploitants-outilles-sur-le-potentiel-economique-des-produits-forestiers-non-ligneux#article","isPartOf":{"@id":"https:\/\/www.africa-press.net\/burkina-faso\/economie\/foret-communale-de-fada-ngourma-18-exploitants-outilles-sur-le-potentiel-economique-des-produits-forestiers-non-ligneux"},"author":{"name":"cfeditorfr","@id":"https:\/\/www.africa-press.net\/burkina-faso\/#\/schema\/person\/2b1cf3cd81a31e3cd26889ca66d677f1"},"headline":"For\u00eat communale de Fada N\u2019Gourma : 18 exploitants outill\u00e9s sur le potentiel \u00e9conomique des produits forestiers non-ligneux","datePublished":"2021-05-01T15:45:37+00:00","mainEntityOfPage":{"@id":"https:\/\/www.africa-press.net\/burkina-faso\/economie\/foret-communale-de-fada-ngourma-18-exploitants-outilles-sur-le-potentiel-economique-des-produits-forestiers-non-ligneux"},"wordCount":1086,"commentCount":0,"image":{"@id":"https:\/\/www.africa-press.net\/burkina-faso\/economie\/foret-communale-de-fada-ngourma-18-exploitants-outilles-sur-le-potentiel-economique-des-produits-forestiers-non-ligneux#primaryimage"},"thumbnailUrl":"https:\/\/static.africa-press.net\/burkina\/sites\/42\/2021\/05\/img-608d6984411b6.jpg","keywords":["Africa Press","Africa Press-Burkina Faso","Burkina Faso"],"articleSection":["\u00c9conomie","homepage-french","Toutes les actualit\u00e9s"],"inLanguage":"fr-FR","potentialAction":[{"@type":"CommentAction","name":"Comment","target":["https:\/\/www.africa-press.net\/burkina-faso\/economie\/foret-communale-de-fada-ngourma-18-exploitants-outilles-sur-le-potentiel-economique-des-produits-forestiers-non-ligneux#respond"]}]},{"@type":"WebPage","@id":"https:\/\/www.africa-press.net\/burkina-faso\/economie\/foret-communale-de-fada-ngourma-18-exploitants-outilles-sur-le-potentiel-economique-des-produits-forestiers-non-ligneux","url":"https:\/\/www.africa-press.net\/burkina-faso\/economie\/foret-communale-de-fada-ngourma-18-exploitants-outilles-sur-le-potentiel-economique-des-produits-forestiers-non-ligneux","name":"For\u00eat communale de Fada N\u2019Gourma : 18 exploitants outill\u00e9s sur le potentiel \u00e9conomique des produits forestiers non-ligneux - Burkina Faso","isPartOf":{"@id":"https:\/\/www.africa-press.net\/burkina-faso\/#website"},"primaryImageOfPage":{"@id":"https:\/\/www.africa-press.net\/burkina-faso\/economie\/foret-communale-de-fada-ngourma-18-exploitants-outilles-sur-le-potentiel-economique-des-produits-forestiers-non-ligneux#primaryimage"},"image":{"@id":"https:\/\/www.africa-press.net\/burkina-faso\/economie\/foret-communale-de-fada-ngourma-18-exploitants-outilles-sur-le-potentiel-economique-des-produits-forestiers-non-ligneux#primaryimage"},"thumbnailUrl":"https:\/\/static.africa-press.net\/burkina\/sites\/42\/2021\/05\/img-608d6984411b6.jpg","datePublished":"2021-05-01T15:45:37+00:00","author":{"@id":"https:\/\/www.africa-press.net\/burkina-faso\/#\/schema\/person\/2b1cf3cd81a31e3cd26889ca66d677f1"},"description":"L\u2019ONG allemande Konrad Adenauer a organis\u00e9, les 29 et 30 avril 2021 \u00e0 Fada N\u2019Gourma, un atelier de formation au profi ...","breadcrumb":{"@id":"https:\/\/www.africa-press.net\/burkina-faso\/economie\/foret-communale-de-fada-ngourma-18-exploitants-outilles-sur-le-potentiel-economique-des-produits-forestiers-non-ligneux#breadcrumb"},"inLanguage":"fr-FR","potentialAction":[{"@type":"ReadAction","target":["https:\/\/www.africa-press.net\/burkina-faso\/economie\/foret-communale-de-fada-ngourma-18-exploitants-outilles-sur-le-potentiel-economique-des-produits-forestiers-non-ligneux"]}]},{"@type":"ImageObject","inLanguage":"fr-FR","@id":"https:\/\/www.africa-press.net\/burkina-faso\/economie\/foret-communale-de-fada-ngourma-18-exploitants-outilles-sur-le-potentiel-economique-des-produits-forestiers-non-ligneux#primaryimage","url":"https:\/\/static.africa-press.net\/burkina\/sites\/42\/2021\/05\/img-608d6984411b6.jpg","contentUrl":"https:\/\/static.africa-press.net\/burkina\/sites\/42\/2021\/05\/img-608d6984411b6.jpg","width":720,"height":479,"caption":"For\u00eat communale de Fada N\u2019Gourma : 18 exploitants outill\u00e9s sur le potentiel \u00e9conomique des produits forestiers non-ligneux"},{"@type":"BreadcrumbList","@id":"https:\/\/www.africa-press.net\/burkina-faso\/economie\/foret-communale-de-fada-ngourma-18-exploitants-outilles-sur-le-potentiel-economique-des-produits-forestiers-non-ligneux#breadcrumb","itemListElement":[{"@type":"ListItem","position":1,"name":"Accueil","item":"https:\/\/www.africa-press.net\/burkina-faso\/"},{"@type":"ListItem","position":2,"name":"For\u00eat communale de Fada N\u2019Gourma : 18 exploitants outill\u00e9s sur le potentiel \u00e9conomique des produits forestiers non-ligneux"}]},{"@type":"WebSite","@id":"https:\/\/www.africa-press.net\/burkina-faso\/#website","url":"https:\/\/www.africa-press.net\/burkina-faso\/","name":"Burkina Faso","description":"Just another Africa News Agency Sites site","potentialAction":[{"@type":"SearchAction","target":{"@type":"EntryPoint","urlTemplate":"https:\/\/www.africa-press.net\/burkina-faso\/?s={search_term_string}"},"query-input":{"@type":"PropertyValueSpecification","valueRequired":true,"valueName":"search_term_string"}}],"inLanguage":"fr-FR"},{"@type":"Person","@id":"https:\/\/www.africa-press.net\/burkina-faso\/#\/schema\/person\/2b1cf3cd81a31e3cd26889ca66d677f1","name":"cfeditorfr"}]}},"_links":{"self":[{"href":"https:\/\/www.africa-press.net\/burkina-faso\/wp-json\/wp\/v2\/posts\/10939","targetHints":{"allow":["GET"]}}],"collection":[{"href":"https:\/\/www.africa-press.net\/burkina-faso\/wp-json\/wp\/v2\/posts"}],"about":[{"href":"https:\/\/www.africa-press.net\/burkina-faso\/wp-json\/wp\/v2\/types\/post"}],"author":[{"embeddable":true,"href":"https:\/\/www.africa-press.net\/burkina-faso\/wp-json\/wp\/v2\/users\/82"}],"replies":[{"embeddable":true,"href":"https:\/\/www.africa-press.net\/burkina-faso\/wp-json\/wp\/v2\/comments?post=10939"}],"version-history":[{"count":0,"href":"https:\/\/www.africa-press.net\/burkina-faso\/wp-json\/wp\/v2\/posts\/10939\/revisions"}],"wp:featuredmedia":[{"embeddable":true,"href":"https:\/\/www.africa-press.net\/burkina-faso\/wp-json\/wp\/v2\/media\/10938"}],"wp:attachment":[{"href":"https:\/\/www.africa-press.net\/burkina-faso\/wp-json\/wp\/v2\/media?parent=10939"}],"wp:term":[{"taxonomy":"category","embeddable":true,"href":"https:\/\/www.africa-press.net\/burkina-faso\/wp-json\/wp\/v2\/categories?post=10939"},{"taxonomy":"post_tag","embeddable":true,"href":"https:\/\/www.africa-press.net\/burkina-faso\/wp-json\/wp\/v2\/tags?post=10939"}],"curies":[{"name":"wp","href":"https:\/\/api.w.org\/{rel}","templated":true}]}}