{"id":10963,"date":"2021-05-01T16:44:08","date_gmt":"2021-05-01T16:44:08","guid":{"rendered":"https:\/\/www.africa-press.net\/burkina-faso\/?p=10963"},"modified":"2021-05-01T15:19:21","modified_gmt":"2021-05-01T15:19:21","slug":"1er-mai-2021-message-de-lunir-ps","status":"publish","type":"post","link":"https:\/\/www.africa-press.net\/burkina-faso\/politique\/1er-mai-2021-message-de-lunir-ps","title":{"rendered":"1er-Mai 2021 : Message de l\u2019UNIR\/PS"},"content":{"rendered":"<p><span style=\"color: #ff6600\"><strong><a href=\"https:\/\/www.africa-press.net\/\">Africa-Press<\/a> &#8211; <a href=\"https:\/\/www.africa-press.net\/burkina-faso\">Burkina Faso<\/a>.\u00a0 <\/strong><\/span>\u00a0le Burkina Faso et le reste du monde comm\u00e9morent la Journ\u00e9e internationale du Travail. En ce jour o\u00f9 le courage et le m\u00e9rite sont c\u00e9l\u00e9br\u00e9s, l\u2019Union pour la Renaissance\/Parti Sankariste (UNIR\/PS) voudrait rendre un vibrant hommage \u00e0 l\u2019ensemble des travailleuses et travailleurs du Burkina Faso. Nos pens\u00e9es vont \u00e0 l\u2019endroit des travailleurs courageux, ainsi qu\u2019aux personnes d\u00e9c\u00e9d\u00e9es, malades ou bless\u00e9es en raison de leur travail.<\/p>\n<p>La f\u00eate du Travail est aussi un moment propice pour r\u00e9fl\u00e9chir aux nombreuses contributions que les travailleurs apportent pour b\u00e2tir un monde meilleur. A cet effet, l\u2019UNIR\/PS invite les travailleurs \u00e0 \u00eatre innovants et disciplin\u00e9s, tout en s\u2019adaptant au monde d\u2019aujourd\u2019hui en perp\u00e9tuelle \u00e9volution, conduisant \u00e0 une plus grande productivit\u00e9.<\/p>\n<p>Aujourd\u2019hui encore, les syndicats continuent \u00e0 jouer un r\u00f4le crucial dans le maintien des avantages sociaux et conditions de travail \u00e9quitables qui favorisent une soci\u00e9t\u00e9 Burkinab\u00e8 saine et \u00e9quitable.<\/p>\n<p>Nous c\u00e9l\u00e9brons \u00e9galement avec humilit\u00e9, la lutte men\u00e9e par les travailleurs pour la lib\u00e9ration de la patrie. Des travailleurs qui \u00e9taient \u00e0 l\u2019avant-garde de l\u2019\u00e9pop\u00e9e de la glorieuse r\u00e9volution d\u2019ao\u00fbt 1983 et qui ont consenti d\u2019\u00e9normes sacrifices pour le d\u00e9veloppement de notre ch\u00e8re patrie, le Burkina Faso.<\/p>\n<p>Cette \u00e9tape a laiss\u00e9 des enseignements fondamentaux desquels nous devons aujourd\u2019hui puiser pour relever toutes sortes de d\u00e9fis. Les travailleurs ont confirm\u00e9 encore leur fid\u00e9lit\u00e9 \u00e0 ces m\u00eames valeurs lorsque le devoir national a appel\u00e9 \u00e0 la sauvegarde de notre nation et de ses acquis.<\/p>\n<p>Le m\u00e9rite de toutes les r\u00e9alisations accomplies par le Burkina Faso ces derni\u00e8res ann\u00e9es, revient en premier lieu \u00e0 nos travailleuses et travailleurs dans les chantiers, les fermes et les bureaux, et dans l\u2019ensemble des sites de construction et d\u2019\u00e9dification. Hommage, encore une fois, \u00e0 tous ces hommes et femmes pour leur effort et participation \u00e0 l\u2019\u00e9dification \u00e9conomique et le d\u00e9veloppement de notre pays.<\/p>\n<p>Bonne f\u00eate du Travail \u00e0 toutes et \u00e0 tous et gardez \u00e0 l\u2019esprit que c\u2019est ensemble que nous allons construire un monde plus juste. Pas un pas sans le Peuple ! Avec le Peuple, victoire ! Fait \u00e0 Ouagadougou, le 30\/04\/ 2021<\/p>\n","protected":false},"excerpt":{"rendered":"<p>Africa-Press &#8211; Burkina Faso.\u00a0 \u00a0le Burkina Faso et le reste du monde comm\u00e9morent la Journ\u00e9e internationale du Travail. En ce jour o\u00f9 le courage et le m\u00e9rite sont c\u00e9l\u00e9br\u00e9s, l\u2019Union pour la Renaissance\/Parti Sankariste (UNIR\/PS) voudrait rendre un vibrant hommage \u00e0 l\u2019ensemble des travailleuses et travailleurs du Burkina Faso. Nos pens\u00e9es vont \u00e0 l\u2019endroit des [&hellip;]<\/p>\n","protected":false},"author":82,"featured_media":10962,"comment_status":"open","ping_status":"closed","sticky":false,"template":"","format":"standard","meta":{"footnotes":""},"categories":[11,2,10],"tags":[111,725,29],"class_list":["post-10963","post","type-post","status-publish","format-standard","has-post-thumbnail","hentry","category-homepage-french","category-politique","category-toutes-les-actualites","tag-africa-press","tag-africa-press-burkina-faso","tag-burkina-faso"],"yoast_head":"<!-- This site is optimized with the Yoast SEO Premium plugin v26.1 (Yoast SEO v27.0) - https:\/\/yoast.com\/product\/yoast-seo-premium-wordpress\/ -->\n<title>1er-Mai 2021 : Message de l\u2019UNIR\/PS - Burkina Faso<\/title>\n<meta name=\"description\" content=\"Ce 1er mai 2021, le Burkina Faso et le reste du monde comm\u00e9morent la Journ\u00e9e internationale du Travail. En ce jour o\u00f9 le ...\" \/>\n<meta name=\"robots\" content=\"index, follow, max-snippet:-1, max-image-preview:large, max-video-preview:-1\" \/>\n<link rel=\"canonical\" href=\"https:\/\/www.africa-press.net\/burkina-faso\/politique\/1er-mai-2021-message-de-lunir-ps\" \/>\n<meta property=\"og:locale\" content=\"fr_FR\" \/>\n<meta property=\"og:type\" content=\"article\" \/>\n<meta property=\"og:title\" content=\"1er-Mai 2021 : Message de l\u2019UNIR\/PS\" \/>\n<meta property=\"og:description\" content=\"Ce 1er mai 2021, le Burkina Faso et le reste du monde comm\u00e9morent la Journ\u00e9e internationale du Travail. En ce jour o\u00f9 le ...\" \/>\n<meta property=\"og:url\" content=\"https:\/\/www.africa-press.net\/burkina-faso\/politique\/1er-mai-2021-message-de-lunir-ps\" \/>\n<meta property=\"og:site_name\" content=\"Burkina Faso\" \/>\n<meta property=\"article:published_time\" content=\"2021-05-01T16:44:08+00:00\" \/>\n<meta property=\"og:image\" content=\"https:\/\/static.africa-press.net\/burkina\/sites\/42\/2021\/05\/img-608d6acec32ec.jpg\" \/>\n\t<meta property=\"og:image:width\" content=\"720\" \/>\n\t<meta property=\"og:image:height\" content=\"540\" \/>\n\t<meta property=\"og:image:type\" content=\"image\/jpeg\" \/>\n<meta name=\"author\" content=\"cfeditorfr\" \/>\n<meta name=\"twitter:card\" content=\"summary_large_image\" \/>\n<meta name=\"twitter:label1\" content=\"\u00c9crit par\" \/>\n\t<meta name=\"twitter:data1\" content=\"cfeditorfr\" \/>\n\t<meta name=\"twitter:label2\" content=\"Dur\u00e9e de lecture estim\u00e9e\" \/>\n\t<meta name=\"twitter:data2\" content=\"2 minutes\" \/>\n<script type=\"application\/ld+json\" class=\"yoast-schema-graph\">{\"@context\":\"https:\/\/schema.org\",\"@graph\":[{\"@type\":\"Article\",\"@id\":\"https:\/\/www.africa-press.net\/burkina-faso\/politique\/1er-mai-2021-message-de-lunir-ps#article\",\"isPartOf\":{\"@id\":\"https:\/\/www.africa-press.net\/burkina-faso\/politique\/1er-mai-2021-message-de-lunir-ps\"},\"author\":{\"name\":\"cfeditorfr\",\"@id\":\"https:\/\/www.africa-press.net\/burkina-faso\/#\/schema\/person\/2b1cf3cd81a31e3cd26889ca66d677f1\"},\"headline\":\"1er-Mai 2021 : Message de l\u2019UNIR\/PS\",\"datePublished\":\"2021-05-01T16:44:08+00:00\",\"mainEntityOfPage\":{\"@id\":\"https:\/\/www.africa-press.net\/burkina-faso\/politique\/1er-mai-2021-message-de-lunir-ps\"},\"wordCount\":391,\"commentCount\":0,\"image\":{\"@id\":\"https:\/\/www.africa-press.net\/burkina-faso\/politique\/1er-mai-2021-message-de-lunir-ps#primaryimage\"},\"thumbnailUrl\":\"https:\/\/static.africa-press.net\/burkina\/sites\/42\/2021\/05\/img-608d6acec32ec.jpg\",\"keywords\":[\"Africa Press\",\"Africa Press-Burkina Faso\",\"Burkina Faso\"],\"articleSection\":[\"homepage-french\",\"Politique\",\"Toutes les actualit\u00e9s\"],\"inLanguage\":\"fr-FR\",\"potentialAction\":[{\"@type\":\"CommentAction\",\"name\":\"Comment\",\"target\":[\"https:\/\/www.africa-press.net\/burkina-faso\/politique\/1er-mai-2021-message-de-lunir-ps#respond\"]}]},{\"@type\":\"WebPage\",\"@id\":\"https:\/\/www.africa-press.net\/burkina-faso\/politique\/1er-mai-2021-message-de-lunir-ps\",\"url\":\"https:\/\/www.africa-press.net\/burkina-faso\/politique\/1er-mai-2021-message-de-lunir-ps\",\"name\":\"1er-Mai 2021 : Message de l\u2019UNIR\/PS - Burkina Faso\",\"isPartOf\":{\"@id\":\"https:\/\/www.africa-press.net\/burkina-faso\/#website\"},\"primaryImageOfPage\":{\"@id\":\"https:\/\/www.africa-press.net\/burkina-faso\/politique\/1er-mai-2021-message-de-lunir-ps#primaryimage\"},\"image\":{\"@id\":\"https:\/\/www.africa-press.net\/burkina-faso\/politique\/1er-mai-2021-message-de-lunir-ps#primaryimage\"},\"thumbnailUrl\":\"https:\/\/static.africa-press.net\/burkina\/sites\/42\/2021\/05\/img-608d6acec32ec.jpg\",\"datePublished\":\"2021-05-01T16:44:08+00:00\",\"author\":{\"@id\":\"https:\/\/www.africa-press.net\/burkina-faso\/#\/schema\/person\/2b1cf3cd81a31e3cd26889ca66d677f1\"},\"description\":\"Ce 1er mai 2021, le Burkina Faso et le reste du monde comm\u00e9morent la Journ\u00e9e internationale du Travail. En ce jour o\u00f9 le ...\",\"breadcrumb\":{\"@id\":\"https:\/\/www.africa-press.net\/burkina-faso\/politique\/1er-mai-2021-message-de-lunir-ps#breadcrumb\"},\"inLanguage\":\"fr-FR\",\"potentialAction\":[{\"@type\":\"ReadAction\",\"target\":[\"https:\/\/www.africa-press.net\/burkina-faso\/politique\/1er-mai-2021-message-de-lunir-ps\"]}]},{\"@type\":\"ImageObject\",\"inLanguage\":\"fr-FR\",\"@id\":\"https:\/\/www.africa-press.net\/burkina-faso\/politique\/1er-mai-2021-message-de-lunir-ps#primaryimage\",\"url\":\"https:\/\/static.africa-press.net\/burkina\/sites\/42\/2021\/05\/img-608d6acec32ec.jpg\",\"contentUrl\":\"https:\/\/static.africa-press.net\/burkina\/sites\/42\/2021\/05\/img-608d6acec32ec.jpg\",\"width\":720,\"height\":540,\"caption\":\"1er-Mai 2021 : Message de l\u2019UNIR\/PS\"},{\"@type\":\"BreadcrumbList\",\"@id\":\"https:\/\/www.africa-press.net\/burkina-faso\/politique\/1er-mai-2021-message-de-lunir-ps#breadcrumb\",\"itemListElement\":[{\"@type\":\"ListItem\",\"position\":1,\"name\":\"Accueil\",\"item\":\"https:\/\/www.africa-press.net\/burkina-faso\/\"},{\"@type\":\"ListItem\",\"position\":2,\"name\":\"1er-Mai 2021 : Message de l\u2019UNIR\/PS\"}]},{\"@type\":\"WebSite\",\"@id\":\"https:\/\/www.africa-press.net\/burkina-faso\/#website\",\"url\":\"https:\/\/www.africa-press.net\/burkina-faso\/\",\"name\":\"Burkina Faso\",\"description\":\"Just another Africa News Agency Sites site\",\"potentialAction\":[{\"@type\":\"SearchAction\",\"target\":{\"@type\":\"EntryPoint\",\"urlTemplate\":\"https:\/\/www.africa-press.net\/burkina-faso\/?s={search_term_string}\"},\"query-input\":{\"@type\":\"PropertyValueSpecification\",\"valueRequired\":true,\"valueName\":\"search_term_string\"}}],\"inLanguage\":\"fr-FR\"},{\"@type\":\"Person\",\"@id\":\"https:\/\/www.africa-press.net\/burkina-faso\/#\/schema\/person\/2b1cf3cd81a31e3cd26889ca66d677f1\",\"name\":\"cfeditorfr\"}]}<\/script>\n<!-- \/ Yoast SEO Premium plugin. -->","yoast_head_json":{"title":"1er-Mai 2021 : Message de l\u2019UNIR\/PS - Burkina Faso","description":"Ce 1er mai 2021, le Burkina Faso et le reste du monde comm\u00e9morent la Journ\u00e9e internationale du Travail. En ce jour o\u00f9 le ...","robots":{"index":"index","follow":"follow","max-snippet":"max-snippet:-1","max-image-preview":"max-image-preview:large","max-video-preview":"max-video-preview:-1"},"canonical":"https:\/\/www.africa-press.net\/burkina-faso\/politique\/1er-mai-2021-message-de-lunir-ps","og_locale":"fr_FR","og_type":"article","og_title":"1er-Mai 2021 : Message de l\u2019UNIR\/PS","og_description":"Ce 1er mai 2021, le Burkina Faso et le reste du monde comm\u00e9morent la Journ\u00e9e internationale du Travail. En ce jour o\u00f9 le ...","og_url":"https:\/\/www.africa-press.net\/burkina-faso\/politique\/1er-mai-2021-message-de-lunir-ps","og_site_name":"Burkina Faso","article_published_time":"2021-05-01T16:44:08+00:00","og_image":[{"width":720,"height":540,"url":"https:\/\/static.africa-press.net\/burkina\/sites\/42\/2021\/05\/img-608d6acec32ec.jpg","type":"image\/jpeg"}],"author":"cfeditorfr","twitter_card":"summary_large_image","twitter_misc":{"\u00c9crit par":"cfeditorfr","Dur\u00e9e de lecture estim\u00e9e":"2 minutes"},"schema":{"@context":"https:\/\/schema.org","@graph":[{"@type":"Article","@id":"https:\/\/www.africa-press.net\/burkina-faso\/politique\/1er-mai-2021-message-de-lunir-ps#article","isPartOf":{"@id":"https:\/\/www.africa-press.net\/burkina-faso\/politique\/1er-mai-2021-message-de-lunir-ps"},"author":{"name":"cfeditorfr","@id":"https:\/\/www.africa-press.net\/burkina-faso\/#\/schema\/person\/2b1cf3cd81a31e3cd26889ca66d677f1"},"headline":"1er-Mai 2021 : Message de l\u2019UNIR\/PS","datePublished":"2021-05-01T16:44:08+00:00","mainEntityOfPage":{"@id":"https:\/\/www.africa-press.net\/burkina-faso\/politique\/1er-mai-2021-message-de-lunir-ps"},"wordCount":391,"commentCount":0,"image":{"@id":"https:\/\/www.africa-press.net\/burkina-faso\/politique\/1er-mai-2021-message-de-lunir-ps#primaryimage"},"thumbnailUrl":"https:\/\/static.africa-press.net\/burkina\/sites\/42\/2021\/05\/img-608d6acec32ec.jpg","keywords":["Africa Press","Africa Press-Burkina Faso","Burkina Faso"],"articleSection":["homepage-french","Politique","Toutes les actualit\u00e9s"],"inLanguage":"fr-FR","potentialAction":[{"@type":"CommentAction","name":"Comment","target":["https:\/\/www.africa-press.net\/burkina-faso\/politique\/1er-mai-2021-message-de-lunir-ps#respond"]}]},{"@type":"WebPage","@id":"https:\/\/www.africa-press.net\/burkina-faso\/politique\/1er-mai-2021-message-de-lunir-ps","url":"https:\/\/www.africa-press.net\/burkina-faso\/politique\/1er-mai-2021-message-de-lunir-ps","name":"1er-Mai 2021 : Message de l\u2019UNIR\/PS - Burkina Faso","isPartOf":{"@id":"https:\/\/www.africa-press.net\/burkina-faso\/#website"},"primaryImageOfPage":{"@id":"https:\/\/www.africa-press.net\/burkina-faso\/politique\/1er-mai-2021-message-de-lunir-ps#primaryimage"},"image":{"@id":"https:\/\/www.africa-press.net\/burkina-faso\/politique\/1er-mai-2021-message-de-lunir-ps#primaryimage"},"thumbnailUrl":"https:\/\/static.africa-press.net\/burkina\/sites\/42\/2021\/05\/img-608d6acec32ec.jpg","datePublished":"2021-05-01T16:44:08+00:00","author":{"@id":"https:\/\/www.africa-press.net\/burkina-faso\/#\/schema\/person\/2b1cf3cd81a31e3cd26889ca66d677f1"},"description":"Ce 1er mai 2021, le Burkina Faso et le reste du monde comm\u00e9morent la Journ\u00e9e internationale du Travail. En ce jour o\u00f9 le ...","breadcrumb":{"@id":"https:\/\/www.africa-press.net\/burkina-faso\/politique\/1er-mai-2021-message-de-lunir-ps#breadcrumb"},"inLanguage":"fr-FR","potentialAction":[{"@type":"ReadAction","target":["https:\/\/www.africa-press.net\/burkina-faso\/politique\/1er-mai-2021-message-de-lunir-ps"]}]},{"@type":"ImageObject","inLanguage":"fr-FR","@id":"https:\/\/www.africa-press.net\/burkina-faso\/politique\/1er-mai-2021-message-de-lunir-ps#primaryimage","url":"https:\/\/static.africa-press.net\/burkina\/sites\/42\/2021\/05\/img-608d6acec32ec.jpg","contentUrl":"https:\/\/static.africa-press.net\/burkina\/sites\/42\/2021\/05\/img-608d6acec32ec.jpg","width":720,"height":540,"caption":"1er-Mai 2021 : Message de l\u2019UNIR\/PS"},{"@type":"BreadcrumbList","@id":"https:\/\/www.africa-press.net\/burkina-faso\/politique\/1er-mai-2021-message-de-lunir-ps#breadcrumb","itemListElement":[{"@type":"ListItem","position":1,"name":"Accueil","item":"https:\/\/www.africa-press.net\/burkina-faso\/"},{"@type":"ListItem","position":2,"name":"1er-Mai 2021 : Message de l\u2019UNIR\/PS"}]},{"@type":"WebSite","@id":"https:\/\/www.africa-press.net\/burkina-faso\/#website","url":"https:\/\/www.africa-press.net\/burkina-faso\/","name":"Burkina Faso","description":"Just another Africa News Agency Sites site","potentialAction":[{"@type":"SearchAction","target":{"@type":"EntryPoint","urlTemplate":"https:\/\/www.africa-press.net\/burkina-faso\/?s={search_term_string}"},"query-input":{"@type":"PropertyValueSpecification","valueRequired":true,"valueName":"search_term_string"}}],"inLanguage":"fr-FR"},{"@type":"Person","@id":"https:\/\/www.africa-press.net\/burkina-faso\/#\/schema\/person\/2b1cf3cd81a31e3cd26889ca66d677f1","name":"cfeditorfr"}]}},"_links":{"self":[{"href":"https:\/\/www.africa-press.net\/burkina-faso\/wp-json\/wp\/v2\/posts\/10963","targetHints":{"allow":["GET"]}}],"collection":[{"href":"https:\/\/www.africa-press.net\/burkina-faso\/wp-json\/wp\/v2\/posts"}],"about":[{"href":"https:\/\/www.africa-press.net\/burkina-faso\/wp-json\/wp\/v2\/types\/post"}],"author":[{"embeddable":true,"href":"https:\/\/www.africa-press.net\/burkina-faso\/wp-json\/wp\/v2\/users\/82"}],"replies":[{"embeddable":true,"href":"https:\/\/www.africa-press.net\/burkina-faso\/wp-json\/wp\/v2\/comments?post=10963"}],"version-history":[{"count":0,"href":"https:\/\/www.africa-press.net\/burkina-faso\/wp-json\/wp\/v2\/posts\/10963\/revisions"}],"wp:featuredmedia":[{"embeddable":true,"href":"https:\/\/www.africa-press.net\/burkina-faso\/wp-json\/wp\/v2\/media\/10962"}],"wp:attachment":[{"href":"https:\/\/www.africa-press.net\/burkina-faso\/wp-json\/wp\/v2\/media?parent=10963"}],"wp:term":[{"taxonomy":"category","embeddable":true,"href":"https:\/\/www.africa-press.net\/burkina-faso\/wp-json\/wp\/v2\/categories?post=10963"},{"taxonomy":"post_tag","embeddable":true,"href":"https:\/\/www.africa-press.net\/burkina-faso\/wp-json\/wp\/v2\/tags?post=10963"}],"curies":[{"name":"wp","href":"https:\/\/api.w.org\/{rel}","templated":true}]}}