{"id":10999,"date":"2021-05-02T14:48:51","date_gmt":"2021-05-02T14:48:51","guid":{"rendered":"https:\/\/www.africa-press.net\/burkina-faso\/?p=10999"},"modified":"2021-05-02T14:37:05","modified_gmt":"2021-05-02T14:37:05","slug":"cyclisme-fin-de-course-pour-francis-ducreux","status":"publish","type":"post","link":"https:\/\/www.africa-press.net\/burkina-faso\/sports\/cyclisme-fin-de-course-pour-francis-ducreux","title":{"rendered":"Cyclisme : Fin de course pour Francis Ducreux"},"content":{"rendered":"<p><span style=\"color: #ff6600\"><strong><a href=\"https:\/\/www.africa-press.net\/\">Africa-Press<\/a> &#8211; <a href=\"https:\/\/www.africa-press.net\/burkina-faso\">Burkina Faso<\/a>. <\/strong><\/span><b>L\u2019information est tomb\u00e9e, tel un couperet, ce samedi 1er mai 2021. Francis Ducreux, r\u00e9gisseur du Tour du Faso, est d\u00e9c\u00e9d\u00e9 ce jour \u00e0 Ouagadougou.<\/b><\/p>\n<p>\u00c2g\u00e9 de 76 ans, Francis Ducreux a \u00e9t\u00e9 un cycliste professionnel fran\u00e7ais. Il s\u2019\u00e9tait reconverti dans l\u2019organisation de comp\u00e9titions cyclistes en Afrique tels que le Tour du Faso, le Tour du Togo, la Boucle du coton au Burkina Faso, le Tour de Madagascar, le Tour du B\u00e9nin, le Tour du Ghana, le Tour du Mali, le Tour de Guin\u00e9e, le Tour de Mauritanie, le Tour du Niger.<\/p>\n<p>Selon une source interne \u00e0 la F\u00e9d\u00e9ration burkinab\u00e8 de cyclisme, il \u00e9tait rentr\u00e9 de France le mardi 27 avril 2021 o\u00f9 il avait s\u00e9journ\u00e9 pour des soins apr\u00e8s un malaise.<br \/>\nEn rappel, la prochaine \u00e9dition du Tour du Faso est pr\u00e9vue pour se d\u00e9rouler du 29 octobre au 7 novembre 2021.<\/p>\n","protected":false},"excerpt":{"rendered":"<p>Africa-Press &#8211; Burkina Faso. L\u2019information est tomb\u00e9e, tel un couperet, ce samedi 1er mai 2021. Francis Ducreux, r\u00e9gisseur du Tour du Faso, est d\u00e9c\u00e9d\u00e9 ce jour \u00e0 Ouagadougou. \u00c2g\u00e9 de 76 ans, Francis Ducreux a \u00e9t\u00e9 un cycliste professionnel fran\u00e7ais. Il s\u2019\u00e9tait reconverti dans l\u2019organisation de comp\u00e9titions cyclistes en Afrique tels que le Tour du [&hellip;]<\/p>\n","protected":false},"author":82,"featured_media":10998,"comment_status":"open","ping_status":"closed","sticky":false,"template":"","format":"standard","meta":{"footnotes":""},"categories":[11,6,10],"tags":[111,725,29],"class_list":["post-10999","post","type-post","status-publish","format-standard","has-post-thumbnail","hentry","category-homepage-french","category-sports","category-toutes-les-actualites","tag-africa-press","tag-africa-press-burkina-faso","tag-burkina-faso"],"yoast_head":"<!-- This site is optimized with the Yoast SEO Premium plugin v26.1 (Yoast SEO v27.0) - https:\/\/yoast.com\/product\/yoast-seo-premium-wordpress\/ -->\n<title>Cyclisme : Fin de course pour Francis Ducreux - Burkina Faso<\/title>\n<meta name=\"description\" content=\"L\u2019information est tomb\u00e9e, tel un couperet, ce samedi 1er mai 2021. Francis Ducreux, r\u00e9gisseur du Tour du Faso, est d\u00e9 ...\" \/>\n<meta name=\"robots\" content=\"index, follow, max-snippet:-1, max-image-preview:large, max-video-preview:-1\" \/>\n<link rel=\"canonical\" href=\"https:\/\/www.africa-press.net\/burkina-faso\/sports\/cyclisme-fin-de-course-pour-francis-ducreux\" \/>\n<meta property=\"og:locale\" content=\"fr_FR\" \/>\n<meta property=\"og:type\" content=\"article\" \/>\n<meta property=\"og:title\" content=\"Cyclisme : Fin de course pour Francis Ducreux\" \/>\n<meta property=\"og:description\" content=\"L\u2019information est tomb\u00e9e, tel un couperet, ce samedi 1er mai 2021. Francis Ducreux, r\u00e9gisseur du Tour du Faso, est d\u00e9 ...\" \/>\n<meta property=\"og:url\" content=\"https:\/\/www.africa-press.net\/burkina-faso\/sports\/cyclisme-fin-de-course-pour-francis-ducreux\" \/>\n<meta property=\"og:site_name\" content=\"Burkina Faso\" \/>\n<meta property=\"article:published_time\" content=\"2021-05-02T14:48:51+00:00\" \/>\n<meta property=\"og:image\" content=\"https:\/\/static.africa-press.net\/burkina\/sites\/42\/2021\/05\/img-608eb8f7c04c0.jpg\" \/>\n\t<meta property=\"og:image:width\" content=\"720\" \/>\n\t<meta property=\"og:image:height\" content=\"471\" \/>\n\t<meta property=\"og:image:type\" content=\"image\/jpeg\" \/>\n<meta name=\"author\" content=\"cfeditorfr\" \/>\n<meta name=\"twitter:card\" content=\"summary_large_image\" \/>\n<meta name=\"twitter:label1\" content=\"\u00c9crit par\" \/>\n\t<meta name=\"twitter:data1\" content=\"cfeditorfr\" \/>\n\t<meta name=\"twitter:label2\" content=\"Dur\u00e9e de lecture estim\u00e9e\" \/>\n\t<meta name=\"twitter:data2\" content=\"1 minute\" \/>\n<script type=\"application\/ld+json\" class=\"yoast-schema-graph\">{\"@context\":\"https:\/\/schema.org\",\"@graph\":[{\"@type\":\"Article\",\"@id\":\"https:\/\/www.africa-press.net\/burkina-faso\/sports\/cyclisme-fin-de-course-pour-francis-ducreux#article\",\"isPartOf\":{\"@id\":\"https:\/\/www.africa-press.net\/burkina-faso\/sports\/cyclisme-fin-de-course-pour-francis-ducreux\"},\"author\":{\"name\":\"cfeditorfr\",\"@id\":\"https:\/\/www.africa-press.net\/burkina-faso\/#\/schema\/person\/2b1cf3cd81a31e3cd26889ca66d677f1\"},\"headline\":\"Cyclisme : Fin de course pour Francis Ducreux\",\"datePublished\":\"2021-05-02T14:48:51+00:00\",\"mainEntityOfPage\":{\"@id\":\"https:\/\/www.africa-press.net\/burkina-faso\/sports\/cyclisme-fin-de-course-pour-francis-ducreux\"},\"wordCount\":161,\"commentCount\":0,\"image\":{\"@id\":\"https:\/\/www.africa-press.net\/burkina-faso\/sports\/cyclisme-fin-de-course-pour-francis-ducreux#primaryimage\"},\"thumbnailUrl\":\"https:\/\/static.africa-press.net\/burkina\/sites\/42\/2021\/05\/img-608eb8f7c04c0.jpg\",\"keywords\":[\"Africa Press\",\"Africa Press-Burkina Faso\",\"Burkina Faso\"],\"articleSection\":[\"homepage-french\",\"Sports\",\"Toutes les actualit\u00e9s\"],\"inLanguage\":\"fr-FR\",\"potentialAction\":[{\"@type\":\"CommentAction\",\"name\":\"Comment\",\"target\":[\"https:\/\/www.africa-press.net\/burkina-faso\/sports\/cyclisme-fin-de-course-pour-francis-ducreux#respond\"]}]},{\"@type\":\"WebPage\",\"@id\":\"https:\/\/www.africa-press.net\/burkina-faso\/sports\/cyclisme-fin-de-course-pour-francis-ducreux\",\"url\":\"https:\/\/www.africa-press.net\/burkina-faso\/sports\/cyclisme-fin-de-course-pour-francis-ducreux\",\"name\":\"Cyclisme : Fin de course pour Francis Ducreux - Burkina Faso\",\"isPartOf\":{\"@id\":\"https:\/\/www.africa-press.net\/burkina-faso\/#website\"},\"primaryImageOfPage\":{\"@id\":\"https:\/\/www.africa-press.net\/burkina-faso\/sports\/cyclisme-fin-de-course-pour-francis-ducreux#primaryimage\"},\"image\":{\"@id\":\"https:\/\/www.africa-press.net\/burkina-faso\/sports\/cyclisme-fin-de-course-pour-francis-ducreux#primaryimage\"},\"thumbnailUrl\":\"https:\/\/static.africa-press.net\/burkina\/sites\/42\/2021\/05\/img-608eb8f7c04c0.jpg\",\"datePublished\":\"2021-05-02T14:48:51+00:00\",\"author\":{\"@id\":\"https:\/\/www.africa-press.net\/burkina-faso\/#\/schema\/person\/2b1cf3cd81a31e3cd26889ca66d677f1\"},\"description\":\"L\u2019information est tomb\u00e9e, tel un couperet, ce samedi 1er mai 2021. Francis Ducreux, r\u00e9gisseur du Tour du Faso, est d\u00e9 ...\",\"breadcrumb\":{\"@id\":\"https:\/\/www.africa-press.net\/burkina-faso\/sports\/cyclisme-fin-de-course-pour-francis-ducreux#breadcrumb\"},\"inLanguage\":\"fr-FR\",\"potentialAction\":[{\"@type\":\"ReadAction\",\"target\":[\"https:\/\/www.africa-press.net\/burkina-faso\/sports\/cyclisme-fin-de-course-pour-francis-ducreux\"]}]},{\"@type\":\"ImageObject\",\"inLanguage\":\"fr-FR\",\"@id\":\"https:\/\/www.africa-press.net\/burkina-faso\/sports\/cyclisme-fin-de-course-pour-francis-ducreux#primaryimage\",\"url\":\"https:\/\/static.africa-press.net\/burkina\/sites\/42\/2021\/05\/img-608eb8f7c04c0.jpg\",\"contentUrl\":\"https:\/\/static.africa-press.net\/burkina\/sites\/42\/2021\/05\/img-608eb8f7c04c0.jpg\",\"width\":720,\"height\":471,\"caption\":\"Cyclisme : Fin de course pour Francis Ducreux\"},{\"@type\":\"BreadcrumbList\",\"@id\":\"https:\/\/www.africa-press.net\/burkina-faso\/sports\/cyclisme-fin-de-course-pour-francis-ducreux#breadcrumb\",\"itemListElement\":[{\"@type\":\"ListItem\",\"position\":1,\"name\":\"Accueil\",\"item\":\"https:\/\/www.africa-press.net\/burkina-faso\/\"},{\"@type\":\"ListItem\",\"position\":2,\"name\":\"Cyclisme : Fin de course pour Francis Ducreux\"}]},{\"@type\":\"WebSite\",\"@id\":\"https:\/\/www.africa-press.net\/burkina-faso\/#website\",\"url\":\"https:\/\/www.africa-press.net\/burkina-faso\/\",\"name\":\"Burkina Faso\",\"description\":\"Just another Africa News Agency Sites site\",\"potentialAction\":[{\"@type\":\"SearchAction\",\"target\":{\"@type\":\"EntryPoint\",\"urlTemplate\":\"https:\/\/www.africa-press.net\/burkina-faso\/?s={search_term_string}\"},\"query-input\":{\"@type\":\"PropertyValueSpecification\",\"valueRequired\":true,\"valueName\":\"search_term_string\"}}],\"inLanguage\":\"fr-FR\"},{\"@type\":\"Person\",\"@id\":\"https:\/\/www.africa-press.net\/burkina-faso\/#\/schema\/person\/2b1cf3cd81a31e3cd26889ca66d677f1\",\"name\":\"cfeditorfr\"}]}<\/script>\n<!-- \/ Yoast SEO Premium plugin. -->","yoast_head_json":{"title":"Cyclisme : Fin de course pour Francis Ducreux - Burkina Faso","description":"L\u2019information est tomb\u00e9e, tel un couperet, ce samedi 1er mai 2021. Francis Ducreux, r\u00e9gisseur du Tour du Faso, est d\u00e9 ...","robots":{"index":"index","follow":"follow","max-snippet":"max-snippet:-1","max-image-preview":"max-image-preview:large","max-video-preview":"max-video-preview:-1"},"canonical":"https:\/\/www.africa-press.net\/burkina-faso\/sports\/cyclisme-fin-de-course-pour-francis-ducreux","og_locale":"fr_FR","og_type":"article","og_title":"Cyclisme : Fin de course pour Francis Ducreux","og_description":"L\u2019information est tomb\u00e9e, tel un couperet, ce samedi 1er mai 2021. Francis Ducreux, r\u00e9gisseur du Tour du Faso, est d\u00e9 ...","og_url":"https:\/\/www.africa-press.net\/burkina-faso\/sports\/cyclisme-fin-de-course-pour-francis-ducreux","og_site_name":"Burkina Faso","article_published_time":"2021-05-02T14:48:51+00:00","og_image":[{"width":720,"height":471,"url":"https:\/\/static.africa-press.net\/burkina\/sites\/42\/2021\/05\/img-608eb8f7c04c0.jpg","type":"image\/jpeg"}],"author":"cfeditorfr","twitter_card":"summary_large_image","twitter_misc":{"\u00c9crit par":"cfeditorfr","Dur\u00e9e de lecture estim\u00e9e":"1 minute"},"schema":{"@context":"https:\/\/schema.org","@graph":[{"@type":"Article","@id":"https:\/\/www.africa-press.net\/burkina-faso\/sports\/cyclisme-fin-de-course-pour-francis-ducreux#article","isPartOf":{"@id":"https:\/\/www.africa-press.net\/burkina-faso\/sports\/cyclisme-fin-de-course-pour-francis-ducreux"},"author":{"name":"cfeditorfr","@id":"https:\/\/www.africa-press.net\/burkina-faso\/#\/schema\/person\/2b1cf3cd81a31e3cd26889ca66d677f1"},"headline":"Cyclisme : Fin de course pour Francis Ducreux","datePublished":"2021-05-02T14:48:51+00:00","mainEntityOfPage":{"@id":"https:\/\/www.africa-press.net\/burkina-faso\/sports\/cyclisme-fin-de-course-pour-francis-ducreux"},"wordCount":161,"commentCount":0,"image":{"@id":"https:\/\/www.africa-press.net\/burkina-faso\/sports\/cyclisme-fin-de-course-pour-francis-ducreux#primaryimage"},"thumbnailUrl":"https:\/\/static.africa-press.net\/burkina\/sites\/42\/2021\/05\/img-608eb8f7c04c0.jpg","keywords":["Africa Press","Africa Press-Burkina Faso","Burkina Faso"],"articleSection":["homepage-french","Sports","Toutes les actualit\u00e9s"],"inLanguage":"fr-FR","potentialAction":[{"@type":"CommentAction","name":"Comment","target":["https:\/\/www.africa-press.net\/burkina-faso\/sports\/cyclisme-fin-de-course-pour-francis-ducreux#respond"]}]},{"@type":"WebPage","@id":"https:\/\/www.africa-press.net\/burkina-faso\/sports\/cyclisme-fin-de-course-pour-francis-ducreux","url":"https:\/\/www.africa-press.net\/burkina-faso\/sports\/cyclisme-fin-de-course-pour-francis-ducreux","name":"Cyclisme : Fin de course pour Francis Ducreux - Burkina Faso","isPartOf":{"@id":"https:\/\/www.africa-press.net\/burkina-faso\/#website"},"primaryImageOfPage":{"@id":"https:\/\/www.africa-press.net\/burkina-faso\/sports\/cyclisme-fin-de-course-pour-francis-ducreux#primaryimage"},"image":{"@id":"https:\/\/www.africa-press.net\/burkina-faso\/sports\/cyclisme-fin-de-course-pour-francis-ducreux#primaryimage"},"thumbnailUrl":"https:\/\/static.africa-press.net\/burkina\/sites\/42\/2021\/05\/img-608eb8f7c04c0.jpg","datePublished":"2021-05-02T14:48:51+00:00","author":{"@id":"https:\/\/www.africa-press.net\/burkina-faso\/#\/schema\/person\/2b1cf3cd81a31e3cd26889ca66d677f1"},"description":"L\u2019information est tomb\u00e9e, tel un couperet, ce samedi 1er mai 2021. Francis Ducreux, r\u00e9gisseur du Tour du Faso, est d\u00e9 ...","breadcrumb":{"@id":"https:\/\/www.africa-press.net\/burkina-faso\/sports\/cyclisme-fin-de-course-pour-francis-ducreux#breadcrumb"},"inLanguage":"fr-FR","potentialAction":[{"@type":"ReadAction","target":["https:\/\/www.africa-press.net\/burkina-faso\/sports\/cyclisme-fin-de-course-pour-francis-ducreux"]}]},{"@type":"ImageObject","inLanguage":"fr-FR","@id":"https:\/\/www.africa-press.net\/burkina-faso\/sports\/cyclisme-fin-de-course-pour-francis-ducreux#primaryimage","url":"https:\/\/static.africa-press.net\/burkina\/sites\/42\/2021\/05\/img-608eb8f7c04c0.jpg","contentUrl":"https:\/\/static.africa-press.net\/burkina\/sites\/42\/2021\/05\/img-608eb8f7c04c0.jpg","width":720,"height":471,"caption":"Cyclisme : Fin de course pour Francis Ducreux"},{"@type":"BreadcrumbList","@id":"https:\/\/www.africa-press.net\/burkina-faso\/sports\/cyclisme-fin-de-course-pour-francis-ducreux#breadcrumb","itemListElement":[{"@type":"ListItem","position":1,"name":"Accueil","item":"https:\/\/www.africa-press.net\/burkina-faso\/"},{"@type":"ListItem","position":2,"name":"Cyclisme : Fin de course pour Francis Ducreux"}]},{"@type":"WebSite","@id":"https:\/\/www.africa-press.net\/burkina-faso\/#website","url":"https:\/\/www.africa-press.net\/burkina-faso\/","name":"Burkina Faso","description":"Just another Africa News Agency Sites site","potentialAction":[{"@type":"SearchAction","target":{"@type":"EntryPoint","urlTemplate":"https:\/\/www.africa-press.net\/burkina-faso\/?s={search_term_string}"},"query-input":{"@type":"PropertyValueSpecification","valueRequired":true,"valueName":"search_term_string"}}],"inLanguage":"fr-FR"},{"@type":"Person","@id":"https:\/\/www.africa-press.net\/burkina-faso\/#\/schema\/person\/2b1cf3cd81a31e3cd26889ca66d677f1","name":"cfeditorfr"}]}},"_links":{"self":[{"href":"https:\/\/www.africa-press.net\/burkina-faso\/wp-json\/wp\/v2\/posts\/10999","targetHints":{"allow":["GET"]}}],"collection":[{"href":"https:\/\/www.africa-press.net\/burkina-faso\/wp-json\/wp\/v2\/posts"}],"about":[{"href":"https:\/\/www.africa-press.net\/burkina-faso\/wp-json\/wp\/v2\/types\/post"}],"author":[{"embeddable":true,"href":"https:\/\/www.africa-press.net\/burkina-faso\/wp-json\/wp\/v2\/users\/82"}],"replies":[{"embeddable":true,"href":"https:\/\/www.africa-press.net\/burkina-faso\/wp-json\/wp\/v2\/comments?post=10999"}],"version-history":[{"count":0,"href":"https:\/\/www.africa-press.net\/burkina-faso\/wp-json\/wp\/v2\/posts\/10999\/revisions"}],"wp:featuredmedia":[{"embeddable":true,"href":"https:\/\/www.africa-press.net\/burkina-faso\/wp-json\/wp\/v2\/media\/10998"}],"wp:attachment":[{"href":"https:\/\/www.africa-press.net\/burkina-faso\/wp-json\/wp\/v2\/media?parent=10999"}],"wp:term":[{"taxonomy":"category","embeddable":true,"href":"https:\/\/www.africa-press.net\/burkina-faso\/wp-json\/wp\/v2\/categories?post=10999"},{"taxonomy":"post_tag","embeddable":true,"href":"https:\/\/www.africa-press.net\/burkina-faso\/wp-json\/wp\/v2\/tags?post=10999"}],"curies":[{"name":"wp","href":"https:\/\/api.w.org\/{rel}","templated":true}]}}