{"id":11002,"date":"2021-05-02T14:54:32","date_gmt":"2021-05-02T14:54:32","guid":{"rendered":"https:\/\/www.africa-press.net\/burkina-faso\/?p=11002"},"modified":"2021-05-02T16:33:31","modified_gmt":"2021-05-02T16:33:31","slug":"operation-barkhane-plusieurs-terroristes-neutralises-dans-le-gourma","status":"publish","type":"post","link":"https:\/\/www.africa-press.net\/burkina-faso\/politique\/operation-barkhane-plusieurs-terroristes-neutralises-dans-le-gourma","title":{"rendered":"Op\u00e9ration Barkhane : Plusieurs terroristes neutralis\u00e9s dans le Gourma"},"content":{"rendered":"<p><span style=\"color: #ff6600\"><strong><a href=\"https:\/\/www.africa-press.net\/\">Africa-Press<\/a> &#8211; <a href=\"https:\/\/www.africa-press.net\/burkina-faso\">Burkina Faso<\/a>. <\/strong><\/span><b>Dans son communiqu\u00e9 en date du 30 avril 2021, l\u2019Op\u00e9ration Barkhane fait le bilan d\u2019une semaine d\u2019op\u00e9rations. En collaboration avec les arm\u00e9es partenaires, les forces arm\u00e9es des pays sah\u00e9liens poursuivent leurs efforts dans la r\u00e9gion dite des trois Fronti\u00e8res. Elles m\u00e8nent des op\u00e9rations de harc\u00e8lement dans le Gourma et le Liptako. La force Barkhane a men\u00e9 \u00e9galement une succession de missions de reconnaissance visant \u00e0 d\u00e9stabiliser les groupes arm\u00e9es terroristes.<\/b><\/p>\n<p>Dans la nuit du 19 au 20 avril 2021, alors qu\u2019un sous groupement tactique d\u00e9sert (SGTD) du GTD Bison menait ses missions de reconnaissance dans la r\u00e9gion d\u2019Adiora dans le Gourma, un SGTD du GTD Douaumont est parti du camp de Gossi pour conduire des missions de reconnaissance vers la m\u00eame localit\u00e9. Cette manoeuvre a permis de prendre de vitesse des groupes arm\u00e9s terroristes. N\u2019ayant pas r\u00e9ussi \u00e0 s\u2019\u00e9chapper, ils se sont attaqu\u00e9s \u00e0 la force Barkhane, qui a ripost\u00e9 et a neutralis\u00e9 plusieurs d\u2019entre eux.<\/p>\n<p>Le 20 avril, un SGTD de Bison a d\u00e9couvert au sud de Kidal au Mali, un obus de gros calibre pouvant entrer dans la composition d\u2019un engin explosif improvis\u00e9 et a proc\u00e9d\u00e9 \u00e0 sa destruction. Le lendemain, lors d\u2019un contr\u00f4le de v\u00e9hicule sur un chek-point, ce m\u00eame SGTD a saisi une arme l\u00e9g\u00e8re d\u2019infanterie, sept \u00e9quipements de t\u00e9l\u00e9communication et une grande quantit\u00e9 de mat\u00e9riels pouvant servir \u00e0 la confection d\u2019engin explosif improvis\u00e9.<\/p>\n<p>Du 21 au 27 avril, les avions de la force Barkhane ont r\u00e9alis\u00e9 150 sorties parmi lesquelles 28 sorties chasse, 47 sorties ISR et 75 missions de transport ou de ravitaillement.<\/p>\n","protected":false},"excerpt":{"rendered":"<p>Africa-Press &#8211; Burkina Faso. Dans son communiqu\u00e9 en date du 30 avril 2021, l\u2019Op\u00e9ration Barkhane fait le bilan d\u2019une semaine d\u2019op\u00e9rations. En collaboration avec les arm\u00e9es partenaires, les forces arm\u00e9es des pays sah\u00e9liens poursuivent leurs efforts dans la r\u00e9gion dite des trois Fronti\u00e8res. Elles m\u00e8nent des op\u00e9rations de harc\u00e8lement dans le Gourma et le Liptako. [&hellip;]<\/p>\n","protected":false},"author":82,"featured_media":11001,"comment_status":"open","ping_status":"closed","sticky":false,"template":"","format":"standard","meta":{"footnotes":""},"categories":[11,2,20,10],"tags":[111,725,29],"class_list":["post-11002","post","type-post","status-publish","format-standard","has-post-thumbnail","hentry","category-homepage-french","category-politique","category-top-nouvelles","category-toutes-les-actualites","tag-africa-press","tag-africa-press-burkina-faso","tag-burkina-faso"],"yoast_head":"<!-- This site is optimized with the Yoast SEO Premium plugin v26.1 (Yoast SEO v27.0) - https:\/\/yoast.com\/product\/yoast-seo-premium-wordpress\/ -->\n<title>Op\u00e9ration Barkhane : Plusieurs terroristes neutralis\u00e9s dans le Gourma - Burkina Faso<\/title>\n<meta name=\"description\" content=\"Dans son communiqu\u00e9 en date du 30 avril 2021, l\u2019Op\u00e9ration Barkhane fait le bilan d\u2019une semaine d\u2019op\u00e9rations. En colla ...\" \/>\n<meta name=\"robots\" content=\"index, follow, max-snippet:-1, max-image-preview:large, max-video-preview:-1\" \/>\n<link rel=\"canonical\" href=\"https:\/\/www.africa-press.net\/burkina-faso\/politique\/operation-barkhane-plusieurs-terroristes-neutralises-dans-le-gourma\" \/>\n<meta property=\"og:locale\" content=\"fr_FR\" \/>\n<meta property=\"og:type\" content=\"article\" \/>\n<meta property=\"og:title\" content=\"Op\u00e9ration Barkhane : Plusieurs terroristes neutralis\u00e9s dans le Gourma\" \/>\n<meta property=\"og:description\" content=\"Dans son communiqu\u00e9 en date du 30 avril 2021, l\u2019Op\u00e9ration Barkhane fait le bilan d\u2019une semaine d\u2019op\u00e9rations. En colla ...\" \/>\n<meta property=\"og:url\" content=\"https:\/\/www.africa-press.net\/burkina-faso\/politique\/operation-barkhane-plusieurs-terroristes-neutralises-dans-le-gourma\" \/>\n<meta property=\"og:site_name\" content=\"Burkina Faso\" \/>\n<meta property=\"article:published_time\" content=\"2021-05-02T14:54:32+00:00\" \/>\n<meta property=\"article:modified_time\" content=\"2021-05-02T16:33:31+00:00\" \/>\n<meta property=\"og:image\" content=\"https:\/\/static.africa-press.net\/burkina\/sites\/42\/2021\/05\/img-608eb9205aee9.jpg\" \/>\n\t<meta property=\"og:image:width\" content=\"720\" \/>\n\t<meta property=\"og:image:height\" content=\"519\" \/>\n\t<meta property=\"og:image:type\" content=\"image\/jpeg\" \/>\n<meta name=\"author\" content=\"cfeditorfr\" \/>\n<meta name=\"twitter:card\" content=\"summary_large_image\" \/>\n<meta name=\"twitter:label1\" content=\"\u00c9crit par\" \/>\n\t<meta name=\"twitter:data1\" content=\"cfeditorfr\" \/>\n\t<meta name=\"twitter:label2\" content=\"Dur\u00e9e de lecture estim\u00e9e\" \/>\n\t<meta name=\"twitter:data2\" content=\"1 minute\" \/>\n<script type=\"application\/ld+json\" class=\"yoast-schema-graph\">{\"@context\":\"https:\/\/schema.org\",\"@graph\":[{\"@type\":\"Article\",\"@id\":\"https:\/\/www.africa-press.net\/burkina-faso\/politique\/operation-barkhane-plusieurs-terroristes-neutralises-dans-le-gourma#article\",\"isPartOf\":{\"@id\":\"https:\/\/www.africa-press.net\/burkina-faso\/politique\/operation-barkhane-plusieurs-terroristes-neutralises-dans-le-gourma\"},\"author\":{\"name\":\"cfeditorfr\",\"@id\":\"https:\/\/www.africa-press.net\/burkina-faso\/#\/schema\/person\/2b1cf3cd81a31e3cd26889ca66d677f1\"},\"headline\":\"Op\u00e9ration Barkhane : Plusieurs terroristes neutralis\u00e9s dans le Gourma\",\"datePublished\":\"2021-05-02T14:54:32+00:00\",\"dateModified\":\"2021-05-02T16:33:31+00:00\",\"mainEntityOfPage\":{\"@id\":\"https:\/\/www.africa-press.net\/burkina-faso\/politique\/operation-barkhane-plusieurs-terroristes-neutralises-dans-le-gourma\"},\"wordCount\":297,\"commentCount\":0,\"image\":{\"@id\":\"https:\/\/www.africa-press.net\/burkina-faso\/politique\/operation-barkhane-plusieurs-terroristes-neutralises-dans-le-gourma#primaryimage\"},\"thumbnailUrl\":\"https:\/\/static.africa-press.net\/burkina\/sites\/42\/2021\/05\/img-608eb9205aee9.jpg\",\"keywords\":[\"Africa Press\",\"Africa Press-Burkina Faso\",\"Burkina Faso\"],\"articleSection\":[\"homepage-french\",\"Politique\",\"Top Nouvelles\",\"Toutes les actualit\u00e9s\"],\"inLanguage\":\"fr-FR\",\"potentialAction\":[{\"@type\":\"CommentAction\",\"name\":\"Comment\",\"target\":[\"https:\/\/www.africa-press.net\/burkina-faso\/politique\/operation-barkhane-plusieurs-terroristes-neutralises-dans-le-gourma#respond\"]}]},{\"@type\":\"WebPage\",\"@id\":\"https:\/\/www.africa-press.net\/burkina-faso\/politique\/operation-barkhane-plusieurs-terroristes-neutralises-dans-le-gourma\",\"url\":\"https:\/\/www.africa-press.net\/burkina-faso\/politique\/operation-barkhane-plusieurs-terroristes-neutralises-dans-le-gourma\",\"name\":\"Op\u00e9ration Barkhane : Plusieurs terroristes neutralis\u00e9s dans le Gourma - Burkina Faso\",\"isPartOf\":{\"@id\":\"https:\/\/www.africa-press.net\/burkina-faso\/#website\"},\"primaryImageOfPage\":{\"@id\":\"https:\/\/www.africa-press.net\/burkina-faso\/politique\/operation-barkhane-plusieurs-terroristes-neutralises-dans-le-gourma#primaryimage\"},\"image\":{\"@id\":\"https:\/\/www.africa-press.net\/burkina-faso\/politique\/operation-barkhane-plusieurs-terroristes-neutralises-dans-le-gourma#primaryimage\"},\"thumbnailUrl\":\"https:\/\/static.africa-press.net\/burkina\/sites\/42\/2021\/05\/img-608eb9205aee9.jpg\",\"datePublished\":\"2021-05-02T14:54:32+00:00\",\"dateModified\":\"2021-05-02T16:33:31+00:00\",\"author\":{\"@id\":\"https:\/\/www.africa-press.net\/burkina-faso\/#\/schema\/person\/2b1cf3cd81a31e3cd26889ca66d677f1\"},\"description\":\"Dans son communiqu\u00e9 en date du 30 avril 2021, l\u2019Op\u00e9ration Barkhane fait le bilan d\u2019une semaine d\u2019op\u00e9rations. En colla ...\",\"breadcrumb\":{\"@id\":\"https:\/\/www.africa-press.net\/burkina-faso\/politique\/operation-barkhane-plusieurs-terroristes-neutralises-dans-le-gourma#breadcrumb\"},\"inLanguage\":\"fr-FR\",\"potentialAction\":[{\"@type\":\"ReadAction\",\"target\":[\"https:\/\/www.africa-press.net\/burkina-faso\/politique\/operation-barkhane-plusieurs-terroristes-neutralises-dans-le-gourma\"]}]},{\"@type\":\"ImageObject\",\"inLanguage\":\"fr-FR\",\"@id\":\"https:\/\/www.africa-press.net\/burkina-faso\/politique\/operation-barkhane-plusieurs-terroristes-neutralises-dans-le-gourma#primaryimage\",\"url\":\"https:\/\/static.africa-press.net\/burkina\/sites\/42\/2021\/05\/img-608eb9205aee9.jpg\",\"contentUrl\":\"https:\/\/static.africa-press.net\/burkina\/sites\/42\/2021\/05\/img-608eb9205aee9.jpg\",\"width\":720,\"height\":519,\"caption\":\"Op\u00e9ration Barkhane : Plusieurs terroristes neutralis\u00e9s dans le Gourma\"},{\"@type\":\"BreadcrumbList\",\"@id\":\"https:\/\/www.africa-press.net\/burkina-faso\/politique\/operation-barkhane-plusieurs-terroristes-neutralises-dans-le-gourma#breadcrumb\",\"itemListElement\":[{\"@type\":\"ListItem\",\"position\":1,\"name\":\"Accueil\",\"item\":\"https:\/\/www.africa-press.net\/burkina-faso\/\"},{\"@type\":\"ListItem\",\"position\":2,\"name\":\"Op\u00e9ration Barkhane : Plusieurs terroristes neutralis\u00e9s dans le Gourma\"}]},{\"@type\":\"WebSite\",\"@id\":\"https:\/\/www.africa-press.net\/burkina-faso\/#website\",\"url\":\"https:\/\/www.africa-press.net\/burkina-faso\/\",\"name\":\"Burkina Faso\",\"description\":\"Just another Africa News Agency Sites site\",\"potentialAction\":[{\"@type\":\"SearchAction\",\"target\":{\"@type\":\"EntryPoint\",\"urlTemplate\":\"https:\/\/www.africa-press.net\/burkina-faso\/?s={search_term_string}\"},\"query-input\":{\"@type\":\"PropertyValueSpecification\",\"valueRequired\":true,\"valueName\":\"search_term_string\"}}],\"inLanguage\":\"fr-FR\"},{\"@type\":\"Person\",\"@id\":\"https:\/\/www.africa-press.net\/burkina-faso\/#\/schema\/person\/2b1cf3cd81a31e3cd26889ca66d677f1\",\"name\":\"cfeditorfr\"}]}<\/script>\n<!-- \/ Yoast SEO Premium plugin. -->","yoast_head_json":{"title":"Op\u00e9ration Barkhane : Plusieurs terroristes neutralis\u00e9s dans le Gourma - Burkina Faso","description":"Dans son communiqu\u00e9 en date du 30 avril 2021, l\u2019Op\u00e9ration Barkhane fait le bilan d\u2019une semaine d\u2019op\u00e9rations. En colla ...","robots":{"index":"index","follow":"follow","max-snippet":"max-snippet:-1","max-image-preview":"max-image-preview:large","max-video-preview":"max-video-preview:-1"},"canonical":"https:\/\/www.africa-press.net\/burkina-faso\/politique\/operation-barkhane-plusieurs-terroristes-neutralises-dans-le-gourma","og_locale":"fr_FR","og_type":"article","og_title":"Op\u00e9ration Barkhane : Plusieurs terroristes neutralis\u00e9s dans le Gourma","og_description":"Dans son communiqu\u00e9 en date du 30 avril 2021, l\u2019Op\u00e9ration Barkhane fait le bilan d\u2019une semaine d\u2019op\u00e9rations. En colla ...","og_url":"https:\/\/www.africa-press.net\/burkina-faso\/politique\/operation-barkhane-plusieurs-terroristes-neutralises-dans-le-gourma","og_site_name":"Burkina Faso","article_published_time":"2021-05-02T14:54:32+00:00","article_modified_time":"2021-05-02T16:33:31+00:00","og_image":[{"width":720,"height":519,"url":"https:\/\/static.africa-press.net\/burkina\/sites\/42\/2021\/05\/img-608eb9205aee9.jpg","type":"image\/jpeg"}],"author":"cfeditorfr","twitter_card":"summary_large_image","twitter_misc":{"\u00c9crit par":"cfeditorfr","Dur\u00e9e de lecture estim\u00e9e":"1 minute"},"schema":{"@context":"https:\/\/schema.org","@graph":[{"@type":"Article","@id":"https:\/\/www.africa-press.net\/burkina-faso\/politique\/operation-barkhane-plusieurs-terroristes-neutralises-dans-le-gourma#article","isPartOf":{"@id":"https:\/\/www.africa-press.net\/burkina-faso\/politique\/operation-barkhane-plusieurs-terroristes-neutralises-dans-le-gourma"},"author":{"name":"cfeditorfr","@id":"https:\/\/www.africa-press.net\/burkina-faso\/#\/schema\/person\/2b1cf3cd81a31e3cd26889ca66d677f1"},"headline":"Op\u00e9ration Barkhane : Plusieurs terroristes neutralis\u00e9s dans le Gourma","datePublished":"2021-05-02T14:54:32+00:00","dateModified":"2021-05-02T16:33:31+00:00","mainEntityOfPage":{"@id":"https:\/\/www.africa-press.net\/burkina-faso\/politique\/operation-barkhane-plusieurs-terroristes-neutralises-dans-le-gourma"},"wordCount":297,"commentCount":0,"image":{"@id":"https:\/\/www.africa-press.net\/burkina-faso\/politique\/operation-barkhane-plusieurs-terroristes-neutralises-dans-le-gourma#primaryimage"},"thumbnailUrl":"https:\/\/static.africa-press.net\/burkina\/sites\/42\/2021\/05\/img-608eb9205aee9.jpg","keywords":["Africa Press","Africa Press-Burkina Faso","Burkina Faso"],"articleSection":["homepage-french","Politique","Top Nouvelles","Toutes les actualit\u00e9s"],"inLanguage":"fr-FR","potentialAction":[{"@type":"CommentAction","name":"Comment","target":["https:\/\/www.africa-press.net\/burkina-faso\/politique\/operation-barkhane-plusieurs-terroristes-neutralises-dans-le-gourma#respond"]}]},{"@type":"WebPage","@id":"https:\/\/www.africa-press.net\/burkina-faso\/politique\/operation-barkhane-plusieurs-terroristes-neutralises-dans-le-gourma","url":"https:\/\/www.africa-press.net\/burkina-faso\/politique\/operation-barkhane-plusieurs-terroristes-neutralises-dans-le-gourma","name":"Op\u00e9ration Barkhane : Plusieurs terroristes neutralis\u00e9s dans le Gourma - Burkina Faso","isPartOf":{"@id":"https:\/\/www.africa-press.net\/burkina-faso\/#website"},"primaryImageOfPage":{"@id":"https:\/\/www.africa-press.net\/burkina-faso\/politique\/operation-barkhane-plusieurs-terroristes-neutralises-dans-le-gourma#primaryimage"},"image":{"@id":"https:\/\/www.africa-press.net\/burkina-faso\/politique\/operation-barkhane-plusieurs-terroristes-neutralises-dans-le-gourma#primaryimage"},"thumbnailUrl":"https:\/\/static.africa-press.net\/burkina\/sites\/42\/2021\/05\/img-608eb9205aee9.jpg","datePublished":"2021-05-02T14:54:32+00:00","dateModified":"2021-05-02T16:33:31+00:00","author":{"@id":"https:\/\/www.africa-press.net\/burkina-faso\/#\/schema\/person\/2b1cf3cd81a31e3cd26889ca66d677f1"},"description":"Dans son communiqu\u00e9 en date du 30 avril 2021, l\u2019Op\u00e9ration Barkhane fait le bilan d\u2019une semaine d\u2019op\u00e9rations. En colla ...","breadcrumb":{"@id":"https:\/\/www.africa-press.net\/burkina-faso\/politique\/operation-barkhane-plusieurs-terroristes-neutralises-dans-le-gourma#breadcrumb"},"inLanguage":"fr-FR","potentialAction":[{"@type":"ReadAction","target":["https:\/\/www.africa-press.net\/burkina-faso\/politique\/operation-barkhane-plusieurs-terroristes-neutralises-dans-le-gourma"]}]},{"@type":"ImageObject","inLanguage":"fr-FR","@id":"https:\/\/www.africa-press.net\/burkina-faso\/politique\/operation-barkhane-plusieurs-terroristes-neutralises-dans-le-gourma#primaryimage","url":"https:\/\/static.africa-press.net\/burkina\/sites\/42\/2021\/05\/img-608eb9205aee9.jpg","contentUrl":"https:\/\/static.africa-press.net\/burkina\/sites\/42\/2021\/05\/img-608eb9205aee9.jpg","width":720,"height":519,"caption":"Op\u00e9ration Barkhane : Plusieurs terroristes neutralis\u00e9s dans le Gourma"},{"@type":"BreadcrumbList","@id":"https:\/\/www.africa-press.net\/burkina-faso\/politique\/operation-barkhane-plusieurs-terroristes-neutralises-dans-le-gourma#breadcrumb","itemListElement":[{"@type":"ListItem","position":1,"name":"Accueil","item":"https:\/\/www.africa-press.net\/burkina-faso\/"},{"@type":"ListItem","position":2,"name":"Op\u00e9ration Barkhane : Plusieurs terroristes neutralis\u00e9s dans le Gourma"}]},{"@type":"WebSite","@id":"https:\/\/www.africa-press.net\/burkina-faso\/#website","url":"https:\/\/www.africa-press.net\/burkina-faso\/","name":"Burkina Faso","description":"Just another Africa News Agency Sites site","potentialAction":[{"@type":"SearchAction","target":{"@type":"EntryPoint","urlTemplate":"https:\/\/www.africa-press.net\/burkina-faso\/?s={search_term_string}"},"query-input":{"@type":"PropertyValueSpecification","valueRequired":true,"valueName":"search_term_string"}}],"inLanguage":"fr-FR"},{"@type":"Person","@id":"https:\/\/www.africa-press.net\/burkina-faso\/#\/schema\/person\/2b1cf3cd81a31e3cd26889ca66d677f1","name":"cfeditorfr"}]}},"_links":{"self":[{"href":"https:\/\/www.africa-press.net\/burkina-faso\/wp-json\/wp\/v2\/posts\/11002","targetHints":{"allow":["GET"]}}],"collection":[{"href":"https:\/\/www.africa-press.net\/burkina-faso\/wp-json\/wp\/v2\/posts"}],"about":[{"href":"https:\/\/www.africa-press.net\/burkina-faso\/wp-json\/wp\/v2\/types\/post"}],"author":[{"embeddable":true,"href":"https:\/\/www.africa-press.net\/burkina-faso\/wp-json\/wp\/v2\/users\/82"}],"replies":[{"embeddable":true,"href":"https:\/\/www.africa-press.net\/burkina-faso\/wp-json\/wp\/v2\/comments?post=11002"}],"version-history":[{"count":0,"href":"https:\/\/www.africa-press.net\/burkina-faso\/wp-json\/wp\/v2\/posts\/11002\/revisions"}],"wp:featuredmedia":[{"embeddable":true,"href":"https:\/\/www.africa-press.net\/burkina-faso\/wp-json\/wp\/v2\/media\/11001"}],"wp:attachment":[{"href":"https:\/\/www.africa-press.net\/burkina-faso\/wp-json\/wp\/v2\/media?parent=11002"}],"wp:term":[{"taxonomy":"category","embeddable":true,"href":"https:\/\/www.africa-press.net\/burkina-faso\/wp-json\/wp\/v2\/categories?post=11002"},{"taxonomy":"post_tag","embeddable":true,"href":"https:\/\/www.africa-press.net\/burkina-faso\/wp-json\/wp\/v2\/tags?post=11002"}],"curies":[{"name":"wp","href":"https:\/\/api.w.org\/{rel}","templated":true}]}}