{"id":11008,"date":"2021-05-02T15:23:17","date_gmt":"2021-05-02T15:23:17","guid":{"rendered":"https:\/\/www.africa-press.net\/burkina-faso\/?p=11008"},"modified":"2021-05-02T16:34:04","modified_gmt":"2021-05-02T16:34:04","slug":"blessures-de-sportifs-le-ministere-des-sports-au-secours-de-deux-athletes","status":"publish","type":"post","link":"https:\/\/www.africa-press.net\/burkina-faso\/sports\/blessures-de-sportifs-le-ministere-des-sports-au-secours-de-deux-athletes","title":{"rendered":"Blessures de sportifs : Le minist\u00e8re des sports au secours de deux athl\u00e8tes"},"content":{"rendered":"<p><span style=\"color: #ff6600\"><strong><a href=\"https:\/\/www.africa-press.net\/\">Africa-Press<\/a> &#8211; <a href=\"https:\/\/www.africa-press.net\/burkina-faso\">Burkina Faso<\/a>. <\/strong><\/span>Bless\u00e9s apr\u00e8s des matchs en \u00e9quipe nationale, les soins de sportifs burkinab\u00e8 ont \u00e9t\u00e9 pris en charge par le minist\u00e8re des sports. Le vendredi 30 avril 2021, une d\u00e9l\u00e9gation est all\u00e9e suivre l\u2019\u00e9tat d\u2019\u00e9volution de leur sant\u00e9.<\/p>\n<p>En 2017, Farouk est s\u00e9lectionn\u00e9 en \u00e9quipe nationale de handball pour disputer le championnat du monde U20. C\u2019\u00e9tait la premi\u00e8re fois qu\u2019une \u00e9quipe du Burkina Faso participait \u00e0 une comp\u00e9tition de ce niveau au handball. Pour cette premi\u00e8re, Farouk nourrissait de grands espoirs. Mais d\u00e8s le premier match contre la Tunisie, le jeune homme subit un choc au genou. L\u2019IRM va r\u00e9v\u00e9ler une rupture partielle du ligament int\u00e9rieur crois\u00e9. Une intervention chirurgicale \u00e9tait n\u00e9cessaire.<\/p>\n<p>Mais, c\u2019est quatre ans apr\u00e8s que Farkou va subir cette intervention dans un h\u00f4pital \u00e0 Ouagadougou. Tous les frais sont pris en charge par le minist\u00e8re des sports et des loisirs. Le secr\u00e9taire g\u00e9n\u00e9ral du minist\u00e8re des sports et des loisirs (MSL) Hermann Yabr\u00e9 explique le retard. \u00ab Il a suivi des traitements. En son temps, on a pens\u00e9 que les traitements allaient permettre sa gu\u00e9rison totale. Il a suivi un long traitement. Mais, on s\u2019est rendu compte que cela perdurait, que l\u2019intervention \u00e9tait n\u00e9cessaire et on a pu l\u2019op\u00e9rer avec succ\u00e8s \u00bb, t\u00e9moigne-t-il.<\/p>\n<p>Toujours sur son lit d\u2019h\u00f4pital, Farouk Ou\u00e9draogo pousse un ouf de soulagement apr\u00e8s cette intervention. \u00ab Aujourd\u2019hui, tout va bien. L\u2019intervention a \u00e9t\u00e9 prise en charge par le minist\u00e8re des sports \u00bb, se r\u00e9jouit le jeune homme. Il se dit r\u00e9confort\u00e9 par le passage du minist\u00e8re des sports pour s\u2019enqu\u00e9rir de son \u00e9tat de sant\u00e9. \u00ab Cela nous motive encore \u00e0 donner plus de t\u00e9nacit\u00e9 dans les prochaines comp\u00e9titions si on arrive \u00e0 \u00eatre s\u00e9lectionn\u00e9 \u00bb, affirme Farouk d\u2019un air plein d\u2019espoir.<\/p>\n<p>Hamza Derra est lui intern\u00e9 depuis trois jours apr\u00e8s une blessure similaire \u00e0 celui de Farouk mais son cas est encore plus grave. Lui \u00e9galement s\u2019est bless\u00e9 lors d\u2019un match avec les Etalons U20 en football. \u00ab C\u2019\u00e9tait lors d\u2019un match amical contre le Tenakourou pour les pr\u00e9parations de la CAN. Je suis entr\u00e9 en deuxi\u00e8me p\u00e9riode. J\u2019ai mal r\u00e9ceptionn\u00e9 le ballon et j\u2019ai eu cette blessure, des ligaments crois\u00e9s \u00bb, raconte le jeune footballeur.<\/p>\n<p>Mais, il aura fallu atteindre six mois pour qu\u2019il soit pris en charge par le minist\u00e8re des sports et des loisirs (MSL) sans aucun soutien. \u00ab J\u2019\u00e9tais \u00e0 la maison, je ne faisais rien. J\u2019\u00e9tais assis tout seul. Le m\u00e9decin m\u2019a appel\u00e9 le lundi pass\u00e9 et nous sommes venus faire l\u2019intervention \u00bb, explique-t-il. Hamza se dit heureux d\u2019avoir b\u00e9n\u00e9fici\u00e9 de cette prise en charge par le MSL.<\/p>\n<p>Ibrahim S\u00e9r\u00e9, m\u00e9decin du sport suit la prise en charge et l\u2019\u00e9volution des soins de ces sportifs. Il se veut confiant : \u00ab Je puis vous assurer que tout s\u2019est pass\u00e9. Dans un mois ou deux, ils peuvent retrouver les terrains. Apr\u00e8s l\u2019op\u00e9ration, il est pr\u00e9vu des s\u00e9ances de r\u00e9animation avec des kin\u00e9s et cela se passera au niveau du centre m\u00e9dico-sportif. Apr\u00e8s ces s\u00e9ances, nous allons passer \u00e0 la \u00ab re-athl\u00e9tisation (sic). Cela veut dire qu\u2019il y aura des pr\u00e9parateurs physiques qui seront \u00e0 leur c\u00f4t\u00e9 pour qu\u2019ils puissent retrouver les terrains \u00bb, explique Ibrahim S\u00e9r\u00e9. Hermann Yabr\u00e9 promet que tous les sportifs burkinab\u00e8 bless\u00e9s en d\u00e9fendant les couleurs du Burkina Faso seront pris en charge.<\/p>\n","protected":false},"excerpt":{"rendered":"<p>Africa-Press &#8211; Burkina Faso. Bless\u00e9s apr\u00e8s des matchs en \u00e9quipe nationale, les soins de sportifs burkinab\u00e8 ont \u00e9t\u00e9 pris en charge par le minist\u00e8re des sports. Le vendredi 30 avril 2021, une d\u00e9l\u00e9gation est all\u00e9e suivre l\u2019\u00e9tat d\u2019\u00e9volution de leur sant\u00e9. En 2017, Farouk est s\u00e9lectionn\u00e9 en \u00e9quipe nationale de handball pour disputer le championnat [&hellip;]<\/p>\n","protected":false},"author":82,"featured_media":11007,"comment_status":"open","ping_status":"closed","sticky":false,"template":"","format":"standard","meta":{"footnotes":""},"categories":[11,6,10],"tags":[111,725,29],"class_list":["post-11008","post","type-post","status-publish","format-standard","has-post-thumbnail","hentry","category-homepage-french","category-sports","category-toutes-les-actualites","tag-africa-press","tag-africa-press-burkina-faso","tag-burkina-faso"],"yoast_head":"<!-- This site is optimized with the Yoast SEO Premium plugin v26.1 (Yoast SEO v27.0) - https:\/\/yoast.com\/product\/yoast-seo-premium-wordpress\/ -->\n<title>Blessures de sportifs : Le minist\u00e8re des sports au secours de deux athl\u00e8tes - Burkina Faso<\/title>\n<meta name=\"description\" content=\"Bless\u00e9s apr\u00e8s des matchs en \u00e9quipe nationale, les soins de sportifs burkinab\u00e8 ont \u00e9t\u00e9 pris en charge par le minist\u00e8re de ...\" \/>\n<meta name=\"robots\" content=\"index, follow, max-snippet:-1, max-image-preview:large, max-video-preview:-1\" \/>\n<link rel=\"canonical\" href=\"https:\/\/www.africa-press.net\/burkina-faso\/sports\/blessures-de-sportifs-le-ministere-des-sports-au-secours-de-deux-athletes\" \/>\n<meta property=\"og:locale\" content=\"fr_FR\" \/>\n<meta property=\"og:type\" content=\"article\" \/>\n<meta property=\"og:title\" content=\"Blessures de sportifs : Le minist\u00e8re des sports au secours de deux athl\u00e8tes\" \/>\n<meta property=\"og:description\" content=\"Bless\u00e9s apr\u00e8s des matchs en \u00e9quipe nationale, les soins de sportifs burkinab\u00e8 ont \u00e9t\u00e9 pris en charge par le minist\u00e8re de ...\" \/>\n<meta property=\"og:url\" content=\"https:\/\/www.africa-press.net\/burkina-faso\/sports\/blessures-de-sportifs-le-ministere-des-sports-au-secours-de-deux-athletes\" \/>\n<meta property=\"og:site_name\" content=\"Burkina Faso\" \/>\n<meta property=\"article:published_time\" content=\"2021-05-02T15:23:17+00:00\" \/>\n<meta property=\"article:modified_time\" content=\"2021-05-02T16:34:04+00:00\" \/>\n<meta property=\"og:image\" content=\"https:\/\/static.africa-press.net\/burkina\/sites\/42\/2021\/05\/img-608ebc59305e1.jpg\" \/>\n\t<meta property=\"og:image:width\" content=\"720\" \/>\n\t<meta property=\"og:image:height\" content=\"540\" \/>\n\t<meta property=\"og:image:type\" content=\"image\/jpeg\" \/>\n<meta name=\"author\" content=\"cfeditorfr\" \/>\n<meta name=\"twitter:card\" content=\"summary_large_image\" \/>\n<meta name=\"twitter:label1\" content=\"\u00c9crit par\" \/>\n\t<meta name=\"twitter:data1\" content=\"cfeditorfr\" \/>\n\t<meta name=\"twitter:label2\" content=\"Dur\u00e9e de lecture estim\u00e9e\" \/>\n\t<meta name=\"twitter:data2\" content=\"3 minutes\" \/>\n<script type=\"application\/ld+json\" class=\"yoast-schema-graph\">{\"@context\":\"https:\/\/schema.org\",\"@graph\":[{\"@type\":\"Article\",\"@id\":\"https:\/\/www.africa-press.net\/burkina-faso\/sports\/blessures-de-sportifs-le-ministere-des-sports-au-secours-de-deux-athletes#article\",\"isPartOf\":{\"@id\":\"https:\/\/www.africa-press.net\/burkina-faso\/sports\/blessures-de-sportifs-le-ministere-des-sports-au-secours-de-deux-athletes\"},\"author\":{\"name\":\"cfeditorfr\",\"@id\":\"https:\/\/www.africa-press.net\/burkina-faso\/#\/schema\/person\/2b1cf3cd81a31e3cd26889ca66d677f1\"},\"headline\":\"Blessures de sportifs : Le minist\u00e8re des sports au secours de deux athl\u00e8tes\",\"datePublished\":\"2021-05-02T15:23:17+00:00\",\"dateModified\":\"2021-05-02T16:34:04+00:00\",\"mainEntityOfPage\":{\"@id\":\"https:\/\/www.africa-press.net\/burkina-faso\/sports\/blessures-de-sportifs-le-ministere-des-sports-au-secours-de-deux-athletes\"},\"wordCount\":636,\"commentCount\":0,\"image\":{\"@id\":\"https:\/\/www.africa-press.net\/burkina-faso\/sports\/blessures-de-sportifs-le-ministere-des-sports-au-secours-de-deux-athletes#primaryimage\"},\"thumbnailUrl\":\"https:\/\/static.africa-press.net\/burkina\/sites\/42\/2021\/05\/img-608ebc59305e1.jpg\",\"keywords\":[\"Africa Press\",\"Africa Press-Burkina Faso\",\"Burkina Faso\"],\"articleSection\":[\"homepage-french\",\"Sports\",\"Toutes les actualit\u00e9s\"],\"inLanguage\":\"fr-FR\",\"potentialAction\":[{\"@type\":\"CommentAction\",\"name\":\"Comment\",\"target\":[\"https:\/\/www.africa-press.net\/burkina-faso\/sports\/blessures-de-sportifs-le-ministere-des-sports-au-secours-de-deux-athletes#respond\"]}]},{\"@type\":\"WebPage\",\"@id\":\"https:\/\/www.africa-press.net\/burkina-faso\/sports\/blessures-de-sportifs-le-ministere-des-sports-au-secours-de-deux-athletes\",\"url\":\"https:\/\/www.africa-press.net\/burkina-faso\/sports\/blessures-de-sportifs-le-ministere-des-sports-au-secours-de-deux-athletes\",\"name\":\"Blessures de sportifs : Le minist\u00e8re des sports au secours de deux athl\u00e8tes - Burkina Faso\",\"isPartOf\":{\"@id\":\"https:\/\/www.africa-press.net\/burkina-faso\/#website\"},\"primaryImageOfPage\":{\"@id\":\"https:\/\/www.africa-press.net\/burkina-faso\/sports\/blessures-de-sportifs-le-ministere-des-sports-au-secours-de-deux-athletes#primaryimage\"},\"image\":{\"@id\":\"https:\/\/www.africa-press.net\/burkina-faso\/sports\/blessures-de-sportifs-le-ministere-des-sports-au-secours-de-deux-athletes#primaryimage\"},\"thumbnailUrl\":\"https:\/\/static.africa-press.net\/burkina\/sites\/42\/2021\/05\/img-608ebc59305e1.jpg\",\"datePublished\":\"2021-05-02T15:23:17+00:00\",\"dateModified\":\"2021-05-02T16:34:04+00:00\",\"author\":{\"@id\":\"https:\/\/www.africa-press.net\/burkina-faso\/#\/schema\/person\/2b1cf3cd81a31e3cd26889ca66d677f1\"},\"description\":\"Bless\u00e9s apr\u00e8s des matchs en \u00e9quipe nationale, les soins de sportifs burkinab\u00e8 ont \u00e9t\u00e9 pris en charge par le minist\u00e8re de ...\",\"breadcrumb\":{\"@id\":\"https:\/\/www.africa-press.net\/burkina-faso\/sports\/blessures-de-sportifs-le-ministere-des-sports-au-secours-de-deux-athletes#breadcrumb\"},\"inLanguage\":\"fr-FR\",\"potentialAction\":[{\"@type\":\"ReadAction\",\"target\":[\"https:\/\/www.africa-press.net\/burkina-faso\/sports\/blessures-de-sportifs-le-ministere-des-sports-au-secours-de-deux-athletes\"]}]},{\"@type\":\"ImageObject\",\"inLanguage\":\"fr-FR\",\"@id\":\"https:\/\/www.africa-press.net\/burkina-faso\/sports\/blessures-de-sportifs-le-ministere-des-sports-au-secours-de-deux-athletes#primaryimage\",\"url\":\"https:\/\/static.africa-press.net\/burkina\/sites\/42\/2021\/05\/img-608ebc59305e1.jpg\",\"contentUrl\":\"https:\/\/static.africa-press.net\/burkina\/sites\/42\/2021\/05\/img-608ebc59305e1.jpg\",\"width\":720,\"height\":540,\"caption\":\"Blessures de sportifs : Le minist\u00e8re des sports au secours de deux athl\u00e8tes\"},{\"@type\":\"BreadcrumbList\",\"@id\":\"https:\/\/www.africa-press.net\/burkina-faso\/sports\/blessures-de-sportifs-le-ministere-des-sports-au-secours-de-deux-athletes#breadcrumb\",\"itemListElement\":[{\"@type\":\"ListItem\",\"position\":1,\"name\":\"Accueil\",\"item\":\"https:\/\/www.africa-press.net\/burkina-faso\/\"},{\"@type\":\"ListItem\",\"position\":2,\"name\":\"Blessures de sportifs : Le minist\u00e8re des sports au secours de deux athl\u00e8tes\"}]},{\"@type\":\"WebSite\",\"@id\":\"https:\/\/www.africa-press.net\/burkina-faso\/#website\",\"url\":\"https:\/\/www.africa-press.net\/burkina-faso\/\",\"name\":\"Burkina Faso\",\"description\":\"Just another Africa News Agency Sites site\",\"potentialAction\":[{\"@type\":\"SearchAction\",\"target\":{\"@type\":\"EntryPoint\",\"urlTemplate\":\"https:\/\/www.africa-press.net\/burkina-faso\/?s={search_term_string}\"},\"query-input\":{\"@type\":\"PropertyValueSpecification\",\"valueRequired\":true,\"valueName\":\"search_term_string\"}}],\"inLanguage\":\"fr-FR\"},{\"@type\":\"Person\",\"@id\":\"https:\/\/www.africa-press.net\/burkina-faso\/#\/schema\/person\/2b1cf3cd81a31e3cd26889ca66d677f1\",\"name\":\"cfeditorfr\"}]}<\/script>\n<!-- \/ Yoast SEO Premium plugin. -->","yoast_head_json":{"title":"Blessures de sportifs : Le minist\u00e8re des sports au secours de deux athl\u00e8tes - Burkina Faso","description":"Bless\u00e9s apr\u00e8s des matchs en \u00e9quipe nationale, les soins de sportifs burkinab\u00e8 ont \u00e9t\u00e9 pris en charge par le minist\u00e8re de ...","robots":{"index":"index","follow":"follow","max-snippet":"max-snippet:-1","max-image-preview":"max-image-preview:large","max-video-preview":"max-video-preview:-1"},"canonical":"https:\/\/www.africa-press.net\/burkina-faso\/sports\/blessures-de-sportifs-le-ministere-des-sports-au-secours-de-deux-athletes","og_locale":"fr_FR","og_type":"article","og_title":"Blessures de sportifs : Le minist\u00e8re des sports au secours de deux athl\u00e8tes","og_description":"Bless\u00e9s apr\u00e8s des matchs en \u00e9quipe nationale, les soins de sportifs burkinab\u00e8 ont \u00e9t\u00e9 pris en charge par le minist\u00e8re de ...","og_url":"https:\/\/www.africa-press.net\/burkina-faso\/sports\/blessures-de-sportifs-le-ministere-des-sports-au-secours-de-deux-athletes","og_site_name":"Burkina Faso","article_published_time":"2021-05-02T15:23:17+00:00","article_modified_time":"2021-05-02T16:34:04+00:00","og_image":[{"width":720,"height":540,"url":"https:\/\/static.africa-press.net\/burkina\/sites\/42\/2021\/05\/img-608ebc59305e1.jpg","type":"image\/jpeg"}],"author":"cfeditorfr","twitter_card":"summary_large_image","twitter_misc":{"\u00c9crit par":"cfeditorfr","Dur\u00e9e de lecture estim\u00e9e":"3 minutes"},"schema":{"@context":"https:\/\/schema.org","@graph":[{"@type":"Article","@id":"https:\/\/www.africa-press.net\/burkina-faso\/sports\/blessures-de-sportifs-le-ministere-des-sports-au-secours-de-deux-athletes#article","isPartOf":{"@id":"https:\/\/www.africa-press.net\/burkina-faso\/sports\/blessures-de-sportifs-le-ministere-des-sports-au-secours-de-deux-athletes"},"author":{"name":"cfeditorfr","@id":"https:\/\/www.africa-press.net\/burkina-faso\/#\/schema\/person\/2b1cf3cd81a31e3cd26889ca66d677f1"},"headline":"Blessures de sportifs : Le minist\u00e8re des sports au secours de deux athl\u00e8tes","datePublished":"2021-05-02T15:23:17+00:00","dateModified":"2021-05-02T16:34:04+00:00","mainEntityOfPage":{"@id":"https:\/\/www.africa-press.net\/burkina-faso\/sports\/blessures-de-sportifs-le-ministere-des-sports-au-secours-de-deux-athletes"},"wordCount":636,"commentCount":0,"image":{"@id":"https:\/\/www.africa-press.net\/burkina-faso\/sports\/blessures-de-sportifs-le-ministere-des-sports-au-secours-de-deux-athletes#primaryimage"},"thumbnailUrl":"https:\/\/static.africa-press.net\/burkina\/sites\/42\/2021\/05\/img-608ebc59305e1.jpg","keywords":["Africa Press","Africa Press-Burkina Faso","Burkina Faso"],"articleSection":["homepage-french","Sports","Toutes les actualit\u00e9s"],"inLanguage":"fr-FR","potentialAction":[{"@type":"CommentAction","name":"Comment","target":["https:\/\/www.africa-press.net\/burkina-faso\/sports\/blessures-de-sportifs-le-ministere-des-sports-au-secours-de-deux-athletes#respond"]}]},{"@type":"WebPage","@id":"https:\/\/www.africa-press.net\/burkina-faso\/sports\/blessures-de-sportifs-le-ministere-des-sports-au-secours-de-deux-athletes","url":"https:\/\/www.africa-press.net\/burkina-faso\/sports\/blessures-de-sportifs-le-ministere-des-sports-au-secours-de-deux-athletes","name":"Blessures de sportifs : Le minist\u00e8re des sports au secours de deux athl\u00e8tes - Burkina Faso","isPartOf":{"@id":"https:\/\/www.africa-press.net\/burkina-faso\/#website"},"primaryImageOfPage":{"@id":"https:\/\/www.africa-press.net\/burkina-faso\/sports\/blessures-de-sportifs-le-ministere-des-sports-au-secours-de-deux-athletes#primaryimage"},"image":{"@id":"https:\/\/www.africa-press.net\/burkina-faso\/sports\/blessures-de-sportifs-le-ministere-des-sports-au-secours-de-deux-athletes#primaryimage"},"thumbnailUrl":"https:\/\/static.africa-press.net\/burkina\/sites\/42\/2021\/05\/img-608ebc59305e1.jpg","datePublished":"2021-05-02T15:23:17+00:00","dateModified":"2021-05-02T16:34:04+00:00","author":{"@id":"https:\/\/www.africa-press.net\/burkina-faso\/#\/schema\/person\/2b1cf3cd81a31e3cd26889ca66d677f1"},"description":"Bless\u00e9s apr\u00e8s des matchs en \u00e9quipe nationale, les soins de sportifs burkinab\u00e8 ont \u00e9t\u00e9 pris en charge par le minist\u00e8re de ...","breadcrumb":{"@id":"https:\/\/www.africa-press.net\/burkina-faso\/sports\/blessures-de-sportifs-le-ministere-des-sports-au-secours-de-deux-athletes#breadcrumb"},"inLanguage":"fr-FR","potentialAction":[{"@type":"ReadAction","target":["https:\/\/www.africa-press.net\/burkina-faso\/sports\/blessures-de-sportifs-le-ministere-des-sports-au-secours-de-deux-athletes"]}]},{"@type":"ImageObject","inLanguage":"fr-FR","@id":"https:\/\/www.africa-press.net\/burkina-faso\/sports\/blessures-de-sportifs-le-ministere-des-sports-au-secours-de-deux-athletes#primaryimage","url":"https:\/\/static.africa-press.net\/burkina\/sites\/42\/2021\/05\/img-608ebc59305e1.jpg","contentUrl":"https:\/\/static.africa-press.net\/burkina\/sites\/42\/2021\/05\/img-608ebc59305e1.jpg","width":720,"height":540,"caption":"Blessures de sportifs : Le minist\u00e8re des sports au secours de deux athl\u00e8tes"},{"@type":"BreadcrumbList","@id":"https:\/\/www.africa-press.net\/burkina-faso\/sports\/blessures-de-sportifs-le-ministere-des-sports-au-secours-de-deux-athletes#breadcrumb","itemListElement":[{"@type":"ListItem","position":1,"name":"Accueil","item":"https:\/\/www.africa-press.net\/burkina-faso\/"},{"@type":"ListItem","position":2,"name":"Blessures de sportifs : Le minist\u00e8re des sports au secours de deux athl\u00e8tes"}]},{"@type":"WebSite","@id":"https:\/\/www.africa-press.net\/burkina-faso\/#website","url":"https:\/\/www.africa-press.net\/burkina-faso\/","name":"Burkina Faso","description":"Just another Africa News Agency Sites site","potentialAction":[{"@type":"SearchAction","target":{"@type":"EntryPoint","urlTemplate":"https:\/\/www.africa-press.net\/burkina-faso\/?s={search_term_string}"},"query-input":{"@type":"PropertyValueSpecification","valueRequired":true,"valueName":"search_term_string"}}],"inLanguage":"fr-FR"},{"@type":"Person","@id":"https:\/\/www.africa-press.net\/burkina-faso\/#\/schema\/person\/2b1cf3cd81a31e3cd26889ca66d677f1","name":"cfeditorfr"}]}},"_links":{"self":[{"href":"https:\/\/www.africa-press.net\/burkina-faso\/wp-json\/wp\/v2\/posts\/11008","targetHints":{"allow":["GET"]}}],"collection":[{"href":"https:\/\/www.africa-press.net\/burkina-faso\/wp-json\/wp\/v2\/posts"}],"about":[{"href":"https:\/\/www.africa-press.net\/burkina-faso\/wp-json\/wp\/v2\/types\/post"}],"author":[{"embeddable":true,"href":"https:\/\/www.africa-press.net\/burkina-faso\/wp-json\/wp\/v2\/users\/82"}],"replies":[{"embeddable":true,"href":"https:\/\/www.africa-press.net\/burkina-faso\/wp-json\/wp\/v2\/comments?post=11008"}],"version-history":[{"count":0,"href":"https:\/\/www.africa-press.net\/burkina-faso\/wp-json\/wp\/v2\/posts\/11008\/revisions"}],"wp:featuredmedia":[{"embeddable":true,"href":"https:\/\/www.africa-press.net\/burkina-faso\/wp-json\/wp\/v2\/media\/11007"}],"wp:attachment":[{"href":"https:\/\/www.africa-press.net\/burkina-faso\/wp-json\/wp\/v2\/media?parent=11008"}],"wp:term":[{"taxonomy":"category","embeddable":true,"href":"https:\/\/www.africa-press.net\/burkina-faso\/wp-json\/wp\/v2\/categories?post=11008"},{"taxonomy":"post_tag","embeddable":true,"href":"https:\/\/www.africa-press.net\/burkina-faso\/wp-json\/wp\/v2\/tags?post=11008"}],"curies":[{"name":"wp","href":"https:\/\/api.w.org\/{rel}","templated":true}]}}