{"id":11017,"date":"2021-05-02T15:46:43","date_gmt":"2021-05-02T15:46:43","guid":{"rendered":"https:\/\/www.africa-press.net\/burkina-faso\/?p=11017"},"modified":"2021-05-02T16:34:40","modified_gmt":"2021-05-02T16:34:40","slug":"manifestations-scolaires-lunapes-b-appelle-au-sens-des-responsabilites","status":"publish","type":"post","link":"https:\/\/www.africa-press.net\/burkina-faso\/culture-et-art\/manifestations-scolaires-lunapes-b-appelle-au-sens-des-responsabilites","title":{"rendered":"Manifestations scolaires : L\u2019UNAPES-B appelle au sens des responsabilit\u00e9s"},"content":{"rendered":"<p><span style=\"color: #ff6600\"><strong><a href=\"https:\/\/www.africa-press.net\/\">Africa-Press<\/a> &#8211; <a href=\"https:\/\/www.africa-press.net\/burkina-faso\">Burkina Faso<\/a>. <\/strong><\/span>C\u2019est avec une grande consternation que l\u2019Union nationale des associations des parents d\u2019\u00e9l\u00e8ves du post-primaire, du primaire et du secondaire du Burkina (UNAPES-B) a appris le d\u00e9c\u00e8s de C\u00e9cile Kinda, \u00e9l\u00e8ve en classe de troisi\u00e8me au coll\u00e8ge Sainte Bernadette de Kongoussi.<\/p>\n<p>D\u00e9c\u00e8s survenu hier 29 avril 2021 au cours des manifestations organis\u00e9es par les associations d\u2019\u00e9l\u00e8ves pour protester contre les r\u00e9formes entreprises par le minist\u00e8re de l\u2019Education nationale, de l\u2019alphab\u00e9tisation et de la promotion des langues nationales (MENAPLN).<\/p>\n<p>En cette circonstance douloureuse, l\u2019UNAPES-B pr\u00e9sente ses sinc\u00e8res condol\u00e9ances \u00e0 sa famille, \u00e0 son \u00e9tablissement ainsi qu\u2019\u00e0 toute la communaut\u00e9 \u00e9ducative. L\u2019UNAPES-B demande qu\u2019une enqu\u00eate soit rapidement ouverte pour faire la lumi\u00e8re sur les circonstances dans lesquelles le d\u00e9c\u00e8s est survenu.<\/p>\n<p>L\u2019UNAPES-B d\u00e9plore les violences qui ont \u00e9maill\u00e9 les diff\u00e9rentes manifestations et appelle tous les acteurs du syst\u00e8me \u00e9ducatif au sens des responsabilit\u00e9s et \u00e0 la retenue au moment o\u00f9 se profilent les examens et concours de fin d\u2019ann\u00e9e.<\/p>\n<p><b>\u00a0<\/b><\/p>\n","protected":false},"excerpt":{"rendered":"<p>Africa-Press &#8211; Burkina Faso. C\u2019est avec une grande consternation que l\u2019Union nationale des associations des parents d\u2019\u00e9l\u00e8ves du post-primaire, du primaire et du secondaire du Burkina (UNAPES-B) a appris le d\u00e9c\u00e8s de C\u00e9cile Kinda, \u00e9l\u00e8ve en classe de troisi\u00e8me au coll\u00e8ge Sainte Bernadette de Kongoussi. D\u00e9c\u00e8s survenu hier 29 avril 2021 au cours des manifestations [&hellip;]<\/p>\n","protected":false},"author":82,"featured_media":11016,"comment_status":"open","ping_status":"closed","sticky":false,"template":"","format":"standard","meta":{"footnotes":""},"categories":[5,11,10],"tags":[111,725,29],"class_list":["post-11017","post","type-post","status-publish","format-standard","has-post-thumbnail","hentry","category-culture-et-art","category-homepage-french","category-toutes-les-actualites","tag-africa-press","tag-africa-press-burkina-faso","tag-burkina-faso"],"yoast_head":"<!-- This site is optimized with the Yoast SEO Premium plugin v26.1 (Yoast SEO v27.0) - https:\/\/yoast.com\/product\/yoast-seo-premium-wordpress\/ -->\n<title>Manifestations scolaires : L\u2019UNAPES-B appelle au sens des responsabilit\u00e9s - Burkina Faso<\/title>\n<meta name=\"description\" content=\"C\u2019est avec une grande consternation que l\u2019Union nationale des associations des parents d\u2019\u00e9l\u00e8ves du post-primaire, du pri ...\" \/>\n<meta name=\"robots\" content=\"index, follow, max-snippet:-1, max-image-preview:large, max-video-preview:-1\" \/>\n<link rel=\"canonical\" href=\"https:\/\/www.africa-press.net\/burkina-faso\/culture-et-art\/manifestations-scolaires-lunapes-b-appelle-au-sens-des-responsabilites\" \/>\n<meta property=\"og:locale\" content=\"fr_FR\" \/>\n<meta property=\"og:type\" content=\"article\" \/>\n<meta property=\"og:title\" content=\"Manifestations scolaires : L\u2019UNAPES-B appelle au sens des responsabilit\u00e9s\" \/>\n<meta property=\"og:description\" content=\"C\u2019est avec une grande consternation que l\u2019Union nationale des associations des parents d\u2019\u00e9l\u00e8ves du post-primaire, du pri ...\" \/>\n<meta property=\"og:url\" content=\"https:\/\/www.africa-press.net\/burkina-faso\/culture-et-art\/manifestations-scolaires-lunapes-b-appelle-au-sens-des-responsabilites\" \/>\n<meta property=\"og:site_name\" content=\"Burkina Faso\" \/>\n<meta property=\"article:published_time\" content=\"2021-05-02T15:46:43+00:00\" \/>\n<meta property=\"article:modified_time\" content=\"2021-05-02T16:34:40+00:00\" \/>\n<meta property=\"og:image\" content=\"https:\/\/static.africa-press.net\/burkina\/sites\/42\/2021\/05\/img-608ebceaa551d.jpg\" \/>\n\t<meta property=\"og:image:width\" content=\"1024\" \/>\n\t<meta property=\"og:image:height\" content=\"768\" \/>\n\t<meta property=\"og:image:type\" content=\"image\/jpeg\" \/>\n<meta name=\"author\" content=\"cfeditorfr\" \/>\n<meta name=\"twitter:card\" content=\"summary_large_image\" \/>\n<meta name=\"twitter:label1\" content=\"\u00c9crit par\" \/>\n\t<meta name=\"twitter:data1\" content=\"cfeditorfr\" \/>\n\t<meta name=\"twitter:label2\" content=\"Dur\u00e9e de lecture estim\u00e9e\" \/>\n\t<meta name=\"twitter:data2\" content=\"1 minute\" \/>\n<script type=\"application\/ld+json\" class=\"yoast-schema-graph\">{\"@context\":\"https:\/\/schema.org\",\"@graph\":[{\"@type\":\"Article\",\"@id\":\"https:\/\/www.africa-press.net\/burkina-faso\/culture-et-art\/manifestations-scolaires-lunapes-b-appelle-au-sens-des-responsabilites#article\",\"isPartOf\":{\"@id\":\"https:\/\/www.africa-press.net\/burkina-faso\/culture-et-art\/manifestations-scolaires-lunapes-b-appelle-au-sens-des-responsabilites\"},\"author\":{\"name\":\"cfeditorfr\",\"@id\":\"https:\/\/www.africa-press.net\/burkina-faso\/#\/schema\/person\/2b1cf3cd81a31e3cd26889ca66d677f1\"},\"headline\":\"Manifestations scolaires : L\u2019UNAPES-B appelle au sens des responsabilit\u00e9s\",\"datePublished\":\"2021-05-02T15:46:43+00:00\",\"dateModified\":\"2021-05-02T16:34:40+00:00\",\"mainEntityOfPage\":{\"@id\":\"https:\/\/www.africa-press.net\/burkina-faso\/culture-et-art\/manifestations-scolaires-lunapes-b-appelle-au-sens-des-responsabilites\"},\"wordCount\":203,\"commentCount\":0,\"image\":{\"@id\":\"https:\/\/www.africa-press.net\/burkina-faso\/culture-et-art\/manifestations-scolaires-lunapes-b-appelle-au-sens-des-responsabilites#primaryimage\"},\"thumbnailUrl\":\"https:\/\/static.africa-press.net\/burkina\/sites\/42\/2021\/05\/img-608ebceaa551d.jpg\",\"keywords\":[\"Africa Press\",\"Africa Press-Burkina Faso\",\"Burkina Faso\"],\"articleSection\":[\"Culture et Art\",\"homepage-french\",\"Toutes les actualit\u00e9s\"],\"inLanguage\":\"fr-FR\",\"potentialAction\":[{\"@type\":\"CommentAction\",\"name\":\"Comment\",\"target\":[\"https:\/\/www.africa-press.net\/burkina-faso\/culture-et-art\/manifestations-scolaires-lunapes-b-appelle-au-sens-des-responsabilites#respond\"]}]},{\"@type\":\"WebPage\",\"@id\":\"https:\/\/www.africa-press.net\/burkina-faso\/culture-et-art\/manifestations-scolaires-lunapes-b-appelle-au-sens-des-responsabilites\",\"url\":\"https:\/\/www.africa-press.net\/burkina-faso\/culture-et-art\/manifestations-scolaires-lunapes-b-appelle-au-sens-des-responsabilites\",\"name\":\"Manifestations scolaires : L\u2019UNAPES-B appelle au sens des responsabilit\u00e9s - Burkina Faso\",\"isPartOf\":{\"@id\":\"https:\/\/www.africa-press.net\/burkina-faso\/#website\"},\"primaryImageOfPage\":{\"@id\":\"https:\/\/www.africa-press.net\/burkina-faso\/culture-et-art\/manifestations-scolaires-lunapes-b-appelle-au-sens-des-responsabilites#primaryimage\"},\"image\":{\"@id\":\"https:\/\/www.africa-press.net\/burkina-faso\/culture-et-art\/manifestations-scolaires-lunapes-b-appelle-au-sens-des-responsabilites#primaryimage\"},\"thumbnailUrl\":\"https:\/\/static.africa-press.net\/burkina\/sites\/42\/2021\/05\/img-608ebceaa551d.jpg\",\"datePublished\":\"2021-05-02T15:46:43+00:00\",\"dateModified\":\"2021-05-02T16:34:40+00:00\",\"author\":{\"@id\":\"https:\/\/www.africa-press.net\/burkina-faso\/#\/schema\/person\/2b1cf3cd81a31e3cd26889ca66d677f1\"},\"description\":\"C\u2019est avec une grande consternation que l\u2019Union nationale des associations des parents d\u2019\u00e9l\u00e8ves du post-primaire, du pri ...\",\"breadcrumb\":{\"@id\":\"https:\/\/www.africa-press.net\/burkina-faso\/culture-et-art\/manifestations-scolaires-lunapes-b-appelle-au-sens-des-responsabilites#breadcrumb\"},\"inLanguage\":\"fr-FR\",\"potentialAction\":[{\"@type\":\"ReadAction\",\"target\":[\"https:\/\/www.africa-press.net\/burkina-faso\/culture-et-art\/manifestations-scolaires-lunapes-b-appelle-au-sens-des-responsabilites\"]}]},{\"@type\":\"ImageObject\",\"inLanguage\":\"fr-FR\",\"@id\":\"https:\/\/www.africa-press.net\/burkina-faso\/culture-et-art\/manifestations-scolaires-lunapes-b-appelle-au-sens-des-responsabilites#primaryimage\",\"url\":\"https:\/\/static.africa-press.net\/burkina\/sites\/42\/2021\/05\/img-608ebceaa551d.jpg\",\"contentUrl\":\"https:\/\/static.africa-press.net\/burkina\/sites\/42\/2021\/05\/img-608ebceaa551d.jpg\",\"width\":1024,\"height\":768,\"caption\":\"Manifestations scolaires : L\u2019UNAPES-B appelle au sens des responsabilit\u00e9s\"},{\"@type\":\"BreadcrumbList\",\"@id\":\"https:\/\/www.africa-press.net\/burkina-faso\/culture-et-art\/manifestations-scolaires-lunapes-b-appelle-au-sens-des-responsabilites#breadcrumb\",\"itemListElement\":[{\"@type\":\"ListItem\",\"position\":1,\"name\":\"Accueil\",\"item\":\"https:\/\/www.africa-press.net\/burkina-faso\/\"},{\"@type\":\"ListItem\",\"position\":2,\"name\":\"Manifestations scolaires : L\u2019UNAPES-B appelle au sens des responsabilit\u00e9s\"}]},{\"@type\":\"WebSite\",\"@id\":\"https:\/\/www.africa-press.net\/burkina-faso\/#website\",\"url\":\"https:\/\/www.africa-press.net\/burkina-faso\/\",\"name\":\"Burkina Faso\",\"description\":\"Just another Africa News Agency Sites site\",\"potentialAction\":[{\"@type\":\"SearchAction\",\"target\":{\"@type\":\"EntryPoint\",\"urlTemplate\":\"https:\/\/www.africa-press.net\/burkina-faso\/?s={search_term_string}\"},\"query-input\":{\"@type\":\"PropertyValueSpecification\",\"valueRequired\":true,\"valueName\":\"search_term_string\"}}],\"inLanguage\":\"fr-FR\"},{\"@type\":\"Person\",\"@id\":\"https:\/\/www.africa-press.net\/burkina-faso\/#\/schema\/person\/2b1cf3cd81a31e3cd26889ca66d677f1\",\"name\":\"cfeditorfr\"}]}<\/script>\n<!-- \/ Yoast SEO Premium plugin. -->","yoast_head_json":{"title":"Manifestations scolaires : L\u2019UNAPES-B appelle au sens des responsabilit\u00e9s - Burkina Faso","description":"C\u2019est avec une grande consternation que l\u2019Union nationale des associations des parents d\u2019\u00e9l\u00e8ves du post-primaire, du pri ...","robots":{"index":"index","follow":"follow","max-snippet":"max-snippet:-1","max-image-preview":"max-image-preview:large","max-video-preview":"max-video-preview:-1"},"canonical":"https:\/\/www.africa-press.net\/burkina-faso\/culture-et-art\/manifestations-scolaires-lunapes-b-appelle-au-sens-des-responsabilites","og_locale":"fr_FR","og_type":"article","og_title":"Manifestations scolaires : L\u2019UNAPES-B appelle au sens des responsabilit\u00e9s","og_description":"C\u2019est avec une grande consternation que l\u2019Union nationale des associations des parents d\u2019\u00e9l\u00e8ves du post-primaire, du pri ...","og_url":"https:\/\/www.africa-press.net\/burkina-faso\/culture-et-art\/manifestations-scolaires-lunapes-b-appelle-au-sens-des-responsabilites","og_site_name":"Burkina Faso","article_published_time":"2021-05-02T15:46:43+00:00","article_modified_time":"2021-05-02T16:34:40+00:00","og_image":[{"width":1024,"height":768,"url":"https:\/\/static.africa-press.net\/burkina\/sites\/42\/2021\/05\/img-608ebceaa551d.jpg","type":"image\/jpeg"}],"author":"cfeditorfr","twitter_card":"summary_large_image","twitter_misc":{"\u00c9crit par":"cfeditorfr","Dur\u00e9e de lecture estim\u00e9e":"1 minute"},"schema":{"@context":"https:\/\/schema.org","@graph":[{"@type":"Article","@id":"https:\/\/www.africa-press.net\/burkina-faso\/culture-et-art\/manifestations-scolaires-lunapes-b-appelle-au-sens-des-responsabilites#article","isPartOf":{"@id":"https:\/\/www.africa-press.net\/burkina-faso\/culture-et-art\/manifestations-scolaires-lunapes-b-appelle-au-sens-des-responsabilites"},"author":{"name":"cfeditorfr","@id":"https:\/\/www.africa-press.net\/burkina-faso\/#\/schema\/person\/2b1cf3cd81a31e3cd26889ca66d677f1"},"headline":"Manifestations scolaires : L\u2019UNAPES-B appelle au sens des responsabilit\u00e9s","datePublished":"2021-05-02T15:46:43+00:00","dateModified":"2021-05-02T16:34:40+00:00","mainEntityOfPage":{"@id":"https:\/\/www.africa-press.net\/burkina-faso\/culture-et-art\/manifestations-scolaires-lunapes-b-appelle-au-sens-des-responsabilites"},"wordCount":203,"commentCount":0,"image":{"@id":"https:\/\/www.africa-press.net\/burkina-faso\/culture-et-art\/manifestations-scolaires-lunapes-b-appelle-au-sens-des-responsabilites#primaryimage"},"thumbnailUrl":"https:\/\/static.africa-press.net\/burkina\/sites\/42\/2021\/05\/img-608ebceaa551d.jpg","keywords":["Africa Press","Africa Press-Burkina Faso","Burkina Faso"],"articleSection":["Culture et Art","homepage-french","Toutes les actualit\u00e9s"],"inLanguage":"fr-FR","potentialAction":[{"@type":"CommentAction","name":"Comment","target":["https:\/\/www.africa-press.net\/burkina-faso\/culture-et-art\/manifestations-scolaires-lunapes-b-appelle-au-sens-des-responsabilites#respond"]}]},{"@type":"WebPage","@id":"https:\/\/www.africa-press.net\/burkina-faso\/culture-et-art\/manifestations-scolaires-lunapes-b-appelle-au-sens-des-responsabilites","url":"https:\/\/www.africa-press.net\/burkina-faso\/culture-et-art\/manifestations-scolaires-lunapes-b-appelle-au-sens-des-responsabilites","name":"Manifestations scolaires : L\u2019UNAPES-B appelle au sens des responsabilit\u00e9s - Burkina Faso","isPartOf":{"@id":"https:\/\/www.africa-press.net\/burkina-faso\/#website"},"primaryImageOfPage":{"@id":"https:\/\/www.africa-press.net\/burkina-faso\/culture-et-art\/manifestations-scolaires-lunapes-b-appelle-au-sens-des-responsabilites#primaryimage"},"image":{"@id":"https:\/\/www.africa-press.net\/burkina-faso\/culture-et-art\/manifestations-scolaires-lunapes-b-appelle-au-sens-des-responsabilites#primaryimage"},"thumbnailUrl":"https:\/\/static.africa-press.net\/burkina\/sites\/42\/2021\/05\/img-608ebceaa551d.jpg","datePublished":"2021-05-02T15:46:43+00:00","dateModified":"2021-05-02T16:34:40+00:00","author":{"@id":"https:\/\/www.africa-press.net\/burkina-faso\/#\/schema\/person\/2b1cf3cd81a31e3cd26889ca66d677f1"},"description":"C\u2019est avec une grande consternation que l\u2019Union nationale des associations des parents d\u2019\u00e9l\u00e8ves du post-primaire, du pri ...","breadcrumb":{"@id":"https:\/\/www.africa-press.net\/burkina-faso\/culture-et-art\/manifestations-scolaires-lunapes-b-appelle-au-sens-des-responsabilites#breadcrumb"},"inLanguage":"fr-FR","potentialAction":[{"@type":"ReadAction","target":["https:\/\/www.africa-press.net\/burkina-faso\/culture-et-art\/manifestations-scolaires-lunapes-b-appelle-au-sens-des-responsabilites"]}]},{"@type":"ImageObject","inLanguage":"fr-FR","@id":"https:\/\/www.africa-press.net\/burkina-faso\/culture-et-art\/manifestations-scolaires-lunapes-b-appelle-au-sens-des-responsabilites#primaryimage","url":"https:\/\/static.africa-press.net\/burkina\/sites\/42\/2021\/05\/img-608ebceaa551d.jpg","contentUrl":"https:\/\/static.africa-press.net\/burkina\/sites\/42\/2021\/05\/img-608ebceaa551d.jpg","width":1024,"height":768,"caption":"Manifestations scolaires : L\u2019UNAPES-B appelle au sens des responsabilit\u00e9s"},{"@type":"BreadcrumbList","@id":"https:\/\/www.africa-press.net\/burkina-faso\/culture-et-art\/manifestations-scolaires-lunapes-b-appelle-au-sens-des-responsabilites#breadcrumb","itemListElement":[{"@type":"ListItem","position":1,"name":"Accueil","item":"https:\/\/www.africa-press.net\/burkina-faso\/"},{"@type":"ListItem","position":2,"name":"Manifestations scolaires : L\u2019UNAPES-B appelle au sens des responsabilit\u00e9s"}]},{"@type":"WebSite","@id":"https:\/\/www.africa-press.net\/burkina-faso\/#website","url":"https:\/\/www.africa-press.net\/burkina-faso\/","name":"Burkina Faso","description":"Just another Africa News Agency Sites site","potentialAction":[{"@type":"SearchAction","target":{"@type":"EntryPoint","urlTemplate":"https:\/\/www.africa-press.net\/burkina-faso\/?s={search_term_string}"},"query-input":{"@type":"PropertyValueSpecification","valueRequired":true,"valueName":"search_term_string"}}],"inLanguage":"fr-FR"},{"@type":"Person","@id":"https:\/\/www.africa-press.net\/burkina-faso\/#\/schema\/person\/2b1cf3cd81a31e3cd26889ca66d677f1","name":"cfeditorfr"}]}},"_links":{"self":[{"href":"https:\/\/www.africa-press.net\/burkina-faso\/wp-json\/wp\/v2\/posts\/11017","targetHints":{"allow":["GET"]}}],"collection":[{"href":"https:\/\/www.africa-press.net\/burkina-faso\/wp-json\/wp\/v2\/posts"}],"about":[{"href":"https:\/\/www.africa-press.net\/burkina-faso\/wp-json\/wp\/v2\/types\/post"}],"author":[{"embeddable":true,"href":"https:\/\/www.africa-press.net\/burkina-faso\/wp-json\/wp\/v2\/users\/82"}],"replies":[{"embeddable":true,"href":"https:\/\/www.africa-press.net\/burkina-faso\/wp-json\/wp\/v2\/comments?post=11017"}],"version-history":[{"count":0,"href":"https:\/\/www.africa-press.net\/burkina-faso\/wp-json\/wp\/v2\/posts\/11017\/revisions"}],"wp:featuredmedia":[{"embeddable":true,"href":"https:\/\/www.africa-press.net\/burkina-faso\/wp-json\/wp\/v2\/media\/11016"}],"wp:attachment":[{"href":"https:\/\/www.africa-press.net\/burkina-faso\/wp-json\/wp\/v2\/media?parent=11017"}],"wp:term":[{"taxonomy":"category","embeddable":true,"href":"https:\/\/www.africa-press.net\/burkina-faso\/wp-json\/wp\/v2\/categories?post=11017"},{"taxonomy":"post_tag","embeddable":true,"href":"https:\/\/www.africa-press.net\/burkina-faso\/wp-json\/wp\/v2\/tags?post=11017"}],"curies":[{"name":"wp","href":"https:\/\/api.w.org\/{rel}","templated":true}]}}