{"id":11046,"date":"2021-05-03T12:15:26","date_gmt":"2021-05-03T12:15:26","guid":{"rendered":"https:\/\/www.africa-press.net\/burkina-faso\/?p=11046"},"modified":"2021-05-03T13:36:25","modified_gmt":"2021-05-03T13:36:25","slug":"societe-financiere-internationale-pour-un-renforcement-du-partenariat-avec-le-burkina","status":"publish","type":"post","link":"https:\/\/www.africa-press.net\/burkina-faso\/politique\/societe-financiere-internationale-pour-un-renforcement-du-partenariat-avec-le-burkina","title":{"rendered":"Soci\u00e9t\u00e9 financi\u00e8re internationale : Pour un renforcement  du partenariat avec le Burkina"},"content":{"rendered":"<p><span style=\"color: #ff6600\"><strong><a href=\"https:\/\/www.africa-press.net\/\">Africa-Press<\/a> &#8211; <a href=\"https:\/\/www.africa-press.net\/burkina-faso\">Burkina Faso<\/a>. <\/strong><\/span><b>Le Premier ministre, Christophe Joseph Marie Dabir\u00e9, a re\u00e7u en audience le directeur r\u00e9gional de la Soci\u00e9t\u00e9 financi\u00e8re internationale (SFI) pour l\u2019Afrique de l\u2019Ouest et du Centre, Aliou Ma\u00efga, le jeudi 29 avril 2021, \u00e0 Ouagadougou.<\/b><\/p>\n<p>La Soci\u00e9t\u00e9 financi\u00e8re internationale (SFI), membre du groupe de la Banque mondiale veut renforcer son partenariat avec le gouvernement burkinab\u00e8. A cet effet, son directeur r\u00e9gional pour l\u2019Afrique de l\u2019Ouest et du Centre, Aliou Ma\u00efga, a \u00e9t\u00e9 re\u00e7u en audience par le Premier ministre, Christophe Joseph Marie Dabir\u00e9, le jeudi 29 avril 2021, \u00e0 Ouagadougou.<br \/>\n\u00ab Nous sommes venus exprimer notre soutien continu, notre volont\u00e9 et disponibilit\u00e9 \u00e0 travailler avec le gouvernement dans le cadre de l\u2019\u00e9laboration de son r\u00e9f\u00e9rentiel de d\u00e9veloppement et de voir comment nous pr\u00e9voyons notre partenariat pour passer de ce qu\u2019on a fait de par le pass\u00e9 et aujourd\u2019hui \u00e0 une \u00e9chelle qui est en phase avec les nouvelles ambitions du gouvernement \u00bb, a fait savoir Aliou Ma\u00efga, au sortir de son t\u00eate-\u00e0-t\u00eate avec le chef du gouvernement burkinab\u00e8.<\/p>\n<p>Pr\u00e9sente au Burkina Faso depuis longtemps o\u00f9 elle est active dans plusieurs secteurs de l\u2019\u00e9conomie, notamment le secteur du coton, du financement des PME, des infrastructures, de l\u2019\u00e9nergie, la SFI a exprim\u00e9 sa volont\u00e9 de renforcer son financement dans ces secteurs.<br \/>\n\u00ab Nous sommes une institution qui fait du financement. Nous le faisons d\u00e9j\u00e0 ici et nous allons continuer \u00e0 le faire. Nous finan\u00e7ons les banques, nous apportons des lignes de partage de risques avec les banques pour qu\u2019elles financent les PME. Nous finan\u00e7ons \u00e9galement les infrastructures, les industriels, les institutions de microfinance pour qu\u2019en retour elles financent les acteurs de l\u2019\u00e9conomie informelle \u00bb, a pr\u00e9cis\u00e9 le directeur r\u00e9gional de la SFI.<\/p>\n<p>Cette institution financi\u00e8re va continuer \u00e0 assurer l\u2019appui-conseil au gouvernement dans le cadre de l\u2019am\u00e9lioration du climat des affaires du programme Doing business o\u00f9 les performances du pays des Hommes int\u00e8gres semblent avoir baiss\u00e9. \u00ab Le Burkina \u00e9tait parmi les pays les plus performants de l\u2019Afrique. Mais ces derni\u00e8res ann\u00e9es, cette performance a un peu stagn\u00e9, pas forc\u00e9ment que le Burkina a recul\u00e9 mais que les autres sont all\u00e9s beaucoup plus vite \u00bb, a indiqu\u00e9 M. Ma\u00efga.<\/p>\n<p>Cette audience a \u00e9t\u00e9 pour lui une occasion de pr\u00e9senter au Premier ministre Dabir\u00e9, le nouveau repr\u00e9sentant-pays de la SFI au Burkina Faso, Arnaud N. Ligan, mais aussi de f\u00e9liciter le gouvernement nomm\u00e9 \u00e0 l\u2019issue des \u00e9lections du 22 novembre 2020.<br \/>\nLa SFI est la branche du groupe de la Banque mondiale qui s\u2019occupe du secteur priv\u00e9.<\/p>\n<p><b>\u00a0<\/b><\/p>\n","protected":false},"excerpt":{"rendered":"<p>Africa-Press &#8211; Burkina Faso. Le Premier ministre, Christophe Joseph Marie Dabir\u00e9, a re\u00e7u en audience le directeur r\u00e9gional de la Soci\u00e9t\u00e9 financi\u00e8re internationale (SFI) pour l\u2019Afrique de l\u2019Ouest et du Centre, Aliou Ma\u00efga, le jeudi 29 avril 2021, \u00e0 Ouagadougou. La Soci\u00e9t\u00e9 financi\u00e8re internationale (SFI), membre du groupe de la Banque mondiale veut renforcer son [&hellip;]<\/p>\n","protected":false},"author":82,"featured_media":11045,"comment_status":"open","ping_status":"closed","sticky":false,"template":"","format":"standard","meta":{"footnotes":""},"categories":[11,2,20,10],"tags":[111,725,130,29,1891,1892,328],"class_list":["post-11046","post","type-post","status-publish","format-standard","has-post-thumbnail","hentry","category-homepage-french","category-politique","category-top-nouvelles","category-toutes-les-actualites","tag-africa-press","tag-africa-press-burkina-faso","tag-burkina","tag-burkina-faso","tag-financiere","tag-partenariat","tag-societe"],"yoast_head":"<!-- This site is optimized with the Yoast SEO Premium plugin v26.1 (Yoast SEO v27.0) - https:\/\/yoast.com\/product\/yoast-seo-premium-wordpress\/ -->\n<title>Soci\u00e9t\u00e9 financi\u00e8re internationale : Pour un renforcement du partenariat avec le Burkina - Burkina Faso<\/title>\n<meta name=\"description\" content=\"Le Premier ministre, Christophe Joseph Marie Dabir\u00e9, a re\u00e7u en audience le directeur r\u00e9gional de la Soci\u00e9t\u00e9 financi\u00e8r ...\" \/>\n<meta name=\"robots\" content=\"index, follow, max-snippet:-1, max-image-preview:large, max-video-preview:-1\" \/>\n<link rel=\"canonical\" href=\"https:\/\/www.africa-press.net\/burkina-faso\/politique\/societe-financiere-internationale-pour-un-renforcement-du-partenariat-avec-le-burkina\" \/>\n<meta property=\"og:locale\" content=\"fr_FR\" \/>\n<meta property=\"og:type\" content=\"article\" \/>\n<meta property=\"og:title\" content=\"Soci\u00e9t\u00e9 financi\u00e8re internationale : Pour un renforcement du partenariat avec le Burkina\" \/>\n<meta property=\"og:description\" content=\"Le Premier ministre, Christophe Joseph Marie Dabir\u00e9, a re\u00e7u en audience le directeur r\u00e9gional de la Soci\u00e9t\u00e9 financi\u00e8r ...\" \/>\n<meta property=\"og:url\" content=\"https:\/\/www.africa-press.net\/burkina-faso\/politique\/societe-financiere-internationale-pour-un-renforcement-du-partenariat-avec-le-burkina\" \/>\n<meta property=\"og:site_name\" content=\"Burkina Faso\" \/>\n<meta property=\"article:published_time\" content=\"2021-05-03T12:15:26+00:00\" \/>\n<meta property=\"article:modified_time\" content=\"2021-05-03T13:36:25+00:00\" \/>\n<meta property=\"og:image\" content=\"https:\/\/static.africa-press.net\/burkina\/sites\/42\/2021\/05\/img-608fe586c96df.jpg\" \/>\n\t<meta property=\"og:image:width\" content=\"787\" \/>\n\t<meta property=\"og:image:height\" content=\"480\" \/>\n\t<meta property=\"og:image:type\" content=\"image\/jpeg\" \/>\n<meta name=\"author\" content=\"cfeditorfr\" \/>\n<meta name=\"twitter:card\" content=\"summary_large_image\" \/>\n<meta name=\"twitter:label1\" content=\"\u00c9crit par\" \/>\n\t<meta name=\"twitter:data1\" content=\"cfeditorfr\" \/>\n\t<meta name=\"twitter:label2\" content=\"Dur\u00e9e de lecture estim\u00e9e\" \/>\n\t<meta name=\"twitter:data2\" content=\"2 minutes\" \/>\n<script type=\"application\/ld+json\" class=\"yoast-schema-graph\">{\"@context\":\"https:\/\/schema.org\",\"@graph\":[{\"@type\":\"Article\",\"@id\":\"https:\/\/www.africa-press.net\/burkina-faso\/politique\/societe-financiere-internationale-pour-un-renforcement-du-partenariat-avec-le-burkina#article\",\"isPartOf\":{\"@id\":\"https:\/\/www.africa-press.net\/burkina-faso\/politique\/societe-financiere-internationale-pour-un-renforcement-du-partenariat-avec-le-burkina\"},\"author\":{\"name\":\"cfeditorfr\",\"@id\":\"https:\/\/www.africa-press.net\/burkina-faso\/#\/schema\/person\/2b1cf3cd81a31e3cd26889ca66d677f1\"},\"headline\":\"Soci\u00e9t\u00e9 financi\u00e8re internationale : Pour un renforcement du partenariat avec le Burkina\",\"datePublished\":\"2021-05-03T12:15:26+00:00\",\"dateModified\":\"2021-05-03T13:36:25+00:00\",\"mainEntityOfPage\":{\"@id\":\"https:\/\/www.africa-press.net\/burkina-faso\/politique\/societe-financiere-internationale-pour-un-renforcement-du-partenariat-avec-le-burkina\"},\"wordCount\":465,\"commentCount\":0,\"image\":{\"@id\":\"https:\/\/www.africa-press.net\/burkina-faso\/politique\/societe-financiere-internationale-pour-un-renforcement-du-partenariat-avec-le-burkina#primaryimage\"},\"thumbnailUrl\":\"https:\/\/static.africa-press.net\/burkina\/sites\/42\/2021\/05\/img-608fe586c96df.jpg\",\"keywords\":[\"Africa Press\",\"Africa Press-Burkina Faso\",\"burkina\",\"Burkina Faso\",\"financi\u00e8re\",\"partenariat\",\"Soci\u00e9t\u00e9\"],\"articleSection\":[\"homepage-french\",\"Politique\",\"Top Nouvelles\",\"Toutes les actualit\u00e9s\"],\"inLanguage\":\"fr-FR\",\"potentialAction\":[{\"@type\":\"CommentAction\",\"name\":\"Comment\",\"target\":[\"https:\/\/www.africa-press.net\/burkina-faso\/politique\/societe-financiere-internationale-pour-un-renforcement-du-partenariat-avec-le-burkina#respond\"]}]},{\"@type\":\"WebPage\",\"@id\":\"https:\/\/www.africa-press.net\/burkina-faso\/politique\/societe-financiere-internationale-pour-un-renforcement-du-partenariat-avec-le-burkina\",\"url\":\"https:\/\/www.africa-press.net\/burkina-faso\/politique\/societe-financiere-internationale-pour-un-renforcement-du-partenariat-avec-le-burkina\",\"name\":\"Soci\u00e9t\u00e9 financi\u00e8re internationale : Pour un renforcement du partenariat avec le Burkina - Burkina Faso\",\"isPartOf\":{\"@id\":\"https:\/\/www.africa-press.net\/burkina-faso\/#website\"},\"primaryImageOfPage\":{\"@id\":\"https:\/\/www.africa-press.net\/burkina-faso\/politique\/societe-financiere-internationale-pour-un-renforcement-du-partenariat-avec-le-burkina#primaryimage\"},\"image\":{\"@id\":\"https:\/\/www.africa-press.net\/burkina-faso\/politique\/societe-financiere-internationale-pour-un-renforcement-du-partenariat-avec-le-burkina#primaryimage\"},\"thumbnailUrl\":\"https:\/\/static.africa-press.net\/burkina\/sites\/42\/2021\/05\/img-608fe586c96df.jpg\",\"datePublished\":\"2021-05-03T12:15:26+00:00\",\"dateModified\":\"2021-05-03T13:36:25+00:00\",\"author\":{\"@id\":\"https:\/\/www.africa-press.net\/burkina-faso\/#\/schema\/person\/2b1cf3cd81a31e3cd26889ca66d677f1\"},\"description\":\"Le Premier ministre, Christophe Joseph Marie Dabir\u00e9, a re\u00e7u en audience le directeur r\u00e9gional de la Soci\u00e9t\u00e9 financi\u00e8r ...\",\"breadcrumb\":{\"@id\":\"https:\/\/www.africa-press.net\/burkina-faso\/politique\/societe-financiere-internationale-pour-un-renforcement-du-partenariat-avec-le-burkina#breadcrumb\"},\"inLanguage\":\"fr-FR\",\"potentialAction\":[{\"@type\":\"ReadAction\",\"target\":[\"https:\/\/www.africa-press.net\/burkina-faso\/politique\/societe-financiere-internationale-pour-un-renforcement-du-partenariat-avec-le-burkina\"]}]},{\"@type\":\"ImageObject\",\"inLanguage\":\"fr-FR\",\"@id\":\"https:\/\/www.africa-press.net\/burkina-faso\/politique\/societe-financiere-internationale-pour-un-renforcement-du-partenariat-avec-le-burkina#primaryimage\",\"url\":\"https:\/\/static.africa-press.net\/burkina\/sites\/42\/2021\/05\/img-608fe586c96df.jpg\",\"contentUrl\":\"https:\/\/static.africa-press.net\/burkina\/sites\/42\/2021\/05\/img-608fe586c96df.jpg\",\"width\":787,\"height\":480,\"caption\":\"Soci\u00e9t\u00e9 financi\u00e8re internationale : Pour un renforcement du partenariat avec le Burkina\"},{\"@type\":\"BreadcrumbList\",\"@id\":\"https:\/\/www.africa-press.net\/burkina-faso\/politique\/societe-financiere-internationale-pour-un-renforcement-du-partenariat-avec-le-burkina#breadcrumb\",\"itemListElement\":[{\"@type\":\"ListItem\",\"position\":1,\"name\":\"Accueil\",\"item\":\"https:\/\/www.africa-press.net\/burkina-faso\/\"},{\"@type\":\"ListItem\",\"position\":2,\"name\":\"Soci\u00e9t\u00e9 financi\u00e8re internationale : Pour un renforcement du partenariat avec le Burkina\"}]},{\"@type\":\"WebSite\",\"@id\":\"https:\/\/www.africa-press.net\/burkina-faso\/#website\",\"url\":\"https:\/\/www.africa-press.net\/burkina-faso\/\",\"name\":\"Burkina Faso\",\"description\":\"Just another Africa News Agency Sites site\",\"potentialAction\":[{\"@type\":\"SearchAction\",\"target\":{\"@type\":\"EntryPoint\",\"urlTemplate\":\"https:\/\/www.africa-press.net\/burkina-faso\/?s={search_term_string}\"},\"query-input\":{\"@type\":\"PropertyValueSpecification\",\"valueRequired\":true,\"valueName\":\"search_term_string\"}}],\"inLanguage\":\"fr-FR\"},{\"@type\":\"Person\",\"@id\":\"https:\/\/www.africa-press.net\/burkina-faso\/#\/schema\/person\/2b1cf3cd81a31e3cd26889ca66d677f1\",\"name\":\"cfeditorfr\"}]}<\/script>\n<!-- \/ Yoast SEO Premium plugin. -->","yoast_head_json":{"title":"Soci\u00e9t\u00e9 financi\u00e8re internationale : Pour un renforcement du partenariat avec le Burkina - Burkina Faso","description":"Le Premier ministre, Christophe Joseph Marie Dabir\u00e9, a re\u00e7u en audience le directeur r\u00e9gional de la Soci\u00e9t\u00e9 financi\u00e8r ...","robots":{"index":"index","follow":"follow","max-snippet":"max-snippet:-1","max-image-preview":"max-image-preview:large","max-video-preview":"max-video-preview:-1"},"canonical":"https:\/\/www.africa-press.net\/burkina-faso\/politique\/societe-financiere-internationale-pour-un-renforcement-du-partenariat-avec-le-burkina","og_locale":"fr_FR","og_type":"article","og_title":"Soci\u00e9t\u00e9 financi\u00e8re internationale : Pour un renforcement du partenariat avec le Burkina","og_description":"Le Premier ministre, Christophe Joseph Marie Dabir\u00e9, a re\u00e7u en audience le directeur r\u00e9gional de la Soci\u00e9t\u00e9 financi\u00e8r ...","og_url":"https:\/\/www.africa-press.net\/burkina-faso\/politique\/societe-financiere-internationale-pour-un-renforcement-du-partenariat-avec-le-burkina","og_site_name":"Burkina Faso","article_published_time":"2021-05-03T12:15:26+00:00","article_modified_time":"2021-05-03T13:36:25+00:00","og_image":[{"width":787,"height":480,"url":"https:\/\/static.africa-press.net\/burkina\/sites\/42\/2021\/05\/img-608fe586c96df.jpg","type":"image\/jpeg"}],"author":"cfeditorfr","twitter_card":"summary_large_image","twitter_misc":{"\u00c9crit par":"cfeditorfr","Dur\u00e9e de lecture estim\u00e9e":"2 minutes"},"schema":{"@context":"https:\/\/schema.org","@graph":[{"@type":"Article","@id":"https:\/\/www.africa-press.net\/burkina-faso\/politique\/societe-financiere-internationale-pour-un-renforcement-du-partenariat-avec-le-burkina#article","isPartOf":{"@id":"https:\/\/www.africa-press.net\/burkina-faso\/politique\/societe-financiere-internationale-pour-un-renforcement-du-partenariat-avec-le-burkina"},"author":{"name":"cfeditorfr","@id":"https:\/\/www.africa-press.net\/burkina-faso\/#\/schema\/person\/2b1cf3cd81a31e3cd26889ca66d677f1"},"headline":"Soci\u00e9t\u00e9 financi\u00e8re internationale : Pour un renforcement du partenariat avec le Burkina","datePublished":"2021-05-03T12:15:26+00:00","dateModified":"2021-05-03T13:36:25+00:00","mainEntityOfPage":{"@id":"https:\/\/www.africa-press.net\/burkina-faso\/politique\/societe-financiere-internationale-pour-un-renforcement-du-partenariat-avec-le-burkina"},"wordCount":465,"commentCount":0,"image":{"@id":"https:\/\/www.africa-press.net\/burkina-faso\/politique\/societe-financiere-internationale-pour-un-renforcement-du-partenariat-avec-le-burkina#primaryimage"},"thumbnailUrl":"https:\/\/static.africa-press.net\/burkina\/sites\/42\/2021\/05\/img-608fe586c96df.jpg","keywords":["Africa Press","Africa Press-Burkina Faso","burkina","Burkina Faso","financi\u00e8re","partenariat","Soci\u00e9t\u00e9"],"articleSection":["homepage-french","Politique","Top Nouvelles","Toutes les actualit\u00e9s"],"inLanguage":"fr-FR","potentialAction":[{"@type":"CommentAction","name":"Comment","target":["https:\/\/www.africa-press.net\/burkina-faso\/politique\/societe-financiere-internationale-pour-un-renforcement-du-partenariat-avec-le-burkina#respond"]}]},{"@type":"WebPage","@id":"https:\/\/www.africa-press.net\/burkina-faso\/politique\/societe-financiere-internationale-pour-un-renforcement-du-partenariat-avec-le-burkina","url":"https:\/\/www.africa-press.net\/burkina-faso\/politique\/societe-financiere-internationale-pour-un-renforcement-du-partenariat-avec-le-burkina","name":"Soci\u00e9t\u00e9 financi\u00e8re internationale : Pour un renforcement du partenariat avec le Burkina - Burkina Faso","isPartOf":{"@id":"https:\/\/www.africa-press.net\/burkina-faso\/#website"},"primaryImageOfPage":{"@id":"https:\/\/www.africa-press.net\/burkina-faso\/politique\/societe-financiere-internationale-pour-un-renforcement-du-partenariat-avec-le-burkina#primaryimage"},"image":{"@id":"https:\/\/www.africa-press.net\/burkina-faso\/politique\/societe-financiere-internationale-pour-un-renforcement-du-partenariat-avec-le-burkina#primaryimage"},"thumbnailUrl":"https:\/\/static.africa-press.net\/burkina\/sites\/42\/2021\/05\/img-608fe586c96df.jpg","datePublished":"2021-05-03T12:15:26+00:00","dateModified":"2021-05-03T13:36:25+00:00","author":{"@id":"https:\/\/www.africa-press.net\/burkina-faso\/#\/schema\/person\/2b1cf3cd81a31e3cd26889ca66d677f1"},"description":"Le Premier ministre, Christophe Joseph Marie Dabir\u00e9, a re\u00e7u en audience le directeur r\u00e9gional de la Soci\u00e9t\u00e9 financi\u00e8r ...","breadcrumb":{"@id":"https:\/\/www.africa-press.net\/burkina-faso\/politique\/societe-financiere-internationale-pour-un-renforcement-du-partenariat-avec-le-burkina#breadcrumb"},"inLanguage":"fr-FR","potentialAction":[{"@type":"ReadAction","target":["https:\/\/www.africa-press.net\/burkina-faso\/politique\/societe-financiere-internationale-pour-un-renforcement-du-partenariat-avec-le-burkina"]}]},{"@type":"ImageObject","inLanguage":"fr-FR","@id":"https:\/\/www.africa-press.net\/burkina-faso\/politique\/societe-financiere-internationale-pour-un-renforcement-du-partenariat-avec-le-burkina#primaryimage","url":"https:\/\/static.africa-press.net\/burkina\/sites\/42\/2021\/05\/img-608fe586c96df.jpg","contentUrl":"https:\/\/static.africa-press.net\/burkina\/sites\/42\/2021\/05\/img-608fe586c96df.jpg","width":787,"height":480,"caption":"Soci\u00e9t\u00e9 financi\u00e8re internationale : Pour un renforcement du partenariat avec le Burkina"},{"@type":"BreadcrumbList","@id":"https:\/\/www.africa-press.net\/burkina-faso\/politique\/societe-financiere-internationale-pour-un-renforcement-du-partenariat-avec-le-burkina#breadcrumb","itemListElement":[{"@type":"ListItem","position":1,"name":"Accueil","item":"https:\/\/www.africa-press.net\/burkina-faso\/"},{"@type":"ListItem","position":2,"name":"Soci\u00e9t\u00e9 financi\u00e8re internationale : Pour un renforcement du partenariat avec le Burkina"}]},{"@type":"WebSite","@id":"https:\/\/www.africa-press.net\/burkina-faso\/#website","url":"https:\/\/www.africa-press.net\/burkina-faso\/","name":"Burkina Faso","description":"Just another Africa News Agency Sites site","potentialAction":[{"@type":"SearchAction","target":{"@type":"EntryPoint","urlTemplate":"https:\/\/www.africa-press.net\/burkina-faso\/?s={search_term_string}"},"query-input":{"@type":"PropertyValueSpecification","valueRequired":true,"valueName":"search_term_string"}}],"inLanguage":"fr-FR"},{"@type":"Person","@id":"https:\/\/www.africa-press.net\/burkina-faso\/#\/schema\/person\/2b1cf3cd81a31e3cd26889ca66d677f1","name":"cfeditorfr"}]}},"_links":{"self":[{"href":"https:\/\/www.africa-press.net\/burkina-faso\/wp-json\/wp\/v2\/posts\/11046","targetHints":{"allow":["GET"]}}],"collection":[{"href":"https:\/\/www.africa-press.net\/burkina-faso\/wp-json\/wp\/v2\/posts"}],"about":[{"href":"https:\/\/www.africa-press.net\/burkina-faso\/wp-json\/wp\/v2\/types\/post"}],"author":[{"embeddable":true,"href":"https:\/\/www.africa-press.net\/burkina-faso\/wp-json\/wp\/v2\/users\/82"}],"replies":[{"embeddable":true,"href":"https:\/\/www.africa-press.net\/burkina-faso\/wp-json\/wp\/v2\/comments?post=11046"}],"version-history":[{"count":0,"href":"https:\/\/www.africa-press.net\/burkina-faso\/wp-json\/wp\/v2\/posts\/11046\/revisions"}],"wp:featuredmedia":[{"embeddable":true,"href":"https:\/\/www.africa-press.net\/burkina-faso\/wp-json\/wp\/v2\/media\/11045"}],"wp:attachment":[{"href":"https:\/\/www.africa-press.net\/burkina-faso\/wp-json\/wp\/v2\/media?parent=11046"}],"wp:term":[{"taxonomy":"category","embeddable":true,"href":"https:\/\/www.africa-press.net\/burkina-faso\/wp-json\/wp\/v2\/categories?post=11046"},{"taxonomy":"post_tag","embeddable":true,"href":"https:\/\/www.africa-press.net\/burkina-faso\/wp-json\/wp\/v2\/tags?post=11046"}],"curies":[{"name":"wp","href":"https:\/\/api.w.org\/{rel}","templated":true}]}}