{"id":11055,"date":"2021-05-03T12:39:27","date_gmt":"2021-05-03T12:39:27","guid":{"rendered":"https:\/\/www.africa-press.net\/burkina-faso\/?p=11055"},"modified":"2021-05-03T13:37:31","modified_gmt":"2021-05-03T13:37:31","slug":"sport-le-secretaire-general-du-ministere-au-chevet-de-deux-blesses","status":"publish","type":"post","link":"https:\/\/www.africa-press.net\/burkina-faso\/sports\/sport-le-secretaire-general-du-ministere-au-chevet-de-deux-blesses","title":{"rendered":"Sport : Le secr\u00e9taire g\u00e9n\u00e9ral du minist\u00e8re au chevet de deux bless\u00e9s"},"content":{"rendered":"<p><span style=\"color: #ff6600\"><strong><a href=\"https:\/\/www.africa-press.net\/\">Africa-Press<\/a> &#8211; <a href=\"https:\/\/www.africa-press.net\/burkina-faso\">Burkina Faso<\/a>. <\/strong><\/span><b>Le secr\u00e9taire g\u00e9n\u00e9ral du minist\u00e8re des Sports et Loisirs, Herman Yabr\u00e9, a rendu visite, le vendredi 30 avril 2021, \u00e0 deux sportifs en soin au centre m\u00e9dical protestant Schrypphra. Il leur a traduit les v\u0153ux de prompt r\u00e9tablissement du patron des sports burkinab\u00e8.<\/b><\/p>\n<p>Sa\u00efd Farouk Ou\u00e9draogo est un jeune handballeur burkinab\u00e8. Capitaine des Etalons juniors, il contracte une blessure lors de la Coupe du monde Alg\u00e9rie 2017. Il souffre d\u2019une rupture partielle du ligament int\u00e9rieur crois\u00e9.<br \/>\nDe retour au pays, il suit des traitements mais sa situation ne s\u2019am\u00e9liore pas. Il abandonne les terrains de handball. \u00ab Je continuais \u00e0 faire souvent le sport en salle de gym pour maintenir la forme \u00bb, confesse-t-il.<\/p>\n<p>Le mercredi 28 avril 2021, il re\u00e7oit un appel qui va lui permettre d\u2019avoir des soins plus appropri\u00e9s. \u00ab J\u2019ai re\u00e7u un appel avant-hier (Ndlr, mercredi 28 avril 2021) me disant de me pr\u00e9parer que j\u2019allais \u00eatre op\u00e9r\u00e9 demain \u00bb, ajoute cet ancien soci\u00e9taire de l\u2019AS Sonabhy qui retrouve enfin le sourire.<\/p>\n<p>Tout comme lui, Amza Dera, footballeur, a re\u00e7u le m\u00eame appel. Soci\u00e9taire de L\u2019Etoile filante de Ouagadougou, il \u00e9tait s\u00e9lectionn\u00e9 \u00e0 la CAN U-20 qui s\u2019est jou\u00e9e en Mauritanie. \u00ab J\u2019ai \u00e9t\u00e9 bless\u00e9 la veille de notre d\u00e9part pour le stage au Maroc lors d\u2019un match amical contre Tenakourou \u00bb, raconte Amza. C\u2019\u00e9tait la fin d\u2019un r\u00eave. Il a d\u00fb s\u2019\u00e9loigner des terrains esp\u00e9rant un jour y revenir.<\/p>\n<p>Les deux sportifs ont subi avec succ\u00e8s les interventions chirurgicales. \u00ab Nous pouvons vous dire que les diff\u00e9rentes op\u00e9rations se sont bien pass\u00e9es \u00bb, a affirm\u00e9 tout heureux, Dr Ibrahim S\u00e9r\u00e9, directeur g\u00e9n\u00e9ral de la m\u00e9decine m\u00e9dico-sportive. Il s\u2019est voulu rassurant quant au retour de ces jeunes sur les diff\u00e9rents terrains. \u00ab Ils pourront \u00e0 nouveau reprendre le sport. Apr\u00e8s l\u2019\u00e9tape des op\u00e9rations, ils vont suivre une s\u00e9ance de r\u00e9\u00e9ducation au Centre m\u00e9dico-sportif puis une s\u00e9ance de pr\u00e9paration qui va leur permettre de retrouver leur forme d\u2019athl\u00e8tes avant de reprendre les entra\u00eenements et les comp\u00e9titions \u00bb, a-t-il expliqu\u00e9.<\/p>\n<p>A la t\u00eate d\u2019une d\u00e9l\u00e9gation, le Secr\u00e9taire g\u00e9n\u00e9ral du minist\u00e8re des Sports et Loisirs, Herman Yabr\u00e9, est all\u00e9 apporter aux sportifs le soutien du patron des sports burkinab\u00e8, Andr\u00e9 Nana.<\/p>\n<p>\u00ab Nous sommes venus, au nom du ministre des Sports, traduire notre solidarit\u00e9 et notre soutien \u00e0 ces jeunes combattants que l\u2019Etat burkinab\u00e8 a envoy\u00e9s en mission et qui, au cours de cette mission, ont contract\u00e9 des blessures. Il \u00e9tait du devoir de l\u2019Etat de s\u2019occuper de ses enfants afin qu\u2019ils retrouvent les terrains pour d\u00e9fendre les couleurs nationales au bonheur des Burkinab\u00e8 \u00bb, a indiqu\u00e9 Herman Yabr\u00e9.<\/p>\n<p><b>Jacques Th\u00e9odore Balima<br \/>\n<\/b><\/p>\n","protected":false},"excerpt":{"rendered":"<p>Africa-Press &#8211; Burkina Faso. Le secr\u00e9taire g\u00e9n\u00e9ral du minist\u00e8re des Sports et Loisirs, Herman Yabr\u00e9, a rendu visite, le vendredi 30 avril 2021, \u00e0 deux sportifs en soin au centre m\u00e9dical protestant Schrypphra. Il leur a traduit les v\u0153ux de prompt r\u00e9tablissement du patron des sports burkinab\u00e8. Sa\u00efd Farouk Ou\u00e9draogo est un jeune handballeur burkinab\u00e8. [&hellip;]<\/p>\n","protected":false},"author":82,"featured_media":11054,"comment_status":"open","ping_status":"closed","sticky":false,"template":"","format":"standard","meta":{"footnotes":""},"categories":[11,6,10],"tags":[111,725,29],"class_list":["post-11055","post","type-post","status-publish","format-standard","has-post-thumbnail","hentry","category-homepage-french","category-sports","category-toutes-les-actualites","tag-africa-press","tag-africa-press-burkina-faso","tag-burkina-faso"],"yoast_head":"<!-- This site is optimized with the Yoast SEO Premium plugin v26.1 (Yoast SEO v27.0) - https:\/\/yoast.com\/product\/yoast-seo-premium-wordpress\/ -->\n<title>Sport : Le secr\u00e9taire g\u00e9n\u00e9ral du minist\u00e8re au chevet de deux bless\u00e9s - Burkina Faso<\/title>\n<meta name=\"description\" content=\"Le secr\u00e9taire g\u00e9n\u00e9ral du minist\u00e8re des Sports et Loisirs, Herman Yabr\u00e9, a rendu visite, le vendredi 30 avril 2021, \u00e0 ...\" \/>\n<meta name=\"robots\" content=\"index, follow, max-snippet:-1, max-image-preview:large, max-video-preview:-1\" \/>\n<link rel=\"canonical\" href=\"https:\/\/www.africa-press.net\/burkina-faso\/sports\/sport-le-secretaire-general-du-ministere-au-chevet-de-deux-blesses\" \/>\n<meta property=\"og:locale\" content=\"fr_FR\" \/>\n<meta property=\"og:type\" content=\"article\" \/>\n<meta property=\"og:title\" content=\"Sport : Le secr\u00e9taire g\u00e9n\u00e9ral du minist\u00e8re au chevet de deux bless\u00e9s\" \/>\n<meta property=\"og:description\" content=\"Le secr\u00e9taire g\u00e9n\u00e9ral du minist\u00e8re des Sports et Loisirs, Herman Yabr\u00e9, a rendu visite, le vendredi 30 avril 2021, \u00e0 ...\" \/>\n<meta property=\"og:url\" content=\"https:\/\/www.africa-press.net\/burkina-faso\/sports\/sport-le-secretaire-general-du-ministere-au-chevet-de-deux-blesses\" \/>\n<meta property=\"og:site_name\" content=\"Burkina Faso\" \/>\n<meta property=\"article:published_time\" content=\"2021-05-03T12:39:27+00:00\" \/>\n<meta property=\"article:modified_time\" content=\"2021-05-03T13:37:31+00:00\" \/>\n<meta property=\"og:image\" content=\"https:\/\/static.africa-press.net\/burkina\/sites\/42\/2021\/05\/img-608fe64430198.jpg\" \/>\n\t<meta property=\"og:image:width\" content=\"720\" \/>\n\t<meta property=\"og:image:height\" content=\"540\" \/>\n\t<meta property=\"og:image:type\" content=\"image\/jpeg\" \/>\n<meta name=\"author\" content=\"cfeditorfr\" \/>\n<meta name=\"twitter:card\" content=\"summary_large_image\" \/>\n<meta name=\"twitter:label1\" content=\"\u00c9crit par\" \/>\n\t<meta name=\"twitter:data1\" content=\"cfeditorfr\" \/>\n\t<meta name=\"twitter:label2\" content=\"Dur\u00e9e de lecture estim\u00e9e\" \/>\n\t<meta name=\"twitter:data2\" content=\"2 minutes\" \/>\n<script type=\"application\/ld+json\" class=\"yoast-schema-graph\">{\"@context\":\"https:\/\/schema.org\",\"@graph\":[{\"@type\":\"Article\",\"@id\":\"https:\/\/www.africa-press.net\/burkina-faso\/sports\/sport-le-secretaire-general-du-ministere-au-chevet-de-deux-blesses#article\",\"isPartOf\":{\"@id\":\"https:\/\/www.africa-press.net\/burkina-faso\/sports\/sport-le-secretaire-general-du-ministere-au-chevet-de-deux-blesses\"},\"author\":{\"name\":\"cfeditorfr\",\"@id\":\"https:\/\/www.africa-press.net\/burkina-faso\/#\/schema\/person\/2b1cf3cd81a31e3cd26889ca66d677f1\"},\"headline\":\"Sport : Le secr\u00e9taire g\u00e9n\u00e9ral du minist\u00e8re au chevet de deux bless\u00e9s\",\"datePublished\":\"2021-05-03T12:39:27+00:00\",\"dateModified\":\"2021-05-03T13:37:31+00:00\",\"mainEntityOfPage\":{\"@id\":\"https:\/\/www.africa-press.net\/burkina-faso\/sports\/sport-le-secretaire-general-du-ministere-au-chevet-de-deux-blesses\"},\"wordCount\":506,\"commentCount\":0,\"image\":{\"@id\":\"https:\/\/www.africa-press.net\/burkina-faso\/sports\/sport-le-secretaire-general-du-ministere-au-chevet-de-deux-blesses#primaryimage\"},\"thumbnailUrl\":\"https:\/\/static.africa-press.net\/burkina\/sites\/42\/2021\/05\/img-608fe64430198.jpg\",\"keywords\":[\"Africa Press\",\"Africa Press-Burkina Faso\",\"Burkina Faso\"],\"articleSection\":[\"homepage-french\",\"Sports\",\"Toutes les actualit\u00e9s\"],\"inLanguage\":\"fr-FR\",\"potentialAction\":[{\"@type\":\"CommentAction\",\"name\":\"Comment\",\"target\":[\"https:\/\/www.africa-press.net\/burkina-faso\/sports\/sport-le-secretaire-general-du-ministere-au-chevet-de-deux-blesses#respond\"]}]},{\"@type\":\"WebPage\",\"@id\":\"https:\/\/www.africa-press.net\/burkina-faso\/sports\/sport-le-secretaire-general-du-ministere-au-chevet-de-deux-blesses\",\"url\":\"https:\/\/www.africa-press.net\/burkina-faso\/sports\/sport-le-secretaire-general-du-ministere-au-chevet-de-deux-blesses\",\"name\":\"Sport : Le secr\u00e9taire g\u00e9n\u00e9ral du minist\u00e8re au chevet de deux bless\u00e9s - Burkina Faso\",\"isPartOf\":{\"@id\":\"https:\/\/www.africa-press.net\/burkina-faso\/#website\"},\"primaryImageOfPage\":{\"@id\":\"https:\/\/www.africa-press.net\/burkina-faso\/sports\/sport-le-secretaire-general-du-ministere-au-chevet-de-deux-blesses#primaryimage\"},\"image\":{\"@id\":\"https:\/\/www.africa-press.net\/burkina-faso\/sports\/sport-le-secretaire-general-du-ministere-au-chevet-de-deux-blesses#primaryimage\"},\"thumbnailUrl\":\"https:\/\/static.africa-press.net\/burkina\/sites\/42\/2021\/05\/img-608fe64430198.jpg\",\"datePublished\":\"2021-05-03T12:39:27+00:00\",\"dateModified\":\"2021-05-03T13:37:31+00:00\",\"author\":{\"@id\":\"https:\/\/www.africa-press.net\/burkina-faso\/#\/schema\/person\/2b1cf3cd81a31e3cd26889ca66d677f1\"},\"description\":\"Le secr\u00e9taire g\u00e9n\u00e9ral du minist\u00e8re des Sports et Loisirs, Herman Yabr\u00e9, a rendu visite, le vendredi 30 avril 2021, \u00e0 ...\",\"breadcrumb\":{\"@id\":\"https:\/\/www.africa-press.net\/burkina-faso\/sports\/sport-le-secretaire-general-du-ministere-au-chevet-de-deux-blesses#breadcrumb\"},\"inLanguage\":\"fr-FR\",\"potentialAction\":[{\"@type\":\"ReadAction\",\"target\":[\"https:\/\/www.africa-press.net\/burkina-faso\/sports\/sport-le-secretaire-general-du-ministere-au-chevet-de-deux-blesses\"]}]},{\"@type\":\"ImageObject\",\"inLanguage\":\"fr-FR\",\"@id\":\"https:\/\/www.africa-press.net\/burkina-faso\/sports\/sport-le-secretaire-general-du-ministere-au-chevet-de-deux-blesses#primaryimage\",\"url\":\"https:\/\/static.africa-press.net\/burkina\/sites\/42\/2021\/05\/img-608fe64430198.jpg\",\"contentUrl\":\"https:\/\/static.africa-press.net\/burkina\/sites\/42\/2021\/05\/img-608fe64430198.jpg\",\"width\":720,\"height\":540,\"caption\":\"Sport : Le secr\u00e9taire g\u00e9n\u00e9ral du minist\u00e8re au chevet de deux bless\u00e9s\"},{\"@type\":\"BreadcrumbList\",\"@id\":\"https:\/\/www.africa-press.net\/burkina-faso\/sports\/sport-le-secretaire-general-du-ministere-au-chevet-de-deux-blesses#breadcrumb\",\"itemListElement\":[{\"@type\":\"ListItem\",\"position\":1,\"name\":\"Accueil\",\"item\":\"https:\/\/www.africa-press.net\/burkina-faso\/\"},{\"@type\":\"ListItem\",\"position\":2,\"name\":\"Sport : Le secr\u00e9taire g\u00e9n\u00e9ral du minist\u00e8re au chevet de deux bless\u00e9s\"}]},{\"@type\":\"WebSite\",\"@id\":\"https:\/\/www.africa-press.net\/burkina-faso\/#website\",\"url\":\"https:\/\/www.africa-press.net\/burkina-faso\/\",\"name\":\"Burkina Faso\",\"description\":\"Just another Africa News Agency Sites site\",\"potentialAction\":[{\"@type\":\"SearchAction\",\"target\":{\"@type\":\"EntryPoint\",\"urlTemplate\":\"https:\/\/www.africa-press.net\/burkina-faso\/?s={search_term_string}\"},\"query-input\":{\"@type\":\"PropertyValueSpecification\",\"valueRequired\":true,\"valueName\":\"search_term_string\"}}],\"inLanguage\":\"fr-FR\"},{\"@type\":\"Person\",\"@id\":\"https:\/\/www.africa-press.net\/burkina-faso\/#\/schema\/person\/2b1cf3cd81a31e3cd26889ca66d677f1\",\"name\":\"cfeditorfr\"}]}<\/script>\n<!-- \/ Yoast SEO Premium plugin. -->","yoast_head_json":{"title":"Sport : Le secr\u00e9taire g\u00e9n\u00e9ral du minist\u00e8re au chevet de deux bless\u00e9s - Burkina Faso","description":"Le secr\u00e9taire g\u00e9n\u00e9ral du minist\u00e8re des Sports et Loisirs, Herman Yabr\u00e9, a rendu visite, le vendredi 30 avril 2021, \u00e0 ...","robots":{"index":"index","follow":"follow","max-snippet":"max-snippet:-1","max-image-preview":"max-image-preview:large","max-video-preview":"max-video-preview:-1"},"canonical":"https:\/\/www.africa-press.net\/burkina-faso\/sports\/sport-le-secretaire-general-du-ministere-au-chevet-de-deux-blesses","og_locale":"fr_FR","og_type":"article","og_title":"Sport : Le secr\u00e9taire g\u00e9n\u00e9ral du minist\u00e8re au chevet de deux bless\u00e9s","og_description":"Le secr\u00e9taire g\u00e9n\u00e9ral du minist\u00e8re des Sports et Loisirs, Herman Yabr\u00e9, a rendu visite, le vendredi 30 avril 2021, \u00e0 ...","og_url":"https:\/\/www.africa-press.net\/burkina-faso\/sports\/sport-le-secretaire-general-du-ministere-au-chevet-de-deux-blesses","og_site_name":"Burkina Faso","article_published_time":"2021-05-03T12:39:27+00:00","article_modified_time":"2021-05-03T13:37:31+00:00","og_image":[{"width":720,"height":540,"url":"https:\/\/static.africa-press.net\/burkina\/sites\/42\/2021\/05\/img-608fe64430198.jpg","type":"image\/jpeg"}],"author":"cfeditorfr","twitter_card":"summary_large_image","twitter_misc":{"\u00c9crit par":"cfeditorfr","Dur\u00e9e de lecture estim\u00e9e":"2 minutes"},"schema":{"@context":"https:\/\/schema.org","@graph":[{"@type":"Article","@id":"https:\/\/www.africa-press.net\/burkina-faso\/sports\/sport-le-secretaire-general-du-ministere-au-chevet-de-deux-blesses#article","isPartOf":{"@id":"https:\/\/www.africa-press.net\/burkina-faso\/sports\/sport-le-secretaire-general-du-ministere-au-chevet-de-deux-blesses"},"author":{"name":"cfeditorfr","@id":"https:\/\/www.africa-press.net\/burkina-faso\/#\/schema\/person\/2b1cf3cd81a31e3cd26889ca66d677f1"},"headline":"Sport : Le secr\u00e9taire g\u00e9n\u00e9ral du minist\u00e8re au chevet de deux bless\u00e9s","datePublished":"2021-05-03T12:39:27+00:00","dateModified":"2021-05-03T13:37:31+00:00","mainEntityOfPage":{"@id":"https:\/\/www.africa-press.net\/burkina-faso\/sports\/sport-le-secretaire-general-du-ministere-au-chevet-de-deux-blesses"},"wordCount":506,"commentCount":0,"image":{"@id":"https:\/\/www.africa-press.net\/burkina-faso\/sports\/sport-le-secretaire-general-du-ministere-au-chevet-de-deux-blesses#primaryimage"},"thumbnailUrl":"https:\/\/static.africa-press.net\/burkina\/sites\/42\/2021\/05\/img-608fe64430198.jpg","keywords":["Africa Press","Africa Press-Burkina Faso","Burkina Faso"],"articleSection":["homepage-french","Sports","Toutes les actualit\u00e9s"],"inLanguage":"fr-FR","potentialAction":[{"@type":"CommentAction","name":"Comment","target":["https:\/\/www.africa-press.net\/burkina-faso\/sports\/sport-le-secretaire-general-du-ministere-au-chevet-de-deux-blesses#respond"]}]},{"@type":"WebPage","@id":"https:\/\/www.africa-press.net\/burkina-faso\/sports\/sport-le-secretaire-general-du-ministere-au-chevet-de-deux-blesses","url":"https:\/\/www.africa-press.net\/burkina-faso\/sports\/sport-le-secretaire-general-du-ministere-au-chevet-de-deux-blesses","name":"Sport : Le secr\u00e9taire g\u00e9n\u00e9ral du minist\u00e8re au chevet de deux bless\u00e9s - Burkina Faso","isPartOf":{"@id":"https:\/\/www.africa-press.net\/burkina-faso\/#website"},"primaryImageOfPage":{"@id":"https:\/\/www.africa-press.net\/burkina-faso\/sports\/sport-le-secretaire-general-du-ministere-au-chevet-de-deux-blesses#primaryimage"},"image":{"@id":"https:\/\/www.africa-press.net\/burkina-faso\/sports\/sport-le-secretaire-general-du-ministere-au-chevet-de-deux-blesses#primaryimage"},"thumbnailUrl":"https:\/\/static.africa-press.net\/burkina\/sites\/42\/2021\/05\/img-608fe64430198.jpg","datePublished":"2021-05-03T12:39:27+00:00","dateModified":"2021-05-03T13:37:31+00:00","author":{"@id":"https:\/\/www.africa-press.net\/burkina-faso\/#\/schema\/person\/2b1cf3cd81a31e3cd26889ca66d677f1"},"description":"Le secr\u00e9taire g\u00e9n\u00e9ral du minist\u00e8re des Sports et Loisirs, Herman Yabr\u00e9, a rendu visite, le vendredi 30 avril 2021, \u00e0 ...","breadcrumb":{"@id":"https:\/\/www.africa-press.net\/burkina-faso\/sports\/sport-le-secretaire-general-du-ministere-au-chevet-de-deux-blesses#breadcrumb"},"inLanguage":"fr-FR","potentialAction":[{"@type":"ReadAction","target":["https:\/\/www.africa-press.net\/burkina-faso\/sports\/sport-le-secretaire-general-du-ministere-au-chevet-de-deux-blesses"]}]},{"@type":"ImageObject","inLanguage":"fr-FR","@id":"https:\/\/www.africa-press.net\/burkina-faso\/sports\/sport-le-secretaire-general-du-ministere-au-chevet-de-deux-blesses#primaryimage","url":"https:\/\/static.africa-press.net\/burkina\/sites\/42\/2021\/05\/img-608fe64430198.jpg","contentUrl":"https:\/\/static.africa-press.net\/burkina\/sites\/42\/2021\/05\/img-608fe64430198.jpg","width":720,"height":540,"caption":"Sport : Le secr\u00e9taire g\u00e9n\u00e9ral du minist\u00e8re au chevet de deux bless\u00e9s"},{"@type":"BreadcrumbList","@id":"https:\/\/www.africa-press.net\/burkina-faso\/sports\/sport-le-secretaire-general-du-ministere-au-chevet-de-deux-blesses#breadcrumb","itemListElement":[{"@type":"ListItem","position":1,"name":"Accueil","item":"https:\/\/www.africa-press.net\/burkina-faso\/"},{"@type":"ListItem","position":2,"name":"Sport : Le secr\u00e9taire g\u00e9n\u00e9ral du minist\u00e8re au chevet de deux bless\u00e9s"}]},{"@type":"WebSite","@id":"https:\/\/www.africa-press.net\/burkina-faso\/#website","url":"https:\/\/www.africa-press.net\/burkina-faso\/","name":"Burkina Faso","description":"Just another Africa News Agency Sites site","potentialAction":[{"@type":"SearchAction","target":{"@type":"EntryPoint","urlTemplate":"https:\/\/www.africa-press.net\/burkina-faso\/?s={search_term_string}"},"query-input":{"@type":"PropertyValueSpecification","valueRequired":true,"valueName":"search_term_string"}}],"inLanguage":"fr-FR"},{"@type":"Person","@id":"https:\/\/www.africa-press.net\/burkina-faso\/#\/schema\/person\/2b1cf3cd81a31e3cd26889ca66d677f1","name":"cfeditorfr"}]}},"_links":{"self":[{"href":"https:\/\/www.africa-press.net\/burkina-faso\/wp-json\/wp\/v2\/posts\/11055","targetHints":{"allow":["GET"]}}],"collection":[{"href":"https:\/\/www.africa-press.net\/burkina-faso\/wp-json\/wp\/v2\/posts"}],"about":[{"href":"https:\/\/www.africa-press.net\/burkina-faso\/wp-json\/wp\/v2\/types\/post"}],"author":[{"embeddable":true,"href":"https:\/\/www.africa-press.net\/burkina-faso\/wp-json\/wp\/v2\/users\/82"}],"replies":[{"embeddable":true,"href":"https:\/\/www.africa-press.net\/burkina-faso\/wp-json\/wp\/v2\/comments?post=11055"}],"version-history":[{"count":0,"href":"https:\/\/www.africa-press.net\/burkina-faso\/wp-json\/wp\/v2\/posts\/11055\/revisions"}],"wp:featuredmedia":[{"embeddable":true,"href":"https:\/\/www.africa-press.net\/burkina-faso\/wp-json\/wp\/v2\/media\/11054"}],"wp:attachment":[{"href":"https:\/\/www.africa-press.net\/burkina-faso\/wp-json\/wp\/v2\/media?parent=11055"}],"wp:term":[{"taxonomy":"category","embeddable":true,"href":"https:\/\/www.africa-press.net\/burkina-faso\/wp-json\/wp\/v2\/categories?post=11055"},{"taxonomy":"post_tag","embeddable":true,"href":"https:\/\/www.africa-press.net\/burkina-faso\/wp-json\/wp\/v2\/tags?post=11055"}],"curies":[{"name":"wp","href":"https:\/\/api.w.org\/{rel}","templated":true}]}}