{"id":11125,"date":"2021-05-04T12:06:54","date_gmt":"2021-05-04T12:06:54","guid":{"rendered":"https:\/\/www.africa-press.net\/burkina-faso\/?p=11125"},"modified":"2021-05-05T16:39:12","modified_gmt":"2021-05-05T16:39:12","slug":"blaise-compaore-gilbert-diendere-et-le-cdp-les-confidences-deddie-komboigo","status":"publish","type":"post","link":"https:\/\/www.africa-press.net\/burkina-faso\/politique\/blaise-compaore-gilbert-diendere-et-le-cdp-les-confidences-deddie-komboigo","title":{"rendered":"Blaise Compaor\u00e9, Gilbert Diend\u00e9r\u00e9 et le CDP\u2026 Les confidences d\u2019Eddie Kombo\u00efgo"},"content":{"rendered":"<p><span style=\"color: #ff6600\"><strong><a href=\"https:\/\/www.africa-press.net\/\">Africa-Press<\/a> &#8211; <a href=\"https:\/\/www.africa-press.net\/burkina-faso\">Burkina Faso<\/a>. <\/strong><\/span>Ses relations avec l\u2019ancien chef de l\u2019\u00c9tat en exil en C\u00f4te d\u2019Ivoire, sa passion pour le foot et les chiens, le renouveau du CDP\u2026 Le chef de file de l\u2019opposition burkinab\u00e8 se livre comme il ne l\u2019avait jamais fait.<\/p>\n<p>\u00ab De quoi voulez-vous parler ? Tout a d\u00e9j\u00e0 \u00e9t\u00e9 \u00e9crit sur moi. Il n\u2019y a rien de plus \u00e0 raconter\u2026 \u00bb, pr\u00e9vient Eddie Kombo\u00efgo. Adoss\u00e9 \u00e0 un canap\u00e9 plant\u00e9 au beau milieu du hall d\u2019un h\u00f4tel parisien, ce 2 avril, le chef de file de l\u2019opposition burkinab\u00e8 a l\u2019air las. Il fait un court s\u00e9jour dans la capitale fran\u00e7aise \u00ab pour affaires \u00bb. \u00c0 deux jours de P\u00e2ques, ce fervent catholique pr\u00e9f\u00e9rerait sans doute pr\u00e9parer la f\u00eate \u00e0 Ouagadougou que de r\u00e9pondre \u00e0 des questions de journalistes, dont il se m\u00e9fie.<\/p>\n<p>Expert-comptable entr\u00e9 en politique, \u00e9lu patron du Congr\u00e8s pour la d\u00e9mocratie et le progr\u00e8s (CDP) en mai 2015, quelques mois apr\u00e8s le d\u00e9part de l\u2019ancien pr\u00e9sident Blaise Compaor\u00e9, Kombo\u00efgo est un homme secret. Certes, il s\u2019est construit une image de self-made-man et n\u2019h\u00e9site pas \u00e0 afficher sa r\u00e9ussite. Mais presque rien ne filtre de sa vie personnelle. Pourtant, au fil de l\u2019entretien, il se d\u00e9tend, puis se livre peu \u00e0 peu. J\u2019ai \u00e9t\u00e9 veilleur de nuit, surveillant puis professeur dans un lyc\u00e9e de la banlieue parisienne\u2026<\/p>\n","protected":false},"excerpt":{"rendered":"<p>Africa-Press &#8211; Burkina Faso. Ses relations avec l\u2019ancien chef de l\u2019\u00c9tat en exil en C\u00f4te d\u2019Ivoire, sa passion pour le foot et les chiens, le renouveau du CDP\u2026 Le chef de file de l\u2019opposition burkinab\u00e8 se livre comme il ne l\u2019avait jamais fait. \u00ab De quoi voulez-vous parler ? Tout a d\u00e9j\u00e0 \u00e9t\u00e9 \u00e9crit sur [&hellip;]<\/p>\n","protected":false},"author":82,"featured_media":11124,"comment_status":"open","ping_status":"closed","sticky":false,"template":"","format":"standard","meta":{"footnotes":""},"categories":[11,2,20,10],"tags":[111,725,29],"class_list":["post-11125","post","type-post","status-publish","format-standard","has-post-thumbnail","hentry","category-homepage-french","category-politique","category-top-nouvelles","category-toutes-les-actualites","tag-africa-press","tag-africa-press-burkina-faso","tag-burkina-faso"],"yoast_head":"<!-- This site is optimized with the Yoast SEO Premium plugin v26.1 (Yoast SEO v27.0) - https:\/\/yoast.com\/product\/yoast-seo-premium-wordpress\/ -->\n<title>Blaise Compaor\u00e9, Gilbert Diend\u00e9r\u00e9 et le CDP\u2026 Les confidences d\u2019Eddie Kombo\u00efgo - Burkina Faso<\/title>\n<meta name=\"description\" content=\"Ses relations avec l\u2019ancien chef de l\u2019\u00c9tat en exil en C\u00f4te d\u2019Ivoire, sa passion pour le foot et les chiens, le renouveau ...\" \/>\n<meta name=\"robots\" content=\"index, follow, max-snippet:-1, max-image-preview:large, max-video-preview:-1\" \/>\n<link rel=\"canonical\" href=\"https:\/\/www.africa-press.net\/burkina-faso\/politique\/blaise-compaore-gilbert-diendere-et-le-cdp-les-confidences-deddie-komboigo\" \/>\n<meta property=\"og:locale\" content=\"fr_FR\" \/>\n<meta property=\"og:type\" content=\"article\" \/>\n<meta property=\"og:title\" content=\"Blaise Compaor\u00e9, Gilbert Diend\u00e9r\u00e9 et le CDP\u2026 Les confidences d\u2019Eddie Kombo\u00efgo\" \/>\n<meta property=\"og:description\" content=\"Ses relations avec l\u2019ancien chef de l\u2019\u00c9tat en exil en C\u00f4te d\u2019Ivoire, sa passion pour le foot et les chiens, le renouveau ...\" \/>\n<meta property=\"og:url\" content=\"https:\/\/www.africa-press.net\/burkina-faso\/politique\/blaise-compaore-gilbert-diendere-et-le-cdp-les-confidences-deddie-komboigo\" \/>\n<meta property=\"og:site_name\" content=\"Burkina Faso\" \/>\n<meta property=\"article:published_time\" content=\"2021-05-04T12:06:54+00:00\" \/>\n<meta property=\"article:modified_time\" content=\"2021-05-05T16:39:12+00:00\" \/>\n<meta property=\"og:image\" content=\"https:\/\/static.africa-press.net\/burkina\/sites\/42\/2021\/05\/img-60912c515cbf8.jpg\" \/>\n\t<meta property=\"og:image:width\" content=\"720\" \/>\n\t<meta property=\"og:image:height\" content=\"360\" \/>\n\t<meta property=\"og:image:type\" content=\"image\/jpeg\" \/>\n<meta name=\"author\" content=\"cfeditorfr\" \/>\n<meta name=\"twitter:card\" content=\"summary_large_image\" \/>\n<meta name=\"twitter:label1\" content=\"\u00c9crit par\" \/>\n\t<meta name=\"twitter:data1\" content=\"cfeditorfr\" \/>\n\t<meta name=\"twitter:label2\" content=\"Dur\u00e9e de lecture estim\u00e9e\" \/>\n\t<meta name=\"twitter:data2\" content=\"1 minute\" \/>\n<script type=\"application\/ld+json\" class=\"yoast-schema-graph\">{\"@context\":\"https:\/\/schema.org\",\"@graph\":[{\"@type\":\"Article\",\"@id\":\"https:\/\/www.africa-press.net\/burkina-faso\/politique\/blaise-compaore-gilbert-diendere-et-le-cdp-les-confidences-deddie-komboigo#article\",\"isPartOf\":{\"@id\":\"https:\/\/www.africa-press.net\/burkina-faso\/politique\/blaise-compaore-gilbert-diendere-et-le-cdp-les-confidences-deddie-komboigo\"},\"author\":{\"name\":\"cfeditorfr\",\"@id\":\"https:\/\/www.africa-press.net\/burkina-faso\/#\/schema\/person\/2b1cf3cd81a31e3cd26889ca66d677f1\"},\"headline\":\"Blaise Compaor\u00e9, Gilbert Diend\u00e9r\u00e9 et le CDP\u2026 Les confidences d\u2019Eddie Kombo\u00efgo\",\"datePublished\":\"2021-05-04T12:06:54+00:00\",\"dateModified\":\"2021-05-05T16:39:12+00:00\",\"mainEntityOfPage\":{\"@id\":\"https:\/\/www.africa-press.net\/burkina-faso\/politique\/blaise-compaore-gilbert-diendere-et-le-cdp-les-confidences-deddie-komboigo\"},\"wordCount\":260,\"commentCount\":0,\"image\":{\"@id\":\"https:\/\/www.africa-press.net\/burkina-faso\/politique\/blaise-compaore-gilbert-diendere-et-le-cdp-les-confidences-deddie-komboigo#primaryimage\"},\"thumbnailUrl\":\"https:\/\/static.africa-press.net\/burkina\/sites\/42\/2021\/05\/img-60912c515cbf8.jpg\",\"keywords\":[\"Africa Press\",\"Africa Press-Burkina Faso\",\"Burkina Faso\"],\"articleSection\":[\"homepage-french\",\"Politique\",\"Top Nouvelles\",\"Toutes les actualit\u00e9s\"],\"inLanguage\":\"fr-FR\",\"potentialAction\":[{\"@type\":\"CommentAction\",\"name\":\"Comment\",\"target\":[\"https:\/\/www.africa-press.net\/burkina-faso\/politique\/blaise-compaore-gilbert-diendere-et-le-cdp-les-confidences-deddie-komboigo#respond\"]}]},{\"@type\":\"WebPage\",\"@id\":\"https:\/\/www.africa-press.net\/burkina-faso\/politique\/blaise-compaore-gilbert-diendere-et-le-cdp-les-confidences-deddie-komboigo\",\"url\":\"https:\/\/www.africa-press.net\/burkina-faso\/politique\/blaise-compaore-gilbert-diendere-et-le-cdp-les-confidences-deddie-komboigo\",\"name\":\"Blaise Compaor\u00e9, Gilbert Diend\u00e9r\u00e9 et le CDP\u2026 Les confidences d\u2019Eddie Kombo\u00efgo - Burkina Faso\",\"isPartOf\":{\"@id\":\"https:\/\/www.africa-press.net\/burkina-faso\/#website\"},\"primaryImageOfPage\":{\"@id\":\"https:\/\/www.africa-press.net\/burkina-faso\/politique\/blaise-compaore-gilbert-diendere-et-le-cdp-les-confidences-deddie-komboigo#primaryimage\"},\"image\":{\"@id\":\"https:\/\/www.africa-press.net\/burkina-faso\/politique\/blaise-compaore-gilbert-diendere-et-le-cdp-les-confidences-deddie-komboigo#primaryimage\"},\"thumbnailUrl\":\"https:\/\/static.africa-press.net\/burkina\/sites\/42\/2021\/05\/img-60912c515cbf8.jpg\",\"datePublished\":\"2021-05-04T12:06:54+00:00\",\"dateModified\":\"2021-05-05T16:39:12+00:00\",\"author\":{\"@id\":\"https:\/\/www.africa-press.net\/burkina-faso\/#\/schema\/person\/2b1cf3cd81a31e3cd26889ca66d677f1\"},\"description\":\"Ses relations avec l\u2019ancien chef de l\u2019\u00c9tat en exil en C\u00f4te d\u2019Ivoire, sa passion pour le foot et les chiens, le renouveau ...\",\"breadcrumb\":{\"@id\":\"https:\/\/www.africa-press.net\/burkina-faso\/politique\/blaise-compaore-gilbert-diendere-et-le-cdp-les-confidences-deddie-komboigo#breadcrumb\"},\"inLanguage\":\"fr-FR\",\"potentialAction\":[{\"@type\":\"ReadAction\",\"target\":[\"https:\/\/www.africa-press.net\/burkina-faso\/politique\/blaise-compaore-gilbert-diendere-et-le-cdp-les-confidences-deddie-komboigo\"]}]},{\"@type\":\"ImageObject\",\"inLanguage\":\"fr-FR\",\"@id\":\"https:\/\/www.africa-press.net\/burkina-faso\/politique\/blaise-compaore-gilbert-diendere-et-le-cdp-les-confidences-deddie-komboigo#primaryimage\",\"url\":\"https:\/\/static.africa-press.net\/burkina\/sites\/42\/2021\/05\/img-60912c515cbf8.jpg\",\"contentUrl\":\"https:\/\/static.africa-press.net\/burkina\/sites\/42\/2021\/05\/img-60912c515cbf8.jpg\",\"width\":720,\"height\":360,\"caption\":\"Blaise Compaor\u00e9, Gilbert Diend\u00e9r\u00e9 et le CDP\u2026 Les confidences d\u2019Eddie Kombo\u00efgo\"},{\"@type\":\"BreadcrumbList\",\"@id\":\"https:\/\/www.africa-press.net\/burkina-faso\/politique\/blaise-compaore-gilbert-diendere-et-le-cdp-les-confidences-deddie-komboigo#breadcrumb\",\"itemListElement\":[{\"@type\":\"ListItem\",\"position\":1,\"name\":\"Accueil\",\"item\":\"https:\/\/www.africa-press.net\/burkina-faso\/\"},{\"@type\":\"ListItem\",\"position\":2,\"name\":\"Blaise Compaor\u00e9, Gilbert Diend\u00e9r\u00e9 et le CDP\u2026 Les confidences d\u2019Eddie Kombo\u00efgo\"}]},{\"@type\":\"WebSite\",\"@id\":\"https:\/\/www.africa-press.net\/burkina-faso\/#website\",\"url\":\"https:\/\/www.africa-press.net\/burkina-faso\/\",\"name\":\"Burkina Faso\",\"description\":\"Just another Africa News Agency Sites site\",\"potentialAction\":[{\"@type\":\"SearchAction\",\"target\":{\"@type\":\"EntryPoint\",\"urlTemplate\":\"https:\/\/www.africa-press.net\/burkina-faso\/?s={search_term_string}\"},\"query-input\":{\"@type\":\"PropertyValueSpecification\",\"valueRequired\":true,\"valueName\":\"search_term_string\"}}],\"inLanguage\":\"fr-FR\"},{\"@type\":\"Person\",\"@id\":\"https:\/\/www.africa-press.net\/burkina-faso\/#\/schema\/person\/2b1cf3cd81a31e3cd26889ca66d677f1\",\"name\":\"cfeditorfr\"}]}<\/script>\n<!-- \/ Yoast SEO Premium plugin. -->","yoast_head_json":{"title":"Blaise Compaor\u00e9, Gilbert Diend\u00e9r\u00e9 et le CDP\u2026 Les confidences d\u2019Eddie Kombo\u00efgo - Burkina Faso","description":"Ses relations avec l\u2019ancien chef de l\u2019\u00c9tat en exil en C\u00f4te d\u2019Ivoire, sa passion pour le foot et les chiens, le renouveau ...","robots":{"index":"index","follow":"follow","max-snippet":"max-snippet:-1","max-image-preview":"max-image-preview:large","max-video-preview":"max-video-preview:-1"},"canonical":"https:\/\/www.africa-press.net\/burkina-faso\/politique\/blaise-compaore-gilbert-diendere-et-le-cdp-les-confidences-deddie-komboigo","og_locale":"fr_FR","og_type":"article","og_title":"Blaise Compaor\u00e9, Gilbert Diend\u00e9r\u00e9 et le CDP\u2026 Les confidences d\u2019Eddie Kombo\u00efgo","og_description":"Ses relations avec l\u2019ancien chef de l\u2019\u00c9tat en exil en C\u00f4te d\u2019Ivoire, sa passion pour le foot et les chiens, le renouveau ...","og_url":"https:\/\/www.africa-press.net\/burkina-faso\/politique\/blaise-compaore-gilbert-diendere-et-le-cdp-les-confidences-deddie-komboigo","og_site_name":"Burkina Faso","article_published_time":"2021-05-04T12:06:54+00:00","article_modified_time":"2021-05-05T16:39:12+00:00","og_image":[{"width":720,"height":360,"url":"https:\/\/static.africa-press.net\/burkina\/sites\/42\/2021\/05\/img-60912c515cbf8.jpg","type":"image\/jpeg"}],"author":"cfeditorfr","twitter_card":"summary_large_image","twitter_misc":{"\u00c9crit par":"cfeditorfr","Dur\u00e9e de lecture estim\u00e9e":"1 minute"},"schema":{"@context":"https:\/\/schema.org","@graph":[{"@type":"Article","@id":"https:\/\/www.africa-press.net\/burkina-faso\/politique\/blaise-compaore-gilbert-diendere-et-le-cdp-les-confidences-deddie-komboigo#article","isPartOf":{"@id":"https:\/\/www.africa-press.net\/burkina-faso\/politique\/blaise-compaore-gilbert-diendere-et-le-cdp-les-confidences-deddie-komboigo"},"author":{"name":"cfeditorfr","@id":"https:\/\/www.africa-press.net\/burkina-faso\/#\/schema\/person\/2b1cf3cd81a31e3cd26889ca66d677f1"},"headline":"Blaise Compaor\u00e9, Gilbert Diend\u00e9r\u00e9 et le CDP\u2026 Les confidences d\u2019Eddie Kombo\u00efgo","datePublished":"2021-05-04T12:06:54+00:00","dateModified":"2021-05-05T16:39:12+00:00","mainEntityOfPage":{"@id":"https:\/\/www.africa-press.net\/burkina-faso\/politique\/blaise-compaore-gilbert-diendere-et-le-cdp-les-confidences-deddie-komboigo"},"wordCount":260,"commentCount":0,"image":{"@id":"https:\/\/www.africa-press.net\/burkina-faso\/politique\/blaise-compaore-gilbert-diendere-et-le-cdp-les-confidences-deddie-komboigo#primaryimage"},"thumbnailUrl":"https:\/\/static.africa-press.net\/burkina\/sites\/42\/2021\/05\/img-60912c515cbf8.jpg","keywords":["Africa Press","Africa Press-Burkina Faso","Burkina Faso"],"articleSection":["homepage-french","Politique","Top Nouvelles","Toutes les actualit\u00e9s"],"inLanguage":"fr-FR","potentialAction":[{"@type":"CommentAction","name":"Comment","target":["https:\/\/www.africa-press.net\/burkina-faso\/politique\/blaise-compaore-gilbert-diendere-et-le-cdp-les-confidences-deddie-komboigo#respond"]}]},{"@type":"WebPage","@id":"https:\/\/www.africa-press.net\/burkina-faso\/politique\/blaise-compaore-gilbert-diendere-et-le-cdp-les-confidences-deddie-komboigo","url":"https:\/\/www.africa-press.net\/burkina-faso\/politique\/blaise-compaore-gilbert-diendere-et-le-cdp-les-confidences-deddie-komboigo","name":"Blaise Compaor\u00e9, Gilbert Diend\u00e9r\u00e9 et le CDP\u2026 Les confidences d\u2019Eddie Kombo\u00efgo - Burkina Faso","isPartOf":{"@id":"https:\/\/www.africa-press.net\/burkina-faso\/#website"},"primaryImageOfPage":{"@id":"https:\/\/www.africa-press.net\/burkina-faso\/politique\/blaise-compaore-gilbert-diendere-et-le-cdp-les-confidences-deddie-komboigo#primaryimage"},"image":{"@id":"https:\/\/www.africa-press.net\/burkina-faso\/politique\/blaise-compaore-gilbert-diendere-et-le-cdp-les-confidences-deddie-komboigo#primaryimage"},"thumbnailUrl":"https:\/\/static.africa-press.net\/burkina\/sites\/42\/2021\/05\/img-60912c515cbf8.jpg","datePublished":"2021-05-04T12:06:54+00:00","dateModified":"2021-05-05T16:39:12+00:00","author":{"@id":"https:\/\/www.africa-press.net\/burkina-faso\/#\/schema\/person\/2b1cf3cd81a31e3cd26889ca66d677f1"},"description":"Ses relations avec l\u2019ancien chef de l\u2019\u00c9tat en exil en C\u00f4te d\u2019Ivoire, sa passion pour le foot et les chiens, le renouveau ...","breadcrumb":{"@id":"https:\/\/www.africa-press.net\/burkina-faso\/politique\/blaise-compaore-gilbert-diendere-et-le-cdp-les-confidences-deddie-komboigo#breadcrumb"},"inLanguage":"fr-FR","potentialAction":[{"@type":"ReadAction","target":["https:\/\/www.africa-press.net\/burkina-faso\/politique\/blaise-compaore-gilbert-diendere-et-le-cdp-les-confidences-deddie-komboigo"]}]},{"@type":"ImageObject","inLanguage":"fr-FR","@id":"https:\/\/www.africa-press.net\/burkina-faso\/politique\/blaise-compaore-gilbert-diendere-et-le-cdp-les-confidences-deddie-komboigo#primaryimage","url":"https:\/\/static.africa-press.net\/burkina\/sites\/42\/2021\/05\/img-60912c515cbf8.jpg","contentUrl":"https:\/\/static.africa-press.net\/burkina\/sites\/42\/2021\/05\/img-60912c515cbf8.jpg","width":720,"height":360,"caption":"Blaise Compaor\u00e9, Gilbert Diend\u00e9r\u00e9 et le CDP\u2026 Les confidences d\u2019Eddie Kombo\u00efgo"},{"@type":"BreadcrumbList","@id":"https:\/\/www.africa-press.net\/burkina-faso\/politique\/blaise-compaore-gilbert-diendere-et-le-cdp-les-confidences-deddie-komboigo#breadcrumb","itemListElement":[{"@type":"ListItem","position":1,"name":"Accueil","item":"https:\/\/www.africa-press.net\/burkina-faso\/"},{"@type":"ListItem","position":2,"name":"Blaise Compaor\u00e9, Gilbert Diend\u00e9r\u00e9 et le CDP\u2026 Les confidences d\u2019Eddie Kombo\u00efgo"}]},{"@type":"WebSite","@id":"https:\/\/www.africa-press.net\/burkina-faso\/#website","url":"https:\/\/www.africa-press.net\/burkina-faso\/","name":"Burkina Faso","description":"Just another Africa News Agency Sites site","potentialAction":[{"@type":"SearchAction","target":{"@type":"EntryPoint","urlTemplate":"https:\/\/www.africa-press.net\/burkina-faso\/?s={search_term_string}"},"query-input":{"@type":"PropertyValueSpecification","valueRequired":true,"valueName":"search_term_string"}}],"inLanguage":"fr-FR"},{"@type":"Person","@id":"https:\/\/www.africa-press.net\/burkina-faso\/#\/schema\/person\/2b1cf3cd81a31e3cd26889ca66d677f1","name":"cfeditorfr"}]}},"_links":{"self":[{"href":"https:\/\/www.africa-press.net\/burkina-faso\/wp-json\/wp\/v2\/posts\/11125","targetHints":{"allow":["GET"]}}],"collection":[{"href":"https:\/\/www.africa-press.net\/burkina-faso\/wp-json\/wp\/v2\/posts"}],"about":[{"href":"https:\/\/www.africa-press.net\/burkina-faso\/wp-json\/wp\/v2\/types\/post"}],"author":[{"embeddable":true,"href":"https:\/\/www.africa-press.net\/burkina-faso\/wp-json\/wp\/v2\/users\/82"}],"replies":[{"embeddable":true,"href":"https:\/\/www.africa-press.net\/burkina-faso\/wp-json\/wp\/v2\/comments?post=11125"}],"version-history":[{"count":0,"href":"https:\/\/www.africa-press.net\/burkina-faso\/wp-json\/wp\/v2\/posts\/11125\/revisions"}],"wp:featuredmedia":[{"embeddable":true,"href":"https:\/\/www.africa-press.net\/burkina-faso\/wp-json\/wp\/v2\/media\/11124"}],"wp:attachment":[{"href":"https:\/\/www.africa-press.net\/burkina-faso\/wp-json\/wp\/v2\/media?parent=11125"}],"wp:term":[{"taxonomy":"category","embeddable":true,"href":"https:\/\/www.africa-press.net\/burkina-faso\/wp-json\/wp\/v2\/categories?post=11125"},{"taxonomy":"post_tag","embeddable":true,"href":"https:\/\/www.africa-press.net\/burkina-faso\/wp-json\/wp\/v2\/tags?post=11125"}],"curies":[{"name":"wp","href":"https:\/\/api.w.org\/{rel}","templated":true}]}}