{"id":11131,"date":"2021-05-04T12:23:32","date_gmt":"2021-05-04T12:23:32","guid":{"rendered":"https:\/\/www.africa-press.net\/burkina-faso\/?p=11131"},"modified":"2021-05-05T16:39:42","modified_gmt":"2021-05-05T16:39:42","slug":"journee-mondiale-de-la-liberte-de-la-presse-les-pouvoirs-publics-appeles-a-soutenir-les-medias","status":"publish","type":"post","link":"https:\/\/www.africa-press.net\/burkina-faso\/politique\/journee-mondiale-de-la-liberte-de-la-presse-les-pouvoirs-publics-appeles-a-soutenir-les-medias","title":{"rendered":"Journ\u00e9e mondiale de la libert\u00e9 de la presse : Les pouvoirs publics appel\u00e9s \u00e0 soutenir les m\u00e9dias"},"content":{"rendered":"<p><span style=\"color: #ff6600\"><strong><a href=\"https:\/\/www.africa-press.net\/\">Africa-Press<\/a> &#8211; <a href=\"https:\/\/www.africa-press.net\/burkina-faso\">Burkina Faso<\/a>. <\/strong><\/span><b>La Journ\u00e9e mondiale de la libert\u00e9 de la presse a \u00e9t\u00e9 comm\u00e9mor\u00e9e, le lundi 3 mai 2021, \u00e0 Ouagadougou par le Centre national de presse Norbert-Zongo et d\u2019autres organisations professionnelles de m\u00e9dias et des journalistes.<\/b><\/p>\n<p>La c\u00e9r\u00e9monie s\u2019est d\u00e9roul\u00e9e en pr\u00e9sence du pr\u00e9sident du Conseil sup\u00e9rieur de la communication (CSC), Mathias Tankoano et de celui de la Commission \u00e9lectorale nationale ind\u00e9pendante (CENI), Newton Ahmed Barry.<\/p>\n<p>\u00ab La viabilit\u00e9 des entreprises de presse au Burkina Faso \u00bb, c\u2019est sous ce th\u00e8me que les organisations professionnelles des m\u00e9dias et des journalistes ont comm\u00e9mor\u00e9, la Journ\u00e9e mondiale de la libert\u00e9 de la presse (JMLP), le lundi 3 mai 2021, \u00e0 Ouagadougou. Selon le pr\u00e9sident du comit\u00e9 de pilotage du Centre national de presse Norbert-Zongo (CNP-NZ), Inoussa Ou\u00e9draogo, en choisissant ce th\u00e8me, le souhait est de voir l\u2019ensemble de la communaut\u00e9 politique, \u00e9conomique et m\u00e9diatique consentir des efforts au profit de l\u2019entreprise de presse. Pour lui, ce \u00ab maillon indispensable \u00bb \u00e0 la production de l\u2019information est en p\u00e9ril.<\/p>\n<p>\u00ab La plupart de nos entreprises de presse traverse des situations difficiles li\u00e9es \u00e0 la situation \u00e9conomique globale du pays, mais \u00e9galement, \u00e0 la maladie \u00e0 coronavirus. Ces derni\u00e8res ann\u00e9es, des entreprises de presse ont d\u00fb mettre la cl\u00e9 sous le paillasson \u00bb, a-t-il indiqu\u00e9. De l\u2019avis de M. Ou\u00e9draogo, tant que les entreprises de presse vivront des situations \u00e9conomiques difficiles, la libert\u00e9 de la presse sera menac\u00e9e et la qualit\u00e9 de l\u2019information touch\u00e9e. \u00ab Nous voulons inviter les responsables de ce pays \u00e0 faire en sorte que la situation des m\u00e9dias les pr\u00e9occupe davantage parce que si les m\u00e9dias disparaissent, c\u2019est la d\u00e9mocratie qui dispara\u00eetra.<\/p>\n<p>Et nous nous demandons ce que sera notre monde et notre pays s\u2019il n\u2019y a pas de m\u00e9dias\u00bb, a-t-il affirm\u00e9. Il a rappel\u00e9 que la comm\u00e9moration de l\u2019\u00e9dition 2021 de la JMLP se tient dans un contexte o\u00f9 le Burkina Faso est \u00ab plus ou moins bien cot\u00e9 \u00bb sur le plan de la libert\u00e9 de la presse. En effet, a-t-il relev\u00e9, le classement de Reporters sans fronti\u00e8res place en mati\u00e8re de la libert\u00e9 de la presse, le pays des Hommes int\u00e8gres 5e en Afrique derri\u00e8re l\u2019Afrique du Sud, le Ghana, le Cap Vert et la Namibie et 1er en Afrique francophone.<\/p>\n<p>\u00ab Dans le monde, le Burkina occupe la 37e position sur 180 pays, juste derri\u00e8re la Slov\u00e9nie, la Slovaquie, la France et le Royaume Uni. Nous avons des motifs de satisfaction \u00bb, s\u2019est-t-il r\u00e9joui. Cependant, M. Ou\u00e9draogo a soutenu que des d\u00e9fis restent \u00e0 relever pour construire des m\u00e9dias \u00e9conomiquement viables et professionnellement libres et ind\u00e9pendants de toutes les chapelles politiques et \u00e9conomiques.<\/p>\n<p>Le pr\u00e9sident du Conseil sup\u00e9rieur de la communication (CSC), Mathias Tankoano, a aussi salu\u00e9 le bon classement du Burkina Faso. A l\u2019entendre, ce classement montre la qualit\u00e9 du travail que les m\u00e9dias nationaux abattent, mais aussi, \u00ab l\u2019effort de synergie qu\u2019il y a entre les pouvoirs publics notamment le r\u00e9gulateur et les organisations professionnelles de la presse pour que nous ayons cet espace de libert\u00e9 qui est le ciment de notre d\u00e9mocratie \u00bb. \u00ab Nous sommes dans un pays post-insurrectionnel o\u00f9 nous devons tous garantir cet espace de libert\u00e9 pour consolider davantage nos acquis d\u00e9mocratiques. Nous voulons lancer un appel \u00e0 ce que nous continuions dans ce sens-l\u00e0 pour que notre pays ne puisse plus reculer en la mati\u00e8re. Nous sommes donc satisfaits \u00bb, a-t-il signifi\u00e9.<\/p>\n<p>Il a rassur\u00e9 que son institution est engag\u00e9e depuis deux ans aux c\u00f4t\u00e9s des organisations professionnelles de la presse pour mener un plaidoyer aupr\u00e8s de l\u2019Assembl\u00e9e nationale, afin d\u2019obtenir la d\u00e9fiscalisation des entreprises de presse. \u00ab Si nous ne faisons pas un effort dans ce sens, nous allons \u00e9teindre des voix dans le milieu de la presse \u00bb, a-t-il averti. Par rapport \u00e0 l\u2019application effective de la convention collective de la presse, le patron du CSC a confi\u00e9 que le plaidoyer et les \u00e9changes avec les patrons de presse continuent. A l\u2019issue de la c\u00e9r\u00e9monie d\u2019ouverture, un panel a \u00e9t\u00e9 anim\u00e9 par deux universitaires.<\/p>\n<p>Dr Lassan\u00e9 Yam\u00e9ogo, a fait le point sur l\u2019\u00e9tat de la libert\u00e9 de la presse au Burkina Faso en 2020. La moyenne globale est de 2,41 sur 5. Selon lui, cette note est en baisse par rapport \u00e0 2019. \u00ab 2020 a \u00e9t\u00e9 une ann\u00e9e de menace de mort et d\u2019intimidation contre des journalistes \u00bb, a-t-il soutenu. Le 2e pan\u00e9liste, Dr Boura\u00efman Zongo a d\u00e9velopp\u00e9 l\u2019impact de la COVID-19 sur les m\u00e9dias burkinab\u00e8. Cette \u00e9tude qui a \u00e9t\u00e9 men\u00e9e \u00e0 Ouagadougou et \u00e0 Bobo-Dioulasso a r\u00e9v\u00e9l\u00e9 que cette maladie a eu des r\u00e9percussions sur le travail des journalistes et partant de la libert\u00e9 de la presse.<\/p>\n<p>\u00ab Les journalistes n\u2019avaient pas acc\u00e8s aux sources d\u2019information et les mesures de quarantaine, de couvre-feu et de confinement n\u2019ont pas tenu compte de la sp\u00e9cificit\u00e9 du journalisme \u00bb, a-t-il not\u00e9. Il a soulign\u00e9 que malgr\u00e9 cette situation, les journalistes et les m\u00e9dias ont \u00e9t\u00e9 r\u00e9silients en d\u00e9veloppant des initiatives pour informer les populations.<br \/>\nLa c\u00e9r\u00e9monie comm\u00e9morative a servi de cadre pour le lancement du prix Norbert-Zongo du journalisme d\u2019investigation et celui de la meilleure journaliste du Burkina pour l\u2019ann\u00e9e 2021. Ces deux prix changent d\u00e9sormais de noms.<\/p>\n<p>Ils deviennent respectivement Prix africain Norbert-Zongo du journalisme d\u2019investigation et Prix Marie-Soleil-Fr\u00e8re de la meilleure journaliste du Burkina Faso. Un hommage a \u00e9t\u00e9 rendu \u00e0 cette derni\u00e8re d\u00e9c\u00e9d\u00e9e en mars 2021 et une minute de silence observ\u00e9e \u00e0 la m\u00e9moire des confr\u00e8res disparus entre deux \u00e9ditions de la JMLP.<\/p>\n<p><b>\u00a0<\/b><\/p>\n","protected":false},"excerpt":{"rendered":"<p>Africa-Press &#8211; Burkina Faso. La Journ\u00e9e mondiale de la libert\u00e9 de la presse a \u00e9t\u00e9 comm\u00e9mor\u00e9e, le lundi 3 mai 2021, \u00e0 Ouagadougou par le Centre national de presse Norbert-Zongo et d\u2019autres organisations professionnelles de m\u00e9dias et des journalistes. La c\u00e9r\u00e9monie s\u2019est d\u00e9roul\u00e9e en pr\u00e9sence du pr\u00e9sident du Conseil sup\u00e9rieur de la communication (CSC), Mathias [&hellip;]<\/p>\n","protected":false},"author":82,"featured_media":11130,"comment_status":"open","ping_status":"closed","sticky":false,"template":"","format":"standard","meta":{"footnotes":""},"categories":[11,2,10],"tags":[111,725,29,1902,535,1903,412,1901],"class_list":["post-11131","post","type-post","status-publish","format-standard","has-post-thumbnail","hentry","category-homepage-french","category-politique","category-toutes-les-actualites","tag-africa-press","tag-africa-press-burkina-faso","tag-burkina-faso","tag-ive-journee-eliminatoires-can-2022-malawi-burkina-0-0","tag-journee","tag-liberte","tag-medias","tag-presse"],"yoast_head":"<!-- This site is optimized with the Yoast SEO Premium plugin v26.1 (Yoast SEO v27.0) - https:\/\/yoast.com\/product\/yoast-seo-premium-wordpress\/ -->\n<title>Journ\u00e9e mondiale de la libert\u00e9 de la presse : Les pouvoirs publics appel\u00e9s \u00e0 soutenir les m\u00e9dias - Burkina Faso<\/title>\n<meta name=\"description\" content=\"La Journ\u00e9e mondiale de la libert\u00e9 de la presse a \u00e9t\u00e9 comm\u00e9mor\u00e9e, le lundi 3 mai 2021, \u00e0 Ouagadougou par le Centre nat ...\" \/>\n<meta name=\"robots\" content=\"index, follow, max-snippet:-1, max-image-preview:large, max-video-preview:-1\" \/>\n<link rel=\"canonical\" href=\"https:\/\/www.africa-press.net\/burkina-faso\/politique\/journee-mondiale-de-la-liberte-de-la-presse-les-pouvoirs-publics-appeles-a-soutenir-les-medias\" \/>\n<meta property=\"og:locale\" content=\"fr_FR\" \/>\n<meta property=\"og:type\" content=\"article\" \/>\n<meta property=\"og:title\" content=\"Journ\u00e9e mondiale de la libert\u00e9 de la presse : Les pouvoirs publics appel\u00e9s \u00e0 soutenir les m\u00e9dias\" \/>\n<meta property=\"og:description\" content=\"La Journ\u00e9e mondiale de la libert\u00e9 de la presse a \u00e9t\u00e9 comm\u00e9mor\u00e9e, le lundi 3 mai 2021, \u00e0 Ouagadougou par le Centre nat ...\" \/>\n<meta property=\"og:url\" content=\"https:\/\/www.africa-press.net\/burkina-faso\/politique\/journee-mondiale-de-la-liberte-de-la-presse-les-pouvoirs-publics-appeles-a-soutenir-les-medias\" \/>\n<meta property=\"og:site_name\" content=\"Burkina Faso\" \/>\n<meta property=\"article:published_time\" content=\"2021-05-04T12:23:32+00:00\" \/>\n<meta property=\"article:modified_time\" content=\"2021-05-05T16:39:42+00:00\" \/>\n<meta property=\"og:image\" content=\"https:\/\/static.africa-press.net\/burkina\/sites\/42\/2021\/05\/img-60912cbfe989d.jpg\" \/>\n\t<meta property=\"og:image:width\" content=\"780\" \/>\n\t<meta property=\"og:image:height\" content=\"609\" \/>\n\t<meta property=\"og:image:type\" content=\"image\/jpeg\" \/>\n<meta name=\"author\" content=\"cfeditorfr\" \/>\n<meta name=\"twitter:card\" content=\"summary_large_image\" \/>\n<meta name=\"twitter:label1\" content=\"\u00c9crit par\" \/>\n\t<meta name=\"twitter:data1\" content=\"cfeditorfr\" \/>\n\t<meta name=\"twitter:label2\" content=\"Dur\u00e9e de lecture estim\u00e9e\" \/>\n\t<meta name=\"twitter:data2\" content=\"4 minutes\" \/>\n<script type=\"application\/ld+json\" class=\"yoast-schema-graph\">{\"@context\":\"https:\/\/schema.org\",\"@graph\":[{\"@type\":\"Article\",\"@id\":\"https:\/\/www.africa-press.net\/burkina-faso\/politique\/journee-mondiale-de-la-liberte-de-la-presse-les-pouvoirs-publics-appeles-a-soutenir-les-medias#article\",\"isPartOf\":{\"@id\":\"https:\/\/www.africa-press.net\/burkina-faso\/politique\/journee-mondiale-de-la-liberte-de-la-presse-les-pouvoirs-publics-appeles-a-soutenir-les-medias\"},\"author\":{\"name\":\"cfeditorfr\",\"@id\":\"https:\/\/www.africa-press.net\/burkina-faso\/#\/schema\/person\/2b1cf3cd81a31e3cd26889ca66d677f1\"},\"headline\":\"Journ\u00e9e mondiale de la libert\u00e9 de la presse : Les pouvoirs publics appel\u00e9s \u00e0 soutenir les m\u00e9dias\",\"datePublished\":\"2021-05-04T12:23:32+00:00\",\"dateModified\":\"2021-05-05T16:39:42+00:00\",\"mainEntityOfPage\":{\"@id\":\"https:\/\/www.africa-press.net\/burkina-faso\/politique\/journee-mondiale-de-la-liberte-de-la-presse-les-pouvoirs-publics-appeles-a-soutenir-les-medias\"},\"wordCount\":1001,\"commentCount\":0,\"image\":{\"@id\":\"https:\/\/www.africa-press.net\/burkina-faso\/politique\/journee-mondiale-de-la-liberte-de-la-presse-les-pouvoirs-publics-appeles-a-soutenir-les-medias#primaryimage\"},\"thumbnailUrl\":\"https:\/\/static.africa-press.net\/burkina\/sites\/42\/2021\/05\/img-60912cbfe989d.jpg\",\"keywords\":[\"Africa Press\",\"Africa Press-Burkina Faso\",\"Burkina Faso\",\"IVe journ\u00e9e \u00e9liminatoires CAN 2022\/Malawi # Burkina (0-0)\",\"journ\u00e9e\",\"libert\u00e9\",\"medias\",\"presse\"],\"articleSection\":[\"homepage-french\",\"Politique\",\"Toutes les actualit\u00e9s\"],\"inLanguage\":\"fr-FR\",\"potentialAction\":[{\"@type\":\"CommentAction\",\"name\":\"Comment\",\"target\":[\"https:\/\/www.africa-press.net\/burkina-faso\/politique\/journee-mondiale-de-la-liberte-de-la-presse-les-pouvoirs-publics-appeles-a-soutenir-les-medias#respond\"]}]},{\"@type\":\"WebPage\",\"@id\":\"https:\/\/www.africa-press.net\/burkina-faso\/politique\/journee-mondiale-de-la-liberte-de-la-presse-les-pouvoirs-publics-appeles-a-soutenir-les-medias\",\"url\":\"https:\/\/www.africa-press.net\/burkina-faso\/politique\/journee-mondiale-de-la-liberte-de-la-presse-les-pouvoirs-publics-appeles-a-soutenir-les-medias\",\"name\":\"Journ\u00e9e mondiale de la libert\u00e9 de la presse : Les pouvoirs publics appel\u00e9s \u00e0 soutenir les m\u00e9dias - Burkina Faso\",\"isPartOf\":{\"@id\":\"https:\/\/www.africa-press.net\/burkina-faso\/#website\"},\"primaryImageOfPage\":{\"@id\":\"https:\/\/www.africa-press.net\/burkina-faso\/politique\/journee-mondiale-de-la-liberte-de-la-presse-les-pouvoirs-publics-appeles-a-soutenir-les-medias#primaryimage\"},\"image\":{\"@id\":\"https:\/\/www.africa-press.net\/burkina-faso\/politique\/journee-mondiale-de-la-liberte-de-la-presse-les-pouvoirs-publics-appeles-a-soutenir-les-medias#primaryimage\"},\"thumbnailUrl\":\"https:\/\/static.africa-press.net\/burkina\/sites\/42\/2021\/05\/img-60912cbfe989d.jpg\",\"datePublished\":\"2021-05-04T12:23:32+00:00\",\"dateModified\":\"2021-05-05T16:39:42+00:00\",\"author\":{\"@id\":\"https:\/\/www.africa-press.net\/burkina-faso\/#\/schema\/person\/2b1cf3cd81a31e3cd26889ca66d677f1\"},\"description\":\"La Journ\u00e9e mondiale de la libert\u00e9 de la presse a \u00e9t\u00e9 comm\u00e9mor\u00e9e, le lundi 3 mai 2021, \u00e0 Ouagadougou par le Centre nat ...\",\"breadcrumb\":{\"@id\":\"https:\/\/www.africa-press.net\/burkina-faso\/politique\/journee-mondiale-de-la-liberte-de-la-presse-les-pouvoirs-publics-appeles-a-soutenir-les-medias#breadcrumb\"},\"inLanguage\":\"fr-FR\",\"potentialAction\":[{\"@type\":\"ReadAction\",\"target\":[\"https:\/\/www.africa-press.net\/burkina-faso\/politique\/journee-mondiale-de-la-liberte-de-la-presse-les-pouvoirs-publics-appeles-a-soutenir-les-medias\"]}]},{\"@type\":\"ImageObject\",\"inLanguage\":\"fr-FR\",\"@id\":\"https:\/\/www.africa-press.net\/burkina-faso\/politique\/journee-mondiale-de-la-liberte-de-la-presse-les-pouvoirs-publics-appeles-a-soutenir-les-medias#primaryimage\",\"url\":\"https:\/\/static.africa-press.net\/burkina\/sites\/42\/2021\/05\/img-60912cbfe989d.jpg\",\"contentUrl\":\"https:\/\/static.africa-press.net\/burkina\/sites\/42\/2021\/05\/img-60912cbfe989d.jpg\",\"width\":780,\"height\":609,\"caption\":\"Journ\u00e9e mondiale de la libert\u00e9 de la presse : Les pouvoirs publics appel\u00e9s \u00e0 soutenir les m\u00e9dias\"},{\"@type\":\"BreadcrumbList\",\"@id\":\"https:\/\/www.africa-press.net\/burkina-faso\/politique\/journee-mondiale-de-la-liberte-de-la-presse-les-pouvoirs-publics-appeles-a-soutenir-les-medias#breadcrumb\",\"itemListElement\":[{\"@type\":\"ListItem\",\"position\":1,\"name\":\"Accueil\",\"item\":\"https:\/\/www.africa-press.net\/burkina-faso\/\"},{\"@type\":\"ListItem\",\"position\":2,\"name\":\"Journ\u00e9e mondiale de la libert\u00e9 de la presse : Les pouvoirs publics appel\u00e9s \u00e0 soutenir les m\u00e9dias\"}]},{\"@type\":\"WebSite\",\"@id\":\"https:\/\/www.africa-press.net\/burkina-faso\/#website\",\"url\":\"https:\/\/www.africa-press.net\/burkina-faso\/\",\"name\":\"Burkina Faso\",\"description\":\"Just another Africa News Agency Sites site\",\"potentialAction\":[{\"@type\":\"SearchAction\",\"target\":{\"@type\":\"EntryPoint\",\"urlTemplate\":\"https:\/\/www.africa-press.net\/burkina-faso\/?s={search_term_string}\"},\"query-input\":{\"@type\":\"PropertyValueSpecification\",\"valueRequired\":true,\"valueName\":\"search_term_string\"}}],\"inLanguage\":\"fr-FR\"},{\"@type\":\"Person\",\"@id\":\"https:\/\/www.africa-press.net\/burkina-faso\/#\/schema\/person\/2b1cf3cd81a31e3cd26889ca66d677f1\",\"name\":\"cfeditorfr\"}]}<\/script>\n<!-- \/ Yoast SEO Premium plugin. -->","yoast_head_json":{"title":"Journ\u00e9e mondiale de la libert\u00e9 de la presse : Les pouvoirs publics appel\u00e9s \u00e0 soutenir les m\u00e9dias - Burkina Faso","description":"La Journ\u00e9e mondiale de la libert\u00e9 de la presse a \u00e9t\u00e9 comm\u00e9mor\u00e9e, le lundi 3 mai 2021, \u00e0 Ouagadougou par le Centre nat ...","robots":{"index":"index","follow":"follow","max-snippet":"max-snippet:-1","max-image-preview":"max-image-preview:large","max-video-preview":"max-video-preview:-1"},"canonical":"https:\/\/www.africa-press.net\/burkina-faso\/politique\/journee-mondiale-de-la-liberte-de-la-presse-les-pouvoirs-publics-appeles-a-soutenir-les-medias","og_locale":"fr_FR","og_type":"article","og_title":"Journ\u00e9e mondiale de la libert\u00e9 de la presse : Les pouvoirs publics appel\u00e9s \u00e0 soutenir les m\u00e9dias","og_description":"La Journ\u00e9e mondiale de la libert\u00e9 de la presse a \u00e9t\u00e9 comm\u00e9mor\u00e9e, le lundi 3 mai 2021, \u00e0 Ouagadougou par le Centre nat ...","og_url":"https:\/\/www.africa-press.net\/burkina-faso\/politique\/journee-mondiale-de-la-liberte-de-la-presse-les-pouvoirs-publics-appeles-a-soutenir-les-medias","og_site_name":"Burkina Faso","article_published_time":"2021-05-04T12:23:32+00:00","article_modified_time":"2021-05-05T16:39:42+00:00","og_image":[{"width":780,"height":609,"url":"https:\/\/static.africa-press.net\/burkina\/sites\/42\/2021\/05\/img-60912cbfe989d.jpg","type":"image\/jpeg"}],"author":"cfeditorfr","twitter_card":"summary_large_image","twitter_misc":{"\u00c9crit par":"cfeditorfr","Dur\u00e9e de lecture estim\u00e9e":"4 minutes"},"schema":{"@context":"https:\/\/schema.org","@graph":[{"@type":"Article","@id":"https:\/\/www.africa-press.net\/burkina-faso\/politique\/journee-mondiale-de-la-liberte-de-la-presse-les-pouvoirs-publics-appeles-a-soutenir-les-medias#article","isPartOf":{"@id":"https:\/\/www.africa-press.net\/burkina-faso\/politique\/journee-mondiale-de-la-liberte-de-la-presse-les-pouvoirs-publics-appeles-a-soutenir-les-medias"},"author":{"name":"cfeditorfr","@id":"https:\/\/www.africa-press.net\/burkina-faso\/#\/schema\/person\/2b1cf3cd81a31e3cd26889ca66d677f1"},"headline":"Journ\u00e9e mondiale de la libert\u00e9 de la presse : Les pouvoirs publics appel\u00e9s \u00e0 soutenir les m\u00e9dias","datePublished":"2021-05-04T12:23:32+00:00","dateModified":"2021-05-05T16:39:42+00:00","mainEntityOfPage":{"@id":"https:\/\/www.africa-press.net\/burkina-faso\/politique\/journee-mondiale-de-la-liberte-de-la-presse-les-pouvoirs-publics-appeles-a-soutenir-les-medias"},"wordCount":1001,"commentCount":0,"image":{"@id":"https:\/\/www.africa-press.net\/burkina-faso\/politique\/journee-mondiale-de-la-liberte-de-la-presse-les-pouvoirs-publics-appeles-a-soutenir-les-medias#primaryimage"},"thumbnailUrl":"https:\/\/static.africa-press.net\/burkina\/sites\/42\/2021\/05\/img-60912cbfe989d.jpg","keywords":["Africa Press","Africa Press-Burkina Faso","Burkina Faso","IVe journ\u00e9e \u00e9liminatoires CAN 2022\/Malawi # Burkina (0-0)","journ\u00e9e","libert\u00e9","medias","presse"],"articleSection":["homepage-french","Politique","Toutes les actualit\u00e9s"],"inLanguage":"fr-FR","potentialAction":[{"@type":"CommentAction","name":"Comment","target":["https:\/\/www.africa-press.net\/burkina-faso\/politique\/journee-mondiale-de-la-liberte-de-la-presse-les-pouvoirs-publics-appeles-a-soutenir-les-medias#respond"]}]},{"@type":"WebPage","@id":"https:\/\/www.africa-press.net\/burkina-faso\/politique\/journee-mondiale-de-la-liberte-de-la-presse-les-pouvoirs-publics-appeles-a-soutenir-les-medias","url":"https:\/\/www.africa-press.net\/burkina-faso\/politique\/journee-mondiale-de-la-liberte-de-la-presse-les-pouvoirs-publics-appeles-a-soutenir-les-medias","name":"Journ\u00e9e mondiale de la libert\u00e9 de la presse : Les pouvoirs publics appel\u00e9s \u00e0 soutenir les m\u00e9dias - Burkina Faso","isPartOf":{"@id":"https:\/\/www.africa-press.net\/burkina-faso\/#website"},"primaryImageOfPage":{"@id":"https:\/\/www.africa-press.net\/burkina-faso\/politique\/journee-mondiale-de-la-liberte-de-la-presse-les-pouvoirs-publics-appeles-a-soutenir-les-medias#primaryimage"},"image":{"@id":"https:\/\/www.africa-press.net\/burkina-faso\/politique\/journee-mondiale-de-la-liberte-de-la-presse-les-pouvoirs-publics-appeles-a-soutenir-les-medias#primaryimage"},"thumbnailUrl":"https:\/\/static.africa-press.net\/burkina\/sites\/42\/2021\/05\/img-60912cbfe989d.jpg","datePublished":"2021-05-04T12:23:32+00:00","dateModified":"2021-05-05T16:39:42+00:00","author":{"@id":"https:\/\/www.africa-press.net\/burkina-faso\/#\/schema\/person\/2b1cf3cd81a31e3cd26889ca66d677f1"},"description":"La Journ\u00e9e mondiale de la libert\u00e9 de la presse a \u00e9t\u00e9 comm\u00e9mor\u00e9e, le lundi 3 mai 2021, \u00e0 Ouagadougou par le Centre nat ...","breadcrumb":{"@id":"https:\/\/www.africa-press.net\/burkina-faso\/politique\/journee-mondiale-de-la-liberte-de-la-presse-les-pouvoirs-publics-appeles-a-soutenir-les-medias#breadcrumb"},"inLanguage":"fr-FR","potentialAction":[{"@type":"ReadAction","target":["https:\/\/www.africa-press.net\/burkina-faso\/politique\/journee-mondiale-de-la-liberte-de-la-presse-les-pouvoirs-publics-appeles-a-soutenir-les-medias"]}]},{"@type":"ImageObject","inLanguage":"fr-FR","@id":"https:\/\/www.africa-press.net\/burkina-faso\/politique\/journee-mondiale-de-la-liberte-de-la-presse-les-pouvoirs-publics-appeles-a-soutenir-les-medias#primaryimage","url":"https:\/\/static.africa-press.net\/burkina\/sites\/42\/2021\/05\/img-60912cbfe989d.jpg","contentUrl":"https:\/\/static.africa-press.net\/burkina\/sites\/42\/2021\/05\/img-60912cbfe989d.jpg","width":780,"height":609,"caption":"Journ\u00e9e mondiale de la libert\u00e9 de la presse : Les pouvoirs publics appel\u00e9s \u00e0 soutenir les m\u00e9dias"},{"@type":"BreadcrumbList","@id":"https:\/\/www.africa-press.net\/burkina-faso\/politique\/journee-mondiale-de-la-liberte-de-la-presse-les-pouvoirs-publics-appeles-a-soutenir-les-medias#breadcrumb","itemListElement":[{"@type":"ListItem","position":1,"name":"Accueil","item":"https:\/\/www.africa-press.net\/burkina-faso\/"},{"@type":"ListItem","position":2,"name":"Journ\u00e9e mondiale de la libert\u00e9 de la presse : Les pouvoirs publics appel\u00e9s \u00e0 soutenir les m\u00e9dias"}]},{"@type":"WebSite","@id":"https:\/\/www.africa-press.net\/burkina-faso\/#website","url":"https:\/\/www.africa-press.net\/burkina-faso\/","name":"Burkina Faso","description":"Just another Africa News Agency Sites site","potentialAction":[{"@type":"SearchAction","target":{"@type":"EntryPoint","urlTemplate":"https:\/\/www.africa-press.net\/burkina-faso\/?s={search_term_string}"},"query-input":{"@type":"PropertyValueSpecification","valueRequired":true,"valueName":"search_term_string"}}],"inLanguage":"fr-FR"},{"@type":"Person","@id":"https:\/\/www.africa-press.net\/burkina-faso\/#\/schema\/person\/2b1cf3cd81a31e3cd26889ca66d677f1","name":"cfeditorfr"}]}},"_links":{"self":[{"href":"https:\/\/www.africa-press.net\/burkina-faso\/wp-json\/wp\/v2\/posts\/11131","targetHints":{"allow":["GET"]}}],"collection":[{"href":"https:\/\/www.africa-press.net\/burkina-faso\/wp-json\/wp\/v2\/posts"}],"about":[{"href":"https:\/\/www.africa-press.net\/burkina-faso\/wp-json\/wp\/v2\/types\/post"}],"author":[{"embeddable":true,"href":"https:\/\/www.africa-press.net\/burkina-faso\/wp-json\/wp\/v2\/users\/82"}],"replies":[{"embeddable":true,"href":"https:\/\/www.africa-press.net\/burkina-faso\/wp-json\/wp\/v2\/comments?post=11131"}],"version-history":[{"count":0,"href":"https:\/\/www.africa-press.net\/burkina-faso\/wp-json\/wp\/v2\/posts\/11131\/revisions"}],"wp:featuredmedia":[{"embeddable":true,"href":"https:\/\/www.africa-press.net\/burkina-faso\/wp-json\/wp\/v2\/media\/11130"}],"wp:attachment":[{"href":"https:\/\/www.africa-press.net\/burkina-faso\/wp-json\/wp\/v2\/media?parent=11131"}],"wp:term":[{"taxonomy":"category","embeddable":true,"href":"https:\/\/www.africa-press.net\/burkina-faso\/wp-json\/wp\/v2\/categories?post=11131"},{"taxonomy":"post_tag","embeddable":true,"href":"https:\/\/www.africa-press.net\/burkina-faso\/wp-json\/wp\/v2\/tags?post=11131"}],"curies":[{"name":"wp","href":"https:\/\/api.w.org\/{rel}","templated":true}]}}