{"id":11135,"date":"2021-05-05T11:02:01","date_gmt":"2021-05-05T11:02:01","guid":{"rendered":"https:\/\/www.africa-press.net\/burkina-faso\/?p=11135"},"modified":"2021-05-05T16:39:54","modified_gmt":"2021-05-05T16:39:54","slug":"burkina-apres-le-paren-michel-bere-fonde-le-rassemblement-pour-le-developpement-national-rdn","status":"publish","type":"post","link":"https:\/\/www.africa-press.net\/burkina-faso\/parties\/burkina-apres-le-paren-michel-bere-fonde-le-rassemblement-pour-le-developpement-national-rdn","title":{"rendered":"Apr\u00e8s le PAREN, Michel B\u00e9r\u00e9 fonde le Rassemblement pour le d\u00e9veloppement national (RDN)"},"content":{"rendered":"<p><span style=\"color: #ff6600\"><strong><a href=\"https:\/\/www.africa-press.net\/\">Africa-Press<\/a> &#8211; <a href=\"https:\/\/www.africa-press.net\/burkina-faso\">Burkina Faso<\/a>. <\/strong><\/span><b>Il s\u2019est fait connaitre au PAREN (Parti pour la renaissance nationale) comme secr\u00e9taire g\u00e9n\u00e9ral, puis comme pr\u00e9sident du parti. Apr\u00e8s l\u2019avoir quitt\u00e9, il y a quelques temps, Michel B\u00e9r\u00e9 revient au-devant de la sc\u00e8ne politique, comme le pr\u00e9sident fondateur du Rassemblement pour le d\u00e9veloppement national (RDN). La pr\u00e9sentation officielle de ce nouveau parti s\u2019est d\u00e9roul\u00e9e le mardi 4 mai 2021 \u00e0 Ouagadougou.<\/b><\/p>\n<p>\u00ab Apr\u00e8s une belle exp\u00e9rience riche en enseignement et une fin am\u00e8re avec de nombreuses divergences de point de vue, j\u2019ai d\u00e9cid\u00e9 de quitter le PAREN. Mais convaincu que je peux apporter quelque chose \u00e0 mon pays, j\u2019ai d\u00e9cid\u00e9 de cr\u00e9er le RDN \u00bb. Tels sont les propos d\u2019entr\u00e9e de jeu de Michel B\u00e9r\u00e9, le pr\u00e9sident du Rassemblement pour le d\u00e9veloppement national (RDN). S\u2019il reconnait la prolif\u00e9ration des partis politiques d\u2019ob\u00e9diences diff\u00e9rentes, il estime cependant qu\u2019au-del\u00e0 de la conqu\u00eate du pouvoir, la cr\u00e9ation d\u2019un parti contribue \u00e0 d\u00e9velopper, \u00e0 proposer des m\u00e9thodes de d\u00e9veloppement pour l\u2019\u00e9panouissement de la population.<\/p>\n<p>Aussi dira-t-il, le RDN qui a re\u00e7u son r\u00e9c\u00e9piss\u00e9 le 19 avril 2021 a \u00e9t\u00e9 cr\u00e9\u00e9 dans l\u2019optique d\u2019apporter un plus \u00e0 la politique au Burkina, afin d\u2019insuffler un dynamisme nouveau en contribuant au d\u00e9veloppement du Burkina et de l\u2019Afrique en g\u00e9n\u00e9ral \u00e0 travers une noble cause. Pour Michel B\u00e9r\u00e9, le RDN apporte une nouvelle doctrine qui est l\u2019\u00ab Eco-nationalisme africain \u00bb, plus proche des aspirations des r\u00e9alit\u00e9s africaines et \u00e9cologiques.<\/p>\n<p>Ainsi pour lui, Eco est relatif \u00e0 l\u2019\u00e9cologie o\u00f9 l\u2019homme doit vivre en symbiose avec la nature et Nationalisme africain qui signifie mettre l\u2019int\u00e9r\u00eat supr\u00eame du pays en priorit\u00e9 et lutter avec abn\u00e9gation et patriotisme pour le d\u00e9veloppement de la nation. D\u2019o\u00f9 le slogan du parti \u00ab un moteur de d\u00e9veloppement pour un peuple, par le peuple et au profit du peuple \u00bb et pour la devise, \u00ab le Patriotisme, le Travail et le D\u00e9veloppement \u00bb.<\/p>\n<p>Le RDN, selon son pr\u00e9sident, apporte une vision innovante, \u00e9quilibr\u00e9e, ouverte et partag\u00e9e. Ainsi l\u2019embl\u00e8me du parti est repr\u00e9sent\u00e9 par une main qui tient des \u00e9pis de ma\u00efs et de mil lev\u00e9s sous le soleil rayonnant aux couleurs de la nation. Il entend r\u00e9pondre aux aspirations de la jeunesse burkinab\u00e8 et \u0153uvrer \u00e0 la promotion de la femme et agir \u00e0 un changement de paradigme dans la fa\u00e7on de voir et de faire les choses, en promouvant la culture de la bonne gouvernance et la gestion ax\u00e9e sur les r\u00e9sultats.<\/p>\n<p><b>Qu\u2019est -ce que le RDN propose ?<\/b><\/p>\n<p>Pour le fondateur du parti, le projet de d\u00e9veloppement d\u00e9nomm\u00e9 \u00ab EntrePora \u00bb qui est une force motrice de d\u00e9veloppement \u00e9conomique au Burkina est une solution pour motiver et faciliter l\u2019entrepreneuriat de la diaspora. Pour Michel B\u00e9r\u00e9, le projet consiste \u00e0 promouvoir les Burkinab\u00e8 vivant \u00e0 l\u2019ext\u00e9rieur, \u00e0 les organiser \u00e0 travers des regroupements par localit\u00e9 pour inventorier leur apport au d\u00e9veloppement de la m\u00e8re patrie. Pour le conf\u00e9rencier, de par cette th\u00e9orie, l\u2019essor d\u2019un pays vient des connaissances acquises d\u2019une localit\u00e9 \u00e0 une autre en s\u2019appuyant sur ses propres initiatives et moyens de bord.<\/p>\n<p>Outre l\u2019apport de la diaspora, le RDN compte proposer aux Burkinab\u00e8 une loi sur le consommons qualit\u00e9, \u00e9tablir un programme d\u2019encadrement social r\u00e9serv\u00e9 \u00e0 la jeunesse, \u0153uvrer \u00e0 la promotion des constructions modernes \u00e9cologiques et \u00e0 l\u2019instauration d\u2019une journ\u00e9e \u00e9cologique.<\/p>\n<p>Le Burkina Faso \u00e9tant, selon le pr\u00e9sident fondateur du Rassemblement pour le d\u00e9veloppement national, un pays agricole, son parti cr\u00e9era des f\u00e9d\u00e9rations agricoles par localit\u00e9 dans des sp\u00e9cialit\u00e9s agropastorales avec une mise \u00e0 disposition des terres aux cultivateurs ; supprimera les frais de d\u00e9p\u00f4t des dossiers de soumissionnement au profit des d\u00e9p\u00f4ts \u00e9lectroniques ; reformera l\u2019administration. Le d\u00e9veloppement \u00e9tant un ensemble, le RDN, selon son premier responsable, impliquera les femmes \u00e0 travers les associations et organisations artisanales, d\u00e9veloppera l\u2019uniforme scolaire en Faso dan fani.<\/p>\n<p>Nouveau-n\u00e9 des partis politiques au pays des hommes int\u00e8gres, le RDN a pour ambition imm\u00e9diate de se faire connaitre sur l\u2019\u00e9chiquier politique national. Ainsi pour son pr\u00e9sident, les prochains jours serviront \u00e0 assoir les diff\u00e9rentes structures de base du parti dans les diff\u00e9rentes localit\u00e9s, \u00e0 promouvoir la doctrine et le programme de gouvernement \u00e0 travers des conf\u00e9rences, des ateliers, des colloques et formations. Pour son affiliation politique, la Rassemblement pour le d\u00e9veloppement national, selon son pr\u00e9sident Pouswend\u00e9 Michel B\u00e9r\u00e9, a d\u00e9cid\u00e9 de se rallier au c\u00f4t\u00e9 de la majorit\u00e9 pr\u00e9sidentielle afin de soutenir le mandat du pr\u00e9sident Roch Kabor\u00e9.<\/p>\n<p><b>\u00a0<\/b><\/p>\n","protected":false},"excerpt":{"rendered":"<p>Africa-Press &#8211; Burkina Faso. Il s\u2019est fait connaitre au PAREN (Parti pour la renaissance nationale) comme secr\u00e9taire g\u00e9n\u00e9ral, puis comme pr\u00e9sident du parti. Apr\u00e8s l\u2019avoir quitt\u00e9, il y a quelques temps, Michel B\u00e9r\u00e9 revient au-devant de la sc\u00e8ne politique, comme le pr\u00e9sident fondateur du Rassemblement pour le d\u00e9veloppement national (RDN). La pr\u00e9sentation officielle de ce [&hellip;]<\/p>\n","protected":false},"author":82,"featured_media":11134,"comment_status":"open","ping_status":"closed","sticky":false,"template":"","format":"standard","meta":{"footnotes":""},"categories":[11,4,20,10],"tags":[111,725,29],"class_list":["post-11135","post","type-post","status-publish","format-standard","has-post-thumbnail","hentry","category-homepage-french","category-parties","category-top-nouvelles","category-toutes-les-actualites","tag-africa-press","tag-africa-press-burkina-faso","tag-burkina-faso"],"yoast_head":"<!-- This site is optimized with the Yoast SEO Premium plugin v26.1 (Yoast SEO v27.0) - https:\/\/yoast.com\/product\/yoast-seo-premium-wordpress\/ -->\n<title>Apr\u00e8s le PAREN, Michel B\u00e9r\u00e9 fonde le Rassemblement pour le d\u00e9veloppement national (RDN) - Burkina Faso<\/title>\n<meta name=\"description\" content=\"Il s\u2019est fait connaitre au PAREN (Parti pour la renaissance nationale) comme secr\u00e9taire g\u00e9n\u00e9ral, puis comme pr\u00e9sident ...\" \/>\n<meta name=\"robots\" content=\"index, follow, max-snippet:-1, max-image-preview:large, max-video-preview:-1\" \/>\n<link rel=\"canonical\" href=\"https:\/\/www.africa-press.net\/burkina-faso\/parties\/burkina-apres-le-paren-michel-bere-fonde-le-rassemblement-pour-le-developpement-national-rdn\" \/>\n<meta property=\"og:locale\" content=\"fr_FR\" \/>\n<meta property=\"og:type\" content=\"article\" \/>\n<meta property=\"og:title\" content=\"Apr\u00e8s le PAREN, Michel B\u00e9r\u00e9 fonde le Rassemblement pour le d\u00e9veloppement national (RDN)\" \/>\n<meta property=\"og:description\" content=\"Il s\u2019est fait connaitre au PAREN (Parti pour la renaissance nationale) comme secr\u00e9taire g\u00e9n\u00e9ral, puis comme pr\u00e9sident ...\" \/>\n<meta property=\"og:url\" content=\"https:\/\/www.africa-press.net\/burkina-faso\/parties\/burkina-apres-le-paren-michel-bere-fonde-le-rassemblement-pour-le-developpement-national-rdn\" \/>\n<meta property=\"og:site_name\" content=\"Burkina Faso\" \/>\n<meta property=\"article:published_time\" content=\"2021-05-05T11:02:01+00:00\" \/>\n<meta property=\"article:modified_time\" content=\"2021-05-05T16:39:54+00:00\" \/>\n<meta property=\"og:image\" content=\"https:\/\/static.africa-press.net\/burkina\/sites\/42\/2021\/05\/img-60927a290d562.jpg\" \/>\n\t<meta property=\"og:image:width\" content=\"720\" \/>\n\t<meta property=\"og:image:height\" content=\"540\" \/>\n\t<meta property=\"og:image:type\" content=\"image\/jpeg\" \/>\n<meta name=\"author\" content=\"cfeditorfr\" \/>\n<meta name=\"twitter:card\" content=\"summary_large_image\" \/>\n<meta name=\"twitter:label1\" content=\"\u00c9crit par\" \/>\n\t<meta name=\"twitter:data1\" content=\"cfeditorfr\" \/>\n\t<meta name=\"twitter:label2\" content=\"Dur\u00e9e de lecture estim\u00e9e\" \/>\n\t<meta name=\"twitter:data2\" content=\"4 minutes\" \/>\n<script type=\"application\/ld+json\" class=\"yoast-schema-graph\">{\"@context\":\"https:\/\/schema.org\",\"@graph\":[{\"@type\":\"Article\",\"@id\":\"https:\/\/www.africa-press.net\/burkina-faso\/parties\/burkina-apres-le-paren-michel-bere-fonde-le-rassemblement-pour-le-developpement-national-rdn#article\",\"isPartOf\":{\"@id\":\"https:\/\/www.africa-press.net\/burkina-faso\/parties\/burkina-apres-le-paren-michel-bere-fonde-le-rassemblement-pour-le-developpement-national-rdn\"},\"author\":{\"name\":\"cfeditorfr\",\"@id\":\"https:\/\/www.africa-press.net\/burkina-faso\/#\/schema\/person\/2b1cf3cd81a31e3cd26889ca66d677f1\"},\"headline\":\"Apr\u00e8s le PAREN, Michel B\u00e9r\u00e9 fonde le Rassemblement pour le d\u00e9veloppement national (RDN)\",\"datePublished\":\"2021-05-05T11:02:01+00:00\",\"dateModified\":\"2021-05-05T16:39:54+00:00\",\"mainEntityOfPage\":{\"@id\":\"https:\/\/www.africa-press.net\/burkina-faso\/parties\/burkina-apres-le-paren-michel-bere-fonde-le-rassemblement-pour-le-developpement-national-rdn\"},\"wordCount\":834,\"commentCount\":0,\"image\":{\"@id\":\"https:\/\/www.africa-press.net\/burkina-faso\/parties\/burkina-apres-le-paren-michel-bere-fonde-le-rassemblement-pour-le-developpement-national-rdn#primaryimage\"},\"thumbnailUrl\":\"https:\/\/static.africa-press.net\/burkina\/sites\/42\/2021\/05\/img-60927a290d562.jpg\",\"keywords\":[\"Africa Press\",\"Africa Press-Burkina Faso\",\"Burkina Faso\"],\"articleSection\":[\"homepage-french\",\"Parties\",\"Top Nouvelles\",\"Toutes les actualit\u00e9s\"],\"inLanguage\":\"fr-FR\",\"potentialAction\":[{\"@type\":\"CommentAction\",\"name\":\"Comment\",\"target\":[\"https:\/\/www.africa-press.net\/burkina-faso\/parties\/burkina-apres-le-paren-michel-bere-fonde-le-rassemblement-pour-le-developpement-national-rdn#respond\"]}]},{\"@type\":\"WebPage\",\"@id\":\"https:\/\/www.africa-press.net\/burkina-faso\/parties\/burkina-apres-le-paren-michel-bere-fonde-le-rassemblement-pour-le-developpement-national-rdn\",\"url\":\"https:\/\/www.africa-press.net\/burkina-faso\/parties\/burkina-apres-le-paren-michel-bere-fonde-le-rassemblement-pour-le-developpement-national-rdn\",\"name\":\"Apr\u00e8s le PAREN, Michel B\u00e9r\u00e9 fonde le Rassemblement pour le d\u00e9veloppement national (RDN) - Burkina Faso\",\"isPartOf\":{\"@id\":\"https:\/\/www.africa-press.net\/burkina-faso\/#website\"},\"primaryImageOfPage\":{\"@id\":\"https:\/\/www.africa-press.net\/burkina-faso\/parties\/burkina-apres-le-paren-michel-bere-fonde-le-rassemblement-pour-le-developpement-national-rdn#primaryimage\"},\"image\":{\"@id\":\"https:\/\/www.africa-press.net\/burkina-faso\/parties\/burkina-apres-le-paren-michel-bere-fonde-le-rassemblement-pour-le-developpement-national-rdn#primaryimage\"},\"thumbnailUrl\":\"https:\/\/static.africa-press.net\/burkina\/sites\/42\/2021\/05\/img-60927a290d562.jpg\",\"datePublished\":\"2021-05-05T11:02:01+00:00\",\"dateModified\":\"2021-05-05T16:39:54+00:00\",\"author\":{\"@id\":\"https:\/\/www.africa-press.net\/burkina-faso\/#\/schema\/person\/2b1cf3cd81a31e3cd26889ca66d677f1\"},\"description\":\"Il s\u2019est fait connaitre au PAREN (Parti pour la renaissance nationale) comme secr\u00e9taire g\u00e9n\u00e9ral, puis comme pr\u00e9sident ...\",\"breadcrumb\":{\"@id\":\"https:\/\/www.africa-press.net\/burkina-faso\/parties\/burkina-apres-le-paren-michel-bere-fonde-le-rassemblement-pour-le-developpement-national-rdn#breadcrumb\"},\"inLanguage\":\"fr-FR\",\"potentialAction\":[{\"@type\":\"ReadAction\",\"target\":[\"https:\/\/www.africa-press.net\/burkina-faso\/parties\/burkina-apres-le-paren-michel-bere-fonde-le-rassemblement-pour-le-developpement-national-rdn\"]}]},{\"@type\":\"ImageObject\",\"inLanguage\":\"fr-FR\",\"@id\":\"https:\/\/www.africa-press.net\/burkina-faso\/parties\/burkina-apres-le-paren-michel-bere-fonde-le-rassemblement-pour-le-developpement-national-rdn#primaryimage\",\"url\":\"https:\/\/static.africa-press.net\/burkina\/sites\/42\/2021\/05\/img-60927a290d562.jpg\",\"contentUrl\":\"https:\/\/static.africa-press.net\/burkina\/sites\/42\/2021\/05\/img-60927a290d562.jpg\",\"width\":720,\"height\":540,\"caption\":\"Burkina : Apr\u00e8s le PAREN, Michel B\u00e9r\u00e9 fonde le Rassemblement pour le d\u00e9veloppement national (RDN)\"},{\"@type\":\"BreadcrumbList\",\"@id\":\"https:\/\/www.africa-press.net\/burkina-faso\/parties\/burkina-apres-le-paren-michel-bere-fonde-le-rassemblement-pour-le-developpement-national-rdn#breadcrumb\",\"itemListElement\":[{\"@type\":\"ListItem\",\"position\":1,\"name\":\"Accueil\",\"item\":\"https:\/\/www.africa-press.net\/burkina-faso\/\"},{\"@type\":\"ListItem\",\"position\":2,\"name\":\"Apr\u00e8s le PAREN, Michel B\u00e9r\u00e9 fonde le Rassemblement pour le d\u00e9veloppement national (RDN)\"}]},{\"@type\":\"WebSite\",\"@id\":\"https:\/\/www.africa-press.net\/burkina-faso\/#website\",\"url\":\"https:\/\/www.africa-press.net\/burkina-faso\/\",\"name\":\"Burkina Faso\",\"description\":\"Just another Africa News Agency Sites site\",\"potentialAction\":[{\"@type\":\"SearchAction\",\"target\":{\"@type\":\"EntryPoint\",\"urlTemplate\":\"https:\/\/www.africa-press.net\/burkina-faso\/?s={search_term_string}\"},\"query-input\":{\"@type\":\"PropertyValueSpecification\",\"valueRequired\":true,\"valueName\":\"search_term_string\"}}],\"inLanguage\":\"fr-FR\"},{\"@type\":\"Person\",\"@id\":\"https:\/\/www.africa-press.net\/burkina-faso\/#\/schema\/person\/2b1cf3cd81a31e3cd26889ca66d677f1\",\"name\":\"cfeditorfr\"}]}<\/script>\n<!-- \/ Yoast SEO Premium plugin. -->","yoast_head_json":{"title":"Apr\u00e8s le PAREN, Michel B\u00e9r\u00e9 fonde le Rassemblement pour le d\u00e9veloppement national (RDN) - Burkina Faso","description":"Il s\u2019est fait connaitre au PAREN (Parti pour la renaissance nationale) comme secr\u00e9taire g\u00e9n\u00e9ral, puis comme pr\u00e9sident ...","robots":{"index":"index","follow":"follow","max-snippet":"max-snippet:-1","max-image-preview":"max-image-preview:large","max-video-preview":"max-video-preview:-1"},"canonical":"https:\/\/www.africa-press.net\/burkina-faso\/parties\/burkina-apres-le-paren-michel-bere-fonde-le-rassemblement-pour-le-developpement-national-rdn","og_locale":"fr_FR","og_type":"article","og_title":"Apr\u00e8s le PAREN, Michel B\u00e9r\u00e9 fonde le Rassemblement pour le d\u00e9veloppement national (RDN)","og_description":"Il s\u2019est fait connaitre au PAREN (Parti pour la renaissance nationale) comme secr\u00e9taire g\u00e9n\u00e9ral, puis comme pr\u00e9sident ...","og_url":"https:\/\/www.africa-press.net\/burkina-faso\/parties\/burkina-apres-le-paren-michel-bere-fonde-le-rassemblement-pour-le-developpement-national-rdn","og_site_name":"Burkina Faso","article_published_time":"2021-05-05T11:02:01+00:00","article_modified_time":"2021-05-05T16:39:54+00:00","og_image":[{"width":720,"height":540,"url":"https:\/\/static.africa-press.net\/burkina\/sites\/42\/2021\/05\/img-60927a290d562.jpg","type":"image\/jpeg"}],"author":"cfeditorfr","twitter_card":"summary_large_image","twitter_misc":{"\u00c9crit par":"cfeditorfr","Dur\u00e9e de lecture estim\u00e9e":"4 minutes"},"schema":{"@context":"https:\/\/schema.org","@graph":[{"@type":"Article","@id":"https:\/\/www.africa-press.net\/burkina-faso\/parties\/burkina-apres-le-paren-michel-bere-fonde-le-rassemblement-pour-le-developpement-national-rdn#article","isPartOf":{"@id":"https:\/\/www.africa-press.net\/burkina-faso\/parties\/burkina-apres-le-paren-michel-bere-fonde-le-rassemblement-pour-le-developpement-national-rdn"},"author":{"name":"cfeditorfr","@id":"https:\/\/www.africa-press.net\/burkina-faso\/#\/schema\/person\/2b1cf3cd81a31e3cd26889ca66d677f1"},"headline":"Apr\u00e8s le PAREN, Michel B\u00e9r\u00e9 fonde le Rassemblement pour le d\u00e9veloppement national (RDN)","datePublished":"2021-05-05T11:02:01+00:00","dateModified":"2021-05-05T16:39:54+00:00","mainEntityOfPage":{"@id":"https:\/\/www.africa-press.net\/burkina-faso\/parties\/burkina-apres-le-paren-michel-bere-fonde-le-rassemblement-pour-le-developpement-national-rdn"},"wordCount":834,"commentCount":0,"image":{"@id":"https:\/\/www.africa-press.net\/burkina-faso\/parties\/burkina-apres-le-paren-michel-bere-fonde-le-rassemblement-pour-le-developpement-national-rdn#primaryimage"},"thumbnailUrl":"https:\/\/static.africa-press.net\/burkina\/sites\/42\/2021\/05\/img-60927a290d562.jpg","keywords":["Africa Press","Africa Press-Burkina Faso","Burkina Faso"],"articleSection":["homepage-french","Parties","Top Nouvelles","Toutes les actualit\u00e9s"],"inLanguage":"fr-FR","potentialAction":[{"@type":"CommentAction","name":"Comment","target":["https:\/\/www.africa-press.net\/burkina-faso\/parties\/burkina-apres-le-paren-michel-bere-fonde-le-rassemblement-pour-le-developpement-national-rdn#respond"]}]},{"@type":"WebPage","@id":"https:\/\/www.africa-press.net\/burkina-faso\/parties\/burkina-apres-le-paren-michel-bere-fonde-le-rassemblement-pour-le-developpement-national-rdn","url":"https:\/\/www.africa-press.net\/burkina-faso\/parties\/burkina-apres-le-paren-michel-bere-fonde-le-rassemblement-pour-le-developpement-national-rdn","name":"Apr\u00e8s le PAREN, Michel B\u00e9r\u00e9 fonde le Rassemblement pour le d\u00e9veloppement national (RDN) - Burkina Faso","isPartOf":{"@id":"https:\/\/www.africa-press.net\/burkina-faso\/#website"},"primaryImageOfPage":{"@id":"https:\/\/www.africa-press.net\/burkina-faso\/parties\/burkina-apres-le-paren-michel-bere-fonde-le-rassemblement-pour-le-developpement-national-rdn#primaryimage"},"image":{"@id":"https:\/\/www.africa-press.net\/burkina-faso\/parties\/burkina-apres-le-paren-michel-bere-fonde-le-rassemblement-pour-le-developpement-national-rdn#primaryimage"},"thumbnailUrl":"https:\/\/static.africa-press.net\/burkina\/sites\/42\/2021\/05\/img-60927a290d562.jpg","datePublished":"2021-05-05T11:02:01+00:00","dateModified":"2021-05-05T16:39:54+00:00","author":{"@id":"https:\/\/www.africa-press.net\/burkina-faso\/#\/schema\/person\/2b1cf3cd81a31e3cd26889ca66d677f1"},"description":"Il s\u2019est fait connaitre au PAREN (Parti pour la renaissance nationale) comme secr\u00e9taire g\u00e9n\u00e9ral, puis comme pr\u00e9sident ...","breadcrumb":{"@id":"https:\/\/www.africa-press.net\/burkina-faso\/parties\/burkina-apres-le-paren-michel-bere-fonde-le-rassemblement-pour-le-developpement-national-rdn#breadcrumb"},"inLanguage":"fr-FR","potentialAction":[{"@type":"ReadAction","target":["https:\/\/www.africa-press.net\/burkina-faso\/parties\/burkina-apres-le-paren-michel-bere-fonde-le-rassemblement-pour-le-developpement-national-rdn"]}]},{"@type":"ImageObject","inLanguage":"fr-FR","@id":"https:\/\/www.africa-press.net\/burkina-faso\/parties\/burkina-apres-le-paren-michel-bere-fonde-le-rassemblement-pour-le-developpement-national-rdn#primaryimage","url":"https:\/\/static.africa-press.net\/burkina\/sites\/42\/2021\/05\/img-60927a290d562.jpg","contentUrl":"https:\/\/static.africa-press.net\/burkina\/sites\/42\/2021\/05\/img-60927a290d562.jpg","width":720,"height":540,"caption":"Burkina : Apr\u00e8s le PAREN, Michel B\u00e9r\u00e9 fonde le Rassemblement pour le d\u00e9veloppement national (RDN)"},{"@type":"BreadcrumbList","@id":"https:\/\/www.africa-press.net\/burkina-faso\/parties\/burkina-apres-le-paren-michel-bere-fonde-le-rassemblement-pour-le-developpement-national-rdn#breadcrumb","itemListElement":[{"@type":"ListItem","position":1,"name":"Accueil","item":"https:\/\/www.africa-press.net\/burkina-faso\/"},{"@type":"ListItem","position":2,"name":"Apr\u00e8s le PAREN, Michel B\u00e9r\u00e9 fonde le Rassemblement pour le d\u00e9veloppement national (RDN)"}]},{"@type":"WebSite","@id":"https:\/\/www.africa-press.net\/burkina-faso\/#website","url":"https:\/\/www.africa-press.net\/burkina-faso\/","name":"Burkina Faso","description":"Just another Africa News Agency Sites site","potentialAction":[{"@type":"SearchAction","target":{"@type":"EntryPoint","urlTemplate":"https:\/\/www.africa-press.net\/burkina-faso\/?s={search_term_string}"},"query-input":{"@type":"PropertyValueSpecification","valueRequired":true,"valueName":"search_term_string"}}],"inLanguage":"fr-FR"},{"@type":"Person","@id":"https:\/\/www.africa-press.net\/burkina-faso\/#\/schema\/person\/2b1cf3cd81a31e3cd26889ca66d677f1","name":"cfeditorfr"}]}},"_links":{"self":[{"href":"https:\/\/www.africa-press.net\/burkina-faso\/wp-json\/wp\/v2\/posts\/11135","targetHints":{"allow":["GET"]}}],"collection":[{"href":"https:\/\/www.africa-press.net\/burkina-faso\/wp-json\/wp\/v2\/posts"}],"about":[{"href":"https:\/\/www.africa-press.net\/burkina-faso\/wp-json\/wp\/v2\/types\/post"}],"author":[{"embeddable":true,"href":"https:\/\/www.africa-press.net\/burkina-faso\/wp-json\/wp\/v2\/users\/82"}],"replies":[{"embeddable":true,"href":"https:\/\/www.africa-press.net\/burkina-faso\/wp-json\/wp\/v2\/comments?post=11135"}],"version-history":[{"count":0,"href":"https:\/\/www.africa-press.net\/burkina-faso\/wp-json\/wp\/v2\/posts\/11135\/revisions"}],"wp:featuredmedia":[{"embeddable":true,"href":"https:\/\/www.africa-press.net\/burkina-faso\/wp-json\/wp\/v2\/media\/11134"}],"wp:attachment":[{"href":"https:\/\/www.africa-press.net\/burkina-faso\/wp-json\/wp\/v2\/media?parent=11135"}],"wp:term":[{"taxonomy":"category","embeddable":true,"href":"https:\/\/www.africa-press.net\/burkina-faso\/wp-json\/wp\/v2\/categories?post=11135"},{"taxonomy":"post_tag","embeddable":true,"href":"https:\/\/www.africa-press.net\/burkina-faso\/wp-json\/wp\/v2\/tags?post=11135"}],"curies":[{"name":"wp","href":"https:\/\/api.w.org\/{rel}","templated":true}]}}