{"id":11141,"date":"2021-05-05T11:16:41","date_gmt":"2021-05-05T11:16:41","guid":{"rendered":"https:\/\/www.africa-press.net\/burkina-faso\/?p=11141"},"modified":"2021-05-05T16:40:15","modified_gmt":"2021-05-05T16:40:15","slug":"amelioration-du-climat-des-affaires-au-burkina-le-mica-et-la-sfi-renforcent-leur-partenariat","status":"publish","type":"post","link":"https:\/\/www.africa-press.net\/burkina-faso\/economie\/amelioration-du-climat-des-affaires-au-burkina-le-mica-et-la-sfi-renforcent-leur-partenariat","title":{"rendered":"Am\u00e9lioration du climat des affaires au Burkina : Le MICA et la SFI renforcent leur partenariat"},"content":{"rendered":"<p><span style=\"color: #ff6600\"><strong><a href=\"https:\/\/www.africa-press.net\/\">Africa-Press<\/a> &#8211; <a href=\"https:\/\/www.africa-press.net\/burkina-faso\">Burkina Faso<\/a>. <\/strong><\/span><b>Une rencontre d\u2019\u00e9changes entre les structures techniques du minist\u00e8re en charge du Commerce et la Soci\u00e9t\u00e9 financi\u00e8re internationale, membre du Groupe de la Banque mondiale, s\u2019est tenue ce mardi 4 mai 2021 \u00e0 Ouagadougou, sous la pr\u00e9sidence du ministre Harouna Kabor\u00e9.<\/b><\/p>\n<p>Cette rencontre avait pour objectif de permettre aux participants d\u2019\u00e9changer sur les perspectives d\u2019un renforcement des interventions de la Soci\u00e9t\u00e9 financi\u00e8re internationale (SFI) au profit du secteur priv\u00e9 \u00e0 travers notamment des appuis techniques divers pour la mise en \u0153uvre du Plan d\u2019action prioritaire du minist\u00e8re de l\u2019Industrie, du Commerce et de l\u2019Artisanat (MICA). Pour ce faire, deux communications ont \u00e9t\u00e9 d\u00e9velopp\u00e9es et ont permis aux structures techniques du MICA de mieux conna\u00eetre la SFI et ses instruments d\u2019appui au secteur priv\u00e9, et \u00e0 la SFI de conna\u00eetre davantage le d\u00e9partement en charge du commerce, sa vision ainsi que ses axes prioritaires.<\/p>\n<p>Apr\u00e8s avoir suivi avec grand int\u00e9r\u00eat la communication faite par le directeur pays de la SFI, Arnaud Ligan, le ministre Harouna Kabor\u00e9 a salu\u00e9 la tenue de la pr\u00e9sente rencontre qui intervient deux mois apr\u00e8s leur premi\u00e8re entrevue du 2 mars dernier. Aussi, il a remerci\u00e9 le directeur pays qui a pris son temps pour partager les informations sur la soci\u00e9t\u00e9 avec les \u00e9quipes techniques de son d\u00e9partement et l\u2019ensemble des structures d\u2019appui au secteur priv\u00e9. Cette rencontre \u00e9tait aussi l\u2019occasion pour le ministre Kabor\u00e9 de mettre en lumi\u00e8re les activit\u00e9s de la SFI au Burkina.<\/p>\n<p>Comme action, le MICA a b\u00e9n\u00e9fici\u00e9 de la part de la SFI et de ses partenaires, d\u2019un accompagnement technique et financier \u00e0 travers le programme \u00ab\u00a0Doing Business Better in Burkina Faso\u00a0\u00bb de 2006 \u00e0 2011. Les r\u00e9sultats de ce programme ont valu au Burkina d\u2019\u00eatre parmi les dix meilleurs r\u00e9formateurs du monde, selon le rapport Doing Business 2009.<\/p>\n<p>Ce partenariat s\u2019est poursuivi avec le lancement en 2012, de la seconde phase dudit programme en plus des multiples interventions directes de la SFI au profit du secteur priv\u00e9 \u00e0 travers une gamme de produits financiers r\u00e9pondant aux besoins des acteurs du monde des affaires et permettant \u00e0 ces derniers de lever l\u2019une des principales contraintes \u00e0 l\u2019investissement qu\u2019est l\u2019acc\u00e8s \u00e0 des financements adapt\u00e9s. \u00ab Aujourd\u2019hui, elle nous accompagne dans notre nouveau Plan strat\u00e9gique. Elle est dispos\u00e9e \u00e0 accompagner les acteurs du secteur priv\u00e9 pour r\u00e9aliser les projets structurants du gouvernement mais aussi dans le cadre de leurs propres projets \u00bb, a annonc\u00e9 le ministre Kabor\u00e9. Au titre des projets structurants du MICA, l\u2019on peut, entre autres, citer le projet en lien avec l\u2019am\u00e9lioration du climat des affaires, le projet de renforcement du capital productif des PME, le projet d\u2019appui \u00e0 la formalisation des entreprises du secteur informel.<\/p>\n<p><b>Champ d\u2019actions de la SFI<\/b><\/p>\n<p>La SFI, selon le directeur pays, a \u00e9t\u00e9 cr\u00e9\u00e9e en 1956. Elle collabore avec des entreprises priv\u00e9es dans une centaine de pays et consacre son capital, son expertise et son influence \u00e0 l\u2019\u00e9limination de l\u2019extr\u00eame pauvret\u00e9 et \u00e0 la promotion d\u2019une meilleure r\u00e9partition des richesses. Au Burkina, les domaines d\u2019intervention de la SFI reposent sur trois piliers qui sont : Les infrastructures, l\u2019agro-industrie, l\u2019inclusion financi\u00e8re et sant\u00e9-\u00e9ducation. Elle propose une gamme de produits financiers pour les projets r\u00e9alis\u00e9s au niveau du secteur priv\u00e9 dans les pays en d\u00e9veloppement. Ces produits financiers ont \u00e9t\u00e9 d\u00e9clin\u00e9s lors de la pr\u00e9sente rencontre.<\/p>\n<p>\u00ab On a parl\u00e9 notamment des financements qu\u2019on fait en fonds propre dans les entreprises priv\u00e9es. On a \u00e9galement parl\u00e9 du soutien qu\u2019on apporte. Par la mobilisation des financements, on arrive \u00e0 tirer d\u2019autres acteurs du secteur priv\u00e9 rest\u00e9s au Burkina Faso. On a aussi parl\u00e9 de nos services conseils. On fait beaucoup de conseils au secteur priv\u00e9 et au gouvernement. Le plus r\u00e9cent, c\u2019est le service conseil qu\u2019on a offert au gouvernement sur le partenariat public-priv\u00e9. Ce cadre du partenariat public-priv\u00e9 sera effectif sous peu \u00bb, a r\u00e9sum\u00e9 le directeur pays de la SFI, Arnaud Ligan.<\/p>\n<p>Cette rencontre d\u2019\u00e9changes a permis de poser les bases d\u2019un nouveau partenariat en vue de mettre en place un cadre propice \u00e0 l\u2019\u00e9mergence d\u2019un secteur priv\u00e9 burkinab\u00e8 cr\u00e9ateur de richesses et d\u2019emplois durables. \u00ab On a convenu avec le ministre de maintenir le dialogue et de continuer \u00e0 avancer par une approche projets concrets par lesquels on va essayer d\u2019identifier ensemble les projets dans lesquels SFI pourrait \u00e9ventuellement intervenir soit en investissement direct ou peut-\u00eatre du conseil pour avoir des investissements \u00bb, a laiss\u00e9 entendre le directeur pays de SFI.<\/p>\n<p><b>A\u00efssata Laure G. Sidib\u00e9<br \/>\n<\/b><\/p>\n","protected":false},"excerpt":{"rendered":"<p>Africa-Press &#8211; Burkina Faso. Une rencontre d\u2019\u00e9changes entre les structures techniques du minist\u00e8re en charge du Commerce et la Soci\u00e9t\u00e9 financi\u00e8re internationale, membre du Groupe de la Banque mondiale, s\u2019est tenue ce mardi 4 mai 2021 \u00e0 Ouagadougou, sous la pr\u00e9sidence du ministre Harouna Kabor\u00e9. Cette rencontre avait pour objectif de permettre aux participants d\u2019\u00e9changer [&hellip;]<\/p>\n","protected":false},"author":82,"featured_media":11140,"comment_status":"open","ping_status":"closed","sticky":false,"template":"","format":"standard","meta":{"footnotes":""},"categories":[3,11,10],"tags":[111,725,29],"class_list":["post-11141","post","type-post","status-publish","format-standard","has-post-thumbnail","hentry","category-economie","category-homepage-french","category-toutes-les-actualites","tag-africa-press","tag-africa-press-burkina-faso","tag-burkina-faso"],"yoast_head":"<!-- This site is optimized with the Yoast SEO Premium plugin v26.1 (Yoast SEO v27.0) - https:\/\/yoast.com\/product\/yoast-seo-premium-wordpress\/ -->\n<title>Am\u00e9lioration du climat des affaires au Burkina : Le MICA et la SFI renforcent leur partenariat - Burkina Faso<\/title>\n<meta name=\"description\" content=\"Une rencontre d\u2019\u00e9changes entre les structures techniques du minist\u00e8re en charge du Commerce et la Soci\u00e9t\u00e9 financi\u00e8re ...\" \/>\n<meta name=\"robots\" content=\"index, follow, max-snippet:-1, max-image-preview:large, max-video-preview:-1\" \/>\n<link rel=\"canonical\" href=\"https:\/\/www.africa-press.net\/burkina-faso\/economie\/amelioration-du-climat-des-affaires-au-burkina-le-mica-et-la-sfi-renforcent-leur-partenariat\" \/>\n<meta property=\"og:locale\" content=\"fr_FR\" \/>\n<meta property=\"og:type\" content=\"article\" \/>\n<meta property=\"og:title\" content=\"Am\u00e9lioration du climat des affaires au Burkina : Le MICA et la SFI renforcent leur partenariat\" \/>\n<meta property=\"og:description\" content=\"Une rencontre d\u2019\u00e9changes entre les structures techniques du minist\u00e8re en charge du Commerce et la Soci\u00e9t\u00e9 financi\u00e8re ...\" \/>\n<meta property=\"og:url\" content=\"https:\/\/www.africa-press.net\/burkina-faso\/economie\/amelioration-du-climat-des-affaires-au-burkina-le-mica-et-la-sfi-renforcent-leur-partenariat\" \/>\n<meta property=\"og:site_name\" content=\"Burkina Faso\" \/>\n<meta property=\"article:published_time\" content=\"2021-05-05T11:16:41+00:00\" \/>\n<meta property=\"article:modified_time\" content=\"2021-05-05T16:40:15+00:00\" \/>\n<meta property=\"og:image\" content=\"https:\/\/static.africa-press.net\/burkina\/sites\/42\/2021\/05\/img-60927ac26697f.jpg\" \/>\n\t<meta property=\"og:image:width\" content=\"720\" \/>\n\t<meta property=\"og:image:height\" content=\"540\" \/>\n\t<meta property=\"og:image:type\" content=\"image\/jpeg\" \/>\n<meta name=\"author\" content=\"cfeditorfr\" \/>\n<meta name=\"twitter:card\" content=\"summary_large_image\" \/>\n<meta name=\"twitter:label1\" content=\"\u00c9crit par\" \/>\n\t<meta name=\"twitter:data1\" content=\"cfeditorfr\" \/>\n\t<meta name=\"twitter:label2\" content=\"Dur\u00e9e de lecture estim\u00e9e\" \/>\n\t<meta name=\"twitter:data2\" content=\"4 minutes\" \/>\n<script type=\"application\/ld+json\" class=\"yoast-schema-graph\">{\"@context\":\"https:\/\/schema.org\",\"@graph\":[{\"@type\":\"Article\",\"@id\":\"https:\/\/www.africa-press.net\/burkina-faso\/economie\/amelioration-du-climat-des-affaires-au-burkina-le-mica-et-la-sfi-renforcent-leur-partenariat#article\",\"isPartOf\":{\"@id\":\"https:\/\/www.africa-press.net\/burkina-faso\/economie\/amelioration-du-climat-des-affaires-au-burkina-le-mica-et-la-sfi-renforcent-leur-partenariat\"},\"author\":{\"name\":\"cfeditorfr\",\"@id\":\"https:\/\/www.africa-press.net\/burkina-faso\/#\/schema\/person\/2b1cf3cd81a31e3cd26889ca66d677f1\"},\"headline\":\"Am\u00e9lioration du climat des affaires au Burkina : Le MICA et la SFI renforcent leur partenariat\",\"datePublished\":\"2021-05-05T11:16:41+00:00\",\"dateModified\":\"2021-05-05T16:40:15+00:00\",\"mainEntityOfPage\":{\"@id\":\"https:\/\/www.africa-press.net\/burkina-faso\/economie\/amelioration-du-climat-des-affaires-au-burkina-le-mica-et-la-sfi-renforcent-leur-partenariat\"},\"wordCount\":822,\"commentCount\":0,\"image\":{\"@id\":\"https:\/\/www.africa-press.net\/burkina-faso\/economie\/amelioration-du-climat-des-affaires-au-burkina-le-mica-et-la-sfi-renforcent-leur-partenariat#primaryimage\"},\"thumbnailUrl\":\"https:\/\/static.africa-press.net\/burkina\/sites\/42\/2021\/05\/img-60927ac26697f.jpg\",\"keywords\":[\"Africa Press\",\"Africa Press-Burkina Faso\",\"Burkina Faso\"],\"articleSection\":[\"\u00c9conomie\",\"homepage-french\",\"Toutes les actualit\u00e9s\"],\"inLanguage\":\"fr-FR\",\"potentialAction\":[{\"@type\":\"CommentAction\",\"name\":\"Comment\",\"target\":[\"https:\/\/www.africa-press.net\/burkina-faso\/economie\/amelioration-du-climat-des-affaires-au-burkina-le-mica-et-la-sfi-renforcent-leur-partenariat#respond\"]}]},{\"@type\":\"WebPage\",\"@id\":\"https:\/\/www.africa-press.net\/burkina-faso\/economie\/amelioration-du-climat-des-affaires-au-burkina-le-mica-et-la-sfi-renforcent-leur-partenariat\",\"url\":\"https:\/\/www.africa-press.net\/burkina-faso\/economie\/amelioration-du-climat-des-affaires-au-burkina-le-mica-et-la-sfi-renforcent-leur-partenariat\",\"name\":\"Am\u00e9lioration du climat des affaires au Burkina : Le MICA et la SFI renforcent leur partenariat - Burkina Faso\",\"isPartOf\":{\"@id\":\"https:\/\/www.africa-press.net\/burkina-faso\/#website\"},\"primaryImageOfPage\":{\"@id\":\"https:\/\/www.africa-press.net\/burkina-faso\/economie\/amelioration-du-climat-des-affaires-au-burkina-le-mica-et-la-sfi-renforcent-leur-partenariat#primaryimage\"},\"image\":{\"@id\":\"https:\/\/www.africa-press.net\/burkina-faso\/economie\/amelioration-du-climat-des-affaires-au-burkina-le-mica-et-la-sfi-renforcent-leur-partenariat#primaryimage\"},\"thumbnailUrl\":\"https:\/\/static.africa-press.net\/burkina\/sites\/42\/2021\/05\/img-60927ac26697f.jpg\",\"datePublished\":\"2021-05-05T11:16:41+00:00\",\"dateModified\":\"2021-05-05T16:40:15+00:00\",\"author\":{\"@id\":\"https:\/\/www.africa-press.net\/burkina-faso\/#\/schema\/person\/2b1cf3cd81a31e3cd26889ca66d677f1\"},\"description\":\"Une rencontre d\u2019\u00e9changes entre les structures techniques du minist\u00e8re en charge du Commerce et la Soci\u00e9t\u00e9 financi\u00e8re ...\",\"breadcrumb\":{\"@id\":\"https:\/\/www.africa-press.net\/burkina-faso\/economie\/amelioration-du-climat-des-affaires-au-burkina-le-mica-et-la-sfi-renforcent-leur-partenariat#breadcrumb\"},\"inLanguage\":\"fr-FR\",\"potentialAction\":[{\"@type\":\"ReadAction\",\"target\":[\"https:\/\/www.africa-press.net\/burkina-faso\/economie\/amelioration-du-climat-des-affaires-au-burkina-le-mica-et-la-sfi-renforcent-leur-partenariat\"]}]},{\"@type\":\"ImageObject\",\"inLanguage\":\"fr-FR\",\"@id\":\"https:\/\/www.africa-press.net\/burkina-faso\/economie\/amelioration-du-climat-des-affaires-au-burkina-le-mica-et-la-sfi-renforcent-leur-partenariat#primaryimage\",\"url\":\"https:\/\/static.africa-press.net\/burkina\/sites\/42\/2021\/05\/img-60927ac26697f.jpg\",\"contentUrl\":\"https:\/\/static.africa-press.net\/burkina\/sites\/42\/2021\/05\/img-60927ac26697f.jpg\",\"width\":720,\"height\":540,\"caption\":\"Am\u00e9lioration du climat des affaires au Burkina : Le MICA et la SFI renforcent leur partenariat\"},{\"@type\":\"BreadcrumbList\",\"@id\":\"https:\/\/www.africa-press.net\/burkina-faso\/economie\/amelioration-du-climat-des-affaires-au-burkina-le-mica-et-la-sfi-renforcent-leur-partenariat#breadcrumb\",\"itemListElement\":[{\"@type\":\"ListItem\",\"position\":1,\"name\":\"Accueil\",\"item\":\"https:\/\/www.africa-press.net\/burkina-faso\/\"},{\"@type\":\"ListItem\",\"position\":2,\"name\":\"Am\u00e9lioration du climat des affaires au Burkina : Le MICA et la SFI renforcent leur partenariat\"}]},{\"@type\":\"WebSite\",\"@id\":\"https:\/\/www.africa-press.net\/burkina-faso\/#website\",\"url\":\"https:\/\/www.africa-press.net\/burkina-faso\/\",\"name\":\"Burkina Faso\",\"description\":\"Just another Africa News Agency Sites site\",\"potentialAction\":[{\"@type\":\"SearchAction\",\"target\":{\"@type\":\"EntryPoint\",\"urlTemplate\":\"https:\/\/www.africa-press.net\/burkina-faso\/?s={search_term_string}\"},\"query-input\":{\"@type\":\"PropertyValueSpecification\",\"valueRequired\":true,\"valueName\":\"search_term_string\"}}],\"inLanguage\":\"fr-FR\"},{\"@type\":\"Person\",\"@id\":\"https:\/\/www.africa-press.net\/burkina-faso\/#\/schema\/person\/2b1cf3cd81a31e3cd26889ca66d677f1\",\"name\":\"cfeditorfr\"}]}<\/script>\n<!-- \/ Yoast SEO Premium plugin. -->","yoast_head_json":{"title":"Am\u00e9lioration du climat des affaires au Burkina : Le MICA et la SFI renforcent leur partenariat - Burkina Faso","description":"Une rencontre d\u2019\u00e9changes entre les structures techniques du minist\u00e8re en charge du Commerce et la Soci\u00e9t\u00e9 financi\u00e8re ...","robots":{"index":"index","follow":"follow","max-snippet":"max-snippet:-1","max-image-preview":"max-image-preview:large","max-video-preview":"max-video-preview:-1"},"canonical":"https:\/\/www.africa-press.net\/burkina-faso\/economie\/amelioration-du-climat-des-affaires-au-burkina-le-mica-et-la-sfi-renforcent-leur-partenariat","og_locale":"fr_FR","og_type":"article","og_title":"Am\u00e9lioration du climat des affaires au Burkina : Le MICA et la SFI renforcent leur partenariat","og_description":"Une rencontre d\u2019\u00e9changes entre les structures techniques du minist\u00e8re en charge du Commerce et la Soci\u00e9t\u00e9 financi\u00e8re ...","og_url":"https:\/\/www.africa-press.net\/burkina-faso\/economie\/amelioration-du-climat-des-affaires-au-burkina-le-mica-et-la-sfi-renforcent-leur-partenariat","og_site_name":"Burkina Faso","article_published_time":"2021-05-05T11:16:41+00:00","article_modified_time":"2021-05-05T16:40:15+00:00","og_image":[{"width":720,"height":540,"url":"https:\/\/static.africa-press.net\/burkina\/sites\/42\/2021\/05\/img-60927ac26697f.jpg","type":"image\/jpeg"}],"author":"cfeditorfr","twitter_card":"summary_large_image","twitter_misc":{"\u00c9crit par":"cfeditorfr","Dur\u00e9e de lecture estim\u00e9e":"4 minutes"},"schema":{"@context":"https:\/\/schema.org","@graph":[{"@type":"Article","@id":"https:\/\/www.africa-press.net\/burkina-faso\/economie\/amelioration-du-climat-des-affaires-au-burkina-le-mica-et-la-sfi-renforcent-leur-partenariat#article","isPartOf":{"@id":"https:\/\/www.africa-press.net\/burkina-faso\/economie\/amelioration-du-climat-des-affaires-au-burkina-le-mica-et-la-sfi-renforcent-leur-partenariat"},"author":{"name":"cfeditorfr","@id":"https:\/\/www.africa-press.net\/burkina-faso\/#\/schema\/person\/2b1cf3cd81a31e3cd26889ca66d677f1"},"headline":"Am\u00e9lioration du climat des affaires au Burkina : Le MICA et la SFI renforcent leur partenariat","datePublished":"2021-05-05T11:16:41+00:00","dateModified":"2021-05-05T16:40:15+00:00","mainEntityOfPage":{"@id":"https:\/\/www.africa-press.net\/burkina-faso\/economie\/amelioration-du-climat-des-affaires-au-burkina-le-mica-et-la-sfi-renforcent-leur-partenariat"},"wordCount":822,"commentCount":0,"image":{"@id":"https:\/\/www.africa-press.net\/burkina-faso\/economie\/amelioration-du-climat-des-affaires-au-burkina-le-mica-et-la-sfi-renforcent-leur-partenariat#primaryimage"},"thumbnailUrl":"https:\/\/static.africa-press.net\/burkina\/sites\/42\/2021\/05\/img-60927ac26697f.jpg","keywords":["Africa Press","Africa Press-Burkina Faso","Burkina Faso"],"articleSection":["\u00c9conomie","homepage-french","Toutes les actualit\u00e9s"],"inLanguage":"fr-FR","potentialAction":[{"@type":"CommentAction","name":"Comment","target":["https:\/\/www.africa-press.net\/burkina-faso\/economie\/amelioration-du-climat-des-affaires-au-burkina-le-mica-et-la-sfi-renforcent-leur-partenariat#respond"]}]},{"@type":"WebPage","@id":"https:\/\/www.africa-press.net\/burkina-faso\/economie\/amelioration-du-climat-des-affaires-au-burkina-le-mica-et-la-sfi-renforcent-leur-partenariat","url":"https:\/\/www.africa-press.net\/burkina-faso\/economie\/amelioration-du-climat-des-affaires-au-burkina-le-mica-et-la-sfi-renforcent-leur-partenariat","name":"Am\u00e9lioration du climat des affaires au Burkina : Le MICA et la SFI renforcent leur partenariat - Burkina Faso","isPartOf":{"@id":"https:\/\/www.africa-press.net\/burkina-faso\/#website"},"primaryImageOfPage":{"@id":"https:\/\/www.africa-press.net\/burkina-faso\/economie\/amelioration-du-climat-des-affaires-au-burkina-le-mica-et-la-sfi-renforcent-leur-partenariat#primaryimage"},"image":{"@id":"https:\/\/www.africa-press.net\/burkina-faso\/economie\/amelioration-du-climat-des-affaires-au-burkina-le-mica-et-la-sfi-renforcent-leur-partenariat#primaryimage"},"thumbnailUrl":"https:\/\/static.africa-press.net\/burkina\/sites\/42\/2021\/05\/img-60927ac26697f.jpg","datePublished":"2021-05-05T11:16:41+00:00","dateModified":"2021-05-05T16:40:15+00:00","author":{"@id":"https:\/\/www.africa-press.net\/burkina-faso\/#\/schema\/person\/2b1cf3cd81a31e3cd26889ca66d677f1"},"description":"Une rencontre d\u2019\u00e9changes entre les structures techniques du minist\u00e8re en charge du Commerce et la Soci\u00e9t\u00e9 financi\u00e8re ...","breadcrumb":{"@id":"https:\/\/www.africa-press.net\/burkina-faso\/economie\/amelioration-du-climat-des-affaires-au-burkina-le-mica-et-la-sfi-renforcent-leur-partenariat#breadcrumb"},"inLanguage":"fr-FR","potentialAction":[{"@type":"ReadAction","target":["https:\/\/www.africa-press.net\/burkina-faso\/economie\/amelioration-du-climat-des-affaires-au-burkina-le-mica-et-la-sfi-renforcent-leur-partenariat"]}]},{"@type":"ImageObject","inLanguage":"fr-FR","@id":"https:\/\/www.africa-press.net\/burkina-faso\/economie\/amelioration-du-climat-des-affaires-au-burkina-le-mica-et-la-sfi-renforcent-leur-partenariat#primaryimage","url":"https:\/\/static.africa-press.net\/burkina\/sites\/42\/2021\/05\/img-60927ac26697f.jpg","contentUrl":"https:\/\/static.africa-press.net\/burkina\/sites\/42\/2021\/05\/img-60927ac26697f.jpg","width":720,"height":540,"caption":"Am\u00e9lioration du climat des affaires au Burkina : Le MICA et la SFI renforcent leur partenariat"},{"@type":"BreadcrumbList","@id":"https:\/\/www.africa-press.net\/burkina-faso\/economie\/amelioration-du-climat-des-affaires-au-burkina-le-mica-et-la-sfi-renforcent-leur-partenariat#breadcrumb","itemListElement":[{"@type":"ListItem","position":1,"name":"Accueil","item":"https:\/\/www.africa-press.net\/burkina-faso\/"},{"@type":"ListItem","position":2,"name":"Am\u00e9lioration du climat des affaires au Burkina : Le MICA et la SFI renforcent leur partenariat"}]},{"@type":"WebSite","@id":"https:\/\/www.africa-press.net\/burkina-faso\/#website","url":"https:\/\/www.africa-press.net\/burkina-faso\/","name":"Burkina Faso","description":"Just another Africa News Agency Sites site","potentialAction":[{"@type":"SearchAction","target":{"@type":"EntryPoint","urlTemplate":"https:\/\/www.africa-press.net\/burkina-faso\/?s={search_term_string}"},"query-input":{"@type":"PropertyValueSpecification","valueRequired":true,"valueName":"search_term_string"}}],"inLanguage":"fr-FR"},{"@type":"Person","@id":"https:\/\/www.africa-press.net\/burkina-faso\/#\/schema\/person\/2b1cf3cd81a31e3cd26889ca66d677f1","name":"cfeditorfr"}]}},"_links":{"self":[{"href":"https:\/\/www.africa-press.net\/burkina-faso\/wp-json\/wp\/v2\/posts\/11141","targetHints":{"allow":["GET"]}}],"collection":[{"href":"https:\/\/www.africa-press.net\/burkina-faso\/wp-json\/wp\/v2\/posts"}],"about":[{"href":"https:\/\/www.africa-press.net\/burkina-faso\/wp-json\/wp\/v2\/types\/post"}],"author":[{"embeddable":true,"href":"https:\/\/www.africa-press.net\/burkina-faso\/wp-json\/wp\/v2\/users\/82"}],"replies":[{"embeddable":true,"href":"https:\/\/www.africa-press.net\/burkina-faso\/wp-json\/wp\/v2\/comments?post=11141"}],"version-history":[{"count":0,"href":"https:\/\/www.africa-press.net\/burkina-faso\/wp-json\/wp\/v2\/posts\/11141\/revisions"}],"wp:featuredmedia":[{"embeddable":true,"href":"https:\/\/www.africa-press.net\/burkina-faso\/wp-json\/wp\/v2\/media\/11140"}],"wp:attachment":[{"href":"https:\/\/www.africa-press.net\/burkina-faso\/wp-json\/wp\/v2\/media?parent=11141"}],"wp:term":[{"taxonomy":"category","embeddable":true,"href":"https:\/\/www.africa-press.net\/burkina-faso\/wp-json\/wp\/v2\/categories?post=11141"},{"taxonomy":"post_tag","embeddable":true,"href":"https:\/\/www.africa-press.net\/burkina-faso\/wp-json\/wp\/v2\/tags?post=11141"}],"curies":[{"name":"wp","href":"https:\/\/api.w.org\/{rel}","templated":true}]}}