{"id":11150,"date":"2021-05-05T11:39:28","date_gmt":"2021-05-05T11:39:28","guid":{"rendered":"https:\/\/www.africa-press.net\/burkina-faso\/?p=11150"},"modified":"2021-05-05T16:40:30","modified_gmt":"2021-05-05T16:40:30","slug":"situation-hebdomadaire-des-operations-de-securisation-huit-terroristes-neutralises-et-du-materiel-recupere","status":"publish","type":"post","link":"https:\/\/www.africa-press.net\/burkina-faso\/politique\/situation-hebdomadaire-des-operations-de-securisation-huit-terroristes-neutralises-et-du-materiel-recupere","title":{"rendered":"Situation hebdomadaire des op\u00e9rations de s\u00e9curisation : Huit terroristes neutralis\u00e9s et du mat\u00e9riel r\u00e9cup\u00e9r\u00e9"},"content":{"rendered":"<p><span style=\"color: #ff6600\"><strong><a href=\"https:\/\/www.africa-press.net\/\">Africa-Press<\/a> &#8211; <a href=\"https:\/\/www.africa-press.net\/burkina-faso\">Burkina Faso<\/a>. <\/strong><\/span><b>La direction de la communication et des relations publiques des arm\u00e9es a rendu public, ce mardi 4 mai 2021, son communiqu\u00e9 sur le point hebdomadaire des op\u00e9rations de s\u00e9curisation tenues sur l\u2019ensemble du territoire.<\/b><\/p>\n<p>Le bilan fait \u00e9tat de huit terroristes neutralis\u00e9s et du mat\u00e9riel r\u00e9cup\u00e9r\u00e9, du 29 avril au 2 mai 2021, suite aux op\u00e9rations de ratissage men\u00e9es apr\u00e8s l\u2019embuscade sur l\u2019axe Natiaboani-Pama. Une embuscade qui a malheureusement fait trois morts et 4 bless\u00e9s.<\/p>\n<p>En plus de ces op\u00e9rations de ratissage, les forces arm\u00e9es nationales ont \u00e9galement apport\u00e9 leur soutien aux populations de Kiamou, dans la province de la Komandjari, \u00e0 travers un don de vivres. Une op\u00e9ration qui vise \u00e0 renforcer la confiance entre militaires et populations civiles.<\/p>\n<p>Outres ces activit\u00e9s, des op\u00e9rations de ratissage ont \u00e9t\u00e9 en outre men\u00e9es dans la province du S\u00e9no et dans la commune de Pissila pour s\u00e9curiser les populations, suite aux attaques des 26 et 29 avril 2021.<\/p>\n<p>Enfin, les forces arm\u00e9es nationales ont aid\u00e9 \u00e0 la r\u00e9installation des personnes d\u00e9plac\u00e9es internes et \u00e0 l\u2019escorte de ravitaillement au profit des structures priv\u00e9es dans la r\u00e9gion de l\u2019est.<\/p>\n","protected":false},"excerpt":{"rendered":"<p>Africa-Press &#8211; Burkina Faso. La direction de la communication et des relations publiques des arm\u00e9es a rendu public, ce mardi 4 mai 2021, son communiqu\u00e9 sur le point hebdomadaire des op\u00e9rations de s\u00e9curisation tenues sur l\u2019ensemble du territoire. Le bilan fait \u00e9tat de huit terroristes neutralis\u00e9s et du mat\u00e9riel r\u00e9cup\u00e9r\u00e9, du 29 avril au 2 [&hellip;]<\/p>\n","protected":false},"author":82,"featured_media":11149,"comment_status":"open","ping_status":"closed","sticky":false,"template":"","format":"standard","meta":{"footnotes":""},"categories":[11,2,10],"tags":[111,725,29],"class_list":["post-11150","post","type-post","status-publish","format-standard","has-post-thumbnail","hentry","category-homepage-french","category-politique","category-toutes-les-actualites","tag-africa-press","tag-africa-press-burkina-faso","tag-burkina-faso"],"yoast_head":"<!-- This site is optimized with the Yoast SEO Premium plugin v26.1 (Yoast SEO v27.0) - https:\/\/yoast.com\/product\/yoast-seo-premium-wordpress\/ -->\n<title>Situation hebdomadaire des op\u00e9rations de s\u00e9curisation : Huit terroristes neutralis\u00e9s et du mat\u00e9riel r\u00e9cup\u00e9r\u00e9 - Burkina Faso<\/title>\n<meta name=\"description\" content=\"La direction de la communication et des relations publiques des arm\u00e9es a rendu public, ce mardi 4 mai 2021, son commu ...\" \/>\n<meta name=\"robots\" content=\"index, follow, max-snippet:-1, max-image-preview:large, max-video-preview:-1\" \/>\n<link rel=\"canonical\" href=\"https:\/\/www.africa-press.net\/burkina-faso\/politique\/situation-hebdomadaire-des-operations-de-securisation-huit-terroristes-neutralises-et-du-materiel-recupere\" \/>\n<meta property=\"og:locale\" content=\"fr_FR\" \/>\n<meta property=\"og:type\" content=\"article\" \/>\n<meta property=\"og:title\" content=\"Situation hebdomadaire des op\u00e9rations de s\u00e9curisation : Huit terroristes neutralis\u00e9s et du mat\u00e9riel r\u00e9cup\u00e9r\u00e9\" \/>\n<meta property=\"og:description\" content=\"La direction de la communication et des relations publiques des arm\u00e9es a rendu public, ce mardi 4 mai 2021, son commu ...\" \/>\n<meta property=\"og:url\" content=\"https:\/\/www.africa-press.net\/burkina-faso\/politique\/situation-hebdomadaire-des-operations-de-securisation-huit-terroristes-neutralises-et-du-materiel-recupere\" \/>\n<meta property=\"og:site_name\" content=\"Burkina Faso\" \/>\n<meta property=\"article:published_time\" content=\"2021-05-05T11:39:28+00:00\" \/>\n<meta property=\"article:modified_time\" content=\"2021-05-05T16:40:30+00:00\" \/>\n<meta property=\"og:image\" content=\"https:\/\/static.africa-press.net\/burkina\/sites\/42\/2021\/05\/img-60927b713d650.jpg\" \/>\n\t<meta property=\"og:image:width\" content=\"720\" \/>\n\t<meta property=\"og:image:height\" content=\"540\" \/>\n\t<meta property=\"og:image:type\" content=\"image\/jpeg\" \/>\n<meta name=\"author\" content=\"cfeditorfr\" \/>\n<meta name=\"twitter:card\" content=\"summary_large_image\" \/>\n<meta name=\"twitter:label1\" content=\"\u00c9crit par\" \/>\n\t<meta name=\"twitter:data1\" content=\"cfeditorfr\" \/>\n\t<meta name=\"twitter:label2\" content=\"Dur\u00e9e de lecture estim\u00e9e\" \/>\n\t<meta name=\"twitter:data2\" content=\"1 minute\" \/>\n<script type=\"application\/ld+json\" class=\"yoast-schema-graph\">{\"@context\":\"https:\/\/schema.org\",\"@graph\":[{\"@type\":\"Article\",\"@id\":\"https:\/\/www.africa-press.net\/burkina-faso\/politique\/situation-hebdomadaire-des-operations-de-securisation-huit-terroristes-neutralises-et-du-materiel-recupere#article\",\"isPartOf\":{\"@id\":\"https:\/\/www.africa-press.net\/burkina-faso\/politique\/situation-hebdomadaire-des-operations-de-securisation-huit-terroristes-neutralises-et-du-materiel-recupere\"},\"author\":{\"name\":\"cfeditorfr\",\"@id\":\"https:\/\/www.africa-press.net\/burkina-faso\/#\/schema\/person\/2b1cf3cd81a31e3cd26889ca66d677f1\"},\"headline\":\"Situation hebdomadaire des op\u00e9rations de s\u00e9curisation : Huit terroristes neutralis\u00e9s et du mat\u00e9riel r\u00e9cup\u00e9r\u00e9\",\"datePublished\":\"2021-05-05T11:39:28+00:00\",\"dateModified\":\"2021-05-05T16:40:30+00:00\",\"mainEntityOfPage\":{\"@id\":\"https:\/\/www.africa-press.net\/burkina-faso\/politique\/situation-hebdomadaire-des-operations-de-securisation-huit-terroristes-neutralises-et-du-materiel-recupere\"},\"wordCount\":225,\"commentCount\":0,\"image\":{\"@id\":\"https:\/\/www.africa-press.net\/burkina-faso\/politique\/situation-hebdomadaire-des-operations-de-securisation-huit-terroristes-neutralises-et-du-materiel-recupere#primaryimage\"},\"thumbnailUrl\":\"https:\/\/static.africa-press.net\/burkina\/sites\/42\/2021\/05\/img-60927b713d650.jpg\",\"keywords\":[\"Africa Press\",\"Africa Press-Burkina Faso\",\"Burkina Faso\"],\"articleSection\":[\"homepage-french\",\"Politique\",\"Toutes les actualit\u00e9s\"],\"inLanguage\":\"fr-FR\",\"potentialAction\":[{\"@type\":\"CommentAction\",\"name\":\"Comment\",\"target\":[\"https:\/\/www.africa-press.net\/burkina-faso\/politique\/situation-hebdomadaire-des-operations-de-securisation-huit-terroristes-neutralises-et-du-materiel-recupere#respond\"]}]},{\"@type\":\"WebPage\",\"@id\":\"https:\/\/www.africa-press.net\/burkina-faso\/politique\/situation-hebdomadaire-des-operations-de-securisation-huit-terroristes-neutralises-et-du-materiel-recupere\",\"url\":\"https:\/\/www.africa-press.net\/burkina-faso\/politique\/situation-hebdomadaire-des-operations-de-securisation-huit-terroristes-neutralises-et-du-materiel-recupere\",\"name\":\"Situation hebdomadaire des op\u00e9rations de s\u00e9curisation : Huit terroristes neutralis\u00e9s et du mat\u00e9riel r\u00e9cup\u00e9r\u00e9 - Burkina Faso\",\"isPartOf\":{\"@id\":\"https:\/\/www.africa-press.net\/burkina-faso\/#website\"},\"primaryImageOfPage\":{\"@id\":\"https:\/\/www.africa-press.net\/burkina-faso\/politique\/situation-hebdomadaire-des-operations-de-securisation-huit-terroristes-neutralises-et-du-materiel-recupere#primaryimage\"},\"image\":{\"@id\":\"https:\/\/www.africa-press.net\/burkina-faso\/politique\/situation-hebdomadaire-des-operations-de-securisation-huit-terroristes-neutralises-et-du-materiel-recupere#primaryimage\"},\"thumbnailUrl\":\"https:\/\/static.africa-press.net\/burkina\/sites\/42\/2021\/05\/img-60927b713d650.jpg\",\"datePublished\":\"2021-05-05T11:39:28+00:00\",\"dateModified\":\"2021-05-05T16:40:30+00:00\",\"author\":{\"@id\":\"https:\/\/www.africa-press.net\/burkina-faso\/#\/schema\/person\/2b1cf3cd81a31e3cd26889ca66d677f1\"},\"description\":\"La direction de la communication et des relations publiques des arm\u00e9es a rendu public, ce mardi 4 mai 2021, son commu ...\",\"breadcrumb\":{\"@id\":\"https:\/\/www.africa-press.net\/burkina-faso\/politique\/situation-hebdomadaire-des-operations-de-securisation-huit-terroristes-neutralises-et-du-materiel-recupere#breadcrumb\"},\"inLanguage\":\"fr-FR\",\"potentialAction\":[{\"@type\":\"ReadAction\",\"target\":[\"https:\/\/www.africa-press.net\/burkina-faso\/politique\/situation-hebdomadaire-des-operations-de-securisation-huit-terroristes-neutralises-et-du-materiel-recupere\"]}]},{\"@type\":\"ImageObject\",\"inLanguage\":\"fr-FR\",\"@id\":\"https:\/\/www.africa-press.net\/burkina-faso\/politique\/situation-hebdomadaire-des-operations-de-securisation-huit-terroristes-neutralises-et-du-materiel-recupere#primaryimage\",\"url\":\"https:\/\/static.africa-press.net\/burkina\/sites\/42\/2021\/05\/img-60927b713d650.jpg\",\"contentUrl\":\"https:\/\/static.africa-press.net\/burkina\/sites\/42\/2021\/05\/img-60927b713d650.jpg\",\"width\":720,\"height\":540,\"caption\":\"Situation hebdomadaire des op\u00e9rations de s\u00e9curisation : Huit terroristes neutralis\u00e9s et du mat\u00e9riel r\u00e9cup\u00e9r\u00e9\"},{\"@type\":\"BreadcrumbList\",\"@id\":\"https:\/\/www.africa-press.net\/burkina-faso\/politique\/situation-hebdomadaire-des-operations-de-securisation-huit-terroristes-neutralises-et-du-materiel-recupere#breadcrumb\",\"itemListElement\":[{\"@type\":\"ListItem\",\"position\":1,\"name\":\"Accueil\",\"item\":\"https:\/\/www.africa-press.net\/burkina-faso\/\"},{\"@type\":\"ListItem\",\"position\":2,\"name\":\"Situation hebdomadaire des op\u00e9rations de s\u00e9curisation : Huit terroristes neutralis\u00e9s et du mat\u00e9riel r\u00e9cup\u00e9r\u00e9\"}]},{\"@type\":\"WebSite\",\"@id\":\"https:\/\/www.africa-press.net\/burkina-faso\/#website\",\"url\":\"https:\/\/www.africa-press.net\/burkina-faso\/\",\"name\":\"Burkina Faso\",\"description\":\"Just another Africa News Agency Sites site\",\"potentialAction\":[{\"@type\":\"SearchAction\",\"target\":{\"@type\":\"EntryPoint\",\"urlTemplate\":\"https:\/\/www.africa-press.net\/burkina-faso\/?s={search_term_string}\"},\"query-input\":{\"@type\":\"PropertyValueSpecification\",\"valueRequired\":true,\"valueName\":\"search_term_string\"}}],\"inLanguage\":\"fr-FR\"},{\"@type\":\"Person\",\"@id\":\"https:\/\/www.africa-press.net\/burkina-faso\/#\/schema\/person\/2b1cf3cd81a31e3cd26889ca66d677f1\",\"name\":\"cfeditorfr\"}]}<\/script>\n<!-- \/ Yoast SEO Premium plugin. -->","yoast_head_json":{"title":"Situation hebdomadaire des op\u00e9rations de s\u00e9curisation : Huit terroristes neutralis\u00e9s et du mat\u00e9riel r\u00e9cup\u00e9r\u00e9 - Burkina Faso","description":"La direction de la communication et des relations publiques des arm\u00e9es a rendu public, ce mardi 4 mai 2021, son commu ...","robots":{"index":"index","follow":"follow","max-snippet":"max-snippet:-1","max-image-preview":"max-image-preview:large","max-video-preview":"max-video-preview:-1"},"canonical":"https:\/\/www.africa-press.net\/burkina-faso\/politique\/situation-hebdomadaire-des-operations-de-securisation-huit-terroristes-neutralises-et-du-materiel-recupere","og_locale":"fr_FR","og_type":"article","og_title":"Situation hebdomadaire des op\u00e9rations de s\u00e9curisation : Huit terroristes neutralis\u00e9s et du mat\u00e9riel r\u00e9cup\u00e9r\u00e9","og_description":"La direction de la communication et des relations publiques des arm\u00e9es a rendu public, ce mardi 4 mai 2021, son commu ...","og_url":"https:\/\/www.africa-press.net\/burkina-faso\/politique\/situation-hebdomadaire-des-operations-de-securisation-huit-terroristes-neutralises-et-du-materiel-recupere","og_site_name":"Burkina Faso","article_published_time":"2021-05-05T11:39:28+00:00","article_modified_time":"2021-05-05T16:40:30+00:00","og_image":[{"width":720,"height":540,"url":"https:\/\/static.africa-press.net\/burkina\/sites\/42\/2021\/05\/img-60927b713d650.jpg","type":"image\/jpeg"}],"author":"cfeditorfr","twitter_card":"summary_large_image","twitter_misc":{"\u00c9crit par":"cfeditorfr","Dur\u00e9e de lecture estim\u00e9e":"1 minute"},"schema":{"@context":"https:\/\/schema.org","@graph":[{"@type":"Article","@id":"https:\/\/www.africa-press.net\/burkina-faso\/politique\/situation-hebdomadaire-des-operations-de-securisation-huit-terroristes-neutralises-et-du-materiel-recupere#article","isPartOf":{"@id":"https:\/\/www.africa-press.net\/burkina-faso\/politique\/situation-hebdomadaire-des-operations-de-securisation-huit-terroristes-neutralises-et-du-materiel-recupere"},"author":{"name":"cfeditorfr","@id":"https:\/\/www.africa-press.net\/burkina-faso\/#\/schema\/person\/2b1cf3cd81a31e3cd26889ca66d677f1"},"headline":"Situation hebdomadaire des op\u00e9rations de s\u00e9curisation : Huit terroristes neutralis\u00e9s et du mat\u00e9riel r\u00e9cup\u00e9r\u00e9","datePublished":"2021-05-05T11:39:28+00:00","dateModified":"2021-05-05T16:40:30+00:00","mainEntityOfPage":{"@id":"https:\/\/www.africa-press.net\/burkina-faso\/politique\/situation-hebdomadaire-des-operations-de-securisation-huit-terroristes-neutralises-et-du-materiel-recupere"},"wordCount":225,"commentCount":0,"image":{"@id":"https:\/\/www.africa-press.net\/burkina-faso\/politique\/situation-hebdomadaire-des-operations-de-securisation-huit-terroristes-neutralises-et-du-materiel-recupere#primaryimage"},"thumbnailUrl":"https:\/\/static.africa-press.net\/burkina\/sites\/42\/2021\/05\/img-60927b713d650.jpg","keywords":["Africa Press","Africa Press-Burkina Faso","Burkina Faso"],"articleSection":["homepage-french","Politique","Toutes les actualit\u00e9s"],"inLanguage":"fr-FR","potentialAction":[{"@type":"CommentAction","name":"Comment","target":["https:\/\/www.africa-press.net\/burkina-faso\/politique\/situation-hebdomadaire-des-operations-de-securisation-huit-terroristes-neutralises-et-du-materiel-recupere#respond"]}]},{"@type":"WebPage","@id":"https:\/\/www.africa-press.net\/burkina-faso\/politique\/situation-hebdomadaire-des-operations-de-securisation-huit-terroristes-neutralises-et-du-materiel-recupere","url":"https:\/\/www.africa-press.net\/burkina-faso\/politique\/situation-hebdomadaire-des-operations-de-securisation-huit-terroristes-neutralises-et-du-materiel-recupere","name":"Situation hebdomadaire des op\u00e9rations de s\u00e9curisation : Huit terroristes neutralis\u00e9s et du mat\u00e9riel r\u00e9cup\u00e9r\u00e9 - Burkina Faso","isPartOf":{"@id":"https:\/\/www.africa-press.net\/burkina-faso\/#website"},"primaryImageOfPage":{"@id":"https:\/\/www.africa-press.net\/burkina-faso\/politique\/situation-hebdomadaire-des-operations-de-securisation-huit-terroristes-neutralises-et-du-materiel-recupere#primaryimage"},"image":{"@id":"https:\/\/www.africa-press.net\/burkina-faso\/politique\/situation-hebdomadaire-des-operations-de-securisation-huit-terroristes-neutralises-et-du-materiel-recupere#primaryimage"},"thumbnailUrl":"https:\/\/static.africa-press.net\/burkina\/sites\/42\/2021\/05\/img-60927b713d650.jpg","datePublished":"2021-05-05T11:39:28+00:00","dateModified":"2021-05-05T16:40:30+00:00","author":{"@id":"https:\/\/www.africa-press.net\/burkina-faso\/#\/schema\/person\/2b1cf3cd81a31e3cd26889ca66d677f1"},"description":"La direction de la communication et des relations publiques des arm\u00e9es a rendu public, ce mardi 4 mai 2021, son commu ...","breadcrumb":{"@id":"https:\/\/www.africa-press.net\/burkina-faso\/politique\/situation-hebdomadaire-des-operations-de-securisation-huit-terroristes-neutralises-et-du-materiel-recupere#breadcrumb"},"inLanguage":"fr-FR","potentialAction":[{"@type":"ReadAction","target":["https:\/\/www.africa-press.net\/burkina-faso\/politique\/situation-hebdomadaire-des-operations-de-securisation-huit-terroristes-neutralises-et-du-materiel-recupere"]}]},{"@type":"ImageObject","inLanguage":"fr-FR","@id":"https:\/\/www.africa-press.net\/burkina-faso\/politique\/situation-hebdomadaire-des-operations-de-securisation-huit-terroristes-neutralises-et-du-materiel-recupere#primaryimage","url":"https:\/\/static.africa-press.net\/burkina\/sites\/42\/2021\/05\/img-60927b713d650.jpg","contentUrl":"https:\/\/static.africa-press.net\/burkina\/sites\/42\/2021\/05\/img-60927b713d650.jpg","width":720,"height":540,"caption":"Situation hebdomadaire des op\u00e9rations de s\u00e9curisation : Huit terroristes neutralis\u00e9s et du mat\u00e9riel r\u00e9cup\u00e9r\u00e9"},{"@type":"BreadcrumbList","@id":"https:\/\/www.africa-press.net\/burkina-faso\/politique\/situation-hebdomadaire-des-operations-de-securisation-huit-terroristes-neutralises-et-du-materiel-recupere#breadcrumb","itemListElement":[{"@type":"ListItem","position":1,"name":"Accueil","item":"https:\/\/www.africa-press.net\/burkina-faso\/"},{"@type":"ListItem","position":2,"name":"Situation hebdomadaire des op\u00e9rations de s\u00e9curisation : Huit terroristes neutralis\u00e9s et du mat\u00e9riel r\u00e9cup\u00e9r\u00e9"}]},{"@type":"WebSite","@id":"https:\/\/www.africa-press.net\/burkina-faso\/#website","url":"https:\/\/www.africa-press.net\/burkina-faso\/","name":"Burkina Faso","description":"Just another Africa News Agency Sites site","potentialAction":[{"@type":"SearchAction","target":{"@type":"EntryPoint","urlTemplate":"https:\/\/www.africa-press.net\/burkina-faso\/?s={search_term_string}"},"query-input":{"@type":"PropertyValueSpecification","valueRequired":true,"valueName":"search_term_string"}}],"inLanguage":"fr-FR"},{"@type":"Person","@id":"https:\/\/www.africa-press.net\/burkina-faso\/#\/schema\/person\/2b1cf3cd81a31e3cd26889ca66d677f1","name":"cfeditorfr"}]}},"_links":{"self":[{"href":"https:\/\/www.africa-press.net\/burkina-faso\/wp-json\/wp\/v2\/posts\/11150","targetHints":{"allow":["GET"]}}],"collection":[{"href":"https:\/\/www.africa-press.net\/burkina-faso\/wp-json\/wp\/v2\/posts"}],"about":[{"href":"https:\/\/www.africa-press.net\/burkina-faso\/wp-json\/wp\/v2\/types\/post"}],"author":[{"embeddable":true,"href":"https:\/\/www.africa-press.net\/burkina-faso\/wp-json\/wp\/v2\/users\/82"}],"replies":[{"embeddable":true,"href":"https:\/\/www.africa-press.net\/burkina-faso\/wp-json\/wp\/v2\/comments?post=11150"}],"version-history":[{"count":0,"href":"https:\/\/www.africa-press.net\/burkina-faso\/wp-json\/wp\/v2\/posts\/11150\/revisions"}],"wp:featuredmedia":[{"embeddable":true,"href":"https:\/\/www.africa-press.net\/burkina-faso\/wp-json\/wp\/v2\/media\/11149"}],"wp:attachment":[{"href":"https:\/\/www.africa-press.net\/burkina-faso\/wp-json\/wp\/v2\/media?parent=11150"}],"wp:term":[{"taxonomy":"category","embeddable":true,"href":"https:\/\/www.africa-press.net\/burkina-faso\/wp-json\/wp\/v2\/categories?post=11150"},{"taxonomy":"post_tag","embeddable":true,"href":"https:\/\/www.africa-press.net\/burkina-faso\/wp-json\/wp\/v2\/tags?post=11150"}],"curies":[{"name":"wp","href":"https:\/\/api.w.org\/{rel}","templated":true}]}}