{"id":11156,"date":"2021-05-05T11:55:06","date_gmt":"2021-05-05T11:55:06","guid":{"rendered":"https:\/\/www.africa-press.net\/burkina-faso\/?p=11156"},"modified":"2021-05-05T16:40:49","modified_gmt":"2021-05-05T16:40:49","slug":"bechir-ben-yahmed-est-decede-le-magnat-de-la-presse-panafricaine-a-casse-sa-plume","status":"publish","type":"post","link":"https:\/\/www.africa-press.net\/burkina-faso\/toutes-les-actualites\/bechir-ben-yahmed-est-decede-le-magnat-de-la-presse-panafricaine-a-casse-sa-plume","title":{"rendered":"B\u00e9chir Ben Yahmed est d\u00e9c\u00e9d\u00e9 : Le magnat de la presse panafricaine a cass\u00e9 sa plume"},"content":{"rendered":"<p><span style=\"color: #ff6600\"><strong><a href=\"https:\/\/www.africa-press.net\/\">Africa-Press<\/a> &#8211; <a href=\"https:\/\/www.africa-press.net\/burkina-faso\">Burkina Faso<\/a>. <\/strong><\/span><b>Le fondateur du plus vieux magazine panafricain francophone est d\u00e9c\u00e9d\u00e9 \u00e0 93 ans. B\u00e9chir Ben Yahmed laisse orphelin son journal Jeune Afrique, et ses deux fils Amir et Marwane Ben Yahmed plus jeunes que le magazine qui a la soixantaine, et qu\u2019il avait voulu d\u00e9baptiser, pour l\u2019appeler l\u2019Intelligent. Projet auquel il d\u00fbt renoncer face au toll\u00e9 g\u00e9n\u00e9ral.<\/b><\/p>\n<p>Ce journal a l\u2019\u00e2ge des ind\u00e9pendances et a accompagn\u00e9 plus souvent que critiqu\u00e9 les chefs d\u2019\u00c9tat, tant qu\u2019ils sont utiles, ou que la diffusion de Jeune Afrique est importante dans le pays. BBY a r\u00e9ussi la prouesse de fonder un empire de presse qui avait plusieurs d\u00e9clinaisons et qui \u00e9tait un succ\u00e8s \u00e9conomique. Quelle \u00e9tait la recette du succ\u00e8s ?<\/p>\n<p>Si le journal n\u2019\u00e9tait pas intelligent, son fondateur l\u2019\u00e9tait puisqu\u2019il a su le premier faire un journal en venant de l\u2019Afrique du nord qui sera plus lu au sud et par la diaspora. Jeune Afrique a eu des concurrents souvent sortis de son ventre, qui ont utilis\u00e9 ses armes secr\u00e8tes et n\u2019ont jamais eu sa long\u00e9vit\u00e9.<\/p>\n<p>Si le vieux chef a gard\u00e9 longtemps la main sur son \u0153uvre, que deviendra-t-elle apr\u00e8s sa mort ? Coup d\u2019\u0153il \u00e0 un organe pr\u00e9curseur, mais qui a aussi sem\u00e9 dans la profession les germes de la plupart des maux actuels que conna\u00eet la presse francophone.<\/p>\n<p>B\u00e9chir Ben Yahmed avait deux cordes \u00e0 son arc : la politique et le journalisme. Il \u00e9tait le plus jeune ministre de Bourguiba quand il cr\u00e9\u00e9 son premier journal l\u2019Action en 1956, qui deviendra en 1960 \u00e0 Tunis, Afrique Action et qui deviendra un an plus tard Jeune Afrique. Mais la politique et la presse ne font pas toujours bon m\u00e9nage et m\u00eame si son c\u0153ur balan\u00e7ait, un choix s\u2019imposera \u00e0 lui. En 1962, il quitte la Tunisie, son pays natal, pour l\u2019Italie. Deux ans apr\u00e8s avoir d\u00e9pos\u00e9 ses valises \u00e0 Rome, il gagne Paris o\u00f9 les portes du succ\u00e8s s\u2019ouvrent \u00e0 BBY et \u00e0 son journal.<\/p>\n<p>Jeune Afrique a connu ses moments de gloire dans les ann\u00e9es soixante avec des plumes c\u00e9l\u00e8bres comme Frantz Fanon ; il a fait des interviews d\u2019anthologie avec Ho Chi Minh, Fidel Castro, Che Guevara, Patrice Lumumba. Et BBY a c\u00f4toy\u00e9 tous les grands noms du tiers monde, lui qui \u00e9tait anticommuniste \u00e9tait aussi affable avec les \u00ab camarades \u00bb que ceux du camp de son c\u0153ur. Parmi les t\u00eates couronn\u00e9es qu\u2019il a fr\u00e9quent\u00e9es, il y a \u00ab le s\u00e9n\u00e9galais Senghor, l\u2019ivoirien Houphou\u00ebt-Boigny, le marocain Hassan II ou encore les fran\u00e7ais Jacques Foccart \u2013 dont il a co\u00e9dit\u00e9 les M\u00e9moires \u2013 et Fran\u00e7ois Mitterrand. Dans les ann\u00e9es 1960, il avait c\u00f4toy\u00e9 Che Guevara \u00e0 Cuba, rencontr\u00e9 \u00e0 Hano\u00ef, en pleine guerre du Vietnam, Ho Chi Minh, et bien connu l\u2019\u00c9gyptien Nasser, le ghan\u00e9en Nkrumah, le congolais Lumumba et l\u2019alg\u00e9rien Ben Bella. \u00bb<\/p>\n<p><b>Le sensationnel et la proximit\u00e9 avec les dirigeants<\/b><\/p>\n<p>Jeune Afrique avait une recette propre \u00e0 lui de s\u2019attirer la sympathie des chefs d\u2019\u00c9tat africains par journaliste interpos\u00e9 ou par le charme du grand patron. Ainsi Sennen Andriamirado fera tout pour \u00eatre dans les gr\u00e2ces de Thomas Sankara et compter parmi ses proches. Cela aidait Jeune Afrique \u00e0 faire la concurrence avec Afrique Asie qui \u00e9tait le pendant de gauche du journal de droite qu\u2019il \u00e9tait. Et les unes sur le leader de la r\u00e9volution burkinab\u00e8 se r\u00e9pondaient entre Jeune Afrique et Afrique Asie. Bien que ne partageant pas les id\u00e9aux de la r\u00e9volution, BBY a vite vu le potentiel vendable de l\u2019exp\u00e9rience burkinab\u00e8 et contribuera aussi \u00e0 la cr\u00e9ation m\u00e9diatique qu\u2019est Thomas Sankara.<\/p>\n<p>Sennen Andriamirado et son patron sortiront tr\u00e8s vite un livre : Il s\u2019appelait Sankara. Chronique d\u2019une mort violente pour exploiter ce filon que la presse continue toujours \u00e0 creuser. Apr\u00e8s avoir us\u00e9 et abus\u00e9 de la mort de Sankara, Jeune Afrique s\u2019est vu doubl\u00e9 \u00e0 sa droite par Jeune Afrique \u00c9conomie, qui va se proposer comme organe de communication \u00e0 l\u2019international du r\u00e9gime Compaor\u00e9 et qui se fera bien payer pour cela. \u00c0 cette \u00e9poque, c\u2019\u00e9tait le journal le plus distribu\u00e9 gratuitement dans l\u2019administration burkinab\u00e8. Avec le temps et \u00e0 force d\u2019approches de charmes et d\u2019amabilit\u00e9s, Jeune Afrique r\u00e9ussira \u00e0 obtenir les publicit\u00e9s et les publireportages du Burkina, naturellement sans la plume de Sennen.<\/p>\n<p>Dans la diaspora Jeune Afrique \u00e9tait connu par sa proximit\u00e9 avec les dictateurs africains, certains le lisaient pour savoir ce que le pouvoir avait pay\u00e9 pour dire et rechercher le vrai \u00e0 travers le faux publi\u00e9, qui pouvait \u00eatre le non-dit.<\/p>\n<p><b>Jeune Afrique interdit de vente en C\u00f4te d\u2019Ivoire<\/b><\/p>\n<p>Aux derniers moments de r\u00e8gne d\u2019Houphou\u00ebt Boigny, Jeune Afrique sentant la fin de r\u00e8gne \u00e0 Abidjan, avait commenc\u00e9 \u00e0 publier des articles tr\u00e8s critiques envers Houphou\u00ebt. Celui-ci a r\u00e9pondu en interdisant la vente de Jeune Afrique en C\u00f4te d\u2019Ivoire. Touch\u00e9 au porte-monnaie, BBY s\u2019est fendu d\u2019un \u00e9ditorial bien senti dans \u00ab Ce que je crois \u00bb pour dire que le bilan d\u2019Houphou\u00ebt Boigny est globalement positif, ce qui a permis au journal du tunisien d\u2019\u00eatre diffus\u00e9 dans le pays o\u00f9 il \u00e9tait le plus achet\u00e9. C\u2019est avec diplomatie, en m\u00e9nageant la ch\u00e8vre et le chou, que le groupe Jeune Afrique M\u00e9dia a v\u00e9cu et a prosp\u00e9r\u00e9, contrairement \u00e0 ses concurrents panafricains Afrique Asie, Jeune Afrique \u00e9conomie.<\/p>\n<p>Jeune Afrique est une entreprise familiale g\u00e9r\u00e9e comme les chefs africains ont g\u00e9r\u00e9 nos pays, c\u2019est entre les mains des fils \u00e0 papa BBY que les r\u00eanes du pouvoir ont \u00e9t\u00e9 transmis et \u00e0 un h\u00e9ritier id\u00e9ologique Fran\u00e7ois Soudan qui conna\u00eet la recette du succ\u00e8s et tisse ses liens de proximit\u00e9 tous azimuts avec les puissants, de Gbagbo \u00e0 Kagam\u00e9 en passant par \u2018\u2019l\u2019empereur\u2019\u2019 Sassou du Congo.<\/p>\n<p>BBY est mort, vive BBY, sa recette fera bouillir encore la marmite Jeune Afrique, tant que des tyrans croiront que des mots sur papier glac\u00e9 changent la nature d\u2019un r\u00e9gime. Ils auraient tort, les successeurs, de ne pas voir les changements que les insurrections portent en Afrique, chassant les dictateurs au Burkina, au Mali, en Tunisie\u2026<\/p>\n<p><b>Sana Guy<br \/>\n<\/b><\/p>\n<p>.<\/p>\n","protected":false},"excerpt":{"rendered":"<p>Africa-Press &#8211; Burkina Faso. Le fondateur du plus vieux magazine panafricain francophone est d\u00e9c\u00e9d\u00e9 \u00e0 93 ans. B\u00e9chir Ben Yahmed laisse orphelin son journal Jeune Afrique, et ses deux fils Amir et Marwane Ben Yahmed plus jeunes que le magazine qui a la soixantaine, et qu\u2019il avait voulu d\u00e9baptiser, pour l\u2019appeler l\u2019Intelligent. Projet auquel il [&hellip;]<\/p>\n","protected":false},"author":82,"featured_media":11155,"comment_status":"open","ping_status":"closed","sticky":false,"template":"","format":"standard","meta":{"footnotes":""},"categories":[22,11,10],"tags":[111,725,29],"class_list":["post-11156","post","type-post","status-publish","format-standard","has-post-thumbnail","hentry","category-divers","category-homepage-french","category-toutes-les-actualites","tag-africa-press","tag-africa-press-burkina-faso","tag-burkina-faso"],"yoast_head":"<!-- This site is optimized with the Yoast SEO Premium plugin v26.1 (Yoast SEO v27.0) - https:\/\/yoast.com\/product\/yoast-seo-premium-wordpress\/ -->\n<title>B\u00e9chir Ben Yahmed est d\u00e9c\u00e9d\u00e9 : Le magnat de la presse panafricaine a cass\u00e9 sa plume - Burkina Faso<\/title>\n<meta name=\"description\" content=\"Le fondateur du plus vieux magazine panafricain francophone est d\u00e9c\u00e9d\u00e9 \u00e0 93 ans. B\u00e9chir Ben Yahmed laisse orphelin so ...\" \/>\n<meta name=\"robots\" content=\"index, follow, max-snippet:-1, max-image-preview:large, max-video-preview:-1\" \/>\n<link rel=\"canonical\" href=\"https:\/\/www.africa-press.net\/burkina-faso\/toutes-les-actualites\/bechir-ben-yahmed-est-decede-le-magnat-de-la-presse-panafricaine-a-casse-sa-plume\" \/>\n<meta property=\"og:locale\" content=\"fr_FR\" \/>\n<meta property=\"og:type\" content=\"article\" \/>\n<meta property=\"og:title\" content=\"B\u00e9chir Ben Yahmed est d\u00e9c\u00e9d\u00e9 : Le magnat de la presse panafricaine a cass\u00e9 sa plume\" \/>\n<meta property=\"og:description\" content=\"Le fondateur du plus vieux magazine panafricain francophone est d\u00e9c\u00e9d\u00e9 \u00e0 93 ans. B\u00e9chir Ben Yahmed laisse orphelin so ...\" \/>\n<meta property=\"og:url\" content=\"https:\/\/www.africa-press.net\/burkina-faso\/toutes-les-actualites\/bechir-ben-yahmed-est-decede-le-magnat-de-la-presse-panafricaine-a-casse-sa-plume\" \/>\n<meta property=\"og:site_name\" content=\"Burkina Faso\" \/>\n<meta property=\"article:published_time\" content=\"2021-05-05T11:55:06+00:00\" \/>\n<meta property=\"article:modified_time\" content=\"2021-05-05T16:40:49+00:00\" \/>\n<meta property=\"og:image\" content=\"https:\/\/static.africa-press.net\/burkina\/sites\/42\/2021\/05\/img-60927bd42df2b.jpg\" \/>\n\t<meta property=\"og:image:width\" content=\"720\" \/>\n\t<meta property=\"og:image:height\" content=\"360\" \/>\n\t<meta property=\"og:image:type\" content=\"image\/jpeg\" \/>\n<meta name=\"author\" content=\"cfeditorfr\" \/>\n<meta name=\"twitter:card\" content=\"summary_large_image\" \/>\n<meta name=\"twitter:label1\" content=\"\u00c9crit par\" \/>\n\t<meta name=\"twitter:data1\" content=\"cfeditorfr\" \/>\n\t<meta name=\"twitter:label2\" content=\"Dur\u00e9e de lecture estim\u00e9e\" \/>\n\t<meta name=\"twitter:data2\" content=\"5 minutes\" \/>\n<script type=\"application\/ld+json\" class=\"yoast-schema-graph\">{\"@context\":\"https:\/\/schema.org\",\"@graph\":[{\"@type\":\"Article\",\"@id\":\"https:\/\/www.africa-press.net\/burkina-faso\/toutes-les-actualites\/bechir-ben-yahmed-est-decede-le-magnat-de-la-presse-panafricaine-a-casse-sa-plume#article\",\"isPartOf\":{\"@id\":\"https:\/\/www.africa-press.net\/burkina-faso\/toutes-les-actualites\/bechir-ben-yahmed-est-decede-le-magnat-de-la-presse-panafricaine-a-casse-sa-plume\"},\"author\":{\"name\":\"cfeditorfr\",\"@id\":\"https:\/\/www.africa-press.net\/burkina-faso\/#\/schema\/person\/2b1cf3cd81a31e3cd26889ca66d677f1\"},\"headline\":\"B\u00e9chir Ben Yahmed est d\u00e9c\u00e9d\u00e9 : Le magnat de la presse panafricaine a cass\u00e9 sa plume\",\"datePublished\":\"2021-05-05T11:55:06+00:00\",\"dateModified\":\"2021-05-05T16:40:49+00:00\",\"mainEntityOfPage\":{\"@id\":\"https:\/\/www.africa-press.net\/burkina-faso\/toutes-les-actualites\/bechir-ben-yahmed-est-decede-le-magnat-de-la-presse-panafricaine-a-casse-sa-plume\"},\"wordCount\":1099,\"commentCount\":0,\"image\":{\"@id\":\"https:\/\/www.africa-press.net\/burkina-faso\/toutes-les-actualites\/bechir-ben-yahmed-est-decede-le-magnat-de-la-presse-panafricaine-a-casse-sa-plume#primaryimage\"},\"thumbnailUrl\":\"https:\/\/static.africa-press.net\/burkina\/sites\/42\/2021\/05\/img-60927bd42df2b.jpg\",\"keywords\":[\"Africa Press\",\"Africa Press-Burkina Faso\",\"Burkina Faso\"],\"articleSection\":[\"Divers\",\"homepage-french\",\"Toutes les actualit\u00e9s\"],\"inLanguage\":\"fr-FR\",\"potentialAction\":[{\"@type\":\"CommentAction\",\"name\":\"Comment\",\"target\":[\"https:\/\/www.africa-press.net\/burkina-faso\/toutes-les-actualites\/bechir-ben-yahmed-est-decede-le-magnat-de-la-presse-panafricaine-a-casse-sa-plume#respond\"]}]},{\"@type\":\"WebPage\",\"@id\":\"https:\/\/www.africa-press.net\/burkina-faso\/toutes-les-actualites\/bechir-ben-yahmed-est-decede-le-magnat-de-la-presse-panafricaine-a-casse-sa-plume\",\"url\":\"https:\/\/www.africa-press.net\/burkina-faso\/toutes-les-actualites\/bechir-ben-yahmed-est-decede-le-magnat-de-la-presse-panafricaine-a-casse-sa-plume\",\"name\":\"B\u00e9chir Ben Yahmed est d\u00e9c\u00e9d\u00e9 : Le magnat de la presse panafricaine a cass\u00e9 sa plume - Burkina Faso\",\"isPartOf\":{\"@id\":\"https:\/\/www.africa-press.net\/burkina-faso\/#website\"},\"primaryImageOfPage\":{\"@id\":\"https:\/\/www.africa-press.net\/burkina-faso\/toutes-les-actualites\/bechir-ben-yahmed-est-decede-le-magnat-de-la-presse-panafricaine-a-casse-sa-plume#primaryimage\"},\"image\":{\"@id\":\"https:\/\/www.africa-press.net\/burkina-faso\/toutes-les-actualites\/bechir-ben-yahmed-est-decede-le-magnat-de-la-presse-panafricaine-a-casse-sa-plume#primaryimage\"},\"thumbnailUrl\":\"https:\/\/static.africa-press.net\/burkina\/sites\/42\/2021\/05\/img-60927bd42df2b.jpg\",\"datePublished\":\"2021-05-05T11:55:06+00:00\",\"dateModified\":\"2021-05-05T16:40:49+00:00\",\"author\":{\"@id\":\"https:\/\/www.africa-press.net\/burkina-faso\/#\/schema\/person\/2b1cf3cd81a31e3cd26889ca66d677f1\"},\"description\":\"Le fondateur du plus vieux magazine panafricain francophone est d\u00e9c\u00e9d\u00e9 \u00e0 93 ans. B\u00e9chir Ben Yahmed laisse orphelin so ...\",\"breadcrumb\":{\"@id\":\"https:\/\/www.africa-press.net\/burkina-faso\/toutes-les-actualites\/bechir-ben-yahmed-est-decede-le-magnat-de-la-presse-panafricaine-a-casse-sa-plume#breadcrumb\"},\"inLanguage\":\"fr-FR\",\"potentialAction\":[{\"@type\":\"ReadAction\",\"target\":[\"https:\/\/www.africa-press.net\/burkina-faso\/toutes-les-actualites\/bechir-ben-yahmed-est-decede-le-magnat-de-la-presse-panafricaine-a-casse-sa-plume\"]}]},{\"@type\":\"ImageObject\",\"inLanguage\":\"fr-FR\",\"@id\":\"https:\/\/www.africa-press.net\/burkina-faso\/toutes-les-actualites\/bechir-ben-yahmed-est-decede-le-magnat-de-la-presse-panafricaine-a-casse-sa-plume#primaryimage\",\"url\":\"https:\/\/static.africa-press.net\/burkina\/sites\/42\/2021\/05\/img-60927bd42df2b.jpg\",\"contentUrl\":\"https:\/\/static.africa-press.net\/burkina\/sites\/42\/2021\/05\/img-60927bd42df2b.jpg\",\"width\":720,\"height\":360,\"caption\":\"B\u00e9chir Ben Yahmed est d\u00e9c\u00e9d\u00e9 : Le magnat de la presse panafricaine a cass\u00e9 sa plume\"},{\"@type\":\"BreadcrumbList\",\"@id\":\"https:\/\/www.africa-press.net\/burkina-faso\/toutes-les-actualites\/bechir-ben-yahmed-est-decede-le-magnat-de-la-presse-panafricaine-a-casse-sa-plume#breadcrumb\",\"itemListElement\":[{\"@type\":\"ListItem\",\"position\":1,\"name\":\"Accueil\",\"item\":\"https:\/\/www.africa-press.net\/burkina-faso\/\"},{\"@type\":\"ListItem\",\"position\":2,\"name\":\"B\u00e9chir Ben Yahmed est d\u00e9c\u00e9d\u00e9 : Le magnat de la presse panafricaine a cass\u00e9 sa plume\"}]},{\"@type\":\"WebSite\",\"@id\":\"https:\/\/www.africa-press.net\/burkina-faso\/#website\",\"url\":\"https:\/\/www.africa-press.net\/burkina-faso\/\",\"name\":\"Burkina Faso\",\"description\":\"Just another Africa News Agency Sites site\",\"potentialAction\":[{\"@type\":\"SearchAction\",\"target\":{\"@type\":\"EntryPoint\",\"urlTemplate\":\"https:\/\/www.africa-press.net\/burkina-faso\/?s={search_term_string}\"},\"query-input\":{\"@type\":\"PropertyValueSpecification\",\"valueRequired\":true,\"valueName\":\"search_term_string\"}}],\"inLanguage\":\"fr-FR\"},{\"@type\":\"Person\",\"@id\":\"https:\/\/www.africa-press.net\/burkina-faso\/#\/schema\/person\/2b1cf3cd81a31e3cd26889ca66d677f1\",\"name\":\"cfeditorfr\"}]}<\/script>\n<!-- \/ Yoast SEO Premium plugin. -->","yoast_head_json":{"title":"B\u00e9chir Ben Yahmed est d\u00e9c\u00e9d\u00e9 : Le magnat de la presse panafricaine a cass\u00e9 sa plume - Burkina Faso","description":"Le fondateur du plus vieux magazine panafricain francophone est d\u00e9c\u00e9d\u00e9 \u00e0 93 ans. B\u00e9chir Ben Yahmed laisse orphelin so ...","robots":{"index":"index","follow":"follow","max-snippet":"max-snippet:-1","max-image-preview":"max-image-preview:large","max-video-preview":"max-video-preview:-1"},"canonical":"https:\/\/www.africa-press.net\/burkina-faso\/toutes-les-actualites\/bechir-ben-yahmed-est-decede-le-magnat-de-la-presse-panafricaine-a-casse-sa-plume","og_locale":"fr_FR","og_type":"article","og_title":"B\u00e9chir Ben Yahmed est d\u00e9c\u00e9d\u00e9 : Le magnat de la presse panafricaine a cass\u00e9 sa plume","og_description":"Le fondateur du plus vieux magazine panafricain francophone est d\u00e9c\u00e9d\u00e9 \u00e0 93 ans. B\u00e9chir Ben Yahmed laisse orphelin so ...","og_url":"https:\/\/www.africa-press.net\/burkina-faso\/toutes-les-actualites\/bechir-ben-yahmed-est-decede-le-magnat-de-la-presse-panafricaine-a-casse-sa-plume","og_site_name":"Burkina Faso","article_published_time":"2021-05-05T11:55:06+00:00","article_modified_time":"2021-05-05T16:40:49+00:00","og_image":[{"width":720,"height":360,"url":"https:\/\/static.africa-press.net\/burkina\/sites\/42\/2021\/05\/img-60927bd42df2b.jpg","type":"image\/jpeg"}],"author":"cfeditorfr","twitter_card":"summary_large_image","twitter_misc":{"\u00c9crit par":"cfeditorfr","Dur\u00e9e de lecture estim\u00e9e":"5 minutes"},"schema":{"@context":"https:\/\/schema.org","@graph":[{"@type":"Article","@id":"https:\/\/www.africa-press.net\/burkina-faso\/toutes-les-actualites\/bechir-ben-yahmed-est-decede-le-magnat-de-la-presse-panafricaine-a-casse-sa-plume#article","isPartOf":{"@id":"https:\/\/www.africa-press.net\/burkina-faso\/toutes-les-actualites\/bechir-ben-yahmed-est-decede-le-magnat-de-la-presse-panafricaine-a-casse-sa-plume"},"author":{"name":"cfeditorfr","@id":"https:\/\/www.africa-press.net\/burkina-faso\/#\/schema\/person\/2b1cf3cd81a31e3cd26889ca66d677f1"},"headline":"B\u00e9chir Ben Yahmed est d\u00e9c\u00e9d\u00e9 : Le magnat de la presse panafricaine a cass\u00e9 sa plume","datePublished":"2021-05-05T11:55:06+00:00","dateModified":"2021-05-05T16:40:49+00:00","mainEntityOfPage":{"@id":"https:\/\/www.africa-press.net\/burkina-faso\/toutes-les-actualites\/bechir-ben-yahmed-est-decede-le-magnat-de-la-presse-panafricaine-a-casse-sa-plume"},"wordCount":1099,"commentCount":0,"image":{"@id":"https:\/\/www.africa-press.net\/burkina-faso\/toutes-les-actualites\/bechir-ben-yahmed-est-decede-le-magnat-de-la-presse-panafricaine-a-casse-sa-plume#primaryimage"},"thumbnailUrl":"https:\/\/static.africa-press.net\/burkina\/sites\/42\/2021\/05\/img-60927bd42df2b.jpg","keywords":["Africa Press","Africa Press-Burkina Faso","Burkina Faso"],"articleSection":["Divers","homepage-french","Toutes les actualit\u00e9s"],"inLanguage":"fr-FR","potentialAction":[{"@type":"CommentAction","name":"Comment","target":["https:\/\/www.africa-press.net\/burkina-faso\/toutes-les-actualites\/bechir-ben-yahmed-est-decede-le-magnat-de-la-presse-panafricaine-a-casse-sa-plume#respond"]}]},{"@type":"WebPage","@id":"https:\/\/www.africa-press.net\/burkina-faso\/toutes-les-actualites\/bechir-ben-yahmed-est-decede-le-magnat-de-la-presse-panafricaine-a-casse-sa-plume","url":"https:\/\/www.africa-press.net\/burkina-faso\/toutes-les-actualites\/bechir-ben-yahmed-est-decede-le-magnat-de-la-presse-panafricaine-a-casse-sa-plume","name":"B\u00e9chir Ben Yahmed est d\u00e9c\u00e9d\u00e9 : Le magnat de la presse panafricaine a cass\u00e9 sa plume - Burkina Faso","isPartOf":{"@id":"https:\/\/www.africa-press.net\/burkina-faso\/#website"},"primaryImageOfPage":{"@id":"https:\/\/www.africa-press.net\/burkina-faso\/toutes-les-actualites\/bechir-ben-yahmed-est-decede-le-magnat-de-la-presse-panafricaine-a-casse-sa-plume#primaryimage"},"image":{"@id":"https:\/\/www.africa-press.net\/burkina-faso\/toutes-les-actualites\/bechir-ben-yahmed-est-decede-le-magnat-de-la-presse-panafricaine-a-casse-sa-plume#primaryimage"},"thumbnailUrl":"https:\/\/static.africa-press.net\/burkina\/sites\/42\/2021\/05\/img-60927bd42df2b.jpg","datePublished":"2021-05-05T11:55:06+00:00","dateModified":"2021-05-05T16:40:49+00:00","author":{"@id":"https:\/\/www.africa-press.net\/burkina-faso\/#\/schema\/person\/2b1cf3cd81a31e3cd26889ca66d677f1"},"description":"Le fondateur du plus vieux magazine panafricain francophone est d\u00e9c\u00e9d\u00e9 \u00e0 93 ans. B\u00e9chir Ben Yahmed laisse orphelin so ...","breadcrumb":{"@id":"https:\/\/www.africa-press.net\/burkina-faso\/toutes-les-actualites\/bechir-ben-yahmed-est-decede-le-magnat-de-la-presse-panafricaine-a-casse-sa-plume#breadcrumb"},"inLanguage":"fr-FR","potentialAction":[{"@type":"ReadAction","target":["https:\/\/www.africa-press.net\/burkina-faso\/toutes-les-actualites\/bechir-ben-yahmed-est-decede-le-magnat-de-la-presse-panafricaine-a-casse-sa-plume"]}]},{"@type":"ImageObject","inLanguage":"fr-FR","@id":"https:\/\/www.africa-press.net\/burkina-faso\/toutes-les-actualites\/bechir-ben-yahmed-est-decede-le-magnat-de-la-presse-panafricaine-a-casse-sa-plume#primaryimage","url":"https:\/\/static.africa-press.net\/burkina\/sites\/42\/2021\/05\/img-60927bd42df2b.jpg","contentUrl":"https:\/\/static.africa-press.net\/burkina\/sites\/42\/2021\/05\/img-60927bd42df2b.jpg","width":720,"height":360,"caption":"B\u00e9chir Ben Yahmed est d\u00e9c\u00e9d\u00e9 : Le magnat de la presse panafricaine a cass\u00e9 sa plume"},{"@type":"BreadcrumbList","@id":"https:\/\/www.africa-press.net\/burkina-faso\/toutes-les-actualites\/bechir-ben-yahmed-est-decede-le-magnat-de-la-presse-panafricaine-a-casse-sa-plume#breadcrumb","itemListElement":[{"@type":"ListItem","position":1,"name":"Accueil","item":"https:\/\/www.africa-press.net\/burkina-faso\/"},{"@type":"ListItem","position":2,"name":"B\u00e9chir Ben Yahmed est d\u00e9c\u00e9d\u00e9 : Le magnat de la presse panafricaine a cass\u00e9 sa plume"}]},{"@type":"WebSite","@id":"https:\/\/www.africa-press.net\/burkina-faso\/#website","url":"https:\/\/www.africa-press.net\/burkina-faso\/","name":"Burkina Faso","description":"Just another Africa News Agency Sites site","potentialAction":[{"@type":"SearchAction","target":{"@type":"EntryPoint","urlTemplate":"https:\/\/www.africa-press.net\/burkina-faso\/?s={search_term_string}"},"query-input":{"@type":"PropertyValueSpecification","valueRequired":true,"valueName":"search_term_string"}}],"inLanguage":"fr-FR"},{"@type":"Person","@id":"https:\/\/www.africa-press.net\/burkina-faso\/#\/schema\/person\/2b1cf3cd81a31e3cd26889ca66d677f1","name":"cfeditorfr"}]}},"_links":{"self":[{"href":"https:\/\/www.africa-press.net\/burkina-faso\/wp-json\/wp\/v2\/posts\/11156","targetHints":{"allow":["GET"]}}],"collection":[{"href":"https:\/\/www.africa-press.net\/burkina-faso\/wp-json\/wp\/v2\/posts"}],"about":[{"href":"https:\/\/www.africa-press.net\/burkina-faso\/wp-json\/wp\/v2\/types\/post"}],"author":[{"embeddable":true,"href":"https:\/\/www.africa-press.net\/burkina-faso\/wp-json\/wp\/v2\/users\/82"}],"replies":[{"embeddable":true,"href":"https:\/\/www.africa-press.net\/burkina-faso\/wp-json\/wp\/v2\/comments?post=11156"}],"version-history":[{"count":0,"href":"https:\/\/www.africa-press.net\/burkina-faso\/wp-json\/wp\/v2\/posts\/11156\/revisions"}],"wp:featuredmedia":[{"embeddable":true,"href":"https:\/\/www.africa-press.net\/burkina-faso\/wp-json\/wp\/v2\/media\/11155"}],"wp:attachment":[{"href":"https:\/\/www.africa-press.net\/burkina-faso\/wp-json\/wp\/v2\/media?parent=11156"}],"wp:term":[{"taxonomy":"category","embeddable":true,"href":"https:\/\/www.africa-press.net\/burkina-faso\/wp-json\/wp\/v2\/categories?post=11156"},{"taxonomy":"post_tag","embeddable":true,"href":"https:\/\/www.africa-press.net\/burkina-faso\/wp-json\/wp\/v2\/tags?post=11156"}],"curies":[{"name":"wp","href":"https:\/\/api.w.org\/{rel}","templated":true}]}}