{"id":11177,"date":"2021-05-05T12:52:33","date_gmt":"2021-05-05T12:52:33","guid":{"rendered":"https:\/\/www.africa-press.net\/burkina-faso\/?p=11177"},"modified":"2021-05-05T16:42:08","modified_gmt":"2021-05-05T16:42:08","slug":"region-de-lest-les-autorites-ne-nous-ont-pas-demande-de-surseoir-a-notre-manifestation-selon-emmanuel-ouoba-coordonnateur-de-u-gulmu-fi","status":"publish","type":"post","link":"https:\/\/www.africa-press.net\/burkina-faso\/politique\/region-de-lest-les-autorites-ne-nous-ont-pas-demande-de-surseoir-a-notre-manifestation-selon-emmanuel-ouoba-coordonnateur-de-u-gulmu-fi","title":{"rendered":"R\u00e9gion de l\u2019Est : \u00ab Les autorit\u00e9s ne nous ont pas demand\u00e9 de surseoir \u00e0 notre manifestation \u00bb, selon Emmanuel Ouoba, coordonnateur de \u00ab U Gulmu Fi \u00bb"},"content":{"rendered":"<p><span style=\"color: #ff6600\"><strong><a href=\"https:\/\/www.africa-press.net\/\">Africa-Press<\/a> &#8211; <a href=\"https:\/\/www.africa-press.net\/burkina-faso\">Burkina Faso<\/a>. <\/strong><\/span><b>Le samedi 24 avril 2021, la r\u00e9gion de l\u2019Est \u00ab s\u2019est r\u00e9veill\u00e9e \u00bb pour son d\u00e9veloppement. A l\u2019appel du mouvement \u00ab U Gulmu Fi \u00bb, plusieurs ressortissants de cette r\u00e9gion se sont mobilis\u00e9s \u00e0 Fada N\u2019Gourma pour d\u00e9noncer la non-prise en compte de leurs souffrances. Dans cet entretien, le coordonnateur de \u00ab U Gulmu Fi \u00bb, Emmanuel Ouoba, revient sur la marche et jette les perspectives.<\/b><\/p>\n<p><b> : Rappelez-nous la date de la cr\u00e9ation du Mouvement \u00ab U Gulmu Fi \u00bb et les principales revendications.<\/b><\/p>\n<p>Emmanuel Ouoba : Apr\u00e8s plusieurs tractations, le mouvement \u00ab U Gulmu Fi \u00bb a \u00e9t\u00e9 port\u00e9 sur les fonts baptismaux le 10 avril 2021 \u00e0 travers l\u2019assembl\u00e9e g\u00e9n\u00e9rale des structures qui a adopt\u00e9 une feuille de route assortie de la plateforme revendicative. Cette plateforme s\u2019articule principalement autour de quatre axes. Il faut noter que c\u2019est une plateforme minimale qui a voulu tout simplement se limiter aux questions urgentes du moment. Il s\u2019agit d\u2019abord de la question s\u00e9curitaire.<\/p>\n<p>A ce niveau, le mouvement demande la garantie effective de la s\u00e9curit\u00e9 des personnes et de leurs biens. Ensuite, le mouvement demande la prise en charge ad\u00e9quate des d\u00e9plac\u00e9s internes au niveau de la r\u00e9gion de l\u2019Est, parce que c\u2019est vrai qu\u2019il n\u2019y a pas un camp de d\u00e9plac\u00e9s internes, mais tout de m\u00eame, il y a des d\u00e9plac\u00e9s internes dans la r\u00e9gion, principalement dans les p\u00e9riph\u00e9ries de Fada N\u2019Gourma, qui vivent dans des conditions difficiles, surtout en termes de ravitaillement en eau potable, d\u2019alimentation, d\u2019abris et d\u2019\u00e9ducation d\u2019enfants.<\/p>\n<p>\u00c7a fait deux ans que ces personnes sont dans ces conditions et les enfants ne vont pas \u00e0 l\u2019\u00e9cole. Nous demandons au gouvernement d\u2019avoir un meilleur regard sur la situation de ces personnes afin d\u2019y apporter la solution. Le dernier aspect de la situation s\u00e9curitaire, c\u2019est la s\u00e9curisation des ressources pastorales et des espaces pastoraux, conform\u00e9ment aux l\u00e9gislations en vigueur. Il faut le dire, parfois aussi il y a des conflits qui naissent du fait de ces ressources pastorales. Nous pensons que s\u2019il y a une bonne politique \u00e0 ce niveau, cela pourrait \u00e9viter ces tensions et amener davantage de coh\u00e9sion et davantage de s\u00e9curit\u00e9 dans la r\u00e9gion.<\/p>\n<p>Le deuxi\u00e8me axe de la plateforme concerne le r\u00e9seau routier. Aujourd\u2019hui dans la r\u00e9gion de l\u2019Est, le r\u00e9seau est quasi-inexistant parce que les voies bitum\u00e9es sont en \u00e9tat de d\u00e9labrement termin\u00e9 ; il n\u2019y a pratiquement plus de bitume. C\u2019est ce qui nous a pouss\u00e9s \u00e0 inscrire cette question dans la plateforme pour demander aux autorit\u00e9s la r\u00e9habilitation effective des voies et leur entretien courant et r\u00e9gulier. Et tout cela, il faut un travail de qualit\u00e9.<\/p>\n<p>Le troisi\u00e8me axe est li\u00e9 \u00e0 la sant\u00e9. Le Centre hospitalier r\u00e9gional (CHR) de Fada N\u2019Gourma, qui est quand m\u00eame le centre de r\u00e9f\u00e9rence de la r\u00e9gion, est malheureusement souffrant actuellement. Une souffrance li\u00e9e \u00e0 la v\u00e9tust\u00e9 du b\u00e2timent, au manque d\u2019infrastructures. Si vous partez dans la maternit\u00e9 du CHR, vous trouverez par moments des femmes avec leurs b\u00e9b\u00e9s dans le couloir ; cela n\u2019est pas acceptable. Si vous partez \u00e0 la p\u00e9diatrie, vous assisterez \u00e0 la m\u00eame sc\u00e8ne, des enfants couch\u00e9s sur des nattes parce qu\u2019il y a un manque de lits. Les autorit\u00e9s doivent apporter un changement \u00e0 ce niveau.<\/p>\n<p><b>Lire aussi<\/b><\/p>\n<p>Burkina : Le Mouvement \u00ab U Gulmu fi \u00bb sonne la mobilisation des populations pour faire bouger les lignes dans la r\u00e9gion de l\u2019Est C\u2019est pourquoi, le mouvement demande le d\u00e9marrage effectif de la construction du nouveau CHR, qui est d\u2019ailleurs un CHU (Centre hospitalier universitaire), car il y a longtemps qu\u2019on nous parle de cela. Au-del\u00e0 du manque d\u2019infrastructures, le CHR souffre d\u2019un manque de personnel. En attendant la construction du nouveau CHR, il est souhaitable que des ressources humaines soient trouv\u00e9es pour que ce qui est d\u00e9j\u00e0 l\u00e0 puisse fonctionner. Le CHR souffre \u00e9galement de manque de mat\u00e9riel. A ce niveau, il y a m\u00eame un probl\u00e8me de groupe \u00e9lectrog\u00e8ne.<\/p>\n<p>Celui qui existe conna\u00eet des pannes r\u00e9currentes, alors que ce groupe est cens\u00e9 supplier les d\u00e9lestages de la SONABEL, qui ne sont pas rares non plus. Le mat\u00e9riel m\u00e9dico-technique manque dans beaucoup de services du CHR. En plus de toutes ces insuffisances, il y a une situation inimaginable dans ce CHR de Fada N\u2019Gourma. Il y a au moins deux ans de cela que des travaux d\u2019extension ont \u00e9t\u00e9 entrepris. Malheureusement, juste apr\u00e8s la fondation, les travaux ont \u00e9t\u00e9 abandonn\u00e9s. Pendant la saison pluvieuse, les eaux stagnent dans les trous et deviennent des marais o\u00f9 pullulent \u00e0 souhait les moustiques.<\/p>\n<p>Le dernier axe de la plateforme revendicative, c\u2019est l\u2019exploitation du phosphate de Koutchari, un village de la commune Tansarga, dans la province de la Tapoa. Depuis 1978, il y a un gisement de phosphate qui est exploit\u00e9 dans ce village. Malheureusement, depuis tant de d\u00e9cennies, ce gisement n\u2019a pas de retomb\u00e9es concr\u00e8tes et substantielles pour les populations riveraines, puisqu\u2019il n\u2019y a eu aucun investissement li\u00e9 \u00e0 l\u2019exploitation de ce phosphate. Voil\u00e0 pourquoi le mouvement demande que des mesures soient prises.<\/p>\n<p><b>Une marche annonc\u00e9e en grande pompe qui a finalement tenu ses promesses. Quel bilan pouvez-vous dresser de cette action ?<\/b><\/p>\n<p>La manifestation a tenu ses promesses si bien qu\u2019en termes de bilan, nous avons une appr\u00e9ciation positive, un sentiment de satisfaction. La marche a connu une forte mobilisation ; les gens \u00e9taient venus de partout, au-del\u00e0 de la r\u00e9gion. Mieux, au-del\u00e0 du pays, les gens sont venus du B\u00e9nin, du Togo, du Niger et m\u00eame d\u2019Europe pour y prendre part. \u00c7a, c\u2019est un premier \u00e9l\u00e9ment de satisfaction. Ensuite, le deuxi\u00e8me motif, c\u2019est le fait que la marche s\u2019est bien d\u00e9roul\u00e9e, sans heurt. Avant la marche, certains nous pr\u00eataient des intentions de violence.<\/p>\n<p>Cette marche pacifique montre que la population adh\u00e8re \u00e0 la plateforme du mouvement. Cela montre aussi la confiance que la population accorde au mouvement.<\/p>\n<p><b>Avez-vous eu des difficult\u00e9s qui ont failli annuler la marche ? Lesquelles ?<\/b><\/p>\n<p>Pas v\u00e9ritablement. Mais il y a eu quand m\u00eame quelques perturbations dans la pr\u00e9paration de la manifestation. Le fait que les gens pensent que c\u2019est une r\u00e9volte, cela nous a pouss\u00e9s \u00e0 approfondir la r\u00e9flexion et \u00e0 prendre davantage de pr\u00e9cautions pour que l\u2019activit\u00e9 puisse bien se d\u00e9rouler. Au-del\u00e0 de ces insinuations, nous avons rencontr\u00e9 le chef de l\u2019Etat, aux derniers jours avant la marche. Cette rencontre a contribu\u00e9 \u00e0 semer le doute sur le maintien de l\u2019activit\u00e9, car des rumeurs circulaient sur l\u2019annulation de l\u2019activit\u00e9.<\/p>\n<p><b>A quelques jours de la marche, des autorit\u00e9s dont le pr\u00e9sident du Faso vous ont accord\u00e9 des audiences. Malgr\u00e9 toutes ces rencontres, la marche a eu lieu. Qu\u2019est-ce qui n\u2019a pas march\u00e9 ?<\/b><\/p>\n<p>En effet, il y a eu des audiences avec des autorit\u00e9s, en occurrence le ministre des Infrastructures, qui a effectu\u00e9 un d\u00e9placement \u00e0 Fada N\u2019Gourma pour nous expliquer que les travaux avaient d\u00e9j\u00e0 d\u00e9marr\u00e9. Nous l\u2019avons simplement \u00e9cout\u00e9 et remerci\u00e9. Dans tous les cas, ce n\u2019\u00e9tait pas la premi\u00e8re fois que le ministre \u00c9ric Bougouma se d\u00e9pla\u00e7ait \u00e0 Fada N\u2019Gourma pour cette question de route.<\/p>\n<p>Nous avons eu aussi l\u2019honneur de rencontrer le chef de l\u2019Etat, qui a effectivement \u00e9cout\u00e9 nos dol\u00e9ances et reconnu leur pertinence. Maintenant, vous nous demandez qu\u2019est-ce qui n\u2019a pas march\u00e9 pour que la marche soit maintenue. D\u2019abord, je voudrais dire que les autorit\u00e9s ne nous ont pas demand\u00e9 de surseoir \u00e0 notre manifestation. Et dans tous les cas, au regard du timing de la rencontre avec le chef de l\u2019Etat, il \u00e9tait difficile, car c\u2019\u00e9tait \u00e0 deux jours de la manifestation.<\/p>\n<p>La question du temps et la ferveur sur le terrain ne permettaient pas d\u2019annuler cette manifestation. Et Dieu merci, la manifestation a eu lieu. C\u2019\u00e9tait une occasion d\u2019expliquer aux manifestants ce qu\u2019il y a eu comme \u00e9l\u00e9ments de r\u00e9ponse du chef de l\u2019Etat.<\/p>\n<p><b>A en croire vos communiqu\u00e9s, la marche du 24 avril fut un succ\u00e8s. Quelle est la prochaine \u00e9tape, si rien n\u2019est fait ?<\/b><\/p>\n<p>Ce ne sont pas nos communiqu\u00e9s. Il y a eu pas moins de 5 000 manifestants \u00e0 Fada N\u2019Gourma, m\u00eame les m\u00e9dias qui ont couvert l\u2019\u00e9v\u00e9nement ont reconnu unanimement le succ\u00e8s de la manifestation.<\/p>\n<p>Qu\u2019est-ce que nous allons faire d\u2019ici l\u00e0, si rien n\u2019est fait ? Nous sommes optimistes, nous osons croire que quelque chose de concret et substantiel sera fait par les autorit\u00e9s. Actuellement, on peut parler d\u2019un d\u00e9but positif en ce sens que nous avons demand\u00e9 la suspension de la taxe de p\u00e9age sur les routes de l\u2019Est.<\/p>\n<p>A l\u2019heure-l\u00e0, les postes de p\u00e9age sont ferm\u00e9s. Pour la question de la sant\u00e9, le pr\u00e9sident du Faso a promis que le ministre de la Sant\u00e9 serait \u00e0 Fada N\u2019Gourma. Finalement, il est venu et nous osons croire qu\u2019il ne va pas tarder \u00e0 nous pr\u00e9senter ce qu\u2019il a comme th\u00e9rapie par rapport au CHR, en attendant la construction du nouveau CHU. C\u2019est notre esp\u00e9rance afin de ne pas encore marcher par rapport \u00e0 ces questions. Mais si rien n\u2019est fait, le mouvement va se r\u00e9unir avec les structures membres pour appr\u00e9cier la situation sur le terrain et une d\u00e9cision sera prise par rapport \u00e0 ce qu\u2019il conviendra de faire comme action sur le terrain.<\/p>\n<p><b>Propos recueillis par Cryspin Laoundiki<br \/>\n<\/b><\/p>\n","protected":false},"excerpt":{"rendered":"<p>Africa-Press &#8211; Burkina Faso. Le samedi 24 avril 2021, la r\u00e9gion de l\u2019Est \u00ab s\u2019est r\u00e9veill\u00e9e \u00bb pour son d\u00e9veloppement. A l\u2019appel du mouvement \u00ab U Gulmu Fi \u00bb, plusieurs ressortissants de cette r\u00e9gion se sont mobilis\u00e9s \u00e0 Fada N\u2019Gourma pour d\u00e9noncer la non-prise en compte de leurs souffrances. Dans cet entretien, le coordonnateur de [&hellip;]<\/p>\n","protected":false},"author":82,"featured_media":11176,"comment_status":"open","ping_status":"closed","sticky":false,"template":"","format":"standard","meta":{"footnotes":""},"categories":[11,2,10],"tags":[111,725,29],"class_list":["post-11177","post","type-post","status-publish","format-standard","has-post-thumbnail","hentry","category-homepage-french","category-politique","category-toutes-les-actualites","tag-africa-press","tag-africa-press-burkina-faso","tag-burkina-faso"],"yoast_head":"<!-- This site is optimized with the Yoast SEO Premium plugin v26.1 (Yoast SEO v27.0) - https:\/\/yoast.com\/product\/yoast-seo-premium-wordpress\/ -->\n<title>R\u00e9gion de l\u2019Est : \u00ab Les autorit\u00e9s ne nous ont pas demand\u00e9 de surseoir \u00e0 notre manifestation \u00bb, selon Emmanuel Ouoba, coordonnateur de \u00ab U Gulmu Fi \u00bb - Burkina Faso<\/title>\n<meta name=\"robots\" content=\"index, follow, max-snippet:-1, max-image-preview:large, max-video-preview:-1\" \/>\n<link rel=\"canonical\" href=\"https:\/\/www.africa-press.net\/burkina-faso\/politique\/region-de-lest-les-autorites-ne-nous-ont-pas-demande-de-surseoir-a-notre-manifestation-selon-emmanuel-ouoba-coordonnateur-de-u-gulmu-fi\" \/>\n<meta property=\"og:locale\" content=\"fr_FR\" \/>\n<meta property=\"og:type\" content=\"article\" \/>\n<meta property=\"og:title\" content=\"R\u00e9gion de l\u2019Est : \u00ab Les autorit\u00e9s ne nous ont pas demand\u00e9 de surseoir \u00e0 notre manifestation \u00bb, selon Emmanuel Ouoba, coordonnateur de \u00ab U Gulmu Fi \u00bb\" \/>\n<meta property=\"og:description\" content=\"Africa-Press &#8211; Burkina Faso. Le samedi 24 avril 2021, la r\u00e9gion de l\u2019Est \u00ab s\u2019est r\u00e9veill\u00e9e \u00bb pour son d\u00e9veloppement. A l\u2019appel du mouvement \u00ab U Gulmu Fi \u00bb, plusieurs ressortissants de cette r\u00e9gion se sont mobilis\u00e9s \u00e0 Fada N\u2019Gourma pour d\u00e9noncer la non-prise en compte de leurs souffrances. Dans cet entretien, le coordonnateur de [&hellip;]\" \/>\n<meta property=\"og:url\" content=\"https:\/\/www.africa-press.net\/burkina-faso\/politique\/region-de-lest-les-autorites-ne-nous-ont-pas-demande-de-surseoir-a-notre-manifestation-selon-emmanuel-ouoba-coordonnateur-de-u-gulmu-fi\" \/>\n<meta property=\"og:site_name\" content=\"Burkina Faso\" \/>\n<meta property=\"article:published_time\" content=\"2021-05-05T12:52:33+00:00\" \/>\n<meta property=\"article:modified_time\" content=\"2021-05-05T16:42:08+00:00\" \/>\n<meta property=\"og:image\" content=\"https:\/\/static.africa-press.net\/burkina\/sites\/42\/2021\/05\/img-60927d92e89f5.jpg\" \/>\n\t<meta property=\"og:image:width\" content=\"720\" \/>\n\t<meta property=\"og:image:height\" content=\"658\" \/>\n\t<meta property=\"og:image:type\" content=\"image\/jpeg\" \/>\n<meta name=\"author\" content=\"cfeditorfr\" \/>\n<meta name=\"twitter:card\" content=\"summary_large_image\" \/>\n<meta name=\"twitter:label1\" content=\"\u00c9crit par\" \/>\n\t<meta name=\"twitter:data1\" content=\"cfeditorfr\" \/>\n\t<meta name=\"twitter:label2\" content=\"Dur\u00e9e de lecture estim\u00e9e\" \/>\n\t<meta name=\"twitter:data2\" content=\"8 minutes\" \/>\n<script type=\"application\/ld+json\" class=\"yoast-schema-graph\">{\"@context\":\"https:\/\/schema.org\",\"@graph\":[{\"@type\":\"Article\",\"@id\":\"https:\/\/www.africa-press.net\/burkina-faso\/politique\/region-de-lest-les-autorites-ne-nous-ont-pas-demande-de-surseoir-a-notre-manifestation-selon-emmanuel-ouoba-coordonnateur-de-u-gulmu-fi#article\",\"isPartOf\":{\"@id\":\"https:\/\/www.africa-press.net\/burkina-faso\/politique\/region-de-lest-les-autorites-ne-nous-ont-pas-demande-de-surseoir-a-notre-manifestation-selon-emmanuel-ouoba-coordonnateur-de-u-gulmu-fi\"},\"author\":{\"name\":\"cfeditorfr\",\"@id\":\"https:\/\/www.africa-press.net\/burkina-faso\/#\/schema\/person\/2b1cf3cd81a31e3cd26889ca66d677f1\"},\"headline\":\"R\u00e9gion de l\u2019Est : \u00ab Les autorit\u00e9s ne nous ont pas demand\u00e9 de surseoir \u00e0 notre manifestation \u00bb, selon Emmanuel Ouoba, coordonnateur de \u00ab U Gulmu Fi \u00bb\",\"datePublished\":\"2021-05-05T12:52:33+00:00\",\"dateModified\":\"2021-05-05T16:42:08+00:00\",\"mainEntityOfPage\":{\"@id\":\"https:\/\/www.africa-press.net\/burkina-faso\/politique\/region-de-lest-les-autorites-ne-nous-ont-pas-demande-de-surseoir-a-notre-manifestation-selon-emmanuel-ouoba-coordonnateur-de-u-gulmu-fi\"},\"wordCount\":1710,\"commentCount\":0,\"image\":{\"@id\":\"https:\/\/www.africa-press.net\/burkina-faso\/politique\/region-de-lest-les-autorites-ne-nous-ont-pas-demande-de-surseoir-a-notre-manifestation-selon-emmanuel-ouoba-coordonnateur-de-u-gulmu-fi#primaryimage\"},\"thumbnailUrl\":\"https:\/\/static.africa-press.net\/burkina\/sites\/42\/2021\/05\/img-60927d92e89f5.jpg\",\"keywords\":[\"Africa Press\",\"Africa Press-Burkina Faso\",\"Burkina Faso\"],\"articleSection\":[\"homepage-french\",\"Politique\",\"Toutes les actualit\u00e9s\"],\"inLanguage\":\"fr-FR\",\"potentialAction\":[{\"@type\":\"CommentAction\",\"name\":\"Comment\",\"target\":[\"https:\/\/www.africa-press.net\/burkina-faso\/politique\/region-de-lest-les-autorites-ne-nous-ont-pas-demande-de-surseoir-a-notre-manifestation-selon-emmanuel-ouoba-coordonnateur-de-u-gulmu-fi#respond\"]}]},{\"@type\":\"WebPage\",\"@id\":\"https:\/\/www.africa-press.net\/burkina-faso\/politique\/region-de-lest-les-autorites-ne-nous-ont-pas-demande-de-surseoir-a-notre-manifestation-selon-emmanuel-ouoba-coordonnateur-de-u-gulmu-fi\",\"url\":\"https:\/\/www.africa-press.net\/burkina-faso\/politique\/region-de-lest-les-autorites-ne-nous-ont-pas-demande-de-surseoir-a-notre-manifestation-selon-emmanuel-ouoba-coordonnateur-de-u-gulmu-fi\",\"name\":\"R\u00e9gion de l\u2019Est : \u00ab Les autorit\u00e9s ne nous ont pas demand\u00e9 de surseoir \u00e0 notre manifestation \u00bb, selon Emmanuel Ouoba, coordonnateur de \u00ab U Gulmu Fi \u00bb - Burkina Faso\",\"isPartOf\":{\"@id\":\"https:\/\/www.africa-press.net\/burkina-faso\/#website\"},\"primaryImageOfPage\":{\"@id\":\"https:\/\/www.africa-press.net\/burkina-faso\/politique\/region-de-lest-les-autorites-ne-nous-ont-pas-demande-de-surseoir-a-notre-manifestation-selon-emmanuel-ouoba-coordonnateur-de-u-gulmu-fi#primaryimage\"},\"image\":{\"@id\":\"https:\/\/www.africa-press.net\/burkina-faso\/politique\/region-de-lest-les-autorites-ne-nous-ont-pas-demande-de-surseoir-a-notre-manifestation-selon-emmanuel-ouoba-coordonnateur-de-u-gulmu-fi#primaryimage\"},\"thumbnailUrl\":\"https:\/\/static.africa-press.net\/burkina\/sites\/42\/2021\/05\/img-60927d92e89f5.jpg\",\"datePublished\":\"2021-05-05T12:52:33+00:00\",\"dateModified\":\"2021-05-05T16:42:08+00:00\",\"author\":{\"@id\":\"https:\/\/www.africa-press.net\/burkina-faso\/#\/schema\/person\/2b1cf3cd81a31e3cd26889ca66d677f1\"},\"breadcrumb\":{\"@id\":\"https:\/\/www.africa-press.net\/burkina-faso\/politique\/region-de-lest-les-autorites-ne-nous-ont-pas-demande-de-surseoir-a-notre-manifestation-selon-emmanuel-ouoba-coordonnateur-de-u-gulmu-fi#breadcrumb\"},\"inLanguage\":\"fr-FR\",\"potentialAction\":[{\"@type\":\"ReadAction\",\"target\":[\"https:\/\/www.africa-press.net\/burkina-faso\/politique\/region-de-lest-les-autorites-ne-nous-ont-pas-demande-de-surseoir-a-notre-manifestation-selon-emmanuel-ouoba-coordonnateur-de-u-gulmu-fi\"]}]},{\"@type\":\"ImageObject\",\"inLanguage\":\"fr-FR\",\"@id\":\"https:\/\/www.africa-press.net\/burkina-faso\/politique\/region-de-lest-les-autorites-ne-nous-ont-pas-demande-de-surseoir-a-notre-manifestation-selon-emmanuel-ouoba-coordonnateur-de-u-gulmu-fi#primaryimage\",\"url\":\"https:\/\/static.africa-press.net\/burkina\/sites\/42\/2021\/05\/img-60927d92e89f5.jpg\",\"contentUrl\":\"https:\/\/static.africa-press.net\/burkina\/sites\/42\/2021\/05\/img-60927d92e89f5.jpg\",\"width\":720,\"height\":658,\"caption\":\"R\u00e9gion de l\u2019Est : \u00ab Les autorit\u00e9s ne nous ont pas demand\u00e9 de surseoir \u00e0 notre manifestation \u00bb, selon Emmanuel Ouoba, coordonnateur de \u00ab U Gulmu Fi \u00bb\"},{\"@type\":\"BreadcrumbList\",\"@id\":\"https:\/\/www.africa-press.net\/burkina-faso\/politique\/region-de-lest-les-autorites-ne-nous-ont-pas-demande-de-surseoir-a-notre-manifestation-selon-emmanuel-ouoba-coordonnateur-de-u-gulmu-fi#breadcrumb\",\"itemListElement\":[{\"@type\":\"ListItem\",\"position\":1,\"name\":\"Accueil\",\"item\":\"https:\/\/www.africa-press.net\/burkina-faso\/\"},{\"@type\":\"ListItem\",\"position\":2,\"name\":\"R\u00e9gion de l\u2019Est : \u00ab Les autorit\u00e9s ne nous ont pas demand\u00e9 de surseoir \u00e0 notre manifestation \u00bb, selon Emmanuel Ouoba, coordonnateur de \u00ab U Gulmu Fi \u00bb\"}]},{\"@type\":\"WebSite\",\"@id\":\"https:\/\/www.africa-press.net\/burkina-faso\/#website\",\"url\":\"https:\/\/www.africa-press.net\/burkina-faso\/\",\"name\":\"Burkina Faso\",\"description\":\"Just another Africa News Agency Sites site\",\"potentialAction\":[{\"@type\":\"SearchAction\",\"target\":{\"@type\":\"EntryPoint\",\"urlTemplate\":\"https:\/\/www.africa-press.net\/burkina-faso\/?s={search_term_string}\"},\"query-input\":{\"@type\":\"PropertyValueSpecification\",\"valueRequired\":true,\"valueName\":\"search_term_string\"}}],\"inLanguage\":\"fr-FR\"},{\"@type\":\"Person\",\"@id\":\"https:\/\/www.africa-press.net\/burkina-faso\/#\/schema\/person\/2b1cf3cd81a31e3cd26889ca66d677f1\",\"name\":\"cfeditorfr\"}]}<\/script>\n<!-- \/ Yoast SEO Premium plugin. -->","yoast_head_json":{"title":"R\u00e9gion de l\u2019Est : \u00ab Les autorit\u00e9s ne nous ont pas demand\u00e9 de surseoir \u00e0 notre manifestation \u00bb, selon Emmanuel Ouoba, coordonnateur de \u00ab U Gulmu Fi \u00bb - Burkina Faso","robots":{"index":"index","follow":"follow","max-snippet":"max-snippet:-1","max-image-preview":"max-image-preview:large","max-video-preview":"max-video-preview:-1"},"canonical":"https:\/\/www.africa-press.net\/burkina-faso\/politique\/region-de-lest-les-autorites-ne-nous-ont-pas-demande-de-surseoir-a-notre-manifestation-selon-emmanuel-ouoba-coordonnateur-de-u-gulmu-fi","og_locale":"fr_FR","og_type":"article","og_title":"R\u00e9gion de l\u2019Est : \u00ab Les autorit\u00e9s ne nous ont pas demand\u00e9 de surseoir \u00e0 notre manifestation \u00bb, selon Emmanuel Ouoba, coordonnateur de \u00ab U Gulmu Fi \u00bb","og_description":"Africa-Press &#8211; Burkina Faso. Le samedi 24 avril 2021, la r\u00e9gion de l\u2019Est \u00ab s\u2019est r\u00e9veill\u00e9e \u00bb pour son d\u00e9veloppement. A l\u2019appel du mouvement \u00ab U Gulmu Fi \u00bb, plusieurs ressortissants de cette r\u00e9gion se sont mobilis\u00e9s \u00e0 Fada N\u2019Gourma pour d\u00e9noncer la non-prise en compte de leurs souffrances. Dans cet entretien, le coordonnateur de [&hellip;]","og_url":"https:\/\/www.africa-press.net\/burkina-faso\/politique\/region-de-lest-les-autorites-ne-nous-ont-pas-demande-de-surseoir-a-notre-manifestation-selon-emmanuel-ouoba-coordonnateur-de-u-gulmu-fi","og_site_name":"Burkina Faso","article_published_time":"2021-05-05T12:52:33+00:00","article_modified_time":"2021-05-05T16:42:08+00:00","og_image":[{"width":720,"height":658,"url":"https:\/\/static.africa-press.net\/burkina\/sites\/42\/2021\/05\/img-60927d92e89f5.jpg","type":"image\/jpeg"}],"author":"cfeditorfr","twitter_card":"summary_large_image","twitter_misc":{"\u00c9crit par":"cfeditorfr","Dur\u00e9e de lecture estim\u00e9e":"8 minutes"},"schema":{"@context":"https:\/\/schema.org","@graph":[{"@type":"Article","@id":"https:\/\/www.africa-press.net\/burkina-faso\/politique\/region-de-lest-les-autorites-ne-nous-ont-pas-demande-de-surseoir-a-notre-manifestation-selon-emmanuel-ouoba-coordonnateur-de-u-gulmu-fi#article","isPartOf":{"@id":"https:\/\/www.africa-press.net\/burkina-faso\/politique\/region-de-lest-les-autorites-ne-nous-ont-pas-demande-de-surseoir-a-notre-manifestation-selon-emmanuel-ouoba-coordonnateur-de-u-gulmu-fi"},"author":{"name":"cfeditorfr","@id":"https:\/\/www.africa-press.net\/burkina-faso\/#\/schema\/person\/2b1cf3cd81a31e3cd26889ca66d677f1"},"headline":"R\u00e9gion de l\u2019Est : \u00ab Les autorit\u00e9s ne nous ont pas demand\u00e9 de surseoir \u00e0 notre manifestation \u00bb, selon Emmanuel Ouoba, coordonnateur de \u00ab U Gulmu Fi \u00bb","datePublished":"2021-05-05T12:52:33+00:00","dateModified":"2021-05-05T16:42:08+00:00","mainEntityOfPage":{"@id":"https:\/\/www.africa-press.net\/burkina-faso\/politique\/region-de-lest-les-autorites-ne-nous-ont-pas-demande-de-surseoir-a-notre-manifestation-selon-emmanuel-ouoba-coordonnateur-de-u-gulmu-fi"},"wordCount":1710,"commentCount":0,"image":{"@id":"https:\/\/www.africa-press.net\/burkina-faso\/politique\/region-de-lest-les-autorites-ne-nous-ont-pas-demande-de-surseoir-a-notre-manifestation-selon-emmanuel-ouoba-coordonnateur-de-u-gulmu-fi#primaryimage"},"thumbnailUrl":"https:\/\/static.africa-press.net\/burkina\/sites\/42\/2021\/05\/img-60927d92e89f5.jpg","keywords":["Africa Press","Africa Press-Burkina Faso","Burkina Faso"],"articleSection":["homepage-french","Politique","Toutes les actualit\u00e9s"],"inLanguage":"fr-FR","potentialAction":[{"@type":"CommentAction","name":"Comment","target":["https:\/\/www.africa-press.net\/burkina-faso\/politique\/region-de-lest-les-autorites-ne-nous-ont-pas-demande-de-surseoir-a-notre-manifestation-selon-emmanuel-ouoba-coordonnateur-de-u-gulmu-fi#respond"]}]},{"@type":"WebPage","@id":"https:\/\/www.africa-press.net\/burkina-faso\/politique\/region-de-lest-les-autorites-ne-nous-ont-pas-demande-de-surseoir-a-notre-manifestation-selon-emmanuel-ouoba-coordonnateur-de-u-gulmu-fi","url":"https:\/\/www.africa-press.net\/burkina-faso\/politique\/region-de-lest-les-autorites-ne-nous-ont-pas-demande-de-surseoir-a-notre-manifestation-selon-emmanuel-ouoba-coordonnateur-de-u-gulmu-fi","name":"R\u00e9gion de l\u2019Est : \u00ab Les autorit\u00e9s ne nous ont pas demand\u00e9 de surseoir \u00e0 notre manifestation \u00bb, selon Emmanuel Ouoba, coordonnateur de \u00ab U Gulmu Fi \u00bb - Burkina Faso","isPartOf":{"@id":"https:\/\/www.africa-press.net\/burkina-faso\/#website"},"primaryImageOfPage":{"@id":"https:\/\/www.africa-press.net\/burkina-faso\/politique\/region-de-lest-les-autorites-ne-nous-ont-pas-demande-de-surseoir-a-notre-manifestation-selon-emmanuel-ouoba-coordonnateur-de-u-gulmu-fi#primaryimage"},"image":{"@id":"https:\/\/www.africa-press.net\/burkina-faso\/politique\/region-de-lest-les-autorites-ne-nous-ont-pas-demande-de-surseoir-a-notre-manifestation-selon-emmanuel-ouoba-coordonnateur-de-u-gulmu-fi#primaryimage"},"thumbnailUrl":"https:\/\/static.africa-press.net\/burkina\/sites\/42\/2021\/05\/img-60927d92e89f5.jpg","datePublished":"2021-05-05T12:52:33+00:00","dateModified":"2021-05-05T16:42:08+00:00","author":{"@id":"https:\/\/www.africa-press.net\/burkina-faso\/#\/schema\/person\/2b1cf3cd81a31e3cd26889ca66d677f1"},"breadcrumb":{"@id":"https:\/\/www.africa-press.net\/burkina-faso\/politique\/region-de-lest-les-autorites-ne-nous-ont-pas-demande-de-surseoir-a-notre-manifestation-selon-emmanuel-ouoba-coordonnateur-de-u-gulmu-fi#breadcrumb"},"inLanguage":"fr-FR","potentialAction":[{"@type":"ReadAction","target":["https:\/\/www.africa-press.net\/burkina-faso\/politique\/region-de-lest-les-autorites-ne-nous-ont-pas-demande-de-surseoir-a-notre-manifestation-selon-emmanuel-ouoba-coordonnateur-de-u-gulmu-fi"]}]},{"@type":"ImageObject","inLanguage":"fr-FR","@id":"https:\/\/www.africa-press.net\/burkina-faso\/politique\/region-de-lest-les-autorites-ne-nous-ont-pas-demande-de-surseoir-a-notre-manifestation-selon-emmanuel-ouoba-coordonnateur-de-u-gulmu-fi#primaryimage","url":"https:\/\/static.africa-press.net\/burkina\/sites\/42\/2021\/05\/img-60927d92e89f5.jpg","contentUrl":"https:\/\/static.africa-press.net\/burkina\/sites\/42\/2021\/05\/img-60927d92e89f5.jpg","width":720,"height":658,"caption":"R\u00e9gion de l\u2019Est : \u00ab Les autorit\u00e9s ne nous ont pas demand\u00e9 de surseoir \u00e0 notre manifestation \u00bb, selon Emmanuel Ouoba, coordonnateur de \u00ab U Gulmu Fi \u00bb"},{"@type":"BreadcrumbList","@id":"https:\/\/www.africa-press.net\/burkina-faso\/politique\/region-de-lest-les-autorites-ne-nous-ont-pas-demande-de-surseoir-a-notre-manifestation-selon-emmanuel-ouoba-coordonnateur-de-u-gulmu-fi#breadcrumb","itemListElement":[{"@type":"ListItem","position":1,"name":"Accueil","item":"https:\/\/www.africa-press.net\/burkina-faso\/"},{"@type":"ListItem","position":2,"name":"R\u00e9gion de l\u2019Est : \u00ab Les autorit\u00e9s ne nous ont pas demand\u00e9 de surseoir \u00e0 notre manifestation \u00bb, selon Emmanuel Ouoba, coordonnateur de \u00ab U Gulmu Fi \u00bb"}]},{"@type":"WebSite","@id":"https:\/\/www.africa-press.net\/burkina-faso\/#website","url":"https:\/\/www.africa-press.net\/burkina-faso\/","name":"Burkina Faso","description":"Just another Africa News Agency Sites site","potentialAction":[{"@type":"SearchAction","target":{"@type":"EntryPoint","urlTemplate":"https:\/\/www.africa-press.net\/burkina-faso\/?s={search_term_string}"},"query-input":{"@type":"PropertyValueSpecification","valueRequired":true,"valueName":"search_term_string"}}],"inLanguage":"fr-FR"},{"@type":"Person","@id":"https:\/\/www.africa-press.net\/burkina-faso\/#\/schema\/person\/2b1cf3cd81a31e3cd26889ca66d677f1","name":"cfeditorfr"}]}},"_links":{"self":[{"href":"https:\/\/www.africa-press.net\/burkina-faso\/wp-json\/wp\/v2\/posts\/11177","targetHints":{"allow":["GET"]}}],"collection":[{"href":"https:\/\/www.africa-press.net\/burkina-faso\/wp-json\/wp\/v2\/posts"}],"about":[{"href":"https:\/\/www.africa-press.net\/burkina-faso\/wp-json\/wp\/v2\/types\/post"}],"author":[{"embeddable":true,"href":"https:\/\/www.africa-press.net\/burkina-faso\/wp-json\/wp\/v2\/users\/82"}],"replies":[{"embeddable":true,"href":"https:\/\/www.africa-press.net\/burkina-faso\/wp-json\/wp\/v2\/comments?post=11177"}],"version-history":[{"count":0,"href":"https:\/\/www.africa-press.net\/burkina-faso\/wp-json\/wp\/v2\/posts\/11177\/revisions"}],"wp:featuredmedia":[{"embeddable":true,"href":"https:\/\/www.africa-press.net\/burkina-faso\/wp-json\/wp\/v2\/media\/11176"}],"wp:attachment":[{"href":"https:\/\/www.africa-press.net\/burkina-faso\/wp-json\/wp\/v2\/media?parent=11177"}],"wp:term":[{"taxonomy":"category","embeddable":true,"href":"https:\/\/www.africa-press.net\/burkina-faso\/wp-json\/wp\/v2\/categories?post=11177"},{"taxonomy":"post_tag","embeddable":true,"href":"https:\/\/www.africa-press.net\/burkina-faso\/wp-json\/wp\/v2\/tags?post=11177"}],"curies":[{"name":"wp","href":"https:\/\/api.w.org\/{rel}","templated":true}]}}