{"id":11182,"date":"2021-05-05T13:09:14","date_gmt":"2021-05-05T13:09:14","guid":{"rendered":"https:\/\/www.africa-press.net\/burkina-faso\/?p=11182"},"modified":"2021-05-05T16:42:57","modified_gmt":"2021-05-05T16:42:57","slug":"longue-lettre-au-fondateur-de-jeune-afrique-le-president-ado-au-coeur-de-tes-echanges-actuels-avec-siradou-diallo","status":"publish","type":"post","link":"https:\/\/www.africa-press.net\/burkina-faso\/dossiers\/longue-lettre-au-fondateur-de-jeune-afrique-le-president-ado-au-coeur-de-tes-echanges-actuels-avec-siradou-diallo","title":{"rendered":"Longue lettre au Fondateur de Jeune Afrique\u00a0: Le pr\u00e9sident ADO au c\u0153ur de tes \u00e9changes actuels avec Siradou Diallo\u00a0!"},"content":{"rendered":"<p><span style=\"color: #ff6600\"><strong><a href=\"https:\/\/www.africa-press.net\/\">Africa-Press<\/a> &#8211; <a href=\"https:\/\/www.africa-press.net\/burkina-faso\">Burkina Faso<\/a>. <\/strong><\/span>Cher confr\u00e8re franco-tunisien, B\u00e9chir Ben Yahmed, tu t\u2019en es ainsi all\u00e9 sans avoir cri\u00e9 gare. A 93 ans, le capitaine du bateau battant pavillon JeuneAfrique dont tu es le fondateur, a d\u00e9cid\u00e9 de hisser les voiles vers la bord\u00e9e de la derni\u00e8re escale. Nous laissant ainsi orphelin de toi.<\/p>\n<p>Pour te rendre hommage, que de souvenirs qui trottent dans mon esprit m\u00eame si nous n\u2019avons jamais eu l\u2019occasion de nous rencontrer. Sais-tu que tu as contribu\u00e9 \u00e0 renforcer mon go\u00fbt pour la lecture en g\u00e9n\u00e9ral et \u00e0 polir ma passion d\u2019\u00e9crire, notamment dans les journaux ?<\/p>\n<p>D\u00e9j\u00e0, \u00e0 l\u2019\u00e2ge de 16 ans, \u00e0 Abidjan, je lisais ton journal panafricain avec tes articles. Grand lecteur devant l\u2019Eternel de ton journal, mon grand fr\u00e8re ne manquait jamais l\u2019occasion de l\u2019acheter dans les super march\u00e9s abidjanais et c\u2019est l\u00e0, qu\u2019a d\u00e9but\u00e9 mon \u00ab aventure \u00bb avec ton hebdomadaire que je prenais au salon du fr\u00e8re. Demeur\u00e9 constant, m\u00eame quand je suis arriv\u00e9 \u00e0 l\u2019universit\u00e9 de Ouagadougou, j\u2019ai continu\u00e9 \u00e0 lire r\u00e9guli\u00e8rement ton c\u00e9l\u00e8bre journal international en l\u2019achetant gr\u00e2ce \u00e0 ma bourse d\u2019\u00e9tudiant. C\u2019\u00e9tait un privil\u00e8ge \u00e0 l\u2019\u00e9poque !<\/p>\n<p>Aujourd\u2019hui, avec ton d\u00e9c\u00e8s, j\u2019ose esp\u00e9rer que la jeunesse saura tirer des le\u00e7ons de ton parcours chevaleresque pour relever les d\u00e9fis de son \u00e9poque. Je l\u2019invite d\u2019ailleurs \u00e0 aller \u00e0 l\u2019information au cas o\u00f9 elle ignorerait ledit parcours. En quittant le poste de ministre et le pr\u00e9sident tunisien Bourguiba pour te consacrer au journalisme dans les ann\u00e9es 61, tu montres ainsi \u00e0 la jeunesse africaine qu\u2019il n\u2019y a pas que la politique qui rel\u00e8ve du domaine de l\u2019action et qu\u2019on peut \u00eatre un homme d\u2019action autrement. Et aussi qu\u2019il faut embrasser son m\u00e9tier par amour, par passion. Laquelle passion a \u00e9t\u00e9 le ferment de la r\u00e9ussite de ton entreprise. Mais pour r\u00e9ussir, tu as d\u00fb conna\u00eetre des vertes et des pas m\u00fbres. En effet, \u00e0 partir de 1990, avec la d\u00e9valuation du franc CFA, tu as failli fermer ton entreprise : ton journal perdait 1,5 million de francs fran\u00e7ais par mois ; tu n\u2019arrivais plus \u00e0 payer ton loyer et les salaires ; ton personnel de 130 agents a \u00e9t\u00e9 ramen\u00e9 \u00e0 30 agents ; tu as d\u00fb hypoth\u00e9quer ta maison ; ta femme Danielle s\u2019arrachait les cheveux. Gloire \u00e0 Dieu, pour te soutenir, certains de tes employ\u00e9s ont renonc\u00e9 \u00e0 une partie de leur salaire et des amis t\u2019ont apport\u00e9 leur appui en ne percevant aucun dividende de leurs parts \u00e0 JeuneAfrique. Sais-tu ch\u00e8re mort, que je connais tout cela sur toi ? C\u2019est la preuve que je ne te quittais pas d\u2019une semelle, nonobstant les milliers de kilom\u00e8tres qui nous s\u00e9paraient de Ouaga \u00e0 Paris. Ces faits historiques que je viens de rappeler, t\u00e9moignent \u00e0 souhait ta capacit\u00e9 de r\u00e9silience hors pair qui t\u2019a permis de redonner le souffle au journal pour rester en vie et je prie le Bon Dieu pour que tu serves de rep\u00e8re \u00e0 la jeunesse. Puisse ta r\u00e9silience faire tache d\u2019huile aupr\u00e8s des jeunes entrepreneurs face aux difficult\u00e9s qu\u2019ils rencontreront ! Cascade d\u2019interdictions du journal<\/p>\n<p>Une autre temp\u00eate \u00e0 laquelle ton journal a surv\u00e9cu, c\u2019est la cascade des interdictions. Et l\u00e0 encore, il t\u2019a fallu plus que de la r\u00e9silience pour rester debout. En Guin\u00e9e, le pr\u00e9sident S\u00e9kou Tour\u00e9 interdit ton journal de 1963 jusqu\u2019\u00e0 sa mort en 1983. Ce, apr\u00e8s t\u2019avoir engueul\u00e9 dans sa chambre d\u2019h\u00f4tel \u00e0 Addis Abeba en marge de la r\u00e9union constitutive de l\u2019OUA. Au Maroc, le roi interdira aussi le journal \u00e0 partir de 1972 et ce, pour plus de 3 ans. De 1976 \u00e0 1992, soit 16 ans durant, ton journal sera interdit aussi en Alg\u00e9rie o\u00f9 30 000 exemplaires \u00e9taient vendus chaque semaine. Puis, ce fut au tour de la Tunisie (sous l\u2019\u00e8re de ton ex-ami Bourguiba) et de la C\u00f4te d\u2019Ivoire dans les ann\u00e9es 80, d\u2019interdire ton journal dans ces pays. Et c\u2019est ainsi qu\u2019appara\u00eet l\u2019actuel pr\u00e9sident ivoirien, Alassane Dramane Ouattara (ADO), en d\u00e9fenseur de la libert\u00e9 de presse, pour te sortir du ruisseau. Je suis s\u00fbr que depuis ta tombe, tu te rappelles de cet \u00e9pisode et remercies toujours le pr\u00e9sident ADO pour t\u2019avoir enlev\u00e9 une grosse \u00e9pine des pieds: c\u2019est bien lui ADO qui a convaincu le pr\u00e9sident Houphou\u00ebt Boigny de tes bonnes intentions pour qu\u2019il l\u00e8ve l\u2019interdiction du journal sur les bords de la Lagune Ebri\u00e9. Tu as bien reconnu de ton vivant que cette interdiction pesait beaucoup sur le journal car Abidjan constituait \u00e0 lui seul un grand march\u00e9 pour ton organe. Aujourd\u2019hui que tu as rejoint dans l\u2019outre-tombe le journaliste guin\u00e9en Siradou Diallo avec qui tu avais rencontr\u00e9 ADO \u00e0 l\u2019\u00e9poque \u00e0 Paris, j\u2019imagine que cette anecdote alimentera vos \u00e9changes quotidiens dans l\u2019au-del\u00e0. Je suis certain que le pr\u00e9sident ADO s\u2019est souvenu de cet \u00e9pisode \u00e0 l\u2019annonce de ton d\u00e9c\u00e8s. En somme, ces diff\u00e9rentes interdictions montrent bien que ton journal d\u00e9rangeait souvent certains r\u00e9gimes dont tu \u00e9tais devenu le poil \u00e0 gratter. C\u2019est certainement cet agacement qui a amen\u00e9 l\u2019ex-pr\u00e9sident congolais Mobutu \u00e0 r\u00e9pondre \u00e0 un journaliste que \u00ab JeuneAfrique n\u2019est pas la Bible \u00bb pour contrer l\u2019aura de ton journal.<\/p>\n<p>Maintenant que dois-je dire \u00e0 l\u2019heure o\u00f9 tu t\u2019en vas apr\u00e8s nous avoir abreuv\u00e9s de ta belle plume et fait d\u00e9couvrir de merveilleux talents incontest\u00e9s en mati\u00e8re de plume : Elimane Fall, les d\u00e9funts Siradou Diallo et Senen Andriamirado (l\u2019ami de Sankara), l\u2019atypique Fran\u00e7ois Soudan, Marwane Ben Yahmed, Fawzia Zouari, etc. ? Sinon que merci, car chaque jour qui passe, les \u00e9crits de tous ces talents cit\u00e9s demeurent pr\u00e8s de notre oreiller. A toi qui enseignais \u00e0 la jeunesse que \u00ab pour r\u00e9ussir le travail du journal, il faut travailler douze voire quinze heures durant par jour et ne rien faire d\u2019autre \u00bb, je t\u2019informe que tu as v\u00e9cu utile avec une rel\u00e8ve quasi assur\u00e9e avec Marwane et Fran\u00e7ois Soudan dont les fantastiques plumes montrent qu\u2019ils ont \u00e9t\u00e9 \u00e0 bonne \u00e9cole \u00e0 tes c\u00f4t\u00e9s. Sois assur\u00e9 d\u2019une chose : ce sont eux l\u2019ambroisie grecque qui procurera ton immortalit\u00e9. Repose en paix cher doyen de la presse dont on attend impatiemment la publication des m\u00e9moires promise par le journal JeuneAfrique ! Cbs L\u2019iconoclaste L\u2019\u00e9crivain chroniqueur<\/p>\n","protected":false},"excerpt":{"rendered":"<p>Africa-Press &#8211; Burkina Faso. Cher confr\u00e8re franco-tunisien, B\u00e9chir Ben Yahmed, tu t\u2019en es ainsi all\u00e9 sans avoir cri\u00e9 gare. A 93 ans, le capitaine du bateau battant pavillon JeuneAfrique dont tu es le fondateur, a d\u00e9cid\u00e9 de hisser les voiles vers la bord\u00e9e de la derni\u00e8re escale. Nous laissant ainsi orphelin de toi. Pour te [&hellip;]<\/p>\n","protected":false},"author":82,"featured_media":11181,"comment_status":"open","ping_status":"closed","sticky":false,"template":"","format":"standard","meta":{"footnotes":""},"categories":[7,11,10],"tags":[111,725,29],"class_list":["post-11182","post","type-post","status-publish","format-standard","has-post-thumbnail","hentry","category-dossiers","category-homepage-french","category-toutes-les-actualites","tag-africa-press","tag-africa-press-burkina-faso","tag-burkina-faso"],"yoast_head":"<!-- This site is optimized with the Yoast SEO Premium plugin v26.1 (Yoast SEO v27.0) - https:\/\/yoast.com\/product\/yoast-seo-premium-wordpress\/ -->\n<title>Longue lettre au Fondateur de Jeune Afrique\u00a0: Le pr\u00e9sident ADO au c\u0153ur de tes \u00e9changes actuels avec Siradou Diallo\u00a0! - Burkina Faso<\/title>\n<meta name=\"description\" content=\"Cher confr\u00e8re franco-tunisien, B\u00e9chir Ben Yahmed, tu t\u2019en es ainsi all\u00e9 sans avoir cri\u00e9 gare. A 93 ans, le capitaine du ...\" \/>\n<meta name=\"robots\" content=\"index, follow, max-snippet:-1, max-image-preview:large, max-video-preview:-1\" \/>\n<link rel=\"canonical\" href=\"https:\/\/www.africa-press.net\/burkina-faso\/dossiers\/longue-lettre-au-fondateur-de-jeune-afrique-le-president-ado-au-coeur-de-tes-echanges-actuels-avec-siradou-diallo\" \/>\n<meta property=\"og:locale\" content=\"fr_FR\" \/>\n<meta property=\"og:type\" content=\"article\" \/>\n<meta property=\"og:title\" content=\"Longue lettre au Fondateur de Jeune Afrique\u00a0: Le pr\u00e9sident ADO au c\u0153ur de tes \u00e9changes actuels avec Siradou Diallo\u00a0!\" \/>\n<meta property=\"og:description\" content=\"Cher confr\u00e8re franco-tunisien, B\u00e9chir Ben Yahmed, tu t\u2019en es ainsi all\u00e9 sans avoir cri\u00e9 gare. A 93 ans, le capitaine du ...\" \/>\n<meta property=\"og:url\" content=\"https:\/\/www.africa-press.net\/burkina-faso\/dossiers\/longue-lettre-au-fondateur-de-jeune-afrique-le-president-ado-au-coeur-de-tes-echanges-actuels-avec-siradou-diallo\" \/>\n<meta property=\"og:site_name\" content=\"Burkina Faso\" \/>\n<meta property=\"article:published_time\" content=\"2021-05-05T13:09:14+00:00\" \/>\n<meta property=\"article:modified_time\" content=\"2021-05-05T16:42:57+00:00\" \/>\n<meta property=\"og:image\" content=\"https:\/\/static.africa-press.net\/burkina\/sites\/42\/2021\/05\/img-60927e6b76a46.jpg\" \/>\n\t<meta property=\"og:image:width\" content=\"720\" \/>\n\t<meta property=\"og:image:height\" content=\"360\" \/>\n\t<meta property=\"og:image:type\" content=\"image\/jpeg\" \/>\n<meta name=\"author\" content=\"cfeditorfr\" \/>\n<meta name=\"twitter:card\" content=\"summary_large_image\" \/>\n<meta name=\"twitter:label1\" content=\"\u00c9crit par\" \/>\n\t<meta name=\"twitter:data1\" content=\"cfeditorfr\" \/>\n\t<meta name=\"twitter:label2\" content=\"Dur\u00e9e de lecture estim\u00e9e\" \/>\n\t<meta name=\"twitter:data2\" content=\"6 minutes\" \/>\n<script type=\"application\/ld+json\" class=\"yoast-schema-graph\">{\"@context\":\"https:\/\/schema.org\",\"@graph\":[{\"@type\":\"Article\",\"@id\":\"https:\/\/www.africa-press.net\/burkina-faso\/dossiers\/longue-lettre-au-fondateur-de-jeune-afrique-le-president-ado-au-coeur-de-tes-echanges-actuels-avec-siradou-diallo#article\",\"isPartOf\":{\"@id\":\"https:\/\/www.africa-press.net\/burkina-faso\/dossiers\/longue-lettre-au-fondateur-de-jeune-afrique-le-president-ado-au-coeur-de-tes-echanges-actuels-avec-siradou-diallo\"},\"author\":{\"name\":\"cfeditorfr\",\"@id\":\"https:\/\/www.africa-press.net\/burkina-faso\/#\/schema\/person\/2b1cf3cd81a31e3cd26889ca66d677f1\"},\"headline\":\"Longue lettre au Fondateur de Jeune Afrique\u00a0: Le pr\u00e9sident ADO au c\u0153ur de tes \u00e9changes actuels avec Siradou Diallo\u00a0!\",\"datePublished\":\"2021-05-05T13:09:14+00:00\",\"dateModified\":\"2021-05-05T16:42:57+00:00\",\"mainEntityOfPage\":{\"@id\":\"https:\/\/www.africa-press.net\/burkina-faso\/dossiers\/longue-lettre-au-fondateur-de-jeune-afrique-le-president-ado-au-coeur-de-tes-echanges-actuels-avec-siradou-diallo\"},\"wordCount\":1140,\"commentCount\":0,\"image\":{\"@id\":\"https:\/\/www.africa-press.net\/burkina-faso\/dossiers\/longue-lettre-au-fondateur-de-jeune-afrique-le-president-ado-au-coeur-de-tes-echanges-actuels-avec-siradou-diallo#primaryimage\"},\"thumbnailUrl\":\"https:\/\/static.africa-press.net\/burkina\/sites\/42\/2021\/05\/img-60927e6b76a46.jpg\",\"keywords\":[\"Africa Press\",\"Africa Press-Burkina Faso\",\"Burkina Faso\"],\"articleSection\":[\"Dossiers\",\"homepage-french\",\"Toutes les actualit\u00e9s\"],\"inLanguage\":\"fr-FR\",\"potentialAction\":[{\"@type\":\"CommentAction\",\"name\":\"Comment\",\"target\":[\"https:\/\/www.africa-press.net\/burkina-faso\/dossiers\/longue-lettre-au-fondateur-de-jeune-afrique-le-president-ado-au-coeur-de-tes-echanges-actuels-avec-siradou-diallo#respond\"]}]},{\"@type\":\"WebPage\",\"@id\":\"https:\/\/www.africa-press.net\/burkina-faso\/dossiers\/longue-lettre-au-fondateur-de-jeune-afrique-le-president-ado-au-coeur-de-tes-echanges-actuels-avec-siradou-diallo\",\"url\":\"https:\/\/www.africa-press.net\/burkina-faso\/dossiers\/longue-lettre-au-fondateur-de-jeune-afrique-le-president-ado-au-coeur-de-tes-echanges-actuels-avec-siradou-diallo\",\"name\":\"Longue lettre au Fondateur de Jeune Afrique\u00a0: Le pr\u00e9sident ADO au c\u0153ur de tes \u00e9changes actuels avec Siradou Diallo\u00a0! - Burkina Faso\",\"isPartOf\":{\"@id\":\"https:\/\/www.africa-press.net\/burkina-faso\/#website\"},\"primaryImageOfPage\":{\"@id\":\"https:\/\/www.africa-press.net\/burkina-faso\/dossiers\/longue-lettre-au-fondateur-de-jeune-afrique-le-president-ado-au-coeur-de-tes-echanges-actuels-avec-siradou-diallo#primaryimage\"},\"image\":{\"@id\":\"https:\/\/www.africa-press.net\/burkina-faso\/dossiers\/longue-lettre-au-fondateur-de-jeune-afrique-le-president-ado-au-coeur-de-tes-echanges-actuels-avec-siradou-diallo#primaryimage\"},\"thumbnailUrl\":\"https:\/\/static.africa-press.net\/burkina\/sites\/42\/2021\/05\/img-60927e6b76a46.jpg\",\"datePublished\":\"2021-05-05T13:09:14+00:00\",\"dateModified\":\"2021-05-05T16:42:57+00:00\",\"author\":{\"@id\":\"https:\/\/www.africa-press.net\/burkina-faso\/#\/schema\/person\/2b1cf3cd81a31e3cd26889ca66d677f1\"},\"description\":\"Cher confr\u00e8re franco-tunisien, B\u00e9chir Ben Yahmed, tu t\u2019en es ainsi all\u00e9 sans avoir cri\u00e9 gare. A 93 ans, le capitaine du ...\",\"breadcrumb\":{\"@id\":\"https:\/\/www.africa-press.net\/burkina-faso\/dossiers\/longue-lettre-au-fondateur-de-jeune-afrique-le-president-ado-au-coeur-de-tes-echanges-actuels-avec-siradou-diallo#breadcrumb\"},\"inLanguage\":\"fr-FR\",\"potentialAction\":[{\"@type\":\"ReadAction\",\"target\":[\"https:\/\/www.africa-press.net\/burkina-faso\/dossiers\/longue-lettre-au-fondateur-de-jeune-afrique-le-president-ado-au-coeur-de-tes-echanges-actuels-avec-siradou-diallo\"]}]},{\"@type\":\"ImageObject\",\"inLanguage\":\"fr-FR\",\"@id\":\"https:\/\/www.africa-press.net\/burkina-faso\/dossiers\/longue-lettre-au-fondateur-de-jeune-afrique-le-president-ado-au-coeur-de-tes-echanges-actuels-avec-siradou-diallo#primaryimage\",\"url\":\"https:\/\/static.africa-press.net\/burkina\/sites\/42\/2021\/05\/img-60927e6b76a46.jpg\",\"contentUrl\":\"https:\/\/static.africa-press.net\/burkina\/sites\/42\/2021\/05\/img-60927e6b76a46.jpg\",\"width\":720,\"height\":360,\"caption\":\"Longue lettre au Fondateur de Jeune Afrique\u00a0: Le pr\u00e9sident ADO au c\u0153ur de tes \u00e9changes actuels avec Siradou Diallo\u00a0!\"},{\"@type\":\"BreadcrumbList\",\"@id\":\"https:\/\/www.africa-press.net\/burkina-faso\/dossiers\/longue-lettre-au-fondateur-de-jeune-afrique-le-president-ado-au-coeur-de-tes-echanges-actuels-avec-siradou-diallo#breadcrumb\",\"itemListElement\":[{\"@type\":\"ListItem\",\"position\":1,\"name\":\"Accueil\",\"item\":\"https:\/\/www.africa-press.net\/burkina-faso\/\"},{\"@type\":\"ListItem\",\"position\":2,\"name\":\"Longue lettre au Fondateur de Jeune Afrique\u00a0: Le pr\u00e9sident ADO au c\u0153ur de tes \u00e9changes actuels avec Siradou Diallo\u00a0!\"}]},{\"@type\":\"WebSite\",\"@id\":\"https:\/\/www.africa-press.net\/burkina-faso\/#website\",\"url\":\"https:\/\/www.africa-press.net\/burkina-faso\/\",\"name\":\"Burkina Faso\",\"description\":\"Just another Africa News Agency Sites site\",\"potentialAction\":[{\"@type\":\"SearchAction\",\"target\":{\"@type\":\"EntryPoint\",\"urlTemplate\":\"https:\/\/www.africa-press.net\/burkina-faso\/?s={search_term_string}\"},\"query-input\":{\"@type\":\"PropertyValueSpecification\",\"valueRequired\":true,\"valueName\":\"search_term_string\"}}],\"inLanguage\":\"fr-FR\"},{\"@type\":\"Person\",\"@id\":\"https:\/\/www.africa-press.net\/burkina-faso\/#\/schema\/person\/2b1cf3cd81a31e3cd26889ca66d677f1\",\"name\":\"cfeditorfr\"}]}<\/script>\n<!-- \/ Yoast SEO Premium plugin. -->","yoast_head_json":{"title":"Longue lettre au Fondateur de Jeune Afrique\u00a0: Le pr\u00e9sident ADO au c\u0153ur de tes \u00e9changes actuels avec Siradou Diallo\u00a0! - Burkina Faso","description":"Cher confr\u00e8re franco-tunisien, B\u00e9chir Ben Yahmed, tu t\u2019en es ainsi all\u00e9 sans avoir cri\u00e9 gare. A 93 ans, le capitaine du ...","robots":{"index":"index","follow":"follow","max-snippet":"max-snippet:-1","max-image-preview":"max-image-preview:large","max-video-preview":"max-video-preview:-1"},"canonical":"https:\/\/www.africa-press.net\/burkina-faso\/dossiers\/longue-lettre-au-fondateur-de-jeune-afrique-le-president-ado-au-coeur-de-tes-echanges-actuels-avec-siradou-diallo","og_locale":"fr_FR","og_type":"article","og_title":"Longue lettre au Fondateur de Jeune Afrique\u00a0: Le pr\u00e9sident ADO au c\u0153ur de tes \u00e9changes actuels avec Siradou Diallo\u00a0!","og_description":"Cher confr\u00e8re franco-tunisien, B\u00e9chir Ben Yahmed, tu t\u2019en es ainsi all\u00e9 sans avoir cri\u00e9 gare. A 93 ans, le capitaine du ...","og_url":"https:\/\/www.africa-press.net\/burkina-faso\/dossiers\/longue-lettre-au-fondateur-de-jeune-afrique-le-president-ado-au-coeur-de-tes-echanges-actuels-avec-siradou-diallo","og_site_name":"Burkina Faso","article_published_time":"2021-05-05T13:09:14+00:00","article_modified_time":"2021-05-05T16:42:57+00:00","og_image":[{"width":720,"height":360,"url":"https:\/\/static.africa-press.net\/burkina\/sites\/42\/2021\/05\/img-60927e6b76a46.jpg","type":"image\/jpeg"}],"author":"cfeditorfr","twitter_card":"summary_large_image","twitter_misc":{"\u00c9crit par":"cfeditorfr","Dur\u00e9e de lecture estim\u00e9e":"6 minutes"},"schema":{"@context":"https:\/\/schema.org","@graph":[{"@type":"Article","@id":"https:\/\/www.africa-press.net\/burkina-faso\/dossiers\/longue-lettre-au-fondateur-de-jeune-afrique-le-president-ado-au-coeur-de-tes-echanges-actuels-avec-siradou-diallo#article","isPartOf":{"@id":"https:\/\/www.africa-press.net\/burkina-faso\/dossiers\/longue-lettre-au-fondateur-de-jeune-afrique-le-president-ado-au-coeur-de-tes-echanges-actuels-avec-siradou-diallo"},"author":{"name":"cfeditorfr","@id":"https:\/\/www.africa-press.net\/burkina-faso\/#\/schema\/person\/2b1cf3cd81a31e3cd26889ca66d677f1"},"headline":"Longue lettre au Fondateur de Jeune Afrique\u00a0: Le pr\u00e9sident ADO au c\u0153ur de tes \u00e9changes actuels avec Siradou Diallo\u00a0!","datePublished":"2021-05-05T13:09:14+00:00","dateModified":"2021-05-05T16:42:57+00:00","mainEntityOfPage":{"@id":"https:\/\/www.africa-press.net\/burkina-faso\/dossiers\/longue-lettre-au-fondateur-de-jeune-afrique-le-president-ado-au-coeur-de-tes-echanges-actuels-avec-siradou-diallo"},"wordCount":1140,"commentCount":0,"image":{"@id":"https:\/\/www.africa-press.net\/burkina-faso\/dossiers\/longue-lettre-au-fondateur-de-jeune-afrique-le-president-ado-au-coeur-de-tes-echanges-actuels-avec-siradou-diallo#primaryimage"},"thumbnailUrl":"https:\/\/static.africa-press.net\/burkina\/sites\/42\/2021\/05\/img-60927e6b76a46.jpg","keywords":["Africa Press","Africa Press-Burkina Faso","Burkina Faso"],"articleSection":["Dossiers","homepage-french","Toutes les actualit\u00e9s"],"inLanguage":"fr-FR","potentialAction":[{"@type":"CommentAction","name":"Comment","target":["https:\/\/www.africa-press.net\/burkina-faso\/dossiers\/longue-lettre-au-fondateur-de-jeune-afrique-le-president-ado-au-coeur-de-tes-echanges-actuels-avec-siradou-diallo#respond"]}]},{"@type":"WebPage","@id":"https:\/\/www.africa-press.net\/burkina-faso\/dossiers\/longue-lettre-au-fondateur-de-jeune-afrique-le-president-ado-au-coeur-de-tes-echanges-actuels-avec-siradou-diallo","url":"https:\/\/www.africa-press.net\/burkina-faso\/dossiers\/longue-lettre-au-fondateur-de-jeune-afrique-le-president-ado-au-coeur-de-tes-echanges-actuels-avec-siradou-diallo","name":"Longue lettre au Fondateur de Jeune Afrique\u00a0: Le pr\u00e9sident ADO au c\u0153ur de tes \u00e9changes actuels avec Siradou Diallo\u00a0! - Burkina Faso","isPartOf":{"@id":"https:\/\/www.africa-press.net\/burkina-faso\/#website"},"primaryImageOfPage":{"@id":"https:\/\/www.africa-press.net\/burkina-faso\/dossiers\/longue-lettre-au-fondateur-de-jeune-afrique-le-president-ado-au-coeur-de-tes-echanges-actuels-avec-siradou-diallo#primaryimage"},"image":{"@id":"https:\/\/www.africa-press.net\/burkina-faso\/dossiers\/longue-lettre-au-fondateur-de-jeune-afrique-le-president-ado-au-coeur-de-tes-echanges-actuels-avec-siradou-diallo#primaryimage"},"thumbnailUrl":"https:\/\/static.africa-press.net\/burkina\/sites\/42\/2021\/05\/img-60927e6b76a46.jpg","datePublished":"2021-05-05T13:09:14+00:00","dateModified":"2021-05-05T16:42:57+00:00","author":{"@id":"https:\/\/www.africa-press.net\/burkina-faso\/#\/schema\/person\/2b1cf3cd81a31e3cd26889ca66d677f1"},"description":"Cher confr\u00e8re franco-tunisien, B\u00e9chir Ben Yahmed, tu t\u2019en es ainsi all\u00e9 sans avoir cri\u00e9 gare. A 93 ans, le capitaine du ...","breadcrumb":{"@id":"https:\/\/www.africa-press.net\/burkina-faso\/dossiers\/longue-lettre-au-fondateur-de-jeune-afrique-le-president-ado-au-coeur-de-tes-echanges-actuels-avec-siradou-diallo#breadcrumb"},"inLanguage":"fr-FR","potentialAction":[{"@type":"ReadAction","target":["https:\/\/www.africa-press.net\/burkina-faso\/dossiers\/longue-lettre-au-fondateur-de-jeune-afrique-le-president-ado-au-coeur-de-tes-echanges-actuels-avec-siradou-diallo"]}]},{"@type":"ImageObject","inLanguage":"fr-FR","@id":"https:\/\/www.africa-press.net\/burkina-faso\/dossiers\/longue-lettre-au-fondateur-de-jeune-afrique-le-president-ado-au-coeur-de-tes-echanges-actuels-avec-siradou-diallo#primaryimage","url":"https:\/\/static.africa-press.net\/burkina\/sites\/42\/2021\/05\/img-60927e6b76a46.jpg","contentUrl":"https:\/\/static.africa-press.net\/burkina\/sites\/42\/2021\/05\/img-60927e6b76a46.jpg","width":720,"height":360,"caption":"Longue lettre au Fondateur de Jeune Afrique\u00a0: Le pr\u00e9sident ADO au c\u0153ur de tes \u00e9changes actuels avec Siradou Diallo\u00a0!"},{"@type":"BreadcrumbList","@id":"https:\/\/www.africa-press.net\/burkina-faso\/dossiers\/longue-lettre-au-fondateur-de-jeune-afrique-le-president-ado-au-coeur-de-tes-echanges-actuels-avec-siradou-diallo#breadcrumb","itemListElement":[{"@type":"ListItem","position":1,"name":"Accueil","item":"https:\/\/www.africa-press.net\/burkina-faso\/"},{"@type":"ListItem","position":2,"name":"Longue lettre au Fondateur de Jeune Afrique\u00a0: Le pr\u00e9sident ADO au c\u0153ur de tes \u00e9changes actuels avec Siradou Diallo\u00a0!"}]},{"@type":"WebSite","@id":"https:\/\/www.africa-press.net\/burkina-faso\/#website","url":"https:\/\/www.africa-press.net\/burkina-faso\/","name":"Burkina Faso","description":"Just another Africa News Agency Sites site","potentialAction":[{"@type":"SearchAction","target":{"@type":"EntryPoint","urlTemplate":"https:\/\/www.africa-press.net\/burkina-faso\/?s={search_term_string}"},"query-input":{"@type":"PropertyValueSpecification","valueRequired":true,"valueName":"search_term_string"}}],"inLanguage":"fr-FR"},{"@type":"Person","@id":"https:\/\/www.africa-press.net\/burkina-faso\/#\/schema\/person\/2b1cf3cd81a31e3cd26889ca66d677f1","name":"cfeditorfr"}]}},"_links":{"self":[{"href":"https:\/\/www.africa-press.net\/burkina-faso\/wp-json\/wp\/v2\/posts\/11182","targetHints":{"allow":["GET"]}}],"collection":[{"href":"https:\/\/www.africa-press.net\/burkina-faso\/wp-json\/wp\/v2\/posts"}],"about":[{"href":"https:\/\/www.africa-press.net\/burkina-faso\/wp-json\/wp\/v2\/types\/post"}],"author":[{"embeddable":true,"href":"https:\/\/www.africa-press.net\/burkina-faso\/wp-json\/wp\/v2\/users\/82"}],"replies":[{"embeddable":true,"href":"https:\/\/www.africa-press.net\/burkina-faso\/wp-json\/wp\/v2\/comments?post=11182"}],"version-history":[{"count":0,"href":"https:\/\/www.africa-press.net\/burkina-faso\/wp-json\/wp\/v2\/posts\/11182\/revisions"}],"wp:featuredmedia":[{"embeddable":true,"href":"https:\/\/www.africa-press.net\/burkina-faso\/wp-json\/wp\/v2\/media\/11181"}],"wp:attachment":[{"href":"https:\/\/www.africa-press.net\/burkina-faso\/wp-json\/wp\/v2\/media?parent=11182"}],"wp:term":[{"taxonomy":"category","embeddable":true,"href":"https:\/\/www.africa-press.net\/burkina-faso\/wp-json\/wp\/v2\/categories?post=11182"},{"taxonomy":"post_tag","embeddable":true,"href":"https:\/\/www.africa-press.net\/burkina-faso\/wp-json\/wp\/v2\/tags?post=11182"}],"curies":[{"name":"wp","href":"https:\/\/api.w.org\/{rel}","templated":true}]}}